{"id":176076,"date":"2017-09-10T09:00:35","date_gmt":"2017-09-10T12:00:35","guid":{"rendered":"http:\/\/quersaberpolitica.com.br\/2016\/?p=176076"},"modified":"2017-09-09T20:18:27","modified_gmt":"2017-09-09T23:18:27","slug":"eleicoes-2018-comecou-a-pancadaria","status":"publish","type":"post","link":"https:\/\/blogdofarnesio.com.br\/2017\/09\/eleicoes-2018-comecou-a-pancadaria\/","title":{"rendered":"ELEI\u00c7\u00d5ES 2018: COME\u00c7OU A &#8220;PANCADARIA&#8221;"},"content":{"rendered":"<h2 class=\"blog-post-title\">Fernando Bezerra j\u00e1 come\u00e7a a bater no governador<\/h2>\n<p>&nbsp;<\/p>\n<p><strong>Do Diario de Pernamabuco \u2013 S\u00e1vio Gabriel<\/strong><\/p>\n<p>Depois da pol\u00eamica gerada devido \u00e0 filia\u00e7\u00e3o ao PMDB, o senador Fernando Bezerra Coelho afirmou que seu filho, o atual ministro de Minas e Energia, Fernando Filho, que ainda est\u00e1 no PSB, \u00e9 um potencial candidato para a disputa ao governo do estado em 2018. Em entrevista \u00e0 R\u00e1dio Jornal, nesta sexta-feira, Bezerra Coelho destacou que Fernando Filho \u00e9 um quadro \u201cpromissor\u201d e o trabalho \u00e0 frente da pasta o credencia para liderar a chapa majorit\u00e1ria do pr\u00f3ximo ano. O ex-socialista ainda disparou cr\u00edticas a seu antigo partido, afirmando que, desde o in\u00edcio da gest\u00e3o do governador Paulo C\u00e2mara (PSB), n\u00e3o houve di\u00e1logo com o seu grupo pol\u00edtico e antecipou parte do discurso que ser\u00e1 utilizado pela oposi\u00e7\u00e3o no estado.<\/p>\n<p>\u201cEle \u00e9 um quadro promissor pelo trabalho que vem desenvolvendo \u00e0 frente do minist\u00e9rio, tendo o reconhecimento dos setores da \u00e1rea de energia, petr\u00f3leo, g\u00e1s, minera\u00e7\u00e3o, e pelo trabalho de reestrutura\u00e7\u00e3o de um setor que \u00e9 importante para o desenvolvimento nacional\u201d, disse o senador, destacando, no entanto, que o candidato ao governo ainda ser\u00e1 escolhido.<\/p>\n<p>A fala do senador n\u00e3o foi bem recebida dentro do PSB. O deputado federal Danilo Cabral, por exemplo, defendeu a sa\u00edda imediata de Fernando Filho dos quadros socialistas. \u201cQue ele deixe de imediato o partido ou que o PSB o expulse. N\u00e3o podemos esperar a janela partid\u00e1ria com um traidor dentro do partido\u201d, disparou o parlamentar, refor\u00e7ando que o grupo pol\u00edtico de Bezerra Coelho representa o governo do presidente Michel Temer (PMDB).<\/p>\n<p>O presidente nacional da sigla, Carlos Siqueira, afirmou que o caso do ministro j\u00e1 est\u00e1 em an\u00e1lise na comiss\u00e3o de \u00e9tica \u2013 Fernando Filho responde a processo por ter votado a favor da reforma trabalhista na C\u00e2mara dos deputados. \u201cQuando a comiss\u00e3o concluir a instru\u00e7\u00e3o do processo, vai apresentar o relat\u00f3rio ao diret\u00f3rio nacional. N\u00e3o posso falar sobre algo que n\u00e3o est\u00e1 nas minhas m\u00e3os\u201d, ponderou.<\/p>\n<p>Ainda durante a entrevista, Bezerra Coelho lembrou que, assim como ele, outras lideran\u00e7as socialistas, entre elas Paulo C\u00e2mara e o prefeito do Recife, Geraldo Julio, s\u00e3o alvo de investiga\u00e7\u00e3o no \u00e2mbito do Supremo Tribunal Federal (STF). O peemedebista afirmou que tem convicc\u00e7\u00e3o de que os processos ser\u00e3o arquivados ao fim das investiga\u00e7\u00f5es. \u201cN\u00f3s temos tranquilidade em rela\u00e7\u00e3o aos atos do governador. N\u00e3o sei se ele tem tranquilidade em rela\u00e7\u00e3o aos atos dele\u201d, rebateu Danilo.<\/p>\n<p>Bezerra Coelho deixou claro que o palanque da oposi\u00e7\u00e3o em Pernambuco, cuja articula\u00e7\u00e3o passa ainda por DEM, PSDB e PDT, ser\u00e1 formada por aqueles \u201cque tiveram a coragem de fazer as mudan\u00e7as que o Brasil estava reclamando\u201d. Ele minimizou a impopularidade de Michel Temer e disse que a frente pol\u00edtica que est\u00e1 em constru\u00e7\u00e3o vai \u201capresentar a melhor proposta e os melhores quadros para oferecer uma melhor perspectiva para toda gente pernambucana\u201d.<\/p>\n","protected":false},"excerpt":{"rendered":"<p>Fernando Bezerra j\u00e1 come\u00e7a a bater no governador &nbsp; Do Diario de Pernamabuco \u2013 S\u00e1vio Gabriel Depois da pol\u00eamica gerada devido \u00e0 filia\u00e7\u00e3o ao PMDB, o senador Fernando Bezerra Coelho afirmou que seu filho, o atual ministro de Minas e Energia, Fernando Filho, que ainda est\u00e1 no PSB, \u00e9 um potencial candidato para a disputa ao governo do estado em 2018. Em entrevista \u00e0 R\u00e1dio Jornal, nesta sexta-feira, Bezerra Coelho destacou que Fernando Filho \u00e9 um quadro \u201cpromissor\u201d e o trabalho \u00e0 frente da pasta o credencia para liderar a chapa majorit\u00e1ria do pr\u00f3ximo ano. O ex-socialista ainda disparou cr\u00edticas a seu antigo partido, afirmando que, desde o in\u00edcio da gest\u00e3o do governador Paulo C\u00e2mara (PSB), n\u00e3o houve di\u00e1logo com&hellip; <\/p>\n","protected":false},"author":1,"featured_media":165565,"comment_status":"open","ping_status":"open","sticky":false,"template":"","format":"standard","meta":{"_acf_changed":false,"footnotes":""},"categories":[34],"tags":[],"class_list":["post-176076","post","type-post","status-publish","format-standard","has-post-thumbnail","hentry","category-eleicoes"],"acf":[],"yoast_head":"<!-- This site is optimized with the Yoast SEO plugin v27.5 - https:\/\/yoast.com\/product\/yoast-seo-wordpress\/ -->\n<title>ELEI\u00c7\u00d5ES 2018: COME\u00c7OU A &quot;PANCADARIA&quot; - Blog do Farn\u00e9sio<\/title>\n<meta name=\"robots\" content=\"index, follow, max-snippet:-1, max-image-preview:large, max-video-preview:-1\" \/>\n<link rel=\"canonical\" href=\"https:\/\/blogdofarnesio.com.br\/2017\/09\/eleicoes-2018-comecou-a-pancadaria\/\" \/>\n<meta property=\"og:locale\" content=\"pt_BR\" \/>\n<meta property=\"og:type\" content=\"article\" \/>\n<meta property=\"og:title\" content=\"ELEI\u00c7\u00d5ES 2018: COME\u00c7OU A &quot;PANCADARIA&quot; - Blog do Farn\u00e9sio\" \/>\n<meta property=\"og:description\" content=\"Fernando Bezerra j\u00e1 come\u00e7a a bater no governador &nbsp; Do Diario de Pernamabuco \u2013 S\u00e1vio Gabriel Depois da pol\u00eamica gerada devido \u00e0 filia\u00e7\u00e3o ao PMDB, o senador Fernando Bezerra Coelho afirmou que seu filho, o atual ministro de Minas e Energia, Fernando Filho, que ainda est\u00e1 no PSB, \u00e9 um potencial candidato para a disputa ao governo do estado em 2018. Em entrevista \u00e0 R\u00e1dio Jornal, nesta sexta-feira, Bezerra Coelho destacou que Fernando Filho \u00e9 um quadro \u201cpromissor\u201d e o trabalho \u00e0 frente da pasta o credencia para liderar a chapa majorit\u00e1ria do pr\u00f3ximo ano. O ex-socialista ainda disparou cr\u00edticas a seu antigo partido, afirmando que, desde o in\u00edcio da gest\u00e3o do governador Paulo C\u00e2mara (PSB), n\u00e3o houve di\u00e1logo com&hellip;\" \/>\n<meta property=\"og:url\" content=\"https:\/\/blogdofarnesio.com.br\/2017\/09\/eleicoes-2018-comecou-a-pancadaria\/\" \/>\n<meta property=\"og:site_name\" content=\"Blog do Farn\u00e9sio\" \/>\n<meta property=\"article:publisher\" content=\"https:\/\/www.facebook.com\/BlogQuerSaberPolitica\/\" \/>\n<meta property=\"article:published_time\" content=\"2017-09-10T12:00:35+00:00\" \/>\n<meta property=\"og:image\" content=\"https:\/\/blogdofarnesio.com.br\/wp-content\/uploads\/2017\/05\/blogqspfbcpailocamara.jpg\" \/>\n\t<meta property=\"og:image:width\" content=\"640\" \/>\n\t<meta property=\"og:image:height\" content=\"427\" \/>\n\t<meta property=\"og:image:type\" content=\"image\/jpeg\" \/>\n<meta name=\"author\" content=\"Farn\u00e9sio\" \/>\n<meta name=\"twitter:card\" content=\"summary_large_image\" \/>\n<meta name=\"twitter:label1\" content=\"Escrito por\" \/>\n\t<meta name=\"twitter:data1\" content=\"Farn\u00e9sio\" \/>\n\t<meta name=\"twitter:label2\" content=\"Est. tempo de leitura\" \/>\n\t<meta name=\"twitter:data2\" content=\"3 minutos\" \/>\n<script type=\"application\/ld+json\" class=\"yoast-schema-graph\">{\"@context\":\"https:\\\/\\\/schema.org\",\"@graph\":[{\"@type\":\"Article\",\"@id\":\"https:\\\/\\\/blogdofarnesio.com.br\\\/2017\\\/09\\\/eleicoes-2018-comecou-a-pancadaria\\\/#article\",\"isPartOf\":{\"@id\":\"https:\\\/\\\/blogdofarnesio.com.br\\\/2017\\\/09\\\/eleicoes-2018-comecou-a-pancadaria\\\/\"},\"author\":{\"name\":\"Farn\u00e9sio\",\"@id\":\"https:\\\/\\\/blogdofarnesio.com.br\\\/#\\\/schema\\\/person\\\/301c4acf522bccbfdb45af95b5b906a1\"},\"headline\":\"ELEI\u00c7\u00d5ES 2018: COME\u00c7OU A &#8220;PANCADARIA&#8221;\",\"datePublished\":\"2017-09-10T12:00:35+00:00\",\"mainEntityOfPage\":{\"@id\":\"https:\\\/\\\/blogdofarnesio.com.br\\\/2017\\\/09\\\/eleicoes-2018-comecou-a-pancadaria\\\/\"},\"wordCount\":522,\"commentCount\":0,\"publisher\":{\"@id\":\"https:\\\/\\\/blogdofarnesio.com.br\\\/#organization\"},\"image\":{\"@id\":\"https:\\\/\\\/blogdofarnesio.com.br\\\/2017\\\/09\\\/eleicoes-2018-comecou-a-pancadaria\\\/#primaryimage\"},\"thumbnailUrl\":\"https:\\\/\\\/blogdofarnesio.com.br\\\/wp-content\\\/uploads\\\/2017\\\/05\\\/blogqspfbcpailocamara.jpg\",\"articleSection\":[\"Elei\u00e7\u00f5es\"],\"inLanguage\":\"pt-BR\",\"potentialAction\":[{\"@type\":\"CommentAction\",\"name\":\"Comment\",\"target\":[\"https:\\\/\\\/blogdofarnesio.com.br\\\/2017\\\/09\\\/eleicoes-2018-comecou-a-pancadaria\\\/#respond\"]}]},{\"@type\":\"WebPage\",\"@id\":\"https:\\\/\\\/blogdofarnesio.com.br\\\/2017\\\/09\\\/eleicoes-2018-comecou-a-pancadaria\\\/\",\"url\":\"https:\\\/\\\/blogdofarnesio.com.br\\\/2017\\\/09\\\/eleicoes-2018-comecou-a-pancadaria\\\/\",\"name\":\"ELEI\u00c7\u00d5ES 2018: COME\u00c7OU A \\\"PANCADARIA\\\" - Blog do Farn\u00e9sio\",\"isPartOf\":{\"@id\":\"https:\\\/\\\/blogdofarnesio.com.br\\\/#website\"},\"primaryImageOfPage\":{\"@id\":\"https:\\\/\\\/blogdofarnesio.com.br\\\/2017\\\/09\\\/eleicoes-2018-comecou-a-pancadaria\\\/#primaryimage\"},\"image\":{\"@id\":\"https:\\\/\\\/blogdofarnesio.com.br\\\/2017\\\/09\\\/eleicoes-2018-comecou-a-pancadaria\\\/#primaryimage\"},\"thumbnailUrl\":\"https:\\\/\\\/blogdofarnesio.com.br\\\/wp-content\\\/uploads\\\/2017\\\/05\\\/blogqspfbcpailocamara.jpg\",\"datePublished\":\"2017-09-10T12:00:35+00:00\",\"breadcrumb\":{\"@id\":\"https:\\\/\\\/blogdofarnesio.com.br\\\/2017\\\/09\\\/eleicoes-2018-comecou-a-pancadaria\\\/#breadcrumb\"},\"inLanguage\":\"pt-BR\",\"potentialAction\":[{\"@type\":\"ReadAction\",\"target\":[\"https:\\\/\\\/blogdofarnesio.com.br\\\/2017\\\/09\\\/eleicoes-2018-comecou-a-pancadaria\\\/\"]}]},{\"@type\":\"ImageObject\",\"inLanguage\":\"pt-BR\",\"@id\":\"https:\\\/\\\/blogdofarnesio.com.br\\\/2017\\\/09\\\/eleicoes-2018-comecou-a-pancadaria\\\/#primaryimage\",\"url\":\"https:\\\/\\\/blogdofarnesio.com.br\\\/wp-content\\\/uploads\\\/2017\\\/05\\\/blogqspfbcpailocamara.jpg\",\"contentUrl\":\"https:\\\/\\\/blogdofarnesio.com.br\\\/wp-content\\\/uploads\\\/2017\\\/05\\\/blogqspfbcpailocamara.jpg\",\"width\":640,\"height\":427},{\"@type\":\"BreadcrumbList\",\"@id\":\"https:\\\/\\\/blogdofarnesio.com.br\\\/2017\\\/09\\\/eleicoes-2018-comecou-a-pancadaria\\\/#breadcrumb\",\"itemListElement\":[{\"@type\":\"ListItem\",\"position\":1,\"name\":\"In\u00edcio\",\"item\":\"https:\\\/\\\/blogdofarnesio.com.br\\\/\"},{\"@type\":\"ListItem\",\"position\":2,\"name\":\"ELEI\u00c7\u00d5ES 2018: COME\u00c7OU A &#8220;PANCADARIA&#8221;\"}]},{\"@type\":\"WebSite\",\"@id\":\"https:\\\/\\\/blogdofarnesio.com.br\\\/#website\",\"url\":\"https:\\\/\\\/blogdofarnesio.com.br\\\/\",\"name\":\"Blog do Farn\u00e9sio\",\"description\":\"Quer Saber Pol\u00edtica?\",\"publisher\":{\"@id\":\"https:\\\/\\\/blogdofarnesio.com.br\\\/#organization\"},\"potentialAction\":[{\"@type\":\"SearchAction\",\"target\":{\"@type\":\"EntryPoint\",\"urlTemplate\":\"https:\\\/\\\/blogdofarnesio.com.br\\\/?s={search_term_string}\"},\"query-input\":{\"@type\":\"PropertyValueSpecification\",\"valueRequired\":true,\"valueName\":\"search_term_string\"}}],\"inLanguage\":\"pt-BR\"},{\"@type\":\"Organization\",\"@id\":\"https:\\\/\\\/blogdofarnesio.com.br\\\/#organization\",\"name\":\"Blog do Farn\u00e9sio\",\"url\":\"https:\\\/\\\/blogdofarnesio.com.br\\\/\",\"logo\":{\"@type\":\"ImageObject\",\"inLanguage\":\"pt-BR\",\"@id\":\"https:\\\/\\\/blogdofarnesio.com.br\\\/#\\\/schema\\\/logo\\\/image\\\/\",\"url\":\"https:\\\/\\\/blogdofarnesio.com.br\\\/wp-content\\\/uploads\\\/2026\\\/03\\\/cropped-logo_new-1.png\",\"contentUrl\":\"https:\\\/\\\/blogdofarnesio.com.br\\\/wp-content\\\/uploads\\\/2026\\\/03\\\/cropped-logo_new-1.png\",\"width\":881,\"height\":685,\"caption\":\"Blog do Farn\u00e9sio\"},\"image\":{\"@id\":\"https:\\\/\\\/blogdofarnesio.com.br\\\/#\\\/schema\\\/logo\\\/image\\\/\"},\"sameAs\":[\"https:\\\/\\\/www.facebook.com\\\/BlogQuerSaberPolitica\\\/\"]},{\"@type\":\"Person\",\"@id\":\"https:\\\/\\\/blogdofarnesio.com.br\\\/#\\\/schema\\\/person\\\/301c4acf522bccbfdb45af95b5b906a1\",\"name\":\"Farn\u00e9sio\",\"image\":{\"@type\":\"ImageObject\",\"inLanguage\":\"pt-BR\",\"@id\":\"https:\\\/\\\/secure.gravatar.com\\\/avatar\\\/df0c9a14567c056f8ad6876ba5bbd1e3e2c48023eb6807342fc4663adf549f38?s=96&d=mm&r=g\",\"url\":\"https:\\\/\\\/secure.gravatar.com\\\/avatar\\\/df0c9a14567c056f8ad6876ba5bbd1e3e2c48023eb6807342fc4663adf549f38?s=96&d=mm&r=g\",\"contentUrl\":\"https:\\\/\\\/secure.gravatar.com\\\/avatar\\\/df0c9a14567c056f8ad6876ba5bbd1e3e2c48023eb6807342fc4663adf549f38?s=96&d=mm&r=g\",\"caption\":\"Farn\u00e9sio\"},\"sameAs\":[\"https:\\\/\\\/quersaberpolitica.com.br\"],\"url\":\"https:\\\/\\\/blogdofarnesio.com.br\\\/author\\\/farnesio\\\/\"}]}<\/script>\n<!-- \/ Yoast SEO plugin. -->","yoast_head_json":{"title":"ELEI\u00c7\u00d5ES 2018: COME\u00c7OU A \"PANCADARIA\" - Blog do Farn\u00e9sio","robots":{"index":"index","follow":"follow","max-snippet":"max-snippet:-1","max-image-preview":"max-image-preview:large","max-video-preview":"max-video-preview:-1"},"canonical":"https:\/\/blogdofarnesio.com.br\/2017\/09\/eleicoes-2018-comecou-a-pancadaria\/","og_locale":"pt_BR","og_type":"article","og_title":"ELEI\u00c7\u00d5ES 2018: COME\u00c7OU A \"PANCADARIA\" - Blog do Farn\u00e9sio","og_description":"Fernando Bezerra j\u00e1 come\u00e7a a bater no governador &nbsp; Do Diario de Pernamabuco \u2013 S\u00e1vio Gabriel Depois da pol\u00eamica gerada devido \u00e0 filia\u00e7\u00e3o ao PMDB, o senador Fernando Bezerra Coelho afirmou que seu filho, o atual ministro de Minas e Energia, Fernando Filho, que ainda est\u00e1 no PSB, \u00e9 um potencial candidato para a disputa ao governo do estado em 2018. Em entrevista \u00e0 R\u00e1dio Jornal, nesta sexta-feira, Bezerra Coelho destacou que Fernando Filho \u00e9 um quadro \u201cpromissor\u201d e o trabalho \u00e0 frente da pasta o credencia para liderar a chapa majorit\u00e1ria do pr\u00f3ximo ano. O ex-socialista ainda disparou cr\u00edticas a seu antigo partido, afirmando que, desde o in\u00edcio da gest\u00e3o do governador Paulo C\u00e2mara (PSB), n\u00e3o houve di\u00e1logo com&hellip;","og_url":"https:\/\/blogdofarnesio.com.br\/2017\/09\/eleicoes-2018-comecou-a-pancadaria\/","og_site_name":"Blog do Farn\u00e9sio","article_publisher":"https:\/\/www.facebook.com\/BlogQuerSaberPolitica\/","article_published_time":"2017-09-10T12:00:35+00:00","og_image":[{"width":640,"height":427,"url":"https:\/\/blogdofarnesio.com.br\/wp-content\/uploads\/2017\/05\/blogqspfbcpailocamara.jpg","type":"image\/jpeg"}],"author":"Farn\u00e9sio","twitter_card":"summary_large_image","twitter_misc":{"Escrito por":"Farn\u00e9sio","Est. tempo de leitura":"3 minutos"},"schema":{"@context":"https:\/\/schema.org","@graph":[{"@type":"Article","@id":"https:\/\/blogdofarnesio.com.br\/2017\/09\/eleicoes-2018-comecou-a-pancadaria\/#article","isPartOf":{"@id":"https:\/\/blogdofarnesio.com.br\/2017\/09\/eleicoes-2018-comecou-a-pancadaria\/"},"author":{"name":"Farn\u00e9sio","@id":"https:\/\/blogdofarnesio.com.br\/#\/schema\/person\/301c4acf522bccbfdb45af95b5b906a1"},"headline":"ELEI\u00c7\u00d5ES 2018: COME\u00c7OU A &#8220;PANCADARIA&#8221;","datePublished":"2017-09-10T12:00:35+00:00","mainEntityOfPage":{"@id":"https:\/\/blogdofarnesio.com.br\/2017\/09\/eleicoes-2018-comecou-a-pancadaria\/"},"wordCount":522,"commentCount":0,"publisher":{"@id":"https:\/\/blogdofarnesio.com.br\/#organization"},"image":{"@id":"https:\/\/blogdofarnesio.com.br\/2017\/09\/eleicoes-2018-comecou-a-pancadaria\/#primaryimage"},"thumbnailUrl":"https:\/\/blogdofarnesio.com.br\/wp-content\/uploads\/2017\/05\/blogqspfbcpailocamara.jpg","articleSection":["Elei\u00e7\u00f5es"],"inLanguage":"pt-BR","potentialAction":[{"@type":"CommentAction","name":"Comment","target":["https:\/\/blogdofarnesio.com.br\/2017\/09\/eleicoes-2018-comecou-a-pancadaria\/#respond"]}]},{"@type":"WebPage","@id":"https:\/\/blogdofarnesio.com.br\/2017\/09\/eleicoes-2018-comecou-a-pancadaria\/","url":"https:\/\/blogdofarnesio.com.br\/2017\/09\/eleicoes-2018-comecou-a-pancadaria\/","name":"ELEI\u00c7\u00d5ES 2018: COME\u00c7OU A \"PANCADARIA\" - Blog do Farn\u00e9sio","isPartOf":{"@id":"https:\/\/blogdofarnesio.com.br\/#website"},"primaryImageOfPage":{"@id":"https:\/\/blogdofarnesio.com.br\/2017\/09\/eleicoes-2018-comecou-a-pancadaria\/#primaryimage"},"image":{"@id":"https:\/\/blogdofarnesio.com.br\/2017\/09\/eleicoes-2018-comecou-a-pancadaria\/#primaryimage"},"thumbnailUrl":"https:\/\/blogdofarnesio.com.br\/wp-content\/uploads\/2017\/05\/blogqspfbcpailocamara.jpg","datePublished":"2017-09-10T12:00:35+00:00","breadcrumb":{"@id":"https:\/\/blogdofarnesio.com.br\/2017\/09\/eleicoes-2018-comecou-a-pancadaria\/#breadcrumb"},"inLanguage":"pt-BR","potentialAction":[{"@type":"ReadAction","target":["https:\/\/blogdofarnesio.com.br\/2017\/09\/eleicoes-2018-comecou-a-pancadaria\/"]}]},{"@type":"ImageObject","inLanguage":"pt-BR","@id":"https:\/\/blogdofarnesio.com.br\/2017\/09\/eleicoes-2018-comecou-a-pancadaria\/#primaryimage","url":"https:\/\/blogdofarnesio.com.br\/wp-content\/uploads\/2017\/05\/blogqspfbcpailocamara.jpg","contentUrl":"https:\/\/blogdofarnesio.com.br\/wp-content\/uploads\/2017\/05\/blogqspfbcpailocamara.jpg","width":640,"height":427},{"@type":"BreadcrumbList","@id":"https:\/\/blogdofarnesio.com.br\/2017\/09\/eleicoes-2018-comecou-a-pancadaria\/#breadcrumb","itemListElement":[{"@type":"ListItem","position":1,"name":"In\u00edcio","item":"https:\/\/blogdofarnesio.com.br\/"},{"@type":"ListItem","position":2,"name":"ELEI\u00c7\u00d5ES 2018: COME\u00c7OU A &#8220;PANCADARIA&#8221;"}]},{"@type":"WebSite","@id":"https:\/\/blogdofarnesio.com.br\/#website","url":"https:\/\/blogdofarnesio.com.br\/","name":"Blog do Farn\u00e9sio","description":"Quer Saber Pol\u00edtica?","publisher":{"@id":"https:\/\/blogdofarnesio.com.br\/#organization"},"potentialAction":[{"@type":"SearchAction","target":{"@type":"EntryPoint","urlTemplate":"https:\/\/blogdofarnesio.com.br\/?s={search_term_string}"},"query-input":{"@type":"PropertyValueSpecification","valueRequired":true,"valueName":"search_term_string"}}],"inLanguage":"pt-BR"},{"@type":"Organization","@id":"https:\/\/blogdofarnesio.com.br\/#organization","name":"Blog do Farn\u00e9sio","url":"https:\/\/blogdofarnesio.com.br\/","logo":{"@type":"ImageObject","inLanguage":"pt-BR","@id":"https:\/\/blogdofarnesio.com.br\/#\/schema\/logo\/image\/","url":"https:\/\/blogdofarnesio.com.br\/wp-content\/uploads\/2026\/03\/cropped-logo_new-1.png","contentUrl":"https:\/\/blogdofarnesio.com.br\/wp-content\/uploads\/2026\/03\/cropped-logo_new-1.png","width":881,"height":685,"caption":"Blog do Farn\u00e9sio"},"image":{"@id":"https:\/\/blogdofarnesio.com.br\/#\/schema\/logo\/image\/"},"sameAs":["https:\/\/www.facebook.com\/BlogQuerSaberPolitica\/"]},{"@type":"Person","@id":"https:\/\/blogdofarnesio.com.br\/#\/schema\/person\/301c4acf522bccbfdb45af95b5b906a1","name":"Farn\u00e9sio","image":{"@type":"ImageObject","inLanguage":"pt-BR","@id":"https:\/\/secure.gravatar.com\/avatar\/df0c9a14567c056f8ad6876ba5bbd1e3e2c48023eb6807342fc4663adf549f38?s=96&d=mm&r=g","url":"https:\/\/secure.gravatar.com\/avatar\/df0c9a14567c056f8ad6876ba5bbd1e3e2c48023eb6807342fc4663adf549f38?s=96&d=mm&r=g","contentUrl":"https:\/\/secure.gravatar.com\/avatar\/df0c9a14567c056f8ad6876ba5bbd1e3e2c48023eb6807342fc4663adf549f38?s=96&d=mm&r=g","caption":"Farn\u00e9sio"},"sameAs":["https:\/\/quersaberpolitica.com.br"],"url":"https:\/\/blogdofarnesio.com.br\/author\/farnesio\/"}]}},"_links":{"self":[{"href":"https:\/\/blogdofarnesio.com.br\/wp-json\/wp\/v2\/posts\/176076","targetHints":{"allow":["GET"]}}],"collection":[{"href":"https:\/\/blogdofarnesio.com.br\/wp-json\/wp\/v2\/posts"}],"about":[{"href":"https:\/\/blogdofarnesio.com.br\/wp-json\/wp\/v2\/types\/post"}],"author":[{"embeddable":true,"href":"https:\/\/blogdofarnesio.com.br\/wp-json\/wp\/v2\/users\/1"}],"replies":[{"embeddable":true,"href":"https:\/\/blogdofarnesio.com.br\/wp-json\/wp\/v2\/comments?post=176076"}],"version-history":[{"count":0,"href":"https:\/\/blogdofarnesio.com.br\/wp-json\/wp\/v2\/posts\/176076\/revisions"}],"wp:featuredmedia":[{"embeddable":true,"href":"https:\/\/blogdofarnesio.com.br\/wp-json\/wp\/v2\/media\/165565"}],"wp:attachment":[{"href":"https:\/\/blogdofarnesio.com.br\/wp-json\/wp\/v2\/media?parent=176076"}],"wp:term":[{"taxonomy":"category","embeddable":true,"href":"https:\/\/blogdofarnesio.com.br\/wp-json\/wp\/v2\/categories?post=176076"},{"taxonomy":"post_tag","embeddable":true,"href":"https:\/\/blogdofarnesio.com.br\/wp-json\/wp\/v2\/tags?post=176076"}],"curies":[{"name":"wp","href":"https:\/\/api.w.org\/{rel}","templated":true}]}}