{"id":175939,"date":"2017-09-08T09:23:04","date_gmt":"2017-09-08T12:23:04","guid":{"rendered":"http:\/\/quersaberpolitica.com.br\/2016\/?p=175939"},"modified":"2017-09-07T21:10:17","modified_gmt":"2017-09-08T00:10:17","slug":"procuradores-confirmam-ao-prefeito-de-juazeiro-construcoes-museu-do-trabalhador-ferroviario-e-a-sede-propria","status":"publish","type":"post","link":"https:\/\/blogdofarnesio.com.br\/?p=175939","title":{"rendered":"PROCURADORES CONFIRMAM AO PREFEITO DE JUAZEIRO CONSTRU\u00c7\u00d5ES MUSEU DO TRABALHADOR FERROVI\u00c1RIO E A SEDE PR\u00d3PRIA"},"content":{"rendered":"<p style=\"text-align: justify;\">Na tarde desta quarta-feira, o prefeito de Juazeiro, Paulo Bomfim, se reuniu em seu gabinete, com o Procurador-Chefe do Trabalho, Alberto Balazeiro, que informou sobre o in\u00edcio da constru\u00e7\u00e3o da sede da institui\u00e7\u00e3o na \u00e1rea da antiga esta\u00e7\u00e3o. Estiveram presentes na reuni\u00e3o o vice-procurador, Luis Carlos Gomes Carneiro Filho, e a coordenadora do Minist\u00e9rio P\u00fablico do Trabalho em Juazeiro, Vanessa Gil Rodrigues, al\u00e9m do Procurador Geral do Munic\u00edpio, Eduardo Fernandes, o assessor jur\u00eddico Josenildo Barros e o secret\u00e1rio de Governo, Cl\u00e9riston Andrade.<\/p>\n<p style=\"text-align: justify;\">Na regi\u00e3o da antiga esta\u00e7\u00e3o de Piranga ser\u00e1 constru\u00eddo ainda o Museu do Trabalhador Ferrovi\u00e1rio, um audit\u00f3rio e uma Esta\u00e7\u00e3o de Energia Solar, com investimento inicial de R$3 milh\u00f5es. O Procurador Chefe do Trabalho solicitou ao prefeito a estrutura\u00e7\u00e3o do local, no que se refere a acesso e mobilidade. \u201cSa\u00edmos da reuni\u00e3o com as melhores impress\u00f5es. Contamos com o apoio do Munic\u00edpio, principalmente, nesta quest\u00e3o de acessibilidade \u00e0 \u00e1rea onde vai funcionar o Centro Administrativo Federal. Temos uma boa rela\u00e7\u00e3o. Quando estivemos aqui no ano passado, o ex-prefeito nos informou que existe um projeto em curso para fazer o acesso e hoje o prefeito Paulo Bomfim confirmou esta perspectiva. A id\u00e9ia \u00e9 que a obra seja iniciada ainda este ano em Juazeiro\u201d,\u00a0 prev\u00ea Alberto Balazeiro.<\/p>\n<p style=\"text-align: justify;\">O prefeito agradeceu pela visita e a confian\u00e7a. \u201cTemos um compromisso e vamos cumprir. J\u00e1 temos tudo pronto para que, assim que nos sinalizarem, iniciaremos a estrutura\u00e7\u00e3o do local e consolidaremos a parceria. Aquela \u00e1rea ser\u00e1 totalmente restaurada e ainda teremos o nosso projeto Esta\u00e7\u00e3o do Saber. Quem vai ganhar \u00e9 a popula\u00e7\u00e3o de Juazeiro\u201d, declarou Paulo Bomfim.<\/p>\n<p>Ascom<\/p>\n<p>&nbsp;<\/p>\n<div class=\"yj6qo ajU\">\n<div id=\":s1\" class=\"ajR\" tabindex=\"0\" role=\"button\" data-tooltip=\"Mostrar conte\u00fado cortado\" aria-label=\"Mostrar conte\u00fado cortado\"><img decoding=\"async\" class=\"ajT\" src=\"https:\/\/ssl.gstatic.com\/ui\/v1\/icons\/mail\/images\/cleardot.gif\" \/><\/div>\n<\/div>\n","protected":false},"excerpt":{"rendered":"<p>Na tarde desta quarta-feira, o prefeito de Juazeiro, Paulo Bomfim, se reuniu em seu gabinete, com o Procurador-Chefe do Trabalho, Alberto Balazeiro, que informou sobre o in\u00edcio da constru\u00e7\u00e3o da sede da institui\u00e7\u00e3o na \u00e1rea da antiga esta\u00e7\u00e3o. Estiveram presentes na reuni\u00e3o o vice-procurador, Luis Carlos Gomes Carneiro Filho, e a coordenadora do Minist\u00e9rio P\u00fablico do Trabalho em Juazeiro, Vanessa Gil Rodrigues, al\u00e9m do Procurador Geral do Munic\u00edpio, Eduardo Fernandes, o assessor jur\u00eddico Josenildo Barros e o secret\u00e1rio de Governo, Cl\u00e9riston Andrade. Na regi\u00e3o da antiga esta\u00e7\u00e3o de Piranga ser\u00e1 constru\u00eddo ainda o Museu do Trabalhador Ferrovi\u00e1rio, um audit\u00f3rio e uma Esta\u00e7\u00e3o de Energia Solar, com investimento inicial de R$3 milh\u00f5es. O Procurador Chefe do Trabalho solicitou ao prefeito a&hellip; <\/p>\n","protected":false},"author":1,"featured_media":175940,"comment_status":"open","ping_status":"open","sticky":false,"template":"","format":"standard","meta":{"_acf_changed":false,"footnotes":""},"categories":[44,10],"tags":[],"class_list":["post-175939","post","type-post","status-publish","format-standard","has-post-thumbnail","hentry","category-administracao","category-cultura"],"acf":[],"yoast_head":"<!-- This site is optimized with the Yoast SEO plugin v27.4 - https:\/\/yoast.com\/product\/yoast-seo-wordpress\/ -->\n<title>PROCURADORES CONFIRMAM AO PREFEITO DE JUAZEIRO CONSTRU\u00c7\u00d5ES MUSEU DO TRABALHADOR FERROVI\u00c1RIO E A SEDE PR\u00d3PRIA - Blog do Farn\u00e9sio<\/title>\n<meta name=\"robots\" content=\"index, follow, max-snippet:-1, max-image-preview:large, max-video-preview:-1\" \/>\n<link rel=\"canonical\" href=\"https:\/\/blogdofarnesio.com.br\/?p=175939\" \/>\n<meta property=\"og:locale\" content=\"pt_BR\" \/>\n<meta property=\"og:type\" content=\"article\" \/>\n<meta property=\"og:title\" content=\"PROCURADORES CONFIRMAM AO PREFEITO DE JUAZEIRO CONSTRU\u00c7\u00d5ES MUSEU DO TRABALHADOR FERROVI\u00c1RIO E A SEDE PR\u00d3PRIA - Blog do Farn\u00e9sio\" \/>\n<meta property=\"og:description\" content=\"Na tarde desta quarta-feira, o prefeito de Juazeiro, Paulo Bomfim, se reuniu em seu gabinete, com o Procurador-Chefe do Trabalho, Alberto Balazeiro, que informou sobre o in\u00edcio da constru\u00e7\u00e3o da sede da institui\u00e7\u00e3o na \u00e1rea da antiga esta\u00e7\u00e3o. Estiveram presentes na reuni\u00e3o o vice-procurador, Luis Carlos Gomes Carneiro Filho, e a coordenadora do Minist\u00e9rio P\u00fablico do Trabalho em Juazeiro, Vanessa Gil Rodrigues, al\u00e9m do Procurador Geral do Munic\u00edpio, Eduardo Fernandes, o assessor jur\u00eddico Josenildo Barros e o secret\u00e1rio de Governo, Cl\u00e9riston Andrade. Na regi\u00e3o da antiga esta\u00e7\u00e3o de Piranga ser\u00e1 constru\u00eddo ainda o Museu do Trabalhador Ferrovi\u00e1rio, um audit\u00f3rio e uma Esta\u00e7\u00e3o de Energia Solar, com investimento inicial de R$3 milh\u00f5es. O Procurador Chefe do Trabalho solicitou ao prefeito a&hellip;\" \/>\n<meta property=\"og:url\" content=\"https:\/\/blogdofarnesio.com.br\/?p=175939\" \/>\n<meta property=\"og:site_name\" content=\"Blog do Farn\u00e9sio\" \/>\n<meta property=\"article:publisher\" content=\"https:\/\/www.facebook.com\/BlogQuerSaberPolitica\/\" \/>\n<meta property=\"article:published_time\" content=\"2017-09-08T12:23:04+00:00\" \/>\n<meta property=\"og:image\" content=\"https:\/\/blogdofarnesio.com.br\/wp-content\/uploads\/2017\/09\/blogqsp-recebe-Procuradores-Trabalho-4.jpg\" \/>\n\t<meta property=\"og:image:width\" content=\"640\" \/>\n\t<meta property=\"og:image:height\" content=\"427\" \/>\n\t<meta property=\"og:image:type\" content=\"image\/jpeg\" \/>\n<meta name=\"author\" content=\"Farn\u00e9sio\" \/>\n<meta name=\"twitter:card\" content=\"summary_large_image\" \/>\n<meta name=\"twitter:label1\" content=\"Escrito por\" \/>\n\t<meta name=\"twitter:data1\" content=\"Farn\u00e9sio\" \/>\n\t<meta name=\"twitter:label2\" content=\"Est. tempo de leitura\" \/>\n\t<meta name=\"twitter:data2\" content=\"1 minuto\" \/>\n<script type=\"application\/ld+json\" class=\"yoast-schema-graph\">{\"@context\":\"https:\\\/\\\/schema.org\",\"@graph\":[{\"@type\":\"Article\",\"@id\":\"https:\\\/\\\/blogdofarnesio.com.br\\\/?p=175939#article\",\"isPartOf\":{\"@id\":\"https:\\\/\\\/blogdofarnesio.com.br\\\/?p=175939\"},\"author\":{\"name\":\"Farn\u00e9sio\",\"@id\":\"https:\\\/\\\/blogdofarnesio.com.br\\\/#\\\/schema\\\/person\\\/301c4acf522bccbfdb45af95b5b906a1\"},\"headline\":\"PROCURADORES CONFIRMAM AO PREFEITO DE JUAZEIRO CONSTRU\u00c7\u00d5ES MUSEU DO TRABALHADOR FERROVI\u00c1RIO E A SEDE PR\u00d3PRIA\",\"datePublished\":\"2017-09-08T12:23:04+00:00\",\"mainEntityOfPage\":{\"@id\":\"https:\\\/\\\/blogdofarnesio.com.br\\\/?p=175939\"},\"wordCount\":313,\"commentCount\":0,\"publisher\":{\"@id\":\"https:\\\/\\\/blogdofarnesio.com.br\\\/#organization\"},\"image\":{\"@id\":\"https:\\\/\\\/blogdofarnesio.com.br\\\/?p=175939#primaryimage\"},\"thumbnailUrl\":\"https:\\\/\\\/blogdofarnesio.com.br\\\/wp-content\\\/uploads\\\/2017\\\/09\\\/blogqsp-recebe-Procuradores-Trabalho-4.jpg\",\"articleSection\":[\"Administra\u00e7\u00e3o\",\"Cultura\"],\"inLanguage\":\"pt-BR\",\"potentialAction\":[{\"@type\":\"CommentAction\",\"name\":\"Comment\",\"target\":[\"https:\\\/\\\/blogdofarnesio.com.br\\\/?p=175939#respond\"]}]},{\"@type\":\"WebPage\",\"@id\":\"https:\\\/\\\/blogdofarnesio.com.br\\\/?p=175939\",\"url\":\"https:\\\/\\\/blogdofarnesio.com.br\\\/?p=175939\",\"name\":\"PROCURADORES CONFIRMAM AO PREFEITO DE JUAZEIRO CONSTRU\u00c7\u00d5ES MUSEU DO TRABALHADOR FERROVI\u00c1RIO E A SEDE PR\u00d3PRIA - Blog do Farn\u00e9sio\",\"isPartOf\":{\"@id\":\"https:\\\/\\\/blogdofarnesio.com.br\\\/#website\"},\"primaryImageOfPage\":{\"@id\":\"https:\\\/\\\/blogdofarnesio.com.br\\\/?p=175939#primaryimage\"},\"image\":{\"@id\":\"https:\\\/\\\/blogdofarnesio.com.br\\\/?p=175939#primaryimage\"},\"thumbnailUrl\":\"https:\\\/\\\/blogdofarnesio.com.br\\\/wp-content\\\/uploads\\\/2017\\\/09\\\/blogqsp-recebe-Procuradores-Trabalho-4.jpg\",\"datePublished\":\"2017-09-08T12:23:04+00:00\",\"breadcrumb\":{\"@id\":\"https:\\\/\\\/blogdofarnesio.com.br\\\/?p=175939#breadcrumb\"},\"inLanguage\":\"pt-BR\",\"potentialAction\":[{\"@type\":\"ReadAction\",\"target\":[\"https:\\\/\\\/blogdofarnesio.com.br\\\/?p=175939\"]}]},{\"@type\":\"ImageObject\",\"inLanguage\":\"pt-BR\",\"@id\":\"https:\\\/\\\/blogdofarnesio.com.br\\\/?p=175939#primaryimage\",\"url\":\"https:\\\/\\\/blogdofarnesio.com.br\\\/wp-content\\\/uploads\\\/2017\\\/09\\\/blogqsp-recebe-Procuradores-Trabalho-4.jpg\",\"contentUrl\":\"https:\\\/\\\/blogdofarnesio.com.br\\\/wp-content\\\/uploads\\\/2017\\\/09\\\/blogqsp-recebe-Procuradores-Trabalho-4.jpg\",\"width\":640,\"height\":427},{\"@type\":\"BreadcrumbList\",\"@id\":\"https:\\\/\\\/blogdofarnesio.com.br\\\/?p=175939#breadcrumb\",\"itemListElement\":[{\"@type\":\"ListItem\",\"position\":1,\"name\":\"In\u00edcio\",\"item\":\"https:\\\/\\\/blogdofarnesio.com.br\\\/\"},{\"@type\":\"ListItem\",\"position\":2,\"name\":\"PROCURADORES CONFIRMAM AO PREFEITO DE JUAZEIRO CONSTRU\u00c7\u00d5ES MUSEU DO TRABALHADOR FERROVI\u00c1RIO E A SEDE PR\u00d3PRIA\"}]},{\"@type\":\"WebSite\",\"@id\":\"https:\\\/\\\/blogdofarnesio.com.br\\\/#website\",\"url\":\"https:\\\/\\\/blogdofarnesio.com.br\\\/\",\"name\":\"Blog do Farn\u00e9sio\",\"description\":\"Quer Saber Pol\u00edtica?\",\"publisher\":{\"@id\":\"https:\\\/\\\/blogdofarnesio.com.br\\\/#organization\"},\"potentialAction\":[{\"@type\":\"SearchAction\",\"target\":{\"@type\":\"EntryPoint\",\"urlTemplate\":\"https:\\\/\\\/blogdofarnesio.com.br\\\/?s={search_term_string}\"},\"query-input\":{\"@type\":\"PropertyValueSpecification\",\"valueRequired\":true,\"valueName\":\"search_term_string\"}}],\"inLanguage\":\"pt-BR\"},{\"@type\":\"Organization\",\"@id\":\"https:\\\/\\\/blogdofarnesio.com.br\\\/#organization\",\"name\":\"Blog do Farn\u00e9sio\",\"url\":\"https:\\\/\\\/blogdofarnesio.com.br\\\/\",\"logo\":{\"@type\":\"ImageObject\",\"inLanguage\":\"pt-BR\",\"@id\":\"https:\\\/\\\/blogdofarnesio.com.br\\\/#\\\/schema\\\/logo\\\/image\\\/\",\"url\":\"https:\\\/\\\/blogdofarnesio.com.br\\\/wp-content\\\/uploads\\\/2026\\\/03\\\/cropped-logo_new-1.png\",\"contentUrl\":\"https:\\\/\\\/blogdofarnesio.com.br\\\/wp-content\\\/uploads\\\/2026\\\/03\\\/cropped-logo_new-1.png\",\"width\":881,\"height\":685,\"caption\":\"Blog do Farn\u00e9sio\"},\"image\":{\"@id\":\"https:\\\/\\\/blogdofarnesio.com.br\\\/#\\\/schema\\\/logo\\\/image\\\/\"},\"sameAs\":[\"https:\\\/\\\/www.facebook.com\\\/BlogQuerSaberPolitica\\\/\"]},{\"@type\":\"Person\",\"@id\":\"https:\\\/\\\/blogdofarnesio.com.br\\\/#\\\/schema\\\/person\\\/301c4acf522bccbfdb45af95b5b906a1\",\"name\":\"Farn\u00e9sio\",\"image\":{\"@type\":\"ImageObject\",\"inLanguage\":\"pt-BR\",\"@id\":\"https:\\\/\\\/secure.gravatar.com\\\/avatar\\\/df0c9a14567c056f8ad6876ba5bbd1e3e2c48023eb6807342fc4663adf549f38?s=96&d=mm&r=g\",\"url\":\"https:\\\/\\\/secure.gravatar.com\\\/avatar\\\/df0c9a14567c056f8ad6876ba5bbd1e3e2c48023eb6807342fc4663adf549f38?s=96&d=mm&r=g\",\"contentUrl\":\"https:\\\/\\\/secure.gravatar.com\\\/avatar\\\/df0c9a14567c056f8ad6876ba5bbd1e3e2c48023eb6807342fc4663adf549f38?s=96&d=mm&r=g\",\"caption\":\"Farn\u00e9sio\"},\"sameAs\":[\"https:\\\/\\\/quersaberpolitica.com.br\"],\"url\":\"https:\\\/\\\/blogdofarnesio.com.br\\\/?author=1\"}]}<\/script>\n<!-- \/ Yoast SEO plugin. -->","yoast_head_json":{"title":"PROCURADORES CONFIRMAM AO PREFEITO DE JUAZEIRO CONSTRU\u00c7\u00d5ES MUSEU DO TRABALHADOR FERROVI\u00c1RIO E A SEDE PR\u00d3PRIA - Blog do Farn\u00e9sio","robots":{"index":"index","follow":"follow","max-snippet":"max-snippet:-1","max-image-preview":"max-image-preview:large","max-video-preview":"max-video-preview:-1"},"canonical":"https:\/\/blogdofarnesio.com.br\/?p=175939","og_locale":"pt_BR","og_type":"article","og_title":"PROCURADORES CONFIRMAM AO PREFEITO DE JUAZEIRO CONSTRU\u00c7\u00d5ES MUSEU DO TRABALHADOR FERROVI\u00c1RIO E A SEDE PR\u00d3PRIA - Blog do Farn\u00e9sio","og_description":"Na tarde desta quarta-feira, o prefeito de Juazeiro, Paulo Bomfim, se reuniu em seu gabinete, com o Procurador-Chefe do Trabalho, Alberto Balazeiro, que informou sobre o in\u00edcio da constru\u00e7\u00e3o da sede da institui\u00e7\u00e3o na \u00e1rea da antiga esta\u00e7\u00e3o. Estiveram presentes na reuni\u00e3o o vice-procurador, Luis Carlos Gomes Carneiro Filho, e a coordenadora do Minist\u00e9rio P\u00fablico do Trabalho em Juazeiro, Vanessa Gil Rodrigues, al\u00e9m do Procurador Geral do Munic\u00edpio, Eduardo Fernandes, o assessor jur\u00eddico Josenildo Barros e o secret\u00e1rio de Governo, Cl\u00e9riston Andrade. Na regi\u00e3o da antiga esta\u00e7\u00e3o de Piranga ser\u00e1 constru\u00eddo ainda o Museu do Trabalhador Ferrovi\u00e1rio, um audit\u00f3rio e uma Esta\u00e7\u00e3o de Energia Solar, com investimento inicial de R$3 milh\u00f5es. O Procurador Chefe do Trabalho solicitou ao prefeito a&hellip;","og_url":"https:\/\/blogdofarnesio.com.br\/?p=175939","og_site_name":"Blog do Farn\u00e9sio","article_publisher":"https:\/\/www.facebook.com\/BlogQuerSaberPolitica\/","article_published_time":"2017-09-08T12:23:04+00:00","og_image":[{"width":640,"height":427,"url":"https:\/\/blogdofarnesio.com.br\/wp-content\/uploads\/2017\/09\/blogqsp-recebe-Procuradores-Trabalho-4.jpg","type":"image\/jpeg"}],"author":"Farn\u00e9sio","twitter_card":"summary_large_image","twitter_misc":{"Escrito por":"Farn\u00e9sio","Est. tempo de leitura":"1 minuto"},"schema":{"@context":"https:\/\/schema.org","@graph":[{"@type":"Article","@id":"https:\/\/blogdofarnesio.com.br\/?p=175939#article","isPartOf":{"@id":"https:\/\/blogdofarnesio.com.br\/?p=175939"},"author":{"name":"Farn\u00e9sio","@id":"https:\/\/blogdofarnesio.com.br\/#\/schema\/person\/301c4acf522bccbfdb45af95b5b906a1"},"headline":"PROCURADORES CONFIRMAM AO PREFEITO DE JUAZEIRO CONSTRU\u00c7\u00d5ES MUSEU DO TRABALHADOR FERROVI\u00c1RIO E A SEDE PR\u00d3PRIA","datePublished":"2017-09-08T12:23:04+00:00","mainEntityOfPage":{"@id":"https:\/\/blogdofarnesio.com.br\/?p=175939"},"wordCount":313,"commentCount":0,"publisher":{"@id":"https:\/\/blogdofarnesio.com.br\/#organization"},"image":{"@id":"https:\/\/blogdofarnesio.com.br\/?p=175939#primaryimage"},"thumbnailUrl":"https:\/\/blogdofarnesio.com.br\/wp-content\/uploads\/2017\/09\/blogqsp-recebe-Procuradores-Trabalho-4.jpg","articleSection":["Administra\u00e7\u00e3o","Cultura"],"inLanguage":"pt-BR","potentialAction":[{"@type":"CommentAction","name":"Comment","target":["https:\/\/blogdofarnesio.com.br\/?p=175939#respond"]}]},{"@type":"WebPage","@id":"https:\/\/blogdofarnesio.com.br\/?p=175939","url":"https:\/\/blogdofarnesio.com.br\/?p=175939","name":"PROCURADORES CONFIRMAM AO PREFEITO DE JUAZEIRO CONSTRU\u00c7\u00d5ES MUSEU DO TRABALHADOR FERROVI\u00c1RIO E A SEDE PR\u00d3PRIA - Blog do Farn\u00e9sio","isPartOf":{"@id":"https:\/\/blogdofarnesio.com.br\/#website"},"primaryImageOfPage":{"@id":"https:\/\/blogdofarnesio.com.br\/?p=175939#primaryimage"},"image":{"@id":"https:\/\/blogdofarnesio.com.br\/?p=175939#primaryimage"},"thumbnailUrl":"https:\/\/blogdofarnesio.com.br\/wp-content\/uploads\/2017\/09\/blogqsp-recebe-Procuradores-Trabalho-4.jpg","datePublished":"2017-09-08T12:23:04+00:00","breadcrumb":{"@id":"https:\/\/blogdofarnesio.com.br\/?p=175939#breadcrumb"},"inLanguage":"pt-BR","potentialAction":[{"@type":"ReadAction","target":["https:\/\/blogdofarnesio.com.br\/?p=175939"]}]},{"@type":"ImageObject","inLanguage":"pt-BR","@id":"https:\/\/blogdofarnesio.com.br\/?p=175939#primaryimage","url":"https:\/\/blogdofarnesio.com.br\/wp-content\/uploads\/2017\/09\/blogqsp-recebe-Procuradores-Trabalho-4.jpg","contentUrl":"https:\/\/blogdofarnesio.com.br\/wp-content\/uploads\/2017\/09\/blogqsp-recebe-Procuradores-Trabalho-4.jpg","width":640,"height":427},{"@type":"BreadcrumbList","@id":"https:\/\/blogdofarnesio.com.br\/?p=175939#breadcrumb","itemListElement":[{"@type":"ListItem","position":1,"name":"In\u00edcio","item":"https:\/\/blogdofarnesio.com.br\/"},{"@type":"ListItem","position":2,"name":"PROCURADORES CONFIRMAM AO PREFEITO DE JUAZEIRO CONSTRU\u00c7\u00d5ES MUSEU DO TRABALHADOR FERROVI\u00c1RIO E A SEDE PR\u00d3PRIA"}]},{"@type":"WebSite","@id":"https:\/\/blogdofarnesio.com.br\/#website","url":"https:\/\/blogdofarnesio.com.br\/","name":"Blog do Farn\u00e9sio","description":"Quer Saber Pol\u00edtica?","publisher":{"@id":"https:\/\/blogdofarnesio.com.br\/#organization"},"potentialAction":[{"@type":"SearchAction","target":{"@type":"EntryPoint","urlTemplate":"https:\/\/blogdofarnesio.com.br\/?s={search_term_string}"},"query-input":{"@type":"PropertyValueSpecification","valueRequired":true,"valueName":"search_term_string"}}],"inLanguage":"pt-BR"},{"@type":"Organization","@id":"https:\/\/blogdofarnesio.com.br\/#organization","name":"Blog do Farn\u00e9sio","url":"https:\/\/blogdofarnesio.com.br\/","logo":{"@type":"ImageObject","inLanguage":"pt-BR","@id":"https:\/\/blogdofarnesio.com.br\/#\/schema\/logo\/image\/","url":"https:\/\/blogdofarnesio.com.br\/wp-content\/uploads\/2026\/03\/cropped-logo_new-1.png","contentUrl":"https:\/\/blogdofarnesio.com.br\/wp-content\/uploads\/2026\/03\/cropped-logo_new-1.png","width":881,"height":685,"caption":"Blog do Farn\u00e9sio"},"image":{"@id":"https:\/\/blogdofarnesio.com.br\/#\/schema\/logo\/image\/"},"sameAs":["https:\/\/www.facebook.com\/BlogQuerSaberPolitica\/"]},{"@type":"Person","@id":"https:\/\/blogdofarnesio.com.br\/#\/schema\/person\/301c4acf522bccbfdb45af95b5b906a1","name":"Farn\u00e9sio","image":{"@type":"ImageObject","inLanguage":"pt-BR","@id":"https:\/\/secure.gravatar.com\/avatar\/df0c9a14567c056f8ad6876ba5bbd1e3e2c48023eb6807342fc4663adf549f38?s=96&d=mm&r=g","url":"https:\/\/secure.gravatar.com\/avatar\/df0c9a14567c056f8ad6876ba5bbd1e3e2c48023eb6807342fc4663adf549f38?s=96&d=mm&r=g","contentUrl":"https:\/\/secure.gravatar.com\/avatar\/df0c9a14567c056f8ad6876ba5bbd1e3e2c48023eb6807342fc4663adf549f38?s=96&d=mm&r=g","caption":"Farn\u00e9sio"},"sameAs":["https:\/\/quersaberpolitica.com.br"],"url":"https:\/\/blogdofarnesio.com.br\/?author=1"}]}},"_links":{"self":[{"href":"https:\/\/blogdofarnesio.com.br\/index.php?rest_route=\/wp\/v2\/posts\/175939","targetHints":{"allow":["GET"]}}],"collection":[{"href":"https:\/\/blogdofarnesio.com.br\/index.php?rest_route=\/wp\/v2\/posts"}],"about":[{"href":"https:\/\/blogdofarnesio.com.br\/index.php?rest_route=\/wp\/v2\/types\/post"}],"author":[{"embeddable":true,"href":"https:\/\/blogdofarnesio.com.br\/index.php?rest_route=\/wp\/v2\/users\/1"}],"replies":[{"embeddable":true,"href":"https:\/\/blogdofarnesio.com.br\/index.php?rest_route=%2Fwp%2Fv2%2Fcomments&post=175939"}],"version-history":[{"count":0,"href":"https:\/\/blogdofarnesio.com.br\/index.php?rest_route=\/wp\/v2\/posts\/175939\/revisions"}],"wp:featuredmedia":[{"embeddable":true,"href":"https:\/\/blogdofarnesio.com.br\/index.php?rest_route=\/wp\/v2\/media\/175940"}],"wp:attachment":[{"href":"https:\/\/blogdofarnesio.com.br\/index.php?rest_route=%2Fwp%2Fv2%2Fmedia&parent=175939"}],"wp:term":[{"taxonomy":"category","embeddable":true,"href":"https:\/\/blogdofarnesio.com.br\/index.php?rest_route=%2Fwp%2Fv2%2Fcategories&post=175939"},{"taxonomy":"post_tag","embeddable":true,"href":"https:\/\/blogdofarnesio.com.br\/index.php?rest_route=%2Fwp%2Fv2%2Ftags&post=175939"}],"curies":[{"name":"wp","href":"https:\/\/api.w.org\/{rel}","templated":true}]}}