{"id":175664,"date":"2017-09-05T07:22:48","date_gmt":"2017-09-05T10:22:48","guid":{"rendered":"http:\/\/quersaberpolitica.com.br\/2016\/?p=175664"},"modified":"2017-09-04T19:41:18","modified_gmt":"2017-09-04T22:41:18","slug":"novos-promotores-assumem-comarcas-vagas-em-pernambuco-a-partir-de-hoje","status":"publish","type":"post","link":"https:\/\/blogdofarnesio.com.br\/?p=175664","title":{"rendered":"NOVOS PROMOTORES ASSUMEM COMARCAS VAGAS EM PERNAMBUCO A PARTIR DE HOJE"},"content":{"rendered":"<p>Encerrou-se na sexta-feira (1\u00b0), o curso de forma\u00e7\u00e3o dos 21 novos promotores de Justi\u00e7a que tomaram posse no dia 10 agosto. Os novos membros v\u00e3o assumir as comarcas que est\u00e3o h\u00e1 mais de dois anos sem promotor titular. Treze deles trabalhar\u00e3o em cidades do Sert\u00e3o do Estado, enquanto outros seis v\u00e3o para o Agreste e dois, para a Zona da Mata Sul.<\/p>\n<p>Os munic\u00edpios s\u00e3o: Jo\u00e3o Alfredo, Amaraji, Angelim, Santa Maria do Cambuc\u00e1, Toritama, Sanhar\u00f3, Cupira, Maraial, Carna\u00edba, Verdejante, Bet\u00e2nia, Bel\u00e9m de S\u00e3o Francisco, S\u00e3o Jos\u00e9 do Belmonte, Bodoc\u00f3, Terra Nova, Trindade, Parnamirim, Moreil\u00e2ndia, Ipubi e Cabrob\u00f3.<\/p>\n<p>A mesa de encerramento do curso de forma\u00e7\u00e3o, no audit\u00f3rio da Escola Superior do Minist\u00e9rio P\u00fabico (ESMP-PE), foi composta pelo procurador-geral de Justi\u00e7a, Francisco Dirceu Barros; o defensor P\u00fablico-Geral de Pernambuco, Manoel Jer\u00f4nimo de Melo Neto; o diretor da Escola Superior, S\u00edlvio Tavares; a procuradora de Justi\u00e7a Nelma Quaiotti; e o promotor de Justi\u00e7a Fabiano Saraiva.<\/p>\n<p>Na ocasi\u00e3o, o procurador-geral refor\u00e7ou a necessidade dos novos promotores interagirem com a sociedade local, atender ao p\u00fablico e n\u00e3o s\u00f3 ser o bra\u00e7o direito do Judici\u00e1rio. \u201cAfinal, somos os defensores do regime democr\u00e1tico e tamb\u00e9m guardi\u00e3o da cidadania\u201d, destacou.<\/p>\n<p>MPPE<\/p>\n","protected":false},"excerpt":{"rendered":"<p>Encerrou-se na sexta-feira (1\u00b0), o curso de forma\u00e7\u00e3o dos 21 novos promotores de Justi\u00e7a que tomaram posse no dia 10 agosto. Os novos membros v\u00e3o assumir as comarcas que est\u00e3o h\u00e1 mais de dois anos sem promotor titular. Treze deles trabalhar\u00e3o em cidades do Sert\u00e3o do Estado, enquanto outros seis v\u00e3o para o Agreste e dois, para a Zona da Mata Sul. Os munic\u00edpios s\u00e3o: Jo\u00e3o Alfredo, Amaraji, Angelim, Santa Maria do Cambuc\u00e1, Toritama, Sanhar\u00f3, Cupira, Maraial, Carna\u00edba, Verdejante, Bet\u00e2nia, Bel\u00e9m de S\u00e3o Francisco, S\u00e3o Jos\u00e9 do Belmonte, Bodoc\u00f3, Terra Nova, Trindade, Parnamirim, Moreil\u00e2ndia, Ipubi e Cabrob\u00f3. A mesa de encerramento do curso de forma\u00e7\u00e3o, no audit\u00f3rio da Escola Superior do Minist\u00e9rio P\u00fabico (ESMP-PE), foi composta pelo procurador-geral de Justi\u00e7a,&hellip; <\/p>\n","protected":false},"author":1,"featured_media":155001,"comment_status":"open","ping_status":"open","sticky":false,"template":"","format":"standard","meta":{"_acf_changed":false,"footnotes":""},"categories":[23],"tags":[],"class_list":["post-175664","post","type-post","status-publish","format-standard","has-post-thumbnail","hentry","category-justica"],"acf":[],"yoast_head":"<!-- This site is optimized with the Yoast SEO plugin v27.4 - https:\/\/yoast.com\/product\/yoast-seo-wordpress\/ -->\n<title>NOVOS PROMOTORES ASSUMEM COMARCAS VAGAS EM PERNAMBUCO A PARTIR DE HOJE - Blog do Farn\u00e9sio<\/title>\n<meta name=\"robots\" content=\"index, follow, max-snippet:-1, max-image-preview:large, max-video-preview:-1\" \/>\n<link rel=\"canonical\" href=\"https:\/\/blogdofarnesio.com.br\/?p=175664\" \/>\n<meta property=\"og:locale\" content=\"pt_BR\" \/>\n<meta property=\"og:type\" content=\"article\" \/>\n<meta property=\"og:title\" content=\"NOVOS PROMOTORES ASSUMEM COMARCAS VAGAS EM PERNAMBUCO A PARTIR DE HOJE - Blog do Farn\u00e9sio\" \/>\n<meta property=\"og:description\" content=\"Encerrou-se na sexta-feira (1\u00b0), o curso de forma\u00e7\u00e3o dos 21 novos promotores de Justi\u00e7a que tomaram posse no dia 10 agosto. Os novos membros v\u00e3o assumir as comarcas que est\u00e3o h\u00e1 mais de dois anos sem promotor titular. Treze deles trabalhar\u00e3o em cidades do Sert\u00e3o do Estado, enquanto outros seis v\u00e3o para o Agreste e dois, para a Zona da Mata Sul. Os munic\u00edpios s\u00e3o: Jo\u00e3o Alfredo, Amaraji, Angelim, Santa Maria do Cambuc\u00e1, Toritama, Sanhar\u00f3, Cupira, Maraial, Carna\u00edba, Verdejante, Bet\u00e2nia, Bel\u00e9m de S\u00e3o Francisco, S\u00e3o Jos\u00e9 do Belmonte, Bodoc\u00f3, Terra Nova, Trindade, Parnamirim, Moreil\u00e2ndia, Ipubi e Cabrob\u00f3. A mesa de encerramento do curso de forma\u00e7\u00e3o, no audit\u00f3rio da Escola Superior do Minist\u00e9rio P\u00fabico (ESMP-PE), foi composta pelo procurador-geral de Justi\u00e7a,&hellip;\" \/>\n<meta property=\"og:url\" content=\"https:\/\/blogdofarnesio.com.br\/?p=175664\" \/>\n<meta property=\"og:site_name\" content=\"Blog do Farn\u00e9sio\" \/>\n<meta property=\"article:publisher\" content=\"https:\/\/www.facebook.com\/BlogQuerSaberPolitica\/\" \/>\n<meta property=\"article:published_time\" content=\"2017-09-05T10:22:48+00:00\" \/>\n<meta property=\"og:image\" content=\"https:\/\/blogdofarnesio.com.br\/wp-content\/uploads\/2017\/01\/blogqsp-MPPE.jpg\" \/>\n\t<meta property=\"og:image:width\" content=\"580\" \/>\n\t<meta property=\"og:image:height\" content=\"389\" \/>\n\t<meta property=\"og:image:type\" content=\"image\/jpeg\" \/>\n<meta name=\"author\" content=\"Farn\u00e9sio\" \/>\n<meta name=\"twitter:card\" content=\"summary_large_image\" \/>\n<meta name=\"twitter:label1\" content=\"Escrito por\" \/>\n\t<meta name=\"twitter:data1\" content=\"Farn\u00e9sio\" \/>\n\t<meta name=\"twitter:label2\" content=\"Est. tempo de leitura\" \/>\n\t<meta name=\"twitter:data2\" content=\"1 minuto\" \/>\n<script type=\"application\/ld+json\" class=\"yoast-schema-graph\">{\"@context\":\"https:\\\/\\\/schema.org\",\"@graph\":[{\"@type\":\"Article\",\"@id\":\"https:\\\/\\\/blogdofarnesio.com.br\\\/?p=175664#article\",\"isPartOf\":{\"@id\":\"https:\\\/\\\/blogdofarnesio.com.br\\\/?p=175664\"},\"author\":{\"name\":\"Farn\u00e9sio\",\"@id\":\"https:\\\/\\\/blogdofarnesio.com.br\\\/#\\\/schema\\\/person\\\/301c4acf522bccbfdb45af95b5b906a1\"},\"headline\":\"NOVOS PROMOTORES ASSUMEM COMARCAS VAGAS EM PERNAMBUCO A PARTIR DE HOJE\",\"datePublished\":\"2017-09-05T10:22:48+00:00\",\"mainEntityOfPage\":{\"@id\":\"https:\\\/\\\/blogdofarnesio.com.br\\\/?p=175664\"},\"wordCount\":237,\"commentCount\":0,\"publisher\":{\"@id\":\"https:\\\/\\\/blogdofarnesio.com.br\\\/#organization\"},\"image\":{\"@id\":\"https:\\\/\\\/blogdofarnesio.com.br\\\/?p=175664#primaryimage\"},\"thumbnailUrl\":\"https:\\\/\\\/blogdofarnesio.com.br\\\/wp-content\\\/uploads\\\/2017\\\/01\\\/blogqsp-MPPE.jpg\",\"articleSection\":[\"Justi\u00e7a\"],\"inLanguage\":\"pt-BR\",\"potentialAction\":[{\"@type\":\"CommentAction\",\"name\":\"Comment\",\"target\":[\"https:\\\/\\\/blogdofarnesio.com.br\\\/?p=175664#respond\"]}]},{\"@type\":\"WebPage\",\"@id\":\"https:\\\/\\\/blogdofarnesio.com.br\\\/?p=175664\",\"url\":\"https:\\\/\\\/blogdofarnesio.com.br\\\/?p=175664\",\"name\":\"NOVOS PROMOTORES ASSUMEM COMARCAS VAGAS EM PERNAMBUCO A PARTIR DE HOJE - Blog do Farn\u00e9sio\",\"isPartOf\":{\"@id\":\"https:\\\/\\\/blogdofarnesio.com.br\\\/#website\"},\"primaryImageOfPage\":{\"@id\":\"https:\\\/\\\/blogdofarnesio.com.br\\\/?p=175664#primaryimage\"},\"image\":{\"@id\":\"https:\\\/\\\/blogdofarnesio.com.br\\\/?p=175664#primaryimage\"},\"thumbnailUrl\":\"https:\\\/\\\/blogdofarnesio.com.br\\\/wp-content\\\/uploads\\\/2017\\\/01\\\/blogqsp-MPPE.jpg\",\"datePublished\":\"2017-09-05T10:22:48+00:00\",\"breadcrumb\":{\"@id\":\"https:\\\/\\\/blogdofarnesio.com.br\\\/?p=175664#breadcrumb\"},\"inLanguage\":\"pt-BR\",\"potentialAction\":[{\"@type\":\"ReadAction\",\"target\":[\"https:\\\/\\\/blogdofarnesio.com.br\\\/?p=175664\"]}]},{\"@type\":\"ImageObject\",\"inLanguage\":\"pt-BR\",\"@id\":\"https:\\\/\\\/blogdofarnesio.com.br\\\/?p=175664#primaryimage\",\"url\":\"https:\\\/\\\/blogdofarnesio.com.br\\\/wp-content\\\/uploads\\\/2017\\\/01\\\/blogqsp-MPPE.jpg\",\"contentUrl\":\"https:\\\/\\\/blogdofarnesio.com.br\\\/wp-content\\\/uploads\\\/2017\\\/01\\\/blogqsp-MPPE.jpg\",\"width\":580,\"height\":389},{\"@type\":\"BreadcrumbList\",\"@id\":\"https:\\\/\\\/blogdofarnesio.com.br\\\/?p=175664#breadcrumb\",\"itemListElement\":[{\"@type\":\"ListItem\",\"position\":1,\"name\":\"In\u00edcio\",\"item\":\"https:\\\/\\\/blogdofarnesio.com.br\\\/\"},{\"@type\":\"ListItem\",\"position\":2,\"name\":\"NOVOS PROMOTORES ASSUMEM COMARCAS VAGAS EM PERNAMBUCO A PARTIR DE HOJE\"}]},{\"@type\":\"WebSite\",\"@id\":\"https:\\\/\\\/blogdofarnesio.com.br\\\/#website\",\"url\":\"https:\\\/\\\/blogdofarnesio.com.br\\\/\",\"name\":\"Blog do Farn\u00e9sio\",\"description\":\"Quer Saber Pol\u00edtica?\",\"publisher\":{\"@id\":\"https:\\\/\\\/blogdofarnesio.com.br\\\/#organization\"},\"potentialAction\":[{\"@type\":\"SearchAction\",\"target\":{\"@type\":\"EntryPoint\",\"urlTemplate\":\"https:\\\/\\\/blogdofarnesio.com.br\\\/?s={search_term_string}\"},\"query-input\":{\"@type\":\"PropertyValueSpecification\",\"valueRequired\":true,\"valueName\":\"search_term_string\"}}],\"inLanguage\":\"pt-BR\"},{\"@type\":\"Organization\",\"@id\":\"https:\\\/\\\/blogdofarnesio.com.br\\\/#organization\",\"name\":\"Blog do Farn\u00e9sio\",\"url\":\"https:\\\/\\\/blogdofarnesio.com.br\\\/\",\"logo\":{\"@type\":\"ImageObject\",\"inLanguage\":\"pt-BR\",\"@id\":\"https:\\\/\\\/blogdofarnesio.com.br\\\/#\\\/schema\\\/logo\\\/image\\\/\",\"url\":\"https:\\\/\\\/blogdofarnesio.com.br\\\/wp-content\\\/uploads\\\/2026\\\/03\\\/cropped-logo_new-1.png\",\"contentUrl\":\"https:\\\/\\\/blogdofarnesio.com.br\\\/wp-content\\\/uploads\\\/2026\\\/03\\\/cropped-logo_new-1.png\",\"width\":881,\"height\":685,\"caption\":\"Blog do Farn\u00e9sio\"},\"image\":{\"@id\":\"https:\\\/\\\/blogdofarnesio.com.br\\\/#\\\/schema\\\/logo\\\/image\\\/\"},\"sameAs\":[\"https:\\\/\\\/www.facebook.com\\\/BlogQuerSaberPolitica\\\/\"]},{\"@type\":\"Person\",\"@id\":\"https:\\\/\\\/blogdofarnesio.com.br\\\/#\\\/schema\\\/person\\\/301c4acf522bccbfdb45af95b5b906a1\",\"name\":\"Farn\u00e9sio\",\"image\":{\"@type\":\"ImageObject\",\"inLanguage\":\"pt-BR\",\"@id\":\"https:\\\/\\\/secure.gravatar.com\\\/avatar\\\/df0c9a14567c056f8ad6876ba5bbd1e3e2c48023eb6807342fc4663adf549f38?s=96&d=mm&r=g\",\"url\":\"https:\\\/\\\/secure.gravatar.com\\\/avatar\\\/df0c9a14567c056f8ad6876ba5bbd1e3e2c48023eb6807342fc4663adf549f38?s=96&d=mm&r=g\",\"contentUrl\":\"https:\\\/\\\/secure.gravatar.com\\\/avatar\\\/df0c9a14567c056f8ad6876ba5bbd1e3e2c48023eb6807342fc4663adf549f38?s=96&d=mm&r=g\",\"caption\":\"Farn\u00e9sio\"},\"sameAs\":[\"https:\\\/\\\/quersaberpolitica.com.br\"],\"url\":\"https:\\\/\\\/blogdofarnesio.com.br\\\/?author=1\"}]}<\/script>\n<!-- \/ Yoast SEO plugin. -->","yoast_head_json":{"title":"NOVOS PROMOTORES ASSUMEM COMARCAS VAGAS EM PERNAMBUCO A PARTIR DE HOJE - Blog do Farn\u00e9sio","robots":{"index":"index","follow":"follow","max-snippet":"max-snippet:-1","max-image-preview":"max-image-preview:large","max-video-preview":"max-video-preview:-1"},"canonical":"https:\/\/blogdofarnesio.com.br\/?p=175664","og_locale":"pt_BR","og_type":"article","og_title":"NOVOS PROMOTORES ASSUMEM COMARCAS VAGAS EM PERNAMBUCO A PARTIR DE HOJE - Blog do Farn\u00e9sio","og_description":"Encerrou-se na sexta-feira (1\u00b0), o curso de forma\u00e7\u00e3o dos 21 novos promotores de Justi\u00e7a que tomaram posse no dia 10 agosto. Os novos membros v\u00e3o assumir as comarcas que est\u00e3o h\u00e1 mais de dois anos sem promotor titular. Treze deles trabalhar\u00e3o em cidades do Sert\u00e3o do Estado, enquanto outros seis v\u00e3o para o Agreste e dois, para a Zona da Mata Sul. Os munic\u00edpios s\u00e3o: Jo\u00e3o Alfredo, Amaraji, Angelim, Santa Maria do Cambuc\u00e1, Toritama, Sanhar\u00f3, Cupira, Maraial, Carna\u00edba, Verdejante, Bet\u00e2nia, Bel\u00e9m de S\u00e3o Francisco, S\u00e3o Jos\u00e9 do Belmonte, Bodoc\u00f3, Terra Nova, Trindade, Parnamirim, Moreil\u00e2ndia, Ipubi e Cabrob\u00f3. A mesa de encerramento do curso de forma\u00e7\u00e3o, no audit\u00f3rio da Escola Superior do Minist\u00e9rio P\u00fabico (ESMP-PE), foi composta pelo procurador-geral de Justi\u00e7a,&hellip;","og_url":"https:\/\/blogdofarnesio.com.br\/?p=175664","og_site_name":"Blog do Farn\u00e9sio","article_publisher":"https:\/\/www.facebook.com\/BlogQuerSaberPolitica\/","article_published_time":"2017-09-05T10:22:48+00:00","og_image":[{"width":580,"height":389,"url":"https:\/\/blogdofarnesio.com.br\/wp-content\/uploads\/2017\/01\/blogqsp-MPPE.jpg","type":"image\/jpeg"}],"author":"Farn\u00e9sio","twitter_card":"summary_large_image","twitter_misc":{"Escrito por":"Farn\u00e9sio","Est. tempo de leitura":"1 minuto"},"schema":{"@context":"https:\/\/schema.org","@graph":[{"@type":"Article","@id":"https:\/\/blogdofarnesio.com.br\/?p=175664#article","isPartOf":{"@id":"https:\/\/blogdofarnesio.com.br\/?p=175664"},"author":{"name":"Farn\u00e9sio","@id":"https:\/\/blogdofarnesio.com.br\/#\/schema\/person\/301c4acf522bccbfdb45af95b5b906a1"},"headline":"NOVOS PROMOTORES ASSUMEM COMARCAS VAGAS EM PERNAMBUCO A PARTIR DE HOJE","datePublished":"2017-09-05T10:22:48+00:00","mainEntityOfPage":{"@id":"https:\/\/blogdofarnesio.com.br\/?p=175664"},"wordCount":237,"commentCount":0,"publisher":{"@id":"https:\/\/blogdofarnesio.com.br\/#organization"},"image":{"@id":"https:\/\/blogdofarnesio.com.br\/?p=175664#primaryimage"},"thumbnailUrl":"https:\/\/blogdofarnesio.com.br\/wp-content\/uploads\/2017\/01\/blogqsp-MPPE.jpg","articleSection":["Justi\u00e7a"],"inLanguage":"pt-BR","potentialAction":[{"@type":"CommentAction","name":"Comment","target":["https:\/\/blogdofarnesio.com.br\/?p=175664#respond"]}]},{"@type":"WebPage","@id":"https:\/\/blogdofarnesio.com.br\/?p=175664","url":"https:\/\/blogdofarnesio.com.br\/?p=175664","name":"NOVOS PROMOTORES ASSUMEM COMARCAS VAGAS EM PERNAMBUCO A PARTIR DE HOJE - Blog do Farn\u00e9sio","isPartOf":{"@id":"https:\/\/blogdofarnesio.com.br\/#website"},"primaryImageOfPage":{"@id":"https:\/\/blogdofarnesio.com.br\/?p=175664#primaryimage"},"image":{"@id":"https:\/\/blogdofarnesio.com.br\/?p=175664#primaryimage"},"thumbnailUrl":"https:\/\/blogdofarnesio.com.br\/wp-content\/uploads\/2017\/01\/blogqsp-MPPE.jpg","datePublished":"2017-09-05T10:22:48+00:00","breadcrumb":{"@id":"https:\/\/blogdofarnesio.com.br\/?p=175664#breadcrumb"},"inLanguage":"pt-BR","potentialAction":[{"@type":"ReadAction","target":["https:\/\/blogdofarnesio.com.br\/?p=175664"]}]},{"@type":"ImageObject","inLanguage":"pt-BR","@id":"https:\/\/blogdofarnesio.com.br\/?p=175664#primaryimage","url":"https:\/\/blogdofarnesio.com.br\/wp-content\/uploads\/2017\/01\/blogqsp-MPPE.jpg","contentUrl":"https:\/\/blogdofarnesio.com.br\/wp-content\/uploads\/2017\/01\/blogqsp-MPPE.jpg","width":580,"height":389},{"@type":"BreadcrumbList","@id":"https:\/\/blogdofarnesio.com.br\/?p=175664#breadcrumb","itemListElement":[{"@type":"ListItem","position":1,"name":"In\u00edcio","item":"https:\/\/blogdofarnesio.com.br\/"},{"@type":"ListItem","position":2,"name":"NOVOS PROMOTORES ASSUMEM COMARCAS VAGAS EM PERNAMBUCO A PARTIR DE HOJE"}]},{"@type":"WebSite","@id":"https:\/\/blogdofarnesio.com.br\/#website","url":"https:\/\/blogdofarnesio.com.br\/","name":"Blog do Farn\u00e9sio","description":"Quer Saber Pol\u00edtica?","publisher":{"@id":"https:\/\/blogdofarnesio.com.br\/#organization"},"potentialAction":[{"@type":"SearchAction","target":{"@type":"EntryPoint","urlTemplate":"https:\/\/blogdofarnesio.com.br\/?s={search_term_string}"},"query-input":{"@type":"PropertyValueSpecification","valueRequired":true,"valueName":"search_term_string"}}],"inLanguage":"pt-BR"},{"@type":"Organization","@id":"https:\/\/blogdofarnesio.com.br\/#organization","name":"Blog do Farn\u00e9sio","url":"https:\/\/blogdofarnesio.com.br\/","logo":{"@type":"ImageObject","inLanguage":"pt-BR","@id":"https:\/\/blogdofarnesio.com.br\/#\/schema\/logo\/image\/","url":"https:\/\/blogdofarnesio.com.br\/wp-content\/uploads\/2026\/03\/cropped-logo_new-1.png","contentUrl":"https:\/\/blogdofarnesio.com.br\/wp-content\/uploads\/2026\/03\/cropped-logo_new-1.png","width":881,"height":685,"caption":"Blog do Farn\u00e9sio"},"image":{"@id":"https:\/\/blogdofarnesio.com.br\/#\/schema\/logo\/image\/"},"sameAs":["https:\/\/www.facebook.com\/BlogQuerSaberPolitica\/"]},{"@type":"Person","@id":"https:\/\/blogdofarnesio.com.br\/#\/schema\/person\/301c4acf522bccbfdb45af95b5b906a1","name":"Farn\u00e9sio","image":{"@type":"ImageObject","inLanguage":"pt-BR","@id":"https:\/\/secure.gravatar.com\/avatar\/df0c9a14567c056f8ad6876ba5bbd1e3e2c48023eb6807342fc4663adf549f38?s=96&d=mm&r=g","url":"https:\/\/secure.gravatar.com\/avatar\/df0c9a14567c056f8ad6876ba5bbd1e3e2c48023eb6807342fc4663adf549f38?s=96&d=mm&r=g","contentUrl":"https:\/\/secure.gravatar.com\/avatar\/df0c9a14567c056f8ad6876ba5bbd1e3e2c48023eb6807342fc4663adf549f38?s=96&d=mm&r=g","caption":"Farn\u00e9sio"},"sameAs":["https:\/\/quersaberpolitica.com.br"],"url":"https:\/\/blogdofarnesio.com.br\/?author=1"}]}},"_links":{"self":[{"href":"https:\/\/blogdofarnesio.com.br\/index.php?rest_route=\/wp\/v2\/posts\/175664","targetHints":{"allow":["GET"]}}],"collection":[{"href":"https:\/\/blogdofarnesio.com.br\/index.php?rest_route=\/wp\/v2\/posts"}],"about":[{"href":"https:\/\/blogdofarnesio.com.br\/index.php?rest_route=\/wp\/v2\/types\/post"}],"author":[{"embeddable":true,"href":"https:\/\/blogdofarnesio.com.br\/index.php?rest_route=\/wp\/v2\/users\/1"}],"replies":[{"embeddable":true,"href":"https:\/\/blogdofarnesio.com.br\/index.php?rest_route=%2Fwp%2Fv2%2Fcomments&post=175664"}],"version-history":[{"count":0,"href":"https:\/\/blogdofarnesio.com.br\/index.php?rest_route=\/wp\/v2\/posts\/175664\/revisions"}],"wp:featuredmedia":[{"embeddable":true,"href":"https:\/\/blogdofarnesio.com.br\/index.php?rest_route=\/wp\/v2\/media\/155001"}],"wp:attachment":[{"href":"https:\/\/blogdofarnesio.com.br\/index.php?rest_route=%2Fwp%2Fv2%2Fmedia&parent=175664"}],"wp:term":[{"taxonomy":"category","embeddable":true,"href":"https:\/\/blogdofarnesio.com.br\/index.php?rest_route=%2Fwp%2Fv2%2Fcategories&post=175664"},{"taxonomy":"post_tag","embeddable":true,"href":"https:\/\/blogdofarnesio.com.br\/index.php?rest_route=%2Fwp%2Fv2%2Ftags&post=175664"}],"curies":[{"name":"wp","href":"https:\/\/api.w.org\/{rel}","templated":true}]}}