{"id":175586,"date":"2017-09-03T12:00:20","date_gmt":"2017-09-03T15:00:20","guid":{"rendered":"http:\/\/quersaberpolitica.com.br\/2016\/?p=175586"},"modified":"2017-09-03T09:49:35","modified_gmt":"2017-09-03T12:49:35","slug":"processo-vergonhoso","status":"publish","type":"post","link":"https:\/\/blogdofarnesio.com.br\/?p=175586","title":{"rendered":"PROCESSO VERGONHOSO"},"content":{"rendered":"<div id=\"container_clear\"><\/div>\n<p><strong>Bernardo Mello Franco &#8211; Folha de S.Paulo<\/strong><\/p>\n<p>O governo entrou em setembro \u00e0 beira de um ataque de nervos. Na noite de sexta, a Presid\u00eancia\u00a0<a href=\"http:\/\/www1.folha.uol.com.br\/poder\/2017\/09\/1915176-planalto-antecipa-defesa-e-diz-que-delacao-de-funaro-e-perseguicao.shtml\">emitiu uma nota agressiva<\/a>, com ataques aos delatores L\u00facio Funaro e Joesley Batista. No revide, o dono da JBS<a href=\"http:\/\/www1.folha.uol.com.br\/poder\/2017\/09\/1915289-joesley-chama-temer-de-ladrao-e-diz-que-presidente-nao-consegue-se-defender.shtml\">chamou Michel Temer de &#8220;ladr\u00e3o geral da Rep\u00fablica&#8221;<\/a>.<\/p>\n<p>O Planalto tenta se antecipar ao que vem por a\u00ed: a segunda den\u00fancia criminal contra o presidente. A estrat\u00e9gia, mais uma vez, resume-se a um esfor\u00e7o de desqualificar quem acusa. A novidade \u00e9 o ataque a Funaro, apontado como operador dos esquemas do PMDB da C\u00e2mara.<\/p>\n<p>A nota oficial diz que o doleiro \u00e9 um &#8220;criminoso not\u00f3rio e perigoso&#8221;, movido pela &#8220;vontade inexor\u00e1vel de perseguir o presidente da Rep\u00fablica&#8221;. Em outro trecho, o documento assume tom de folhetim e se refere ao delator como &#8220;essa pessoa&#8221;.<\/p>\n<p>Na vers\u00e3o do pal\u00e1cio, Funaro prestou um depoimento falso para servir a quem tenta derrubar Temer. O problema \u00e9 que &#8220;essa pessoa&#8221; n\u00e3o foi inventada pelo Minist\u00e9rio P\u00fablico ou pela oposi\u00e7\u00e3o. Quem p\u00f4s Funaro na roda foi o advogado Jos\u00e9 Yunes, primeiro-amigo do presidente.<\/p>\n<p>Em mar\u00e7o, Yunes contou ter recebido um &#8220;pacote&#8221; das m\u00e3os do doleiro, a pedido do ministro Eliseu Padilha. O advogado disse que n\u00e3o abriu a correspond\u00eancia, mas afirmou ter sido usado como &#8220;mula involunt\u00e1ria&#8221; do chefe da Casa Civil.<\/p>\n<p>Doleiros n\u00e3o entregam flores, entregam dinheiro vivo. Segundo o depoimento de Cl\u00e1udio Melo Filho, o &#8220;pacote&#8221; continha R$ 1 milh\u00e3o e fazia parte de um acerto da Odebrecht com o grupo de Temer. \u00c0 exce\u00e7\u00e3o de Yunes, os outros personagens da hist\u00f3ria continuam no Planalto.<\/p>\n<p>A nova den\u00fancia dar\u00e1 in\u00edcio a outra rodada de negocia\u00e7\u00f5es para salvar Temer. O presidente estuda antecipar a volta da China para se reunir com deputados, que tamb\u00e9m n\u00e3o costumam receber flores. Em meio aos ataques a Funaro e Joesley, a nota do Planalto disse que est\u00e1 em curso um &#8220;processo vergonhoso&#8221;. Deste ponto, parece imposs\u00edvel discordar.<\/p>\n","protected":false},"excerpt":{"rendered":"<p>Bernardo Mello Franco &#8211; Folha de S.Paulo O governo entrou em setembro \u00e0 beira de um ataque de nervos. Na noite de sexta, a Presid\u00eancia\u00a0emitiu uma nota agressiva, com ataques aos delatores L\u00facio Funaro e Joesley Batista. No revide, o dono da JBSchamou Michel Temer de &#8220;ladr\u00e3o geral da Rep\u00fablica&#8221;. O Planalto tenta se antecipar ao que vem por a\u00ed: a segunda den\u00fancia criminal contra o presidente. A estrat\u00e9gia, mais uma vez, resume-se a um esfor\u00e7o de desqualificar quem acusa. A novidade \u00e9 o ataque a Funaro, apontado como operador dos esquemas do PMDB da C\u00e2mara. A nota oficial diz que o doleiro \u00e9 um &#8220;criminoso not\u00f3rio e perigoso&#8221;, movido pela &#8220;vontade inexor\u00e1vel de perseguir o presidente da Rep\u00fablica&#8221;. Em&hellip; <\/p>\n","protected":false},"author":1,"featured_media":175589,"comment_status":"open","ping_status":"open","sticky":false,"template":"","format":"standard","meta":{"_acf_changed":false,"footnotes":""},"categories":[30],"tags":[],"class_list":["post-175586","post","type-post","status-publish","format-standard","has-post-thumbnail","hentry","category-artigo"],"acf":[],"yoast_head":"<!-- This site is optimized with the Yoast SEO plugin v27.4 - https:\/\/yoast.com\/product\/yoast-seo-wordpress\/ -->\n<title>PROCESSO VERGONHOSO - Blog do Farn\u00e9sio<\/title>\n<meta name=\"robots\" content=\"index, follow, max-snippet:-1, max-image-preview:large, max-video-preview:-1\" \/>\n<link rel=\"canonical\" href=\"https:\/\/blogdofarnesio.com.br\/?p=175586\" \/>\n<meta property=\"og:locale\" content=\"pt_BR\" \/>\n<meta property=\"og:type\" content=\"article\" \/>\n<meta property=\"og:title\" content=\"PROCESSO VERGONHOSO - Blog do Farn\u00e9sio\" \/>\n<meta property=\"og:description\" content=\"Bernardo Mello Franco &#8211; Folha de S.Paulo O governo entrou em setembro \u00e0 beira de um ataque de nervos. Na noite de sexta, a Presid\u00eancia\u00a0emitiu uma nota agressiva, com ataques aos delatores L\u00facio Funaro e Joesley Batista. No revide, o dono da JBSchamou Michel Temer de &#8220;ladr\u00e3o geral da Rep\u00fablica&#8221;. O Planalto tenta se antecipar ao que vem por a\u00ed: a segunda den\u00fancia criminal contra o presidente. A estrat\u00e9gia, mais uma vez, resume-se a um esfor\u00e7o de desqualificar quem acusa. A novidade \u00e9 o ataque a Funaro, apontado como operador dos esquemas do PMDB da C\u00e2mara. A nota oficial diz que o doleiro \u00e9 um &#8220;criminoso not\u00f3rio e perigoso&#8221;, movido pela &#8220;vontade inexor\u00e1vel de perseguir o presidente da Rep\u00fablica&#8221;. Em&hellip;\" \/>\n<meta property=\"og:url\" content=\"https:\/\/blogdofarnesio.com.br\/?p=175586\" \/>\n<meta property=\"og:site_name\" content=\"Blog do Farn\u00e9sio\" \/>\n<meta property=\"article:publisher\" content=\"https:\/\/www.facebook.com\/BlogQuerSaberPolitica\/\" \/>\n<meta property=\"article:published_time\" content=\"2017-09-03T15:00:20+00:00\" \/>\n<meta property=\"og:image\" content=\"https:\/\/blogdofarnesio.com.br\/wp-content\/uploads\/2017\/09\/blogqspvergonha0.jpg\" \/>\n\t<meta property=\"og:image:width\" content=\"1280\" \/>\n\t<meta property=\"og:image:height\" content=\"720\" \/>\n\t<meta property=\"og:image:type\" content=\"image\/jpeg\" \/>\n<meta name=\"author\" content=\"Farn\u00e9sio\" \/>\n<meta name=\"twitter:card\" content=\"summary_large_image\" \/>\n<meta name=\"twitter:label1\" content=\"Escrito por\" \/>\n\t<meta name=\"twitter:data1\" content=\"Farn\u00e9sio\" \/>\n\t<meta name=\"twitter:label2\" content=\"Est. tempo de leitura\" \/>\n\t<meta name=\"twitter:data2\" content=\"2 minutos\" \/>\n<script type=\"application\/ld+json\" class=\"yoast-schema-graph\">{\"@context\":\"https:\\\/\\\/schema.org\",\"@graph\":[{\"@type\":\"Article\",\"@id\":\"https:\\\/\\\/blogdofarnesio.com.br\\\/?p=175586#article\",\"isPartOf\":{\"@id\":\"https:\\\/\\\/blogdofarnesio.com.br\\\/?p=175586\"},\"author\":{\"name\":\"Farn\u00e9sio\",\"@id\":\"https:\\\/\\\/blogdofarnesio.com.br\\\/#\\\/schema\\\/person\\\/301c4acf522bccbfdb45af95b5b906a1\"},\"headline\":\"PROCESSO VERGONHOSO\",\"datePublished\":\"2017-09-03T15:00:20+00:00\",\"mainEntityOfPage\":{\"@id\":\"https:\\\/\\\/blogdofarnesio.com.br\\\/?p=175586\"},\"wordCount\":353,\"commentCount\":0,\"publisher\":{\"@id\":\"https:\\\/\\\/blogdofarnesio.com.br\\\/#organization\"},\"image\":{\"@id\":\"https:\\\/\\\/blogdofarnesio.com.br\\\/?p=175586#primaryimage\"},\"thumbnailUrl\":\"https:\\\/\\\/blogdofarnesio.com.br\\\/wp-content\\\/uploads\\\/2017\\\/09\\\/blogqspvergonha0.jpg\",\"articleSection\":[\"Artigo\"],\"inLanguage\":\"pt-BR\",\"potentialAction\":[{\"@type\":\"CommentAction\",\"name\":\"Comment\",\"target\":[\"https:\\\/\\\/blogdofarnesio.com.br\\\/?p=175586#respond\"]}]},{\"@type\":\"WebPage\",\"@id\":\"https:\\\/\\\/blogdofarnesio.com.br\\\/?p=175586\",\"url\":\"https:\\\/\\\/blogdofarnesio.com.br\\\/?p=175586\",\"name\":\"PROCESSO VERGONHOSO - Blog do Farn\u00e9sio\",\"isPartOf\":{\"@id\":\"https:\\\/\\\/blogdofarnesio.com.br\\\/#website\"},\"primaryImageOfPage\":{\"@id\":\"https:\\\/\\\/blogdofarnesio.com.br\\\/?p=175586#primaryimage\"},\"image\":{\"@id\":\"https:\\\/\\\/blogdofarnesio.com.br\\\/?p=175586#primaryimage\"},\"thumbnailUrl\":\"https:\\\/\\\/blogdofarnesio.com.br\\\/wp-content\\\/uploads\\\/2017\\\/09\\\/blogqspvergonha0.jpg\",\"datePublished\":\"2017-09-03T15:00:20+00:00\",\"breadcrumb\":{\"@id\":\"https:\\\/\\\/blogdofarnesio.com.br\\\/?p=175586#breadcrumb\"},\"inLanguage\":\"pt-BR\",\"potentialAction\":[{\"@type\":\"ReadAction\",\"target\":[\"https:\\\/\\\/blogdofarnesio.com.br\\\/?p=175586\"]}]},{\"@type\":\"ImageObject\",\"inLanguage\":\"pt-BR\",\"@id\":\"https:\\\/\\\/blogdofarnesio.com.br\\\/?p=175586#primaryimage\",\"url\":\"https:\\\/\\\/blogdofarnesio.com.br\\\/wp-content\\\/uploads\\\/2017\\\/09\\\/blogqspvergonha0.jpg\",\"contentUrl\":\"https:\\\/\\\/blogdofarnesio.com.br\\\/wp-content\\\/uploads\\\/2017\\\/09\\\/blogqspvergonha0.jpg\",\"width\":1280,\"height\":720},{\"@type\":\"BreadcrumbList\",\"@id\":\"https:\\\/\\\/blogdofarnesio.com.br\\\/?p=175586#breadcrumb\",\"itemListElement\":[{\"@type\":\"ListItem\",\"position\":1,\"name\":\"In\u00edcio\",\"item\":\"https:\\\/\\\/blogdofarnesio.com.br\\\/\"},{\"@type\":\"ListItem\",\"position\":2,\"name\":\"PROCESSO VERGONHOSO\"}]},{\"@type\":\"WebSite\",\"@id\":\"https:\\\/\\\/blogdofarnesio.com.br\\\/#website\",\"url\":\"https:\\\/\\\/blogdofarnesio.com.br\\\/\",\"name\":\"Blog do Farn\u00e9sio\",\"description\":\"Quer Saber Pol\u00edtica?\",\"publisher\":{\"@id\":\"https:\\\/\\\/blogdofarnesio.com.br\\\/#organization\"},\"potentialAction\":[{\"@type\":\"SearchAction\",\"target\":{\"@type\":\"EntryPoint\",\"urlTemplate\":\"https:\\\/\\\/blogdofarnesio.com.br\\\/?s={search_term_string}\"},\"query-input\":{\"@type\":\"PropertyValueSpecification\",\"valueRequired\":true,\"valueName\":\"search_term_string\"}}],\"inLanguage\":\"pt-BR\"},{\"@type\":\"Organization\",\"@id\":\"https:\\\/\\\/blogdofarnesio.com.br\\\/#organization\",\"name\":\"Blog do Farn\u00e9sio\",\"url\":\"https:\\\/\\\/blogdofarnesio.com.br\\\/\",\"logo\":{\"@type\":\"ImageObject\",\"inLanguage\":\"pt-BR\",\"@id\":\"https:\\\/\\\/blogdofarnesio.com.br\\\/#\\\/schema\\\/logo\\\/image\\\/\",\"url\":\"https:\\\/\\\/blogdofarnesio.com.br\\\/wp-content\\\/uploads\\\/2026\\\/03\\\/cropped-logo_new-1.png\",\"contentUrl\":\"https:\\\/\\\/blogdofarnesio.com.br\\\/wp-content\\\/uploads\\\/2026\\\/03\\\/cropped-logo_new-1.png\",\"width\":881,\"height\":685,\"caption\":\"Blog do Farn\u00e9sio\"},\"image\":{\"@id\":\"https:\\\/\\\/blogdofarnesio.com.br\\\/#\\\/schema\\\/logo\\\/image\\\/\"},\"sameAs\":[\"https:\\\/\\\/www.facebook.com\\\/BlogQuerSaberPolitica\\\/\"]},{\"@type\":\"Person\",\"@id\":\"https:\\\/\\\/blogdofarnesio.com.br\\\/#\\\/schema\\\/person\\\/301c4acf522bccbfdb45af95b5b906a1\",\"name\":\"Farn\u00e9sio\",\"image\":{\"@type\":\"ImageObject\",\"inLanguage\":\"pt-BR\",\"@id\":\"https:\\\/\\\/secure.gravatar.com\\\/avatar\\\/df0c9a14567c056f8ad6876ba5bbd1e3e2c48023eb6807342fc4663adf549f38?s=96&d=mm&r=g\",\"url\":\"https:\\\/\\\/secure.gravatar.com\\\/avatar\\\/df0c9a14567c056f8ad6876ba5bbd1e3e2c48023eb6807342fc4663adf549f38?s=96&d=mm&r=g\",\"contentUrl\":\"https:\\\/\\\/secure.gravatar.com\\\/avatar\\\/df0c9a14567c056f8ad6876ba5bbd1e3e2c48023eb6807342fc4663adf549f38?s=96&d=mm&r=g\",\"caption\":\"Farn\u00e9sio\"},\"sameAs\":[\"https:\\\/\\\/quersaberpolitica.com.br\"],\"url\":\"https:\\\/\\\/blogdofarnesio.com.br\\\/?author=1\"}]}<\/script>\n<!-- \/ Yoast SEO plugin. -->","yoast_head_json":{"title":"PROCESSO VERGONHOSO - Blog do Farn\u00e9sio","robots":{"index":"index","follow":"follow","max-snippet":"max-snippet:-1","max-image-preview":"max-image-preview:large","max-video-preview":"max-video-preview:-1"},"canonical":"https:\/\/blogdofarnesio.com.br\/?p=175586","og_locale":"pt_BR","og_type":"article","og_title":"PROCESSO VERGONHOSO - Blog do Farn\u00e9sio","og_description":"Bernardo Mello Franco &#8211; Folha de S.Paulo O governo entrou em setembro \u00e0 beira de um ataque de nervos. Na noite de sexta, a Presid\u00eancia\u00a0emitiu uma nota agressiva, com ataques aos delatores L\u00facio Funaro e Joesley Batista. No revide, o dono da JBSchamou Michel Temer de &#8220;ladr\u00e3o geral da Rep\u00fablica&#8221;. O Planalto tenta se antecipar ao que vem por a\u00ed: a segunda den\u00fancia criminal contra o presidente. A estrat\u00e9gia, mais uma vez, resume-se a um esfor\u00e7o de desqualificar quem acusa. A novidade \u00e9 o ataque a Funaro, apontado como operador dos esquemas do PMDB da C\u00e2mara. A nota oficial diz que o doleiro \u00e9 um &#8220;criminoso not\u00f3rio e perigoso&#8221;, movido pela &#8220;vontade inexor\u00e1vel de perseguir o presidente da Rep\u00fablica&#8221;. Em&hellip;","og_url":"https:\/\/blogdofarnesio.com.br\/?p=175586","og_site_name":"Blog do Farn\u00e9sio","article_publisher":"https:\/\/www.facebook.com\/BlogQuerSaberPolitica\/","article_published_time":"2017-09-03T15:00:20+00:00","og_image":[{"width":1280,"height":720,"url":"https:\/\/blogdofarnesio.com.br\/wp-content\/uploads\/2017\/09\/blogqspvergonha0.jpg","type":"image\/jpeg"}],"author":"Farn\u00e9sio","twitter_card":"summary_large_image","twitter_misc":{"Escrito por":"Farn\u00e9sio","Est. tempo de leitura":"2 minutos"},"schema":{"@context":"https:\/\/schema.org","@graph":[{"@type":"Article","@id":"https:\/\/blogdofarnesio.com.br\/?p=175586#article","isPartOf":{"@id":"https:\/\/blogdofarnesio.com.br\/?p=175586"},"author":{"name":"Farn\u00e9sio","@id":"https:\/\/blogdofarnesio.com.br\/#\/schema\/person\/301c4acf522bccbfdb45af95b5b906a1"},"headline":"PROCESSO VERGONHOSO","datePublished":"2017-09-03T15:00:20+00:00","mainEntityOfPage":{"@id":"https:\/\/blogdofarnesio.com.br\/?p=175586"},"wordCount":353,"commentCount":0,"publisher":{"@id":"https:\/\/blogdofarnesio.com.br\/#organization"},"image":{"@id":"https:\/\/blogdofarnesio.com.br\/?p=175586#primaryimage"},"thumbnailUrl":"https:\/\/blogdofarnesio.com.br\/wp-content\/uploads\/2017\/09\/blogqspvergonha0.jpg","articleSection":["Artigo"],"inLanguage":"pt-BR","potentialAction":[{"@type":"CommentAction","name":"Comment","target":["https:\/\/blogdofarnesio.com.br\/?p=175586#respond"]}]},{"@type":"WebPage","@id":"https:\/\/blogdofarnesio.com.br\/?p=175586","url":"https:\/\/blogdofarnesio.com.br\/?p=175586","name":"PROCESSO VERGONHOSO - Blog do Farn\u00e9sio","isPartOf":{"@id":"https:\/\/blogdofarnesio.com.br\/#website"},"primaryImageOfPage":{"@id":"https:\/\/blogdofarnesio.com.br\/?p=175586#primaryimage"},"image":{"@id":"https:\/\/blogdofarnesio.com.br\/?p=175586#primaryimage"},"thumbnailUrl":"https:\/\/blogdofarnesio.com.br\/wp-content\/uploads\/2017\/09\/blogqspvergonha0.jpg","datePublished":"2017-09-03T15:00:20+00:00","breadcrumb":{"@id":"https:\/\/blogdofarnesio.com.br\/?p=175586#breadcrumb"},"inLanguage":"pt-BR","potentialAction":[{"@type":"ReadAction","target":["https:\/\/blogdofarnesio.com.br\/?p=175586"]}]},{"@type":"ImageObject","inLanguage":"pt-BR","@id":"https:\/\/blogdofarnesio.com.br\/?p=175586#primaryimage","url":"https:\/\/blogdofarnesio.com.br\/wp-content\/uploads\/2017\/09\/blogqspvergonha0.jpg","contentUrl":"https:\/\/blogdofarnesio.com.br\/wp-content\/uploads\/2017\/09\/blogqspvergonha0.jpg","width":1280,"height":720},{"@type":"BreadcrumbList","@id":"https:\/\/blogdofarnesio.com.br\/?p=175586#breadcrumb","itemListElement":[{"@type":"ListItem","position":1,"name":"In\u00edcio","item":"https:\/\/blogdofarnesio.com.br\/"},{"@type":"ListItem","position":2,"name":"PROCESSO VERGONHOSO"}]},{"@type":"WebSite","@id":"https:\/\/blogdofarnesio.com.br\/#website","url":"https:\/\/blogdofarnesio.com.br\/","name":"Blog do Farn\u00e9sio","description":"Quer Saber Pol\u00edtica?","publisher":{"@id":"https:\/\/blogdofarnesio.com.br\/#organization"},"potentialAction":[{"@type":"SearchAction","target":{"@type":"EntryPoint","urlTemplate":"https:\/\/blogdofarnesio.com.br\/?s={search_term_string}"},"query-input":{"@type":"PropertyValueSpecification","valueRequired":true,"valueName":"search_term_string"}}],"inLanguage":"pt-BR"},{"@type":"Organization","@id":"https:\/\/blogdofarnesio.com.br\/#organization","name":"Blog do Farn\u00e9sio","url":"https:\/\/blogdofarnesio.com.br\/","logo":{"@type":"ImageObject","inLanguage":"pt-BR","@id":"https:\/\/blogdofarnesio.com.br\/#\/schema\/logo\/image\/","url":"https:\/\/blogdofarnesio.com.br\/wp-content\/uploads\/2026\/03\/cropped-logo_new-1.png","contentUrl":"https:\/\/blogdofarnesio.com.br\/wp-content\/uploads\/2026\/03\/cropped-logo_new-1.png","width":881,"height":685,"caption":"Blog do Farn\u00e9sio"},"image":{"@id":"https:\/\/blogdofarnesio.com.br\/#\/schema\/logo\/image\/"},"sameAs":["https:\/\/www.facebook.com\/BlogQuerSaberPolitica\/"]},{"@type":"Person","@id":"https:\/\/blogdofarnesio.com.br\/#\/schema\/person\/301c4acf522bccbfdb45af95b5b906a1","name":"Farn\u00e9sio","image":{"@type":"ImageObject","inLanguage":"pt-BR","@id":"https:\/\/secure.gravatar.com\/avatar\/df0c9a14567c056f8ad6876ba5bbd1e3e2c48023eb6807342fc4663adf549f38?s=96&d=mm&r=g","url":"https:\/\/secure.gravatar.com\/avatar\/df0c9a14567c056f8ad6876ba5bbd1e3e2c48023eb6807342fc4663adf549f38?s=96&d=mm&r=g","contentUrl":"https:\/\/secure.gravatar.com\/avatar\/df0c9a14567c056f8ad6876ba5bbd1e3e2c48023eb6807342fc4663adf549f38?s=96&d=mm&r=g","caption":"Farn\u00e9sio"},"sameAs":["https:\/\/quersaberpolitica.com.br"],"url":"https:\/\/blogdofarnesio.com.br\/?author=1"}]}},"_links":{"self":[{"href":"https:\/\/blogdofarnesio.com.br\/index.php?rest_route=\/wp\/v2\/posts\/175586","targetHints":{"allow":["GET"]}}],"collection":[{"href":"https:\/\/blogdofarnesio.com.br\/index.php?rest_route=\/wp\/v2\/posts"}],"about":[{"href":"https:\/\/blogdofarnesio.com.br\/index.php?rest_route=\/wp\/v2\/types\/post"}],"author":[{"embeddable":true,"href":"https:\/\/blogdofarnesio.com.br\/index.php?rest_route=\/wp\/v2\/users\/1"}],"replies":[{"embeddable":true,"href":"https:\/\/blogdofarnesio.com.br\/index.php?rest_route=%2Fwp%2Fv2%2Fcomments&post=175586"}],"version-history":[{"count":0,"href":"https:\/\/blogdofarnesio.com.br\/index.php?rest_route=\/wp\/v2\/posts\/175586\/revisions"}],"wp:featuredmedia":[{"embeddable":true,"href":"https:\/\/blogdofarnesio.com.br\/index.php?rest_route=\/wp\/v2\/media\/175589"}],"wp:attachment":[{"href":"https:\/\/blogdofarnesio.com.br\/index.php?rest_route=%2Fwp%2Fv2%2Fmedia&parent=175586"}],"wp:term":[{"taxonomy":"category","embeddable":true,"href":"https:\/\/blogdofarnesio.com.br\/index.php?rest_route=%2Fwp%2Fv2%2Fcategories&post=175586"},{"taxonomy":"post_tag","embeddable":true,"href":"https:\/\/blogdofarnesio.com.br\/index.php?rest_route=%2Fwp%2Fv2%2Ftags&post=175586"}],"curies":[{"name":"wp","href":"https:\/\/api.w.org\/{rel}","templated":true}]}}