{"id":175558,"date":"2017-09-03T11:00:55","date_gmt":"2017-09-03T14:00:55","guid":{"rendered":"http:\/\/quersaberpolitica.com.br\/2016\/?p=175558"},"modified":"2017-09-03T09:58:00","modified_gmt":"2017-09-03T12:58:00","slug":"se-clara-nunes-estivesse-viva-estaria-completando-75-anos","status":"publish","type":"post","link":"https:\/\/blogdofarnesio.com.br\/2017\/09\/se-clara-nunes-estivesse-viva-estaria-completando-75-anos\/","title":{"rendered":"SE CLARA NUNES ESTIVESSE VIVA ESTARIA COMPLETANDO 75 ANOS"},"content":{"rendered":"<h2 class=\"amp-da-subtitle\">Est\u00e1tua em tamanho natural da mineira, produzida por artista pl\u00e1stica e f\u00e3, foi inaugurada\u00a0ontem em Caetan\u00f3polis, terra da cantora<\/h2>\n<div class=\"content\">\n<p>Os l\u00e1bios est\u00e3o fechados e o microfone, distante da boca \u2013 algo pouco comum para uma cantora que gostava tanto da sua arte e que entrou para a hist\u00f3ria como \u201cmineira guerreira\u201d. Mas os olhos est\u00e3o fixos no sabi\u00e1, de asas abertas, na m\u00e3o direita, como se estivesse pronto para partir e voar no infinito.<\/p>\n<p><img loading=\"lazy\" decoding=\"async\" class=\"i-amphtml-fill-content i-amphtml-replaced-content aligncenter\" src=\"https:\/\/imgsapp-em-com-br.cdn.ampproject.org\/ii\/w820\/imgsapp.em.com.br\/app\/noticia_127983242361\/2017\/09\/02\/897261\/20170902074810312531e.jpg\" width=\"634\" height=\"421\" \/>Com essa ideia na cabe\u00e7a e a sensibilidade na ponta dos dedos, a escultora, designer e arquiteta Eliz Machado Dias, sul-mato-grossense residente em Belo Horizonte h\u00e1 26 anos, \u201crecriou\u201d Clara Nunes (1942-1983), que, se viva, completaria 75 anos em 2017. Como presente para a terra natal da artista \u2013 Caetan\u00f3polis, na Regi\u00e3o Central \u2013, Eliz participar\u00e1 hoje, \u00e0s 15h, da inaugura\u00e7\u00e3o do monumento no jardim do Memorial Clara Nunes, no Centro da cidade, localizada a 137 quil\u00f4metros da capital<\/p>\n<\/div>\n","protected":false},"excerpt":{"rendered":"<p>Est\u00e1tua em tamanho natural da mineira, produzida por artista pl\u00e1stica e f\u00e3, foi inaugurada\u00a0ontem em Caetan\u00f3polis, terra da cantora Os l\u00e1bios est\u00e3o fechados e o microfone, distante da boca \u2013 algo pouco comum para uma cantora que gostava tanto da sua arte e que entrou para a hist\u00f3ria como \u201cmineira guerreira\u201d. Mas os olhos est\u00e3o fixos no sabi\u00e1, de asas abertas, na m\u00e3o direita, como se estivesse pronto para partir e voar no infinito. Com essa ideia na cabe\u00e7a e a sensibilidade na ponta dos dedos, a escultora, designer e arquiteta Eliz Machado Dias, sul-mato-grossense residente em Belo Horizonte h\u00e1 26 anos, \u201crecriou\u201d Clara Nunes (1942-1983), que, se viva, completaria 75 anos em 2017. Como presente para a terra natal&hellip; <\/p>\n","protected":false},"author":1,"featured_media":175571,"comment_status":"open","ping_status":"open","sticky":false,"template":"","format":"standard","meta":{"_acf_changed":false,"footnotes":""},"categories":[3],"tags":[],"class_list":["post-175558","post","type-post","status-publish","format-standard","has-post-thumbnail","hentry","category-entretenimento"],"acf":[],"yoast_head":"<!-- This site is optimized with the Yoast SEO plugin v27.5 - https:\/\/yoast.com\/product\/yoast-seo-wordpress\/ -->\n<title>SE CLARA NUNES ESTIVESSE VIVA ESTARIA COMPLETANDO 75 ANOS - Blog do Farn\u00e9sio<\/title>\n<meta name=\"robots\" content=\"index, follow, max-snippet:-1, max-image-preview:large, max-video-preview:-1\" \/>\n<link rel=\"canonical\" href=\"https:\/\/blogdofarnesio.com.br\/2017\/09\/se-clara-nunes-estivesse-viva-estaria-completando-75-anos\/\" \/>\n<meta property=\"og:locale\" content=\"pt_BR\" \/>\n<meta property=\"og:type\" content=\"article\" \/>\n<meta property=\"og:title\" content=\"SE CLARA NUNES ESTIVESSE VIVA ESTARIA COMPLETANDO 75 ANOS - Blog do Farn\u00e9sio\" \/>\n<meta property=\"og:description\" content=\"Est\u00e1tua em tamanho natural da mineira, produzida por artista pl\u00e1stica e f\u00e3, foi inaugurada\u00a0ontem em Caetan\u00f3polis, terra da cantora Os l\u00e1bios est\u00e3o fechados e o microfone, distante da boca \u2013 algo pouco comum para uma cantora que gostava tanto da sua arte e que entrou para a hist\u00f3ria como \u201cmineira guerreira\u201d. Mas os olhos est\u00e3o fixos no sabi\u00e1, de asas abertas, na m\u00e3o direita, como se estivesse pronto para partir e voar no infinito. Com essa ideia na cabe\u00e7a e a sensibilidade na ponta dos dedos, a escultora, designer e arquiteta Eliz Machado Dias, sul-mato-grossense residente em Belo Horizonte h\u00e1 26 anos, \u201crecriou\u201d Clara Nunes (1942-1983), que, se viva, completaria 75 anos em 2017. Como presente para a terra natal&hellip;\" \/>\n<meta property=\"og:url\" content=\"https:\/\/blogdofarnesio.com.br\/2017\/09\/se-clara-nunes-estivesse-viva-estaria-completando-75-anos\/\" \/>\n<meta property=\"og:site_name\" content=\"Blog do Farn\u00e9sio\" \/>\n<meta property=\"article:publisher\" content=\"https:\/\/www.facebook.com\/BlogQuerSaberPolitica\/\" \/>\n<meta property=\"article:published_time\" content=\"2017-09-03T14:00:55+00:00\" \/>\n<meta property=\"og:image\" content=\"https:\/\/blogdofarnesio.com.br\/wp-content\/uploads\/2017\/09\/blogqspclaranunes.png\" \/>\n\t<meta property=\"og:image:width\" content=\"528\" \/>\n\t<meta property=\"og:image:height\" content=\"372\" \/>\n\t<meta property=\"og:image:type\" content=\"image\/png\" \/>\n<meta name=\"author\" content=\"Farn\u00e9sio\" \/>\n<meta name=\"twitter:card\" content=\"summary_large_image\" \/>\n<meta name=\"twitter:label1\" content=\"Escrito por\" \/>\n\t<meta name=\"twitter:data1\" content=\"Farn\u00e9sio\" \/>\n\t<meta name=\"twitter:label2\" content=\"Est. tempo de leitura\" \/>\n\t<meta name=\"twitter:data2\" content=\"1 minuto\" \/>\n<script type=\"application\/ld+json\" class=\"yoast-schema-graph\">{\"@context\":\"https:\\\/\\\/schema.org\",\"@graph\":[{\"@type\":\"Article\",\"@id\":\"https:\\\/\\\/blogdofarnesio.com.br\\\/2017\\\/09\\\/se-clara-nunes-estivesse-viva-estaria-completando-75-anos\\\/#article\",\"isPartOf\":{\"@id\":\"https:\\\/\\\/blogdofarnesio.com.br\\\/2017\\\/09\\\/se-clara-nunes-estivesse-viva-estaria-completando-75-anos\\\/\"},\"author\":{\"name\":\"Farn\u00e9sio\",\"@id\":\"https:\\\/\\\/blogdofarnesio.com.br\\\/#\\\/schema\\\/person\\\/301c4acf522bccbfdb45af95b5b906a1\"},\"headline\":\"SE CLARA NUNES ESTIVESSE VIVA ESTARIA COMPLETANDO 75 ANOS\",\"datePublished\":\"2017-09-03T14:00:55+00:00\",\"mainEntityOfPage\":{\"@id\":\"https:\\\/\\\/blogdofarnesio.com.br\\\/2017\\\/09\\\/se-clara-nunes-estivesse-viva-estaria-completando-75-anos\\\/\"},\"wordCount\":168,\"commentCount\":0,\"publisher\":{\"@id\":\"https:\\\/\\\/blogdofarnesio.com.br\\\/#organization\"},\"image\":{\"@id\":\"https:\\\/\\\/blogdofarnesio.com.br\\\/2017\\\/09\\\/se-clara-nunes-estivesse-viva-estaria-completando-75-anos\\\/#primaryimage\"},\"thumbnailUrl\":\"https:\\\/\\\/blogdofarnesio.com.br\\\/wp-content\\\/uploads\\\/2017\\\/09\\\/blogqspclaranunes.png\",\"articleSection\":[\"Entretenimento\"],\"inLanguage\":\"pt-BR\",\"potentialAction\":[{\"@type\":\"CommentAction\",\"name\":\"Comment\",\"target\":[\"https:\\\/\\\/blogdofarnesio.com.br\\\/2017\\\/09\\\/se-clara-nunes-estivesse-viva-estaria-completando-75-anos\\\/#respond\"]}]},{\"@type\":\"WebPage\",\"@id\":\"https:\\\/\\\/blogdofarnesio.com.br\\\/2017\\\/09\\\/se-clara-nunes-estivesse-viva-estaria-completando-75-anos\\\/\",\"url\":\"https:\\\/\\\/blogdofarnesio.com.br\\\/2017\\\/09\\\/se-clara-nunes-estivesse-viva-estaria-completando-75-anos\\\/\",\"name\":\"SE CLARA NUNES ESTIVESSE VIVA ESTARIA COMPLETANDO 75 ANOS - Blog do Farn\u00e9sio\",\"isPartOf\":{\"@id\":\"https:\\\/\\\/blogdofarnesio.com.br\\\/#website\"},\"primaryImageOfPage\":{\"@id\":\"https:\\\/\\\/blogdofarnesio.com.br\\\/2017\\\/09\\\/se-clara-nunes-estivesse-viva-estaria-completando-75-anos\\\/#primaryimage\"},\"image\":{\"@id\":\"https:\\\/\\\/blogdofarnesio.com.br\\\/2017\\\/09\\\/se-clara-nunes-estivesse-viva-estaria-completando-75-anos\\\/#primaryimage\"},\"thumbnailUrl\":\"https:\\\/\\\/blogdofarnesio.com.br\\\/wp-content\\\/uploads\\\/2017\\\/09\\\/blogqspclaranunes.png\",\"datePublished\":\"2017-09-03T14:00:55+00:00\",\"breadcrumb\":{\"@id\":\"https:\\\/\\\/blogdofarnesio.com.br\\\/2017\\\/09\\\/se-clara-nunes-estivesse-viva-estaria-completando-75-anos\\\/#breadcrumb\"},\"inLanguage\":\"pt-BR\",\"potentialAction\":[{\"@type\":\"ReadAction\",\"target\":[\"https:\\\/\\\/blogdofarnesio.com.br\\\/2017\\\/09\\\/se-clara-nunes-estivesse-viva-estaria-completando-75-anos\\\/\"]}]},{\"@type\":\"ImageObject\",\"inLanguage\":\"pt-BR\",\"@id\":\"https:\\\/\\\/blogdofarnesio.com.br\\\/2017\\\/09\\\/se-clara-nunes-estivesse-viva-estaria-completando-75-anos\\\/#primaryimage\",\"url\":\"https:\\\/\\\/blogdofarnesio.com.br\\\/wp-content\\\/uploads\\\/2017\\\/09\\\/blogqspclaranunes.png\",\"contentUrl\":\"https:\\\/\\\/blogdofarnesio.com.br\\\/wp-content\\\/uploads\\\/2017\\\/09\\\/blogqspclaranunes.png\",\"width\":528,\"height\":372},{\"@type\":\"BreadcrumbList\",\"@id\":\"https:\\\/\\\/blogdofarnesio.com.br\\\/2017\\\/09\\\/se-clara-nunes-estivesse-viva-estaria-completando-75-anos\\\/#breadcrumb\",\"itemListElement\":[{\"@type\":\"ListItem\",\"position\":1,\"name\":\"In\u00edcio\",\"item\":\"https:\\\/\\\/blogdofarnesio.com.br\\\/\"},{\"@type\":\"ListItem\",\"position\":2,\"name\":\"SE CLARA NUNES ESTIVESSE VIVA ESTARIA COMPLETANDO 75 ANOS\"}]},{\"@type\":\"WebSite\",\"@id\":\"https:\\\/\\\/blogdofarnesio.com.br\\\/#website\",\"url\":\"https:\\\/\\\/blogdofarnesio.com.br\\\/\",\"name\":\"Blog do Farn\u00e9sio\",\"description\":\"Quer Saber Pol\u00edtica?\",\"publisher\":{\"@id\":\"https:\\\/\\\/blogdofarnesio.com.br\\\/#organization\"},\"potentialAction\":[{\"@type\":\"SearchAction\",\"target\":{\"@type\":\"EntryPoint\",\"urlTemplate\":\"https:\\\/\\\/blogdofarnesio.com.br\\\/?s={search_term_string}\"},\"query-input\":{\"@type\":\"PropertyValueSpecification\",\"valueRequired\":true,\"valueName\":\"search_term_string\"}}],\"inLanguage\":\"pt-BR\"},{\"@type\":\"Organization\",\"@id\":\"https:\\\/\\\/blogdofarnesio.com.br\\\/#organization\",\"name\":\"Blog do Farn\u00e9sio\",\"url\":\"https:\\\/\\\/blogdofarnesio.com.br\\\/\",\"logo\":{\"@type\":\"ImageObject\",\"inLanguage\":\"pt-BR\",\"@id\":\"https:\\\/\\\/blogdofarnesio.com.br\\\/#\\\/schema\\\/logo\\\/image\\\/\",\"url\":\"https:\\\/\\\/blogdofarnesio.com.br\\\/wp-content\\\/uploads\\\/2026\\\/03\\\/cropped-logo_new-1.png\",\"contentUrl\":\"https:\\\/\\\/blogdofarnesio.com.br\\\/wp-content\\\/uploads\\\/2026\\\/03\\\/cropped-logo_new-1.png\",\"width\":881,\"height\":685,\"caption\":\"Blog do Farn\u00e9sio\"},\"image\":{\"@id\":\"https:\\\/\\\/blogdofarnesio.com.br\\\/#\\\/schema\\\/logo\\\/image\\\/\"},\"sameAs\":[\"https:\\\/\\\/www.facebook.com\\\/BlogQuerSaberPolitica\\\/\"]},{\"@type\":\"Person\",\"@id\":\"https:\\\/\\\/blogdofarnesio.com.br\\\/#\\\/schema\\\/person\\\/301c4acf522bccbfdb45af95b5b906a1\",\"name\":\"Farn\u00e9sio\",\"image\":{\"@type\":\"ImageObject\",\"inLanguage\":\"pt-BR\",\"@id\":\"https:\\\/\\\/secure.gravatar.com\\\/avatar\\\/df0c9a14567c056f8ad6876ba5bbd1e3e2c48023eb6807342fc4663adf549f38?s=96&d=mm&r=g\",\"url\":\"https:\\\/\\\/secure.gravatar.com\\\/avatar\\\/df0c9a14567c056f8ad6876ba5bbd1e3e2c48023eb6807342fc4663adf549f38?s=96&d=mm&r=g\",\"contentUrl\":\"https:\\\/\\\/secure.gravatar.com\\\/avatar\\\/df0c9a14567c056f8ad6876ba5bbd1e3e2c48023eb6807342fc4663adf549f38?s=96&d=mm&r=g\",\"caption\":\"Farn\u00e9sio\"},\"sameAs\":[\"https:\\\/\\\/quersaberpolitica.com.br\"],\"url\":\"https:\\\/\\\/blogdofarnesio.com.br\\\/author\\\/farnesio\\\/\"}]}<\/script>\n<!-- \/ Yoast SEO plugin. -->","yoast_head_json":{"title":"SE CLARA NUNES ESTIVESSE VIVA ESTARIA COMPLETANDO 75 ANOS - Blog do Farn\u00e9sio","robots":{"index":"index","follow":"follow","max-snippet":"max-snippet:-1","max-image-preview":"max-image-preview:large","max-video-preview":"max-video-preview:-1"},"canonical":"https:\/\/blogdofarnesio.com.br\/2017\/09\/se-clara-nunes-estivesse-viva-estaria-completando-75-anos\/","og_locale":"pt_BR","og_type":"article","og_title":"SE CLARA NUNES ESTIVESSE VIVA ESTARIA COMPLETANDO 75 ANOS - Blog do Farn\u00e9sio","og_description":"Est\u00e1tua em tamanho natural da mineira, produzida por artista pl\u00e1stica e f\u00e3, foi inaugurada\u00a0ontem em Caetan\u00f3polis, terra da cantora Os l\u00e1bios est\u00e3o fechados e o microfone, distante da boca \u2013 algo pouco comum para uma cantora que gostava tanto da sua arte e que entrou para a hist\u00f3ria como \u201cmineira guerreira\u201d. Mas os olhos est\u00e3o fixos no sabi\u00e1, de asas abertas, na m\u00e3o direita, como se estivesse pronto para partir e voar no infinito. Com essa ideia na cabe\u00e7a e a sensibilidade na ponta dos dedos, a escultora, designer e arquiteta Eliz Machado Dias, sul-mato-grossense residente em Belo Horizonte h\u00e1 26 anos, \u201crecriou\u201d Clara Nunes (1942-1983), que, se viva, completaria 75 anos em 2017. Como presente para a terra natal&hellip;","og_url":"https:\/\/blogdofarnesio.com.br\/2017\/09\/se-clara-nunes-estivesse-viva-estaria-completando-75-anos\/","og_site_name":"Blog do Farn\u00e9sio","article_publisher":"https:\/\/www.facebook.com\/BlogQuerSaberPolitica\/","article_published_time":"2017-09-03T14:00:55+00:00","og_image":[{"width":528,"height":372,"url":"https:\/\/blogdofarnesio.com.br\/wp-content\/uploads\/2017\/09\/blogqspclaranunes.png","type":"image\/png"}],"author":"Farn\u00e9sio","twitter_card":"summary_large_image","twitter_misc":{"Escrito por":"Farn\u00e9sio","Est. tempo de leitura":"1 minuto"},"schema":{"@context":"https:\/\/schema.org","@graph":[{"@type":"Article","@id":"https:\/\/blogdofarnesio.com.br\/2017\/09\/se-clara-nunes-estivesse-viva-estaria-completando-75-anos\/#article","isPartOf":{"@id":"https:\/\/blogdofarnesio.com.br\/2017\/09\/se-clara-nunes-estivesse-viva-estaria-completando-75-anos\/"},"author":{"name":"Farn\u00e9sio","@id":"https:\/\/blogdofarnesio.com.br\/#\/schema\/person\/301c4acf522bccbfdb45af95b5b906a1"},"headline":"SE CLARA NUNES ESTIVESSE VIVA ESTARIA COMPLETANDO 75 ANOS","datePublished":"2017-09-03T14:00:55+00:00","mainEntityOfPage":{"@id":"https:\/\/blogdofarnesio.com.br\/2017\/09\/se-clara-nunes-estivesse-viva-estaria-completando-75-anos\/"},"wordCount":168,"commentCount":0,"publisher":{"@id":"https:\/\/blogdofarnesio.com.br\/#organization"},"image":{"@id":"https:\/\/blogdofarnesio.com.br\/2017\/09\/se-clara-nunes-estivesse-viva-estaria-completando-75-anos\/#primaryimage"},"thumbnailUrl":"https:\/\/blogdofarnesio.com.br\/wp-content\/uploads\/2017\/09\/blogqspclaranunes.png","articleSection":["Entretenimento"],"inLanguage":"pt-BR","potentialAction":[{"@type":"CommentAction","name":"Comment","target":["https:\/\/blogdofarnesio.com.br\/2017\/09\/se-clara-nunes-estivesse-viva-estaria-completando-75-anos\/#respond"]}]},{"@type":"WebPage","@id":"https:\/\/blogdofarnesio.com.br\/2017\/09\/se-clara-nunes-estivesse-viva-estaria-completando-75-anos\/","url":"https:\/\/blogdofarnesio.com.br\/2017\/09\/se-clara-nunes-estivesse-viva-estaria-completando-75-anos\/","name":"SE CLARA NUNES ESTIVESSE VIVA ESTARIA COMPLETANDO 75 ANOS - Blog do Farn\u00e9sio","isPartOf":{"@id":"https:\/\/blogdofarnesio.com.br\/#website"},"primaryImageOfPage":{"@id":"https:\/\/blogdofarnesio.com.br\/2017\/09\/se-clara-nunes-estivesse-viva-estaria-completando-75-anos\/#primaryimage"},"image":{"@id":"https:\/\/blogdofarnesio.com.br\/2017\/09\/se-clara-nunes-estivesse-viva-estaria-completando-75-anos\/#primaryimage"},"thumbnailUrl":"https:\/\/blogdofarnesio.com.br\/wp-content\/uploads\/2017\/09\/blogqspclaranunes.png","datePublished":"2017-09-03T14:00:55+00:00","breadcrumb":{"@id":"https:\/\/blogdofarnesio.com.br\/2017\/09\/se-clara-nunes-estivesse-viva-estaria-completando-75-anos\/#breadcrumb"},"inLanguage":"pt-BR","potentialAction":[{"@type":"ReadAction","target":["https:\/\/blogdofarnesio.com.br\/2017\/09\/se-clara-nunes-estivesse-viva-estaria-completando-75-anos\/"]}]},{"@type":"ImageObject","inLanguage":"pt-BR","@id":"https:\/\/blogdofarnesio.com.br\/2017\/09\/se-clara-nunes-estivesse-viva-estaria-completando-75-anos\/#primaryimage","url":"https:\/\/blogdofarnesio.com.br\/wp-content\/uploads\/2017\/09\/blogqspclaranunes.png","contentUrl":"https:\/\/blogdofarnesio.com.br\/wp-content\/uploads\/2017\/09\/blogqspclaranunes.png","width":528,"height":372},{"@type":"BreadcrumbList","@id":"https:\/\/blogdofarnesio.com.br\/2017\/09\/se-clara-nunes-estivesse-viva-estaria-completando-75-anos\/#breadcrumb","itemListElement":[{"@type":"ListItem","position":1,"name":"In\u00edcio","item":"https:\/\/blogdofarnesio.com.br\/"},{"@type":"ListItem","position":2,"name":"SE CLARA NUNES ESTIVESSE VIVA ESTARIA COMPLETANDO 75 ANOS"}]},{"@type":"WebSite","@id":"https:\/\/blogdofarnesio.com.br\/#website","url":"https:\/\/blogdofarnesio.com.br\/","name":"Blog do Farn\u00e9sio","description":"Quer Saber Pol\u00edtica?","publisher":{"@id":"https:\/\/blogdofarnesio.com.br\/#organization"},"potentialAction":[{"@type":"SearchAction","target":{"@type":"EntryPoint","urlTemplate":"https:\/\/blogdofarnesio.com.br\/?s={search_term_string}"},"query-input":{"@type":"PropertyValueSpecification","valueRequired":true,"valueName":"search_term_string"}}],"inLanguage":"pt-BR"},{"@type":"Organization","@id":"https:\/\/blogdofarnesio.com.br\/#organization","name":"Blog do Farn\u00e9sio","url":"https:\/\/blogdofarnesio.com.br\/","logo":{"@type":"ImageObject","inLanguage":"pt-BR","@id":"https:\/\/blogdofarnesio.com.br\/#\/schema\/logo\/image\/","url":"https:\/\/blogdofarnesio.com.br\/wp-content\/uploads\/2026\/03\/cropped-logo_new-1.png","contentUrl":"https:\/\/blogdofarnesio.com.br\/wp-content\/uploads\/2026\/03\/cropped-logo_new-1.png","width":881,"height":685,"caption":"Blog do Farn\u00e9sio"},"image":{"@id":"https:\/\/blogdofarnesio.com.br\/#\/schema\/logo\/image\/"},"sameAs":["https:\/\/www.facebook.com\/BlogQuerSaberPolitica\/"]},{"@type":"Person","@id":"https:\/\/blogdofarnesio.com.br\/#\/schema\/person\/301c4acf522bccbfdb45af95b5b906a1","name":"Farn\u00e9sio","image":{"@type":"ImageObject","inLanguage":"pt-BR","@id":"https:\/\/secure.gravatar.com\/avatar\/df0c9a14567c056f8ad6876ba5bbd1e3e2c48023eb6807342fc4663adf549f38?s=96&d=mm&r=g","url":"https:\/\/secure.gravatar.com\/avatar\/df0c9a14567c056f8ad6876ba5bbd1e3e2c48023eb6807342fc4663adf549f38?s=96&d=mm&r=g","contentUrl":"https:\/\/secure.gravatar.com\/avatar\/df0c9a14567c056f8ad6876ba5bbd1e3e2c48023eb6807342fc4663adf549f38?s=96&d=mm&r=g","caption":"Farn\u00e9sio"},"sameAs":["https:\/\/quersaberpolitica.com.br"],"url":"https:\/\/blogdofarnesio.com.br\/author\/farnesio\/"}]}},"_links":{"self":[{"href":"https:\/\/blogdofarnesio.com.br\/wp-json\/wp\/v2\/posts\/175558","targetHints":{"allow":["GET"]}}],"collection":[{"href":"https:\/\/blogdofarnesio.com.br\/wp-json\/wp\/v2\/posts"}],"about":[{"href":"https:\/\/blogdofarnesio.com.br\/wp-json\/wp\/v2\/types\/post"}],"author":[{"embeddable":true,"href":"https:\/\/blogdofarnesio.com.br\/wp-json\/wp\/v2\/users\/1"}],"replies":[{"embeddable":true,"href":"https:\/\/blogdofarnesio.com.br\/wp-json\/wp\/v2\/comments?post=175558"}],"version-history":[{"count":0,"href":"https:\/\/blogdofarnesio.com.br\/wp-json\/wp\/v2\/posts\/175558\/revisions"}],"wp:featuredmedia":[{"embeddable":true,"href":"https:\/\/blogdofarnesio.com.br\/wp-json\/wp\/v2\/media\/175571"}],"wp:attachment":[{"href":"https:\/\/blogdofarnesio.com.br\/wp-json\/wp\/v2\/media?parent=175558"}],"wp:term":[{"taxonomy":"category","embeddable":true,"href":"https:\/\/blogdofarnesio.com.br\/wp-json\/wp\/v2\/categories?post=175558"},{"taxonomy":"post_tag","embeddable":true,"href":"https:\/\/blogdofarnesio.com.br\/wp-json\/wp\/v2\/tags?post=175558"}],"curies":[{"name":"wp","href":"https:\/\/api.w.org\/{rel}","templated":true}]}}