{"id":175476,"date":"2017-09-02T09:00:04","date_gmt":"2017-09-02T12:00:04","guid":{"rendered":"http:\/\/quersaberpolitica.com.br\/2016\/?p=175476"},"modified":"2017-09-01T21:43:26","modified_gmt":"2017-09-02T00:43:26","slug":"joao-paulo-ii-e-tabuleiro-abrem-o-campeonato-interbairros-neste-sabado","status":"publish","type":"post","link":"https:\/\/blogdofarnesio.com.br\/?p=175476","title":{"rendered":"JO\u00c3O PAULO II E TABULEIRO ABREM O CAMPEONATO INTERBAIRROS NESTE S\u00c1BADO"},"content":{"rendered":"<p style=\"text-align: justify;\">Come\u00e7a neste s\u00e1bado (2) a 15\u00aa edi\u00e7\u00e3o do Campeonato de Futebol Interbairros, evento esportivo promovido anualmente pela Prefeitura Municipal de Juazeiro, atrav\u00e9s da Secretaria de Cultura, Turismo e Esportes. A partida inicial acontece no campo do bairro Jo\u00e3o Paulo II, onde o time local, campe\u00e3o de 2016, recebe o Tabuleiro a partir das 15h30. A partida vale pelo grupo G.<\/p>\n<p style=\"text-align: justify;\">Nos pr\u00f3ximos tr\u00eas meses perto de 1.000 jogadores divididos em 24 equipes ir\u00e3o desfilar seus talentos nos campos de terra batida, vestindo as cores dos bairros que representam. A final est\u00e1 prevista para 23 de dezembro. Com cinco t\u00edtulos, o Bairro Alto do Cruzeiro \u00e9 o maior vencedor do torneio, que existe desde 2001, e s\u00f3 n\u00e3o foi realizado em duas oportunidades: em 2006 e 2008.<\/p>\n<p style=\"text-align: justify;\">De acordo com o Superintendente de Esportes, Gilberto Pacheco, ap\u00f3s o jogo inicial, \u201co campeonato sofre uma paralisa\u00e7\u00e3o de quinze dias e retorna no dia 16 de setembro, com a realiza\u00e7\u00e3o de tr\u00eas jogos: Alto do Cruzeiro x Parque Residencial, pelo grupo A, Ant\u00f4nio Guilhermino x Alto do Alencar, pelo grupo B e Vila Tiradentes x Dom Jos\u00e9 Rodrigues, pelo grupo C\u201d.<\/p>\n<p style=\"text-align: justify;\"><strong>Regulamento<\/strong><\/p>\n<p style=\"text-align: justify;\">As 24 equipes foram sorteadas em grupos de tr\u00eas e avan\u00e7am para a segunda fase os dois primeiros de cada grupo. Na segunda fase, com 16 integrantes, os confrontos ser\u00e3o eliminat\u00f3rios, em partida \u00fanica. A terceira fase, ou quartas de final, ter\u00e1 os oito vencedores da segunda fase e se classificam quatro para a fase semifinal, de onde sair\u00e3o os finalistas do campeonato.<\/p>\n<p style=\"text-align: justify;\"><strong>Configura\u00e7\u00e3o dos grupos<\/strong><\/p>\n<p style=\"text-align: justify;\">A \u2013 Alto do Cruzeiro, Parque Residencial e Coreia<\/p>\n<p style=\"text-align: justify;\">B \u2013 Ant\u00f4nio Guilhermino, Alto do Alencar e Alagadi\u00e7o<\/p>\n<p style=\"text-align: justify;\">C \u2013 Vila Tiradentes, Dom Jos\u00e9 Rodrigues e Jardim Fl\u00f3rida<\/p>\n<p style=\"text-align: justify;\">D \u2013 Jardim Primavera, Pedro Raimundo e Quid\u00e9<\/p>\n<p style=\"text-align: justify;\">E \u2013 Alto da Alian\u00e7a, Nova Esperan\u00e7a e Jardim Vit\u00f3ria<\/p>\n<p style=\"text-align: justify;\">F \u2013 Alto da Maravilha, Argemiro e Novo Encontro<\/p>\n<p style=\"text-align: justify;\">G \u2013 Jo\u00e3o Paulo II, Tabuleiro e Castelo Branco<\/p>\n<p style=\"text-align: justify;\">H \u2013 Jo\u00e3o XXIII, Itaberaba e Penha<\/p>\n<p>Por Ascom\/SECULTE<\/p>\n","protected":false},"excerpt":{"rendered":"<p>Come\u00e7a neste s\u00e1bado (2) a 15\u00aa edi\u00e7\u00e3o do Campeonato de Futebol Interbairros, evento esportivo promovido anualmente pela Prefeitura Municipal de Juazeiro, atrav\u00e9s da Secretaria de Cultura, Turismo e Esportes. A partida inicial acontece no campo do bairro Jo\u00e3o Paulo II, onde o time local, campe\u00e3o de 2016, recebe o Tabuleiro a partir das 15h30. A partida vale pelo grupo G. Nos pr\u00f3ximos tr\u00eas meses perto de 1.000 jogadores divididos em 24 equipes ir\u00e3o desfilar seus talentos nos campos de terra batida, vestindo as cores dos bairros que representam. A final est\u00e1 prevista para 23 de dezembro. Com cinco t\u00edtulos, o Bairro Alto do Cruzeiro \u00e9 o maior vencedor do torneio, que existe desde 2001, e s\u00f3 n\u00e3o foi realizado em&hellip; <\/p>\n","protected":false},"author":1,"featured_media":175478,"comment_status":"open","ping_status":"open","sticky":false,"template":"","format":"standard","meta":{"_acf_changed":false,"footnotes":""},"categories":[8],"tags":[],"class_list":["post-175476","post","type-post","status-publish","format-standard","has-post-thumbnail","hentry","category-esportes"],"acf":[],"yoast_head":"<!-- This site is optimized with the Yoast SEO plugin v27.4 - https:\/\/yoast.com\/product\/yoast-seo-wordpress\/ -->\n<title>JO\u00c3O PAULO II E TABULEIRO ABREM O CAMPEONATO INTERBAIRROS NESTE S\u00c1BADO - Blog do Farn\u00e9sio<\/title>\n<meta name=\"robots\" content=\"index, follow, max-snippet:-1, max-image-preview:large, max-video-preview:-1\" \/>\n<link rel=\"canonical\" href=\"https:\/\/blogdofarnesio.com.br\/?p=175476\" \/>\n<meta property=\"og:locale\" content=\"pt_BR\" \/>\n<meta property=\"og:type\" content=\"article\" \/>\n<meta property=\"og:title\" content=\"JO\u00c3O PAULO II E TABULEIRO ABREM O CAMPEONATO INTERBAIRROS NESTE S\u00c1BADO - Blog do Farn\u00e9sio\" \/>\n<meta property=\"og:description\" content=\"Come\u00e7a neste s\u00e1bado (2) a 15\u00aa edi\u00e7\u00e3o do Campeonato de Futebol Interbairros, evento esportivo promovido anualmente pela Prefeitura Municipal de Juazeiro, atrav\u00e9s da Secretaria de Cultura, Turismo e Esportes. A partida inicial acontece no campo do bairro Jo\u00e3o Paulo II, onde o time local, campe\u00e3o de 2016, recebe o Tabuleiro a partir das 15h30. A partida vale pelo grupo G. Nos pr\u00f3ximos tr\u00eas meses perto de 1.000 jogadores divididos em 24 equipes ir\u00e3o desfilar seus talentos nos campos de terra batida, vestindo as cores dos bairros que representam. A final est\u00e1 prevista para 23 de dezembro. Com cinco t\u00edtulos, o Bairro Alto do Cruzeiro \u00e9 o maior vencedor do torneio, que existe desde 2001, e s\u00f3 n\u00e3o foi realizado em&hellip;\" \/>\n<meta property=\"og:url\" content=\"https:\/\/blogdofarnesio.com.br\/?p=175476\" \/>\n<meta property=\"og:site_name\" content=\"Blog do Farn\u00e9sio\" \/>\n<meta property=\"article:publisher\" content=\"https:\/\/www.facebook.com\/BlogQuerSaberPolitica\/\" \/>\n<meta property=\"article:published_time\" content=\"2017-09-02T12:00:04+00:00\" \/>\n<meta property=\"og:image\" content=\"https:\/\/blogdofarnesio.com.br\/wp-content\/uploads\/2017\/09\/blogqsp-Campeonato-Interbairro.jpg\" \/>\n\t<meta property=\"og:image:width\" content=\"800\" \/>\n\t<meta property=\"og:image:height\" content=\"445\" \/>\n\t<meta property=\"og:image:type\" content=\"image\/jpeg\" \/>\n<meta name=\"author\" content=\"Farn\u00e9sio\" \/>\n<meta name=\"twitter:card\" content=\"summary_large_image\" \/>\n<meta name=\"twitter:label1\" content=\"Escrito por\" \/>\n\t<meta name=\"twitter:data1\" content=\"Farn\u00e9sio\" \/>\n\t<meta name=\"twitter:label2\" content=\"Est. tempo de leitura\" \/>\n\t<meta name=\"twitter:data2\" content=\"2 minutos\" \/>\n<script type=\"application\/ld+json\" class=\"yoast-schema-graph\">{\"@context\":\"https:\\\/\\\/schema.org\",\"@graph\":[{\"@type\":\"Article\",\"@id\":\"https:\\\/\\\/blogdofarnesio.com.br\\\/?p=175476#article\",\"isPartOf\":{\"@id\":\"https:\\\/\\\/blogdofarnesio.com.br\\\/?p=175476\"},\"author\":{\"name\":\"Farn\u00e9sio\",\"@id\":\"https:\\\/\\\/blogdofarnesio.com.br\\\/#\\\/schema\\\/person\\\/301c4acf522bccbfdb45af95b5b906a1\"},\"headline\":\"JO\u00c3O PAULO II E TABULEIRO ABREM O CAMPEONATO INTERBAIRROS NESTE S\u00c1BADO\",\"datePublished\":\"2017-09-02T12:00:04+00:00\",\"mainEntityOfPage\":{\"@id\":\"https:\\\/\\\/blogdofarnesio.com.br\\\/?p=175476\"},\"wordCount\":351,\"commentCount\":0,\"publisher\":{\"@id\":\"https:\\\/\\\/blogdofarnesio.com.br\\\/#organization\"},\"image\":{\"@id\":\"https:\\\/\\\/blogdofarnesio.com.br\\\/?p=175476#primaryimage\"},\"thumbnailUrl\":\"https:\\\/\\\/blogdofarnesio.com.br\\\/wp-content\\\/uploads\\\/2017\\\/09\\\/blogqsp-Campeonato-Interbairro.jpg\",\"articleSection\":[\"Esportes\"],\"inLanguage\":\"pt-BR\",\"potentialAction\":[{\"@type\":\"CommentAction\",\"name\":\"Comment\",\"target\":[\"https:\\\/\\\/blogdofarnesio.com.br\\\/?p=175476#respond\"]}]},{\"@type\":\"WebPage\",\"@id\":\"https:\\\/\\\/blogdofarnesio.com.br\\\/?p=175476\",\"url\":\"https:\\\/\\\/blogdofarnesio.com.br\\\/?p=175476\",\"name\":\"JO\u00c3O PAULO II E TABULEIRO ABREM O CAMPEONATO INTERBAIRROS NESTE S\u00c1BADO - Blog do Farn\u00e9sio\",\"isPartOf\":{\"@id\":\"https:\\\/\\\/blogdofarnesio.com.br\\\/#website\"},\"primaryImageOfPage\":{\"@id\":\"https:\\\/\\\/blogdofarnesio.com.br\\\/?p=175476#primaryimage\"},\"image\":{\"@id\":\"https:\\\/\\\/blogdofarnesio.com.br\\\/?p=175476#primaryimage\"},\"thumbnailUrl\":\"https:\\\/\\\/blogdofarnesio.com.br\\\/wp-content\\\/uploads\\\/2017\\\/09\\\/blogqsp-Campeonato-Interbairro.jpg\",\"datePublished\":\"2017-09-02T12:00:04+00:00\",\"breadcrumb\":{\"@id\":\"https:\\\/\\\/blogdofarnesio.com.br\\\/?p=175476#breadcrumb\"},\"inLanguage\":\"pt-BR\",\"potentialAction\":[{\"@type\":\"ReadAction\",\"target\":[\"https:\\\/\\\/blogdofarnesio.com.br\\\/?p=175476\"]}]},{\"@type\":\"ImageObject\",\"inLanguage\":\"pt-BR\",\"@id\":\"https:\\\/\\\/blogdofarnesio.com.br\\\/?p=175476#primaryimage\",\"url\":\"https:\\\/\\\/blogdofarnesio.com.br\\\/wp-content\\\/uploads\\\/2017\\\/09\\\/blogqsp-Campeonato-Interbairro.jpg\",\"contentUrl\":\"https:\\\/\\\/blogdofarnesio.com.br\\\/wp-content\\\/uploads\\\/2017\\\/09\\\/blogqsp-Campeonato-Interbairro.jpg\",\"width\":800,\"height\":445},{\"@type\":\"BreadcrumbList\",\"@id\":\"https:\\\/\\\/blogdofarnesio.com.br\\\/?p=175476#breadcrumb\",\"itemListElement\":[{\"@type\":\"ListItem\",\"position\":1,\"name\":\"In\u00edcio\",\"item\":\"https:\\\/\\\/blogdofarnesio.com.br\\\/\"},{\"@type\":\"ListItem\",\"position\":2,\"name\":\"JO\u00c3O PAULO II E TABULEIRO ABREM O CAMPEONATO INTERBAIRROS NESTE S\u00c1BADO\"}]},{\"@type\":\"WebSite\",\"@id\":\"https:\\\/\\\/blogdofarnesio.com.br\\\/#website\",\"url\":\"https:\\\/\\\/blogdofarnesio.com.br\\\/\",\"name\":\"Blog do Farn\u00e9sio\",\"description\":\"Quer Saber Pol\u00edtica?\",\"publisher\":{\"@id\":\"https:\\\/\\\/blogdofarnesio.com.br\\\/#organization\"},\"potentialAction\":[{\"@type\":\"SearchAction\",\"target\":{\"@type\":\"EntryPoint\",\"urlTemplate\":\"https:\\\/\\\/blogdofarnesio.com.br\\\/?s={search_term_string}\"},\"query-input\":{\"@type\":\"PropertyValueSpecification\",\"valueRequired\":true,\"valueName\":\"search_term_string\"}}],\"inLanguage\":\"pt-BR\"},{\"@type\":\"Organization\",\"@id\":\"https:\\\/\\\/blogdofarnesio.com.br\\\/#organization\",\"name\":\"Blog do Farn\u00e9sio\",\"url\":\"https:\\\/\\\/blogdofarnesio.com.br\\\/\",\"logo\":{\"@type\":\"ImageObject\",\"inLanguage\":\"pt-BR\",\"@id\":\"https:\\\/\\\/blogdofarnesio.com.br\\\/#\\\/schema\\\/logo\\\/image\\\/\",\"url\":\"https:\\\/\\\/blogdofarnesio.com.br\\\/wp-content\\\/uploads\\\/2026\\\/03\\\/cropped-logo_new-1.png\",\"contentUrl\":\"https:\\\/\\\/blogdofarnesio.com.br\\\/wp-content\\\/uploads\\\/2026\\\/03\\\/cropped-logo_new-1.png\",\"width\":881,\"height\":685,\"caption\":\"Blog do Farn\u00e9sio\"},\"image\":{\"@id\":\"https:\\\/\\\/blogdofarnesio.com.br\\\/#\\\/schema\\\/logo\\\/image\\\/\"},\"sameAs\":[\"https:\\\/\\\/www.facebook.com\\\/BlogQuerSaberPolitica\\\/\"]},{\"@type\":\"Person\",\"@id\":\"https:\\\/\\\/blogdofarnesio.com.br\\\/#\\\/schema\\\/person\\\/301c4acf522bccbfdb45af95b5b906a1\",\"name\":\"Farn\u00e9sio\",\"image\":{\"@type\":\"ImageObject\",\"inLanguage\":\"pt-BR\",\"@id\":\"https:\\\/\\\/secure.gravatar.com\\\/avatar\\\/df0c9a14567c056f8ad6876ba5bbd1e3e2c48023eb6807342fc4663adf549f38?s=96&d=mm&r=g\",\"url\":\"https:\\\/\\\/secure.gravatar.com\\\/avatar\\\/df0c9a14567c056f8ad6876ba5bbd1e3e2c48023eb6807342fc4663adf549f38?s=96&d=mm&r=g\",\"contentUrl\":\"https:\\\/\\\/secure.gravatar.com\\\/avatar\\\/df0c9a14567c056f8ad6876ba5bbd1e3e2c48023eb6807342fc4663adf549f38?s=96&d=mm&r=g\",\"caption\":\"Farn\u00e9sio\"},\"sameAs\":[\"https:\\\/\\\/quersaberpolitica.com.br\"],\"url\":\"https:\\\/\\\/blogdofarnesio.com.br\\\/?author=1\"}]}<\/script>\n<!-- \/ Yoast SEO plugin. -->","yoast_head_json":{"title":"JO\u00c3O PAULO II E TABULEIRO ABREM O CAMPEONATO INTERBAIRROS NESTE S\u00c1BADO - Blog do Farn\u00e9sio","robots":{"index":"index","follow":"follow","max-snippet":"max-snippet:-1","max-image-preview":"max-image-preview:large","max-video-preview":"max-video-preview:-1"},"canonical":"https:\/\/blogdofarnesio.com.br\/?p=175476","og_locale":"pt_BR","og_type":"article","og_title":"JO\u00c3O PAULO II E TABULEIRO ABREM O CAMPEONATO INTERBAIRROS NESTE S\u00c1BADO - Blog do Farn\u00e9sio","og_description":"Come\u00e7a neste s\u00e1bado (2) a 15\u00aa edi\u00e7\u00e3o do Campeonato de Futebol Interbairros, evento esportivo promovido anualmente pela Prefeitura Municipal de Juazeiro, atrav\u00e9s da Secretaria de Cultura, Turismo e Esportes. A partida inicial acontece no campo do bairro Jo\u00e3o Paulo II, onde o time local, campe\u00e3o de 2016, recebe o Tabuleiro a partir das 15h30. A partida vale pelo grupo G. Nos pr\u00f3ximos tr\u00eas meses perto de 1.000 jogadores divididos em 24 equipes ir\u00e3o desfilar seus talentos nos campos de terra batida, vestindo as cores dos bairros que representam. A final est\u00e1 prevista para 23 de dezembro. Com cinco t\u00edtulos, o Bairro Alto do Cruzeiro \u00e9 o maior vencedor do torneio, que existe desde 2001, e s\u00f3 n\u00e3o foi realizado em&hellip;","og_url":"https:\/\/blogdofarnesio.com.br\/?p=175476","og_site_name":"Blog do Farn\u00e9sio","article_publisher":"https:\/\/www.facebook.com\/BlogQuerSaberPolitica\/","article_published_time":"2017-09-02T12:00:04+00:00","og_image":[{"width":800,"height":445,"url":"https:\/\/blogdofarnesio.com.br\/wp-content\/uploads\/2017\/09\/blogqsp-Campeonato-Interbairro.jpg","type":"image\/jpeg"}],"author":"Farn\u00e9sio","twitter_card":"summary_large_image","twitter_misc":{"Escrito por":"Farn\u00e9sio","Est. tempo de leitura":"2 minutos"},"schema":{"@context":"https:\/\/schema.org","@graph":[{"@type":"Article","@id":"https:\/\/blogdofarnesio.com.br\/?p=175476#article","isPartOf":{"@id":"https:\/\/blogdofarnesio.com.br\/?p=175476"},"author":{"name":"Farn\u00e9sio","@id":"https:\/\/blogdofarnesio.com.br\/#\/schema\/person\/301c4acf522bccbfdb45af95b5b906a1"},"headline":"JO\u00c3O PAULO II E TABULEIRO ABREM O CAMPEONATO INTERBAIRROS NESTE S\u00c1BADO","datePublished":"2017-09-02T12:00:04+00:00","mainEntityOfPage":{"@id":"https:\/\/blogdofarnesio.com.br\/?p=175476"},"wordCount":351,"commentCount":0,"publisher":{"@id":"https:\/\/blogdofarnesio.com.br\/#organization"},"image":{"@id":"https:\/\/blogdofarnesio.com.br\/?p=175476#primaryimage"},"thumbnailUrl":"https:\/\/blogdofarnesio.com.br\/wp-content\/uploads\/2017\/09\/blogqsp-Campeonato-Interbairro.jpg","articleSection":["Esportes"],"inLanguage":"pt-BR","potentialAction":[{"@type":"CommentAction","name":"Comment","target":["https:\/\/blogdofarnesio.com.br\/?p=175476#respond"]}]},{"@type":"WebPage","@id":"https:\/\/blogdofarnesio.com.br\/?p=175476","url":"https:\/\/blogdofarnesio.com.br\/?p=175476","name":"JO\u00c3O PAULO II E TABULEIRO ABREM O CAMPEONATO INTERBAIRROS NESTE S\u00c1BADO - Blog do Farn\u00e9sio","isPartOf":{"@id":"https:\/\/blogdofarnesio.com.br\/#website"},"primaryImageOfPage":{"@id":"https:\/\/blogdofarnesio.com.br\/?p=175476#primaryimage"},"image":{"@id":"https:\/\/blogdofarnesio.com.br\/?p=175476#primaryimage"},"thumbnailUrl":"https:\/\/blogdofarnesio.com.br\/wp-content\/uploads\/2017\/09\/blogqsp-Campeonato-Interbairro.jpg","datePublished":"2017-09-02T12:00:04+00:00","breadcrumb":{"@id":"https:\/\/blogdofarnesio.com.br\/?p=175476#breadcrumb"},"inLanguage":"pt-BR","potentialAction":[{"@type":"ReadAction","target":["https:\/\/blogdofarnesio.com.br\/?p=175476"]}]},{"@type":"ImageObject","inLanguage":"pt-BR","@id":"https:\/\/blogdofarnesio.com.br\/?p=175476#primaryimage","url":"https:\/\/blogdofarnesio.com.br\/wp-content\/uploads\/2017\/09\/blogqsp-Campeonato-Interbairro.jpg","contentUrl":"https:\/\/blogdofarnesio.com.br\/wp-content\/uploads\/2017\/09\/blogqsp-Campeonato-Interbairro.jpg","width":800,"height":445},{"@type":"BreadcrumbList","@id":"https:\/\/blogdofarnesio.com.br\/?p=175476#breadcrumb","itemListElement":[{"@type":"ListItem","position":1,"name":"In\u00edcio","item":"https:\/\/blogdofarnesio.com.br\/"},{"@type":"ListItem","position":2,"name":"JO\u00c3O PAULO II E TABULEIRO ABREM O CAMPEONATO INTERBAIRROS NESTE S\u00c1BADO"}]},{"@type":"WebSite","@id":"https:\/\/blogdofarnesio.com.br\/#website","url":"https:\/\/blogdofarnesio.com.br\/","name":"Blog do Farn\u00e9sio","description":"Quer Saber Pol\u00edtica?","publisher":{"@id":"https:\/\/blogdofarnesio.com.br\/#organization"},"potentialAction":[{"@type":"SearchAction","target":{"@type":"EntryPoint","urlTemplate":"https:\/\/blogdofarnesio.com.br\/?s={search_term_string}"},"query-input":{"@type":"PropertyValueSpecification","valueRequired":true,"valueName":"search_term_string"}}],"inLanguage":"pt-BR"},{"@type":"Organization","@id":"https:\/\/blogdofarnesio.com.br\/#organization","name":"Blog do Farn\u00e9sio","url":"https:\/\/blogdofarnesio.com.br\/","logo":{"@type":"ImageObject","inLanguage":"pt-BR","@id":"https:\/\/blogdofarnesio.com.br\/#\/schema\/logo\/image\/","url":"https:\/\/blogdofarnesio.com.br\/wp-content\/uploads\/2026\/03\/cropped-logo_new-1.png","contentUrl":"https:\/\/blogdofarnesio.com.br\/wp-content\/uploads\/2026\/03\/cropped-logo_new-1.png","width":881,"height":685,"caption":"Blog do Farn\u00e9sio"},"image":{"@id":"https:\/\/blogdofarnesio.com.br\/#\/schema\/logo\/image\/"},"sameAs":["https:\/\/www.facebook.com\/BlogQuerSaberPolitica\/"]},{"@type":"Person","@id":"https:\/\/blogdofarnesio.com.br\/#\/schema\/person\/301c4acf522bccbfdb45af95b5b906a1","name":"Farn\u00e9sio","image":{"@type":"ImageObject","inLanguage":"pt-BR","@id":"https:\/\/secure.gravatar.com\/avatar\/df0c9a14567c056f8ad6876ba5bbd1e3e2c48023eb6807342fc4663adf549f38?s=96&d=mm&r=g","url":"https:\/\/secure.gravatar.com\/avatar\/df0c9a14567c056f8ad6876ba5bbd1e3e2c48023eb6807342fc4663adf549f38?s=96&d=mm&r=g","contentUrl":"https:\/\/secure.gravatar.com\/avatar\/df0c9a14567c056f8ad6876ba5bbd1e3e2c48023eb6807342fc4663adf549f38?s=96&d=mm&r=g","caption":"Farn\u00e9sio"},"sameAs":["https:\/\/quersaberpolitica.com.br"],"url":"https:\/\/blogdofarnesio.com.br\/?author=1"}]}},"_links":{"self":[{"href":"https:\/\/blogdofarnesio.com.br\/index.php?rest_route=\/wp\/v2\/posts\/175476","targetHints":{"allow":["GET"]}}],"collection":[{"href":"https:\/\/blogdofarnesio.com.br\/index.php?rest_route=\/wp\/v2\/posts"}],"about":[{"href":"https:\/\/blogdofarnesio.com.br\/index.php?rest_route=\/wp\/v2\/types\/post"}],"author":[{"embeddable":true,"href":"https:\/\/blogdofarnesio.com.br\/index.php?rest_route=\/wp\/v2\/users\/1"}],"replies":[{"embeddable":true,"href":"https:\/\/blogdofarnesio.com.br\/index.php?rest_route=%2Fwp%2Fv2%2Fcomments&post=175476"}],"version-history":[{"count":0,"href":"https:\/\/blogdofarnesio.com.br\/index.php?rest_route=\/wp\/v2\/posts\/175476\/revisions"}],"wp:featuredmedia":[{"embeddable":true,"href":"https:\/\/blogdofarnesio.com.br\/index.php?rest_route=\/wp\/v2\/media\/175478"}],"wp:attachment":[{"href":"https:\/\/blogdofarnesio.com.br\/index.php?rest_route=%2Fwp%2Fv2%2Fmedia&parent=175476"}],"wp:term":[{"taxonomy":"category","embeddable":true,"href":"https:\/\/blogdofarnesio.com.br\/index.php?rest_route=%2Fwp%2Fv2%2Fcategories&post=175476"},{"taxonomy":"post_tag","embeddable":true,"href":"https:\/\/blogdofarnesio.com.br\/index.php?rest_route=%2Fwp%2Fv2%2Ftags&post=175476"}],"curies":[{"name":"wp","href":"https:\/\/api.w.org\/{rel}","templated":true}]}}