{"id":175341,"date":"2017-08-31T15:00:43","date_gmt":"2017-08-31T18:00:43","guid":{"rendered":"http:\/\/quersaberpolitica.com.br\/2016\/?p=175341"},"modified":"2017-08-31T14:39:05","modified_gmt":"2017-08-31T17:39:05","slug":"comecou-o-novenario-da-padroeirra-de-juazeiro-nossa-senhora-das-grotas","status":"publish","type":"post","link":"https:\/\/blogdofarnesio.com.br\/?p=175341","title":{"rendered":"COME\u00c7OU O NOVEN\u00c1RIO DA PADROEIRA DE JUAZEIRO, NOSSA SENHORA DAS GROTAS"},"content":{"rendered":"<p style=\"text-align: justify;\">O Padre Josemar Mota participou nesta manh\u00e3 (31) do Programa Bastidores da Not\u00edcia e falou sobre a programa\u00e7\u00e3o do noven\u00e1rio\u00a0de Nossa Senhora das Grotas, padroeira de Juazeiro (BA), que teve inicio na noite de ontem (30), com missa presidida pelo bispo em\u00e9rito Dom Jos\u00e9 Geraldo da Cruz.<\/p>\n<p style=\"text-align: justify;\">\u201cNeste ano, as celebra\u00e7\u00f5es ser\u00e3o realizadas na frente da Catedral-Santu\u00e1rio, devido o\u00a0n\u00famero de fi\u00e9is nos \u00faltimos anos, que j\u00e1 n\u00e3o comportava na Igreja e gra\u00e7as a Deus um grande p\u00fablico prestigiou o noven\u00e1rio. Hoje teremos a segunda noite com o Padre Am\u00e2ncio e toda popula\u00e7\u00e3o est\u00e1 convidada\u201d, disse o padre.<\/p>\n<p style=\"text-align: justify;\">A Festa da Padroeira tem\u00a0como tema a frase b\u00edblica: &#8220;Fazei tudo o que Ele vos disser&#8221; (Jo 2,5),\u00a0em comemora\u00e7\u00e3o aos 300 anos do encontro da imagem de N. Sra. Aparecida, padroeira do Brasil, em S\u00e3o Paulo. \u201cEstamos tamb\u00e9m celebrando os 311 anos da festa de Nossa Senhora das Grotas que foi encontrada no ano de 1706 por um \u00edndio e um vaqueiro das grotas do S\u00e3o Francisco, alguns historiadores dizem que a imagem foi localizada no p\u00e9 de Juazeiro onde surgiu a cidade e outros dizem que foi pr\u00f3ximo a catedral\u201d.<\/p>\n<p style=\"text-align: justify;\">A programa\u00e7\u00e3o ainda contar\u00e1 com quermesse todas as noites, cobertura e entrevistas ao vivo na p\u00e1gina da Diocese e Catedral e no dia 03 (domingo), noite da juventude, haver\u00e1 o show &#8220;Can\u00e7\u00f5es Divinas&#8221; de Targino Gondim, onde ele apresentar\u00e1\u00a0m\u00fasicas\u00a0religiosas em estilo regional.<\/p>\n<p style=\"text-align: justify;\">Todas as celebra\u00e7\u00f5es ser\u00e3o tem\u00e1ticas\u00a0com\u00a0a participa\u00e7\u00e3o das par\u00f3quias da Diocese que s\u00e3o: Cosme e Dami\u00e3o, Santo Ant\u00f4nio, Santa Terezinha, S\u00e3o Francisco, Nossa Senhora de F\u00e1tima, Santo Afonso e Nossa Senhora Aparecida; juntas com as pastorais: Familiar, Sociais, D\u00edzimo, Movimentos Marianos e Confrarias; e o Setor da Juventude, al\u00e9m das comunidades: Shalon, M\u00e3e Imaculada e Renova\u00e7\u00e3o Carism\u00e1tica Cat\u00f3lica.<\/p>\n<p style=\"text-align: justify;\">Esse ano, a prociss\u00e3o sair\u00e1 \u00e0s 17h da comunidade Nossa Senhora de Nazar\u00e9, no bairro Quid\u00e9 e ser\u00e1 animada por tr\u00eas minist\u00e9rios de m\u00fasica da Diocese em minitrios.<\/p>\n<p style=\"text-align: justify;\"><strong>Confira a programa\u00e7\u00e3o completa da Festa da Padroeira:<\/strong><\/p>\n<p style=\"text-align: justify;\"><strong>30\/08 \u00e0 07\/09 \u2013<\/strong>\u00a0Noven\u00e1rio\u00a0na pra\u00e7a da Catedral (sempre \u00e1s 19h30)<\/p>\n<p style=\"text-align: justify;\"><strong>Celebra\u00e7\u00f5es especiais:<\/strong><\/p>\n<p style=\"text-align: justify;\">29\/08 \u2013 Celebra\u00e7\u00e3o da Miseric\u00f3rdia \u2013 (19h30)<\/p>\n<p style=\"text-align: justify;\">02\/09 \u2013 Missa para as crian\u00e7as (9h) e Missa da Sa\u00fade (16h)<\/p>\n<p style=\"text-align: justify;\">03\/09 &#8211;\u00a0\u00a0Show &#8220;Can\u00e7\u00f5es Divinas&#8221; de Targino Gondim (21h)<\/p>\n<p style=\"text-align: justify;\">07\/09 &#8211;\u00a0Envio\u00a0da imagem de Nossa Senhora das Grotas\u00a0para\u00a0a igreja do Quid\u00e9 (21h)<\/p>\n<p style=\"text-align: justify;\">Durante a semana: Novena na Catedral, sempre \u00e0s 12h<\/p>\n<p style=\"text-align: justify;\"><strong>08\/09 \u2013 Dia da Festa:<\/strong><\/p>\n<p style=\"text-align: justify;\">7h \u2013 Missa presidida pelo P\u00e1roco<\/p>\n<p style=\"text-align: justify;\">10h \u2013 Missa solene presidida pelo Bispo diocesano (Dom Beto)<\/p>\n<p style=\"text-align: justify;\">17h \u2013 Solene Prociss\u00e3o (sa\u00edda da Igreja Nossa Senhora de Nazar\u00e9 \u2013 bairro Quid\u00e9<\/p>\n<p>&nbsp;<\/p>\n","protected":false},"excerpt":{"rendered":"<p>O Padre Josemar Mota participou nesta manh\u00e3 (31) do Programa Bastidores da Not\u00edcia e falou sobre a programa\u00e7\u00e3o do noven\u00e1rio\u00a0de Nossa Senhora das Grotas, padroeira de Juazeiro (BA), que teve inicio na noite de ontem (30), com missa presidida pelo bispo em\u00e9rito Dom Jos\u00e9 Geraldo da Cruz. \u201cNeste ano, as celebra\u00e7\u00f5es ser\u00e3o realizadas na frente da Catedral-Santu\u00e1rio, devido o\u00a0n\u00famero de fi\u00e9is nos \u00faltimos anos, que j\u00e1 n\u00e3o comportava na Igreja e gra\u00e7as a Deus um grande p\u00fablico prestigiou o noven\u00e1rio. Hoje teremos a segunda noite com o Padre Am\u00e2ncio e toda popula\u00e7\u00e3o est\u00e1 convidada\u201d, disse o padre. A Festa da Padroeira tem\u00a0como tema a frase b\u00edblica: &#8220;Fazei tudo o que Ele vos disser&#8221; (Jo 2,5),\u00a0em comemora\u00e7\u00e3o aos 300 anos do&hellip; <\/p>\n","protected":false},"author":1,"featured_media":148162,"comment_status":"open","ping_status":"open","sticky":false,"template":"","format":"standard","meta":{"_acf_changed":false,"footnotes":""},"categories":[7],"tags":[],"class_list":["post-175341","post","type-post","status-publish","format-standard","has-post-thumbnail","hentry","category-religiao"],"acf":[],"yoast_head":"<!-- This site is optimized with the Yoast SEO plugin v27.4 - https:\/\/yoast.com\/product\/yoast-seo-wordpress\/ -->\n<title>COME\u00c7OU O NOVEN\u00c1RIO DA PADROEIRA DE JUAZEIRO, NOSSA SENHORA DAS GROTAS - Blog do Farn\u00e9sio<\/title>\n<meta name=\"robots\" content=\"index, follow, max-snippet:-1, max-image-preview:large, max-video-preview:-1\" \/>\n<link rel=\"canonical\" href=\"https:\/\/blogdofarnesio.com.br\/?p=175341\" \/>\n<meta property=\"og:locale\" content=\"pt_BR\" \/>\n<meta property=\"og:type\" content=\"article\" \/>\n<meta property=\"og:title\" content=\"COME\u00c7OU O NOVEN\u00c1RIO DA PADROEIRA DE JUAZEIRO, NOSSA SENHORA DAS GROTAS - Blog do Farn\u00e9sio\" \/>\n<meta property=\"og:description\" content=\"O Padre Josemar Mota participou nesta manh\u00e3 (31) do Programa Bastidores da Not\u00edcia e falou sobre a programa\u00e7\u00e3o do noven\u00e1rio\u00a0de Nossa Senhora das Grotas, padroeira de Juazeiro (BA), que teve inicio na noite de ontem (30), com missa presidida pelo bispo em\u00e9rito Dom Jos\u00e9 Geraldo da Cruz. \u201cNeste ano, as celebra\u00e7\u00f5es ser\u00e3o realizadas na frente da Catedral-Santu\u00e1rio, devido o\u00a0n\u00famero de fi\u00e9is nos \u00faltimos anos, que j\u00e1 n\u00e3o comportava na Igreja e gra\u00e7as a Deus um grande p\u00fablico prestigiou o noven\u00e1rio. Hoje teremos a segunda noite com o Padre Am\u00e2ncio e toda popula\u00e7\u00e3o est\u00e1 convidada\u201d, disse o padre. A Festa da Padroeira tem\u00a0como tema a frase b\u00edblica: &#8220;Fazei tudo o que Ele vos disser&#8221; (Jo 2,5),\u00a0em comemora\u00e7\u00e3o aos 300 anos do&hellip;\" \/>\n<meta property=\"og:url\" content=\"https:\/\/blogdofarnesio.com.br\/?p=175341\" \/>\n<meta property=\"og:site_name\" content=\"Blog do Farn\u00e9sio\" \/>\n<meta property=\"article:publisher\" content=\"https:\/\/www.facebook.com\/BlogQuerSaberPolitica\/\" \/>\n<meta property=\"article:published_time\" content=\"2017-08-31T18:00:43+00:00\" \/>\n<meta property=\"og:image\" content=\"https:\/\/blogdofarnesio.com.br\/wp-content\/uploads\/2016\/09\/blogqsp-prociss\u00e3o-1.jpg\" \/>\n\t<meta property=\"og:image:width\" content=\"448\" \/>\n\t<meta property=\"og:image:height\" content=\"336\" \/>\n\t<meta property=\"og:image:type\" content=\"image\/jpeg\" \/>\n<meta name=\"author\" content=\"Farn\u00e9sio\" \/>\n<meta name=\"twitter:card\" content=\"summary_large_image\" \/>\n<meta name=\"twitter:label1\" content=\"Escrito por\" \/>\n\t<meta name=\"twitter:data1\" content=\"Farn\u00e9sio\" \/>\n\t<meta name=\"twitter:label2\" content=\"Est. tempo de leitura\" \/>\n\t<meta name=\"twitter:data2\" content=\"2 minutos\" \/>\n<script type=\"application\/ld+json\" class=\"yoast-schema-graph\">{\"@context\":\"https:\\\/\\\/schema.org\",\"@graph\":[{\"@type\":\"Article\",\"@id\":\"https:\\\/\\\/blogdofarnesio.com.br\\\/?p=175341#article\",\"isPartOf\":{\"@id\":\"https:\\\/\\\/blogdofarnesio.com.br\\\/?p=175341\"},\"author\":{\"name\":\"Farn\u00e9sio\",\"@id\":\"https:\\\/\\\/blogdofarnesio.com.br\\\/#\\\/schema\\\/person\\\/301c4acf522bccbfdb45af95b5b906a1\"},\"headline\":\"COME\u00c7OU O NOVEN\u00c1RIO DA PADROEIRA DE JUAZEIRO, NOSSA SENHORA DAS GROTAS\",\"datePublished\":\"2017-08-31T18:00:43+00:00\",\"mainEntityOfPage\":{\"@id\":\"https:\\\/\\\/blogdofarnesio.com.br\\\/?p=175341\"},\"wordCount\":480,\"commentCount\":0,\"publisher\":{\"@id\":\"https:\\\/\\\/blogdofarnesio.com.br\\\/#organization\"},\"image\":{\"@id\":\"https:\\\/\\\/blogdofarnesio.com.br\\\/?p=175341#primaryimage\"},\"thumbnailUrl\":\"https:\\\/\\\/blogdofarnesio.com.br\\\/wp-content\\\/uploads\\\/2016\\\/09\\\/blogqsp-prociss\u00e3o-1.jpg\",\"articleSection\":[\"Religi\u00e3o\"],\"inLanguage\":\"pt-BR\",\"potentialAction\":[{\"@type\":\"CommentAction\",\"name\":\"Comment\",\"target\":[\"https:\\\/\\\/blogdofarnesio.com.br\\\/?p=175341#respond\"]}]},{\"@type\":\"WebPage\",\"@id\":\"https:\\\/\\\/blogdofarnesio.com.br\\\/?p=175341\",\"url\":\"https:\\\/\\\/blogdofarnesio.com.br\\\/?p=175341\",\"name\":\"COME\u00c7OU O NOVEN\u00c1RIO DA PADROEIRA DE JUAZEIRO, NOSSA SENHORA DAS GROTAS - Blog do Farn\u00e9sio\",\"isPartOf\":{\"@id\":\"https:\\\/\\\/blogdofarnesio.com.br\\\/#website\"},\"primaryImageOfPage\":{\"@id\":\"https:\\\/\\\/blogdofarnesio.com.br\\\/?p=175341#primaryimage\"},\"image\":{\"@id\":\"https:\\\/\\\/blogdofarnesio.com.br\\\/?p=175341#primaryimage\"},\"thumbnailUrl\":\"https:\\\/\\\/blogdofarnesio.com.br\\\/wp-content\\\/uploads\\\/2016\\\/09\\\/blogqsp-prociss\u00e3o-1.jpg\",\"datePublished\":\"2017-08-31T18:00:43+00:00\",\"breadcrumb\":{\"@id\":\"https:\\\/\\\/blogdofarnesio.com.br\\\/?p=175341#breadcrumb\"},\"inLanguage\":\"pt-BR\",\"potentialAction\":[{\"@type\":\"ReadAction\",\"target\":[\"https:\\\/\\\/blogdofarnesio.com.br\\\/?p=175341\"]}]},{\"@type\":\"ImageObject\",\"inLanguage\":\"pt-BR\",\"@id\":\"https:\\\/\\\/blogdofarnesio.com.br\\\/?p=175341#primaryimage\",\"url\":\"https:\\\/\\\/blogdofarnesio.com.br\\\/wp-content\\\/uploads\\\/2016\\\/09\\\/blogqsp-prociss\u00e3o-1.jpg\",\"contentUrl\":\"https:\\\/\\\/blogdofarnesio.com.br\\\/wp-content\\\/uploads\\\/2016\\\/09\\\/blogqsp-prociss\u00e3o-1.jpg\",\"width\":448,\"height\":336},{\"@type\":\"BreadcrumbList\",\"@id\":\"https:\\\/\\\/blogdofarnesio.com.br\\\/?p=175341#breadcrumb\",\"itemListElement\":[{\"@type\":\"ListItem\",\"position\":1,\"name\":\"In\u00edcio\",\"item\":\"https:\\\/\\\/blogdofarnesio.com.br\\\/\"},{\"@type\":\"ListItem\",\"position\":2,\"name\":\"COME\u00c7OU O NOVEN\u00c1RIO DA PADROEIRA DE JUAZEIRO, NOSSA SENHORA DAS GROTAS\"}]},{\"@type\":\"WebSite\",\"@id\":\"https:\\\/\\\/blogdofarnesio.com.br\\\/#website\",\"url\":\"https:\\\/\\\/blogdofarnesio.com.br\\\/\",\"name\":\"Blog do Farn\u00e9sio\",\"description\":\"Quer Saber Pol\u00edtica?\",\"publisher\":{\"@id\":\"https:\\\/\\\/blogdofarnesio.com.br\\\/#organization\"},\"potentialAction\":[{\"@type\":\"SearchAction\",\"target\":{\"@type\":\"EntryPoint\",\"urlTemplate\":\"https:\\\/\\\/blogdofarnesio.com.br\\\/?s={search_term_string}\"},\"query-input\":{\"@type\":\"PropertyValueSpecification\",\"valueRequired\":true,\"valueName\":\"search_term_string\"}}],\"inLanguage\":\"pt-BR\"},{\"@type\":\"Organization\",\"@id\":\"https:\\\/\\\/blogdofarnesio.com.br\\\/#organization\",\"name\":\"Blog do Farn\u00e9sio\",\"url\":\"https:\\\/\\\/blogdofarnesio.com.br\\\/\",\"logo\":{\"@type\":\"ImageObject\",\"inLanguage\":\"pt-BR\",\"@id\":\"https:\\\/\\\/blogdofarnesio.com.br\\\/#\\\/schema\\\/logo\\\/image\\\/\",\"url\":\"https:\\\/\\\/blogdofarnesio.com.br\\\/wp-content\\\/uploads\\\/2026\\\/03\\\/cropped-logo_new-1.png\",\"contentUrl\":\"https:\\\/\\\/blogdofarnesio.com.br\\\/wp-content\\\/uploads\\\/2026\\\/03\\\/cropped-logo_new-1.png\",\"width\":881,\"height\":685,\"caption\":\"Blog do Farn\u00e9sio\"},\"image\":{\"@id\":\"https:\\\/\\\/blogdofarnesio.com.br\\\/#\\\/schema\\\/logo\\\/image\\\/\"},\"sameAs\":[\"https:\\\/\\\/www.facebook.com\\\/BlogQuerSaberPolitica\\\/\"]},{\"@type\":\"Person\",\"@id\":\"https:\\\/\\\/blogdofarnesio.com.br\\\/#\\\/schema\\\/person\\\/301c4acf522bccbfdb45af95b5b906a1\",\"name\":\"Farn\u00e9sio\",\"image\":{\"@type\":\"ImageObject\",\"inLanguage\":\"pt-BR\",\"@id\":\"https:\\\/\\\/secure.gravatar.com\\\/avatar\\\/df0c9a14567c056f8ad6876ba5bbd1e3e2c48023eb6807342fc4663adf549f38?s=96&d=mm&r=g\",\"url\":\"https:\\\/\\\/secure.gravatar.com\\\/avatar\\\/df0c9a14567c056f8ad6876ba5bbd1e3e2c48023eb6807342fc4663adf549f38?s=96&d=mm&r=g\",\"contentUrl\":\"https:\\\/\\\/secure.gravatar.com\\\/avatar\\\/df0c9a14567c056f8ad6876ba5bbd1e3e2c48023eb6807342fc4663adf549f38?s=96&d=mm&r=g\",\"caption\":\"Farn\u00e9sio\"},\"sameAs\":[\"https:\\\/\\\/quersaberpolitica.com.br\"],\"url\":\"https:\\\/\\\/blogdofarnesio.com.br\\\/?author=1\"}]}<\/script>\n<!-- \/ Yoast SEO plugin. -->","yoast_head_json":{"title":"COME\u00c7OU O NOVEN\u00c1RIO DA PADROEIRA DE JUAZEIRO, NOSSA SENHORA DAS GROTAS - Blog do Farn\u00e9sio","robots":{"index":"index","follow":"follow","max-snippet":"max-snippet:-1","max-image-preview":"max-image-preview:large","max-video-preview":"max-video-preview:-1"},"canonical":"https:\/\/blogdofarnesio.com.br\/?p=175341","og_locale":"pt_BR","og_type":"article","og_title":"COME\u00c7OU O NOVEN\u00c1RIO DA PADROEIRA DE JUAZEIRO, NOSSA SENHORA DAS GROTAS - Blog do Farn\u00e9sio","og_description":"O Padre Josemar Mota participou nesta manh\u00e3 (31) do Programa Bastidores da Not\u00edcia e falou sobre a programa\u00e7\u00e3o do noven\u00e1rio\u00a0de Nossa Senhora das Grotas, padroeira de Juazeiro (BA), que teve inicio na noite de ontem (30), com missa presidida pelo bispo em\u00e9rito Dom Jos\u00e9 Geraldo da Cruz. \u201cNeste ano, as celebra\u00e7\u00f5es ser\u00e3o realizadas na frente da Catedral-Santu\u00e1rio, devido o\u00a0n\u00famero de fi\u00e9is nos \u00faltimos anos, que j\u00e1 n\u00e3o comportava na Igreja e gra\u00e7as a Deus um grande p\u00fablico prestigiou o noven\u00e1rio. Hoje teremos a segunda noite com o Padre Am\u00e2ncio e toda popula\u00e7\u00e3o est\u00e1 convidada\u201d, disse o padre. A Festa da Padroeira tem\u00a0como tema a frase b\u00edblica: &#8220;Fazei tudo o que Ele vos disser&#8221; (Jo 2,5),\u00a0em comemora\u00e7\u00e3o aos 300 anos do&hellip;","og_url":"https:\/\/blogdofarnesio.com.br\/?p=175341","og_site_name":"Blog do Farn\u00e9sio","article_publisher":"https:\/\/www.facebook.com\/BlogQuerSaberPolitica\/","article_published_time":"2017-08-31T18:00:43+00:00","og_image":[{"width":448,"height":336,"url":"https:\/\/blogdofarnesio.com.br\/wp-content\/uploads\/2016\/09\/blogqsp-prociss\u00e3o-1.jpg","type":"image\/jpeg"}],"author":"Farn\u00e9sio","twitter_card":"summary_large_image","twitter_misc":{"Escrito por":"Farn\u00e9sio","Est. tempo de leitura":"2 minutos"},"schema":{"@context":"https:\/\/schema.org","@graph":[{"@type":"Article","@id":"https:\/\/blogdofarnesio.com.br\/?p=175341#article","isPartOf":{"@id":"https:\/\/blogdofarnesio.com.br\/?p=175341"},"author":{"name":"Farn\u00e9sio","@id":"https:\/\/blogdofarnesio.com.br\/#\/schema\/person\/301c4acf522bccbfdb45af95b5b906a1"},"headline":"COME\u00c7OU O NOVEN\u00c1RIO DA PADROEIRA DE JUAZEIRO, NOSSA SENHORA DAS GROTAS","datePublished":"2017-08-31T18:00:43+00:00","mainEntityOfPage":{"@id":"https:\/\/blogdofarnesio.com.br\/?p=175341"},"wordCount":480,"commentCount":0,"publisher":{"@id":"https:\/\/blogdofarnesio.com.br\/#organization"},"image":{"@id":"https:\/\/blogdofarnesio.com.br\/?p=175341#primaryimage"},"thumbnailUrl":"https:\/\/blogdofarnesio.com.br\/wp-content\/uploads\/2016\/09\/blogqsp-prociss\u00e3o-1.jpg","articleSection":["Religi\u00e3o"],"inLanguage":"pt-BR","potentialAction":[{"@type":"CommentAction","name":"Comment","target":["https:\/\/blogdofarnesio.com.br\/?p=175341#respond"]}]},{"@type":"WebPage","@id":"https:\/\/blogdofarnesio.com.br\/?p=175341","url":"https:\/\/blogdofarnesio.com.br\/?p=175341","name":"COME\u00c7OU O NOVEN\u00c1RIO DA PADROEIRA DE JUAZEIRO, NOSSA SENHORA DAS GROTAS - Blog do Farn\u00e9sio","isPartOf":{"@id":"https:\/\/blogdofarnesio.com.br\/#website"},"primaryImageOfPage":{"@id":"https:\/\/blogdofarnesio.com.br\/?p=175341#primaryimage"},"image":{"@id":"https:\/\/blogdofarnesio.com.br\/?p=175341#primaryimage"},"thumbnailUrl":"https:\/\/blogdofarnesio.com.br\/wp-content\/uploads\/2016\/09\/blogqsp-prociss\u00e3o-1.jpg","datePublished":"2017-08-31T18:00:43+00:00","breadcrumb":{"@id":"https:\/\/blogdofarnesio.com.br\/?p=175341#breadcrumb"},"inLanguage":"pt-BR","potentialAction":[{"@type":"ReadAction","target":["https:\/\/blogdofarnesio.com.br\/?p=175341"]}]},{"@type":"ImageObject","inLanguage":"pt-BR","@id":"https:\/\/blogdofarnesio.com.br\/?p=175341#primaryimage","url":"https:\/\/blogdofarnesio.com.br\/wp-content\/uploads\/2016\/09\/blogqsp-prociss\u00e3o-1.jpg","contentUrl":"https:\/\/blogdofarnesio.com.br\/wp-content\/uploads\/2016\/09\/blogqsp-prociss\u00e3o-1.jpg","width":448,"height":336},{"@type":"BreadcrumbList","@id":"https:\/\/blogdofarnesio.com.br\/?p=175341#breadcrumb","itemListElement":[{"@type":"ListItem","position":1,"name":"In\u00edcio","item":"https:\/\/blogdofarnesio.com.br\/"},{"@type":"ListItem","position":2,"name":"COME\u00c7OU O NOVEN\u00c1RIO DA PADROEIRA DE JUAZEIRO, NOSSA SENHORA DAS GROTAS"}]},{"@type":"WebSite","@id":"https:\/\/blogdofarnesio.com.br\/#website","url":"https:\/\/blogdofarnesio.com.br\/","name":"Blog do Farn\u00e9sio","description":"Quer Saber Pol\u00edtica?","publisher":{"@id":"https:\/\/blogdofarnesio.com.br\/#organization"},"potentialAction":[{"@type":"SearchAction","target":{"@type":"EntryPoint","urlTemplate":"https:\/\/blogdofarnesio.com.br\/?s={search_term_string}"},"query-input":{"@type":"PropertyValueSpecification","valueRequired":true,"valueName":"search_term_string"}}],"inLanguage":"pt-BR"},{"@type":"Organization","@id":"https:\/\/blogdofarnesio.com.br\/#organization","name":"Blog do Farn\u00e9sio","url":"https:\/\/blogdofarnesio.com.br\/","logo":{"@type":"ImageObject","inLanguage":"pt-BR","@id":"https:\/\/blogdofarnesio.com.br\/#\/schema\/logo\/image\/","url":"https:\/\/blogdofarnesio.com.br\/wp-content\/uploads\/2026\/03\/cropped-logo_new-1.png","contentUrl":"https:\/\/blogdofarnesio.com.br\/wp-content\/uploads\/2026\/03\/cropped-logo_new-1.png","width":881,"height":685,"caption":"Blog do Farn\u00e9sio"},"image":{"@id":"https:\/\/blogdofarnesio.com.br\/#\/schema\/logo\/image\/"},"sameAs":["https:\/\/www.facebook.com\/BlogQuerSaberPolitica\/"]},{"@type":"Person","@id":"https:\/\/blogdofarnesio.com.br\/#\/schema\/person\/301c4acf522bccbfdb45af95b5b906a1","name":"Farn\u00e9sio","image":{"@type":"ImageObject","inLanguage":"pt-BR","@id":"https:\/\/secure.gravatar.com\/avatar\/df0c9a14567c056f8ad6876ba5bbd1e3e2c48023eb6807342fc4663adf549f38?s=96&d=mm&r=g","url":"https:\/\/secure.gravatar.com\/avatar\/df0c9a14567c056f8ad6876ba5bbd1e3e2c48023eb6807342fc4663adf549f38?s=96&d=mm&r=g","contentUrl":"https:\/\/secure.gravatar.com\/avatar\/df0c9a14567c056f8ad6876ba5bbd1e3e2c48023eb6807342fc4663adf549f38?s=96&d=mm&r=g","caption":"Farn\u00e9sio"},"sameAs":["https:\/\/quersaberpolitica.com.br"],"url":"https:\/\/blogdofarnesio.com.br\/?author=1"}]}},"_links":{"self":[{"href":"https:\/\/blogdofarnesio.com.br\/index.php?rest_route=\/wp\/v2\/posts\/175341","targetHints":{"allow":["GET"]}}],"collection":[{"href":"https:\/\/blogdofarnesio.com.br\/index.php?rest_route=\/wp\/v2\/posts"}],"about":[{"href":"https:\/\/blogdofarnesio.com.br\/index.php?rest_route=\/wp\/v2\/types\/post"}],"author":[{"embeddable":true,"href":"https:\/\/blogdofarnesio.com.br\/index.php?rest_route=\/wp\/v2\/users\/1"}],"replies":[{"embeddable":true,"href":"https:\/\/blogdofarnesio.com.br\/index.php?rest_route=%2Fwp%2Fv2%2Fcomments&post=175341"}],"version-history":[{"count":0,"href":"https:\/\/blogdofarnesio.com.br\/index.php?rest_route=\/wp\/v2\/posts\/175341\/revisions"}],"wp:featuredmedia":[{"embeddable":true,"href":"https:\/\/blogdofarnesio.com.br\/index.php?rest_route=\/wp\/v2\/media\/148162"}],"wp:attachment":[{"href":"https:\/\/blogdofarnesio.com.br\/index.php?rest_route=%2Fwp%2Fv2%2Fmedia&parent=175341"}],"wp:term":[{"taxonomy":"category","embeddable":true,"href":"https:\/\/blogdofarnesio.com.br\/index.php?rest_route=%2Fwp%2Fv2%2Fcategories&post=175341"},{"taxonomy":"post_tag","embeddable":true,"href":"https:\/\/blogdofarnesio.com.br\/index.php?rest_route=%2Fwp%2Fv2%2Ftags&post=175341"}],"curies":[{"name":"wp","href":"https:\/\/api.w.org\/{rel}","templated":true}]}}