{"id":175108,"date":"2017-08-29T09:42:29","date_gmt":"2017-08-29T12:42:29","guid":{"rendered":"http:\/\/quersaberpolitica.com.br\/2016\/?p=175108"},"modified":"2017-08-28T20:50:00","modified_gmt":"2017-08-28T23:50:00","slug":"direto-senhor-do-bonfim-2","status":"publish","type":"post","link":"https:\/\/blogdofarnesio.com.br\/?p=175108","title":{"rendered":"DIRETO SENHOR DO BONFIM"},"content":{"rendered":"<p align=\"justify\"><em><strong>RONDA MARIA DA PENHA CHEGA AO MUNIC\u00cdPIO<\/strong><\/em><\/p>\n<p style=\"text-align: justify;\" align=\"justify\"><span style=\"font-family: Arial, sans-serif;\">RONDA MARIA DA PENHA CHEGA A SENHOR DO BONFIMA Opera\u00e7\u00e3o Ronda Maria da Penha chegou nesta segunda-feira (28) \u00e0 cidade de Senhor do Bonfim, a cerca de 380 quil\u00f4metros de Salvador. Sediada no &#8216;Centro de Refer\u00eancia da Mulher M\u00e3e Sulinha&#8217; da prefeitura local, a base \u2013 uma extens\u00e3o da unidade de Juazeiro \u2013 disp\u00f5e de seis policias e uma viatura para fazer o acompanhamento das mulheres beneficiadas com medidas protetivas.<\/span><\/p>\n<p style=\"text-align: justify;\" align=\"justify\"><span style=\"font-family: Arial, sans-serif;\">A cerim\u00f4nia de inaugura\u00e7\u00e3o contou com a presen\u00e7a do secret\u00e1rio da Seguran\u00e7a P\u00fablica, Maur\u00edcio Barbosa, do comandante-geral da Pol\u00edcia Militar, coronel Anselmo Brand\u00e3o, do delegado-geral da Pol\u00edcia Civil, Bernardino Brito, e do diretor-geral do Departamento de Pol\u00edcia T\u00e9cnica, \u00c9lson Jeffesson, dentre outras autoridades.<\/span><\/p>\n<p style=\"text-align: justify;\" align=\"justify\">\u201c<span style=\"font-family: Arial, sans-serif;\">O trabalho tem se destacado e se diferenciado de outros servi\u00e7os semelhantes no pa\u00eds, pela quantidade de atendimentos e atividades ofertadas, Vamos continuar expandindo o Ronda Maria da Penha, uma unidade da PM de excel\u00eancia\u201d, destacou o secret\u00e1rio.<\/span><\/p>\n<p style=\"text-align: justify;\" align=\"justify\"><span style=\"font-family: Arial, sans-serif;\">Segundo a major Denice Santiago, comandante da Ronda Maria da Penha, a iniciativa \u00e9 resultado da proposta do Governo do Estado de interiorizar o programa. \u201cAqui, em Senhor do Bonfim, temos 300 mulheres contempladas com medidas protetivas e a viatura que utilizaremos \u00e9 fruto de uma Termo de Ajustamento de Conduta (TAC) com a Minera\u00e7\u00e3o Cara\u00edba\u201d, explicou.<\/span><\/p>\n<p style=\"text-align: justify;\" align=\"justify\"><span style=\"font-family: Arial, sans-serif;\">Criada em 2015, o Ronda Maria da Penha, al\u00e9m de Salvador, est\u00e1 em outras seis\u00a0<span style=\"color: #000000;\">cidades: Feira de Santana, Paulo Afonso, Juazeiro, Itabuna, Vit\u00f3ria da Conquista, e, agora Senhor do Bonfim. No estado,1.287 mulheres,<\/span><span style=\"color: #000000;\">beneficiadas por medidas protetivas, foram acompanhadas pelos policiais militares da\u00a0<\/span><span style=\"color: #000000;\">o<\/span><span style=\"color: #000000;\">pera\u00e7\u00e3o, desde a sua funda\u00e7\u00e3o at\u00e9 junho de 2017.<\/span><\/span><\/p>\n<p style=\"text-align: justify;\" align=\"justify\"><span style=\"color: #333333;\"><span style=\"font-family: Arial, sans-serif;\">Em todo o estado s\u00e3o\u00a0<\/span><\/span><span style=\"color: #333333;\">95\u00a0policiais previamente capacitados para cuidar do p\u00fablico, que j\u00e1 chega\u00a0a unidade\u00a0fragilizado, sendo 29 na capital e 66nas cinco cidades do interior, al\u00e9m de viaturas\u00a0devidamente\u00a0identificadas.<\/span><\/p>\n<p style=\"text-align: justify;\" align=\"justify\"><span style=\"color: #333333;\"><span style=\"font-family: Arial, sans-serif;\">V\u00edtimas\u00a0<\/span><\/span><span style=\"color: #333333;\">(e, agora tamb\u00e9m agressores)\u00a0contam com\u00a0diversas\u00a0oficinas,\u00a0como\u00a0atividades que ensinam uma fonte de renda\u00a0e\u00a0aulas de reeduca\u00e7\u00e3o. Com dois anos de exist\u00eancia, a unidade j\u00e1 realizou 401 cursos (253 palestras e 148 eventos).<\/span><\/p>\n<p style=\"text-align: justify;\" align=\"justify\">Cr\u00e9dito Fotos: Edinei Dantas<\/p>\n","protected":false},"excerpt":{"rendered":"<p>RONDA MARIA DA PENHA CHEGA AO MUNIC\u00cdPIO RONDA MARIA DA PENHA CHEGA A SENHOR DO BONFIMA Opera\u00e7\u00e3o Ronda Maria da Penha chegou nesta segunda-feira (28) \u00e0 cidade de Senhor do Bonfim, a cerca de 380 quil\u00f4metros de Salvador. Sediada no &#8216;Centro de Refer\u00eancia da Mulher M\u00e3e Sulinha&#8217; da prefeitura local, a base \u2013 uma extens\u00e3o da unidade de Juazeiro \u2013 disp\u00f5e de seis policias e uma viatura para fazer o acompanhamento das mulheres beneficiadas com medidas protetivas. A cerim\u00f4nia de inaugura\u00e7\u00e3o contou com a presen\u00e7a do secret\u00e1rio da Seguran\u00e7a P\u00fablica, Maur\u00edcio Barbosa, do comandante-geral da Pol\u00edcia Militar, coronel Anselmo Brand\u00e3o, do delegado-geral da Pol\u00edcia Civil, Bernardino Brito, e do diretor-geral do Departamento de Pol\u00edcia T\u00e9cnica, \u00c9lson Jeffesson, dentre outras autoridades.&hellip; <\/p>\n","protected":false},"author":1,"featured_media":175109,"comment_status":"open","ping_status":"open","sticky":false,"template":"","format":"standard","meta":{"_acf_changed":false,"footnotes":""},"categories":[27,9],"tags":[],"class_list":["post-175108","post","type-post","status-publish","format-standard","has-post-thumbnail","hentry","category-cidades","category-policia"],"acf":[],"yoast_head":"<!-- This site is optimized with the Yoast SEO plugin v27.4 - https:\/\/yoast.com\/product\/yoast-seo-wordpress\/ -->\n<title>DIRETO SENHOR DO BONFIM - Blog do Farn\u00e9sio<\/title>\n<meta name=\"robots\" content=\"index, follow, max-snippet:-1, max-image-preview:large, max-video-preview:-1\" \/>\n<link rel=\"canonical\" href=\"https:\/\/blogdofarnesio.com.br\/?p=175108\" \/>\n<meta property=\"og:locale\" content=\"pt_BR\" \/>\n<meta property=\"og:type\" content=\"article\" \/>\n<meta property=\"og:title\" content=\"DIRETO SENHOR DO BONFIM - Blog do Farn\u00e9sio\" \/>\n<meta property=\"og:description\" content=\"RONDA MARIA DA PENHA CHEGA AO MUNIC\u00cdPIO RONDA MARIA DA PENHA CHEGA A SENHOR DO BONFIMA Opera\u00e7\u00e3o Ronda Maria da Penha chegou nesta segunda-feira (28) \u00e0 cidade de Senhor do Bonfim, a cerca de 380 quil\u00f4metros de Salvador. Sediada no &#8216;Centro de Refer\u00eancia da Mulher M\u00e3e Sulinha&#8217; da prefeitura local, a base \u2013 uma extens\u00e3o da unidade de Juazeiro \u2013 disp\u00f5e de seis policias e uma viatura para fazer o acompanhamento das mulheres beneficiadas com medidas protetivas. A cerim\u00f4nia de inaugura\u00e7\u00e3o contou com a presen\u00e7a do secret\u00e1rio da Seguran\u00e7a P\u00fablica, Maur\u00edcio Barbosa, do comandante-geral da Pol\u00edcia Militar, coronel Anselmo Brand\u00e3o, do delegado-geral da Pol\u00edcia Civil, Bernardino Brito, e do diretor-geral do Departamento de Pol\u00edcia T\u00e9cnica, \u00c9lson Jeffesson, dentre outras autoridades.&hellip;\" \/>\n<meta property=\"og:url\" content=\"https:\/\/blogdofarnesio.com.br\/?p=175108\" \/>\n<meta property=\"og:site_name\" content=\"Blog do Farn\u00e9sio\" \/>\n<meta property=\"article:publisher\" content=\"https:\/\/www.facebook.com\/BlogQuerSaberPolitica\/\" \/>\n<meta property=\"article:published_time\" content=\"2017-08-29T12:42:29+00:00\" \/>\n<meta property=\"og:image\" content=\"https:\/\/blogdofarnesio.com.br\/wp-content\/uploads\/2017\/08\/blogqsp-leironda-chega-bonfim.jpg\" \/>\n\t<meta property=\"og:image:width\" content=\"640\" \/>\n\t<meta property=\"og:image:height\" content=\"427\" \/>\n\t<meta property=\"og:image:type\" content=\"image\/jpeg\" \/>\n<meta name=\"author\" content=\"Farn\u00e9sio\" \/>\n<meta name=\"twitter:card\" content=\"summary_large_image\" \/>\n<meta name=\"twitter:label1\" content=\"Escrito por\" \/>\n\t<meta name=\"twitter:data1\" content=\"Farn\u00e9sio\" \/>\n\t<meta name=\"twitter:label2\" content=\"Est. tempo de leitura\" \/>\n\t<meta name=\"twitter:data2\" content=\"2 minutos\" \/>\n<script type=\"application\/ld+json\" class=\"yoast-schema-graph\">{\"@context\":\"https:\\\/\\\/schema.org\",\"@graph\":[{\"@type\":\"Article\",\"@id\":\"https:\\\/\\\/blogdofarnesio.com.br\\\/?p=175108#article\",\"isPartOf\":{\"@id\":\"https:\\\/\\\/blogdofarnesio.com.br\\\/?p=175108\"},\"author\":{\"name\":\"Farn\u00e9sio\",\"@id\":\"https:\\\/\\\/blogdofarnesio.com.br\\\/#\\\/schema\\\/person\\\/301c4acf522bccbfdb45af95b5b906a1\"},\"headline\":\"DIRETO SENHOR DO BONFIM\",\"datePublished\":\"2017-08-29T12:42:29+00:00\",\"mainEntityOfPage\":{\"@id\":\"https:\\\/\\\/blogdofarnesio.com.br\\\/?p=175108\"},\"wordCount\":370,\"commentCount\":0,\"publisher\":{\"@id\":\"https:\\\/\\\/blogdofarnesio.com.br\\\/#organization\"},\"image\":{\"@id\":\"https:\\\/\\\/blogdofarnesio.com.br\\\/?p=175108#primaryimage\"},\"thumbnailUrl\":\"https:\\\/\\\/blogdofarnesio.com.br\\\/wp-content\\\/uploads\\\/2017\\\/08\\\/blogqsp-leironda-chega-bonfim.jpg\",\"articleSection\":[\"Cidades\",\"Pol\u00edcia\"],\"inLanguage\":\"pt-BR\",\"potentialAction\":[{\"@type\":\"CommentAction\",\"name\":\"Comment\",\"target\":[\"https:\\\/\\\/blogdofarnesio.com.br\\\/?p=175108#respond\"]}]},{\"@type\":\"WebPage\",\"@id\":\"https:\\\/\\\/blogdofarnesio.com.br\\\/?p=175108\",\"url\":\"https:\\\/\\\/blogdofarnesio.com.br\\\/?p=175108\",\"name\":\"DIRETO SENHOR DO BONFIM - Blog do Farn\u00e9sio\",\"isPartOf\":{\"@id\":\"https:\\\/\\\/blogdofarnesio.com.br\\\/#website\"},\"primaryImageOfPage\":{\"@id\":\"https:\\\/\\\/blogdofarnesio.com.br\\\/?p=175108#primaryimage\"},\"image\":{\"@id\":\"https:\\\/\\\/blogdofarnesio.com.br\\\/?p=175108#primaryimage\"},\"thumbnailUrl\":\"https:\\\/\\\/blogdofarnesio.com.br\\\/wp-content\\\/uploads\\\/2017\\\/08\\\/blogqsp-leironda-chega-bonfim.jpg\",\"datePublished\":\"2017-08-29T12:42:29+00:00\",\"breadcrumb\":{\"@id\":\"https:\\\/\\\/blogdofarnesio.com.br\\\/?p=175108#breadcrumb\"},\"inLanguage\":\"pt-BR\",\"potentialAction\":[{\"@type\":\"ReadAction\",\"target\":[\"https:\\\/\\\/blogdofarnesio.com.br\\\/?p=175108\"]}]},{\"@type\":\"ImageObject\",\"inLanguage\":\"pt-BR\",\"@id\":\"https:\\\/\\\/blogdofarnesio.com.br\\\/?p=175108#primaryimage\",\"url\":\"https:\\\/\\\/blogdofarnesio.com.br\\\/wp-content\\\/uploads\\\/2017\\\/08\\\/blogqsp-leironda-chega-bonfim.jpg\",\"contentUrl\":\"https:\\\/\\\/blogdofarnesio.com.br\\\/wp-content\\\/uploads\\\/2017\\\/08\\\/blogqsp-leironda-chega-bonfim.jpg\",\"width\":640,\"height\":427},{\"@type\":\"BreadcrumbList\",\"@id\":\"https:\\\/\\\/blogdofarnesio.com.br\\\/?p=175108#breadcrumb\",\"itemListElement\":[{\"@type\":\"ListItem\",\"position\":1,\"name\":\"In\u00edcio\",\"item\":\"https:\\\/\\\/blogdofarnesio.com.br\\\/\"},{\"@type\":\"ListItem\",\"position\":2,\"name\":\"DIRETO SENHOR DO BONFIM\"}]},{\"@type\":\"WebSite\",\"@id\":\"https:\\\/\\\/blogdofarnesio.com.br\\\/#website\",\"url\":\"https:\\\/\\\/blogdofarnesio.com.br\\\/\",\"name\":\"Blog do Farn\u00e9sio\",\"description\":\"Quer Saber Pol\u00edtica?\",\"publisher\":{\"@id\":\"https:\\\/\\\/blogdofarnesio.com.br\\\/#organization\"},\"potentialAction\":[{\"@type\":\"SearchAction\",\"target\":{\"@type\":\"EntryPoint\",\"urlTemplate\":\"https:\\\/\\\/blogdofarnesio.com.br\\\/?s={search_term_string}\"},\"query-input\":{\"@type\":\"PropertyValueSpecification\",\"valueRequired\":true,\"valueName\":\"search_term_string\"}}],\"inLanguage\":\"pt-BR\"},{\"@type\":\"Organization\",\"@id\":\"https:\\\/\\\/blogdofarnesio.com.br\\\/#organization\",\"name\":\"Blog do Farn\u00e9sio\",\"url\":\"https:\\\/\\\/blogdofarnesio.com.br\\\/\",\"logo\":{\"@type\":\"ImageObject\",\"inLanguage\":\"pt-BR\",\"@id\":\"https:\\\/\\\/blogdofarnesio.com.br\\\/#\\\/schema\\\/logo\\\/image\\\/\",\"url\":\"https:\\\/\\\/blogdofarnesio.com.br\\\/wp-content\\\/uploads\\\/2026\\\/03\\\/cropped-logo_new-1.png\",\"contentUrl\":\"https:\\\/\\\/blogdofarnesio.com.br\\\/wp-content\\\/uploads\\\/2026\\\/03\\\/cropped-logo_new-1.png\",\"width\":881,\"height\":685,\"caption\":\"Blog do Farn\u00e9sio\"},\"image\":{\"@id\":\"https:\\\/\\\/blogdofarnesio.com.br\\\/#\\\/schema\\\/logo\\\/image\\\/\"},\"sameAs\":[\"https:\\\/\\\/www.facebook.com\\\/BlogQuerSaberPolitica\\\/\"]},{\"@type\":\"Person\",\"@id\":\"https:\\\/\\\/blogdofarnesio.com.br\\\/#\\\/schema\\\/person\\\/301c4acf522bccbfdb45af95b5b906a1\",\"name\":\"Farn\u00e9sio\",\"image\":{\"@type\":\"ImageObject\",\"inLanguage\":\"pt-BR\",\"@id\":\"https:\\\/\\\/secure.gravatar.com\\\/avatar\\\/df0c9a14567c056f8ad6876ba5bbd1e3e2c48023eb6807342fc4663adf549f38?s=96&d=mm&r=g\",\"url\":\"https:\\\/\\\/secure.gravatar.com\\\/avatar\\\/df0c9a14567c056f8ad6876ba5bbd1e3e2c48023eb6807342fc4663adf549f38?s=96&d=mm&r=g\",\"contentUrl\":\"https:\\\/\\\/secure.gravatar.com\\\/avatar\\\/df0c9a14567c056f8ad6876ba5bbd1e3e2c48023eb6807342fc4663adf549f38?s=96&d=mm&r=g\",\"caption\":\"Farn\u00e9sio\"},\"sameAs\":[\"https:\\\/\\\/quersaberpolitica.com.br\"],\"url\":\"https:\\\/\\\/blogdofarnesio.com.br\\\/?author=1\"}]}<\/script>\n<!-- \/ Yoast SEO plugin. -->","yoast_head_json":{"title":"DIRETO SENHOR DO BONFIM - Blog do Farn\u00e9sio","robots":{"index":"index","follow":"follow","max-snippet":"max-snippet:-1","max-image-preview":"max-image-preview:large","max-video-preview":"max-video-preview:-1"},"canonical":"https:\/\/blogdofarnesio.com.br\/?p=175108","og_locale":"pt_BR","og_type":"article","og_title":"DIRETO SENHOR DO BONFIM - Blog do Farn\u00e9sio","og_description":"RONDA MARIA DA PENHA CHEGA AO MUNIC\u00cdPIO RONDA MARIA DA PENHA CHEGA A SENHOR DO BONFIMA Opera\u00e7\u00e3o Ronda Maria da Penha chegou nesta segunda-feira (28) \u00e0 cidade de Senhor do Bonfim, a cerca de 380 quil\u00f4metros de Salvador. Sediada no &#8216;Centro de Refer\u00eancia da Mulher M\u00e3e Sulinha&#8217; da prefeitura local, a base \u2013 uma extens\u00e3o da unidade de Juazeiro \u2013 disp\u00f5e de seis policias e uma viatura para fazer o acompanhamento das mulheres beneficiadas com medidas protetivas. A cerim\u00f4nia de inaugura\u00e7\u00e3o contou com a presen\u00e7a do secret\u00e1rio da Seguran\u00e7a P\u00fablica, Maur\u00edcio Barbosa, do comandante-geral da Pol\u00edcia Militar, coronel Anselmo Brand\u00e3o, do delegado-geral da Pol\u00edcia Civil, Bernardino Brito, e do diretor-geral do Departamento de Pol\u00edcia T\u00e9cnica, \u00c9lson Jeffesson, dentre outras autoridades.&hellip;","og_url":"https:\/\/blogdofarnesio.com.br\/?p=175108","og_site_name":"Blog do Farn\u00e9sio","article_publisher":"https:\/\/www.facebook.com\/BlogQuerSaberPolitica\/","article_published_time":"2017-08-29T12:42:29+00:00","og_image":[{"width":640,"height":427,"url":"https:\/\/blogdofarnesio.com.br\/wp-content\/uploads\/2017\/08\/blogqsp-leironda-chega-bonfim.jpg","type":"image\/jpeg"}],"author":"Farn\u00e9sio","twitter_card":"summary_large_image","twitter_misc":{"Escrito por":"Farn\u00e9sio","Est. tempo de leitura":"2 minutos"},"schema":{"@context":"https:\/\/schema.org","@graph":[{"@type":"Article","@id":"https:\/\/blogdofarnesio.com.br\/?p=175108#article","isPartOf":{"@id":"https:\/\/blogdofarnesio.com.br\/?p=175108"},"author":{"name":"Farn\u00e9sio","@id":"https:\/\/blogdofarnesio.com.br\/#\/schema\/person\/301c4acf522bccbfdb45af95b5b906a1"},"headline":"DIRETO SENHOR DO BONFIM","datePublished":"2017-08-29T12:42:29+00:00","mainEntityOfPage":{"@id":"https:\/\/blogdofarnesio.com.br\/?p=175108"},"wordCount":370,"commentCount":0,"publisher":{"@id":"https:\/\/blogdofarnesio.com.br\/#organization"},"image":{"@id":"https:\/\/blogdofarnesio.com.br\/?p=175108#primaryimage"},"thumbnailUrl":"https:\/\/blogdofarnesio.com.br\/wp-content\/uploads\/2017\/08\/blogqsp-leironda-chega-bonfim.jpg","articleSection":["Cidades","Pol\u00edcia"],"inLanguage":"pt-BR","potentialAction":[{"@type":"CommentAction","name":"Comment","target":["https:\/\/blogdofarnesio.com.br\/?p=175108#respond"]}]},{"@type":"WebPage","@id":"https:\/\/blogdofarnesio.com.br\/?p=175108","url":"https:\/\/blogdofarnesio.com.br\/?p=175108","name":"DIRETO SENHOR DO BONFIM - Blog do Farn\u00e9sio","isPartOf":{"@id":"https:\/\/blogdofarnesio.com.br\/#website"},"primaryImageOfPage":{"@id":"https:\/\/blogdofarnesio.com.br\/?p=175108#primaryimage"},"image":{"@id":"https:\/\/blogdofarnesio.com.br\/?p=175108#primaryimage"},"thumbnailUrl":"https:\/\/blogdofarnesio.com.br\/wp-content\/uploads\/2017\/08\/blogqsp-leironda-chega-bonfim.jpg","datePublished":"2017-08-29T12:42:29+00:00","breadcrumb":{"@id":"https:\/\/blogdofarnesio.com.br\/?p=175108#breadcrumb"},"inLanguage":"pt-BR","potentialAction":[{"@type":"ReadAction","target":["https:\/\/blogdofarnesio.com.br\/?p=175108"]}]},{"@type":"ImageObject","inLanguage":"pt-BR","@id":"https:\/\/blogdofarnesio.com.br\/?p=175108#primaryimage","url":"https:\/\/blogdofarnesio.com.br\/wp-content\/uploads\/2017\/08\/blogqsp-leironda-chega-bonfim.jpg","contentUrl":"https:\/\/blogdofarnesio.com.br\/wp-content\/uploads\/2017\/08\/blogqsp-leironda-chega-bonfim.jpg","width":640,"height":427},{"@type":"BreadcrumbList","@id":"https:\/\/blogdofarnesio.com.br\/?p=175108#breadcrumb","itemListElement":[{"@type":"ListItem","position":1,"name":"In\u00edcio","item":"https:\/\/blogdofarnesio.com.br\/"},{"@type":"ListItem","position":2,"name":"DIRETO SENHOR DO BONFIM"}]},{"@type":"WebSite","@id":"https:\/\/blogdofarnesio.com.br\/#website","url":"https:\/\/blogdofarnesio.com.br\/","name":"Blog do Farn\u00e9sio","description":"Quer Saber Pol\u00edtica?","publisher":{"@id":"https:\/\/blogdofarnesio.com.br\/#organization"},"potentialAction":[{"@type":"SearchAction","target":{"@type":"EntryPoint","urlTemplate":"https:\/\/blogdofarnesio.com.br\/?s={search_term_string}"},"query-input":{"@type":"PropertyValueSpecification","valueRequired":true,"valueName":"search_term_string"}}],"inLanguage":"pt-BR"},{"@type":"Organization","@id":"https:\/\/blogdofarnesio.com.br\/#organization","name":"Blog do Farn\u00e9sio","url":"https:\/\/blogdofarnesio.com.br\/","logo":{"@type":"ImageObject","inLanguage":"pt-BR","@id":"https:\/\/blogdofarnesio.com.br\/#\/schema\/logo\/image\/","url":"https:\/\/blogdofarnesio.com.br\/wp-content\/uploads\/2026\/03\/cropped-logo_new-1.png","contentUrl":"https:\/\/blogdofarnesio.com.br\/wp-content\/uploads\/2026\/03\/cropped-logo_new-1.png","width":881,"height":685,"caption":"Blog do Farn\u00e9sio"},"image":{"@id":"https:\/\/blogdofarnesio.com.br\/#\/schema\/logo\/image\/"},"sameAs":["https:\/\/www.facebook.com\/BlogQuerSaberPolitica\/"]},{"@type":"Person","@id":"https:\/\/blogdofarnesio.com.br\/#\/schema\/person\/301c4acf522bccbfdb45af95b5b906a1","name":"Farn\u00e9sio","image":{"@type":"ImageObject","inLanguage":"pt-BR","@id":"https:\/\/secure.gravatar.com\/avatar\/df0c9a14567c056f8ad6876ba5bbd1e3e2c48023eb6807342fc4663adf549f38?s=96&d=mm&r=g","url":"https:\/\/secure.gravatar.com\/avatar\/df0c9a14567c056f8ad6876ba5bbd1e3e2c48023eb6807342fc4663adf549f38?s=96&d=mm&r=g","contentUrl":"https:\/\/secure.gravatar.com\/avatar\/df0c9a14567c056f8ad6876ba5bbd1e3e2c48023eb6807342fc4663adf549f38?s=96&d=mm&r=g","caption":"Farn\u00e9sio"},"sameAs":["https:\/\/quersaberpolitica.com.br"],"url":"https:\/\/blogdofarnesio.com.br\/?author=1"}]}},"_links":{"self":[{"href":"https:\/\/blogdofarnesio.com.br\/index.php?rest_route=\/wp\/v2\/posts\/175108","targetHints":{"allow":["GET"]}}],"collection":[{"href":"https:\/\/blogdofarnesio.com.br\/index.php?rest_route=\/wp\/v2\/posts"}],"about":[{"href":"https:\/\/blogdofarnesio.com.br\/index.php?rest_route=\/wp\/v2\/types\/post"}],"author":[{"embeddable":true,"href":"https:\/\/blogdofarnesio.com.br\/index.php?rest_route=\/wp\/v2\/users\/1"}],"replies":[{"embeddable":true,"href":"https:\/\/blogdofarnesio.com.br\/index.php?rest_route=%2Fwp%2Fv2%2Fcomments&post=175108"}],"version-history":[{"count":0,"href":"https:\/\/blogdofarnesio.com.br\/index.php?rest_route=\/wp\/v2\/posts\/175108\/revisions"}],"wp:featuredmedia":[{"embeddable":true,"href":"https:\/\/blogdofarnesio.com.br\/index.php?rest_route=\/wp\/v2\/media\/175109"}],"wp:attachment":[{"href":"https:\/\/blogdofarnesio.com.br\/index.php?rest_route=%2Fwp%2Fv2%2Fmedia&parent=175108"}],"wp:term":[{"taxonomy":"category","embeddable":true,"href":"https:\/\/blogdofarnesio.com.br\/index.php?rest_route=%2Fwp%2Fv2%2Fcategories&post=175108"},{"taxonomy":"post_tag","embeddable":true,"href":"https:\/\/blogdofarnesio.com.br\/index.php?rest_route=%2Fwp%2Fv2%2Ftags&post=175108"}],"curies":[{"name":"wp","href":"https:\/\/api.w.org\/{rel}","templated":true}]}}