{"id":175018,"date":"2017-08-28T14:00:11","date_gmt":"2017-08-28T17:00:11","guid":{"rendered":"http:\/\/quersaberpolitica.com.br\/2016\/?p=175018"},"modified":"2017-08-28T10:01:23","modified_gmt":"2017-08-28T13:01:23","slug":"pesquisa-historica-e-realizada-em-casa-nova-para-levantamento-da-divida-dos-atingidos-por-barragens","status":"publish","type":"post","link":"https:\/\/blogdofarnesio.com.br\/2017\/08\/pesquisa-historica-e-realizada-em-casa-nova-para-levantamento-da-divida-dos-atingidos-por-barragens\/","title":{"rendered":"PESQUISA HIST\u00d3RICA \u00c9 REALIZADA EM CASA NOVA PARA LEVANTAMENTO DA D\u00cdVIDA DOS ATINGIDOS POR BARRAGENS"},"content":{"rendered":"<div id=\"texto\">\n<p style=\"text-align: justify;\">Na mem\u00f3ria dos moradores de Casa Nova e regi\u00e3o sempre estar\u00e1 presente a constru\u00e7\u00e3o da Barragem de Sobradinho, na d\u00e9cada de 70. Fam\u00edlias expulsas de suas casas sem ter pra onde ir, filhos e filhas indo embora, agricultores sem suas ro\u00e7as e cria\u00e7\u00e3o, pescadores com um rio sem peixes e sem vida.\u00a0Na \u00e9poca, 70 mil pessoas foram deslocadas de suas casas, estima-se que mais de 150 mil vidas tenham sido atingidas com a chegada da hidrel\u00e9trica. Esse cen\u00e1rio assombrou as sete cidades atingidas pela Barragem. E ainda assombra.<\/p>\n<p style=\"text-align: justify;\">\u201cAp\u00f3s 40 anos da constru\u00e7\u00e3o da Barragem fam\u00edlias ainda est\u00e3o separadas, mulheres ainda sofrem de falta de sua comunidade, homens de suas terras. Essa \u00e9 a realidade que encontramos conversando com os moradores de Casa Nova no nosso trabalho\u201d, emociona-se Ma\u00edra Gomes, pesquisadora.<\/p>\n<p style=\"text-align: justify;\">Junto com outros 35 companheiros, ela realiza uma pesquisa em toda a regi\u00e3o atingida para fazer um levantamento dessa d\u00edvida que a Chesf e o Estado t\u00eam com os atingidos, d\u00edvida essa que \u00e9 econ\u00f4mica, mas tamb\u00e9m social e cultural. \u201c\u00c9 inadmiss\u00edvel que os atingidos tenham sido retirados para a gera\u00e7\u00e3o de energia e at\u00e9 agora o munic\u00edpio de Casa Nova tenha grande parte de suas comunidades no escuro\u201d, indigna-se.<\/p>\n<p style=\"text-align: justify;\">Por meio de levantamento de dados, aplica\u00e7\u00e3o de question\u00e1rios e realiza\u00e7\u00e3o de entrevistas em Casa Nova e nos outros munic\u00edpios, o trabalho busca entender a realidade dos munic\u00edpios e condi\u00e7\u00f5es de vida e trabalho na regi\u00e3o.<\/p>\n<p style=\"text-align: justify;\">A pesquisa n\u00e3o \u00e9 um &#8220;auditoria social&#8221;, em que se busca identificar danos de cada uma das fam\u00edlias atingidas, mas sim um estudo dos aspectos coletivos desta d\u00edvida social. O resultado ser\u00e1 um Relat\u00f3rio que deve apontar as necessidades de pol\u00edticas sociais no munic\u00edpio, que garantam aos cidad\u00e3os o acesso a \u00e1gua, energia, sa\u00fade, transporte e educa\u00e7\u00e3o.<\/p>\n<p style=\"text-align: justify;\">O trabalho est\u00e1 sendo realizado pelo IPEA-Instituto de Pesquisa Econ\u00f4mica Aplicada, em parceria com o Movimento dos Atingidos por Barragens-MAB. O Diagn\u00f3stico Social Econ\u00f4mico e Cultural dos Atingidos por Barragens \u00e9 resultado de muitos anos de mobiliza\u00e7\u00e3o de atingidos de todo o pa\u00eds organizados no MAB \u00e9 a primeira vez que se houve falar em uma iniciativa desse tipo em todo o mundo.<\/p>\n<p style=\"text-align: justify;\"><strong>Participa\u00e7\u00e3o da popula\u00e7\u00e3o<\/strong><\/p>\n<p style=\"text-align: justify;\">A equipe de pesquisadores ir\u00e1 realizar visitas em cerca de mil domic\u00edlios de Casa Nova at\u00e9 o fim de novembro. A pesquisadora Ma\u00edra explica que \u00e9 aplicado um question\u00e1rio em cada casa, com perguntas parecidas com as realizadas pelo IBGE, sobre as caracter\u00edsticas do domic\u00edlio, avalia\u00e7\u00e3o dos moradores da situa\u00e7\u00e3o da sa\u00fade, educa\u00e7\u00e3o e transporte e condi\u00e7\u00f5es de trabalho, al\u00e9m de quest\u00f5es sobre a Barragem de Sobradinho.<\/p>\n<p style=\"text-align: justify;\">\u201cS\u00e3o perguntas simples que qualquer morador de Casa Nova pode responder. Nossa equipe \u00e9 treinada para realizar o question\u00e1rio com agilidade e descri\u00e7\u00e3o\u201d, refor\u00e7a a pesquisadora. Ela informa que a equipe v\u00eam tendo dificuldade em ser recebida nos domic\u00edlios, principalmente na cidade, e pede o apoio dos casanovenses.\u201cSabemos dos riscos de seguran\u00e7a nos dias de hoje, que n\u00f3s tamb\u00e9m andando pelas ruas estamos correndo. Por isso mesmo pedimos o apoio da popula\u00e7\u00e3o e a compreens\u00e3o na import\u00e2ncia da realiza\u00e7\u00e3o dessa pesquisa no munic\u00edpio\u201d, reafirma.<\/p>\n<p style=\"text-align: justify;\">At\u00e9 o dia 30 de novembro a equipe visita as seguintes comunidades:<\/p>\n<p style=\"text-align: justify;\"><strong>INTERIOR<\/strong><\/p>\n<p style=\"text-align: justify;\">A\u00e7ude de Pedra, Barra dos Barnab\u00e9s, Bem Bom, Junco, Lago, Lagoas Novas, Localidade de Jardim, Luiz Viana, Melancia de Baixo, Mosquito, Olho D\u00b4\u00e1gua, Palmeira, Pau a Pique, Recreio, Riacho do Sobrado, Riacho Grande, Santana do Sobrado, S\u00edtio Umbuzeiro, S\u00edtio Vered\u00e3o, Tiririca.<\/p>\n<p style=\"text-align: justify;\"><strong>BAIRROS<\/strong><\/p>\n<p style=\"text-align: justify;\">Borges, Z\u00e9 Totonha, Gilson Viana, S\u00e3o Jos\u00e9, Vila Azul, Vila Papel\u00e3o e Vila S\u00e3o Jer\u00f4nimo.<\/p>\n<p style=\"text-align: justify;\"><strong>A Barragem de Sobradinho<\/strong><\/p>\n<p style=\"text-align: justify;\">A Usina Hidrel\u00e9trica de Sobradinho est\u00e1 localizada no munic\u00edpio de mesmo nome, a aproximadamente 50km da cidade de Juazeiro (BA), no rio S\u00e3o Francisco. Sua constru\u00e7\u00e3o, no final da d\u00e9cada de 1970, gerou o Lago de Sobradinho, um dos maiores lagos artificiais do mundo, com 4.214 Km\u00b2.<\/p>\n<p style=\"text-align: justify;\">Foram seis anos de obras e a inunda\u00e7\u00e3o de terras em sete munic\u00edpios: Casa Nova, Sento S\u00e9, Pil\u00e3o Arcado e Remanso, que tiveram as suas sedes transferidas e foram bastante afetados; e mais Juazeiro, Xique-Xique, Barra e Itaguassu, que sofreram menor impacto.<\/p>\n<p style=\"text-align: justify;\">A constru\u00e7\u00e3o da Barragem de Sobradinho \u00e9 uma das maiores transposi\u00e7\u00f5es de cidades e fam\u00edlias da hist\u00f3ria do Brasil. Em sua inaugura\u00e7\u00e3o, no ano de 1979, mais de 70 mil pessoas foram afetadas. Cerca de 80% dos atingidos eram camponeses que abasteciam o mercado regional. Assim, estima-se que os atingidos pela Barragem de Sobradinho s\u00e3o mais de 200 mil atualmente.<\/p>\n<\/div>\n<div id=\"creditos\" class=\"creditos-postagem\" style=\"text-align: justify;\">Ascom MAB<\/div>\n","protected":false},"excerpt":{"rendered":"<p>Na mem\u00f3ria dos moradores de Casa Nova e regi\u00e3o sempre estar\u00e1 presente a constru\u00e7\u00e3o da Barragem de Sobradinho, na d\u00e9cada de 70. Fam\u00edlias expulsas de suas casas sem ter pra onde ir, filhos e filhas indo embora, agricultores sem suas ro\u00e7as e cria\u00e7\u00e3o, pescadores com um rio sem peixes e sem vida.\u00a0Na \u00e9poca, 70 mil pessoas foram deslocadas de suas casas, estima-se que mais de 150 mil vidas tenham sido atingidas com a chegada da hidrel\u00e9trica. Esse cen\u00e1rio assombrou as sete cidades atingidas pela Barragem. E ainda assombra. \u201cAp\u00f3s 40 anos da constru\u00e7\u00e3o da Barragem fam\u00edlias ainda est\u00e3o separadas, mulheres ainda sofrem de falta de sua comunidade, homens de suas terras. Essa \u00e9 a realidade que encontramos conversando com os&hellip; <\/p>\n","protected":false},"author":1,"featured_media":151850,"comment_status":"open","ping_status":"open","sticky":false,"template":"","format":"standard","meta":{"_acf_changed":false,"footnotes":""},"categories":[44],"tags":[],"class_list":["post-175018","post","type-post","status-publish","format-standard","has-post-thumbnail","hentry","category-administracao"],"acf":[],"yoast_head":"<!-- This site is optimized with the Yoast SEO plugin v27.5 - https:\/\/yoast.com\/product\/yoast-seo-wordpress\/ -->\n<title>PESQUISA HIST\u00d3RICA \u00c9 REALIZADA EM CASA NOVA PARA LEVANTAMENTO DA D\u00cdVIDA DOS ATINGIDOS POR BARRAGENS - Blog do Farn\u00e9sio<\/title>\n<meta name=\"robots\" content=\"index, follow, max-snippet:-1, max-image-preview:large, max-video-preview:-1\" \/>\n<link rel=\"canonical\" href=\"https:\/\/blogdofarnesio.com.br\/2017\/08\/pesquisa-historica-e-realizada-em-casa-nova-para-levantamento-da-divida-dos-atingidos-por-barragens\/\" \/>\n<meta property=\"og:locale\" content=\"pt_BR\" \/>\n<meta property=\"og:type\" content=\"article\" \/>\n<meta property=\"og:title\" content=\"PESQUISA HIST\u00d3RICA \u00c9 REALIZADA EM CASA NOVA PARA LEVANTAMENTO DA D\u00cdVIDA DOS ATINGIDOS POR BARRAGENS - Blog do Farn\u00e9sio\" \/>\n<meta property=\"og:description\" content=\"Na mem\u00f3ria dos moradores de Casa Nova e regi\u00e3o sempre estar\u00e1 presente a constru\u00e7\u00e3o da Barragem de Sobradinho, na d\u00e9cada de 70. Fam\u00edlias expulsas de suas casas sem ter pra onde ir, filhos e filhas indo embora, agricultores sem suas ro\u00e7as e cria\u00e7\u00e3o, pescadores com um rio sem peixes e sem vida.\u00a0Na \u00e9poca, 70 mil pessoas foram deslocadas de suas casas, estima-se que mais de 150 mil vidas tenham sido atingidas com a chegada da hidrel\u00e9trica. Esse cen\u00e1rio assombrou as sete cidades atingidas pela Barragem. E ainda assombra. \u201cAp\u00f3s 40 anos da constru\u00e7\u00e3o da Barragem fam\u00edlias ainda est\u00e3o separadas, mulheres ainda sofrem de falta de sua comunidade, homens de suas terras. Essa \u00e9 a realidade que encontramos conversando com os&hellip;\" \/>\n<meta property=\"og:url\" content=\"https:\/\/blogdofarnesio.com.br\/2017\/08\/pesquisa-historica-e-realizada-em-casa-nova-para-levantamento-da-divida-dos-atingidos-por-barragens\/\" \/>\n<meta property=\"og:site_name\" content=\"Blog do Farn\u00e9sio\" \/>\n<meta property=\"article:publisher\" content=\"https:\/\/www.facebook.com\/BlogQuerSaberPolitica\/\" \/>\n<meta property=\"article:published_time\" content=\"2017-08-28T17:00:11+00:00\" \/>\n<meta property=\"og:image\" content=\"https:\/\/blogdofarnesio.com.br\/wp-content\/uploads\/2016\/12\/blogqspbarragemsobradinho01-foto-Farn\u00e9sio-Silva06.jpg\" \/>\n\t<meta property=\"og:image:width\" content=\"448\" \/>\n\t<meta property=\"og:image:height\" content=\"336\" \/>\n\t<meta property=\"og:image:type\" content=\"image\/jpeg\" \/>\n<meta name=\"author\" content=\"Farn\u00e9sio\" \/>\n<meta name=\"twitter:card\" content=\"summary_large_image\" \/>\n<meta name=\"twitter:label1\" content=\"Escrito por\" \/>\n\t<meta name=\"twitter:data1\" content=\"Farn\u00e9sio\" \/>\n\t<meta name=\"twitter:label2\" content=\"Est. tempo de leitura\" \/>\n\t<meta name=\"twitter:data2\" content=\"4 minutos\" \/>\n<script type=\"application\/ld+json\" class=\"yoast-schema-graph\">{\"@context\":\"https:\\\/\\\/schema.org\",\"@graph\":[{\"@type\":\"Article\",\"@id\":\"https:\\\/\\\/blogdofarnesio.com.br\\\/2017\\\/08\\\/pesquisa-historica-e-realizada-em-casa-nova-para-levantamento-da-divida-dos-atingidos-por-barragens\\\/#article\",\"isPartOf\":{\"@id\":\"https:\\\/\\\/blogdofarnesio.com.br\\\/2017\\\/08\\\/pesquisa-historica-e-realizada-em-casa-nova-para-levantamento-da-divida-dos-atingidos-por-barragens\\\/\"},\"author\":{\"name\":\"Farn\u00e9sio\",\"@id\":\"https:\\\/\\\/blogdofarnesio.com.br\\\/#\\\/schema\\\/person\\\/301c4acf522bccbfdb45af95b5b906a1\"},\"headline\":\"PESQUISA HIST\u00d3RICA \u00c9 REALIZADA EM CASA NOVA PARA LEVANTAMENTO DA D\u00cdVIDA DOS ATINGIDOS POR BARRAGENS\",\"datePublished\":\"2017-08-28T17:00:11+00:00\",\"mainEntityOfPage\":{\"@id\":\"https:\\\/\\\/blogdofarnesio.com.br\\\/2017\\\/08\\\/pesquisa-historica-e-realizada-em-casa-nova-para-levantamento-da-divida-dos-atingidos-por-barragens\\\/\"},\"wordCount\":829,\"commentCount\":0,\"publisher\":{\"@id\":\"https:\\\/\\\/blogdofarnesio.com.br\\\/#organization\"},\"image\":{\"@id\":\"https:\\\/\\\/blogdofarnesio.com.br\\\/2017\\\/08\\\/pesquisa-historica-e-realizada-em-casa-nova-para-levantamento-da-divida-dos-atingidos-por-barragens\\\/#primaryimage\"},\"thumbnailUrl\":\"https:\\\/\\\/blogdofarnesio.com.br\\\/wp-content\\\/uploads\\\/2016\\\/12\\\/blogqspbarragemsobradinho01-foto-Farn\u00e9sio-Silva06.jpg\",\"articleSection\":[\"Administra\u00e7\u00e3o\"],\"inLanguage\":\"pt-BR\",\"potentialAction\":[{\"@type\":\"CommentAction\",\"name\":\"Comment\",\"target\":[\"https:\\\/\\\/blogdofarnesio.com.br\\\/2017\\\/08\\\/pesquisa-historica-e-realizada-em-casa-nova-para-levantamento-da-divida-dos-atingidos-por-barragens\\\/#respond\"]}]},{\"@type\":\"WebPage\",\"@id\":\"https:\\\/\\\/blogdofarnesio.com.br\\\/2017\\\/08\\\/pesquisa-historica-e-realizada-em-casa-nova-para-levantamento-da-divida-dos-atingidos-por-barragens\\\/\",\"url\":\"https:\\\/\\\/blogdofarnesio.com.br\\\/2017\\\/08\\\/pesquisa-historica-e-realizada-em-casa-nova-para-levantamento-da-divida-dos-atingidos-por-barragens\\\/\",\"name\":\"PESQUISA HIST\u00d3RICA \u00c9 REALIZADA EM CASA NOVA PARA LEVANTAMENTO DA D\u00cdVIDA DOS ATINGIDOS POR BARRAGENS - Blog do Farn\u00e9sio\",\"isPartOf\":{\"@id\":\"https:\\\/\\\/blogdofarnesio.com.br\\\/#website\"},\"primaryImageOfPage\":{\"@id\":\"https:\\\/\\\/blogdofarnesio.com.br\\\/2017\\\/08\\\/pesquisa-historica-e-realizada-em-casa-nova-para-levantamento-da-divida-dos-atingidos-por-barragens\\\/#primaryimage\"},\"image\":{\"@id\":\"https:\\\/\\\/blogdofarnesio.com.br\\\/2017\\\/08\\\/pesquisa-historica-e-realizada-em-casa-nova-para-levantamento-da-divida-dos-atingidos-por-barragens\\\/#primaryimage\"},\"thumbnailUrl\":\"https:\\\/\\\/blogdofarnesio.com.br\\\/wp-content\\\/uploads\\\/2016\\\/12\\\/blogqspbarragemsobradinho01-foto-Farn\u00e9sio-Silva06.jpg\",\"datePublished\":\"2017-08-28T17:00:11+00:00\",\"breadcrumb\":{\"@id\":\"https:\\\/\\\/blogdofarnesio.com.br\\\/2017\\\/08\\\/pesquisa-historica-e-realizada-em-casa-nova-para-levantamento-da-divida-dos-atingidos-por-barragens\\\/#breadcrumb\"},\"inLanguage\":\"pt-BR\",\"potentialAction\":[{\"@type\":\"ReadAction\",\"target\":[\"https:\\\/\\\/blogdofarnesio.com.br\\\/2017\\\/08\\\/pesquisa-historica-e-realizada-em-casa-nova-para-levantamento-da-divida-dos-atingidos-por-barragens\\\/\"]}]},{\"@type\":\"ImageObject\",\"inLanguage\":\"pt-BR\",\"@id\":\"https:\\\/\\\/blogdofarnesio.com.br\\\/2017\\\/08\\\/pesquisa-historica-e-realizada-em-casa-nova-para-levantamento-da-divida-dos-atingidos-por-barragens\\\/#primaryimage\",\"url\":\"https:\\\/\\\/blogdofarnesio.com.br\\\/wp-content\\\/uploads\\\/2016\\\/12\\\/blogqspbarragemsobradinho01-foto-Farn\u00e9sio-Silva06.jpg\",\"contentUrl\":\"https:\\\/\\\/blogdofarnesio.com.br\\\/wp-content\\\/uploads\\\/2016\\\/12\\\/blogqspbarragemsobradinho01-foto-Farn\u00e9sio-Silva06.jpg\",\"width\":448,\"height\":336,\"caption\":\"Usina hidrel\u00e9trica de Sobradinho Ba Foto Farn\u00e9sio Silva\"},{\"@type\":\"BreadcrumbList\",\"@id\":\"https:\\\/\\\/blogdofarnesio.com.br\\\/2017\\\/08\\\/pesquisa-historica-e-realizada-em-casa-nova-para-levantamento-da-divida-dos-atingidos-por-barragens\\\/#breadcrumb\",\"itemListElement\":[{\"@type\":\"ListItem\",\"position\":1,\"name\":\"In\u00edcio\",\"item\":\"https:\\\/\\\/blogdofarnesio.com.br\\\/\"},{\"@type\":\"ListItem\",\"position\":2,\"name\":\"PESQUISA HIST\u00d3RICA \u00c9 REALIZADA EM CASA NOVA PARA LEVANTAMENTO DA D\u00cdVIDA DOS ATINGIDOS POR BARRAGENS\"}]},{\"@type\":\"WebSite\",\"@id\":\"https:\\\/\\\/blogdofarnesio.com.br\\\/#website\",\"url\":\"https:\\\/\\\/blogdofarnesio.com.br\\\/\",\"name\":\"Blog do Farn\u00e9sio\",\"description\":\"Quer Saber Pol\u00edtica?\",\"publisher\":{\"@id\":\"https:\\\/\\\/blogdofarnesio.com.br\\\/#organization\"},\"potentialAction\":[{\"@type\":\"SearchAction\",\"target\":{\"@type\":\"EntryPoint\",\"urlTemplate\":\"https:\\\/\\\/blogdofarnesio.com.br\\\/?s={search_term_string}\"},\"query-input\":{\"@type\":\"PropertyValueSpecification\",\"valueRequired\":true,\"valueName\":\"search_term_string\"}}],\"inLanguage\":\"pt-BR\"},{\"@type\":\"Organization\",\"@id\":\"https:\\\/\\\/blogdofarnesio.com.br\\\/#organization\",\"name\":\"Blog do Farn\u00e9sio\",\"url\":\"https:\\\/\\\/blogdofarnesio.com.br\\\/\",\"logo\":{\"@type\":\"ImageObject\",\"inLanguage\":\"pt-BR\",\"@id\":\"https:\\\/\\\/blogdofarnesio.com.br\\\/#\\\/schema\\\/logo\\\/image\\\/\",\"url\":\"https:\\\/\\\/blogdofarnesio.com.br\\\/wp-content\\\/uploads\\\/2026\\\/03\\\/cropped-logo_new-1.png\",\"contentUrl\":\"https:\\\/\\\/blogdofarnesio.com.br\\\/wp-content\\\/uploads\\\/2026\\\/03\\\/cropped-logo_new-1.png\",\"width\":881,\"height\":685,\"caption\":\"Blog do Farn\u00e9sio\"},\"image\":{\"@id\":\"https:\\\/\\\/blogdofarnesio.com.br\\\/#\\\/schema\\\/logo\\\/image\\\/\"},\"sameAs\":[\"https:\\\/\\\/www.facebook.com\\\/BlogQuerSaberPolitica\\\/\"]},{\"@type\":\"Person\",\"@id\":\"https:\\\/\\\/blogdofarnesio.com.br\\\/#\\\/schema\\\/person\\\/301c4acf522bccbfdb45af95b5b906a1\",\"name\":\"Farn\u00e9sio\",\"image\":{\"@type\":\"ImageObject\",\"inLanguage\":\"pt-BR\",\"@id\":\"https:\\\/\\\/secure.gravatar.com\\\/avatar\\\/df0c9a14567c056f8ad6876ba5bbd1e3e2c48023eb6807342fc4663adf549f38?s=96&d=mm&r=g\",\"url\":\"https:\\\/\\\/secure.gravatar.com\\\/avatar\\\/df0c9a14567c056f8ad6876ba5bbd1e3e2c48023eb6807342fc4663adf549f38?s=96&d=mm&r=g\",\"contentUrl\":\"https:\\\/\\\/secure.gravatar.com\\\/avatar\\\/df0c9a14567c056f8ad6876ba5bbd1e3e2c48023eb6807342fc4663adf549f38?s=96&d=mm&r=g\",\"caption\":\"Farn\u00e9sio\"},\"sameAs\":[\"https:\\\/\\\/quersaberpolitica.com.br\"],\"url\":\"https:\\\/\\\/blogdofarnesio.com.br\\\/author\\\/farnesio\\\/\"}]}<\/script>\n<!-- \/ Yoast SEO plugin. -->","yoast_head_json":{"title":"PESQUISA HIST\u00d3RICA \u00c9 REALIZADA EM CASA NOVA PARA LEVANTAMENTO DA D\u00cdVIDA DOS ATINGIDOS POR BARRAGENS - Blog do Farn\u00e9sio","robots":{"index":"index","follow":"follow","max-snippet":"max-snippet:-1","max-image-preview":"max-image-preview:large","max-video-preview":"max-video-preview:-1"},"canonical":"https:\/\/blogdofarnesio.com.br\/2017\/08\/pesquisa-historica-e-realizada-em-casa-nova-para-levantamento-da-divida-dos-atingidos-por-barragens\/","og_locale":"pt_BR","og_type":"article","og_title":"PESQUISA HIST\u00d3RICA \u00c9 REALIZADA EM CASA NOVA PARA LEVANTAMENTO DA D\u00cdVIDA DOS ATINGIDOS POR BARRAGENS - Blog do Farn\u00e9sio","og_description":"Na mem\u00f3ria dos moradores de Casa Nova e regi\u00e3o sempre estar\u00e1 presente a constru\u00e7\u00e3o da Barragem de Sobradinho, na d\u00e9cada de 70. Fam\u00edlias expulsas de suas casas sem ter pra onde ir, filhos e filhas indo embora, agricultores sem suas ro\u00e7as e cria\u00e7\u00e3o, pescadores com um rio sem peixes e sem vida.\u00a0Na \u00e9poca, 70 mil pessoas foram deslocadas de suas casas, estima-se que mais de 150 mil vidas tenham sido atingidas com a chegada da hidrel\u00e9trica. Esse cen\u00e1rio assombrou as sete cidades atingidas pela Barragem. E ainda assombra. \u201cAp\u00f3s 40 anos da constru\u00e7\u00e3o da Barragem fam\u00edlias ainda est\u00e3o separadas, mulheres ainda sofrem de falta de sua comunidade, homens de suas terras. Essa \u00e9 a realidade que encontramos conversando com os&hellip;","og_url":"https:\/\/blogdofarnesio.com.br\/2017\/08\/pesquisa-historica-e-realizada-em-casa-nova-para-levantamento-da-divida-dos-atingidos-por-barragens\/","og_site_name":"Blog do Farn\u00e9sio","article_publisher":"https:\/\/www.facebook.com\/BlogQuerSaberPolitica\/","article_published_time":"2017-08-28T17:00:11+00:00","og_image":[{"width":448,"height":336,"url":"https:\/\/blogdofarnesio.com.br\/wp-content\/uploads\/2016\/12\/blogqspbarragemsobradinho01-foto-Farn\u00e9sio-Silva06.jpg","type":"image\/jpeg"}],"author":"Farn\u00e9sio","twitter_card":"summary_large_image","twitter_misc":{"Escrito por":"Farn\u00e9sio","Est. tempo de leitura":"4 minutos"},"schema":{"@context":"https:\/\/schema.org","@graph":[{"@type":"Article","@id":"https:\/\/blogdofarnesio.com.br\/2017\/08\/pesquisa-historica-e-realizada-em-casa-nova-para-levantamento-da-divida-dos-atingidos-por-barragens\/#article","isPartOf":{"@id":"https:\/\/blogdofarnesio.com.br\/2017\/08\/pesquisa-historica-e-realizada-em-casa-nova-para-levantamento-da-divida-dos-atingidos-por-barragens\/"},"author":{"name":"Farn\u00e9sio","@id":"https:\/\/blogdofarnesio.com.br\/#\/schema\/person\/301c4acf522bccbfdb45af95b5b906a1"},"headline":"PESQUISA HIST\u00d3RICA \u00c9 REALIZADA EM CASA NOVA PARA LEVANTAMENTO DA D\u00cdVIDA DOS ATINGIDOS POR BARRAGENS","datePublished":"2017-08-28T17:00:11+00:00","mainEntityOfPage":{"@id":"https:\/\/blogdofarnesio.com.br\/2017\/08\/pesquisa-historica-e-realizada-em-casa-nova-para-levantamento-da-divida-dos-atingidos-por-barragens\/"},"wordCount":829,"commentCount":0,"publisher":{"@id":"https:\/\/blogdofarnesio.com.br\/#organization"},"image":{"@id":"https:\/\/blogdofarnesio.com.br\/2017\/08\/pesquisa-historica-e-realizada-em-casa-nova-para-levantamento-da-divida-dos-atingidos-por-barragens\/#primaryimage"},"thumbnailUrl":"https:\/\/blogdofarnesio.com.br\/wp-content\/uploads\/2016\/12\/blogqspbarragemsobradinho01-foto-Farn\u00e9sio-Silva06.jpg","articleSection":["Administra\u00e7\u00e3o"],"inLanguage":"pt-BR","potentialAction":[{"@type":"CommentAction","name":"Comment","target":["https:\/\/blogdofarnesio.com.br\/2017\/08\/pesquisa-historica-e-realizada-em-casa-nova-para-levantamento-da-divida-dos-atingidos-por-barragens\/#respond"]}]},{"@type":"WebPage","@id":"https:\/\/blogdofarnesio.com.br\/2017\/08\/pesquisa-historica-e-realizada-em-casa-nova-para-levantamento-da-divida-dos-atingidos-por-barragens\/","url":"https:\/\/blogdofarnesio.com.br\/2017\/08\/pesquisa-historica-e-realizada-em-casa-nova-para-levantamento-da-divida-dos-atingidos-por-barragens\/","name":"PESQUISA HIST\u00d3RICA \u00c9 REALIZADA EM CASA NOVA PARA LEVANTAMENTO DA D\u00cdVIDA DOS ATINGIDOS POR BARRAGENS - Blog do Farn\u00e9sio","isPartOf":{"@id":"https:\/\/blogdofarnesio.com.br\/#website"},"primaryImageOfPage":{"@id":"https:\/\/blogdofarnesio.com.br\/2017\/08\/pesquisa-historica-e-realizada-em-casa-nova-para-levantamento-da-divida-dos-atingidos-por-barragens\/#primaryimage"},"image":{"@id":"https:\/\/blogdofarnesio.com.br\/2017\/08\/pesquisa-historica-e-realizada-em-casa-nova-para-levantamento-da-divida-dos-atingidos-por-barragens\/#primaryimage"},"thumbnailUrl":"https:\/\/blogdofarnesio.com.br\/wp-content\/uploads\/2016\/12\/blogqspbarragemsobradinho01-foto-Farn\u00e9sio-Silva06.jpg","datePublished":"2017-08-28T17:00:11+00:00","breadcrumb":{"@id":"https:\/\/blogdofarnesio.com.br\/2017\/08\/pesquisa-historica-e-realizada-em-casa-nova-para-levantamento-da-divida-dos-atingidos-por-barragens\/#breadcrumb"},"inLanguage":"pt-BR","potentialAction":[{"@type":"ReadAction","target":["https:\/\/blogdofarnesio.com.br\/2017\/08\/pesquisa-historica-e-realizada-em-casa-nova-para-levantamento-da-divida-dos-atingidos-por-barragens\/"]}]},{"@type":"ImageObject","inLanguage":"pt-BR","@id":"https:\/\/blogdofarnesio.com.br\/2017\/08\/pesquisa-historica-e-realizada-em-casa-nova-para-levantamento-da-divida-dos-atingidos-por-barragens\/#primaryimage","url":"https:\/\/blogdofarnesio.com.br\/wp-content\/uploads\/2016\/12\/blogqspbarragemsobradinho01-foto-Farn\u00e9sio-Silva06.jpg","contentUrl":"https:\/\/blogdofarnesio.com.br\/wp-content\/uploads\/2016\/12\/blogqspbarragemsobradinho01-foto-Farn\u00e9sio-Silva06.jpg","width":448,"height":336,"caption":"Usina hidrel\u00e9trica de Sobradinho Ba Foto Farn\u00e9sio Silva"},{"@type":"BreadcrumbList","@id":"https:\/\/blogdofarnesio.com.br\/2017\/08\/pesquisa-historica-e-realizada-em-casa-nova-para-levantamento-da-divida-dos-atingidos-por-barragens\/#breadcrumb","itemListElement":[{"@type":"ListItem","position":1,"name":"In\u00edcio","item":"https:\/\/blogdofarnesio.com.br\/"},{"@type":"ListItem","position":2,"name":"PESQUISA HIST\u00d3RICA \u00c9 REALIZADA EM CASA NOVA PARA LEVANTAMENTO DA D\u00cdVIDA DOS ATINGIDOS POR BARRAGENS"}]},{"@type":"WebSite","@id":"https:\/\/blogdofarnesio.com.br\/#website","url":"https:\/\/blogdofarnesio.com.br\/","name":"Blog do Farn\u00e9sio","description":"Quer Saber Pol\u00edtica?","publisher":{"@id":"https:\/\/blogdofarnesio.com.br\/#organization"},"potentialAction":[{"@type":"SearchAction","target":{"@type":"EntryPoint","urlTemplate":"https:\/\/blogdofarnesio.com.br\/?s={search_term_string}"},"query-input":{"@type":"PropertyValueSpecification","valueRequired":true,"valueName":"search_term_string"}}],"inLanguage":"pt-BR"},{"@type":"Organization","@id":"https:\/\/blogdofarnesio.com.br\/#organization","name":"Blog do Farn\u00e9sio","url":"https:\/\/blogdofarnesio.com.br\/","logo":{"@type":"ImageObject","inLanguage":"pt-BR","@id":"https:\/\/blogdofarnesio.com.br\/#\/schema\/logo\/image\/","url":"https:\/\/blogdofarnesio.com.br\/wp-content\/uploads\/2026\/03\/cropped-logo_new-1.png","contentUrl":"https:\/\/blogdofarnesio.com.br\/wp-content\/uploads\/2026\/03\/cropped-logo_new-1.png","width":881,"height":685,"caption":"Blog do Farn\u00e9sio"},"image":{"@id":"https:\/\/blogdofarnesio.com.br\/#\/schema\/logo\/image\/"},"sameAs":["https:\/\/www.facebook.com\/BlogQuerSaberPolitica\/"]},{"@type":"Person","@id":"https:\/\/blogdofarnesio.com.br\/#\/schema\/person\/301c4acf522bccbfdb45af95b5b906a1","name":"Farn\u00e9sio","image":{"@type":"ImageObject","inLanguage":"pt-BR","@id":"https:\/\/secure.gravatar.com\/avatar\/df0c9a14567c056f8ad6876ba5bbd1e3e2c48023eb6807342fc4663adf549f38?s=96&d=mm&r=g","url":"https:\/\/secure.gravatar.com\/avatar\/df0c9a14567c056f8ad6876ba5bbd1e3e2c48023eb6807342fc4663adf549f38?s=96&d=mm&r=g","contentUrl":"https:\/\/secure.gravatar.com\/avatar\/df0c9a14567c056f8ad6876ba5bbd1e3e2c48023eb6807342fc4663adf549f38?s=96&d=mm&r=g","caption":"Farn\u00e9sio"},"sameAs":["https:\/\/quersaberpolitica.com.br"],"url":"https:\/\/blogdofarnesio.com.br\/author\/farnesio\/"}]}},"_links":{"self":[{"href":"https:\/\/blogdofarnesio.com.br\/wp-json\/wp\/v2\/posts\/175018","targetHints":{"allow":["GET"]}}],"collection":[{"href":"https:\/\/blogdofarnesio.com.br\/wp-json\/wp\/v2\/posts"}],"about":[{"href":"https:\/\/blogdofarnesio.com.br\/wp-json\/wp\/v2\/types\/post"}],"author":[{"embeddable":true,"href":"https:\/\/blogdofarnesio.com.br\/wp-json\/wp\/v2\/users\/1"}],"replies":[{"embeddable":true,"href":"https:\/\/blogdofarnesio.com.br\/wp-json\/wp\/v2\/comments?post=175018"}],"version-history":[{"count":0,"href":"https:\/\/blogdofarnesio.com.br\/wp-json\/wp\/v2\/posts\/175018\/revisions"}],"wp:featuredmedia":[{"embeddable":true,"href":"https:\/\/blogdofarnesio.com.br\/wp-json\/wp\/v2\/media\/151850"}],"wp:attachment":[{"href":"https:\/\/blogdofarnesio.com.br\/wp-json\/wp\/v2\/media?parent=175018"}],"wp:term":[{"taxonomy":"category","embeddable":true,"href":"https:\/\/blogdofarnesio.com.br\/wp-json\/wp\/v2\/categories?post=175018"},{"taxonomy":"post_tag","embeddable":true,"href":"https:\/\/blogdofarnesio.com.br\/wp-json\/wp\/v2\/tags?post=175018"}],"curies":[{"name":"wp","href":"https:\/\/api.w.org\/{rel}","templated":true}]}}