{"id":175014,"date":"2017-08-28T11:30:57","date_gmt":"2017-08-28T14:30:57","guid":{"rendered":"http:\/\/quersaberpolitica.com.br\/2016\/?p=175014"},"modified":"2017-08-28T09:58:13","modified_gmt":"2017-08-28T12:58:13","slug":"corpo-de-homem-e-encontrado-em-barra-do-pote-policia-acredita-ser-de-vitima-do-naufragio","status":"publish","type":"post","link":"https:\/\/blogdofarnesio.com.br\/?p=175014","title":{"rendered":"CORPO DE HOMEM \u00c9 ENCONTRADO EM BARRA DO POTE; POL\u00cdCIA ACREDITA SER DE V\u00cdTIMA DO NAUFR\u00c1GIO"},"content":{"rendered":"<p style=\"text-align: justify;\">O corpo de um homem foi encontrado no fim da tarde deste domingo (27), na praia de Barra do Pote, em Vera Cruz, Regi\u00e3o Metropolitana de Salvador. A pol\u00edcia acredita que esta \u00e9 a 19\u00aa v\u00edtima do acidente com a embarca\u00e7\u00e3o Cavalo Marinho I, que naufragou na quinta-feira (24), minutos ap\u00f3s iniciar a travessia Mar Grande-Salvador. O naufr\u00e1gio deixou 18 pessoas mortas. Segundo informa\u00e7\u00f5es da Secretaria de Seguran\u00e7a P\u00fablica da Bahia (SSP-BA), equipes do Departamento de Pol\u00edcia T\u00e9cnica (DPT), das pol\u00edcias Militar e Civil e do Corpo de Bombeiros est\u00e3o no local. O corpo foi encontrado a sete quil\u00f4metros de dist\u00e2ncia do local do acidente, mas dentro do per\u00edmetro de busca, que \u00e9 de 25 km. Ele ser\u00e1 encaminhado ao Instituto M\u00e9dico Legal de Santo Ant\u00f4nio de Jesus, no Rec\u00f4ncavo Baiano. Ainda de acordo com a SSP, a 24\u00aa Delegacia Territorial de Vera Cruz, que investiga as causas do acidente, inicia nesta segunda (28) a devolu\u00e7\u00e3o dos pertences encontrados ap\u00f3s o acidente. Familiares ou v\u00edtimas devem comparecer \u00e0 unidade policial portando identifica\u00e7\u00e3o. As buscas por poss\u00edveis novas v\u00edtimas continuar\u00e3o ao longo da semana, com apoio do Corpo de Bombeiros e da Pol\u00edcia Militar.<\/p>\n","protected":false},"excerpt":{"rendered":"<p>O corpo de um homem foi encontrado no fim da tarde deste domingo (27), na praia de Barra do Pote, em Vera Cruz, Regi\u00e3o Metropolitana de Salvador. A pol\u00edcia acredita que esta \u00e9 a 19\u00aa v\u00edtima do acidente com a embarca\u00e7\u00e3o Cavalo Marinho I, que naufragou na quinta-feira (24), minutos ap\u00f3s iniciar a travessia Mar Grande-Salvador. O naufr\u00e1gio deixou 18 pessoas mortas. Segundo informa\u00e7\u00f5es da Secretaria de Seguran\u00e7a P\u00fablica da Bahia (SSP-BA), equipes do Departamento de Pol\u00edcia T\u00e9cnica (DPT), das pol\u00edcias Militar e Civil e do Corpo de Bombeiros est\u00e3o no local. O corpo foi encontrado a sete quil\u00f4metros de dist\u00e2ncia do local do acidente, mas dentro do per\u00edmetro de busca, que \u00e9 de 25 km. Ele ser\u00e1 encaminhado ao&hellip; <\/p>\n","protected":false},"author":1,"featured_media":174772,"comment_status":"open","ping_status":"open","sticky":false,"template":"","format":"standard","meta":{"_acf_changed":false,"footnotes":""},"categories":[44],"tags":[],"class_list":["post-175014","post","type-post","status-publish","format-standard","has-post-thumbnail","hentry","category-administracao"],"acf":[],"yoast_head":"<!-- This site is optimized with the Yoast SEO plugin v27.4 - https:\/\/yoast.com\/product\/yoast-seo-wordpress\/ -->\n<title>CORPO DE HOMEM \u00c9 ENCONTRADO EM BARRA DO POTE; POL\u00cdCIA ACREDITA SER DE V\u00cdTIMA DO NAUFR\u00c1GIO - Blog do Farn\u00e9sio<\/title>\n<meta name=\"robots\" content=\"index, follow, max-snippet:-1, max-image-preview:large, max-video-preview:-1\" \/>\n<link rel=\"canonical\" href=\"https:\/\/blogdofarnesio.com.br\/?p=175014\" \/>\n<meta property=\"og:locale\" content=\"pt_BR\" \/>\n<meta property=\"og:type\" content=\"article\" \/>\n<meta property=\"og:title\" content=\"CORPO DE HOMEM \u00c9 ENCONTRADO EM BARRA DO POTE; POL\u00cdCIA ACREDITA SER DE V\u00cdTIMA DO NAUFR\u00c1GIO - Blog do Farn\u00e9sio\" \/>\n<meta property=\"og:description\" content=\"O corpo de um homem foi encontrado no fim da tarde deste domingo (27), na praia de Barra do Pote, em Vera Cruz, Regi\u00e3o Metropolitana de Salvador. A pol\u00edcia acredita que esta \u00e9 a 19\u00aa v\u00edtima do acidente com a embarca\u00e7\u00e3o Cavalo Marinho I, que naufragou na quinta-feira (24), minutos ap\u00f3s iniciar a travessia Mar Grande-Salvador. O naufr\u00e1gio deixou 18 pessoas mortas. Segundo informa\u00e7\u00f5es da Secretaria de Seguran\u00e7a P\u00fablica da Bahia (SSP-BA), equipes do Departamento de Pol\u00edcia T\u00e9cnica (DPT), das pol\u00edcias Militar e Civil e do Corpo de Bombeiros est\u00e3o no local. O corpo foi encontrado a sete quil\u00f4metros de dist\u00e2ncia do local do acidente, mas dentro do per\u00edmetro de busca, que \u00e9 de 25 km. Ele ser\u00e1 encaminhado ao&hellip;\" \/>\n<meta property=\"og:url\" content=\"https:\/\/blogdofarnesio.com.br\/?p=175014\" \/>\n<meta property=\"og:site_name\" content=\"Blog do Farn\u00e9sio\" \/>\n<meta property=\"article:publisher\" content=\"https:\/\/www.facebook.com\/BlogQuerSaberPolitica\/\" \/>\n<meta property=\"article:published_time\" content=\"2017-08-28T14:30:57+00:00\" \/>\n<meta property=\"og:image\" content=\"https:\/\/blogdofarnesio.com.br\/wp-content\/uploads\/2017\/08\/blogqsp-lancha-naufragio-salvador-e1508711136461.jpg\" \/>\n\t<meta property=\"og:image:width\" content=\"600\" \/>\n\t<meta property=\"og:image:height\" content=\"338\" \/>\n\t<meta property=\"og:image:type\" content=\"image\/jpeg\" \/>\n<meta name=\"author\" content=\"Farn\u00e9sio\" \/>\n<meta name=\"twitter:card\" content=\"summary_large_image\" \/>\n<meta name=\"twitter:label1\" content=\"Escrito por\" \/>\n\t<meta name=\"twitter:data1\" content=\"Farn\u00e9sio\" \/>\n\t<meta name=\"twitter:label2\" content=\"Est. tempo de leitura\" \/>\n\t<meta name=\"twitter:data2\" content=\"1 minuto\" \/>\n<script type=\"application\/ld+json\" class=\"yoast-schema-graph\">{\"@context\":\"https:\\\/\\\/schema.org\",\"@graph\":[{\"@type\":\"Article\",\"@id\":\"https:\\\/\\\/blogdofarnesio.com.br\\\/?p=175014#article\",\"isPartOf\":{\"@id\":\"https:\\\/\\\/blogdofarnesio.com.br\\\/?p=175014\"},\"author\":{\"name\":\"Farn\u00e9sio\",\"@id\":\"https:\\\/\\\/blogdofarnesio.com.br\\\/#\\\/schema\\\/person\\\/301c4acf522bccbfdb45af95b5b906a1\"},\"headline\":\"CORPO DE HOMEM \u00c9 ENCONTRADO EM BARRA DO POTE; POL\u00cdCIA ACREDITA SER DE V\u00cdTIMA DO NAUFR\u00c1GIO\",\"datePublished\":\"2017-08-28T14:30:57+00:00\",\"mainEntityOfPage\":{\"@id\":\"https:\\\/\\\/blogdofarnesio.com.br\\\/?p=175014\"},\"wordCount\":228,\"commentCount\":0,\"publisher\":{\"@id\":\"https:\\\/\\\/blogdofarnesio.com.br\\\/#organization\"},\"image\":{\"@id\":\"https:\\\/\\\/blogdofarnesio.com.br\\\/?p=175014#primaryimage\"},\"thumbnailUrl\":\"https:\\\/\\\/blogdofarnesio.com.br\\\/wp-content\\\/uploads\\\/2017\\\/08\\\/blogqsp-lancha-naufragio-salvador-e1508711136461.jpg\",\"articleSection\":[\"Administra\u00e7\u00e3o\"],\"inLanguage\":\"pt-BR\",\"potentialAction\":[{\"@type\":\"CommentAction\",\"name\":\"Comment\",\"target\":[\"https:\\\/\\\/blogdofarnesio.com.br\\\/?p=175014#respond\"]}]},{\"@type\":\"WebPage\",\"@id\":\"https:\\\/\\\/blogdofarnesio.com.br\\\/?p=175014\",\"url\":\"https:\\\/\\\/blogdofarnesio.com.br\\\/?p=175014\",\"name\":\"CORPO DE HOMEM \u00c9 ENCONTRADO EM BARRA DO POTE; POL\u00cdCIA ACREDITA SER DE V\u00cdTIMA DO NAUFR\u00c1GIO - Blog do Farn\u00e9sio\",\"isPartOf\":{\"@id\":\"https:\\\/\\\/blogdofarnesio.com.br\\\/#website\"},\"primaryImageOfPage\":{\"@id\":\"https:\\\/\\\/blogdofarnesio.com.br\\\/?p=175014#primaryimage\"},\"image\":{\"@id\":\"https:\\\/\\\/blogdofarnesio.com.br\\\/?p=175014#primaryimage\"},\"thumbnailUrl\":\"https:\\\/\\\/blogdofarnesio.com.br\\\/wp-content\\\/uploads\\\/2017\\\/08\\\/blogqsp-lancha-naufragio-salvador-e1508711136461.jpg\",\"datePublished\":\"2017-08-28T14:30:57+00:00\",\"breadcrumb\":{\"@id\":\"https:\\\/\\\/blogdofarnesio.com.br\\\/?p=175014#breadcrumb\"},\"inLanguage\":\"pt-BR\",\"potentialAction\":[{\"@type\":\"ReadAction\",\"target\":[\"https:\\\/\\\/blogdofarnesio.com.br\\\/?p=175014\"]}]},{\"@type\":\"ImageObject\",\"inLanguage\":\"pt-BR\",\"@id\":\"https:\\\/\\\/blogdofarnesio.com.br\\\/?p=175014#primaryimage\",\"url\":\"https:\\\/\\\/blogdofarnesio.com.br\\\/wp-content\\\/uploads\\\/2017\\\/08\\\/blogqsp-lancha-naufragio-salvador-e1508711136461.jpg\",\"contentUrl\":\"https:\\\/\\\/blogdofarnesio.com.br\\\/wp-content\\\/uploads\\\/2017\\\/08\\\/blogqsp-lancha-naufragio-salvador-e1508711136461.jpg\",\"width\":600,\"height\":338,\"caption\":\"Ilustra\u00e7\u00e3o\"},{\"@type\":\"BreadcrumbList\",\"@id\":\"https:\\\/\\\/blogdofarnesio.com.br\\\/?p=175014#breadcrumb\",\"itemListElement\":[{\"@type\":\"ListItem\",\"position\":1,\"name\":\"In\u00edcio\",\"item\":\"https:\\\/\\\/blogdofarnesio.com.br\\\/\"},{\"@type\":\"ListItem\",\"position\":2,\"name\":\"CORPO DE HOMEM \u00c9 ENCONTRADO EM BARRA DO POTE; POL\u00cdCIA ACREDITA SER DE V\u00cdTIMA DO NAUFR\u00c1GIO\"}]},{\"@type\":\"WebSite\",\"@id\":\"https:\\\/\\\/blogdofarnesio.com.br\\\/#website\",\"url\":\"https:\\\/\\\/blogdofarnesio.com.br\\\/\",\"name\":\"Blog do Farn\u00e9sio\",\"description\":\"Quer Saber Pol\u00edtica?\",\"publisher\":{\"@id\":\"https:\\\/\\\/blogdofarnesio.com.br\\\/#organization\"},\"potentialAction\":[{\"@type\":\"SearchAction\",\"target\":{\"@type\":\"EntryPoint\",\"urlTemplate\":\"https:\\\/\\\/blogdofarnesio.com.br\\\/?s={search_term_string}\"},\"query-input\":{\"@type\":\"PropertyValueSpecification\",\"valueRequired\":true,\"valueName\":\"search_term_string\"}}],\"inLanguage\":\"pt-BR\"},{\"@type\":\"Organization\",\"@id\":\"https:\\\/\\\/blogdofarnesio.com.br\\\/#organization\",\"name\":\"Blog do Farn\u00e9sio\",\"url\":\"https:\\\/\\\/blogdofarnesio.com.br\\\/\",\"logo\":{\"@type\":\"ImageObject\",\"inLanguage\":\"pt-BR\",\"@id\":\"https:\\\/\\\/blogdofarnesio.com.br\\\/#\\\/schema\\\/logo\\\/image\\\/\",\"url\":\"https:\\\/\\\/blogdofarnesio.com.br\\\/wp-content\\\/uploads\\\/2026\\\/03\\\/cropped-logo_new-1.png\",\"contentUrl\":\"https:\\\/\\\/blogdofarnesio.com.br\\\/wp-content\\\/uploads\\\/2026\\\/03\\\/cropped-logo_new-1.png\",\"width\":881,\"height\":685,\"caption\":\"Blog do Farn\u00e9sio\"},\"image\":{\"@id\":\"https:\\\/\\\/blogdofarnesio.com.br\\\/#\\\/schema\\\/logo\\\/image\\\/\"},\"sameAs\":[\"https:\\\/\\\/www.facebook.com\\\/BlogQuerSaberPolitica\\\/\"]},{\"@type\":\"Person\",\"@id\":\"https:\\\/\\\/blogdofarnesio.com.br\\\/#\\\/schema\\\/person\\\/301c4acf522bccbfdb45af95b5b906a1\",\"name\":\"Farn\u00e9sio\",\"image\":{\"@type\":\"ImageObject\",\"inLanguage\":\"pt-BR\",\"@id\":\"https:\\\/\\\/secure.gravatar.com\\\/avatar\\\/df0c9a14567c056f8ad6876ba5bbd1e3e2c48023eb6807342fc4663adf549f38?s=96&d=mm&r=g\",\"url\":\"https:\\\/\\\/secure.gravatar.com\\\/avatar\\\/df0c9a14567c056f8ad6876ba5bbd1e3e2c48023eb6807342fc4663adf549f38?s=96&d=mm&r=g\",\"contentUrl\":\"https:\\\/\\\/secure.gravatar.com\\\/avatar\\\/df0c9a14567c056f8ad6876ba5bbd1e3e2c48023eb6807342fc4663adf549f38?s=96&d=mm&r=g\",\"caption\":\"Farn\u00e9sio\"},\"sameAs\":[\"https:\\\/\\\/quersaberpolitica.com.br\"],\"url\":\"https:\\\/\\\/blogdofarnesio.com.br\\\/?author=1\"}]}<\/script>\n<!-- \/ Yoast SEO plugin. -->","yoast_head_json":{"title":"CORPO DE HOMEM \u00c9 ENCONTRADO EM BARRA DO POTE; POL\u00cdCIA ACREDITA SER DE V\u00cdTIMA DO NAUFR\u00c1GIO - Blog do Farn\u00e9sio","robots":{"index":"index","follow":"follow","max-snippet":"max-snippet:-1","max-image-preview":"max-image-preview:large","max-video-preview":"max-video-preview:-1"},"canonical":"https:\/\/blogdofarnesio.com.br\/?p=175014","og_locale":"pt_BR","og_type":"article","og_title":"CORPO DE HOMEM \u00c9 ENCONTRADO EM BARRA DO POTE; POL\u00cdCIA ACREDITA SER DE V\u00cdTIMA DO NAUFR\u00c1GIO - Blog do Farn\u00e9sio","og_description":"O corpo de um homem foi encontrado no fim da tarde deste domingo (27), na praia de Barra do Pote, em Vera Cruz, Regi\u00e3o Metropolitana de Salvador. A pol\u00edcia acredita que esta \u00e9 a 19\u00aa v\u00edtima do acidente com a embarca\u00e7\u00e3o Cavalo Marinho I, que naufragou na quinta-feira (24), minutos ap\u00f3s iniciar a travessia Mar Grande-Salvador. O naufr\u00e1gio deixou 18 pessoas mortas. Segundo informa\u00e7\u00f5es da Secretaria de Seguran\u00e7a P\u00fablica da Bahia (SSP-BA), equipes do Departamento de Pol\u00edcia T\u00e9cnica (DPT), das pol\u00edcias Militar e Civil e do Corpo de Bombeiros est\u00e3o no local. O corpo foi encontrado a sete quil\u00f4metros de dist\u00e2ncia do local do acidente, mas dentro do per\u00edmetro de busca, que \u00e9 de 25 km. Ele ser\u00e1 encaminhado ao&hellip;","og_url":"https:\/\/blogdofarnesio.com.br\/?p=175014","og_site_name":"Blog do Farn\u00e9sio","article_publisher":"https:\/\/www.facebook.com\/BlogQuerSaberPolitica\/","article_published_time":"2017-08-28T14:30:57+00:00","og_image":[{"width":600,"height":338,"url":"https:\/\/blogdofarnesio.com.br\/wp-content\/uploads\/2017\/08\/blogqsp-lancha-naufragio-salvador-e1508711136461.jpg","type":"image\/jpeg"}],"author":"Farn\u00e9sio","twitter_card":"summary_large_image","twitter_misc":{"Escrito por":"Farn\u00e9sio","Est. tempo de leitura":"1 minuto"},"schema":{"@context":"https:\/\/schema.org","@graph":[{"@type":"Article","@id":"https:\/\/blogdofarnesio.com.br\/?p=175014#article","isPartOf":{"@id":"https:\/\/blogdofarnesio.com.br\/?p=175014"},"author":{"name":"Farn\u00e9sio","@id":"https:\/\/blogdofarnesio.com.br\/#\/schema\/person\/301c4acf522bccbfdb45af95b5b906a1"},"headline":"CORPO DE HOMEM \u00c9 ENCONTRADO EM BARRA DO POTE; POL\u00cdCIA ACREDITA SER DE V\u00cdTIMA DO NAUFR\u00c1GIO","datePublished":"2017-08-28T14:30:57+00:00","mainEntityOfPage":{"@id":"https:\/\/blogdofarnesio.com.br\/?p=175014"},"wordCount":228,"commentCount":0,"publisher":{"@id":"https:\/\/blogdofarnesio.com.br\/#organization"},"image":{"@id":"https:\/\/blogdofarnesio.com.br\/?p=175014#primaryimage"},"thumbnailUrl":"https:\/\/blogdofarnesio.com.br\/wp-content\/uploads\/2017\/08\/blogqsp-lancha-naufragio-salvador-e1508711136461.jpg","articleSection":["Administra\u00e7\u00e3o"],"inLanguage":"pt-BR","potentialAction":[{"@type":"CommentAction","name":"Comment","target":["https:\/\/blogdofarnesio.com.br\/?p=175014#respond"]}]},{"@type":"WebPage","@id":"https:\/\/blogdofarnesio.com.br\/?p=175014","url":"https:\/\/blogdofarnesio.com.br\/?p=175014","name":"CORPO DE HOMEM \u00c9 ENCONTRADO EM BARRA DO POTE; POL\u00cdCIA ACREDITA SER DE V\u00cdTIMA DO NAUFR\u00c1GIO - Blog do Farn\u00e9sio","isPartOf":{"@id":"https:\/\/blogdofarnesio.com.br\/#website"},"primaryImageOfPage":{"@id":"https:\/\/blogdofarnesio.com.br\/?p=175014#primaryimage"},"image":{"@id":"https:\/\/blogdofarnesio.com.br\/?p=175014#primaryimage"},"thumbnailUrl":"https:\/\/blogdofarnesio.com.br\/wp-content\/uploads\/2017\/08\/blogqsp-lancha-naufragio-salvador-e1508711136461.jpg","datePublished":"2017-08-28T14:30:57+00:00","breadcrumb":{"@id":"https:\/\/blogdofarnesio.com.br\/?p=175014#breadcrumb"},"inLanguage":"pt-BR","potentialAction":[{"@type":"ReadAction","target":["https:\/\/blogdofarnesio.com.br\/?p=175014"]}]},{"@type":"ImageObject","inLanguage":"pt-BR","@id":"https:\/\/blogdofarnesio.com.br\/?p=175014#primaryimage","url":"https:\/\/blogdofarnesio.com.br\/wp-content\/uploads\/2017\/08\/blogqsp-lancha-naufragio-salvador-e1508711136461.jpg","contentUrl":"https:\/\/blogdofarnesio.com.br\/wp-content\/uploads\/2017\/08\/blogqsp-lancha-naufragio-salvador-e1508711136461.jpg","width":600,"height":338,"caption":"Ilustra\u00e7\u00e3o"},{"@type":"BreadcrumbList","@id":"https:\/\/blogdofarnesio.com.br\/?p=175014#breadcrumb","itemListElement":[{"@type":"ListItem","position":1,"name":"In\u00edcio","item":"https:\/\/blogdofarnesio.com.br\/"},{"@type":"ListItem","position":2,"name":"CORPO DE HOMEM \u00c9 ENCONTRADO EM BARRA DO POTE; POL\u00cdCIA ACREDITA SER DE V\u00cdTIMA DO NAUFR\u00c1GIO"}]},{"@type":"WebSite","@id":"https:\/\/blogdofarnesio.com.br\/#website","url":"https:\/\/blogdofarnesio.com.br\/","name":"Blog do Farn\u00e9sio","description":"Quer Saber Pol\u00edtica?","publisher":{"@id":"https:\/\/blogdofarnesio.com.br\/#organization"},"potentialAction":[{"@type":"SearchAction","target":{"@type":"EntryPoint","urlTemplate":"https:\/\/blogdofarnesio.com.br\/?s={search_term_string}"},"query-input":{"@type":"PropertyValueSpecification","valueRequired":true,"valueName":"search_term_string"}}],"inLanguage":"pt-BR"},{"@type":"Organization","@id":"https:\/\/blogdofarnesio.com.br\/#organization","name":"Blog do Farn\u00e9sio","url":"https:\/\/blogdofarnesio.com.br\/","logo":{"@type":"ImageObject","inLanguage":"pt-BR","@id":"https:\/\/blogdofarnesio.com.br\/#\/schema\/logo\/image\/","url":"https:\/\/blogdofarnesio.com.br\/wp-content\/uploads\/2026\/03\/cropped-logo_new-1.png","contentUrl":"https:\/\/blogdofarnesio.com.br\/wp-content\/uploads\/2026\/03\/cropped-logo_new-1.png","width":881,"height":685,"caption":"Blog do Farn\u00e9sio"},"image":{"@id":"https:\/\/blogdofarnesio.com.br\/#\/schema\/logo\/image\/"},"sameAs":["https:\/\/www.facebook.com\/BlogQuerSaberPolitica\/"]},{"@type":"Person","@id":"https:\/\/blogdofarnesio.com.br\/#\/schema\/person\/301c4acf522bccbfdb45af95b5b906a1","name":"Farn\u00e9sio","image":{"@type":"ImageObject","inLanguage":"pt-BR","@id":"https:\/\/secure.gravatar.com\/avatar\/df0c9a14567c056f8ad6876ba5bbd1e3e2c48023eb6807342fc4663adf549f38?s=96&d=mm&r=g","url":"https:\/\/secure.gravatar.com\/avatar\/df0c9a14567c056f8ad6876ba5bbd1e3e2c48023eb6807342fc4663adf549f38?s=96&d=mm&r=g","contentUrl":"https:\/\/secure.gravatar.com\/avatar\/df0c9a14567c056f8ad6876ba5bbd1e3e2c48023eb6807342fc4663adf549f38?s=96&d=mm&r=g","caption":"Farn\u00e9sio"},"sameAs":["https:\/\/quersaberpolitica.com.br"],"url":"https:\/\/blogdofarnesio.com.br\/?author=1"}]}},"_links":{"self":[{"href":"https:\/\/blogdofarnesio.com.br\/index.php?rest_route=\/wp\/v2\/posts\/175014","targetHints":{"allow":["GET"]}}],"collection":[{"href":"https:\/\/blogdofarnesio.com.br\/index.php?rest_route=\/wp\/v2\/posts"}],"about":[{"href":"https:\/\/blogdofarnesio.com.br\/index.php?rest_route=\/wp\/v2\/types\/post"}],"author":[{"embeddable":true,"href":"https:\/\/blogdofarnesio.com.br\/index.php?rest_route=\/wp\/v2\/users\/1"}],"replies":[{"embeddable":true,"href":"https:\/\/blogdofarnesio.com.br\/index.php?rest_route=%2Fwp%2Fv2%2Fcomments&post=175014"}],"version-history":[{"count":0,"href":"https:\/\/blogdofarnesio.com.br\/index.php?rest_route=\/wp\/v2\/posts\/175014\/revisions"}],"wp:featuredmedia":[{"embeddable":true,"href":"https:\/\/blogdofarnesio.com.br\/index.php?rest_route=\/wp\/v2\/media\/174772"}],"wp:attachment":[{"href":"https:\/\/blogdofarnesio.com.br\/index.php?rest_route=%2Fwp%2Fv2%2Fmedia&parent=175014"}],"wp:term":[{"taxonomy":"category","embeddable":true,"href":"https:\/\/blogdofarnesio.com.br\/index.php?rest_route=%2Fwp%2Fv2%2Fcategories&post=175014"},{"taxonomy":"post_tag","embeddable":true,"href":"https:\/\/blogdofarnesio.com.br\/index.php?rest_route=%2Fwp%2Fv2%2Ftags&post=175014"}],"curies":[{"name":"wp","href":"https:\/\/api.w.org\/{rel}","templated":true}]}}