{"id":175012,"date":"2017-08-28T12:00:40","date_gmt":"2017-08-28T15:00:40","guid":{"rendered":"http:\/\/quersaberpolitica.com.br\/2016\/?p=175012"},"modified":"2017-08-28T10:00:53","modified_gmt":"2017-08-28T13:00:53","slug":"eduardo-cunha-acusa-edson-fachin-de-obstruir-pedidos-de-liberdade","status":"publish","type":"post","link":"https:\/\/blogdofarnesio.com.br\/?p=175012","title":{"rendered":"EDUARDO CUNHA ACUSA EDSON FACHIN DE OBSTRUIR PEDIDOS DE LIBERDADE"},"content":{"rendered":"<p style=\"text-align: justify;\">Com dificuldades na negocia\u00e7\u00e3o de sua dela\u00e7\u00e3o premiada, o ex-deputado Eduardo Cunha abriu uma ofensiva contra o relator da Lava Jato no STF (Supremo Tribunal Federal), Edson Fachin. Ele acusa o ministro de obstruir pedidos de liberdade e beneficiar executivos da JBS.<\/p>\n<p style=\"text-align: justify;\">Em nota escrita no complexo penal em que est\u00e1 preso, Cunha relata que Joesley Batista e Ricardo Saud, da JBS, pediram ajuda para aprovar o nome de Fachin para o STF, em 2015, e que disseram manter &#8220;rela\u00e7\u00e3o de amizade&#8221; com o ent\u00e3o candidato.<\/p>\n<p style=\"text-align: justify;\">&#8220;Quando Joesley Batista e Ricardo Saud me procuraram para ajudar na aprova\u00e7\u00e3o [de] Fachin, al\u00e9m da rela\u00e7\u00e3o de amizade que declararam ter com ele, me passaram a convic\u00e7\u00e3o de que o pa\u00eds iria ganhar com a atua\u00e7\u00e3o de um ministro que daria a assist\u00eancia jurisdicional de que a sociedade necessitava.&#8221;<\/p>\n<p style=\"text-align: justify;\">O ex-presidente da C\u00e2mara alega que Fachin concedeu &#8220;assist\u00eancia c\u00e9lere e eficiente&#8221; aos donos da JBS, &#8220;que em apenas tr\u00eas dias conseguiram homologar um acordo vergonhoso, onde ficaram livres, impunes e ricos&#8221;.<\/p>\n<p style=\"text-align: justify;\">Fachin j\u00e1 afirmou que n\u00e3o contou &#8220;com o aux\u00edlio de qualquer empresa ou grupo em seu processo de indica\u00e7\u00e3o&#8221; e que &#8220;qualquer insinua\u00e7\u00e3o neste sentido \u00e9 inaceit\u00e1vel&#8221;. A JBS n\u00e3o comentou as declara\u00e7\u00f5es de Cunha que ligam o grupo ao ministro.<\/p>\n<p style=\"text-align: justify;\">Na nota entregue a aliados na semana passada, o ex-deputado afirma que o ministro se recusa a pautar pedidos de habeas corpus da Lava Jato desde que a 2\u00aa turma do STF decidiu libertar o ex-ministro Jos\u00e9 Dirceu, em maio.<\/p>\n<p style=\"text-align: justify;\">Para Cunha, Fachin age &#8220;como uma crian\u00e7a que perde e leva a sua bola para casa, acabando com o jogo&#8221;.\u00a0Com poucas esperan\u00e7as de obter os benef\u00edcios da dela\u00e7\u00e3o, Cunha passou a apostar que o STF poderia tir\u00e1-lo da pris\u00e3o, assim como ocorreu com Dirceu. Ele reclama, por\u00e9m, que o relator n\u00e3o leva seus pedidos a julgamento.<\/p>\n<p style=\"text-align: justify;\">&#8220;O que eu gostaria [&#8230;] \u00e9 ter o direito ao julgamento e n\u00e3o ser v\u00edtima de uma obstru\u00e7\u00e3o da Justi\u00e7a&#8221;, afirma.\u00a0Procurado pela Folha, o gabinete de Fachin afirmou que Cunha j\u00e1 teve dois pedidos negados pelo relator da Lava Jato em decis\u00f5es liminares e que apenas dois recursos aguardam julgamento.<br \/>\nA assessoria do ministro disse ainda que, entre maio e agosto, foram julgados na 2\u00aa turma do STF mais de dez habeas corpus de relatoria de Fachin, e que o colegiado aprecia rotineiramente diversos temas sobre a opera\u00e7\u00e3o.<\/p>\n<p style=\"text-align: justify;\">O gabinete do ministro tamb\u00e9m informou que tem cerca de 4.600 processos e mais de cem inqu\u00e9ritos, e &#8220;se pauta pela ordem estritamente jur\u00eddica e regimental, sem qualquer distin\u00e7\u00e3o&#8221;.<\/p>\n<p style=\"text-align: justify;\">ESTRAT\u00c9GIA<\/p>\n<p style=\"text-align: justify;\">Cunha decidiu adotar uma linha de ataque depois de ver frustrada sua tentativa de fechar um acordo de dela\u00e7\u00e3o premiada, segundo pessoas pr\u00f3ximas ao ex-deputado.<\/p>\n<p style=\"text-align: justify;\">O ex-presidente da C\u00e2mara abriu negocia\u00e7\u00f5es com a PGR (Procuradoria-Geral da Rep\u00fablica) para delatar empres\u00e1rios e pol\u00edticos, mas as tratativas foram suspensas devido \u00e0 falta de consist\u00eancia de seus relatos. Ele est\u00e1 preso desde outubro de 2016 e j\u00e1 foi condenado a 15 anos e quatro meses de reclus\u00e3o pelo juiz S\u00e9rgio Moro.<\/p>\n<p style=\"text-align: justify;\">No texto escrito da pris\u00e3o, Cunha ironiza as possibilidades de apelo judicial e diz que recorrer\u00e1 ao papa, &#8220;apesar de ser evang\u00e9lico e n\u00e3o acreditar que o papa \u00e9 o representante de Deus na Terra&#8221;.<br \/>\nO ex-deputado critica ainda a pris\u00e3o preventiva decretada contra ele por Fachin a partir da dela\u00e7\u00e3o da JBS.<\/p>\n<p style=\"text-align: justify;\">&#8220;Algu\u00e9m ligado a mim saiu carregando alguma mala monitorada? Se at\u00e9 quem carregou a mala foi solto, por que continuo preso?&#8221;, pergunta, em refer\u00eancia a aliados do presidente Michel Temer e do senador A\u00e9cio Neves (PSDB).<\/p>\n<p style=\"text-align: justify;\">O gabinete de Fachin afirma que h\u00e1 recurso pendente de julgamento nesse caso, mas observa que recaem sobre Cunha outras ordens de pris\u00e3o, &#8220;proferidas por ju\u00edzos e inst\u00e2ncias diversos&#8221;.<\/p>\n","protected":false},"excerpt":{"rendered":"<p>Com dificuldades na negocia\u00e7\u00e3o de sua dela\u00e7\u00e3o premiada, o ex-deputado Eduardo Cunha abriu uma ofensiva contra o relator da Lava Jato no STF (Supremo Tribunal Federal), Edson Fachin. Ele acusa o ministro de obstruir pedidos de liberdade e beneficiar executivos da JBS. Em nota escrita no complexo penal em que est\u00e1 preso, Cunha relata que Joesley Batista e Ricardo Saud, da JBS, pediram ajuda para aprovar o nome de Fachin para o STF, em 2015, e que disseram manter &#8220;rela\u00e7\u00e3o de amizade&#8221; com o ent\u00e3o candidato. &#8220;Quando Joesley Batista e Ricardo Saud me procuraram para ajudar na aprova\u00e7\u00e3o [de] Fachin, al\u00e9m da rela\u00e7\u00e3o de amizade que declararam ter com ele, me passaram a convic\u00e7\u00e3o de que o pa\u00eds iria ganhar&hellip; <\/p>\n","protected":false},"author":1,"featured_media":133959,"comment_status":"open","ping_status":"open","sticky":false,"template":"","format":"standard","meta":{"_acf_changed":false,"footnotes":""},"categories":[1],"tags":[],"class_list":["post-175012","post","type-post","status-publish","format-standard","has-post-thumbnail","hentry","category-politica"],"acf":[],"yoast_head":"<!-- This site is optimized with the Yoast SEO plugin v27.4 - https:\/\/yoast.com\/product\/yoast-seo-wordpress\/ -->\n<title>EDUARDO CUNHA ACUSA EDSON FACHIN DE OBSTRUIR PEDIDOS DE LIBERDADE - Blog do Farn\u00e9sio<\/title>\n<meta name=\"robots\" content=\"index, follow, max-snippet:-1, max-image-preview:large, max-video-preview:-1\" \/>\n<link rel=\"canonical\" href=\"https:\/\/blogdofarnesio.com.br\/?p=175012\" \/>\n<meta property=\"og:locale\" content=\"pt_BR\" \/>\n<meta property=\"og:type\" content=\"article\" \/>\n<meta property=\"og:title\" content=\"EDUARDO CUNHA ACUSA EDSON FACHIN DE OBSTRUIR PEDIDOS DE LIBERDADE - Blog do Farn\u00e9sio\" \/>\n<meta property=\"og:description\" content=\"Com dificuldades na negocia\u00e7\u00e3o de sua dela\u00e7\u00e3o premiada, o ex-deputado Eduardo Cunha abriu uma ofensiva contra o relator da Lava Jato no STF (Supremo Tribunal Federal), Edson Fachin. Ele acusa o ministro de obstruir pedidos de liberdade e beneficiar executivos da JBS. Em nota escrita no complexo penal em que est\u00e1 preso, Cunha relata que Joesley Batista e Ricardo Saud, da JBS, pediram ajuda para aprovar o nome de Fachin para o STF, em 2015, e que disseram manter &#8220;rela\u00e7\u00e3o de amizade&#8221; com o ent\u00e3o candidato. &#8220;Quando Joesley Batista e Ricardo Saud me procuraram para ajudar na aprova\u00e7\u00e3o [de] Fachin, al\u00e9m da rela\u00e7\u00e3o de amizade que declararam ter com ele, me passaram a convic\u00e7\u00e3o de que o pa\u00eds iria ganhar&hellip;\" \/>\n<meta property=\"og:url\" content=\"https:\/\/blogdofarnesio.com.br\/?p=175012\" \/>\n<meta property=\"og:site_name\" content=\"Blog do Farn\u00e9sio\" \/>\n<meta property=\"article:publisher\" content=\"https:\/\/www.facebook.com\/BlogQuerSaberPolitica\/\" \/>\n<meta property=\"article:published_time\" content=\"2017-08-28T15:00:40+00:00\" \/>\n<meta property=\"og:image\" content=\"https:\/\/blogdofarnesio.com.br\/wp-content\/uploads\/2015\/12\/blogqsp-eduardo-cunha_-camara_brasilia.jpg\" \/>\n\t<meta property=\"og:image:width\" content=\"580\" \/>\n\t<meta property=\"og:image:height\" content=\"386\" \/>\n\t<meta property=\"og:image:type\" content=\"image\/jpeg\" \/>\n<meta name=\"author\" content=\"Farn\u00e9sio\" \/>\n<meta name=\"twitter:card\" content=\"summary_large_image\" \/>\n<meta name=\"twitter:label1\" content=\"Escrito por\" \/>\n\t<meta name=\"twitter:data1\" content=\"Farn\u00e9sio\" \/>\n\t<meta name=\"twitter:label2\" content=\"Est. tempo de leitura\" \/>\n\t<meta name=\"twitter:data2\" content=\"3 minutos\" \/>\n<script type=\"application\/ld+json\" class=\"yoast-schema-graph\">{\"@context\":\"https:\\\/\\\/schema.org\",\"@graph\":[{\"@type\":\"Article\",\"@id\":\"https:\\\/\\\/blogdofarnesio.com.br\\\/?p=175012#article\",\"isPartOf\":{\"@id\":\"https:\\\/\\\/blogdofarnesio.com.br\\\/?p=175012\"},\"author\":{\"name\":\"Farn\u00e9sio\",\"@id\":\"https:\\\/\\\/blogdofarnesio.com.br\\\/#\\\/schema\\\/person\\\/301c4acf522bccbfdb45af95b5b906a1\"},\"headline\":\"EDUARDO CUNHA ACUSA EDSON FACHIN DE OBSTRUIR PEDIDOS DE LIBERDADE\",\"datePublished\":\"2017-08-28T15:00:40+00:00\",\"mainEntityOfPage\":{\"@id\":\"https:\\\/\\\/blogdofarnesio.com.br\\\/?p=175012\"},\"wordCount\":682,\"commentCount\":0,\"publisher\":{\"@id\":\"https:\\\/\\\/blogdofarnesio.com.br\\\/#organization\"},\"image\":{\"@id\":\"https:\\\/\\\/blogdofarnesio.com.br\\\/?p=175012#primaryimage\"},\"thumbnailUrl\":\"https:\\\/\\\/blogdofarnesio.com.br\\\/wp-content\\\/uploads\\\/2015\\\/12\\\/blogqsp-eduardo-cunha_-camara_brasilia.jpg\",\"articleSection\":[\"Pol\u00edtica\"],\"inLanguage\":\"pt-BR\",\"potentialAction\":[{\"@type\":\"CommentAction\",\"name\":\"Comment\",\"target\":[\"https:\\\/\\\/blogdofarnesio.com.br\\\/?p=175012#respond\"]}]},{\"@type\":\"WebPage\",\"@id\":\"https:\\\/\\\/blogdofarnesio.com.br\\\/?p=175012\",\"url\":\"https:\\\/\\\/blogdofarnesio.com.br\\\/?p=175012\",\"name\":\"EDUARDO CUNHA ACUSA EDSON FACHIN DE OBSTRUIR PEDIDOS DE LIBERDADE - Blog do Farn\u00e9sio\",\"isPartOf\":{\"@id\":\"https:\\\/\\\/blogdofarnesio.com.br\\\/#website\"},\"primaryImageOfPage\":{\"@id\":\"https:\\\/\\\/blogdofarnesio.com.br\\\/?p=175012#primaryimage\"},\"image\":{\"@id\":\"https:\\\/\\\/blogdofarnesio.com.br\\\/?p=175012#primaryimage\"},\"thumbnailUrl\":\"https:\\\/\\\/blogdofarnesio.com.br\\\/wp-content\\\/uploads\\\/2015\\\/12\\\/blogqsp-eduardo-cunha_-camara_brasilia.jpg\",\"datePublished\":\"2017-08-28T15:00:40+00:00\",\"breadcrumb\":{\"@id\":\"https:\\\/\\\/blogdofarnesio.com.br\\\/?p=175012#breadcrumb\"},\"inLanguage\":\"pt-BR\",\"potentialAction\":[{\"@type\":\"ReadAction\",\"target\":[\"https:\\\/\\\/blogdofarnesio.com.br\\\/?p=175012\"]}]},{\"@type\":\"ImageObject\",\"inLanguage\":\"pt-BR\",\"@id\":\"https:\\\/\\\/blogdofarnesio.com.br\\\/?p=175012#primaryimage\",\"url\":\"https:\\\/\\\/blogdofarnesio.com.br\\\/wp-content\\\/uploads\\\/2015\\\/12\\\/blogqsp-eduardo-cunha_-camara_brasilia.jpg\",\"contentUrl\":\"https:\\\/\\\/blogdofarnesio.com.br\\\/wp-content\\\/uploads\\\/2015\\\/12\\\/blogqsp-eduardo-cunha_-camara_brasilia.jpg\",\"width\":580,\"height\":386},{\"@type\":\"BreadcrumbList\",\"@id\":\"https:\\\/\\\/blogdofarnesio.com.br\\\/?p=175012#breadcrumb\",\"itemListElement\":[{\"@type\":\"ListItem\",\"position\":1,\"name\":\"In\u00edcio\",\"item\":\"https:\\\/\\\/blogdofarnesio.com.br\\\/\"},{\"@type\":\"ListItem\",\"position\":2,\"name\":\"EDUARDO CUNHA ACUSA EDSON FACHIN DE OBSTRUIR PEDIDOS DE LIBERDADE\"}]},{\"@type\":\"WebSite\",\"@id\":\"https:\\\/\\\/blogdofarnesio.com.br\\\/#website\",\"url\":\"https:\\\/\\\/blogdofarnesio.com.br\\\/\",\"name\":\"Blog do Farn\u00e9sio\",\"description\":\"Quer Saber Pol\u00edtica?\",\"publisher\":{\"@id\":\"https:\\\/\\\/blogdofarnesio.com.br\\\/#organization\"},\"potentialAction\":[{\"@type\":\"SearchAction\",\"target\":{\"@type\":\"EntryPoint\",\"urlTemplate\":\"https:\\\/\\\/blogdofarnesio.com.br\\\/?s={search_term_string}\"},\"query-input\":{\"@type\":\"PropertyValueSpecification\",\"valueRequired\":true,\"valueName\":\"search_term_string\"}}],\"inLanguage\":\"pt-BR\"},{\"@type\":\"Organization\",\"@id\":\"https:\\\/\\\/blogdofarnesio.com.br\\\/#organization\",\"name\":\"Blog do Farn\u00e9sio\",\"url\":\"https:\\\/\\\/blogdofarnesio.com.br\\\/\",\"logo\":{\"@type\":\"ImageObject\",\"inLanguage\":\"pt-BR\",\"@id\":\"https:\\\/\\\/blogdofarnesio.com.br\\\/#\\\/schema\\\/logo\\\/image\\\/\",\"url\":\"https:\\\/\\\/blogdofarnesio.com.br\\\/wp-content\\\/uploads\\\/2026\\\/03\\\/cropped-logo_new-1.png\",\"contentUrl\":\"https:\\\/\\\/blogdofarnesio.com.br\\\/wp-content\\\/uploads\\\/2026\\\/03\\\/cropped-logo_new-1.png\",\"width\":881,\"height\":685,\"caption\":\"Blog do Farn\u00e9sio\"},\"image\":{\"@id\":\"https:\\\/\\\/blogdofarnesio.com.br\\\/#\\\/schema\\\/logo\\\/image\\\/\"},\"sameAs\":[\"https:\\\/\\\/www.facebook.com\\\/BlogQuerSaberPolitica\\\/\"]},{\"@type\":\"Person\",\"@id\":\"https:\\\/\\\/blogdofarnesio.com.br\\\/#\\\/schema\\\/person\\\/301c4acf522bccbfdb45af95b5b906a1\",\"name\":\"Farn\u00e9sio\",\"image\":{\"@type\":\"ImageObject\",\"inLanguage\":\"pt-BR\",\"@id\":\"https:\\\/\\\/secure.gravatar.com\\\/avatar\\\/df0c9a14567c056f8ad6876ba5bbd1e3e2c48023eb6807342fc4663adf549f38?s=96&d=mm&r=g\",\"url\":\"https:\\\/\\\/secure.gravatar.com\\\/avatar\\\/df0c9a14567c056f8ad6876ba5bbd1e3e2c48023eb6807342fc4663adf549f38?s=96&d=mm&r=g\",\"contentUrl\":\"https:\\\/\\\/secure.gravatar.com\\\/avatar\\\/df0c9a14567c056f8ad6876ba5bbd1e3e2c48023eb6807342fc4663adf549f38?s=96&d=mm&r=g\",\"caption\":\"Farn\u00e9sio\"},\"sameAs\":[\"https:\\\/\\\/quersaberpolitica.com.br\"],\"url\":\"https:\\\/\\\/blogdofarnesio.com.br\\\/?author=1\"}]}<\/script>\n<!-- \/ Yoast SEO plugin. -->","yoast_head_json":{"title":"EDUARDO CUNHA ACUSA EDSON FACHIN DE OBSTRUIR PEDIDOS DE LIBERDADE - Blog do Farn\u00e9sio","robots":{"index":"index","follow":"follow","max-snippet":"max-snippet:-1","max-image-preview":"max-image-preview:large","max-video-preview":"max-video-preview:-1"},"canonical":"https:\/\/blogdofarnesio.com.br\/?p=175012","og_locale":"pt_BR","og_type":"article","og_title":"EDUARDO CUNHA ACUSA EDSON FACHIN DE OBSTRUIR PEDIDOS DE LIBERDADE - Blog do Farn\u00e9sio","og_description":"Com dificuldades na negocia\u00e7\u00e3o de sua dela\u00e7\u00e3o premiada, o ex-deputado Eduardo Cunha abriu uma ofensiva contra o relator da Lava Jato no STF (Supremo Tribunal Federal), Edson Fachin. Ele acusa o ministro de obstruir pedidos de liberdade e beneficiar executivos da JBS. Em nota escrita no complexo penal em que est\u00e1 preso, Cunha relata que Joesley Batista e Ricardo Saud, da JBS, pediram ajuda para aprovar o nome de Fachin para o STF, em 2015, e que disseram manter &#8220;rela\u00e7\u00e3o de amizade&#8221; com o ent\u00e3o candidato. &#8220;Quando Joesley Batista e Ricardo Saud me procuraram para ajudar na aprova\u00e7\u00e3o [de] Fachin, al\u00e9m da rela\u00e7\u00e3o de amizade que declararam ter com ele, me passaram a convic\u00e7\u00e3o de que o pa\u00eds iria ganhar&hellip;","og_url":"https:\/\/blogdofarnesio.com.br\/?p=175012","og_site_name":"Blog do Farn\u00e9sio","article_publisher":"https:\/\/www.facebook.com\/BlogQuerSaberPolitica\/","article_published_time":"2017-08-28T15:00:40+00:00","og_image":[{"width":580,"height":386,"url":"https:\/\/blogdofarnesio.com.br\/wp-content\/uploads\/2015\/12\/blogqsp-eduardo-cunha_-camara_brasilia.jpg","type":"image\/jpeg"}],"author":"Farn\u00e9sio","twitter_card":"summary_large_image","twitter_misc":{"Escrito por":"Farn\u00e9sio","Est. tempo de leitura":"3 minutos"},"schema":{"@context":"https:\/\/schema.org","@graph":[{"@type":"Article","@id":"https:\/\/blogdofarnesio.com.br\/?p=175012#article","isPartOf":{"@id":"https:\/\/blogdofarnesio.com.br\/?p=175012"},"author":{"name":"Farn\u00e9sio","@id":"https:\/\/blogdofarnesio.com.br\/#\/schema\/person\/301c4acf522bccbfdb45af95b5b906a1"},"headline":"EDUARDO CUNHA ACUSA EDSON FACHIN DE OBSTRUIR PEDIDOS DE LIBERDADE","datePublished":"2017-08-28T15:00:40+00:00","mainEntityOfPage":{"@id":"https:\/\/blogdofarnesio.com.br\/?p=175012"},"wordCount":682,"commentCount":0,"publisher":{"@id":"https:\/\/blogdofarnesio.com.br\/#organization"},"image":{"@id":"https:\/\/blogdofarnesio.com.br\/?p=175012#primaryimage"},"thumbnailUrl":"https:\/\/blogdofarnesio.com.br\/wp-content\/uploads\/2015\/12\/blogqsp-eduardo-cunha_-camara_brasilia.jpg","articleSection":["Pol\u00edtica"],"inLanguage":"pt-BR","potentialAction":[{"@type":"CommentAction","name":"Comment","target":["https:\/\/blogdofarnesio.com.br\/?p=175012#respond"]}]},{"@type":"WebPage","@id":"https:\/\/blogdofarnesio.com.br\/?p=175012","url":"https:\/\/blogdofarnesio.com.br\/?p=175012","name":"EDUARDO CUNHA ACUSA EDSON FACHIN DE OBSTRUIR PEDIDOS DE LIBERDADE - Blog do Farn\u00e9sio","isPartOf":{"@id":"https:\/\/blogdofarnesio.com.br\/#website"},"primaryImageOfPage":{"@id":"https:\/\/blogdofarnesio.com.br\/?p=175012#primaryimage"},"image":{"@id":"https:\/\/blogdofarnesio.com.br\/?p=175012#primaryimage"},"thumbnailUrl":"https:\/\/blogdofarnesio.com.br\/wp-content\/uploads\/2015\/12\/blogqsp-eduardo-cunha_-camara_brasilia.jpg","datePublished":"2017-08-28T15:00:40+00:00","breadcrumb":{"@id":"https:\/\/blogdofarnesio.com.br\/?p=175012#breadcrumb"},"inLanguage":"pt-BR","potentialAction":[{"@type":"ReadAction","target":["https:\/\/blogdofarnesio.com.br\/?p=175012"]}]},{"@type":"ImageObject","inLanguage":"pt-BR","@id":"https:\/\/blogdofarnesio.com.br\/?p=175012#primaryimage","url":"https:\/\/blogdofarnesio.com.br\/wp-content\/uploads\/2015\/12\/blogqsp-eduardo-cunha_-camara_brasilia.jpg","contentUrl":"https:\/\/blogdofarnesio.com.br\/wp-content\/uploads\/2015\/12\/blogqsp-eduardo-cunha_-camara_brasilia.jpg","width":580,"height":386},{"@type":"BreadcrumbList","@id":"https:\/\/blogdofarnesio.com.br\/?p=175012#breadcrumb","itemListElement":[{"@type":"ListItem","position":1,"name":"In\u00edcio","item":"https:\/\/blogdofarnesio.com.br\/"},{"@type":"ListItem","position":2,"name":"EDUARDO CUNHA ACUSA EDSON FACHIN DE OBSTRUIR PEDIDOS DE LIBERDADE"}]},{"@type":"WebSite","@id":"https:\/\/blogdofarnesio.com.br\/#website","url":"https:\/\/blogdofarnesio.com.br\/","name":"Blog do Farn\u00e9sio","description":"Quer Saber Pol\u00edtica?","publisher":{"@id":"https:\/\/blogdofarnesio.com.br\/#organization"},"potentialAction":[{"@type":"SearchAction","target":{"@type":"EntryPoint","urlTemplate":"https:\/\/blogdofarnesio.com.br\/?s={search_term_string}"},"query-input":{"@type":"PropertyValueSpecification","valueRequired":true,"valueName":"search_term_string"}}],"inLanguage":"pt-BR"},{"@type":"Organization","@id":"https:\/\/blogdofarnesio.com.br\/#organization","name":"Blog do Farn\u00e9sio","url":"https:\/\/blogdofarnesio.com.br\/","logo":{"@type":"ImageObject","inLanguage":"pt-BR","@id":"https:\/\/blogdofarnesio.com.br\/#\/schema\/logo\/image\/","url":"https:\/\/blogdofarnesio.com.br\/wp-content\/uploads\/2026\/03\/cropped-logo_new-1.png","contentUrl":"https:\/\/blogdofarnesio.com.br\/wp-content\/uploads\/2026\/03\/cropped-logo_new-1.png","width":881,"height":685,"caption":"Blog do Farn\u00e9sio"},"image":{"@id":"https:\/\/blogdofarnesio.com.br\/#\/schema\/logo\/image\/"},"sameAs":["https:\/\/www.facebook.com\/BlogQuerSaberPolitica\/"]},{"@type":"Person","@id":"https:\/\/blogdofarnesio.com.br\/#\/schema\/person\/301c4acf522bccbfdb45af95b5b906a1","name":"Farn\u00e9sio","image":{"@type":"ImageObject","inLanguage":"pt-BR","@id":"https:\/\/secure.gravatar.com\/avatar\/df0c9a14567c056f8ad6876ba5bbd1e3e2c48023eb6807342fc4663adf549f38?s=96&d=mm&r=g","url":"https:\/\/secure.gravatar.com\/avatar\/df0c9a14567c056f8ad6876ba5bbd1e3e2c48023eb6807342fc4663adf549f38?s=96&d=mm&r=g","contentUrl":"https:\/\/secure.gravatar.com\/avatar\/df0c9a14567c056f8ad6876ba5bbd1e3e2c48023eb6807342fc4663adf549f38?s=96&d=mm&r=g","caption":"Farn\u00e9sio"},"sameAs":["https:\/\/quersaberpolitica.com.br"],"url":"https:\/\/blogdofarnesio.com.br\/?author=1"}]}},"_links":{"self":[{"href":"https:\/\/blogdofarnesio.com.br\/index.php?rest_route=\/wp\/v2\/posts\/175012","targetHints":{"allow":["GET"]}}],"collection":[{"href":"https:\/\/blogdofarnesio.com.br\/index.php?rest_route=\/wp\/v2\/posts"}],"about":[{"href":"https:\/\/blogdofarnesio.com.br\/index.php?rest_route=\/wp\/v2\/types\/post"}],"author":[{"embeddable":true,"href":"https:\/\/blogdofarnesio.com.br\/index.php?rest_route=\/wp\/v2\/users\/1"}],"replies":[{"embeddable":true,"href":"https:\/\/blogdofarnesio.com.br\/index.php?rest_route=%2Fwp%2Fv2%2Fcomments&post=175012"}],"version-history":[{"count":0,"href":"https:\/\/blogdofarnesio.com.br\/index.php?rest_route=\/wp\/v2\/posts\/175012\/revisions"}],"wp:featuredmedia":[{"embeddable":true,"href":"https:\/\/blogdofarnesio.com.br\/index.php?rest_route=\/wp\/v2\/media\/133959"}],"wp:attachment":[{"href":"https:\/\/blogdofarnesio.com.br\/index.php?rest_route=%2Fwp%2Fv2%2Fmedia&parent=175012"}],"wp:term":[{"taxonomy":"category","embeddable":true,"href":"https:\/\/blogdofarnesio.com.br\/index.php?rest_route=%2Fwp%2Fv2%2Fcategories&post=175012"},{"taxonomy":"post_tag","embeddable":true,"href":"https:\/\/blogdofarnesio.com.br\/index.php?rest_route=%2Fwp%2Fv2%2Ftags&post=175012"}],"curies":[{"name":"wp","href":"https:\/\/api.w.org\/{rel}","templated":true}]}}