{"id":174990,"date":"2017-08-28T08:33:08","date_gmt":"2017-08-28T11:33:08","guid":{"rendered":"http:\/\/quersaberpolitica.com.br\/2016\/?p=174990"},"modified":"2017-08-27T18:36:37","modified_gmt":"2017-08-27T21:36:37","slug":"advogado-de-casos-da-lava-jato-diz-caber-prisao-preventiva-a-moro","status":"publish","type":"post","link":"https:\/\/blogdofarnesio.com.br\/?p=174990","title":{"rendered":"ADVOGADO DE CASOS DA LAVA JATO DIZ CABER PRIS\u00c3O PREVENTIVA A MORO"},"content":{"rendered":"<div class=\"resume\"><\/div>\n<div class=\"content wp\" data-ga-ano=\"2017\" data-ga-categoria=\"Justi\u00e7a\" data-ga-autor=\"Poder360\">\n<div class=\"enviar\"><\/div>\n<p>Segundo a <em>Folha<\/em>, Rodrigo Tacla Duran, ex-advogado da Odebrecht, acusa o advogado trabalhista Carlos Zucolotto Jr. <em>\u201cde intermediar negocia\u00e7\u00e3o paralela com a for\u00e7a-tarefa da Opera\u00e7\u00e3o Lava Jato\u201d<\/em>.<\/p>\n<p>O advogado trabalhista\u00a0teria pedido 1\/3\u00a0de honor\u00e1rios em pagamentos <em>\u201cpor fora\u201d<\/em> para ajudar a diminuir\u00a0a pena e a\u00a0multa estipuladas\u00a0no acordo de dela\u00e7\u00e3o premiada.<\/p>\n<p>Zucolotto \u00e9 amigo pessoal de S\u00e9rgio Moro e, conforme a <em>Folha<\/em>, foi padrinho do casamento do juiz titular da 13\u00aa Vara Federal de Curitiba e s\u00f3cio da mulher de Moro, Ros\u00e2ngela Wolff.<\/p>\n<p>Rodrigo Tacla Duran \u00e9 acusado de lavagem de dinheiro e outros crimes relacionados ao setor de propinas da Odebrecht. Teve a pris\u00e3o preventiva decretada por Moro. Foi preso na\u00a0Espanha em novembro de 2016, mas hoje est\u00e1 em liberdade provis\u00f3ria. A Justi\u00e7a espanhola negou pedido de extradi\u00e7\u00e3o para o Brasil, pois o\u00a0advogado tem dupla cidadania.<\/p>\n<p>A reportagem da <em>Folha<\/em> afirma que encaminhou questionamentos a\u00a0Moro sobre as acusa\u00e7\u00f5es. O pr\u00f3prio juiz\u00a0entrou em contato com Zucolotto e enviou as explica\u00e7\u00f5es do advogado\u00a0ao jornal. Kakay aponta\u00a0o fato como uma combina\u00e7\u00e3o de resposta, o que, diz, poderia ser interpretado como obstru\u00e7\u00e3o de Justi\u00e7a.<\/p>\n<p><strong>Atualiza\u00e7\u00e3o [27.ago.2017 \u2013 12h14min]:\u00a0<\/strong>O advogado Kakay entrou em contato com o <strong>Poder360<\/strong> ap\u00f3s a publica\u00e7\u00e3o deste post para tentar matizar a sua declara\u00e7\u00e3o na qual sugeriu a pris\u00e3o de S\u00e9rgio Moro.<\/p>\n<p>Segundo Kakay, ele teria afirmado que caberia pris\u00e3o de Moro apenas caso fosse usada a interpreta\u00e7\u00e3o que o pr\u00f3prio juiz faz para esses casos. Mas que ele, Kakay, defende a presun\u00e7\u00e3o da inoc\u00eancia e \u00e9 contra esse tipo de pris\u00e3o preventiva.<\/p>\n<p>Leia abaixo as notas de Moro\u00a0e de Kakay\u00a0sobre a reportagem da <em>Folha<\/em>:<\/p>\n<p><strong>Juiz S\u00e9rgio Moro:<\/strong><\/p>\n<p><em>\u201cNota oficial<\/em><\/p>\n<p><em>Sobre\u00a0a mat\u00e9ria \u2018Advogado acusa amigo de Moro de intervir em acordo\u2019 escrita pela jornalista M\u00f4nica B\u00e9rgamo e publicada em 27\/08\/2017 pelo Jornal Folha de S\u00e3o Paulo, informo o que segue:<\/em><\/p>\n<ul>\n<li><em>o advogado Carlos Zucoloto Jr. \u00e9 advogado s\u00e9rio e competente, atua na \u00e1rea trabalhista e n\u00e3o atua na \u00e1rea criminal;<\/em><\/li>\n<li><em>o relato de que o advogado em quest\u00e3o teria tratado com o acusado foragido Rodrigo Tacla Duran sobre acordo de colabora\u00e7\u00e3o premiada \u00e9 absolutamente falso;<\/em><\/li>\n<li><em>nenhum\u00a0dos membros do Minist\u00e9rio P\u00fablico Federal da For\u00e7a Tarefa em Curitiba confirmou qualquer contato do referido advogado sobre o referido assunto ou sobre qualquer outro porque de fato n\u00e3o ocorreu qualquer contato;<\/em><\/li>\n<li><em>Rodrigo\u00a0Tacla Duran n\u00e3o apresentou \u00e0 jornalista respons\u00e1vel pela mat\u00e9ria qualquer prova de suas inver\u00eddicas afirma\u00e7\u00f5es e o seu relato n\u00e3o encontra apoio em nenhuma outra fonte;<\/em><\/li>\n<li><em>Rodrigo\u00a0Tacla Duran \u00e9 acusado de lavagem de dinheiro de milh\u00f5es de d\u00f3lares e teve a sua pris\u00e3o preventiva decretada por este julgador, tendo se refugiado na Espanha para fugir da a\u00e7\u00e3o da Justi\u00e7a;<\/em><\/li>\n<li><em>o advogado\u00a0Carlos Zucoloto Jr. \u00e9 meu amigo pessoal e lamento que o seu nome seja utilizado por um acusado foragido e em uma mat\u00e9ria jornal\u00edstica irrespons\u00e1vel para denegrir-me; e<\/em><\/li>\n<li><em>lamenta-se o cr\u00e9dito dado pela jornalista ao relato falso de um acusado foragido, tendo ela sido alertada da falsidade por todas as pessoas citadas na mat\u00e9ria.<\/em><\/li>\n<\/ul>\n<p><em>Curitiba, 27 de agosto de 2017.<\/em><\/p>\n<p><em>Sergio Fernando Moro<\/em><\/p>\n<p><em>Juiz Federal\u201d<\/em><\/p>\n<h4><strong>ANT\u00d4NIO CARLOS DE ALMEIDA CASTRO, O \u201cKAKAY\u201d<\/strong><\/h4>\n<p>O advogado Ant\u00f4nio Carlos de Almeida Castro enviou uma mensagem por meio do WhatsApp para seus contatos. O\u00a0<strong>Poder360<\/strong>\u00a0reproduz o texto a seguir com leves corre\u00e7\u00f5es para facilitar o entendimento (sem alterar o teor da nota de Kakay; para ler como estava no WhatsApp\u00a0<a href=\"https:\/\/www.poder360.com.br\/wp-content\/uploads\/2017\/08\/Kakay-mensagem-27ago2017.pdf\" target=\"_blank\" rel=\"noopener\">clique aqui<\/a>):<\/p>\n<p><em>\u201c\u00c9 claro que temos que dar ao Moro e aos Procuradores a presun\u00e7\u00e3o de inoc\u00eancia, o que este juiz e estes procuradores n\u00e3o fariam, mas \u00e9 interessante notar e anotar algumas quest\u00f5es:<\/em><\/p>\n<p><em>\u201c<strong>1\u00a0<\/strong>\u2013 o juiz diz que n\u00e3o se deve dar valor \u00e0 palavra de um \u201d acusado \u201c, opa, isto \u00e9 rigorosamente o que ele faz ao longo de toda a opera\u00e7\u00e3o!<\/em><\/p>\n<p><em>\u201c<strong>2\u00a0<\/strong>\u2013 O juiz confirma que sua esposa participou de um escrit\u00f3rio com o seu amigo Zucolotto, mas sem \u201ccomunh\u00e3o de trabalho ou de honor\u00e1rios\u201d. Este fato seria certamente usado pelo juiz da 13\u00aa Vara como forte ind\u00edcio suficiente para uma pris\u00e3o contra um investigado qualquer. Seria presumida a responsabilidade, e o juiz iria ridicularizar esta linha de defesa.<\/em><\/p>\n<p><em>\u201c<strong>3<\/strong>\u00a0\u2013 A afirma\u00e7\u00e3o de que 2 procuradores enviaram por e-mail uma proposta nos mesmos termos da que o advogado, padrinho de casamento do juiz e s\u00f3cio da esposa do juiz, seria certamente aceita como mais do que ind\u00edcio, mas como uma prova contundente da rela\u00e7\u00e3o do advogado com a for\u00e7a tarefa.<\/em><\/p>\n<p><em>\u201c<strong>4<\/strong>\u00a0\u2013 O fato do juiz ter entrado em contato diretamente com o advogado Zucolatto, seu padrinho de casamento, para enviar uma resposta \u00e0 Folha, ou seja, combinar uma resposta a jornalista, seria interpretado como obstru\u00e7\u00e3o de Justi\u00e7a, com pris\u00e3o preventiva decretada com certeza.\u00a0<\/em><\/p>\n<p><em>\u201c<strong>5<\/strong>\u00a0\u2013 A negativa do tal procurador Carlos Fernando de que o advogado Zucolatto, embora conste na procura\u00e7\u00e3o, n\u00e3o \u00e9 seu advogado mas sim um outro nome da procura\u00e7\u00e3o, seria ridicularizada e aceita como motivo para uma busca e apreens\u00e3o no escrit\u00f3rio de advocacia.<\/em><\/p>\n<p><em>\u201c<strong>6\u00a0<\/strong>\u2013 O tal Zucolatto diz que trabalha com a banca Tacla Duran, mas que conhece s\u00f3 Flavia e nem sabia que Rodrigo seria s\u00f3cio, o que, se fosse analisada tal afirma\u00e7\u00e3o pelo juiz da 13\u00ba Vara certamente daria ensejo a condu\u00e7\u00e3o coercitiva.\u00a0<\/em><\/p>\n<p><em>\u201c<strong>7<\/strong>\u00a0\u2013 E o fato simples de a advogada ser tamb\u00e9m advogada da Odebrecth seria usado como ind\u00edcio de participa\u00e7\u00e3o na opera\u00e7\u00e3o.\u00a0<\/em><\/p>\n<p><em>\u201c<strong>8<\/strong>\u00a0\u2013 A foto apresentada, claro, seria usada como prova.<\/em><\/p>\n<p><em>\u201c<strong>9<\/strong>\u00a0\u2013 A negativa de Zucolatto que afirma n\u00e3o ter o aplicativo no seu celular seria fundamento para busca e apreens\u00e3o do aparelho.<\/em><\/p>\n<p><em>\u201c<strong>10<\/strong>\u00a0\u2013 Enfim, a afirma\u00e7\u00e3o de que o pagamento deveria ser em esp\u00e9cie n\u00e3o precisaria ter prova, pois o pr\u00f3prio juiz admitiu ontem numa palestra que a condena\u00e7\u00e3o pode ser feita sem sequer precisar do ato de oficio, sem nenhuma comprova\u00e7\u00e3o.<\/em><\/p>\n<p><em>\u201c<strong>11<\/strong>\u00a0\u2013 Ou seja, embora exista a hip\u00f3tese desses fatos serem falsos o que nos resta perguntar \u00e9 como eles seriam usados pela Rep\u00fablica do Paran\u00e1? Se o tal Deuslagnol<\/em>\u00a0[o advogado se refere ao procurador Deltan Dallagnol]\u00a0<em>n\u00e3o usaria a imprensa e a rede social para expor estes fortes \u201cind\u00edcios\u201d que se entrela\u00e7am na vis\u00e3o punitiva.\u00a0 Devemos continuar dando a eles a presun\u00e7\u00e3o de inoc\u00eancia, mesmo sabendo que eles agiriam de outra forma. Como diz o poeta, \u201ca vida da, nega e tira\u201d, um dia os arbitr\u00e1rios provar\u00e3o do seu pr\u00f3prio veneno.<\/em><\/p>\n<\/div>\n","protected":false},"excerpt":{"rendered":"<p>Segundo a Folha, Rodrigo Tacla Duran, ex-advogado da Odebrecht, acusa o advogado trabalhista Carlos Zucolotto Jr. \u201cde intermediar negocia\u00e7\u00e3o paralela com a for\u00e7a-tarefa da Opera\u00e7\u00e3o Lava Jato\u201d. O advogado trabalhista\u00a0teria pedido 1\/3\u00a0de honor\u00e1rios em pagamentos \u201cpor fora\u201d para ajudar a diminuir\u00a0a pena e a\u00a0multa estipuladas\u00a0no acordo de dela\u00e7\u00e3o premiada. Zucolotto \u00e9 amigo pessoal de S\u00e9rgio Moro e, conforme a Folha, foi padrinho do casamento do juiz titular da 13\u00aa Vara Federal de Curitiba e s\u00f3cio da mulher de Moro, Ros\u00e2ngela Wolff. Rodrigo Tacla Duran \u00e9 acusado de lavagem de dinheiro e outros crimes relacionados ao setor de propinas da Odebrecht. Teve a pris\u00e3o preventiva decretada por Moro. Foi preso na\u00a0Espanha em novembro de 2016, mas hoje est\u00e1 em liberdade provis\u00f3ria.&hellip; <\/p>\n","protected":false},"author":1,"featured_media":153182,"comment_status":"open","ping_status":"open","sticky":false,"template":"","format":"standard","meta":{"_acf_changed":false,"footnotes":""},"categories":[23],"tags":[],"class_list":["post-174990","post","type-post","status-publish","format-standard","has-post-thumbnail","hentry","category-justica"],"acf":[],"yoast_head":"<!-- This site is optimized with the Yoast SEO plugin v27.4 - https:\/\/yoast.com\/product\/yoast-seo-wordpress\/ -->\n<title>ADVOGADO DE CASOS DA LAVA JATO DIZ CABER PRIS\u00c3O PREVENTIVA A MORO - Blog do Farn\u00e9sio<\/title>\n<meta name=\"robots\" content=\"index, follow, max-snippet:-1, max-image-preview:large, max-video-preview:-1\" \/>\n<link rel=\"canonical\" href=\"https:\/\/blogdofarnesio.com.br\/?p=174990\" \/>\n<meta property=\"og:locale\" content=\"pt_BR\" \/>\n<meta property=\"og:type\" content=\"article\" \/>\n<meta property=\"og:title\" content=\"ADVOGADO DE CASOS DA LAVA JATO DIZ CABER PRIS\u00c3O PREVENTIVA A MORO - Blog do Farn\u00e9sio\" \/>\n<meta property=\"og:description\" content=\"Segundo a Folha, Rodrigo Tacla Duran, ex-advogado da Odebrecht, acusa o advogado trabalhista Carlos Zucolotto Jr. \u201cde intermediar negocia\u00e7\u00e3o paralela com a for\u00e7a-tarefa da Opera\u00e7\u00e3o Lava Jato\u201d. O advogado trabalhista\u00a0teria pedido 1\/3\u00a0de honor\u00e1rios em pagamentos \u201cpor fora\u201d para ajudar a diminuir\u00a0a pena e a\u00a0multa estipuladas\u00a0no acordo de dela\u00e7\u00e3o premiada. Zucolotto \u00e9 amigo pessoal de S\u00e9rgio Moro e, conforme a Folha, foi padrinho do casamento do juiz titular da 13\u00aa Vara Federal de Curitiba e s\u00f3cio da mulher de Moro, Ros\u00e2ngela Wolff. Rodrigo Tacla Duran \u00e9 acusado de lavagem de dinheiro e outros crimes relacionados ao setor de propinas da Odebrecht. Teve a pris\u00e3o preventiva decretada por Moro. Foi preso na\u00a0Espanha em novembro de 2016, mas hoje est\u00e1 em liberdade provis\u00f3ria.&hellip;\" \/>\n<meta property=\"og:url\" content=\"https:\/\/blogdofarnesio.com.br\/?p=174990\" \/>\n<meta property=\"og:site_name\" content=\"Blog do Farn\u00e9sio\" \/>\n<meta property=\"article:publisher\" content=\"https:\/\/www.facebook.com\/BlogQuerSaberPolitica\/\" \/>\n<meta property=\"article:published_time\" content=\"2017-08-28T11:33:08+00:00\" \/>\n<meta property=\"og:image\" content=\"https:\/\/blogdofarnesio.com.br\/wp-content\/uploads\/2016\/12\/blogqsp-moro-rindo.jpg\" \/>\n\t<meta property=\"og:image:width\" content=\"640\" \/>\n\t<meta property=\"og:image:height\" content=\"426\" \/>\n\t<meta property=\"og:image:type\" content=\"image\/jpeg\" \/>\n<meta name=\"author\" content=\"Farn\u00e9sio\" \/>\n<meta name=\"twitter:card\" content=\"summary_large_image\" \/>\n<meta name=\"twitter:label1\" content=\"Escrito por\" \/>\n\t<meta name=\"twitter:data1\" content=\"Farn\u00e9sio\" \/>\n\t<meta name=\"twitter:label2\" content=\"Est. tempo de leitura\" \/>\n\t<meta name=\"twitter:data2\" content=\"6 minutos\" \/>\n<script type=\"application\/ld+json\" class=\"yoast-schema-graph\">{\"@context\":\"https:\\\/\\\/schema.org\",\"@graph\":[{\"@type\":\"Article\",\"@id\":\"https:\\\/\\\/blogdofarnesio.com.br\\\/?p=174990#article\",\"isPartOf\":{\"@id\":\"https:\\\/\\\/blogdofarnesio.com.br\\\/?p=174990\"},\"author\":{\"name\":\"Farn\u00e9sio\",\"@id\":\"https:\\\/\\\/blogdofarnesio.com.br\\\/#\\\/schema\\\/person\\\/301c4acf522bccbfdb45af95b5b906a1\"},\"headline\":\"ADVOGADO DE CASOS DA LAVA JATO DIZ CABER PRIS\u00c3O PREVENTIVA A MORO\",\"datePublished\":\"2017-08-28T11:33:08+00:00\",\"mainEntityOfPage\":{\"@id\":\"https:\\\/\\\/blogdofarnesio.com.br\\\/?p=174990\"},\"wordCount\":1145,\"commentCount\":0,\"publisher\":{\"@id\":\"https:\\\/\\\/blogdofarnesio.com.br\\\/#organization\"},\"image\":{\"@id\":\"https:\\\/\\\/blogdofarnesio.com.br\\\/?p=174990#primaryimage\"},\"thumbnailUrl\":\"https:\\\/\\\/blogdofarnesio.com.br\\\/wp-content\\\/uploads\\\/2016\\\/12\\\/blogqsp-moro-rindo.jpg\",\"articleSection\":[\"Justi\u00e7a\"],\"inLanguage\":\"pt-BR\",\"potentialAction\":[{\"@type\":\"CommentAction\",\"name\":\"Comment\",\"target\":[\"https:\\\/\\\/blogdofarnesio.com.br\\\/?p=174990#respond\"]}]},{\"@type\":\"WebPage\",\"@id\":\"https:\\\/\\\/blogdofarnesio.com.br\\\/?p=174990\",\"url\":\"https:\\\/\\\/blogdofarnesio.com.br\\\/?p=174990\",\"name\":\"ADVOGADO DE CASOS DA LAVA JATO DIZ CABER PRIS\u00c3O PREVENTIVA A MORO - Blog do Farn\u00e9sio\",\"isPartOf\":{\"@id\":\"https:\\\/\\\/blogdofarnesio.com.br\\\/#website\"},\"primaryImageOfPage\":{\"@id\":\"https:\\\/\\\/blogdofarnesio.com.br\\\/?p=174990#primaryimage\"},\"image\":{\"@id\":\"https:\\\/\\\/blogdofarnesio.com.br\\\/?p=174990#primaryimage\"},\"thumbnailUrl\":\"https:\\\/\\\/blogdofarnesio.com.br\\\/wp-content\\\/uploads\\\/2016\\\/12\\\/blogqsp-moro-rindo.jpg\",\"datePublished\":\"2017-08-28T11:33:08+00:00\",\"breadcrumb\":{\"@id\":\"https:\\\/\\\/blogdofarnesio.com.br\\\/?p=174990#breadcrumb\"},\"inLanguage\":\"pt-BR\",\"potentialAction\":[{\"@type\":\"ReadAction\",\"target\":[\"https:\\\/\\\/blogdofarnesio.com.br\\\/?p=174990\"]}]},{\"@type\":\"ImageObject\",\"inLanguage\":\"pt-BR\",\"@id\":\"https:\\\/\\\/blogdofarnesio.com.br\\\/?p=174990#primaryimage\",\"url\":\"https:\\\/\\\/blogdofarnesio.com.br\\\/wp-content\\\/uploads\\\/2016\\\/12\\\/blogqsp-moro-rindo.jpg\",\"contentUrl\":\"https:\\\/\\\/blogdofarnesio.com.br\\\/wp-content\\\/uploads\\\/2016\\\/12\\\/blogqsp-moro-rindo.jpg\",\"width\":640,\"height\":426},{\"@type\":\"BreadcrumbList\",\"@id\":\"https:\\\/\\\/blogdofarnesio.com.br\\\/?p=174990#breadcrumb\",\"itemListElement\":[{\"@type\":\"ListItem\",\"position\":1,\"name\":\"In\u00edcio\",\"item\":\"https:\\\/\\\/blogdofarnesio.com.br\\\/\"},{\"@type\":\"ListItem\",\"position\":2,\"name\":\"ADVOGADO DE CASOS DA LAVA JATO DIZ CABER PRIS\u00c3O PREVENTIVA A MORO\"}]},{\"@type\":\"WebSite\",\"@id\":\"https:\\\/\\\/blogdofarnesio.com.br\\\/#website\",\"url\":\"https:\\\/\\\/blogdofarnesio.com.br\\\/\",\"name\":\"Blog do Farn\u00e9sio\",\"description\":\"Quer Saber Pol\u00edtica?\",\"publisher\":{\"@id\":\"https:\\\/\\\/blogdofarnesio.com.br\\\/#organization\"},\"potentialAction\":[{\"@type\":\"SearchAction\",\"target\":{\"@type\":\"EntryPoint\",\"urlTemplate\":\"https:\\\/\\\/blogdofarnesio.com.br\\\/?s={search_term_string}\"},\"query-input\":{\"@type\":\"PropertyValueSpecification\",\"valueRequired\":true,\"valueName\":\"search_term_string\"}}],\"inLanguage\":\"pt-BR\"},{\"@type\":\"Organization\",\"@id\":\"https:\\\/\\\/blogdofarnesio.com.br\\\/#organization\",\"name\":\"Blog do Farn\u00e9sio\",\"url\":\"https:\\\/\\\/blogdofarnesio.com.br\\\/\",\"logo\":{\"@type\":\"ImageObject\",\"inLanguage\":\"pt-BR\",\"@id\":\"https:\\\/\\\/blogdofarnesio.com.br\\\/#\\\/schema\\\/logo\\\/image\\\/\",\"url\":\"https:\\\/\\\/blogdofarnesio.com.br\\\/wp-content\\\/uploads\\\/2026\\\/03\\\/cropped-logo_new-1.png\",\"contentUrl\":\"https:\\\/\\\/blogdofarnesio.com.br\\\/wp-content\\\/uploads\\\/2026\\\/03\\\/cropped-logo_new-1.png\",\"width\":881,\"height\":685,\"caption\":\"Blog do Farn\u00e9sio\"},\"image\":{\"@id\":\"https:\\\/\\\/blogdofarnesio.com.br\\\/#\\\/schema\\\/logo\\\/image\\\/\"},\"sameAs\":[\"https:\\\/\\\/www.facebook.com\\\/BlogQuerSaberPolitica\\\/\"]},{\"@type\":\"Person\",\"@id\":\"https:\\\/\\\/blogdofarnesio.com.br\\\/#\\\/schema\\\/person\\\/301c4acf522bccbfdb45af95b5b906a1\",\"name\":\"Farn\u00e9sio\",\"image\":{\"@type\":\"ImageObject\",\"inLanguage\":\"pt-BR\",\"@id\":\"https:\\\/\\\/secure.gravatar.com\\\/avatar\\\/df0c9a14567c056f8ad6876ba5bbd1e3e2c48023eb6807342fc4663adf549f38?s=96&d=mm&r=g\",\"url\":\"https:\\\/\\\/secure.gravatar.com\\\/avatar\\\/df0c9a14567c056f8ad6876ba5bbd1e3e2c48023eb6807342fc4663adf549f38?s=96&d=mm&r=g\",\"contentUrl\":\"https:\\\/\\\/secure.gravatar.com\\\/avatar\\\/df0c9a14567c056f8ad6876ba5bbd1e3e2c48023eb6807342fc4663adf549f38?s=96&d=mm&r=g\",\"caption\":\"Farn\u00e9sio\"},\"sameAs\":[\"https:\\\/\\\/quersaberpolitica.com.br\"],\"url\":\"https:\\\/\\\/blogdofarnesio.com.br\\\/?author=1\"}]}<\/script>\n<!-- \/ Yoast SEO plugin. -->","yoast_head_json":{"title":"ADVOGADO DE CASOS DA LAVA JATO DIZ CABER PRIS\u00c3O PREVENTIVA A MORO - Blog do Farn\u00e9sio","robots":{"index":"index","follow":"follow","max-snippet":"max-snippet:-1","max-image-preview":"max-image-preview:large","max-video-preview":"max-video-preview:-1"},"canonical":"https:\/\/blogdofarnesio.com.br\/?p=174990","og_locale":"pt_BR","og_type":"article","og_title":"ADVOGADO DE CASOS DA LAVA JATO DIZ CABER PRIS\u00c3O PREVENTIVA A MORO - Blog do Farn\u00e9sio","og_description":"Segundo a Folha, Rodrigo Tacla Duran, ex-advogado da Odebrecht, acusa o advogado trabalhista Carlos Zucolotto Jr. \u201cde intermediar negocia\u00e7\u00e3o paralela com a for\u00e7a-tarefa da Opera\u00e7\u00e3o Lava Jato\u201d. O advogado trabalhista\u00a0teria pedido 1\/3\u00a0de honor\u00e1rios em pagamentos \u201cpor fora\u201d para ajudar a diminuir\u00a0a pena e a\u00a0multa estipuladas\u00a0no acordo de dela\u00e7\u00e3o premiada. Zucolotto \u00e9 amigo pessoal de S\u00e9rgio Moro e, conforme a Folha, foi padrinho do casamento do juiz titular da 13\u00aa Vara Federal de Curitiba e s\u00f3cio da mulher de Moro, Ros\u00e2ngela Wolff. Rodrigo Tacla Duran \u00e9 acusado de lavagem de dinheiro e outros crimes relacionados ao setor de propinas da Odebrecht. Teve a pris\u00e3o preventiva decretada por Moro. Foi preso na\u00a0Espanha em novembro de 2016, mas hoje est\u00e1 em liberdade provis\u00f3ria.&hellip;","og_url":"https:\/\/blogdofarnesio.com.br\/?p=174990","og_site_name":"Blog do Farn\u00e9sio","article_publisher":"https:\/\/www.facebook.com\/BlogQuerSaberPolitica\/","article_published_time":"2017-08-28T11:33:08+00:00","og_image":[{"width":640,"height":426,"url":"https:\/\/blogdofarnesio.com.br\/wp-content\/uploads\/2016\/12\/blogqsp-moro-rindo.jpg","type":"image\/jpeg"}],"author":"Farn\u00e9sio","twitter_card":"summary_large_image","twitter_misc":{"Escrito por":"Farn\u00e9sio","Est. tempo de leitura":"6 minutos"},"schema":{"@context":"https:\/\/schema.org","@graph":[{"@type":"Article","@id":"https:\/\/blogdofarnesio.com.br\/?p=174990#article","isPartOf":{"@id":"https:\/\/blogdofarnesio.com.br\/?p=174990"},"author":{"name":"Farn\u00e9sio","@id":"https:\/\/blogdofarnesio.com.br\/#\/schema\/person\/301c4acf522bccbfdb45af95b5b906a1"},"headline":"ADVOGADO DE CASOS DA LAVA JATO DIZ CABER PRIS\u00c3O PREVENTIVA A MORO","datePublished":"2017-08-28T11:33:08+00:00","mainEntityOfPage":{"@id":"https:\/\/blogdofarnesio.com.br\/?p=174990"},"wordCount":1145,"commentCount":0,"publisher":{"@id":"https:\/\/blogdofarnesio.com.br\/#organization"},"image":{"@id":"https:\/\/blogdofarnesio.com.br\/?p=174990#primaryimage"},"thumbnailUrl":"https:\/\/blogdofarnesio.com.br\/wp-content\/uploads\/2016\/12\/blogqsp-moro-rindo.jpg","articleSection":["Justi\u00e7a"],"inLanguage":"pt-BR","potentialAction":[{"@type":"CommentAction","name":"Comment","target":["https:\/\/blogdofarnesio.com.br\/?p=174990#respond"]}]},{"@type":"WebPage","@id":"https:\/\/blogdofarnesio.com.br\/?p=174990","url":"https:\/\/blogdofarnesio.com.br\/?p=174990","name":"ADVOGADO DE CASOS DA LAVA JATO DIZ CABER PRIS\u00c3O PREVENTIVA A MORO - Blog do Farn\u00e9sio","isPartOf":{"@id":"https:\/\/blogdofarnesio.com.br\/#website"},"primaryImageOfPage":{"@id":"https:\/\/blogdofarnesio.com.br\/?p=174990#primaryimage"},"image":{"@id":"https:\/\/blogdofarnesio.com.br\/?p=174990#primaryimage"},"thumbnailUrl":"https:\/\/blogdofarnesio.com.br\/wp-content\/uploads\/2016\/12\/blogqsp-moro-rindo.jpg","datePublished":"2017-08-28T11:33:08+00:00","breadcrumb":{"@id":"https:\/\/blogdofarnesio.com.br\/?p=174990#breadcrumb"},"inLanguage":"pt-BR","potentialAction":[{"@type":"ReadAction","target":["https:\/\/blogdofarnesio.com.br\/?p=174990"]}]},{"@type":"ImageObject","inLanguage":"pt-BR","@id":"https:\/\/blogdofarnesio.com.br\/?p=174990#primaryimage","url":"https:\/\/blogdofarnesio.com.br\/wp-content\/uploads\/2016\/12\/blogqsp-moro-rindo.jpg","contentUrl":"https:\/\/blogdofarnesio.com.br\/wp-content\/uploads\/2016\/12\/blogqsp-moro-rindo.jpg","width":640,"height":426},{"@type":"BreadcrumbList","@id":"https:\/\/blogdofarnesio.com.br\/?p=174990#breadcrumb","itemListElement":[{"@type":"ListItem","position":1,"name":"In\u00edcio","item":"https:\/\/blogdofarnesio.com.br\/"},{"@type":"ListItem","position":2,"name":"ADVOGADO DE CASOS DA LAVA JATO DIZ CABER PRIS\u00c3O PREVENTIVA A MORO"}]},{"@type":"WebSite","@id":"https:\/\/blogdofarnesio.com.br\/#website","url":"https:\/\/blogdofarnesio.com.br\/","name":"Blog do Farn\u00e9sio","description":"Quer Saber Pol\u00edtica?","publisher":{"@id":"https:\/\/blogdofarnesio.com.br\/#organization"},"potentialAction":[{"@type":"SearchAction","target":{"@type":"EntryPoint","urlTemplate":"https:\/\/blogdofarnesio.com.br\/?s={search_term_string}"},"query-input":{"@type":"PropertyValueSpecification","valueRequired":true,"valueName":"search_term_string"}}],"inLanguage":"pt-BR"},{"@type":"Organization","@id":"https:\/\/blogdofarnesio.com.br\/#organization","name":"Blog do Farn\u00e9sio","url":"https:\/\/blogdofarnesio.com.br\/","logo":{"@type":"ImageObject","inLanguage":"pt-BR","@id":"https:\/\/blogdofarnesio.com.br\/#\/schema\/logo\/image\/","url":"https:\/\/blogdofarnesio.com.br\/wp-content\/uploads\/2026\/03\/cropped-logo_new-1.png","contentUrl":"https:\/\/blogdofarnesio.com.br\/wp-content\/uploads\/2026\/03\/cropped-logo_new-1.png","width":881,"height":685,"caption":"Blog do Farn\u00e9sio"},"image":{"@id":"https:\/\/blogdofarnesio.com.br\/#\/schema\/logo\/image\/"},"sameAs":["https:\/\/www.facebook.com\/BlogQuerSaberPolitica\/"]},{"@type":"Person","@id":"https:\/\/blogdofarnesio.com.br\/#\/schema\/person\/301c4acf522bccbfdb45af95b5b906a1","name":"Farn\u00e9sio","image":{"@type":"ImageObject","inLanguage":"pt-BR","@id":"https:\/\/secure.gravatar.com\/avatar\/df0c9a14567c056f8ad6876ba5bbd1e3e2c48023eb6807342fc4663adf549f38?s=96&d=mm&r=g","url":"https:\/\/secure.gravatar.com\/avatar\/df0c9a14567c056f8ad6876ba5bbd1e3e2c48023eb6807342fc4663adf549f38?s=96&d=mm&r=g","contentUrl":"https:\/\/secure.gravatar.com\/avatar\/df0c9a14567c056f8ad6876ba5bbd1e3e2c48023eb6807342fc4663adf549f38?s=96&d=mm&r=g","caption":"Farn\u00e9sio"},"sameAs":["https:\/\/quersaberpolitica.com.br"],"url":"https:\/\/blogdofarnesio.com.br\/?author=1"}]}},"_links":{"self":[{"href":"https:\/\/blogdofarnesio.com.br\/index.php?rest_route=\/wp\/v2\/posts\/174990","targetHints":{"allow":["GET"]}}],"collection":[{"href":"https:\/\/blogdofarnesio.com.br\/index.php?rest_route=\/wp\/v2\/posts"}],"about":[{"href":"https:\/\/blogdofarnesio.com.br\/index.php?rest_route=\/wp\/v2\/types\/post"}],"author":[{"embeddable":true,"href":"https:\/\/blogdofarnesio.com.br\/index.php?rest_route=\/wp\/v2\/users\/1"}],"replies":[{"embeddable":true,"href":"https:\/\/blogdofarnesio.com.br\/index.php?rest_route=%2Fwp%2Fv2%2Fcomments&post=174990"}],"version-history":[{"count":0,"href":"https:\/\/blogdofarnesio.com.br\/index.php?rest_route=\/wp\/v2\/posts\/174990\/revisions"}],"wp:featuredmedia":[{"embeddable":true,"href":"https:\/\/blogdofarnesio.com.br\/index.php?rest_route=\/wp\/v2\/media\/153182"}],"wp:attachment":[{"href":"https:\/\/blogdofarnesio.com.br\/index.php?rest_route=%2Fwp%2Fv2%2Fmedia&parent=174990"}],"wp:term":[{"taxonomy":"category","embeddable":true,"href":"https:\/\/blogdofarnesio.com.br\/index.php?rest_route=%2Fwp%2Fv2%2Fcategories&post=174990"},{"taxonomy":"post_tag","embeddable":true,"href":"https:\/\/blogdofarnesio.com.br\/index.php?rest_route=%2Fwp%2Fv2%2Ftags&post=174990"}],"curies":[{"name":"wp","href":"https:\/\/api.w.org\/{rel}","templated":true}]}}