{"id":174978,"date":"2017-08-27T16:59:28","date_gmt":"2017-08-27T19:59:28","guid":{"rendered":"http:\/\/quersaberpolitica.com.br\/2016\/?p=174978"},"modified":"2017-08-27T17:00:09","modified_gmt":"2017-08-27T20:00:09","slug":"reegeicao-de-caciques-do-psdb-e-superior-a-indice-de-lula-aponta-pesquisa","status":"publish","type":"post","link":"https:\/\/blogdofarnesio.com.br\/2017\/08\/reegeicao-de-caciques-do-psdb-e-superior-a-indice-de-lula-aponta-pesquisa\/","title":{"rendered":"REJEI\u00c7\u00c3O DE CACIQUES DO PSDB \u00c9 SUPERIOR A \u00cdNDICE DE LULA, APONTA PESQUISA"},"content":{"rendered":"<h2><\/h2>\n<div class=\"box-body\">\n<div class=\"text-center\"><\/div>\n<div class=\"text-descricao\">\n<p>Um dos nomes mais cotados para assumir a presid\u00eancia do pa\u00eds em 2018, o ex-presidente Luiz In\u00e1cio Lula da Silva (PT) costuma apresentar tamb\u00e9m altos \u00edndices de rejei\u00e7\u00e3o. Ainda assim, caciques do PSDB como A\u00e9cio Neves (MG), Jos\u00e9 Serra (SP), Fernando Henrique Cardoso (SP) e Geraldo Alckmin (SP) possuem uma imagem ainda mais desgastada que a do petista, segundo apresentado pela pesquisa Ipsos.<\/p>\n<p>O ranking da desaprova\u00e7\u00e3o, divulgado pelo jornal O Estado de S. Paulo, mostra o presidente Michel Temer (PMDB) na lideran\u00e7a, com 93% de rejei\u00e7\u00e3o. O peemedebista \u00e9 seguido por A\u00e9cio com 91%. Ex-ministro das Rela\u00e7\u00f5es Exteriores, Serra \u00e9 o pr\u00f3ximo tucano a surgir na lista com 82% de rejei\u00e7\u00e3o. Na sequ\u00eancia, vem o ex-presidente FHC com 73%. J\u00e1 Lula, de acordo com o levantamento, \u00e9 rejeitado por 66% dos brasileiros.<\/p>\n<p>Novato na pol\u00edtica, o prefeito de S\u00e3o Paulo, Jo\u00e3o Doria, registra 52% de rejei\u00e7\u00e3o. No entanto, Doria \u00e9 considerado como desconhecido o suficiente para ser avaliado por 28% dos eleitores.\u00a0 A lista analisou ainda nomes como o deputado cassado Eduardo Cunha (PMDB-RJ), o senador Renan Calheiros (PMDB-AL), a ex-presidente Dilma Rousseff (PT), o presidente da C\u00e2mara Rodrigo Maia (DEM-RJ), o deputado federal Jair Bolsonaro (PSC-RJ), o apresentador Luciano Huck e outras personalidades relacionadas \u00e0 pol\u00edtica brasileira.<\/p>\n<\/div>\n<\/div>\n","protected":false},"excerpt":{"rendered":"<p>Um dos nomes mais cotados para assumir a presid\u00eancia do pa\u00eds em 2018, o ex-presidente Luiz In\u00e1cio Lula da Silva (PT) costuma apresentar tamb\u00e9m altos \u00edndices de rejei\u00e7\u00e3o. Ainda assim, caciques do PSDB como A\u00e9cio Neves (MG), Jos\u00e9 Serra (SP), Fernando Henrique Cardoso (SP) e Geraldo Alckmin (SP) possuem uma imagem ainda mais desgastada que a do petista, segundo apresentado pela pesquisa Ipsos. O ranking da desaprova\u00e7\u00e3o, divulgado pelo jornal O Estado de S. Paulo, mostra o presidente Michel Temer (PMDB) na lideran\u00e7a, com 93% de rejei\u00e7\u00e3o. O peemedebista \u00e9 seguido por A\u00e9cio com 91%. Ex-ministro das Rela\u00e7\u00f5es Exteriores, Serra \u00e9 o pr\u00f3ximo tucano a surgir na lista com 82% de rejei\u00e7\u00e3o. Na sequ\u00eancia, vem o ex-presidente FHC com 73%.&hellip; <\/p>\n","protected":false},"author":1,"featured_media":151527,"comment_status":"open","ping_status":"open","sticky":false,"template":"","format":"standard","meta":{"_acf_changed":false,"footnotes":""},"categories":[1],"tags":[],"class_list":["post-174978","post","type-post","status-publish","format-standard","has-post-thumbnail","hentry","category-politica"],"acf":[],"yoast_head":"<!-- This site is optimized with the Yoast SEO plugin v27.5 - https:\/\/yoast.com\/product\/yoast-seo-wordpress\/ -->\n<title>REJEI\u00c7\u00c3O DE CACIQUES DO PSDB \u00c9 SUPERIOR A \u00cdNDICE DE LULA, APONTA PESQUISA - Blog do Farn\u00e9sio<\/title>\n<meta name=\"robots\" content=\"index, follow, max-snippet:-1, max-image-preview:large, max-video-preview:-1\" \/>\n<link rel=\"canonical\" href=\"https:\/\/blogdofarnesio.com.br\/2017\/08\/reegeicao-de-caciques-do-psdb-e-superior-a-indice-de-lula-aponta-pesquisa\/\" \/>\n<meta property=\"og:locale\" content=\"pt_BR\" \/>\n<meta property=\"og:type\" content=\"article\" \/>\n<meta property=\"og:title\" content=\"REJEI\u00c7\u00c3O DE CACIQUES DO PSDB \u00c9 SUPERIOR A \u00cdNDICE DE LULA, APONTA PESQUISA - Blog do Farn\u00e9sio\" \/>\n<meta property=\"og:description\" content=\"Um dos nomes mais cotados para assumir a presid\u00eancia do pa\u00eds em 2018, o ex-presidente Luiz In\u00e1cio Lula da Silva (PT) costuma apresentar tamb\u00e9m altos \u00edndices de rejei\u00e7\u00e3o. Ainda assim, caciques do PSDB como A\u00e9cio Neves (MG), Jos\u00e9 Serra (SP), Fernando Henrique Cardoso (SP) e Geraldo Alckmin (SP) possuem uma imagem ainda mais desgastada que a do petista, segundo apresentado pela pesquisa Ipsos. O ranking da desaprova\u00e7\u00e3o, divulgado pelo jornal O Estado de S. Paulo, mostra o presidente Michel Temer (PMDB) na lideran\u00e7a, com 93% de rejei\u00e7\u00e3o. O peemedebista \u00e9 seguido por A\u00e9cio com 91%. Ex-ministro das Rela\u00e7\u00f5es Exteriores, Serra \u00e9 o pr\u00f3ximo tucano a surgir na lista com 82% de rejei\u00e7\u00e3o. Na sequ\u00eancia, vem o ex-presidente FHC com 73%.&hellip;\" \/>\n<meta property=\"og:url\" content=\"https:\/\/blogdofarnesio.com.br\/2017\/08\/reegeicao-de-caciques-do-psdb-e-superior-a-indice-de-lula-aponta-pesquisa\/\" \/>\n<meta property=\"og:site_name\" content=\"Blog do Farn\u00e9sio\" \/>\n<meta property=\"article:publisher\" content=\"https:\/\/www.facebook.com\/BlogQuerSaberPolitica\/\" \/>\n<meta property=\"article:published_time\" content=\"2017-08-27T19:59:28+00:00\" \/>\n<meta property=\"article:modified_time\" content=\"2017-08-27T20:00:09+00:00\" \/>\n<meta property=\"og:image\" content=\"https:\/\/blogdofarnesio.com.br\/wp-content\/uploads\/2016\/11\/blog-qsp-tucanos.png\" \/>\n\t<meta property=\"og:image:width\" content=\"800\" \/>\n\t<meta property=\"og:image:height\" content=\"514\" \/>\n\t<meta property=\"og:image:type\" content=\"image\/png\" \/>\n<meta name=\"author\" content=\"Farn\u00e9sio\" \/>\n<meta name=\"twitter:card\" content=\"summary_large_image\" \/>\n<meta name=\"twitter:label1\" content=\"Escrito por\" \/>\n\t<meta name=\"twitter:data1\" content=\"Farn\u00e9sio\" \/>\n\t<meta name=\"twitter:label2\" content=\"Est. tempo de leitura\" \/>\n\t<meta name=\"twitter:data2\" content=\"1 minuto\" \/>\n<script type=\"application\/ld+json\" class=\"yoast-schema-graph\">{\"@context\":\"https:\\\/\\\/schema.org\",\"@graph\":[{\"@type\":\"Article\",\"@id\":\"https:\\\/\\\/blogdofarnesio.com.br\\\/2017\\\/08\\\/reegeicao-de-caciques-do-psdb-e-superior-a-indice-de-lula-aponta-pesquisa\\\/#article\",\"isPartOf\":{\"@id\":\"https:\\\/\\\/blogdofarnesio.com.br\\\/2017\\\/08\\\/reegeicao-de-caciques-do-psdb-e-superior-a-indice-de-lula-aponta-pesquisa\\\/\"},\"author\":{\"name\":\"Farn\u00e9sio\",\"@id\":\"https:\\\/\\\/blogdofarnesio.com.br\\\/#\\\/schema\\\/person\\\/301c4acf522bccbfdb45af95b5b906a1\"},\"headline\":\"REJEI\u00c7\u00c3O DE CACIQUES DO PSDB \u00c9 SUPERIOR A \u00cdNDICE DE LULA, APONTA PESQUISA\",\"datePublished\":\"2017-08-27T19:59:28+00:00\",\"dateModified\":\"2017-08-27T20:00:09+00:00\",\"mainEntityOfPage\":{\"@id\":\"https:\\\/\\\/blogdofarnesio.com.br\\\/2017\\\/08\\\/reegeicao-de-caciques-do-psdb-e-superior-a-indice-de-lula-aponta-pesquisa\\\/\"},\"wordCount\":229,\"commentCount\":0,\"publisher\":{\"@id\":\"https:\\\/\\\/blogdofarnesio.com.br\\\/#organization\"},\"image\":{\"@id\":\"https:\\\/\\\/blogdofarnesio.com.br\\\/2017\\\/08\\\/reegeicao-de-caciques-do-psdb-e-superior-a-indice-de-lula-aponta-pesquisa\\\/#primaryimage\"},\"thumbnailUrl\":\"https:\\\/\\\/blogdofarnesio.com.br\\\/wp-content\\\/uploads\\\/2016\\\/11\\\/blog-qsp-tucanos.png\",\"articleSection\":[\"Pol\u00edtica\"],\"inLanguage\":\"pt-BR\",\"potentialAction\":[{\"@type\":\"CommentAction\",\"name\":\"Comment\",\"target\":[\"https:\\\/\\\/blogdofarnesio.com.br\\\/2017\\\/08\\\/reegeicao-de-caciques-do-psdb-e-superior-a-indice-de-lula-aponta-pesquisa\\\/#respond\"]}]},{\"@type\":\"WebPage\",\"@id\":\"https:\\\/\\\/blogdofarnesio.com.br\\\/2017\\\/08\\\/reegeicao-de-caciques-do-psdb-e-superior-a-indice-de-lula-aponta-pesquisa\\\/\",\"url\":\"https:\\\/\\\/blogdofarnesio.com.br\\\/2017\\\/08\\\/reegeicao-de-caciques-do-psdb-e-superior-a-indice-de-lula-aponta-pesquisa\\\/\",\"name\":\"REJEI\u00c7\u00c3O DE CACIQUES DO PSDB \u00c9 SUPERIOR A \u00cdNDICE DE LULA, APONTA PESQUISA - Blog do Farn\u00e9sio\",\"isPartOf\":{\"@id\":\"https:\\\/\\\/blogdofarnesio.com.br\\\/#website\"},\"primaryImageOfPage\":{\"@id\":\"https:\\\/\\\/blogdofarnesio.com.br\\\/2017\\\/08\\\/reegeicao-de-caciques-do-psdb-e-superior-a-indice-de-lula-aponta-pesquisa\\\/#primaryimage\"},\"image\":{\"@id\":\"https:\\\/\\\/blogdofarnesio.com.br\\\/2017\\\/08\\\/reegeicao-de-caciques-do-psdb-e-superior-a-indice-de-lula-aponta-pesquisa\\\/#primaryimage\"},\"thumbnailUrl\":\"https:\\\/\\\/blogdofarnesio.com.br\\\/wp-content\\\/uploads\\\/2016\\\/11\\\/blog-qsp-tucanos.png\",\"datePublished\":\"2017-08-27T19:59:28+00:00\",\"dateModified\":\"2017-08-27T20:00:09+00:00\",\"breadcrumb\":{\"@id\":\"https:\\\/\\\/blogdofarnesio.com.br\\\/2017\\\/08\\\/reegeicao-de-caciques-do-psdb-e-superior-a-indice-de-lula-aponta-pesquisa\\\/#breadcrumb\"},\"inLanguage\":\"pt-BR\",\"potentialAction\":[{\"@type\":\"ReadAction\",\"target\":[\"https:\\\/\\\/blogdofarnesio.com.br\\\/2017\\\/08\\\/reegeicao-de-caciques-do-psdb-e-superior-a-indice-de-lula-aponta-pesquisa\\\/\"]}]},{\"@type\":\"ImageObject\",\"inLanguage\":\"pt-BR\",\"@id\":\"https:\\\/\\\/blogdofarnesio.com.br\\\/2017\\\/08\\\/reegeicao-de-caciques-do-psdb-e-superior-a-indice-de-lula-aponta-pesquisa\\\/#primaryimage\",\"url\":\"https:\\\/\\\/blogdofarnesio.com.br\\\/wp-content\\\/uploads\\\/2016\\\/11\\\/blog-qsp-tucanos.png\",\"contentUrl\":\"https:\\\/\\\/blogdofarnesio.com.br\\\/wp-content\\\/uploads\\\/2016\\\/11\\\/blog-qsp-tucanos.png\",\"width\":800,\"height\":514},{\"@type\":\"BreadcrumbList\",\"@id\":\"https:\\\/\\\/blogdofarnesio.com.br\\\/2017\\\/08\\\/reegeicao-de-caciques-do-psdb-e-superior-a-indice-de-lula-aponta-pesquisa\\\/#breadcrumb\",\"itemListElement\":[{\"@type\":\"ListItem\",\"position\":1,\"name\":\"In\u00edcio\",\"item\":\"https:\\\/\\\/blogdofarnesio.com.br\\\/\"},{\"@type\":\"ListItem\",\"position\":2,\"name\":\"REJEI\u00c7\u00c3O DE CACIQUES DO PSDB \u00c9 SUPERIOR A \u00cdNDICE DE LULA, APONTA PESQUISA\"}]},{\"@type\":\"WebSite\",\"@id\":\"https:\\\/\\\/blogdofarnesio.com.br\\\/#website\",\"url\":\"https:\\\/\\\/blogdofarnesio.com.br\\\/\",\"name\":\"Blog do Farn\u00e9sio\",\"description\":\"Quer Saber Pol\u00edtica?\",\"publisher\":{\"@id\":\"https:\\\/\\\/blogdofarnesio.com.br\\\/#organization\"},\"potentialAction\":[{\"@type\":\"SearchAction\",\"target\":{\"@type\":\"EntryPoint\",\"urlTemplate\":\"https:\\\/\\\/blogdofarnesio.com.br\\\/?s={search_term_string}\"},\"query-input\":{\"@type\":\"PropertyValueSpecification\",\"valueRequired\":true,\"valueName\":\"search_term_string\"}}],\"inLanguage\":\"pt-BR\"},{\"@type\":\"Organization\",\"@id\":\"https:\\\/\\\/blogdofarnesio.com.br\\\/#organization\",\"name\":\"Blog do Farn\u00e9sio\",\"url\":\"https:\\\/\\\/blogdofarnesio.com.br\\\/\",\"logo\":{\"@type\":\"ImageObject\",\"inLanguage\":\"pt-BR\",\"@id\":\"https:\\\/\\\/blogdofarnesio.com.br\\\/#\\\/schema\\\/logo\\\/image\\\/\",\"url\":\"https:\\\/\\\/blogdofarnesio.com.br\\\/wp-content\\\/uploads\\\/2026\\\/03\\\/cropped-logo_new-1.png\",\"contentUrl\":\"https:\\\/\\\/blogdofarnesio.com.br\\\/wp-content\\\/uploads\\\/2026\\\/03\\\/cropped-logo_new-1.png\",\"width\":881,\"height\":685,\"caption\":\"Blog do Farn\u00e9sio\"},\"image\":{\"@id\":\"https:\\\/\\\/blogdofarnesio.com.br\\\/#\\\/schema\\\/logo\\\/image\\\/\"},\"sameAs\":[\"https:\\\/\\\/www.facebook.com\\\/BlogQuerSaberPolitica\\\/\"]},{\"@type\":\"Person\",\"@id\":\"https:\\\/\\\/blogdofarnesio.com.br\\\/#\\\/schema\\\/person\\\/301c4acf522bccbfdb45af95b5b906a1\",\"name\":\"Farn\u00e9sio\",\"image\":{\"@type\":\"ImageObject\",\"inLanguage\":\"pt-BR\",\"@id\":\"https:\\\/\\\/secure.gravatar.com\\\/avatar\\\/df0c9a14567c056f8ad6876ba5bbd1e3e2c48023eb6807342fc4663adf549f38?s=96&d=mm&r=g\",\"url\":\"https:\\\/\\\/secure.gravatar.com\\\/avatar\\\/df0c9a14567c056f8ad6876ba5bbd1e3e2c48023eb6807342fc4663adf549f38?s=96&d=mm&r=g\",\"contentUrl\":\"https:\\\/\\\/secure.gravatar.com\\\/avatar\\\/df0c9a14567c056f8ad6876ba5bbd1e3e2c48023eb6807342fc4663adf549f38?s=96&d=mm&r=g\",\"caption\":\"Farn\u00e9sio\"},\"sameAs\":[\"https:\\\/\\\/quersaberpolitica.com.br\"],\"url\":\"https:\\\/\\\/blogdofarnesio.com.br\\\/author\\\/farnesio\\\/\"}]}<\/script>\n<!-- \/ Yoast SEO plugin. -->","yoast_head_json":{"title":"REJEI\u00c7\u00c3O DE CACIQUES DO PSDB \u00c9 SUPERIOR A \u00cdNDICE DE LULA, APONTA PESQUISA - Blog do Farn\u00e9sio","robots":{"index":"index","follow":"follow","max-snippet":"max-snippet:-1","max-image-preview":"max-image-preview:large","max-video-preview":"max-video-preview:-1"},"canonical":"https:\/\/blogdofarnesio.com.br\/2017\/08\/reegeicao-de-caciques-do-psdb-e-superior-a-indice-de-lula-aponta-pesquisa\/","og_locale":"pt_BR","og_type":"article","og_title":"REJEI\u00c7\u00c3O DE CACIQUES DO PSDB \u00c9 SUPERIOR A \u00cdNDICE DE LULA, APONTA PESQUISA - Blog do Farn\u00e9sio","og_description":"Um dos nomes mais cotados para assumir a presid\u00eancia do pa\u00eds em 2018, o ex-presidente Luiz In\u00e1cio Lula da Silva (PT) costuma apresentar tamb\u00e9m altos \u00edndices de rejei\u00e7\u00e3o. Ainda assim, caciques do PSDB como A\u00e9cio Neves (MG), Jos\u00e9 Serra (SP), Fernando Henrique Cardoso (SP) e Geraldo Alckmin (SP) possuem uma imagem ainda mais desgastada que a do petista, segundo apresentado pela pesquisa Ipsos. O ranking da desaprova\u00e7\u00e3o, divulgado pelo jornal O Estado de S. Paulo, mostra o presidente Michel Temer (PMDB) na lideran\u00e7a, com 93% de rejei\u00e7\u00e3o. O peemedebista \u00e9 seguido por A\u00e9cio com 91%. Ex-ministro das Rela\u00e7\u00f5es Exteriores, Serra \u00e9 o pr\u00f3ximo tucano a surgir na lista com 82% de rejei\u00e7\u00e3o. Na sequ\u00eancia, vem o ex-presidente FHC com 73%.&hellip;","og_url":"https:\/\/blogdofarnesio.com.br\/2017\/08\/reegeicao-de-caciques-do-psdb-e-superior-a-indice-de-lula-aponta-pesquisa\/","og_site_name":"Blog do Farn\u00e9sio","article_publisher":"https:\/\/www.facebook.com\/BlogQuerSaberPolitica\/","article_published_time":"2017-08-27T19:59:28+00:00","article_modified_time":"2017-08-27T20:00:09+00:00","og_image":[{"width":800,"height":514,"url":"https:\/\/blogdofarnesio.com.br\/wp-content\/uploads\/2016\/11\/blog-qsp-tucanos.png","type":"image\/png"}],"author":"Farn\u00e9sio","twitter_card":"summary_large_image","twitter_misc":{"Escrito por":"Farn\u00e9sio","Est. tempo de leitura":"1 minuto"},"schema":{"@context":"https:\/\/schema.org","@graph":[{"@type":"Article","@id":"https:\/\/blogdofarnesio.com.br\/2017\/08\/reegeicao-de-caciques-do-psdb-e-superior-a-indice-de-lula-aponta-pesquisa\/#article","isPartOf":{"@id":"https:\/\/blogdofarnesio.com.br\/2017\/08\/reegeicao-de-caciques-do-psdb-e-superior-a-indice-de-lula-aponta-pesquisa\/"},"author":{"name":"Farn\u00e9sio","@id":"https:\/\/blogdofarnesio.com.br\/#\/schema\/person\/301c4acf522bccbfdb45af95b5b906a1"},"headline":"REJEI\u00c7\u00c3O DE CACIQUES DO PSDB \u00c9 SUPERIOR A \u00cdNDICE DE LULA, APONTA PESQUISA","datePublished":"2017-08-27T19:59:28+00:00","dateModified":"2017-08-27T20:00:09+00:00","mainEntityOfPage":{"@id":"https:\/\/blogdofarnesio.com.br\/2017\/08\/reegeicao-de-caciques-do-psdb-e-superior-a-indice-de-lula-aponta-pesquisa\/"},"wordCount":229,"commentCount":0,"publisher":{"@id":"https:\/\/blogdofarnesio.com.br\/#organization"},"image":{"@id":"https:\/\/blogdofarnesio.com.br\/2017\/08\/reegeicao-de-caciques-do-psdb-e-superior-a-indice-de-lula-aponta-pesquisa\/#primaryimage"},"thumbnailUrl":"https:\/\/blogdofarnesio.com.br\/wp-content\/uploads\/2016\/11\/blog-qsp-tucanos.png","articleSection":["Pol\u00edtica"],"inLanguage":"pt-BR","potentialAction":[{"@type":"CommentAction","name":"Comment","target":["https:\/\/blogdofarnesio.com.br\/2017\/08\/reegeicao-de-caciques-do-psdb-e-superior-a-indice-de-lula-aponta-pesquisa\/#respond"]}]},{"@type":"WebPage","@id":"https:\/\/blogdofarnesio.com.br\/2017\/08\/reegeicao-de-caciques-do-psdb-e-superior-a-indice-de-lula-aponta-pesquisa\/","url":"https:\/\/blogdofarnesio.com.br\/2017\/08\/reegeicao-de-caciques-do-psdb-e-superior-a-indice-de-lula-aponta-pesquisa\/","name":"REJEI\u00c7\u00c3O DE CACIQUES DO PSDB \u00c9 SUPERIOR A \u00cdNDICE DE LULA, APONTA PESQUISA - Blog do Farn\u00e9sio","isPartOf":{"@id":"https:\/\/blogdofarnesio.com.br\/#website"},"primaryImageOfPage":{"@id":"https:\/\/blogdofarnesio.com.br\/2017\/08\/reegeicao-de-caciques-do-psdb-e-superior-a-indice-de-lula-aponta-pesquisa\/#primaryimage"},"image":{"@id":"https:\/\/blogdofarnesio.com.br\/2017\/08\/reegeicao-de-caciques-do-psdb-e-superior-a-indice-de-lula-aponta-pesquisa\/#primaryimage"},"thumbnailUrl":"https:\/\/blogdofarnesio.com.br\/wp-content\/uploads\/2016\/11\/blog-qsp-tucanos.png","datePublished":"2017-08-27T19:59:28+00:00","dateModified":"2017-08-27T20:00:09+00:00","breadcrumb":{"@id":"https:\/\/blogdofarnesio.com.br\/2017\/08\/reegeicao-de-caciques-do-psdb-e-superior-a-indice-de-lula-aponta-pesquisa\/#breadcrumb"},"inLanguage":"pt-BR","potentialAction":[{"@type":"ReadAction","target":["https:\/\/blogdofarnesio.com.br\/2017\/08\/reegeicao-de-caciques-do-psdb-e-superior-a-indice-de-lula-aponta-pesquisa\/"]}]},{"@type":"ImageObject","inLanguage":"pt-BR","@id":"https:\/\/blogdofarnesio.com.br\/2017\/08\/reegeicao-de-caciques-do-psdb-e-superior-a-indice-de-lula-aponta-pesquisa\/#primaryimage","url":"https:\/\/blogdofarnesio.com.br\/wp-content\/uploads\/2016\/11\/blog-qsp-tucanos.png","contentUrl":"https:\/\/blogdofarnesio.com.br\/wp-content\/uploads\/2016\/11\/blog-qsp-tucanos.png","width":800,"height":514},{"@type":"BreadcrumbList","@id":"https:\/\/blogdofarnesio.com.br\/2017\/08\/reegeicao-de-caciques-do-psdb-e-superior-a-indice-de-lula-aponta-pesquisa\/#breadcrumb","itemListElement":[{"@type":"ListItem","position":1,"name":"In\u00edcio","item":"https:\/\/blogdofarnesio.com.br\/"},{"@type":"ListItem","position":2,"name":"REJEI\u00c7\u00c3O DE CACIQUES DO PSDB \u00c9 SUPERIOR A \u00cdNDICE DE LULA, APONTA PESQUISA"}]},{"@type":"WebSite","@id":"https:\/\/blogdofarnesio.com.br\/#website","url":"https:\/\/blogdofarnesio.com.br\/","name":"Blog do Farn\u00e9sio","description":"Quer Saber Pol\u00edtica?","publisher":{"@id":"https:\/\/blogdofarnesio.com.br\/#organization"},"potentialAction":[{"@type":"SearchAction","target":{"@type":"EntryPoint","urlTemplate":"https:\/\/blogdofarnesio.com.br\/?s={search_term_string}"},"query-input":{"@type":"PropertyValueSpecification","valueRequired":true,"valueName":"search_term_string"}}],"inLanguage":"pt-BR"},{"@type":"Organization","@id":"https:\/\/blogdofarnesio.com.br\/#organization","name":"Blog do Farn\u00e9sio","url":"https:\/\/blogdofarnesio.com.br\/","logo":{"@type":"ImageObject","inLanguage":"pt-BR","@id":"https:\/\/blogdofarnesio.com.br\/#\/schema\/logo\/image\/","url":"https:\/\/blogdofarnesio.com.br\/wp-content\/uploads\/2026\/03\/cropped-logo_new-1.png","contentUrl":"https:\/\/blogdofarnesio.com.br\/wp-content\/uploads\/2026\/03\/cropped-logo_new-1.png","width":881,"height":685,"caption":"Blog do Farn\u00e9sio"},"image":{"@id":"https:\/\/blogdofarnesio.com.br\/#\/schema\/logo\/image\/"},"sameAs":["https:\/\/www.facebook.com\/BlogQuerSaberPolitica\/"]},{"@type":"Person","@id":"https:\/\/blogdofarnesio.com.br\/#\/schema\/person\/301c4acf522bccbfdb45af95b5b906a1","name":"Farn\u00e9sio","image":{"@type":"ImageObject","inLanguage":"pt-BR","@id":"https:\/\/secure.gravatar.com\/avatar\/df0c9a14567c056f8ad6876ba5bbd1e3e2c48023eb6807342fc4663adf549f38?s=96&d=mm&r=g","url":"https:\/\/secure.gravatar.com\/avatar\/df0c9a14567c056f8ad6876ba5bbd1e3e2c48023eb6807342fc4663adf549f38?s=96&d=mm&r=g","contentUrl":"https:\/\/secure.gravatar.com\/avatar\/df0c9a14567c056f8ad6876ba5bbd1e3e2c48023eb6807342fc4663adf549f38?s=96&d=mm&r=g","caption":"Farn\u00e9sio"},"sameAs":["https:\/\/quersaberpolitica.com.br"],"url":"https:\/\/blogdofarnesio.com.br\/author\/farnesio\/"}]}},"_links":{"self":[{"href":"https:\/\/blogdofarnesio.com.br\/wp-json\/wp\/v2\/posts\/174978","targetHints":{"allow":["GET"]}}],"collection":[{"href":"https:\/\/blogdofarnesio.com.br\/wp-json\/wp\/v2\/posts"}],"about":[{"href":"https:\/\/blogdofarnesio.com.br\/wp-json\/wp\/v2\/types\/post"}],"author":[{"embeddable":true,"href":"https:\/\/blogdofarnesio.com.br\/wp-json\/wp\/v2\/users\/1"}],"replies":[{"embeddable":true,"href":"https:\/\/blogdofarnesio.com.br\/wp-json\/wp\/v2\/comments?post=174978"}],"version-history":[{"count":0,"href":"https:\/\/blogdofarnesio.com.br\/wp-json\/wp\/v2\/posts\/174978\/revisions"}],"wp:featuredmedia":[{"embeddable":true,"href":"https:\/\/blogdofarnesio.com.br\/wp-json\/wp\/v2\/media\/151527"}],"wp:attachment":[{"href":"https:\/\/blogdofarnesio.com.br\/wp-json\/wp\/v2\/media?parent=174978"}],"wp:term":[{"taxonomy":"category","embeddable":true,"href":"https:\/\/blogdofarnesio.com.br\/wp-json\/wp\/v2\/categories?post=174978"},{"taxonomy":"post_tag","embeddable":true,"href":"https:\/\/blogdofarnesio.com.br\/wp-json\/wp\/v2\/tags?post=174978"}],"curies":[{"name":"wp","href":"https:\/\/api.w.org\/{rel}","templated":true}]}}