{"id":174975,"date":"2017-08-28T07:00:47","date_gmt":"2017-08-28T10:00:47","guid":{"rendered":"http:\/\/quersaberpolitica.com.br\/2016\/?p=174975"},"modified":"2017-08-27T18:01:46","modified_gmt":"2017-08-27T21:01:46","slug":"ex-prefeito-julio-lossio-alfineta-ministro-de-minas-e-energia-fernando-filho-veja-o-video","status":"publish","type":"post","link":"https:\/\/blogdofarnesio.com.br\/2017\/08\/ex-prefeito-julio-lossio-alfineta-ministro-de-minas-e-energia-fernando-filho-veja-o-video\/","title":{"rendered":"EX PREFEITO JULIO LOSSIO ALFINETA MINISTRO DE MINAS E ENERGIA FERNANDO FILHO: VEJA O V\u00cdDEO"},"content":{"rendered":"<header class=\"amp-wp-article-header\">\n<h1 class=\"amp-wp-title\">&#8220;Trinta anos? E depois, quem vai cuidar do S\u00e3o Francisco?&#8221;<\/h1>\n<div class=\"amp-wp-meta amp-wp-byline\"><span class=\"amp-wp-author author vcard\">Amanda Miranda<\/span><\/div>\n<\/header>\n<div class=\"amp-wp-article-content\">\n<p class=\"xyz-featured-image\">O ex-prefeito de Petrolina J\u00falio L\u00f3ssio (PMDB) questionou em v\u00eddeo a\u00a0<a href=\"http:\/\/m.blogs.ne10.uol.com.br\/jamildo\/2017\/08\/25\/fernando-filho-diz-que-comprador-da-eletrobras-sera-obrigado-por-lei-preservar-sao-francisco-por-30-anos\/\" target=\"_top\">declara\u00e7\u00e3o do ministro Fernando Filho (Minas e Energia) de que a empresa que comprar a Companhia Hidro El\u00e9trica do S\u00e3o Francisco (Chesf) ter\u00e1 que cuidar do rio por 30 anos<\/a>. \u201cTrinta\u00a0anos 30 anos n\u00e3o \u00e9 nada comparado \u00e0 import\u00e2ncia do rio S\u00e3o Francisco. Teria que ser 300 anos, mil anos. Trinta\u00a0anos? E depois, quem vai cuidar do S\u00e3o Francisco?\u201d, perguntou o peemedebista.<\/p>\n<p><iframe loading=\"lazy\" class=\"i-amphtml-fill-content\" src=\"https:\/\/mais.uol.com.br\/static\/uolplayer\/?mediaId=16299878#amp=1\" name=\"amp_iframe0\" width=\"300\" height=\"150\" frameborder=\"0\" sandbox=\"allow-scripts allow-same-origin\" allowfullscreen=\"allowfullscreen\" data-mce-fragment=\"1\"><\/iframe><\/p>\n<\/div>\n<footer class=\"amp-wp-article-footer\">\n<div class=\"amp-wp-meta amp-wp-tax-category\"><strong>Blogdojamildo<\/strong><\/div>\n<\/footer>\n","protected":false},"excerpt":{"rendered":"<p>&#8220;Trinta anos? E depois, quem vai cuidar do S\u00e3o Francisco?&#8221; Amanda Miranda O ex-prefeito de Petrolina J\u00falio L\u00f3ssio (PMDB) questionou em v\u00eddeo a\u00a0declara\u00e7\u00e3o do ministro Fernando Filho (Minas e Energia) de que a empresa que comprar a Companhia Hidro El\u00e9trica do S\u00e3o Francisco (Chesf) ter\u00e1 que cuidar do rio por 30 anos. \u201cTrinta\u00a0anos 30 anos n\u00e3o \u00e9 nada comparado \u00e0 import\u00e2ncia do rio S\u00e3o Francisco. Teria que ser 300 anos, mil anos. Trinta\u00a0anos? E depois, quem vai cuidar do S\u00e3o Francisco?\u201d, perguntou o peemedebista. Blogdojamildo<\/p>\n","protected":false},"author":1,"featured_media":126376,"comment_status":"open","ping_status":"open","sticky":false,"template":"","format":"standard","meta":{"_acf_changed":false,"footnotes":""},"categories":[1],"tags":[],"class_list":["post-174975","post","type-post","status-publish","format-standard","has-post-thumbnail","hentry","category-politica"],"acf":[],"yoast_head":"<!-- This site is optimized with the Yoast SEO plugin v27.5 - https:\/\/yoast.com\/product\/yoast-seo-wordpress\/ -->\n<title>EX PREFEITO JULIO LOSSIO ALFINETA MINISTRO DE MINAS E ENERGIA FERNANDO FILHO: VEJA O V\u00cdDEO - Blog do Farn\u00e9sio<\/title>\n<meta name=\"robots\" content=\"index, follow, max-snippet:-1, max-image-preview:large, max-video-preview:-1\" \/>\n<link rel=\"canonical\" href=\"https:\/\/blogdofarnesio.com.br\/2017\/08\/ex-prefeito-julio-lossio-alfineta-ministro-de-minas-e-energia-fernando-filho-veja-o-video\/\" \/>\n<meta property=\"og:locale\" content=\"pt_BR\" \/>\n<meta property=\"og:type\" content=\"article\" \/>\n<meta property=\"og:title\" content=\"EX PREFEITO JULIO LOSSIO ALFINETA MINISTRO DE MINAS E ENERGIA FERNANDO FILHO: VEJA O V\u00cdDEO - Blog do Farn\u00e9sio\" \/>\n<meta property=\"og:description\" content=\"&#8220;Trinta anos? E depois, quem vai cuidar do S\u00e3o Francisco?&#8221; Amanda Miranda O ex-prefeito de Petrolina J\u00falio L\u00f3ssio (PMDB) questionou em v\u00eddeo a\u00a0declara\u00e7\u00e3o do ministro Fernando Filho (Minas e Energia) de que a empresa que comprar a Companhia Hidro El\u00e9trica do S\u00e3o Francisco (Chesf) ter\u00e1 que cuidar do rio por 30 anos. \u201cTrinta\u00a0anos 30 anos n\u00e3o \u00e9 nada comparado \u00e0 import\u00e2ncia do rio S\u00e3o Francisco. Teria que ser 300 anos, mil anos. Trinta\u00a0anos? E depois, quem vai cuidar do S\u00e3o Francisco?\u201d, perguntou o peemedebista. Blogdojamildo\" \/>\n<meta property=\"og:url\" content=\"https:\/\/blogdofarnesio.com.br\/2017\/08\/ex-prefeito-julio-lossio-alfineta-ministro-de-minas-e-energia-fernando-filho-veja-o-video\/\" \/>\n<meta property=\"og:site_name\" content=\"Blog do Farn\u00e9sio\" \/>\n<meta property=\"article:publisher\" content=\"https:\/\/www.facebook.com\/BlogQuerSaberPolitica\/\" \/>\n<meta property=\"article:published_time\" content=\"2017-08-28T10:00:47+00:00\" \/>\n<meta property=\"og:image\" content=\"https:\/\/blogdofarnesio.com.br\/wp-content\/uploads\/2015\/07\/blogqspjlass-Foto-Farn\u00e9sio-Silva1.jpg\" \/>\n\t<meta property=\"og:image:width\" content=\"448\" \/>\n\t<meta property=\"og:image:height\" content=\"299\" \/>\n\t<meta property=\"og:image:type\" content=\"image\/jpeg\" \/>\n<meta name=\"author\" content=\"Farn\u00e9sio\" \/>\n<meta name=\"twitter:card\" content=\"summary_large_image\" \/>\n<meta name=\"twitter:label1\" content=\"Escrito por\" \/>\n\t<meta name=\"twitter:data1\" content=\"Farn\u00e9sio\" \/>\n<script type=\"application\/ld+json\" class=\"yoast-schema-graph\">{\"@context\":\"https:\\\/\\\/schema.org\",\"@graph\":[{\"@type\":\"Article\",\"@id\":\"https:\\\/\\\/blogdofarnesio.com.br\\\/2017\\\/08\\\/ex-prefeito-julio-lossio-alfineta-ministro-de-minas-e-energia-fernando-filho-veja-o-video\\\/#article\",\"isPartOf\":{\"@id\":\"https:\\\/\\\/blogdofarnesio.com.br\\\/2017\\\/08\\\/ex-prefeito-julio-lossio-alfineta-ministro-de-minas-e-energia-fernando-filho-veja-o-video\\\/\"},\"author\":{\"name\":\"Farn\u00e9sio\",\"@id\":\"https:\\\/\\\/blogdofarnesio.com.br\\\/#\\\/schema\\\/person\\\/301c4acf522bccbfdb45af95b5b906a1\"},\"headline\":\"EX PREFEITO JULIO LOSSIO ALFINETA MINISTRO DE MINAS E ENERGIA FERNANDO FILHO: VEJA O V\u00cdDEO\",\"datePublished\":\"2017-08-28T10:00:47+00:00\",\"mainEntityOfPage\":{\"@id\":\"https:\\\/\\\/blogdofarnesio.com.br\\\/2017\\\/08\\\/ex-prefeito-julio-lossio-alfineta-ministro-de-minas-e-energia-fernando-filho-veja-o-video\\\/\"},\"wordCount\":110,\"commentCount\":0,\"publisher\":{\"@id\":\"https:\\\/\\\/blogdofarnesio.com.br\\\/#organization\"},\"image\":{\"@id\":\"https:\\\/\\\/blogdofarnesio.com.br\\\/2017\\\/08\\\/ex-prefeito-julio-lossio-alfineta-ministro-de-minas-e-energia-fernando-filho-veja-o-video\\\/#primaryimage\"},\"thumbnailUrl\":\"https:\\\/\\\/blogdofarnesio.com.br\\\/wp-content\\\/uploads\\\/2015\\\/07\\\/blogqspjlass-Foto-Farn\u00e9sio-Silva1.jpg\",\"articleSection\":[\"Pol\u00edtica\"],\"inLanguage\":\"pt-BR\",\"potentialAction\":[{\"@type\":\"CommentAction\",\"name\":\"Comment\",\"target\":[\"https:\\\/\\\/blogdofarnesio.com.br\\\/2017\\\/08\\\/ex-prefeito-julio-lossio-alfineta-ministro-de-minas-e-energia-fernando-filho-veja-o-video\\\/#respond\"]}]},{\"@type\":\"WebPage\",\"@id\":\"https:\\\/\\\/blogdofarnesio.com.br\\\/2017\\\/08\\\/ex-prefeito-julio-lossio-alfineta-ministro-de-minas-e-energia-fernando-filho-veja-o-video\\\/\",\"url\":\"https:\\\/\\\/blogdofarnesio.com.br\\\/2017\\\/08\\\/ex-prefeito-julio-lossio-alfineta-ministro-de-minas-e-energia-fernando-filho-veja-o-video\\\/\",\"name\":\"EX PREFEITO JULIO LOSSIO ALFINETA MINISTRO DE MINAS E ENERGIA FERNANDO FILHO: VEJA O V\u00cdDEO - Blog do Farn\u00e9sio\",\"isPartOf\":{\"@id\":\"https:\\\/\\\/blogdofarnesio.com.br\\\/#website\"},\"primaryImageOfPage\":{\"@id\":\"https:\\\/\\\/blogdofarnesio.com.br\\\/2017\\\/08\\\/ex-prefeito-julio-lossio-alfineta-ministro-de-minas-e-energia-fernando-filho-veja-o-video\\\/#primaryimage\"},\"image\":{\"@id\":\"https:\\\/\\\/blogdofarnesio.com.br\\\/2017\\\/08\\\/ex-prefeito-julio-lossio-alfineta-ministro-de-minas-e-energia-fernando-filho-veja-o-video\\\/#primaryimage\"},\"thumbnailUrl\":\"https:\\\/\\\/blogdofarnesio.com.br\\\/wp-content\\\/uploads\\\/2015\\\/07\\\/blogqspjlass-Foto-Farn\u00e9sio-Silva1.jpg\",\"datePublished\":\"2017-08-28T10:00:47+00:00\",\"breadcrumb\":{\"@id\":\"https:\\\/\\\/blogdofarnesio.com.br\\\/2017\\\/08\\\/ex-prefeito-julio-lossio-alfineta-ministro-de-minas-e-energia-fernando-filho-veja-o-video\\\/#breadcrumb\"},\"inLanguage\":\"pt-BR\",\"potentialAction\":[{\"@type\":\"ReadAction\",\"target\":[\"https:\\\/\\\/blogdofarnesio.com.br\\\/2017\\\/08\\\/ex-prefeito-julio-lossio-alfineta-ministro-de-minas-e-energia-fernando-filho-veja-o-video\\\/\"]}]},{\"@type\":\"ImageObject\",\"inLanguage\":\"pt-BR\",\"@id\":\"https:\\\/\\\/blogdofarnesio.com.br\\\/2017\\\/08\\\/ex-prefeito-julio-lossio-alfineta-ministro-de-minas-e-energia-fernando-filho-veja-o-video\\\/#primaryimage\",\"url\":\"https:\\\/\\\/blogdofarnesio.com.br\\\/wp-content\\\/uploads\\\/2015\\\/07\\\/blogqspjlass-Foto-Farn\u00e9sio-Silva1.jpg\",\"contentUrl\":\"https:\\\/\\\/blogdofarnesio.com.br\\\/wp-content\\\/uploads\\\/2015\\\/07\\\/blogqspjlass-Foto-Farn\u00e9sio-Silva1.jpg\",\"width\":448,\"height\":299,\"caption\":\"Arquivo Foto Farn\u00e9sio Silva\"},{\"@type\":\"BreadcrumbList\",\"@id\":\"https:\\\/\\\/blogdofarnesio.com.br\\\/2017\\\/08\\\/ex-prefeito-julio-lossio-alfineta-ministro-de-minas-e-energia-fernando-filho-veja-o-video\\\/#breadcrumb\",\"itemListElement\":[{\"@type\":\"ListItem\",\"position\":1,\"name\":\"In\u00edcio\",\"item\":\"https:\\\/\\\/blogdofarnesio.com.br\\\/\"},{\"@type\":\"ListItem\",\"position\":2,\"name\":\"EX PREFEITO JULIO LOSSIO ALFINETA MINISTRO DE MINAS E ENERGIA FERNANDO FILHO: VEJA O V\u00cdDEO\"}]},{\"@type\":\"WebSite\",\"@id\":\"https:\\\/\\\/blogdofarnesio.com.br\\\/#website\",\"url\":\"https:\\\/\\\/blogdofarnesio.com.br\\\/\",\"name\":\"Blog do Farn\u00e9sio\",\"description\":\"Quer Saber Pol\u00edtica?\",\"publisher\":{\"@id\":\"https:\\\/\\\/blogdofarnesio.com.br\\\/#organization\"},\"potentialAction\":[{\"@type\":\"SearchAction\",\"target\":{\"@type\":\"EntryPoint\",\"urlTemplate\":\"https:\\\/\\\/blogdofarnesio.com.br\\\/?s={search_term_string}\"},\"query-input\":{\"@type\":\"PropertyValueSpecification\",\"valueRequired\":true,\"valueName\":\"search_term_string\"}}],\"inLanguage\":\"pt-BR\"},{\"@type\":\"Organization\",\"@id\":\"https:\\\/\\\/blogdofarnesio.com.br\\\/#organization\",\"name\":\"Blog do Farn\u00e9sio\",\"url\":\"https:\\\/\\\/blogdofarnesio.com.br\\\/\",\"logo\":{\"@type\":\"ImageObject\",\"inLanguage\":\"pt-BR\",\"@id\":\"https:\\\/\\\/blogdofarnesio.com.br\\\/#\\\/schema\\\/logo\\\/image\\\/\",\"url\":\"https:\\\/\\\/blogdofarnesio.com.br\\\/wp-content\\\/uploads\\\/2026\\\/03\\\/cropped-logo_new-1.png\",\"contentUrl\":\"https:\\\/\\\/blogdofarnesio.com.br\\\/wp-content\\\/uploads\\\/2026\\\/03\\\/cropped-logo_new-1.png\",\"width\":881,\"height\":685,\"caption\":\"Blog do Farn\u00e9sio\"},\"image\":{\"@id\":\"https:\\\/\\\/blogdofarnesio.com.br\\\/#\\\/schema\\\/logo\\\/image\\\/\"},\"sameAs\":[\"https:\\\/\\\/www.facebook.com\\\/BlogQuerSaberPolitica\\\/\"]},{\"@type\":\"Person\",\"@id\":\"https:\\\/\\\/blogdofarnesio.com.br\\\/#\\\/schema\\\/person\\\/301c4acf522bccbfdb45af95b5b906a1\",\"name\":\"Farn\u00e9sio\",\"image\":{\"@type\":\"ImageObject\",\"inLanguage\":\"pt-BR\",\"@id\":\"https:\\\/\\\/secure.gravatar.com\\\/avatar\\\/df0c9a14567c056f8ad6876ba5bbd1e3e2c48023eb6807342fc4663adf549f38?s=96&d=mm&r=g\",\"url\":\"https:\\\/\\\/secure.gravatar.com\\\/avatar\\\/df0c9a14567c056f8ad6876ba5bbd1e3e2c48023eb6807342fc4663adf549f38?s=96&d=mm&r=g\",\"contentUrl\":\"https:\\\/\\\/secure.gravatar.com\\\/avatar\\\/df0c9a14567c056f8ad6876ba5bbd1e3e2c48023eb6807342fc4663adf549f38?s=96&d=mm&r=g\",\"caption\":\"Farn\u00e9sio\"},\"sameAs\":[\"https:\\\/\\\/quersaberpolitica.com.br\"],\"url\":\"https:\\\/\\\/blogdofarnesio.com.br\\\/author\\\/farnesio\\\/\"}]}<\/script>\n<!-- \/ Yoast SEO plugin. -->","yoast_head_json":{"title":"EX PREFEITO JULIO LOSSIO ALFINETA MINISTRO DE MINAS E ENERGIA FERNANDO FILHO: VEJA O V\u00cdDEO - Blog do Farn\u00e9sio","robots":{"index":"index","follow":"follow","max-snippet":"max-snippet:-1","max-image-preview":"max-image-preview:large","max-video-preview":"max-video-preview:-1"},"canonical":"https:\/\/blogdofarnesio.com.br\/2017\/08\/ex-prefeito-julio-lossio-alfineta-ministro-de-minas-e-energia-fernando-filho-veja-o-video\/","og_locale":"pt_BR","og_type":"article","og_title":"EX PREFEITO JULIO LOSSIO ALFINETA MINISTRO DE MINAS E ENERGIA FERNANDO FILHO: VEJA O V\u00cdDEO - Blog do Farn\u00e9sio","og_description":"&#8220;Trinta anos? E depois, quem vai cuidar do S\u00e3o Francisco?&#8221; Amanda Miranda O ex-prefeito de Petrolina J\u00falio L\u00f3ssio (PMDB) questionou em v\u00eddeo a\u00a0declara\u00e7\u00e3o do ministro Fernando Filho (Minas e Energia) de que a empresa que comprar a Companhia Hidro El\u00e9trica do S\u00e3o Francisco (Chesf) ter\u00e1 que cuidar do rio por 30 anos. \u201cTrinta\u00a0anos 30 anos n\u00e3o \u00e9 nada comparado \u00e0 import\u00e2ncia do rio S\u00e3o Francisco. Teria que ser 300 anos, mil anos. Trinta\u00a0anos? E depois, quem vai cuidar do S\u00e3o Francisco?\u201d, perguntou o peemedebista. Blogdojamildo","og_url":"https:\/\/blogdofarnesio.com.br\/2017\/08\/ex-prefeito-julio-lossio-alfineta-ministro-de-minas-e-energia-fernando-filho-veja-o-video\/","og_site_name":"Blog do Farn\u00e9sio","article_publisher":"https:\/\/www.facebook.com\/BlogQuerSaberPolitica\/","article_published_time":"2017-08-28T10:00:47+00:00","og_image":[{"width":448,"height":299,"url":"https:\/\/blogdofarnesio.com.br\/wp-content\/uploads\/2015\/07\/blogqspjlass-Foto-Farn\u00e9sio-Silva1.jpg","type":"image\/jpeg"}],"author":"Farn\u00e9sio","twitter_card":"summary_large_image","twitter_misc":{"Escrito por":"Farn\u00e9sio"},"schema":{"@context":"https:\/\/schema.org","@graph":[{"@type":"Article","@id":"https:\/\/blogdofarnesio.com.br\/2017\/08\/ex-prefeito-julio-lossio-alfineta-ministro-de-minas-e-energia-fernando-filho-veja-o-video\/#article","isPartOf":{"@id":"https:\/\/blogdofarnesio.com.br\/2017\/08\/ex-prefeito-julio-lossio-alfineta-ministro-de-minas-e-energia-fernando-filho-veja-o-video\/"},"author":{"name":"Farn\u00e9sio","@id":"https:\/\/blogdofarnesio.com.br\/#\/schema\/person\/301c4acf522bccbfdb45af95b5b906a1"},"headline":"EX PREFEITO JULIO LOSSIO ALFINETA MINISTRO DE MINAS E ENERGIA FERNANDO FILHO: VEJA O V\u00cdDEO","datePublished":"2017-08-28T10:00:47+00:00","mainEntityOfPage":{"@id":"https:\/\/blogdofarnesio.com.br\/2017\/08\/ex-prefeito-julio-lossio-alfineta-ministro-de-minas-e-energia-fernando-filho-veja-o-video\/"},"wordCount":110,"commentCount":0,"publisher":{"@id":"https:\/\/blogdofarnesio.com.br\/#organization"},"image":{"@id":"https:\/\/blogdofarnesio.com.br\/2017\/08\/ex-prefeito-julio-lossio-alfineta-ministro-de-minas-e-energia-fernando-filho-veja-o-video\/#primaryimage"},"thumbnailUrl":"https:\/\/blogdofarnesio.com.br\/wp-content\/uploads\/2015\/07\/blogqspjlass-Foto-Farn\u00e9sio-Silva1.jpg","articleSection":["Pol\u00edtica"],"inLanguage":"pt-BR","potentialAction":[{"@type":"CommentAction","name":"Comment","target":["https:\/\/blogdofarnesio.com.br\/2017\/08\/ex-prefeito-julio-lossio-alfineta-ministro-de-minas-e-energia-fernando-filho-veja-o-video\/#respond"]}]},{"@type":"WebPage","@id":"https:\/\/blogdofarnesio.com.br\/2017\/08\/ex-prefeito-julio-lossio-alfineta-ministro-de-minas-e-energia-fernando-filho-veja-o-video\/","url":"https:\/\/blogdofarnesio.com.br\/2017\/08\/ex-prefeito-julio-lossio-alfineta-ministro-de-minas-e-energia-fernando-filho-veja-o-video\/","name":"EX PREFEITO JULIO LOSSIO ALFINETA MINISTRO DE MINAS E ENERGIA FERNANDO FILHO: VEJA O V\u00cdDEO - Blog do Farn\u00e9sio","isPartOf":{"@id":"https:\/\/blogdofarnesio.com.br\/#website"},"primaryImageOfPage":{"@id":"https:\/\/blogdofarnesio.com.br\/2017\/08\/ex-prefeito-julio-lossio-alfineta-ministro-de-minas-e-energia-fernando-filho-veja-o-video\/#primaryimage"},"image":{"@id":"https:\/\/blogdofarnesio.com.br\/2017\/08\/ex-prefeito-julio-lossio-alfineta-ministro-de-minas-e-energia-fernando-filho-veja-o-video\/#primaryimage"},"thumbnailUrl":"https:\/\/blogdofarnesio.com.br\/wp-content\/uploads\/2015\/07\/blogqspjlass-Foto-Farn\u00e9sio-Silva1.jpg","datePublished":"2017-08-28T10:00:47+00:00","breadcrumb":{"@id":"https:\/\/blogdofarnesio.com.br\/2017\/08\/ex-prefeito-julio-lossio-alfineta-ministro-de-minas-e-energia-fernando-filho-veja-o-video\/#breadcrumb"},"inLanguage":"pt-BR","potentialAction":[{"@type":"ReadAction","target":["https:\/\/blogdofarnesio.com.br\/2017\/08\/ex-prefeito-julio-lossio-alfineta-ministro-de-minas-e-energia-fernando-filho-veja-o-video\/"]}]},{"@type":"ImageObject","inLanguage":"pt-BR","@id":"https:\/\/blogdofarnesio.com.br\/2017\/08\/ex-prefeito-julio-lossio-alfineta-ministro-de-minas-e-energia-fernando-filho-veja-o-video\/#primaryimage","url":"https:\/\/blogdofarnesio.com.br\/wp-content\/uploads\/2015\/07\/blogqspjlass-Foto-Farn\u00e9sio-Silva1.jpg","contentUrl":"https:\/\/blogdofarnesio.com.br\/wp-content\/uploads\/2015\/07\/blogqspjlass-Foto-Farn\u00e9sio-Silva1.jpg","width":448,"height":299,"caption":"Arquivo Foto Farn\u00e9sio Silva"},{"@type":"BreadcrumbList","@id":"https:\/\/blogdofarnesio.com.br\/2017\/08\/ex-prefeito-julio-lossio-alfineta-ministro-de-minas-e-energia-fernando-filho-veja-o-video\/#breadcrumb","itemListElement":[{"@type":"ListItem","position":1,"name":"In\u00edcio","item":"https:\/\/blogdofarnesio.com.br\/"},{"@type":"ListItem","position":2,"name":"EX PREFEITO JULIO LOSSIO ALFINETA MINISTRO DE MINAS E ENERGIA FERNANDO FILHO: VEJA O V\u00cdDEO"}]},{"@type":"WebSite","@id":"https:\/\/blogdofarnesio.com.br\/#website","url":"https:\/\/blogdofarnesio.com.br\/","name":"Blog do Farn\u00e9sio","description":"Quer Saber Pol\u00edtica?","publisher":{"@id":"https:\/\/blogdofarnesio.com.br\/#organization"},"potentialAction":[{"@type":"SearchAction","target":{"@type":"EntryPoint","urlTemplate":"https:\/\/blogdofarnesio.com.br\/?s={search_term_string}"},"query-input":{"@type":"PropertyValueSpecification","valueRequired":true,"valueName":"search_term_string"}}],"inLanguage":"pt-BR"},{"@type":"Organization","@id":"https:\/\/blogdofarnesio.com.br\/#organization","name":"Blog do Farn\u00e9sio","url":"https:\/\/blogdofarnesio.com.br\/","logo":{"@type":"ImageObject","inLanguage":"pt-BR","@id":"https:\/\/blogdofarnesio.com.br\/#\/schema\/logo\/image\/","url":"https:\/\/blogdofarnesio.com.br\/wp-content\/uploads\/2026\/03\/cropped-logo_new-1.png","contentUrl":"https:\/\/blogdofarnesio.com.br\/wp-content\/uploads\/2026\/03\/cropped-logo_new-1.png","width":881,"height":685,"caption":"Blog do Farn\u00e9sio"},"image":{"@id":"https:\/\/blogdofarnesio.com.br\/#\/schema\/logo\/image\/"},"sameAs":["https:\/\/www.facebook.com\/BlogQuerSaberPolitica\/"]},{"@type":"Person","@id":"https:\/\/blogdofarnesio.com.br\/#\/schema\/person\/301c4acf522bccbfdb45af95b5b906a1","name":"Farn\u00e9sio","image":{"@type":"ImageObject","inLanguage":"pt-BR","@id":"https:\/\/secure.gravatar.com\/avatar\/df0c9a14567c056f8ad6876ba5bbd1e3e2c48023eb6807342fc4663adf549f38?s=96&d=mm&r=g","url":"https:\/\/secure.gravatar.com\/avatar\/df0c9a14567c056f8ad6876ba5bbd1e3e2c48023eb6807342fc4663adf549f38?s=96&d=mm&r=g","contentUrl":"https:\/\/secure.gravatar.com\/avatar\/df0c9a14567c056f8ad6876ba5bbd1e3e2c48023eb6807342fc4663adf549f38?s=96&d=mm&r=g","caption":"Farn\u00e9sio"},"sameAs":["https:\/\/quersaberpolitica.com.br"],"url":"https:\/\/blogdofarnesio.com.br\/author\/farnesio\/"}]}},"_links":{"self":[{"href":"https:\/\/blogdofarnesio.com.br\/wp-json\/wp\/v2\/posts\/174975","targetHints":{"allow":["GET"]}}],"collection":[{"href":"https:\/\/blogdofarnesio.com.br\/wp-json\/wp\/v2\/posts"}],"about":[{"href":"https:\/\/blogdofarnesio.com.br\/wp-json\/wp\/v2\/types\/post"}],"author":[{"embeddable":true,"href":"https:\/\/blogdofarnesio.com.br\/wp-json\/wp\/v2\/users\/1"}],"replies":[{"embeddable":true,"href":"https:\/\/blogdofarnesio.com.br\/wp-json\/wp\/v2\/comments?post=174975"}],"version-history":[{"count":0,"href":"https:\/\/blogdofarnesio.com.br\/wp-json\/wp\/v2\/posts\/174975\/revisions"}],"wp:featuredmedia":[{"embeddable":true,"href":"https:\/\/blogdofarnesio.com.br\/wp-json\/wp\/v2\/media\/126376"}],"wp:attachment":[{"href":"https:\/\/blogdofarnesio.com.br\/wp-json\/wp\/v2\/media?parent=174975"}],"wp:term":[{"taxonomy":"category","embeddable":true,"href":"https:\/\/blogdofarnesio.com.br\/wp-json\/wp\/v2\/categories?post=174975"},{"taxonomy":"post_tag","embeddable":true,"href":"https:\/\/blogdofarnesio.com.br\/wp-json\/wp\/v2\/tags?post=174975"}],"curies":[{"name":"wp","href":"https:\/\/api.w.org\/{rel}","templated":true}]}}