{"id":174969,"date":"2017-08-28T07:42:33","date_gmt":"2017-08-28T10:42:33","guid":{"rendered":"http:\/\/quersaberpolitica.com.br\/2016\/?p=174969"},"modified":"2017-08-27T18:25:54","modified_gmt":"2017-08-27T21:25:54","slug":"gestores-de-40-municipios-estiveram-em-petrolina-discutindo-politicas-de-assistencia-social","status":"publish","type":"post","link":"https:\/\/blogdofarnesio.com.br\/?p=174969","title":{"rendered":"GESTORES DE 40 MUNIC\u00cdPIOS ESTIVERAM EM PETROLINA DISCUTINDO POL\u00cdTICAS DE ASSIST\u00caNCIA SOCIAL"},"content":{"rendered":"<p style=\"text-align: justify;\">Acumulando conquistas na \u00e1rea social, Petrolina recebeu na sexta-feira (25), representantes de 40 munic\u00edpios pernambucanos que vieram \u00e0 cidade para discutir pol\u00edticas p\u00fablicas e conhecer equipamentos que tem feito a diferen\u00e7a na vida de milhares de petrolinenses.<\/p>\n<p style=\"text-align: justify;\">As discuss\u00f5es aconteceram durante o encontro do Colegiado de Gestores Municipais de Assist\u00eancia Social (Coegemas) ocorrido no audit\u00f3rio do hotel Grande Rio com o objetivo de promover a intera\u00e7\u00e3o entre as cidades.<\/p>\n<p style=\"text-align: justify;\">Durante a abertura do evento, que contou com apresenta\u00e7\u00e3o de alunos da Apae, a primeira dama Lara Secchi Coelho, deu as boas vindas aos participantes e lembrou que o munic\u00edpio tem sido destaque na \u00e1rea social. \u201c\u00c9 uma grande honra estar aqui representando nosso prefeito Miguel Coelho que n\u00e3o pode estar aqui. Receber representantes de 40 munic\u00edpios em Petrolina \u00e9 um sinal de reconhecimento de que nossa cidade vem se destacado nesta \u00e1rea\u201d, disse.<\/p>\n<p style=\"text-align: justify;\">Na oportunidade, os profissionais participaram de palestras e oficinas com as seguintes tem\u00e1ticas: os desafios da gest\u00e3o municipal do Suas e Vigil\u00e2ncia socioassistencial na esfera municipal. Mas, nem s\u00f3 de teorias foi feito o encontro, depois de uma manh\u00e3 de muitas discuss\u00f5es, os representantes municipais foram conhecer de perto alguns equipamentos sociais da cidade que vem apresentando resultados positivos.<\/p>\n<p style=\"text-align: justify;\">Refer\u00eancia &#8211; segundo a secret\u00e1ria de desenvolvimento social e direitos humanos, K\u00e1tia Carvalho, na lista dos casos de sucesso petrolinense est\u00e3o o Centro Pop que oferece assist\u00eancia aos moradores de rua, o Centro de Aten\u00e7\u00e3o \u00e0 Pessoa Idosa, Casa Bolsa e ainda o Restaurante Popular que foi reinaugurado em abril ap\u00f3s uma ampla reforma.<\/p>\n<p style=\"text-align: justify;\">Em menos de quatro meses de funcionamento, o equipamento mais que dobrou o n\u00famero de atendimentos di\u00e1rios e ainda vem registrando uma economia que deve chegar a mais de 50% ao ano.<\/p>\n<p style=\"text-align: justify;\">O encontro foi promovido pelo Colegiado de Gestores Municipais de Assist\u00eancia Social (Coegemas) e contou com a participa\u00e7\u00e3o de sua presiente, Pen\u00e9lope Andrade, al\u00e9m da Secretaria Executiva de Assist\u00eancia Social de Pernambuco, Socorro Ara\u00fajo.<\/p>\n<p style=\"text-align: justify;\">Magn\u00f3lia Costa: Assessora de Comunica\u00e7\u00e3o<\/p>\n","protected":false},"excerpt":{"rendered":"<p>Acumulando conquistas na \u00e1rea social, Petrolina recebeu na sexta-feira (25), representantes de 40 munic\u00edpios pernambucanos que vieram \u00e0 cidade para discutir pol\u00edticas p\u00fablicas e conhecer equipamentos que tem feito a diferen\u00e7a na vida de milhares de petrolinenses. As discuss\u00f5es aconteceram durante o encontro do Colegiado de Gestores Municipais de Assist\u00eancia Social (Coegemas) ocorrido no audit\u00f3rio do hotel Grande Rio com o objetivo de promover a intera\u00e7\u00e3o entre as cidades. Durante a abertura do evento, que contou com apresenta\u00e7\u00e3o de alunos da Apae, a primeira dama Lara Secchi Coelho, deu as boas vindas aos participantes e lembrou que o munic\u00edpio tem sido destaque na \u00e1rea social. \u201c\u00c9 uma grande honra estar aqui representando nosso prefeito Miguel Coelho que n\u00e3o pode estar&hellip; <\/p>\n","protected":false},"author":1,"featured_media":174970,"comment_status":"open","ping_status":"open","sticky":false,"template":"","format":"standard","meta":{"_acf_changed":false,"footnotes":""},"categories":[22,19],"tags":[],"class_list":["post-174969","post","type-post","status-publish","format-standard","has-post-thumbnail","hentry","category-acao-social","category-servidores"],"acf":[],"yoast_head":"<!-- This site is optimized with the Yoast SEO plugin v27.4 - https:\/\/yoast.com\/product\/yoast-seo-wordpress\/ -->\n<title>GESTORES DE 40 MUNIC\u00cdPIOS ESTIVERAM EM PETROLINA DISCUTINDO POL\u00cdTICAS DE ASSIST\u00caNCIA SOCIAL - Blog do Farn\u00e9sio<\/title>\n<meta name=\"robots\" content=\"index, follow, max-snippet:-1, max-image-preview:large, max-video-preview:-1\" \/>\n<link rel=\"canonical\" href=\"https:\/\/blogdofarnesio.com.br\/?p=174969\" \/>\n<meta property=\"og:locale\" content=\"pt_BR\" \/>\n<meta property=\"og:type\" content=\"article\" \/>\n<meta property=\"og:title\" content=\"GESTORES DE 40 MUNIC\u00cdPIOS ESTIVERAM EM PETROLINA DISCUTINDO POL\u00cdTICAS DE ASSIST\u00caNCIA SOCIAL - Blog do Farn\u00e9sio\" \/>\n<meta property=\"og:description\" content=\"Acumulando conquistas na \u00e1rea social, Petrolina recebeu na sexta-feira (25), representantes de 40 munic\u00edpios pernambucanos que vieram \u00e0 cidade para discutir pol\u00edticas p\u00fablicas e conhecer equipamentos que tem feito a diferen\u00e7a na vida de milhares de petrolinenses. As discuss\u00f5es aconteceram durante o encontro do Colegiado de Gestores Municipais de Assist\u00eancia Social (Coegemas) ocorrido no audit\u00f3rio do hotel Grande Rio com o objetivo de promover a intera\u00e7\u00e3o entre as cidades. Durante a abertura do evento, que contou com apresenta\u00e7\u00e3o de alunos da Apae, a primeira dama Lara Secchi Coelho, deu as boas vindas aos participantes e lembrou que o munic\u00edpio tem sido destaque na \u00e1rea social. \u201c\u00c9 uma grande honra estar aqui representando nosso prefeito Miguel Coelho que n\u00e3o pode estar&hellip;\" \/>\n<meta property=\"og:url\" content=\"https:\/\/blogdofarnesio.com.br\/?p=174969\" \/>\n<meta property=\"og:site_name\" content=\"Blog do Farn\u00e9sio\" \/>\n<meta property=\"article:publisher\" content=\"https:\/\/www.facebook.com\/BlogQuerSaberPolitica\/\" \/>\n<meta property=\"article:published_time\" content=\"2017-08-28T10:42:33+00:00\" \/>\n<meta property=\"og:image\" content=\"https:\/\/blogdofarnesio.com.br\/wp-content\/uploads\/2017\/08\/blogqsp-Coegemas-1.png\" \/>\n\t<meta property=\"og:image:width\" content=\"640\" \/>\n\t<meta property=\"og:image:height\" content=\"427\" \/>\n\t<meta property=\"og:image:type\" content=\"image\/png\" \/>\n<meta name=\"author\" content=\"Farn\u00e9sio\" \/>\n<meta name=\"twitter:card\" content=\"summary_large_image\" \/>\n<meta name=\"twitter:label1\" content=\"Escrito por\" \/>\n\t<meta name=\"twitter:data1\" content=\"Farn\u00e9sio\" \/>\n\t<meta name=\"twitter:label2\" content=\"Est. tempo de leitura\" \/>\n\t<meta name=\"twitter:data2\" content=\"2 minutos\" \/>\n<script type=\"application\/ld+json\" class=\"yoast-schema-graph\">{\"@context\":\"https:\\\/\\\/schema.org\",\"@graph\":[{\"@type\":\"Article\",\"@id\":\"https:\\\/\\\/blogdofarnesio.com.br\\\/?p=174969#article\",\"isPartOf\":{\"@id\":\"https:\\\/\\\/blogdofarnesio.com.br\\\/?p=174969\"},\"author\":{\"name\":\"Farn\u00e9sio\",\"@id\":\"https:\\\/\\\/blogdofarnesio.com.br\\\/#\\\/schema\\\/person\\\/301c4acf522bccbfdb45af95b5b906a1\"},\"headline\":\"GESTORES DE 40 MUNIC\u00cdPIOS ESTIVERAM EM PETROLINA DISCUTINDO POL\u00cdTICAS DE ASSIST\u00caNCIA SOCIAL\",\"datePublished\":\"2017-08-28T10:42:33+00:00\",\"mainEntityOfPage\":{\"@id\":\"https:\\\/\\\/blogdofarnesio.com.br\\\/?p=174969\"},\"wordCount\":366,\"commentCount\":0,\"publisher\":{\"@id\":\"https:\\\/\\\/blogdofarnesio.com.br\\\/#organization\"},\"image\":{\"@id\":\"https:\\\/\\\/blogdofarnesio.com.br\\\/?p=174969#primaryimage\"},\"thumbnailUrl\":\"https:\\\/\\\/blogdofarnesio.com.br\\\/wp-content\\\/uploads\\\/2017\\\/08\\\/blogqsp-Coegemas-1.png\",\"articleSection\":[\"A\u00e7\u00e3o Social\",\"Servidores\"],\"inLanguage\":\"pt-BR\",\"potentialAction\":[{\"@type\":\"CommentAction\",\"name\":\"Comment\",\"target\":[\"https:\\\/\\\/blogdofarnesio.com.br\\\/?p=174969#respond\"]}]},{\"@type\":\"WebPage\",\"@id\":\"https:\\\/\\\/blogdofarnesio.com.br\\\/?p=174969\",\"url\":\"https:\\\/\\\/blogdofarnesio.com.br\\\/?p=174969\",\"name\":\"GESTORES DE 40 MUNIC\u00cdPIOS ESTIVERAM EM PETROLINA DISCUTINDO POL\u00cdTICAS DE ASSIST\u00caNCIA SOCIAL - Blog do Farn\u00e9sio\",\"isPartOf\":{\"@id\":\"https:\\\/\\\/blogdofarnesio.com.br\\\/#website\"},\"primaryImageOfPage\":{\"@id\":\"https:\\\/\\\/blogdofarnesio.com.br\\\/?p=174969#primaryimage\"},\"image\":{\"@id\":\"https:\\\/\\\/blogdofarnesio.com.br\\\/?p=174969#primaryimage\"},\"thumbnailUrl\":\"https:\\\/\\\/blogdofarnesio.com.br\\\/wp-content\\\/uploads\\\/2017\\\/08\\\/blogqsp-Coegemas-1.png\",\"datePublished\":\"2017-08-28T10:42:33+00:00\",\"breadcrumb\":{\"@id\":\"https:\\\/\\\/blogdofarnesio.com.br\\\/?p=174969#breadcrumb\"},\"inLanguage\":\"pt-BR\",\"potentialAction\":[{\"@type\":\"ReadAction\",\"target\":[\"https:\\\/\\\/blogdofarnesio.com.br\\\/?p=174969\"]}]},{\"@type\":\"ImageObject\",\"inLanguage\":\"pt-BR\",\"@id\":\"https:\\\/\\\/blogdofarnesio.com.br\\\/?p=174969#primaryimage\",\"url\":\"https:\\\/\\\/blogdofarnesio.com.br\\\/wp-content\\\/uploads\\\/2017\\\/08\\\/blogqsp-Coegemas-1.png\",\"contentUrl\":\"https:\\\/\\\/blogdofarnesio.com.br\\\/wp-content\\\/uploads\\\/2017\\\/08\\\/blogqsp-Coegemas-1.png\",\"width\":640,\"height\":427},{\"@type\":\"BreadcrumbList\",\"@id\":\"https:\\\/\\\/blogdofarnesio.com.br\\\/?p=174969#breadcrumb\",\"itemListElement\":[{\"@type\":\"ListItem\",\"position\":1,\"name\":\"In\u00edcio\",\"item\":\"https:\\\/\\\/blogdofarnesio.com.br\\\/\"},{\"@type\":\"ListItem\",\"position\":2,\"name\":\"GESTORES DE 40 MUNIC\u00cdPIOS ESTIVERAM EM PETROLINA DISCUTINDO POL\u00cdTICAS DE ASSIST\u00caNCIA SOCIAL\"}]},{\"@type\":\"WebSite\",\"@id\":\"https:\\\/\\\/blogdofarnesio.com.br\\\/#website\",\"url\":\"https:\\\/\\\/blogdofarnesio.com.br\\\/\",\"name\":\"Blog do Farn\u00e9sio\",\"description\":\"Quer Saber Pol\u00edtica?\",\"publisher\":{\"@id\":\"https:\\\/\\\/blogdofarnesio.com.br\\\/#organization\"},\"potentialAction\":[{\"@type\":\"SearchAction\",\"target\":{\"@type\":\"EntryPoint\",\"urlTemplate\":\"https:\\\/\\\/blogdofarnesio.com.br\\\/?s={search_term_string}\"},\"query-input\":{\"@type\":\"PropertyValueSpecification\",\"valueRequired\":true,\"valueName\":\"search_term_string\"}}],\"inLanguage\":\"pt-BR\"},{\"@type\":\"Organization\",\"@id\":\"https:\\\/\\\/blogdofarnesio.com.br\\\/#organization\",\"name\":\"Blog do Farn\u00e9sio\",\"url\":\"https:\\\/\\\/blogdofarnesio.com.br\\\/\",\"logo\":{\"@type\":\"ImageObject\",\"inLanguage\":\"pt-BR\",\"@id\":\"https:\\\/\\\/blogdofarnesio.com.br\\\/#\\\/schema\\\/logo\\\/image\\\/\",\"url\":\"https:\\\/\\\/blogdofarnesio.com.br\\\/wp-content\\\/uploads\\\/2026\\\/03\\\/cropped-logo_new-1.png\",\"contentUrl\":\"https:\\\/\\\/blogdofarnesio.com.br\\\/wp-content\\\/uploads\\\/2026\\\/03\\\/cropped-logo_new-1.png\",\"width\":881,\"height\":685,\"caption\":\"Blog do Farn\u00e9sio\"},\"image\":{\"@id\":\"https:\\\/\\\/blogdofarnesio.com.br\\\/#\\\/schema\\\/logo\\\/image\\\/\"},\"sameAs\":[\"https:\\\/\\\/www.facebook.com\\\/BlogQuerSaberPolitica\\\/\"]},{\"@type\":\"Person\",\"@id\":\"https:\\\/\\\/blogdofarnesio.com.br\\\/#\\\/schema\\\/person\\\/301c4acf522bccbfdb45af95b5b906a1\",\"name\":\"Farn\u00e9sio\",\"image\":{\"@type\":\"ImageObject\",\"inLanguage\":\"pt-BR\",\"@id\":\"https:\\\/\\\/secure.gravatar.com\\\/avatar\\\/df0c9a14567c056f8ad6876ba5bbd1e3e2c48023eb6807342fc4663adf549f38?s=96&d=mm&r=g\",\"url\":\"https:\\\/\\\/secure.gravatar.com\\\/avatar\\\/df0c9a14567c056f8ad6876ba5bbd1e3e2c48023eb6807342fc4663adf549f38?s=96&d=mm&r=g\",\"contentUrl\":\"https:\\\/\\\/secure.gravatar.com\\\/avatar\\\/df0c9a14567c056f8ad6876ba5bbd1e3e2c48023eb6807342fc4663adf549f38?s=96&d=mm&r=g\",\"caption\":\"Farn\u00e9sio\"},\"sameAs\":[\"https:\\\/\\\/quersaberpolitica.com.br\"],\"url\":\"https:\\\/\\\/blogdofarnesio.com.br\\\/?author=1\"}]}<\/script>\n<!-- \/ Yoast SEO plugin. -->","yoast_head_json":{"title":"GESTORES DE 40 MUNIC\u00cdPIOS ESTIVERAM EM PETROLINA DISCUTINDO POL\u00cdTICAS DE ASSIST\u00caNCIA SOCIAL - Blog do Farn\u00e9sio","robots":{"index":"index","follow":"follow","max-snippet":"max-snippet:-1","max-image-preview":"max-image-preview:large","max-video-preview":"max-video-preview:-1"},"canonical":"https:\/\/blogdofarnesio.com.br\/?p=174969","og_locale":"pt_BR","og_type":"article","og_title":"GESTORES DE 40 MUNIC\u00cdPIOS ESTIVERAM EM PETROLINA DISCUTINDO POL\u00cdTICAS DE ASSIST\u00caNCIA SOCIAL - Blog do Farn\u00e9sio","og_description":"Acumulando conquistas na \u00e1rea social, Petrolina recebeu na sexta-feira (25), representantes de 40 munic\u00edpios pernambucanos que vieram \u00e0 cidade para discutir pol\u00edticas p\u00fablicas e conhecer equipamentos que tem feito a diferen\u00e7a na vida de milhares de petrolinenses. As discuss\u00f5es aconteceram durante o encontro do Colegiado de Gestores Municipais de Assist\u00eancia Social (Coegemas) ocorrido no audit\u00f3rio do hotel Grande Rio com o objetivo de promover a intera\u00e7\u00e3o entre as cidades. Durante a abertura do evento, que contou com apresenta\u00e7\u00e3o de alunos da Apae, a primeira dama Lara Secchi Coelho, deu as boas vindas aos participantes e lembrou que o munic\u00edpio tem sido destaque na \u00e1rea social. \u201c\u00c9 uma grande honra estar aqui representando nosso prefeito Miguel Coelho que n\u00e3o pode estar&hellip;","og_url":"https:\/\/blogdofarnesio.com.br\/?p=174969","og_site_name":"Blog do Farn\u00e9sio","article_publisher":"https:\/\/www.facebook.com\/BlogQuerSaberPolitica\/","article_published_time":"2017-08-28T10:42:33+00:00","og_image":[{"width":640,"height":427,"url":"https:\/\/blogdofarnesio.com.br\/wp-content\/uploads\/2017\/08\/blogqsp-Coegemas-1.png","type":"image\/png"}],"author":"Farn\u00e9sio","twitter_card":"summary_large_image","twitter_misc":{"Escrito por":"Farn\u00e9sio","Est. tempo de leitura":"2 minutos"},"schema":{"@context":"https:\/\/schema.org","@graph":[{"@type":"Article","@id":"https:\/\/blogdofarnesio.com.br\/?p=174969#article","isPartOf":{"@id":"https:\/\/blogdofarnesio.com.br\/?p=174969"},"author":{"name":"Farn\u00e9sio","@id":"https:\/\/blogdofarnesio.com.br\/#\/schema\/person\/301c4acf522bccbfdb45af95b5b906a1"},"headline":"GESTORES DE 40 MUNIC\u00cdPIOS ESTIVERAM EM PETROLINA DISCUTINDO POL\u00cdTICAS DE ASSIST\u00caNCIA SOCIAL","datePublished":"2017-08-28T10:42:33+00:00","mainEntityOfPage":{"@id":"https:\/\/blogdofarnesio.com.br\/?p=174969"},"wordCount":366,"commentCount":0,"publisher":{"@id":"https:\/\/blogdofarnesio.com.br\/#organization"},"image":{"@id":"https:\/\/blogdofarnesio.com.br\/?p=174969#primaryimage"},"thumbnailUrl":"https:\/\/blogdofarnesio.com.br\/wp-content\/uploads\/2017\/08\/blogqsp-Coegemas-1.png","articleSection":["A\u00e7\u00e3o Social","Servidores"],"inLanguage":"pt-BR","potentialAction":[{"@type":"CommentAction","name":"Comment","target":["https:\/\/blogdofarnesio.com.br\/?p=174969#respond"]}]},{"@type":"WebPage","@id":"https:\/\/blogdofarnesio.com.br\/?p=174969","url":"https:\/\/blogdofarnesio.com.br\/?p=174969","name":"GESTORES DE 40 MUNIC\u00cdPIOS ESTIVERAM EM PETROLINA DISCUTINDO POL\u00cdTICAS DE ASSIST\u00caNCIA SOCIAL - Blog do Farn\u00e9sio","isPartOf":{"@id":"https:\/\/blogdofarnesio.com.br\/#website"},"primaryImageOfPage":{"@id":"https:\/\/blogdofarnesio.com.br\/?p=174969#primaryimage"},"image":{"@id":"https:\/\/blogdofarnesio.com.br\/?p=174969#primaryimage"},"thumbnailUrl":"https:\/\/blogdofarnesio.com.br\/wp-content\/uploads\/2017\/08\/blogqsp-Coegemas-1.png","datePublished":"2017-08-28T10:42:33+00:00","breadcrumb":{"@id":"https:\/\/blogdofarnesio.com.br\/?p=174969#breadcrumb"},"inLanguage":"pt-BR","potentialAction":[{"@type":"ReadAction","target":["https:\/\/blogdofarnesio.com.br\/?p=174969"]}]},{"@type":"ImageObject","inLanguage":"pt-BR","@id":"https:\/\/blogdofarnesio.com.br\/?p=174969#primaryimage","url":"https:\/\/blogdofarnesio.com.br\/wp-content\/uploads\/2017\/08\/blogqsp-Coegemas-1.png","contentUrl":"https:\/\/blogdofarnesio.com.br\/wp-content\/uploads\/2017\/08\/blogqsp-Coegemas-1.png","width":640,"height":427},{"@type":"BreadcrumbList","@id":"https:\/\/blogdofarnesio.com.br\/?p=174969#breadcrumb","itemListElement":[{"@type":"ListItem","position":1,"name":"In\u00edcio","item":"https:\/\/blogdofarnesio.com.br\/"},{"@type":"ListItem","position":2,"name":"GESTORES DE 40 MUNIC\u00cdPIOS ESTIVERAM EM PETROLINA DISCUTINDO POL\u00cdTICAS DE ASSIST\u00caNCIA SOCIAL"}]},{"@type":"WebSite","@id":"https:\/\/blogdofarnesio.com.br\/#website","url":"https:\/\/blogdofarnesio.com.br\/","name":"Blog do Farn\u00e9sio","description":"Quer Saber Pol\u00edtica?","publisher":{"@id":"https:\/\/blogdofarnesio.com.br\/#organization"},"potentialAction":[{"@type":"SearchAction","target":{"@type":"EntryPoint","urlTemplate":"https:\/\/blogdofarnesio.com.br\/?s={search_term_string}"},"query-input":{"@type":"PropertyValueSpecification","valueRequired":true,"valueName":"search_term_string"}}],"inLanguage":"pt-BR"},{"@type":"Organization","@id":"https:\/\/blogdofarnesio.com.br\/#organization","name":"Blog do Farn\u00e9sio","url":"https:\/\/blogdofarnesio.com.br\/","logo":{"@type":"ImageObject","inLanguage":"pt-BR","@id":"https:\/\/blogdofarnesio.com.br\/#\/schema\/logo\/image\/","url":"https:\/\/blogdofarnesio.com.br\/wp-content\/uploads\/2026\/03\/cropped-logo_new-1.png","contentUrl":"https:\/\/blogdofarnesio.com.br\/wp-content\/uploads\/2026\/03\/cropped-logo_new-1.png","width":881,"height":685,"caption":"Blog do Farn\u00e9sio"},"image":{"@id":"https:\/\/blogdofarnesio.com.br\/#\/schema\/logo\/image\/"},"sameAs":["https:\/\/www.facebook.com\/BlogQuerSaberPolitica\/"]},{"@type":"Person","@id":"https:\/\/blogdofarnesio.com.br\/#\/schema\/person\/301c4acf522bccbfdb45af95b5b906a1","name":"Farn\u00e9sio","image":{"@type":"ImageObject","inLanguage":"pt-BR","@id":"https:\/\/secure.gravatar.com\/avatar\/df0c9a14567c056f8ad6876ba5bbd1e3e2c48023eb6807342fc4663adf549f38?s=96&d=mm&r=g","url":"https:\/\/secure.gravatar.com\/avatar\/df0c9a14567c056f8ad6876ba5bbd1e3e2c48023eb6807342fc4663adf549f38?s=96&d=mm&r=g","contentUrl":"https:\/\/secure.gravatar.com\/avatar\/df0c9a14567c056f8ad6876ba5bbd1e3e2c48023eb6807342fc4663adf549f38?s=96&d=mm&r=g","caption":"Farn\u00e9sio"},"sameAs":["https:\/\/quersaberpolitica.com.br"],"url":"https:\/\/blogdofarnesio.com.br\/?author=1"}]}},"_links":{"self":[{"href":"https:\/\/blogdofarnesio.com.br\/index.php?rest_route=\/wp\/v2\/posts\/174969","targetHints":{"allow":["GET"]}}],"collection":[{"href":"https:\/\/blogdofarnesio.com.br\/index.php?rest_route=\/wp\/v2\/posts"}],"about":[{"href":"https:\/\/blogdofarnesio.com.br\/index.php?rest_route=\/wp\/v2\/types\/post"}],"author":[{"embeddable":true,"href":"https:\/\/blogdofarnesio.com.br\/index.php?rest_route=\/wp\/v2\/users\/1"}],"replies":[{"embeddable":true,"href":"https:\/\/blogdofarnesio.com.br\/index.php?rest_route=%2Fwp%2Fv2%2Fcomments&post=174969"}],"version-history":[{"count":0,"href":"https:\/\/blogdofarnesio.com.br\/index.php?rest_route=\/wp\/v2\/posts\/174969\/revisions"}],"wp:featuredmedia":[{"embeddable":true,"href":"https:\/\/blogdofarnesio.com.br\/index.php?rest_route=\/wp\/v2\/media\/174970"}],"wp:attachment":[{"href":"https:\/\/blogdofarnesio.com.br\/index.php?rest_route=%2Fwp%2Fv2%2Fmedia&parent=174969"}],"wp:term":[{"taxonomy":"category","embeddable":true,"href":"https:\/\/blogdofarnesio.com.br\/index.php?rest_route=%2Fwp%2Fv2%2Fcategories&post=174969"},{"taxonomy":"post_tag","embeddable":true,"href":"https:\/\/blogdofarnesio.com.br\/index.php?rest_route=%2Fwp%2Fv2%2Ftags&post=174969"}],"curies":[{"name":"wp","href":"https:\/\/api.w.org\/{rel}","templated":true}]}}