{"id":174956,"date":"2017-08-28T09:00:56","date_gmt":"2017-08-28T12:00:56","guid":{"rendered":"http:\/\/quersaberpolitica.com.br\/2016\/?p=174956"},"modified":"2017-08-27T18:47:17","modified_gmt":"2017-08-27T21:47:17","slug":"tecnicos-do-municipio-intensificam-fiscalizacao-sobre-ordenamento-na-sede-e-distritos-de-juazeiro","status":"publish","type":"post","link":"https:\/\/blogdofarnesio.com.br\/?p=174956","title":{"rendered":"T\u00c9CNICOS DO MUNIC\u00cdPIO INTENSIFICAM FISCALIZA\u00c7\u00c3O SOBRE ORDENAMENTO NA SEDE E DISTRITOS DE JUAZEIRO"},"content":{"rendered":"<p style=\"text-align: justify;\">Em mais uma semana de fiscaliza\u00e7\u00e3o intensa, a Secretaria de Meio Ambiente e Ordenamento Urbano (SEMAURB) e a Guarda Civil Municipal (GCM) realizaram um trabalho educativo e preventivo na cidade de Juazeiro.<\/p>\n<p style=\"text-align: justify;\">A a\u00e7\u00e3o culminou na apreens\u00e3o de 32 animais de grande e m\u00e9dio porte que estavam soltos na cidade. A maioria possui um respons\u00e1vel que deixa os animais soltos para se alimentar e acaba colocando em risco o tr\u00e1fego de condutores e pedestres na cidade.<\/p>\n<p style=\"text-align: justify;\">Ap\u00f3s a apreens\u00e3o os animais s\u00e3o levados para o curral municipal onde permanecem por at\u00e9 72h. Ap\u00f3s esse prazo, se os respons\u00e1veis n\u00e3o buscarem os animais, os mesmos s\u00e3o doados, como est\u00e1 previsto na Lei Complementar 018\/2016. A libera\u00e7\u00e3o dos animais acontecer\u00e1 mediante pagamento de multa que varia de 1 VRF (Valor de Refer\u00eancia Fiscal ) a 5 VRF. Em esp\u00e9cie as multas s\u00e3o de R$ 120,65 at\u00e9 R$ 603,25.<\/p>\n<p style=\"text-align: justify;\">Ainda foi realizada a verifica\u00e7\u00e3o de alvar\u00e1 de funcionamento, ambiental e obras em estabelecimentos de pequeno, m\u00e9dio e grande porte da cidade. Durante a semana foram aplicadas 22 notifica\u00e7\u00f5es, 13 autos de infra\u00e7\u00e3o e uma demoli\u00e7\u00e3o &#8211; este \u00faltimo foi necess\u00e1rio por se tratar de \u00e1rea p\u00fablica invadida. O trabalho aconteceu nos bairros: Maring\u00e1, Santo Ant\u00f4nio, Alto da Maravilha, Lomanto J\u00fanior, Alto do Cruzeiro, Alto do Alencar, Castelo Branco, Tancredo Neves. \u00c1rea Central e no Distrito de Mandacaru.<\/p>\n<p style=\"text-align: justify;\">\u201cO trabalho que vem sendo desenvolvido pela SEMAURB e a GCM tem como objetivo realizar o ordenamento da cidade. Sabemos que \u00e9 essencial a parceria com a popula\u00e7\u00e3o, com isso, solicitamos mais uma vez o apoio nesse trabalho\u201d, explicou Ja\u00edlson Silva, Diretor Operacional.<\/p>\n<p style=\"text-align: justify;\">A Secretaria disp\u00f5e de um canal telef\u00f4nico onde as den\u00fancias e reclama\u00e7\u00f5es podem ser realizadas gratuitamente pelo 153 da Guarda Civil Municipal. Quem deseja registrar pessoalmente a reclama\u00e7\u00e3o pode se dirigir a sede da SEMAURB que fica na Rua Oscar Ribeiro, s\/n Centro.<\/p>\n","protected":false},"excerpt":{"rendered":"<p>Em mais uma semana de fiscaliza\u00e7\u00e3o intensa, a Secretaria de Meio Ambiente e Ordenamento Urbano (SEMAURB) e a Guarda Civil Municipal (GCM) realizaram um trabalho educativo e preventivo na cidade de Juazeiro. A a\u00e7\u00e3o culminou na apreens\u00e3o de 32 animais de grande e m\u00e9dio porte que estavam soltos na cidade. A maioria possui um respons\u00e1vel que deixa os animais soltos para se alimentar e acaba colocando em risco o tr\u00e1fego de condutores e pedestres na cidade. Ap\u00f3s a apreens\u00e3o os animais s\u00e3o levados para o curral municipal onde permanecem por at\u00e9 72h. Ap\u00f3s esse prazo, se os respons\u00e1veis n\u00e3o buscarem os animais, os mesmos s\u00e3o doados, como est\u00e1 previsto na Lei Complementar 018\/2016. A libera\u00e7\u00e3o dos animais acontecer\u00e1 mediante pagamento&hellip; <\/p>\n","protected":false},"author":1,"featured_media":174957,"comment_status":"open","ping_status":"open","sticky":false,"template":"","format":"standard","meta":{"_acf_changed":false,"footnotes":""},"categories":[44],"tags":[],"class_list":["post-174956","post","type-post","status-publish","format-standard","has-post-thumbnail","hentry","category-administracao"],"acf":[],"yoast_head":"<!-- This site is optimized with the Yoast SEO plugin v27.4 - https:\/\/yoast.com\/product\/yoast-seo-wordpress\/ -->\n<title>T\u00c9CNICOS DO MUNIC\u00cdPIO INTENSIFICAM FISCALIZA\u00c7\u00c3O SOBRE ORDENAMENTO NA SEDE E DISTRITOS DE JUAZEIRO - Blog do Farn\u00e9sio<\/title>\n<meta name=\"robots\" content=\"index, follow, max-snippet:-1, max-image-preview:large, max-video-preview:-1\" \/>\n<link rel=\"canonical\" href=\"https:\/\/blogdofarnesio.com.br\/?p=174956\" \/>\n<meta property=\"og:locale\" content=\"pt_BR\" \/>\n<meta property=\"og:type\" content=\"article\" \/>\n<meta property=\"og:title\" content=\"T\u00c9CNICOS DO MUNIC\u00cdPIO INTENSIFICAM FISCALIZA\u00c7\u00c3O SOBRE ORDENAMENTO NA SEDE E DISTRITOS DE JUAZEIRO - Blog do Farn\u00e9sio\" \/>\n<meta property=\"og:description\" content=\"Em mais uma semana de fiscaliza\u00e7\u00e3o intensa, a Secretaria de Meio Ambiente e Ordenamento Urbano (SEMAURB) e a Guarda Civil Municipal (GCM) realizaram um trabalho educativo e preventivo na cidade de Juazeiro. A a\u00e7\u00e3o culminou na apreens\u00e3o de 32 animais de grande e m\u00e9dio porte que estavam soltos na cidade. A maioria possui um respons\u00e1vel que deixa os animais soltos para se alimentar e acaba colocando em risco o tr\u00e1fego de condutores e pedestres na cidade. Ap\u00f3s a apreens\u00e3o os animais s\u00e3o levados para o curral municipal onde permanecem por at\u00e9 72h. Ap\u00f3s esse prazo, se os respons\u00e1veis n\u00e3o buscarem os animais, os mesmos s\u00e3o doados, como est\u00e1 previsto na Lei Complementar 018\/2016. A libera\u00e7\u00e3o dos animais acontecer\u00e1 mediante pagamento&hellip;\" \/>\n<meta property=\"og:url\" content=\"https:\/\/blogdofarnesio.com.br\/?p=174956\" \/>\n<meta property=\"og:site_name\" content=\"Blog do Farn\u00e9sio\" \/>\n<meta property=\"article:publisher\" content=\"https:\/\/www.facebook.com\/BlogQuerSaberPolitica\/\" \/>\n<meta property=\"article:published_time\" content=\"2017-08-28T12:00:56+00:00\" \/>\n<meta property=\"og:image\" content=\"https:\/\/blogdofarnesio.com.br\/wp-content\/uploads\/2017\/08\/blogqsp-Ordenamento-sede-e-distrito-1.jpeg\" \/>\n\t<meta property=\"og:image:width\" content=\"640\" \/>\n\t<meta property=\"og:image:height\" content=\"359\" \/>\n\t<meta property=\"og:image:type\" content=\"image\/jpeg\" \/>\n<meta name=\"author\" content=\"Farn\u00e9sio\" \/>\n<meta name=\"twitter:card\" content=\"summary_large_image\" \/>\n<meta name=\"twitter:label1\" content=\"Escrito por\" \/>\n\t<meta name=\"twitter:data1\" content=\"Farn\u00e9sio\" \/>\n\t<meta name=\"twitter:label2\" content=\"Est. tempo de leitura\" \/>\n\t<meta name=\"twitter:data2\" content=\"2 minutos\" \/>\n<script type=\"application\/ld+json\" class=\"yoast-schema-graph\">{\"@context\":\"https:\\\/\\\/schema.org\",\"@graph\":[{\"@type\":\"Article\",\"@id\":\"https:\\\/\\\/blogdofarnesio.com.br\\\/?p=174956#article\",\"isPartOf\":{\"@id\":\"https:\\\/\\\/blogdofarnesio.com.br\\\/?p=174956\"},\"author\":{\"name\":\"Farn\u00e9sio\",\"@id\":\"https:\\\/\\\/blogdofarnesio.com.br\\\/#\\\/schema\\\/person\\\/301c4acf522bccbfdb45af95b5b906a1\"},\"headline\":\"T\u00c9CNICOS DO MUNIC\u00cdPIO INTENSIFICAM FISCALIZA\u00c7\u00c3O SOBRE ORDENAMENTO NA SEDE E DISTRITOS DE JUAZEIRO\",\"datePublished\":\"2017-08-28T12:00:56+00:00\",\"mainEntityOfPage\":{\"@id\":\"https:\\\/\\\/blogdofarnesio.com.br\\\/?p=174956\"},\"wordCount\":349,\"commentCount\":0,\"publisher\":{\"@id\":\"https:\\\/\\\/blogdofarnesio.com.br\\\/#organization\"},\"image\":{\"@id\":\"https:\\\/\\\/blogdofarnesio.com.br\\\/?p=174956#primaryimage\"},\"thumbnailUrl\":\"https:\\\/\\\/blogdofarnesio.com.br\\\/wp-content\\\/uploads\\\/2017\\\/08\\\/blogqsp-Ordenamento-sede-e-distrito-1.jpeg\",\"articleSection\":[\"Administra\u00e7\u00e3o\"],\"inLanguage\":\"pt-BR\",\"potentialAction\":[{\"@type\":\"CommentAction\",\"name\":\"Comment\",\"target\":[\"https:\\\/\\\/blogdofarnesio.com.br\\\/?p=174956#respond\"]}]},{\"@type\":\"WebPage\",\"@id\":\"https:\\\/\\\/blogdofarnesio.com.br\\\/?p=174956\",\"url\":\"https:\\\/\\\/blogdofarnesio.com.br\\\/?p=174956\",\"name\":\"T\u00c9CNICOS DO MUNIC\u00cdPIO INTENSIFICAM FISCALIZA\u00c7\u00c3O SOBRE ORDENAMENTO NA SEDE E DISTRITOS DE JUAZEIRO - Blog do Farn\u00e9sio\",\"isPartOf\":{\"@id\":\"https:\\\/\\\/blogdofarnesio.com.br\\\/#website\"},\"primaryImageOfPage\":{\"@id\":\"https:\\\/\\\/blogdofarnesio.com.br\\\/?p=174956#primaryimage\"},\"image\":{\"@id\":\"https:\\\/\\\/blogdofarnesio.com.br\\\/?p=174956#primaryimage\"},\"thumbnailUrl\":\"https:\\\/\\\/blogdofarnesio.com.br\\\/wp-content\\\/uploads\\\/2017\\\/08\\\/blogqsp-Ordenamento-sede-e-distrito-1.jpeg\",\"datePublished\":\"2017-08-28T12:00:56+00:00\",\"breadcrumb\":{\"@id\":\"https:\\\/\\\/blogdofarnesio.com.br\\\/?p=174956#breadcrumb\"},\"inLanguage\":\"pt-BR\",\"potentialAction\":[{\"@type\":\"ReadAction\",\"target\":[\"https:\\\/\\\/blogdofarnesio.com.br\\\/?p=174956\"]}]},{\"@type\":\"ImageObject\",\"inLanguage\":\"pt-BR\",\"@id\":\"https:\\\/\\\/blogdofarnesio.com.br\\\/?p=174956#primaryimage\",\"url\":\"https:\\\/\\\/blogdofarnesio.com.br\\\/wp-content\\\/uploads\\\/2017\\\/08\\\/blogqsp-Ordenamento-sede-e-distrito-1.jpeg\",\"contentUrl\":\"https:\\\/\\\/blogdofarnesio.com.br\\\/wp-content\\\/uploads\\\/2017\\\/08\\\/blogqsp-Ordenamento-sede-e-distrito-1.jpeg\",\"width\":640,\"height\":359},{\"@type\":\"BreadcrumbList\",\"@id\":\"https:\\\/\\\/blogdofarnesio.com.br\\\/?p=174956#breadcrumb\",\"itemListElement\":[{\"@type\":\"ListItem\",\"position\":1,\"name\":\"In\u00edcio\",\"item\":\"https:\\\/\\\/blogdofarnesio.com.br\\\/\"},{\"@type\":\"ListItem\",\"position\":2,\"name\":\"T\u00c9CNICOS DO MUNIC\u00cdPIO INTENSIFICAM FISCALIZA\u00c7\u00c3O SOBRE ORDENAMENTO NA SEDE E DISTRITOS DE JUAZEIRO\"}]},{\"@type\":\"WebSite\",\"@id\":\"https:\\\/\\\/blogdofarnesio.com.br\\\/#website\",\"url\":\"https:\\\/\\\/blogdofarnesio.com.br\\\/\",\"name\":\"Blog do Farn\u00e9sio\",\"description\":\"Quer Saber Pol\u00edtica?\",\"publisher\":{\"@id\":\"https:\\\/\\\/blogdofarnesio.com.br\\\/#organization\"},\"potentialAction\":[{\"@type\":\"SearchAction\",\"target\":{\"@type\":\"EntryPoint\",\"urlTemplate\":\"https:\\\/\\\/blogdofarnesio.com.br\\\/?s={search_term_string}\"},\"query-input\":{\"@type\":\"PropertyValueSpecification\",\"valueRequired\":true,\"valueName\":\"search_term_string\"}}],\"inLanguage\":\"pt-BR\"},{\"@type\":\"Organization\",\"@id\":\"https:\\\/\\\/blogdofarnesio.com.br\\\/#organization\",\"name\":\"Blog do Farn\u00e9sio\",\"url\":\"https:\\\/\\\/blogdofarnesio.com.br\\\/\",\"logo\":{\"@type\":\"ImageObject\",\"inLanguage\":\"pt-BR\",\"@id\":\"https:\\\/\\\/blogdofarnesio.com.br\\\/#\\\/schema\\\/logo\\\/image\\\/\",\"url\":\"https:\\\/\\\/blogdofarnesio.com.br\\\/wp-content\\\/uploads\\\/2026\\\/03\\\/cropped-logo_new-1.png\",\"contentUrl\":\"https:\\\/\\\/blogdofarnesio.com.br\\\/wp-content\\\/uploads\\\/2026\\\/03\\\/cropped-logo_new-1.png\",\"width\":881,\"height\":685,\"caption\":\"Blog do Farn\u00e9sio\"},\"image\":{\"@id\":\"https:\\\/\\\/blogdofarnesio.com.br\\\/#\\\/schema\\\/logo\\\/image\\\/\"},\"sameAs\":[\"https:\\\/\\\/www.facebook.com\\\/BlogQuerSaberPolitica\\\/\"]},{\"@type\":\"Person\",\"@id\":\"https:\\\/\\\/blogdofarnesio.com.br\\\/#\\\/schema\\\/person\\\/301c4acf522bccbfdb45af95b5b906a1\",\"name\":\"Farn\u00e9sio\",\"image\":{\"@type\":\"ImageObject\",\"inLanguage\":\"pt-BR\",\"@id\":\"https:\\\/\\\/secure.gravatar.com\\\/avatar\\\/df0c9a14567c056f8ad6876ba5bbd1e3e2c48023eb6807342fc4663adf549f38?s=96&d=mm&r=g\",\"url\":\"https:\\\/\\\/secure.gravatar.com\\\/avatar\\\/df0c9a14567c056f8ad6876ba5bbd1e3e2c48023eb6807342fc4663adf549f38?s=96&d=mm&r=g\",\"contentUrl\":\"https:\\\/\\\/secure.gravatar.com\\\/avatar\\\/df0c9a14567c056f8ad6876ba5bbd1e3e2c48023eb6807342fc4663adf549f38?s=96&d=mm&r=g\",\"caption\":\"Farn\u00e9sio\"},\"sameAs\":[\"https:\\\/\\\/quersaberpolitica.com.br\"],\"url\":\"https:\\\/\\\/blogdofarnesio.com.br\\\/?author=1\"}]}<\/script>\n<!-- \/ Yoast SEO plugin. -->","yoast_head_json":{"title":"T\u00c9CNICOS DO MUNIC\u00cdPIO INTENSIFICAM FISCALIZA\u00c7\u00c3O SOBRE ORDENAMENTO NA SEDE E DISTRITOS DE JUAZEIRO - Blog do Farn\u00e9sio","robots":{"index":"index","follow":"follow","max-snippet":"max-snippet:-1","max-image-preview":"max-image-preview:large","max-video-preview":"max-video-preview:-1"},"canonical":"https:\/\/blogdofarnesio.com.br\/?p=174956","og_locale":"pt_BR","og_type":"article","og_title":"T\u00c9CNICOS DO MUNIC\u00cdPIO INTENSIFICAM FISCALIZA\u00c7\u00c3O SOBRE ORDENAMENTO NA SEDE E DISTRITOS DE JUAZEIRO - Blog do Farn\u00e9sio","og_description":"Em mais uma semana de fiscaliza\u00e7\u00e3o intensa, a Secretaria de Meio Ambiente e Ordenamento Urbano (SEMAURB) e a Guarda Civil Municipal (GCM) realizaram um trabalho educativo e preventivo na cidade de Juazeiro. A a\u00e7\u00e3o culminou na apreens\u00e3o de 32 animais de grande e m\u00e9dio porte que estavam soltos na cidade. A maioria possui um respons\u00e1vel que deixa os animais soltos para se alimentar e acaba colocando em risco o tr\u00e1fego de condutores e pedestres na cidade. Ap\u00f3s a apreens\u00e3o os animais s\u00e3o levados para o curral municipal onde permanecem por at\u00e9 72h. Ap\u00f3s esse prazo, se os respons\u00e1veis n\u00e3o buscarem os animais, os mesmos s\u00e3o doados, como est\u00e1 previsto na Lei Complementar 018\/2016. A libera\u00e7\u00e3o dos animais acontecer\u00e1 mediante pagamento&hellip;","og_url":"https:\/\/blogdofarnesio.com.br\/?p=174956","og_site_name":"Blog do Farn\u00e9sio","article_publisher":"https:\/\/www.facebook.com\/BlogQuerSaberPolitica\/","article_published_time":"2017-08-28T12:00:56+00:00","og_image":[{"width":640,"height":359,"url":"https:\/\/blogdofarnesio.com.br\/wp-content\/uploads\/2017\/08\/blogqsp-Ordenamento-sede-e-distrito-1.jpeg","type":"image\/jpeg"}],"author":"Farn\u00e9sio","twitter_card":"summary_large_image","twitter_misc":{"Escrito por":"Farn\u00e9sio","Est. tempo de leitura":"2 minutos"},"schema":{"@context":"https:\/\/schema.org","@graph":[{"@type":"Article","@id":"https:\/\/blogdofarnesio.com.br\/?p=174956#article","isPartOf":{"@id":"https:\/\/blogdofarnesio.com.br\/?p=174956"},"author":{"name":"Farn\u00e9sio","@id":"https:\/\/blogdofarnesio.com.br\/#\/schema\/person\/301c4acf522bccbfdb45af95b5b906a1"},"headline":"T\u00c9CNICOS DO MUNIC\u00cdPIO INTENSIFICAM FISCALIZA\u00c7\u00c3O SOBRE ORDENAMENTO NA SEDE E DISTRITOS DE JUAZEIRO","datePublished":"2017-08-28T12:00:56+00:00","mainEntityOfPage":{"@id":"https:\/\/blogdofarnesio.com.br\/?p=174956"},"wordCount":349,"commentCount":0,"publisher":{"@id":"https:\/\/blogdofarnesio.com.br\/#organization"},"image":{"@id":"https:\/\/blogdofarnesio.com.br\/?p=174956#primaryimage"},"thumbnailUrl":"https:\/\/blogdofarnesio.com.br\/wp-content\/uploads\/2017\/08\/blogqsp-Ordenamento-sede-e-distrito-1.jpeg","articleSection":["Administra\u00e7\u00e3o"],"inLanguage":"pt-BR","potentialAction":[{"@type":"CommentAction","name":"Comment","target":["https:\/\/blogdofarnesio.com.br\/?p=174956#respond"]}]},{"@type":"WebPage","@id":"https:\/\/blogdofarnesio.com.br\/?p=174956","url":"https:\/\/blogdofarnesio.com.br\/?p=174956","name":"T\u00c9CNICOS DO MUNIC\u00cdPIO INTENSIFICAM FISCALIZA\u00c7\u00c3O SOBRE ORDENAMENTO NA SEDE E DISTRITOS DE JUAZEIRO - Blog do Farn\u00e9sio","isPartOf":{"@id":"https:\/\/blogdofarnesio.com.br\/#website"},"primaryImageOfPage":{"@id":"https:\/\/blogdofarnesio.com.br\/?p=174956#primaryimage"},"image":{"@id":"https:\/\/blogdofarnesio.com.br\/?p=174956#primaryimage"},"thumbnailUrl":"https:\/\/blogdofarnesio.com.br\/wp-content\/uploads\/2017\/08\/blogqsp-Ordenamento-sede-e-distrito-1.jpeg","datePublished":"2017-08-28T12:00:56+00:00","breadcrumb":{"@id":"https:\/\/blogdofarnesio.com.br\/?p=174956#breadcrumb"},"inLanguage":"pt-BR","potentialAction":[{"@type":"ReadAction","target":["https:\/\/blogdofarnesio.com.br\/?p=174956"]}]},{"@type":"ImageObject","inLanguage":"pt-BR","@id":"https:\/\/blogdofarnesio.com.br\/?p=174956#primaryimage","url":"https:\/\/blogdofarnesio.com.br\/wp-content\/uploads\/2017\/08\/blogqsp-Ordenamento-sede-e-distrito-1.jpeg","contentUrl":"https:\/\/blogdofarnesio.com.br\/wp-content\/uploads\/2017\/08\/blogqsp-Ordenamento-sede-e-distrito-1.jpeg","width":640,"height":359},{"@type":"BreadcrumbList","@id":"https:\/\/blogdofarnesio.com.br\/?p=174956#breadcrumb","itemListElement":[{"@type":"ListItem","position":1,"name":"In\u00edcio","item":"https:\/\/blogdofarnesio.com.br\/"},{"@type":"ListItem","position":2,"name":"T\u00c9CNICOS DO MUNIC\u00cdPIO INTENSIFICAM FISCALIZA\u00c7\u00c3O SOBRE ORDENAMENTO NA SEDE E DISTRITOS DE JUAZEIRO"}]},{"@type":"WebSite","@id":"https:\/\/blogdofarnesio.com.br\/#website","url":"https:\/\/blogdofarnesio.com.br\/","name":"Blog do Farn\u00e9sio","description":"Quer Saber Pol\u00edtica?","publisher":{"@id":"https:\/\/blogdofarnesio.com.br\/#organization"},"potentialAction":[{"@type":"SearchAction","target":{"@type":"EntryPoint","urlTemplate":"https:\/\/blogdofarnesio.com.br\/?s={search_term_string}"},"query-input":{"@type":"PropertyValueSpecification","valueRequired":true,"valueName":"search_term_string"}}],"inLanguage":"pt-BR"},{"@type":"Organization","@id":"https:\/\/blogdofarnesio.com.br\/#organization","name":"Blog do Farn\u00e9sio","url":"https:\/\/blogdofarnesio.com.br\/","logo":{"@type":"ImageObject","inLanguage":"pt-BR","@id":"https:\/\/blogdofarnesio.com.br\/#\/schema\/logo\/image\/","url":"https:\/\/blogdofarnesio.com.br\/wp-content\/uploads\/2026\/03\/cropped-logo_new-1.png","contentUrl":"https:\/\/blogdofarnesio.com.br\/wp-content\/uploads\/2026\/03\/cropped-logo_new-1.png","width":881,"height":685,"caption":"Blog do Farn\u00e9sio"},"image":{"@id":"https:\/\/blogdofarnesio.com.br\/#\/schema\/logo\/image\/"},"sameAs":["https:\/\/www.facebook.com\/BlogQuerSaberPolitica\/"]},{"@type":"Person","@id":"https:\/\/blogdofarnesio.com.br\/#\/schema\/person\/301c4acf522bccbfdb45af95b5b906a1","name":"Farn\u00e9sio","image":{"@type":"ImageObject","inLanguage":"pt-BR","@id":"https:\/\/secure.gravatar.com\/avatar\/df0c9a14567c056f8ad6876ba5bbd1e3e2c48023eb6807342fc4663adf549f38?s=96&d=mm&r=g","url":"https:\/\/secure.gravatar.com\/avatar\/df0c9a14567c056f8ad6876ba5bbd1e3e2c48023eb6807342fc4663adf549f38?s=96&d=mm&r=g","contentUrl":"https:\/\/secure.gravatar.com\/avatar\/df0c9a14567c056f8ad6876ba5bbd1e3e2c48023eb6807342fc4663adf549f38?s=96&d=mm&r=g","caption":"Farn\u00e9sio"},"sameAs":["https:\/\/quersaberpolitica.com.br"],"url":"https:\/\/blogdofarnesio.com.br\/?author=1"}]}},"_links":{"self":[{"href":"https:\/\/blogdofarnesio.com.br\/index.php?rest_route=\/wp\/v2\/posts\/174956","targetHints":{"allow":["GET"]}}],"collection":[{"href":"https:\/\/blogdofarnesio.com.br\/index.php?rest_route=\/wp\/v2\/posts"}],"about":[{"href":"https:\/\/blogdofarnesio.com.br\/index.php?rest_route=\/wp\/v2\/types\/post"}],"author":[{"embeddable":true,"href":"https:\/\/blogdofarnesio.com.br\/index.php?rest_route=\/wp\/v2\/users\/1"}],"replies":[{"embeddable":true,"href":"https:\/\/blogdofarnesio.com.br\/index.php?rest_route=%2Fwp%2Fv2%2Fcomments&post=174956"}],"version-history":[{"count":0,"href":"https:\/\/blogdofarnesio.com.br\/index.php?rest_route=\/wp\/v2\/posts\/174956\/revisions"}],"wp:featuredmedia":[{"embeddable":true,"href":"https:\/\/blogdofarnesio.com.br\/index.php?rest_route=\/wp\/v2\/media\/174957"}],"wp:attachment":[{"href":"https:\/\/blogdofarnesio.com.br\/index.php?rest_route=%2Fwp%2Fv2%2Fmedia&parent=174956"}],"wp:term":[{"taxonomy":"category","embeddable":true,"href":"https:\/\/blogdofarnesio.com.br\/index.php?rest_route=%2Fwp%2Fv2%2Fcategories&post=174956"},{"taxonomy":"post_tag","embeddable":true,"href":"https:\/\/blogdofarnesio.com.br\/index.php?rest_route=%2Fwp%2Fv2%2Ftags&post=174956"}],"curies":[{"name":"wp","href":"https:\/\/api.w.org\/{rel}","templated":true}]}}