{"id":174806,"date":"2017-08-28T10:42:57","date_gmt":"2017-08-28T13:42:57","guid":{"rendered":"http:\/\/quersaberpolitica.com.br\/2016\/?p=174806"},"modified":"2017-08-27T19:06:48","modified_gmt":"2017-08-27T22:06:48","slug":"indefinicao-para-data-da-4a-rodada-da-liga-nacional-de-fut-americano","status":"publish","type":"post","link":"https:\/\/blogdofarnesio.com.br\/?p=174806","title":{"rendered":"DEFINI\u00c7\u00c3O PARA DATA DA 4\u00aa RODADA DA LIGA NACIONAL DE FUT. AMERICANO DEVE SAIR HOJE"},"content":{"rendered":"<p>A Dire\u00e7\u00e3o do Carrancas Futebol Americano vem, atrav\u00e9s desta nota p\u00fablica, informar que o pr\u00f3ximo jogo da equipe, como mandante, segue com data indefinida. A data oficial ser\u00e1 divulgada assim que a tabela do Campeonato Pernambucano de Futebol da S\u00e9rie A2 estiver definida oficialmente, pela Federa\u00e7\u00e3o Pernambucana de Futebol (FPF). A previs\u00e3o \u00e9 que a FPF fa\u00e7a o an\u00fancio nesta segunda-feira, dia 28\/08.<\/p>\n<p style=\"text-align: justify;\">A cidade de Petrolina ter\u00e1 dois representantes na competi\u00e7\u00e3o de futebol: o Petrolina SFC e o 1\u00ba de Maio FC. O Campeonato Pernambucano de futebol come\u00e7a no dia 09 de setembro e o Carrancas deseja sucesso aos dois times da regi\u00e3o.<\/p>\n<p style=\"text-align: justify;\">A 4\u00aa rodada da Liga Nacional de Futebol Americano est\u00e1 programada para o 3\u00ba final de semana de setembro (podendo ser tanto no dia 16 ou 17\/09), por\u00e9m em virtude da realiza\u00e7\u00e3o do Campeonato Pernambucano de Futebol da S\u00e9rie A2 na cidade, o Est\u00e1dio Municipal de Petrolina poder\u00e1 ter choque de datas dos dois esportes.<\/p>\n<p style=\"text-align: justify;\">Para evitar que isso ocorra, estamos aguardando a sa\u00edda da tabela oficial pela Federa\u00e7\u00e3o Pernambucana de Futebol para decidirmos se o jogo ser\u00e1 no dia 16 ou 17 de setembro.<\/p>\n<p style=\"text-align: justify;\">At\u00e9 o lan\u00e7amento oficial da tabela, n\u00e3o podemos definir a data do jogo, mas \u00e9 certo que ser\u00e1 em setembro, aguardem.<\/p>\n","protected":false},"excerpt":{"rendered":"<p>A Dire\u00e7\u00e3o do Carrancas Futebol Americano vem, atrav\u00e9s desta nota p\u00fablica, informar que o pr\u00f3ximo jogo da equipe, como mandante, segue com data indefinida. A data oficial ser\u00e1 divulgada assim que a tabela do Campeonato Pernambucano de Futebol da S\u00e9rie A2 estiver definida oficialmente, pela Federa\u00e7\u00e3o Pernambucana de Futebol (FPF). A previs\u00e3o \u00e9 que a FPF fa\u00e7a o an\u00fancio nesta segunda-feira, dia 28\/08. A cidade de Petrolina ter\u00e1 dois representantes na competi\u00e7\u00e3o de futebol: o Petrolina SFC e o 1\u00ba de Maio FC. O Campeonato Pernambucano de futebol come\u00e7a no dia 09 de setembro e o Carrancas deseja sucesso aos dois times da regi\u00e3o. A 4\u00aa rodada da Liga Nacional de Futebol Americano est\u00e1 programada para o 3\u00ba final de&hellip; <\/p>\n","protected":false},"author":1,"featured_media":174807,"comment_status":"open","ping_status":"open","sticky":false,"template":"","format":"standard","meta":{"_acf_changed":false,"footnotes":""},"categories":[8],"tags":[],"class_list":["post-174806","post","type-post","status-publish","format-standard","has-post-thumbnail","hentry","category-esportes"],"acf":[],"yoast_head":"<!-- This site is optimized with the Yoast SEO plugin v27.4 - https:\/\/yoast.com\/product\/yoast-seo-wordpress\/ -->\n<title>DEFINI\u00c7\u00c3O PARA DATA DA 4\u00aa RODADA DA LIGA NACIONAL DE FUT. AMERICANO DEVE SAIR HOJE - Blog do Farn\u00e9sio<\/title>\n<meta name=\"robots\" content=\"index, follow, max-snippet:-1, max-image-preview:large, max-video-preview:-1\" \/>\n<link rel=\"canonical\" href=\"https:\/\/blogdofarnesio.com.br\/?p=174806\" \/>\n<meta property=\"og:locale\" content=\"pt_BR\" \/>\n<meta property=\"og:type\" content=\"article\" \/>\n<meta property=\"og:title\" content=\"DEFINI\u00c7\u00c3O PARA DATA DA 4\u00aa RODADA DA LIGA NACIONAL DE FUT. AMERICANO DEVE SAIR HOJE - Blog do Farn\u00e9sio\" \/>\n<meta property=\"og:description\" content=\"A Dire\u00e7\u00e3o do Carrancas Futebol Americano vem, atrav\u00e9s desta nota p\u00fablica, informar que o pr\u00f3ximo jogo da equipe, como mandante, segue com data indefinida. A data oficial ser\u00e1 divulgada assim que a tabela do Campeonato Pernambucano de Futebol da S\u00e9rie A2 estiver definida oficialmente, pela Federa\u00e7\u00e3o Pernambucana de Futebol (FPF). A previs\u00e3o \u00e9 que a FPF fa\u00e7a o an\u00fancio nesta segunda-feira, dia 28\/08. A cidade de Petrolina ter\u00e1 dois representantes na competi\u00e7\u00e3o de futebol: o Petrolina SFC e o 1\u00ba de Maio FC. O Campeonato Pernambucano de futebol come\u00e7a no dia 09 de setembro e o Carrancas deseja sucesso aos dois times da regi\u00e3o. A 4\u00aa rodada da Liga Nacional de Futebol Americano est\u00e1 programada para o 3\u00ba final de&hellip;\" \/>\n<meta property=\"og:url\" content=\"https:\/\/blogdofarnesio.com.br\/?p=174806\" \/>\n<meta property=\"og:site_name\" content=\"Blog do Farn\u00e9sio\" \/>\n<meta property=\"article:publisher\" content=\"https:\/\/www.facebook.com\/BlogQuerSaberPolitica\/\" \/>\n<meta property=\"article:published_time\" content=\"2017-08-28T13:42:57+00:00\" \/>\n<meta property=\"og:image\" content=\"https:\/\/blogdofarnesio.com.br\/wp-content\/uploads\/2017\/08\/blogqsp-Indefini\u00e7\u00e3o-4\u00aa-rodada-da-Liga-Nacional-de-Fut.-Americano.jpg\" \/>\n\t<meta property=\"og:image:width\" content=\"453\" \/>\n\t<meta property=\"og:image:height\" content=\"640\" \/>\n\t<meta property=\"og:image:type\" content=\"image\/jpeg\" \/>\n<meta name=\"author\" content=\"Farn\u00e9sio\" \/>\n<meta name=\"twitter:card\" content=\"summary_large_image\" \/>\n<meta name=\"twitter:label1\" content=\"Escrito por\" \/>\n\t<meta name=\"twitter:data1\" content=\"Farn\u00e9sio\" \/>\n\t<meta name=\"twitter:label2\" content=\"Est. tempo de leitura\" \/>\n\t<meta name=\"twitter:data2\" content=\"1 minuto\" \/>\n<script type=\"application\/ld+json\" class=\"yoast-schema-graph\">{\"@context\":\"https:\\\/\\\/schema.org\",\"@graph\":[{\"@type\":\"Article\",\"@id\":\"https:\\\/\\\/blogdofarnesio.com.br\\\/?p=174806#article\",\"isPartOf\":{\"@id\":\"https:\\\/\\\/blogdofarnesio.com.br\\\/?p=174806\"},\"author\":{\"name\":\"Farn\u00e9sio\",\"@id\":\"https:\\\/\\\/blogdofarnesio.com.br\\\/#\\\/schema\\\/person\\\/301c4acf522bccbfdb45af95b5b906a1\"},\"headline\":\"DEFINI\u00c7\u00c3O PARA DATA DA 4\u00aa RODADA DA LIGA NACIONAL DE FUT. AMERICANO DEVE SAIR HOJE\",\"datePublished\":\"2017-08-28T13:42:57+00:00\",\"mainEntityOfPage\":{\"@id\":\"https:\\\/\\\/blogdofarnesio.com.br\\\/?p=174806\"},\"wordCount\":234,\"commentCount\":0,\"publisher\":{\"@id\":\"https:\\\/\\\/blogdofarnesio.com.br\\\/#organization\"},\"image\":{\"@id\":\"https:\\\/\\\/blogdofarnesio.com.br\\\/?p=174806#primaryimage\"},\"thumbnailUrl\":\"https:\\\/\\\/blogdofarnesio.com.br\\\/wp-content\\\/uploads\\\/2017\\\/08\\\/blogqsp-Indefini\u00e7\u00e3o-4\u00aa-rodada-da-Liga-Nacional-de-Fut.-Americano.jpg\",\"articleSection\":[\"Esportes\"],\"inLanguage\":\"pt-BR\",\"potentialAction\":[{\"@type\":\"CommentAction\",\"name\":\"Comment\",\"target\":[\"https:\\\/\\\/blogdofarnesio.com.br\\\/?p=174806#respond\"]}]},{\"@type\":\"WebPage\",\"@id\":\"https:\\\/\\\/blogdofarnesio.com.br\\\/?p=174806\",\"url\":\"https:\\\/\\\/blogdofarnesio.com.br\\\/?p=174806\",\"name\":\"DEFINI\u00c7\u00c3O PARA DATA DA 4\u00aa RODADA DA LIGA NACIONAL DE FUT. AMERICANO DEVE SAIR HOJE - Blog do Farn\u00e9sio\",\"isPartOf\":{\"@id\":\"https:\\\/\\\/blogdofarnesio.com.br\\\/#website\"},\"primaryImageOfPage\":{\"@id\":\"https:\\\/\\\/blogdofarnesio.com.br\\\/?p=174806#primaryimage\"},\"image\":{\"@id\":\"https:\\\/\\\/blogdofarnesio.com.br\\\/?p=174806#primaryimage\"},\"thumbnailUrl\":\"https:\\\/\\\/blogdofarnesio.com.br\\\/wp-content\\\/uploads\\\/2017\\\/08\\\/blogqsp-Indefini\u00e7\u00e3o-4\u00aa-rodada-da-Liga-Nacional-de-Fut.-Americano.jpg\",\"datePublished\":\"2017-08-28T13:42:57+00:00\",\"breadcrumb\":{\"@id\":\"https:\\\/\\\/blogdofarnesio.com.br\\\/?p=174806#breadcrumb\"},\"inLanguage\":\"pt-BR\",\"potentialAction\":[{\"@type\":\"ReadAction\",\"target\":[\"https:\\\/\\\/blogdofarnesio.com.br\\\/?p=174806\"]}]},{\"@type\":\"ImageObject\",\"inLanguage\":\"pt-BR\",\"@id\":\"https:\\\/\\\/blogdofarnesio.com.br\\\/?p=174806#primaryimage\",\"url\":\"https:\\\/\\\/blogdofarnesio.com.br\\\/wp-content\\\/uploads\\\/2017\\\/08\\\/blogqsp-Indefini\u00e7\u00e3o-4\u00aa-rodada-da-Liga-Nacional-de-Fut.-Americano.jpg\",\"contentUrl\":\"https:\\\/\\\/blogdofarnesio.com.br\\\/wp-content\\\/uploads\\\/2017\\\/08\\\/blogqsp-Indefini\u00e7\u00e3o-4\u00aa-rodada-da-Liga-Nacional-de-Fut.-Americano.jpg\",\"width\":453,\"height\":640},{\"@type\":\"BreadcrumbList\",\"@id\":\"https:\\\/\\\/blogdofarnesio.com.br\\\/?p=174806#breadcrumb\",\"itemListElement\":[{\"@type\":\"ListItem\",\"position\":1,\"name\":\"In\u00edcio\",\"item\":\"https:\\\/\\\/blogdofarnesio.com.br\\\/\"},{\"@type\":\"ListItem\",\"position\":2,\"name\":\"DEFINI\u00c7\u00c3O PARA DATA DA 4\u00aa RODADA DA LIGA NACIONAL DE FUT. AMERICANO DEVE SAIR HOJE\"}]},{\"@type\":\"WebSite\",\"@id\":\"https:\\\/\\\/blogdofarnesio.com.br\\\/#website\",\"url\":\"https:\\\/\\\/blogdofarnesio.com.br\\\/\",\"name\":\"Blog do Farn\u00e9sio\",\"description\":\"Quer Saber Pol\u00edtica?\",\"publisher\":{\"@id\":\"https:\\\/\\\/blogdofarnesio.com.br\\\/#organization\"},\"potentialAction\":[{\"@type\":\"SearchAction\",\"target\":{\"@type\":\"EntryPoint\",\"urlTemplate\":\"https:\\\/\\\/blogdofarnesio.com.br\\\/?s={search_term_string}\"},\"query-input\":{\"@type\":\"PropertyValueSpecification\",\"valueRequired\":true,\"valueName\":\"search_term_string\"}}],\"inLanguage\":\"pt-BR\"},{\"@type\":\"Organization\",\"@id\":\"https:\\\/\\\/blogdofarnesio.com.br\\\/#organization\",\"name\":\"Blog do Farn\u00e9sio\",\"url\":\"https:\\\/\\\/blogdofarnesio.com.br\\\/\",\"logo\":{\"@type\":\"ImageObject\",\"inLanguage\":\"pt-BR\",\"@id\":\"https:\\\/\\\/blogdofarnesio.com.br\\\/#\\\/schema\\\/logo\\\/image\\\/\",\"url\":\"https:\\\/\\\/blogdofarnesio.com.br\\\/wp-content\\\/uploads\\\/2026\\\/03\\\/cropped-logo_new-1.png\",\"contentUrl\":\"https:\\\/\\\/blogdofarnesio.com.br\\\/wp-content\\\/uploads\\\/2026\\\/03\\\/cropped-logo_new-1.png\",\"width\":881,\"height\":685,\"caption\":\"Blog do Farn\u00e9sio\"},\"image\":{\"@id\":\"https:\\\/\\\/blogdofarnesio.com.br\\\/#\\\/schema\\\/logo\\\/image\\\/\"},\"sameAs\":[\"https:\\\/\\\/www.facebook.com\\\/BlogQuerSaberPolitica\\\/\"]},{\"@type\":\"Person\",\"@id\":\"https:\\\/\\\/blogdofarnesio.com.br\\\/#\\\/schema\\\/person\\\/301c4acf522bccbfdb45af95b5b906a1\",\"name\":\"Farn\u00e9sio\",\"image\":{\"@type\":\"ImageObject\",\"inLanguage\":\"pt-BR\",\"@id\":\"https:\\\/\\\/secure.gravatar.com\\\/avatar\\\/df0c9a14567c056f8ad6876ba5bbd1e3e2c48023eb6807342fc4663adf549f38?s=96&d=mm&r=g\",\"url\":\"https:\\\/\\\/secure.gravatar.com\\\/avatar\\\/df0c9a14567c056f8ad6876ba5bbd1e3e2c48023eb6807342fc4663adf549f38?s=96&d=mm&r=g\",\"contentUrl\":\"https:\\\/\\\/secure.gravatar.com\\\/avatar\\\/df0c9a14567c056f8ad6876ba5bbd1e3e2c48023eb6807342fc4663adf549f38?s=96&d=mm&r=g\",\"caption\":\"Farn\u00e9sio\"},\"sameAs\":[\"https:\\\/\\\/quersaberpolitica.com.br\"],\"url\":\"https:\\\/\\\/blogdofarnesio.com.br\\\/?author=1\"}]}<\/script>\n<!-- \/ Yoast SEO plugin. -->","yoast_head_json":{"title":"DEFINI\u00c7\u00c3O PARA DATA DA 4\u00aa RODADA DA LIGA NACIONAL DE FUT. AMERICANO DEVE SAIR HOJE - Blog do Farn\u00e9sio","robots":{"index":"index","follow":"follow","max-snippet":"max-snippet:-1","max-image-preview":"max-image-preview:large","max-video-preview":"max-video-preview:-1"},"canonical":"https:\/\/blogdofarnesio.com.br\/?p=174806","og_locale":"pt_BR","og_type":"article","og_title":"DEFINI\u00c7\u00c3O PARA DATA DA 4\u00aa RODADA DA LIGA NACIONAL DE FUT. AMERICANO DEVE SAIR HOJE - Blog do Farn\u00e9sio","og_description":"A Dire\u00e7\u00e3o do Carrancas Futebol Americano vem, atrav\u00e9s desta nota p\u00fablica, informar que o pr\u00f3ximo jogo da equipe, como mandante, segue com data indefinida. A data oficial ser\u00e1 divulgada assim que a tabela do Campeonato Pernambucano de Futebol da S\u00e9rie A2 estiver definida oficialmente, pela Federa\u00e7\u00e3o Pernambucana de Futebol (FPF). A previs\u00e3o \u00e9 que a FPF fa\u00e7a o an\u00fancio nesta segunda-feira, dia 28\/08. A cidade de Petrolina ter\u00e1 dois representantes na competi\u00e7\u00e3o de futebol: o Petrolina SFC e o 1\u00ba de Maio FC. O Campeonato Pernambucano de futebol come\u00e7a no dia 09 de setembro e o Carrancas deseja sucesso aos dois times da regi\u00e3o. A 4\u00aa rodada da Liga Nacional de Futebol Americano est\u00e1 programada para o 3\u00ba final de&hellip;","og_url":"https:\/\/blogdofarnesio.com.br\/?p=174806","og_site_name":"Blog do Farn\u00e9sio","article_publisher":"https:\/\/www.facebook.com\/BlogQuerSaberPolitica\/","article_published_time":"2017-08-28T13:42:57+00:00","og_image":[{"width":453,"height":640,"url":"https:\/\/blogdofarnesio.com.br\/wp-content\/uploads\/2017\/08\/blogqsp-Indefini\u00e7\u00e3o-4\u00aa-rodada-da-Liga-Nacional-de-Fut.-Americano.jpg","type":"image\/jpeg"}],"author":"Farn\u00e9sio","twitter_card":"summary_large_image","twitter_misc":{"Escrito por":"Farn\u00e9sio","Est. tempo de leitura":"1 minuto"},"schema":{"@context":"https:\/\/schema.org","@graph":[{"@type":"Article","@id":"https:\/\/blogdofarnesio.com.br\/?p=174806#article","isPartOf":{"@id":"https:\/\/blogdofarnesio.com.br\/?p=174806"},"author":{"name":"Farn\u00e9sio","@id":"https:\/\/blogdofarnesio.com.br\/#\/schema\/person\/301c4acf522bccbfdb45af95b5b906a1"},"headline":"DEFINI\u00c7\u00c3O PARA DATA DA 4\u00aa RODADA DA LIGA NACIONAL DE FUT. AMERICANO DEVE SAIR HOJE","datePublished":"2017-08-28T13:42:57+00:00","mainEntityOfPage":{"@id":"https:\/\/blogdofarnesio.com.br\/?p=174806"},"wordCount":234,"commentCount":0,"publisher":{"@id":"https:\/\/blogdofarnesio.com.br\/#organization"},"image":{"@id":"https:\/\/blogdofarnesio.com.br\/?p=174806#primaryimage"},"thumbnailUrl":"https:\/\/blogdofarnesio.com.br\/wp-content\/uploads\/2017\/08\/blogqsp-Indefini\u00e7\u00e3o-4\u00aa-rodada-da-Liga-Nacional-de-Fut.-Americano.jpg","articleSection":["Esportes"],"inLanguage":"pt-BR","potentialAction":[{"@type":"CommentAction","name":"Comment","target":["https:\/\/blogdofarnesio.com.br\/?p=174806#respond"]}]},{"@type":"WebPage","@id":"https:\/\/blogdofarnesio.com.br\/?p=174806","url":"https:\/\/blogdofarnesio.com.br\/?p=174806","name":"DEFINI\u00c7\u00c3O PARA DATA DA 4\u00aa RODADA DA LIGA NACIONAL DE FUT. AMERICANO DEVE SAIR HOJE - Blog do Farn\u00e9sio","isPartOf":{"@id":"https:\/\/blogdofarnesio.com.br\/#website"},"primaryImageOfPage":{"@id":"https:\/\/blogdofarnesio.com.br\/?p=174806#primaryimage"},"image":{"@id":"https:\/\/blogdofarnesio.com.br\/?p=174806#primaryimage"},"thumbnailUrl":"https:\/\/blogdofarnesio.com.br\/wp-content\/uploads\/2017\/08\/blogqsp-Indefini\u00e7\u00e3o-4\u00aa-rodada-da-Liga-Nacional-de-Fut.-Americano.jpg","datePublished":"2017-08-28T13:42:57+00:00","breadcrumb":{"@id":"https:\/\/blogdofarnesio.com.br\/?p=174806#breadcrumb"},"inLanguage":"pt-BR","potentialAction":[{"@type":"ReadAction","target":["https:\/\/blogdofarnesio.com.br\/?p=174806"]}]},{"@type":"ImageObject","inLanguage":"pt-BR","@id":"https:\/\/blogdofarnesio.com.br\/?p=174806#primaryimage","url":"https:\/\/blogdofarnesio.com.br\/wp-content\/uploads\/2017\/08\/blogqsp-Indefini\u00e7\u00e3o-4\u00aa-rodada-da-Liga-Nacional-de-Fut.-Americano.jpg","contentUrl":"https:\/\/blogdofarnesio.com.br\/wp-content\/uploads\/2017\/08\/blogqsp-Indefini\u00e7\u00e3o-4\u00aa-rodada-da-Liga-Nacional-de-Fut.-Americano.jpg","width":453,"height":640},{"@type":"BreadcrumbList","@id":"https:\/\/blogdofarnesio.com.br\/?p=174806#breadcrumb","itemListElement":[{"@type":"ListItem","position":1,"name":"In\u00edcio","item":"https:\/\/blogdofarnesio.com.br\/"},{"@type":"ListItem","position":2,"name":"DEFINI\u00c7\u00c3O PARA DATA DA 4\u00aa RODADA DA LIGA NACIONAL DE FUT. AMERICANO DEVE SAIR HOJE"}]},{"@type":"WebSite","@id":"https:\/\/blogdofarnesio.com.br\/#website","url":"https:\/\/blogdofarnesio.com.br\/","name":"Blog do Farn\u00e9sio","description":"Quer Saber Pol\u00edtica?","publisher":{"@id":"https:\/\/blogdofarnesio.com.br\/#organization"},"potentialAction":[{"@type":"SearchAction","target":{"@type":"EntryPoint","urlTemplate":"https:\/\/blogdofarnesio.com.br\/?s={search_term_string}"},"query-input":{"@type":"PropertyValueSpecification","valueRequired":true,"valueName":"search_term_string"}}],"inLanguage":"pt-BR"},{"@type":"Organization","@id":"https:\/\/blogdofarnesio.com.br\/#organization","name":"Blog do Farn\u00e9sio","url":"https:\/\/blogdofarnesio.com.br\/","logo":{"@type":"ImageObject","inLanguage":"pt-BR","@id":"https:\/\/blogdofarnesio.com.br\/#\/schema\/logo\/image\/","url":"https:\/\/blogdofarnesio.com.br\/wp-content\/uploads\/2026\/03\/cropped-logo_new-1.png","contentUrl":"https:\/\/blogdofarnesio.com.br\/wp-content\/uploads\/2026\/03\/cropped-logo_new-1.png","width":881,"height":685,"caption":"Blog do Farn\u00e9sio"},"image":{"@id":"https:\/\/blogdofarnesio.com.br\/#\/schema\/logo\/image\/"},"sameAs":["https:\/\/www.facebook.com\/BlogQuerSaberPolitica\/"]},{"@type":"Person","@id":"https:\/\/blogdofarnesio.com.br\/#\/schema\/person\/301c4acf522bccbfdb45af95b5b906a1","name":"Farn\u00e9sio","image":{"@type":"ImageObject","inLanguage":"pt-BR","@id":"https:\/\/secure.gravatar.com\/avatar\/df0c9a14567c056f8ad6876ba5bbd1e3e2c48023eb6807342fc4663adf549f38?s=96&d=mm&r=g","url":"https:\/\/secure.gravatar.com\/avatar\/df0c9a14567c056f8ad6876ba5bbd1e3e2c48023eb6807342fc4663adf549f38?s=96&d=mm&r=g","contentUrl":"https:\/\/secure.gravatar.com\/avatar\/df0c9a14567c056f8ad6876ba5bbd1e3e2c48023eb6807342fc4663adf549f38?s=96&d=mm&r=g","caption":"Farn\u00e9sio"},"sameAs":["https:\/\/quersaberpolitica.com.br"],"url":"https:\/\/blogdofarnesio.com.br\/?author=1"}]}},"_links":{"self":[{"href":"https:\/\/blogdofarnesio.com.br\/index.php?rest_route=\/wp\/v2\/posts\/174806","targetHints":{"allow":["GET"]}}],"collection":[{"href":"https:\/\/blogdofarnesio.com.br\/index.php?rest_route=\/wp\/v2\/posts"}],"about":[{"href":"https:\/\/blogdofarnesio.com.br\/index.php?rest_route=\/wp\/v2\/types\/post"}],"author":[{"embeddable":true,"href":"https:\/\/blogdofarnesio.com.br\/index.php?rest_route=\/wp\/v2\/users\/1"}],"replies":[{"embeddable":true,"href":"https:\/\/blogdofarnesio.com.br\/index.php?rest_route=%2Fwp%2Fv2%2Fcomments&post=174806"}],"version-history":[{"count":0,"href":"https:\/\/blogdofarnesio.com.br\/index.php?rest_route=\/wp\/v2\/posts\/174806\/revisions"}],"wp:featuredmedia":[{"embeddable":true,"href":"https:\/\/blogdofarnesio.com.br\/index.php?rest_route=\/wp\/v2\/media\/174807"}],"wp:attachment":[{"href":"https:\/\/blogdofarnesio.com.br\/index.php?rest_route=%2Fwp%2Fv2%2Fmedia&parent=174806"}],"wp:term":[{"taxonomy":"category","embeddable":true,"href":"https:\/\/blogdofarnesio.com.br\/index.php?rest_route=%2Fwp%2Fv2%2Fcategories&post=174806"},{"taxonomy":"post_tag","embeddable":true,"href":"https:\/\/blogdofarnesio.com.br\/index.php?rest_route=%2Fwp%2Fv2%2Ftags&post=174806"}],"curies":[{"name":"wp","href":"https:\/\/api.w.org\/{rel}","templated":true}]}}