{"id":174681,"date":"2017-08-23T17:33:31","date_gmt":"2017-08-23T20:33:31","guid":{"rendered":"http:\/\/quersaberpolitica.com.br\/2016\/?p=174681"},"modified":"2017-08-23T16:57:40","modified_gmt":"2017-08-23T19:57:40","slug":"operacao-lei-seca-atinge-marca-de-2-milhoes-de-motoristas-abordados-em-pernambuco","status":"publish","type":"post","link":"https:\/\/blogdofarnesio.com.br\/?p=174681","title":{"rendered":"OPERA\u00c7\u00c3O LEI SECA ATINGE MARCA DE 2 MILH\u00d5ES DE MOTORISTAS ABORDADOS EM PERNAMBUCO"},"content":{"rendered":"<p style=\"text-align: justify;\">A Opera\u00e7\u00e3o Lei Seca (OLS), coordenada pela Secretaria Estadual de Sa\u00fade (SES), atingiu a marca dos 2 milh\u00f5es de condutores que realizarem o teste do baf\u00f4metro em Pernambuco, desde o in\u00edcio do programa. Em pouco mais de 5 anos, de dezembro de 2011 at\u00e9 agosto de 2017, foram parados nas a\u00e7\u00f5es de fiscaliza\u00e7\u00e3o 2.000.245 motoristas que conduziam t\u00e1xis, motos, cinquentinhas, \u00f4nibus, autom\u00f3veis de passeio ou utilit\u00e1rios. As infra\u00e7\u00f5es por alcoolemia, quando h\u00e1 constata\u00e7\u00e3o do uso da bebida alco\u00f3lica pelo condutor, crime por ultrapassar o teor alco\u00f3lico determinado pela legisla\u00e7\u00e3o ou recusa ao teste do baf\u00f4metro, somaram 37.993 casos, o que corresponde a menos de 2% do total de abordagens realizadas pelas equipes da OLS em todo o Estado.<\/p>\n<p style=\"text-align: justify;\">&#8220;Essa porcentagem evidencia o trabalho proposto pela Lei Seca, que tem foco na preven\u00e7\u00e3o e na mudan\u00e7a do padr\u00e3o de comportamento dos motoristas em rela\u00e7\u00e3o ao consumo de \u00e1lcool e o uso da dire\u00e7\u00e3o. As a\u00e7\u00f5es de fiscaliza\u00e7\u00e3o est\u00e3o aliadas, sobretudo, \u00e0 orienta\u00e7\u00e3o aos condutores. Nossas blitze tamb\u00e9m contam com bal\u00f5es de identifica\u00e7\u00e3o e materiais educativos para os motoristas e caronas&#8221;, comenta o coordenador da OLS, F\u00e1bio Bagetti.<\/p>\n<p style=\"text-align: justify;\">Cerca de 94% dos condutores foram liberados por n\u00e3o cometerem nenhum tipo de infra\u00e7\u00e3o e apenas 6% foram multados por algum tipo irregularidade no ve\u00edculo. Do total de abordagens realizadas pelas equipes, o maior volume corresponde aos ve\u00edculos de passeio, que representam 50% dos autom\u00f3veis parados nos bloqueios; seguidos das motocicletas, com 33%, o que equivale a 660 mil motos; seguido de utilit\u00e1rios, t\u00e1xis, \u00f4nibus e cinquentinhas.<\/p>\n<p style=\"text-align: justify;\">Em 2012, a OLS foi ampliada de seis para nove equipes, tornando-se, proporcionalmente \u00e0 popula\u00e7\u00e3o, a maior Lei Seca do Pa\u00eds. Desde ent\u00e3o, a OLS permanece com o formato itinerante dos bloqueios, di\u00e1rios, na Regi\u00e3o Metropolitana do Recife e tamb\u00e9m Interior do Estado, percorrendo todos os munic\u00edpios pernambucanos em hor\u00e1rios variados, todos os dias da semana, realizando at\u00e9 200 blitz por m\u00eas. O trabalho da OLS envolve, al\u00e9m da SES, agentes do Departamento Estadual de Tr\u00e2nsito de Pernambuco (Detran-PE) e Pol\u00edcia Militar de Pernambuco (PMPE).<\/p>\n<p style=\"text-align: justify;\">No trabalho educativo de orienta\u00e7\u00e3o \u00e0 popula\u00e7\u00e3o, a Opera\u00e7\u00e3o conta com quatro equipes educativas. Cada uma \u00e9 composta por quatro pessoas com defici\u00eancia, cadeirantes ou muletantes, e dois auxiliares, que ajudam na condu\u00e7\u00e3o das pessoas com defici\u00eancia e na entrega de panfletos e folders educativos. A a\u00e7\u00e3o ocorre em bares e pontos de aglomera\u00e7\u00e3o, como forma de evitar que os condutores dirijam ap\u00f3s o consumo de \u00e1lcool. As a\u00e7\u00f5es tamb\u00e9m acontecem em escolas, universidades, empresas e associa\u00e7\u00f5es por meio de semin\u00e1rios e palestras.<\/p>\n","protected":false},"excerpt":{"rendered":"<p>A Opera\u00e7\u00e3o Lei Seca (OLS), coordenada pela Secretaria Estadual de Sa\u00fade (SES), atingiu a marca dos 2 milh\u00f5es de condutores que realizarem o teste do baf\u00f4metro em Pernambuco, desde o in\u00edcio do programa. Em pouco mais de 5 anos, de dezembro de 2011 at\u00e9 agosto de 2017, foram parados nas a\u00e7\u00f5es de fiscaliza\u00e7\u00e3o 2.000.245 motoristas que conduziam t\u00e1xis, motos, cinquentinhas, \u00f4nibus, autom\u00f3veis de passeio ou utilit\u00e1rios. As infra\u00e7\u00f5es por alcoolemia, quando h\u00e1 constata\u00e7\u00e3o do uso da bebida alco\u00f3lica pelo condutor, crime por ultrapassar o teor alco\u00f3lico determinado pela legisla\u00e7\u00e3o ou recusa ao teste do baf\u00f4metro, somaram 37.993 casos, o que corresponde a menos de 2% do total de abordagens realizadas pelas equipes da OLS em todo o Estado. &#8220;Essa porcentagem&hellip; <\/p>\n","protected":false},"author":1,"featured_media":174682,"comment_status":"open","ping_status":"open","sticky":false,"template":"","format":"standard","meta":{"_acf_changed":false,"footnotes":""},"categories":[44],"tags":[],"class_list":["post-174681","post","type-post","status-publish","format-standard","has-post-thumbnail","hentry","category-administracao"],"acf":[],"yoast_head":"<!-- This site is optimized with the Yoast SEO plugin v27.4 - https:\/\/yoast.com\/product\/yoast-seo-wordpress\/ -->\n<title>OPERA\u00c7\u00c3O LEI SECA ATINGE MARCA DE 2 MILH\u00d5ES DE MOTORISTAS ABORDADOS EM PERNAMBUCO - Blog do Farn\u00e9sio<\/title>\n<meta name=\"robots\" content=\"index, follow, max-snippet:-1, max-image-preview:large, max-video-preview:-1\" \/>\n<link rel=\"canonical\" href=\"https:\/\/blogdofarnesio.com.br\/?p=174681\" \/>\n<meta property=\"og:locale\" content=\"pt_BR\" \/>\n<meta property=\"og:type\" content=\"article\" \/>\n<meta property=\"og:title\" content=\"OPERA\u00c7\u00c3O LEI SECA ATINGE MARCA DE 2 MILH\u00d5ES DE MOTORISTAS ABORDADOS EM PERNAMBUCO - Blog do Farn\u00e9sio\" \/>\n<meta property=\"og:description\" content=\"A Opera\u00e7\u00e3o Lei Seca (OLS), coordenada pela Secretaria Estadual de Sa\u00fade (SES), atingiu a marca dos 2 milh\u00f5es de condutores que realizarem o teste do baf\u00f4metro em Pernambuco, desde o in\u00edcio do programa. Em pouco mais de 5 anos, de dezembro de 2011 at\u00e9 agosto de 2017, foram parados nas a\u00e7\u00f5es de fiscaliza\u00e7\u00e3o 2.000.245 motoristas que conduziam t\u00e1xis, motos, cinquentinhas, \u00f4nibus, autom\u00f3veis de passeio ou utilit\u00e1rios. As infra\u00e7\u00f5es por alcoolemia, quando h\u00e1 constata\u00e7\u00e3o do uso da bebida alco\u00f3lica pelo condutor, crime por ultrapassar o teor alco\u00f3lico determinado pela legisla\u00e7\u00e3o ou recusa ao teste do baf\u00f4metro, somaram 37.993 casos, o que corresponde a menos de 2% do total de abordagens realizadas pelas equipes da OLS em todo o Estado. &#8220;Essa porcentagem&hellip;\" \/>\n<meta property=\"og:url\" content=\"https:\/\/blogdofarnesio.com.br\/?p=174681\" \/>\n<meta property=\"og:site_name\" content=\"Blog do Farn\u00e9sio\" \/>\n<meta property=\"article:publisher\" content=\"https:\/\/www.facebook.com\/BlogQuerSaberPolitica\/\" \/>\n<meta property=\"article:published_time\" content=\"2017-08-23T20:33:31+00:00\" \/>\n<meta property=\"og:image\" content=\"https:\/\/blogdofarnesio.com.br\/wp-content\/uploads\/2017\/08\/blogqsp-opera\u00e7\u00e3oleiseca.jpg\" \/>\n\t<meta property=\"og:image:width\" content=\"640\" \/>\n\t<meta property=\"og:image:height\" content=\"426\" \/>\n\t<meta property=\"og:image:type\" content=\"image\/jpeg\" \/>\n<meta name=\"author\" content=\"Farn\u00e9sio\" \/>\n<meta name=\"twitter:card\" content=\"summary_large_image\" \/>\n<meta name=\"twitter:label1\" content=\"Escrito por\" \/>\n\t<meta name=\"twitter:data1\" content=\"Farn\u00e9sio\" \/>\n\t<meta name=\"twitter:label2\" content=\"Est. tempo de leitura\" \/>\n\t<meta name=\"twitter:data2\" content=\"2 minutos\" \/>\n<script type=\"application\/ld+json\" class=\"yoast-schema-graph\">{\"@context\":\"https:\\\/\\\/schema.org\",\"@graph\":[{\"@type\":\"Article\",\"@id\":\"https:\\\/\\\/blogdofarnesio.com.br\\\/?p=174681#article\",\"isPartOf\":{\"@id\":\"https:\\\/\\\/blogdofarnesio.com.br\\\/?p=174681\"},\"author\":{\"name\":\"Farn\u00e9sio\",\"@id\":\"https:\\\/\\\/blogdofarnesio.com.br\\\/#\\\/schema\\\/person\\\/301c4acf522bccbfdb45af95b5b906a1\"},\"headline\":\"OPERA\u00c7\u00c3O LEI SECA ATINGE MARCA DE 2 MILH\u00d5ES DE MOTORISTAS ABORDADOS EM PERNAMBUCO\",\"datePublished\":\"2017-08-23T20:33:31+00:00\",\"mainEntityOfPage\":{\"@id\":\"https:\\\/\\\/blogdofarnesio.com.br\\\/?p=174681\"},\"wordCount\":478,\"commentCount\":0,\"publisher\":{\"@id\":\"https:\\\/\\\/blogdofarnesio.com.br\\\/#organization\"},\"image\":{\"@id\":\"https:\\\/\\\/blogdofarnesio.com.br\\\/?p=174681#primaryimage\"},\"thumbnailUrl\":\"https:\\\/\\\/blogdofarnesio.com.br\\\/wp-content\\\/uploads\\\/2017\\\/08\\\/blogqsp-opera\u00e7\u00e3oleiseca.jpg\",\"articleSection\":[\"Administra\u00e7\u00e3o\"],\"inLanguage\":\"pt-BR\",\"potentialAction\":[{\"@type\":\"CommentAction\",\"name\":\"Comment\",\"target\":[\"https:\\\/\\\/blogdofarnesio.com.br\\\/?p=174681#respond\"]}]},{\"@type\":\"WebPage\",\"@id\":\"https:\\\/\\\/blogdofarnesio.com.br\\\/?p=174681\",\"url\":\"https:\\\/\\\/blogdofarnesio.com.br\\\/?p=174681\",\"name\":\"OPERA\u00c7\u00c3O LEI SECA ATINGE MARCA DE 2 MILH\u00d5ES DE MOTORISTAS ABORDADOS EM PERNAMBUCO - Blog do Farn\u00e9sio\",\"isPartOf\":{\"@id\":\"https:\\\/\\\/blogdofarnesio.com.br\\\/#website\"},\"primaryImageOfPage\":{\"@id\":\"https:\\\/\\\/blogdofarnesio.com.br\\\/?p=174681#primaryimage\"},\"image\":{\"@id\":\"https:\\\/\\\/blogdofarnesio.com.br\\\/?p=174681#primaryimage\"},\"thumbnailUrl\":\"https:\\\/\\\/blogdofarnesio.com.br\\\/wp-content\\\/uploads\\\/2017\\\/08\\\/blogqsp-opera\u00e7\u00e3oleiseca.jpg\",\"datePublished\":\"2017-08-23T20:33:31+00:00\",\"breadcrumb\":{\"@id\":\"https:\\\/\\\/blogdofarnesio.com.br\\\/?p=174681#breadcrumb\"},\"inLanguage\":\"pt-BR\",\"potentialAction\":[{\"@type\":\"ReadAction\",\"target\":[\"https:\\\/\\\/blogdofarnesio.com.br\\\/?p=174681\"]}]},{\"@type\":\"ImageObject\",\"inLanguage\":\"pt-BR\",\"@id\":\"https:\\\/\\\/blogdofarnesio.com.br\\\/?p=174681#primaryimage\",\"url\":\"https:\\\/\\\/blogdofarnesio.com.br\\\/wp-content\\\/uploads\\\/2017\\\/08\\\/blogqsp-opera\u00e7\u00e3oleiseca.jpg\",\"contentUrl\":\"https:\\\/\\\/blogdofarnesio.com.br\\\/wp-content\\\/uploads\\\/2017\\\/08\\\/blogqsp-opera\u00e7\u00e3oleiseca.jpg\",\"width\":640,\"height\":426},{\"@type\":\"BreadcrumbList\",\"@id\":\"https:\\\/\\\/blogdofarnesio.com.br\\\/?p=174681#breadcrumb\",\"itemListElement\":[{\"@type\":\"ListItem\",\"position\":1,\"name\":\"In\u00edcio\",\"item\":\"https:\\\/\\\/blogdofarnesio.com.br\\\/\"},{\"@type\":\"ListItem\",\"position\":2,\"name\":\"OPERA\u00c7\u00c3O LEI SECA ATINGE MARCA DE 2 MILH\u00d5ES DE MOTORISTAS ABORDADOS EM PERNAMBUCO\"}]},{\"@type\":\"WebSite\",\"@id\":\"https:\\\/\\\/blogdofarnesio.com.br\\\/#website\",\"url\":\"https:\\\/\\\/blogdofarnesio.com.br\\\/\",\"name\":\"Blog do Farn\u00e9sio\",\"description\":\"Quer Saber Pol\u00edtica?\",\"publisher\":{\"@id\":\"https:\\\/\\\/blogdofarnesio.com.br\\\/#organization\"},\"potentialAction\":[{\"@type\":\"SearchAction\",\"target\":{\"@type\":\"EntryPoint\",\"urlTemplate\":\"https:\\\/\\\/blogdofarnesio.com.br\\\/?s={search_term_string}\"},\"query-input\":{\"@type\":\"PropertyValueSpecification\",\"valueRequired\":true,\"valueName\":\"search_term_string\"}}],\"inLanguage\":\"pt-BR\"},{\"@type\":\"Organization\",\"@id\":\"https:\\\/\\\/blogdofarnesio.com.br\\\/#organization\",\"name\":\"Blog do Farn\u00e9sio\",\"url\":\"https:\\\/\\\/blogdofarnesio.com.br\\\/\",\"logo\":{\"@type\":\"ImageObject\",\"inLanguage\":\"pt-BR\",\"@id\":\"https:\\\/\\\/blogdofarnesio.com.br\\\/#\\\/schema\\\/logo\\\/image\\\/\",\"url\":\"https:\\\/\\\/blogdofarnesio.com.br\\\/wp-content\\\/uploads\\\/2026\\\/03\\\/cropped-logo_new-1.png\",\"contentUrl\":\"https:\\\/\\\/blogdofarnesio.com.br\\\/wp-content\\\/uploads\\\/2026\\\/03\\\/cropped-logo_new-1.png\",\"width\":881,\"height\":685,\"caption\":\"Blog do Farn\u00e9sio\"},\"image\":{\"@id\":\"https:\\\/\\\/blogdofarnesio.com.br\\\/#\\\/schema\\\/logo\\\/image\\\/\"},\"sameAs\":[\"https:\\\/\\\/www.facebook.com\\\/BlogQuerSaberPolitica\\\/\"]},{\"@type\":\"Person\",\"@id\":\"https:\\\/\\\/blogdofarnesio.com.br\\\/#\\\/schema\\\/person\\\/301c4acf522bccbfdb45af95b5b906a1\",\"name\":\"Farn\u00e9sio\",\"image\":{\"@type\":\"ImageObject\",\"inLanguage\":\"pt-BR\",\"@id\":\"https:\\\/\\\/secure.gravatar.com\\\/avatar\\\/df0c9a14567c056f8ad6876ba5bbd1e3e2c48023eb6807342fc4663adf549f38?s=96&d=mm&r=g\",\"url\":\"https:\\\/\\\/secure.gravatar.com\\\/avatar\\\/df0c9a14567c056f8ad6876ba5bbd1e3e2c48023eb6807342fc4663adf549f38?s=96&d=mm&r=g\",\"contentUrl\":\"https:\\\/\\\/secure.gravatar.com\\\/avatar\\\/df0c9a14567c056f8ad6876ba5bbd1e3e2c48023eb6807342fc4663adf549f38?s=96&d=mm&r=g\",\"caption\":\"Farn\u00e9sio\"},\"sameAs\":[\"https:\\\/\\\/quersaberpolitica.com.br\"],\"url\":\"https:\\\/\\\/blogdofarnesio.com.br\\\/?author=1\"}]}<\/script>\n<!-- \/ Yoast SEO plugin. -->","yoast_head_json":{"title":"OPERA\u00c7\u00c3O LEI SECA ATINGE MARCA DE 2 MILH\u00d5ES DE MOTORISTAS ABORDADOS EM PERNAMBUCO - Blog do Farn\u00e9sio","robots":{"index":"index","follow":"follow","max-snippet":"max-snippet:-1","max-image-preview":"max-image-preview:large","max-video-preview":"max-video-preview:-1"},"canonical":"https:\/\/blogdofarnesio.com.br\/?p=174681","og_locale":"pt_BR","og_type":"article","og_title":"OPERA\u00c7\u00c3O LEI SECA ATINGE MARCA DE 2 MILH\u00d5ES DE MOTORISTAS ABORDADOS EM PERNAMBUCO - Blog do Farn\u00e9sio","og_description":"A Opera\u00e7\u00e3o Lei Seca (OLS), coordenada pela Secretaria Estadual de Sa\u00fade (SES), atingiu a marca dos 2 milh\u00f5es de condutores que realizarem o teste do baf\u00f4metro em Pernambuco, desde o in\u00edcio do programa. Em pouco mais de 5 anos, de dezembro de 2011 at\u00e9 agosto de 2017, foram parados nas a\u00e7\u00f5es de fiscaliza\u00e7\u00e3o 2.000.245 motoristas que conduziam t\u00e1xis, motos, cinquentinhas, \u00f4nibus, autom\u00f3veis de passeio ou utilit\u00e1rios. As infra\u00e7\u00f5es por alcoolemia, quando h\u00e1 constata\u00e7\u00e3o do uso da bebida alco\u00f3lica pelo condutor, crime por ultrapassar o teor alco\u00f3lico determinado pela legisla\u00e7\u00e3o ou recusa ao teste do baf\u00f4metro, somaram 37.993 casos, o que corresponde a menos de 2% do total de abordagens realizadas pelas equipes da OLS em todo o Estado. &#8220;Essa porcentagem&hellip;","og_url":"https:\/\/blogdofarnesio.com.br\/?p=174681","og_site_name":"Blog do Farn\u00e9sio","article_publisher":"https:\/\/www.facebook.com\/BlogQuerSaberPolitica\/","article_published_time":"2017-08-23T20:33:31+00:00","og_image":[{"width":640,"height":426,"url":"https:\/\/blogdofarnesio.com.br\/wp-content\/uploads\/2017\/08\/blogqsp-opera\u00e7\u00e3oleiseca.jpg","type":"image\/jpeg"}],"author":"Farn\u00e9sio","twitter_card":"summary_large_image","twitter_misc":{"Escrito por":"Farn\u00e9sio","Est. tempo de leitura":"2 minutos"},"schema":{"@context":"https:\/\/schema.org","@graph":[{"@type":"Article","@id":"https:\/\/blogdofarnesio.com.br\/?p=174681#article","isPartOf":{"@id":"https:\/\/blogdofarnesio.com.br\/?p=174681"},"author":{"name":"Farn\u00e9sio","@id":"https:\/\/blogdofarnesio.com.br\/#\/schema\/person\/301c4acf522bccbfdb45af95b5b906a1"},"headline":"OPERA\u00c7\u00c3O LEI SECA ATINGE MARCA DE 2 MILH\u00d5ES DE MOTORISTAS ABORDADOS EM PERNAMBUCO","datePublished":"2017-08-23T20:33:31+00:00","mainEntityOfPage":{"@id":"https:\/\/blogdofarnesio.com.br\/?p=174681"},"wordCount":478,"commentCount":0,"publisher":{"@id":"https:\/\/blogdofarnesio.com.br\/#organization"},"image":{"@id":"https:\/\/blogdofarnesio.com.br\/?p=174681#primaryimage"},"thumbnailUrl":"https:\/\/blogdofarnesio.com.br\/wp-content\/uploads\/2017\/08\/blogqsp-opera\u00e7\u00e3oleiseca.jpg","articleSection":["Administra\u00e7\u00e3o"],"inLanguage":"pt-BR","potentialAction":[{"@type":"CommentAction","name":"Comment","target":["https:\/\/blogdofarnesio.com.br\/?p=174681#respond"]}]},{"@type":"WebPage","@id":"https:\/\/blogdofarnesio.com.br\/?p=174681","url":"https:\/\/blogdofarnesio.com.br\/?p=174681","name":"OPERA\u00c7\u00c3O LEI SECA ATINGE MARCA DE 2 MILH\u00d5ES DE MOTORISTAS ABORDADOS EM PERNAMBUCO - Blog do Farn\u00e9sio","isPartOf":{"@id":"https:\/\/blogdofarnesio.com.br\/#website"},"primaryImageOfPage":{"@id":"https:\/\/blogdofarnesio.com.br\/?p=174681#primaryimage"},"image":{"@id":"https:\/\/blogdofarnesio.com.br\/?p=174681#primaryimage"},"thumbnailUrl":"https:\/\/blogdofarnesio.com.br\/wp-content\/uploads\/2017\/08\/blogqsp-opera\u00e7\u00e3oleiseca.jpg","datePublished":"2017-08-23T20:33:31+00:00","breadcrumb":{"@id":"https:\/\/blogdofarnesio.com.br\/?p=174681#breadcrumb"},"inLanguage":"pt-BR","potentialAction":[{"@type":"ReadAction","target":["https:\/\/blogdofarnesio.com.br\/?p=174681"]}]},{"@type":"ImageObject","inLanguage":"pt-BR","@id":"https:\/\/blogdofarnesio.com.br\/?p=174681#primaryimage","url":"https:\/\/blogdofarnesio.com.br\/wp-content\/uploads\/2017\/08\/blogqsp-opera\u00e7\u00e3oleiseca.jpg","contentUrl":"https:\/\/blogdofarnesio.com.br\/wp-content\/uploads\/2017\/08\/blogqsp-opera\u00e7\u00e3oleiseca.jpg","width":640,"height":426},{"@type":"BreadcrumbList","@id":"https:\/\/blogdofarnesio.com.br\/?p=174681#breadcrumb","itemListElement":[{"@type":"ListItem","position":1,"name":"In\u00edcio","item":"https:\/\/blogdofarnesio.com.br\/"},{"@type":"ListItem","position":2,"name":"OPERA\u00c7\u00c3O LEI SECA ATINGE MARCA DE 2 MILH\u00d5ES DE MOTORISTAS ABORDADOS EM PERNAMBUCO"}]},{"@type":"WebSite","@id":"https:\/\/blogdofarnesio.com.br\/#website","url":"https:\/\/blogdofarnesio.com.br\/","name":"Blog do Farn\u00e9sio","description":"Quer Saber Pol\u00edtica?","publisher":{"@id":"https:\/\/blogdofarnesio.com.br\/#organization"},"potentialAction":[{"@type":"SearchAction","target":{"@type":"EntryPoint","urlTemplate":"https:\/\/blogdofarnesio.com.br\/?s={search_term_string}"},"query-input":{"@type":"PropertyValueSpecification","valueRequired":true,"valueName":"search_term_string"}}],"inLanguage":"pt-BR"},{"@type":"Organization","@id":"https:\/\/blogdofarnesio.com.br\/#organization","name":"Blog do Farn\u00e9sio","url":"https:\/\/blogdofarnesio.com.br\/","logo":{"@type":"ImageObject","inLanguage":"pt-BR","@id":"https:\/\/blogdofarnesio.com.br\/#\/schema\/logo\/image\/","url":"https:\/\/blogdofarnesio.com.br\/wp-content\/uploads\/2026\/03\/cropped-logo_new-1.png","contentUrl":"https:\/\/blogdofarnesio.com.br\/wp-content\/uploads\/2026\/03\/cropped-logo_new-1.png","width":881,"height":685,"caption":"Blog do Farn\u00e9sio"},"image":{"@id":"https:\/\/blogdofarnesio.com.br\/#\/schema\/logo\/image\/"},"sameAs":["https:\/\/www.facebook.com\/BlogQuerSaberPolitica\/"]},{"@type":"Person","@id":"https:\/\/blogdofarnesio.com.br\/#\/schema\/person\/301c4acf522bccbfdb45af95b5b906a1","name":"Farn\u00e9sio","image":{"@type":"ImageObject","inLanguage":"pt-BR","@id":"https:\/\/secure.gravatar.com\/avatar\/df0c9a14567c056f8ad6876ba5bbd1e3e2c48023eb6807342fc4663adf549f38?s=96&d=mm&r=g","url":"https:\/\/secure.gravatar.com\/avatar\/df0c9a14567c056f8ad6876ba5bbd1e3e2c48023eb6807342fc4663adf549f38?s=96&d=mm&r=g","contentUrl":"https:\/\/secure.gravatar.com\/avatar\/df0c9a14567c056f8ad6876ba5bbd1e3e2c48023eb6807342fc4663adf549f38?s=96&d=mm&r=g","caption":"Farn\u00e9sio"},"sameAs":["https:\/\/quersaberpolitica.com.br"],"url":"https:\/\/blogdofarnesio.com.br\/?author=1"}]}},"_links":{"self":[{"href":"https:\/\/blogdofarnesio.com.br\/index.php?rest_route=\/wp\/v2\/posts\/174681","targetHints":{"allow":["GET"]}}],"collection":[{"href":"https:\/\/blogdofarnesio.com.br\/index.php?rest_route=\/wp\/v2\/posts"}],"about":[{"href":"https:\/\/blogdofarnesio.com.br\/index.php?rest_route=\/wp\/v2\/types\/post"}],"author":[{"embeddable":true,"href":"https:\/\/blogdofarnesio.com.br\/index.php?rest_route=\/wp\/v2\/users\/1"}],"replies":[{"embeddable":true,"href":"https:\/\/blogdofarnesio.com.br\/index.php?rest_route=%2Fwp%2Fv2%2Fcomments&post=174681"}],"version-history":[{"count":0,"href":"https:\/\/blogdofarnesio.com.br\/index.php?rest_route=\/wp\/v2\/posts\/174681\/revisions"}],"wp:featuredmedia":[{"embeddable":true,"href":"https:\/\/blogdofarnesio.com.br\/index.php?rest_route=\/wp\/v2\/media\/174682"}],"wp:attachment":[{"href":"https:\/\/blogdofarnesio.com.br\/index.php?rest_route=%2Fwp%2Fv2%2Fmedia&parent=174681"}],"wp:term":[{"taxonomy":"category","embeddable":true,"href":"https:\/\/blogdofarnesio.com.br\/index.php?rest_route=%2Fwp%2Fv2%2Fcategories&post=174681"},{"taxonomy":"post_tag","embeddable":true,"href":"https:\/\/blogdofarnesio.com.br\/index.php?rest_route=%2Fwp%2Fv2%2Ftags&post=174681"}],"curies":[{"name":"wp","href":"https:\/\/api.w.org\/{rel}","templated":true}]}}