{"id":174672,"date":"2017-08-23T12:00:22","date_gmt":"2017-08-23T15:00:22","guid":{"rendered":"http:\/\/quersaberpolitica.com.br\/2016\/?p=174672"},"modified":"2017-08-23T10:53:29","modified_gmt":"2017-08-23T13:53:29","slug":"longe-de-temer-renan-afaga-lula-em-alagoas","status":"publish","type":"post","link":"https:\/\/blogdofarnesio.com.br\/?p=174672","title":{"rendered":"LONGE DE TEMER, RENAN AFAGA LULA EM ALAGOAS"},"content":{"rendered":"<header>\n<figure><figcaption><\/figcaption><\/figure>\n<\/header>\n<div class=\"content-noticia\">\n<div id=\"texto-noticia\">\n<p>Pelas redes socais, Renan divulgou fotos com Lula.\u00a0Mas parece que a aproxima\u00e7\u00e3o n\u00e3o foi t\u00e3o rec\u00edproca. Renan n\u00e3o aparece nas fotos publicadas pelo ex-presidente. Mesmo assim, o alagoano deve acompanh\u00e1-lo em Arapiraca e Macei\u00f3 nesta quarta-feira (23).<\/p>\n<figure id=\"attachment_185062\" class=\"wp-caption alignnone\"><img loading=\"lazy\" decoding=\"async\" class=\"size-full wp-image-185062 img-responsive \" src=\"http:\/\/imagens1.ne10.uol.com.br\/blogsne10\/jamildo\/uploads\/\/2017\/08\/lula-alagoas-4.jpg\" sizes=\"auto, (max-width: 750px) 100vw, 750px\" srcset=\"http:\/\/imagens2.ne10.uol.com.br\/blogsne10\/jamildo\/uploads\/2017\/08\/lula-alagoas-4.jpg 750w, http:\/\/imagens2.ne10.uol.com.br\/blogsne10\/jamildo\/uploads\/2017\/08\/lula-alagoas-4-300x164.jpg 300w, http:\/\/imagens2.ne10.uol.com.br\/blogsne10\/jamildo\/uploads\/2017\/08\/lula-alagoas-4-748x410.jpg 748w, http:\/\/imagens2.ne10.uol.com.br\/blogsne10\/jamildo\/uploads\/2017\/08\/lula-alagoas-4-219x120.jpg 219w, http:\/\/imagens2.ne10.uol.com.br\/blogsne10\/jamildo\/uploads\/2017\/08\/lula-alagoas-4-152x82.jpg 152w\" alt=\"\" width=\"750\" height=\"410\" \/><figcaption>Foto: Ricardo Stuckert\/Instituto Lula<\/figcaption><\/figure>\n<p>\u201cNo meu discurso, lembrei os avan\u00e7os sociais alcan\u00e7ados quando ele era presidente. Enquanto o atual governo corta direitos dos trabalhadores, reduz o n\u00famero de benefici\u00e1rios do Bolsa-Fam\u00edlia e cancela a verba para combater o trabalho escravo no Brasil, Lula conseguiu governar para os mais pobres\u201d, afirmou Renan no Facebook.<\/p>\n<p>O senador, que em 2018 estar\u00e1 no \u00faltimo ano de mandato, tenta entrar numa agenda de esquerda, menos liberal economicamente, como estrat\u00e9gia para tentar se reeleger no estado onde a popularidade do petista \u00e9 elevada.<\/p>\n<p>Em seu discurso, Lula criticou a privatiza\u00e7\u00e3o da Eletrobras, anunciada pelo ministro Fernando Filho (Minas e Energia) na segunda-feira (21). O petista afirmou que, com a decis\u00e3o, Temer\u00a0\u201cparece marido que n\u00e3o trabalha e sai vendendo as coisas da casa\u201d.<\/p>\n<\/div>\n<p>Procurando se distanciar do governo Michel Temer (PMDB), o senador peemedebista Renan Calheiros\u00a0(AL) j\u00e1 criticou as reformas e deixou a lideran\u00e7a do partido. Nessa ter\u00e7a-feira (22), como era especulado, foi a Penedo, em Alagoas, para participar da caravana do ex-presidente Lula (PT) e, em discurso, atacou a gest\u00e3o de Temer e elogiou a do petista.<\/p><\/div>\n<div><\/div>\n<div><em>Blog do Jamildo<\/em><\/div>\n","protected":false},"excerpt":{"rendered":"<p>Pelas redes socais, Renan divulgou fotos com Lula.\u00a0Mas parece que a aproxima\u00e7\u00e3o n\u00e3o foi t\u00e3o rec\u00edproca. Renan n\u00e3o aparece nas fotos publicadas pelo ex-presidente. Mesmo assim, o alagoano deve acompanh\u00e1-lo em Arapiraca e Macei\u00f3 nesta quarta-feira (23). Foto: Ricardo Stuckert\/Instituto Lula \u201cNo meu discurso, lembrei os avan\u00e7os sociais alcan\u00e7ados quando ele era presidente. Enquanto o atual governo corta direitos dos trabalhadores, reduz o n\u00famero de benefici\u00e1rios do Bolsa-Fam\u00edlia e cancela a verba para combater o trabalho escravo no Brasil, Lula conseguiu governar para os mais pobres\u201d, afirmou Renan no Facebook. O senador, que em 2018 estar\u00e1 no \u00faltimo ano de mandato, tenta entrar numa agenda de esquerda, menos liberal economicamente, como estrat\u00e9gia para tentar se reeleger no estado onde a&hellip; <\/p>\n","protected":false},"author":1,"featured_media":174673,"comment_status":"open","ping_status":"open","sticky":false,"template":"","format":"standard","meta":{"_acf_changed":false,"footnotes":""},"categories":[1],"tags":[],"class_list":["post-174672","post","type-post","status-publish","format-standard","has-post-thumbnail","hentry","category-politica"],"acf":[],"yoast_head":"<!-- This site is optimized with the Yoast SEO plugin v27.4 - https:\/\/yoast.com\/product\/yoast-seo-wordpress\/ -->\n<title>LONGE DE TEMER, RENAN AFAGA LULA EM ALAGOAS - Blog do Farn\u00e9sio<\/title>\n<meta name=\"robots\" content=\"index, follow, max-snippet:-1, max-image-preview:large, max-video-preview:-1\" \/>\n<link rel=\"canonical\" href=\"https:\/\/blogdofarnesio.com.br\/?p=174672\" \/>\n<meta property=\"og:locale\" content=\"pt_BR\" \/>\n<meta property=\"og:type\" content=\"article\" \/>\n<meta property=\"og:title\" content=\"LONGE DE TEMER, RENAN AFAGA LULA EM ALAGOAS - Blog do Farn\u00e9sio\" \/>\n<meta property=\"og:description\" content=\"Pelas redes socais, Renan divulgou fotos com Lula.\u00a0Mas parece que a aproxima\u00e7\u00e3o n\u00e3o foi t\u00e3o rec\u00edproca. Renan n\u00e3o aparece nas fotos publicadas pelo ex-presidente. Mesmo assim, o alagoano deve acompanh\u00e1-lo em Arapiraca e Macei\u00f3 nesta quarta-feira (23). Foto: Ricardo Stuckert\/Instituto Lula \u201cNo meu discurso, lembrei os avan\u00e7os sociais alcan\u00e7ados quando ele era presidente. Enquanto o atual governo corta direitos dos trabalhadores, reduz o n\u00famero de benefici\u00e1rios do Bolsa-Fam\u00edlia e cancela a verba para combater o trabalho escravo no Brasil, Lula conseguiu governar para os mais pobres\u201d, afirmou Renan no Facebook. O senador, que em 2018 estar\u00e1 no \u00faltimo ano de mandato, tenta entrar numa agenda de esquerda, menos liberal economicamente, como estrat\u00e9gia para tentar se reeleger no estado onde a&hellip;\" \/>\n<meta property=\"og:url\" content=\"https:\/\/blogdofarnesio.com.br\/?p=174672\" \/>\n<meta property=\"og:site_name\" content=\"Blog do Farn\u00e9sio\" \/>\n<meta property=\"article:publisher\" content=\"https:\/\/www.facebook.com\/BlogQuerSaberPolitica\/\" \/>\n<meta property=\"article:published_time\" content=\"2017-08-23T15:00:22+00:00\" \/>\n<meta property=\"og:image\" content=\"https:\/\/blogdofarnesio.com.br\/wp-content\/uploads\/2017\/08\/blogqsp-renan-lula-748x410.jpg\" \/>\n\t<meta property=\"og:image:width\" content=\"748\" \/>\n\t<meta property=\"og:image:height\" content=\"410\" \/>\n\t<meta property=\"og:image:type\" content=\"image\/jpeg\" \/>\n<meta name=\"author\" content=\"Farn\u00e9sio\" \/>\n<meta name=\"twitter:card\" content=\"summary_large_image\" \/>\n<meta name=\"twitter:label1\" content=\"Escrito por\" \/>\n\t<meta name=\"twitter:data1\" content=\"Farn\u00e9sio\" \/>\n\t<meta name=\"twitter:label2\" content=\"Est. tempo de leitura\" \/>\n\t<meta name=\"twitter:data2\" content=\"1 minuto\" \/>\n<script type=\"application\/ld+json\" class=\"yoast-schema-graph\">{\"@context\":\"https:\\\/\\\/schema.org\",\"@graph\":[{\"@type\":\"Article\",\"@id\":\"https:\\\/\\\/blogdofarnesio.com.br\\\/?p=174672#article\",\"isPartOf\":{\"@id\":\"https:\\\/\\\/blogdofarnesio.com.br\\\/?p=174672\"},\"author\":{\"name\":\"Farn\u00e9sio\",\"@id\":\"https:\\\/\\\/blogdofarnesio.com.br\\\/#\\\/schema\\\/person\\\/301c4acf522bccbfdb45af95b5b906a1\"},\"headline\":\"LONGE DE TEMER, RENAN AFAGA LULA EM ALAGOAS\",\"datePublished\":\"2017-08-23T15:00:22+00:00\",\"mainEntityOfPage\":{\"@id\":\"https:\\\/\\\/blogdofarnesio.com.br\\\/?p=174672\"},\"wordCount\":247,\"commentCount\":0,\"publisher\":{\"@id\":\"https:\\\/\\\/blogdofarnesio.com.br\\\/#organization\"},\"image\":{\"@id\":\"https:\\\/\\\/blogdofarnesio.com.br\\\/?p=174672#primaryimage\"},\"thumbnailUrl\":\"https:\\\/\\\/blogdofarnesio.com.br\\\/wp-content\\\/uploads\\\/2017\\\/08\\\/blogqsp-renan-lula-748x410.jpg\",\"articleSection\":[\"Pol\u00edtica\"],\"inLanguage\":\"pt-BR\",\"potentialAction\":[{\"@type\":\"CommentAction\",\"name\":\"Comment\",\"target\":[\"https:\\\/\\\/blogdofarnesio.com.br\\\/?p=174672#respond\"]}]},{\"@type\":\"WebPage\",\"@id\":\"https:\\\/\\\/blogdofarnesio.com.br\\\/?p=174672\",\"url\":\"https:\\\/\\\/blogdofarnesio.com.br\\\/?p=174672\",\"name\":\"LONGE DE TEMER, RENAN AFAGA LULA EM ALAGOAS - Blog do Farn\u00e9sio\",\"isPartOf\":{\"@id\":\"https:\\\/\\\/blogdofarnesio.com.br\\\/#website\"},\"primaryImageOfPage\":{\"@id\":\"https:\\\/\\\/blogdofarnesio.com.br\\\/?p=174672#primaryimage\"},\"image\":{\"@id\":\"https:\\\/\\\/blogdofarnesio.com.br\\\/?p=174672#primaryimage\"},\"thumbnailUrl\":\"https:\\\/\\\/blogdofarnesio.com.br\\\/wp-content\\\/uploads\\\/2017\\\/08\\\/blogqsp-renan-lula-748x410.jpg\",\"datePublished\":\"2017-08-23T15:00:22+00:00\",\"breadcrumb\":{\"@id\":\"https:\\\/\\\/blogdofarnesio.com.br\\\/?p=174672#breadcrumb\"},\"inLanguage\":\"pt-BR\",\"potentialAction\":[{\"@type\":\"ReadAction\",\"target\":[\"https:\\\/\\\/blogdofarnesio.com.br\\\/?p=174672\"]}]},{\"@type\":\"ImageObject\",\"inLanguage\":\"pt-BR\",\"@id\":\"https:\\\/\\\/blogdofarnesio.com.br\\\/?p=174672#primaryimage\",\"url\":\"https:\\\/\\\/blogdofarnesio.com.br\\\/wp-content\\\/uploads\\\/2017\\\/08\\\/blogqsp-renan-lula-748x410.jpg\",\"contentUrl\":\"https:\\\/\\\/blogdofarnesio.com.br\\\/wp-content\\\/uploads\\\/2017\\\/08\\\/blogqsp-renan-lula-748x410.jpg\",\"width\":748,\"height\":410},{\"@type\":\"BreadcrumbList\",\"@id\":\"https:\\\/\\\/blogdofarnesio.com.br\\\/?p=174672#breadcrumb\",\"itemListElement\":[{\"@type\":\"ListItem\",\"position\":1,\"name\":\"In\u00edcio\",\"item\":\"https:\\\/\\\/blogdofarnesio.com.br\\\/\"},{\"@type\":\"ListItem\",\"position\":2,\"name\":\"LONGE DE TEMER, RENAN AFAGA LULA EM ALAGOAS\"}]},{\"@type\":\"WebSite\",\"@id\":\"https:\\\/\\\/blogdofarnesio.com.br\\\/#website\",\"url\":\"https:\\\/\\\/blogdofarnesio.com.br\\\/\",\"name\":\"Blog do Farn\u00e9sio\",\"description\":\"Quer Saber Pol\u00edtica?\",\"publisher\":{\"@id\":\"https:\\\/\\\/blogdofarnesio.com.br\\\/#organization\"},\"potentialAction\":[{\"@type\":\"SearchAction\",\"target\":{\"@type\":\"EntryPoint\",\"urlTemplate\":\"https:\\\/\\\/blogdofarnesio.com.br\\\/?s={search_term_string}\"},\"query-input\":{\"@type\":\"PropertyValueSpecification\",\"valueRequired\":true,\"valueName\":\"search_term_string\"}}],\"inLanguage\":\"pt-BR\"},{\"@type\":\"Organization\",\"@id\":\"https:\\\/\\\/blogdofarnesio.com.br\\\/#organization\",\"name\":\"Blog do Farn\u00e9sio\",\"url\":\"https:\\\/\\\/blogdofarnesio.com.br\\\/\",\"logo\":{\"@type\":\"ImageObject\",\"inLanguage\":\"pt-BR\",\"@id\":\"https:\\\/\\\/blogdofarnesio.com.br\\\/#\\\/schema\\\/logo\\\/image\\\/\",\"url\":\"https:\\\/\\\/blogdofarnesio.com.br\\\/wp-content\\\/uploads\\\/2026\\\/03\\\/cropped-logo_new-1.png\",\"contentUrl\":\"https:\\\/\\\/blogdofarnesio.com.br\\\/wp-content\\\/uploads\\\/2026\\\/03\\\/cropped-logo_new-1.png\",\"width\":881,\"height\":685,\"caption\":\"Blog do Farn\u00e9sio\"},\"image\":{\"@id\":\"https:\\\/\\\/blogdofarnesio.com.br\\\/#\\\/schema\\\/logo\\\/image\\\/\"},\"sameAs\":[\"https:\\\/\\\/www.facebook.com\\\/BlogQuerSaberPolitica\\\/\"]},{\"@type\":\"Person\",\"@id\":\"https:\\\/\\\/blogdofarnesio.com.br\\\/#\\\/schema\\\/person\\\/301c4acf522bccbfdb45af95b5b906a1\",\"name\":\"Farn\u00e9sio\",\"image\":{\"@type\":\"ImageObject\",\"inLanguage\":\"pt-BR\",\"@id\":\"https:\\\/\\\/secure.gravatar.com\\\/avatar\\\/df0c9a14567c056f8ad6876ba5bbd1e3e2c48023eb6807342fc4663adf549f38?s=96&d=mm&r=g\",\"url\":\"https:\\\/\\\/secure.gravatar.com\\\/avatar\\\/df0c9a14567c056f8ad6876ba5bbd1e3e2c48023eb6807342fc4663adf549f38?s=96&d=mm&r=g\",\"contentUrl\":\"https:\\\/\\\/secure.gravatar.com\\\/avatar\\\/df0c9a14567c056f8ad6876ba5bbd1e3e2c48023eb6807342fc4663adf549f38?s=96&d=mm&r=g\",\"caption\":\"Farn\u00e9sio\"},\"sameAs\":[\"https:\\\/\\\/quersaberpolitica.com.br\"],\"url\":\"https:\\\/\\\/blogdofarnesio.com.br\\\/?author=1\"}]}<\/script>\n<!-- \/ Yoast SEO plugin. -->","yoast_head_json":{"title":"LONGE DE TEMER, RENAN AFAGA LULA EM ALAGOAS - Blog do Farn\u00e9sio","robots":{"index":"index","follow":"follow","max-snippet":"max-snippet:-1","max-image-preview":"max-image-preview:large","max-video-preview":"max-video-preview:-1"},"canonical":"https:\/\/blogdofarnesio.com.br\/?p=174672","og_locale":"pt_BR","og_type":"article","og_title":"LONGE DE TEMER, RENAN AFAGA LULA EM ALAGOAS - Blog do Farn\u00e9sio","og_description":"Pelas redes socais, Renan divulgou fotos com Lula.\u00a0Mas parece que a aproxima\u00e7\u00e3o n\u00e3o foi t\u00e3o rec\u00edproca. Renan n\u00e3o aparece nas fotos publicadas pelo ex-presidente. Mesmo assim, o alagoano deve acompanh\u00e1-lo em Arapiraca e Macei\u00f3 nesta quarta-feira (23). Foto: Ricardo Stuckert\/Instituto Lula \u201cNo meu discurso, lembrei os avan\u00e7os sociais alcan\u00e7ados quando ele era presidente. Enquanto o atual governo corta direitos dos trabalhadores, reduz o n\u00famero de benefici\u00e1rios do Bolsa-Fam\u00edlia e cancela a verba para combater o trabalho escravo no Brasil, Lula conseguiu governar para os mais pobres\u201d, afirmou Renan no Facebook. O senador, que em 2018 estar\u00e1 no \u00faltimo ano de mandato, tenta entrar numa agenda de esquerda, menos liberal economicamente, como estrat\u00e9gia para tentar se reeleger no estado onde a&hellip;","og_url":"https:\/\/blogdofarnesio.com.br\/?p=174672","og_site_name":"Blog do Farn\u00e9sio","article_publisher":"https:\/\/www.facebook.com\/BlogQuerSaberPolitica\/","article_published_time":"2017-08-23T15:00:22+00:00","og_image":[{"width":748,"height":410,"url":"https:\/\/blogdofarnesio.com.br\/wp-content\/uploads\/2017\/08\/blogqsp-renan-lula-748x410.jpg","type":"image\/jpeg"}],"author":"Farn\u00e9sio","twitter_card":"summary_large_image","twitter_misc":{"Escrito por":"Farn\u00e9sio","Est. tempo de leitura":"1 minuto"},"schema":{"@context":"https:\/\/schema.org","@graph":[{"@type":"Article","@id":"https:\/\/blogdofarnesio.com.br\/?p=174672#article","isPartOf":{"@id":"https:\/\/blogdofarnesio.com.br\/?p=174672"},"author":{"name":"Farn\u00e9sio","@id":"https:\/\/blogdofarnesio.com.br\/#\/schema\/person\/301c4acf522bccbfdb45af95b5b906a1"},"headline":"LONGE DE TEMER, RENAN AFAGA LULA EM ALAGOAS","datePublished":"2017-08-23T15:00:22+00:00","mainEntityOfPage":{"@id":"https:\/\/blogdofarnesio.com.br\/?p=174672"},"wordCount":247,"commentCount":0,"publisher":{"@id":"https:\/\/blogdofarnesio.com.br\/#organization"},"image":{"@id":"https:\/\/blogdofarnesio.com.br\/?p=174672#primaryimage"},"thumbnailUrl":"https:\/\/blogdofarnesio.com.br\/wp-content\/uploads\/2017\/08\/blogqsp-renan-lula-748x410.jpg","articleSection":["Pol\u00edtica"],"inLanguage":"pt-BR","potentialAction":[{"@type":"CommentAction","name":"Comment","target":["https:\/\/blogdofarnesio.com.br\/?p=174672#respond"]}]},{"@type":"WebPage","@id":"https:\/\/blogdofarnesio.com.br\/?p=174672","url":"https:\/\/blogdofarnesio.com.br\/?p=174672","name":"LONGE DE TEMER, RENAN AFAGA LULA EM ALAGOAS - Blog do Farn\u00e9sio","isPartOf":{"@id":"https:\/\/blogdofarnesio.com.br\/#website"},"primaryImageOfPage":{"@id":"https:\/\/blogdofarnesio.com.br\/?p=174672#primaryimage"},"image":{"@id":"https:\/\/blogdofarnesio.com.br\/?p=174672#primaryimage"},"thumbnailUrl":"https:\/\/blogdofarnesio.com.br\/wp-content\/uploads\/2017\/08\/blogqsp-renan-lula-748x410.jpg","datePublished":"2017-08-23T15:00:22+00:00","breadcrumb":{"@id":"https:\/\/blogdofarnesio.com.br\/?p=174672#breadcrumb"},"inLanguage":"pt-BR","potentialAction":[{"@type":"ReadAction","target":["https:\/\/blogdofarnesio.com.br\/?p=174672"]}]},{"@type":"ImageObject","inLanguage":"pt-BR","@id":"https:\/\/blogdofarnesio.com.br\/?p=174672#primaryimage","url":"https:\/\/blogdofarnesio.com.br\/wp-content\/uploads\/2017\/08\/blogqsp-renan-lula-748x410.jpg","contentUrl":"https:\/\/blogdofarnesio.com.br\/wp-content\/uploads\/2017\/08\/blogqsp-renan-lula-748x410.jpg","width":748,"height":410},{"@type":"BreadcrumbList","@id":"https:\/\/blogdofarnesio.com.br\/?p=174672#breadcrumb","itemListElement":[{"@type":"ListItem","position":1,"name":"In\u00edcio","item":"https:\/\/blogdofarnesio.com.br\/"},{"@type":"ListItem","position":2,"name":"LONGE DE TEMER, RENAN AFAGA LULA EM ALAGOAS"}]},{"@type":"WebSite","@id":"https:\/\/blogdofarnesio.com.br\/#website","url":"https:\/\/blogdofarnesio.com.br\/","name":"Blog do Farn\u00e9sio","description":"Quer Saber Pol\u00edtica?","publisher":{"@id":"https:\/\/blogdofarnesio.com.br\/#organization"},"potentialAction":[{"@type":"SearchAction","target":{"@type":"EntryPoint","urlTemplate":"https:\/\/blogdofarnesio.com.br\/?s={search_term_string}"},"query-input":{"@type":"PropertyValueSpecification","valueRequired":true,"valueName":"search_term_string"}}],"inLanguage":"pt-BR"},{"@type":"Organization","@id":"https:\/\/blogdofarnesio.com.br\/#organization","name":"Blog do Farn\u00e9sio","url":"https:\/\/blogdofarnesio.com.br\/","logo":{"@type":"ImageObject","inLanguage":"pt-BR","@id":"https:\/\/blogdofarnesio.com.br\/#\/schema\/logo\/image\/","url":"https:\/\/blogdofarnesio.com.br\/wp-content\/uploads\/2026\/03\/cropped-logo_new-1.png","contentUrl":"https:\/\/blogdofarnesio.com.br\/wp-content\/uploads\/2026\/03\/cropped-logo_new-1.png","width":881,"height":685,"caption":"Blog do Farn\u00e9sio"},"image":{"@id":"https:\/\/blogdofarnesio.com.br\/#\/schema\/logo\/image\/"},"sameAs":["https:\/\/www.facebook.com\/BlogQuerSaberPolitica\/"]},{"@type":"Person","@id":"https:\/\/blogdofarnesio.com.br\/#\/schema\/person\/301c4acf522bccbfdb45af95b5b906a1","name":"Farn\u00e9sio","image":{"@type":"ImageObject","inLanguage":"pt-BR","@id":"https:\/\/secure.gravatar.com\/avatar\/df0c9a14567c056f8ad6876ba5bbd1e3e2c48023eb6807342fc4663adf549f38?s=96&d=mm&r=g","url":"https:\/\/secure.gravatar.com\/avatar\/df0c9a14567c056f8ad6876ba5bbd1e3e2c48023eb6807342fc4663adf549f38?s=96&d=mm&r=g","contentUrl":"https:\/\/secure.gravatar.com\/avatar\/df0c9a14567c056f8ad6876ba5bbd1e3e2c48023eb6807342fc4663adf549f38?s=96&d=mm&r=g","caption":"Farn\u00e9sio"},"sameAs":["https:\/\/quersaberpolitica.com.br"],"url":"https:\/\/blogdofarnesio.com.br\/?author=1"}]}},"_links":{"self":[{"href":"https:\/\/blogdofarnesio.com.br\/index.php?rest_route=\/wp\/v2\/posts\/174672","targetHints":{"allow":["GET"]}}],"collection":[{"href":"https:\/\/blogdofarnesio.com.br\/index.php?rest_route=\/wp\/v2\/posts"}],"about":[{"href":"https:\/\/blogdofarnesio.com.br\/index.php?rest_route=\/wp\/v2\/types\/post"}],"author":[{"embeddable":true,"href":"https:\/\/blogdofarnesio.com.br\/index.php?rest_route=\/wp\/v2\/users\/1"}],"replies":[{"embeddable":true,"href":"https:\/\/blogdofarnesio.com.br\/index.php?rest_route=%2Fwp%2Fv2%2Fcomments&post=174672"}],"version-history":[{"count":0,"href":"https:\/\/blogdofarnesio.com.br\/index.php?rest_route=\/wp\/v2\/posts\/174672\/revisions"}],"wp:featuredmedia":[{"embeddable":true,"href":"https:\/\/blogdofarnesio.com.br\/index.php?rest_route=\/wp\/v2\/media\/174673"}],"wp:attachment":[{"href":"https:\/\/blogdofarnesio.com.br\/index.php?rest_route=%2Fwp%2Fv2%2Fmedia&parent=174672"}],"wp:term":[{"taxonomy":"category","embeddable":true,"href":"https:\/\/blogdofarnesio.com.br\/index.php?rest_route=%2Fwp%2Fv2%2Fcategories&post=174672"},{"taxonomy":"post_tag","embeddable":true,"href":"https:\/\/blogdofarnesio.com.br\/index.php?rest_route=%2Fwp%2Fv2%2Ftags&post=174672"}],"curies":[{"name":"wp","href":"https:\/\/api.w.org\/{rel}","templated":true}]}}