{"id":174662,"date":"2017-08-23T10:22:16","date_gmt":"2017-08-23T13:22:16","guid":{"rendered":"http:\/\/quersaberpolitica.com.br\/2016\/?p=174662"},"modified":"2017-08-23T09:52:46","modified_gmt":"2017-08-23T12:52:46","slug":"helio-de-araujo-lancara-o-livro-o-anoitecer-de-aurora","status":"publish","type":"post","link":"https:\/\/blogdofarnesio.com.br\/?p=174662","title":{"rendered":"H\u00c9LIO DE ARA\u00daJO LAN\u00c7AR\u00c1 O LIVRO: O ANOITECER DE AURORA"},"content":{"rendered":"<p>Ser\u00e1 na pr\u00f3xima quarta-feira, dia 30, \u00e0s 19 horas, na Biblioteca do Sesc Petrolina, o lan\u00e7amento do livro \u201cO anoitecer de Aurora\u201d do professor H\u00e9lio de Ara\u00fajo.<br \/>\nA obra, de 114 p\u00e1ginas, conta a trajet\u00f3ria de vida de uma sertaneja, enfatizando sua luta pela sobreviv\u00eancia na \u00e1rea de sequeiro e os desafios enfrentados para cuidar de catorze filhos. A quarta publica\u00e7\u00e3o do autor, de 54 anos, foi produzida na Companhia Editora de Pernambuco \u2013 Cepe. H\u00e9lio, al\u00e9m de autografar, falar\u00e1 sobre o processo de elabora\u00e7\u00e3o do livro que teve o apoio cultural de empresas da regi\u00e3o.<br \/>\nO jornalista Jota Menezes opinou que o livro \u00e9 \u201cUm b\u00e1lsamo para cora\u00e7\u00f5es feridos pela desumaniza\u00e7\u00e3o do mundo. Por\u00e9m, a obra com sua inolvid\u00e1vel simplicidade, \u00e9 uma narrativa sobre experi\u00eancias singulares, alegres, tristes, divertidas, doloridas, compartilhadas por uma mulher em seu contexto territorial e sociocultural&#8230; Aurora \u00e9 uma sobrevivente, cuja peleja, possibilitou as viv\u00eancias de outras gera\u00e7\u00f5es\u201d.<\/p>\n<p>Sobre o livro<br \/>\n\u201cO anoitecer de Aurora\u201d conta a trajet\u00f3ria de vida de uma mulher nascida em 1906, enfatizando sua luta pela sobreviv\u00eancia na \u00e1rea de sequeiro do sert\u00e3o nordestino, os desafios enfrentados para cuidar de catorze filhos e mostra o cotidiano dos sertanejos da \u00e1rea rural, tipos de moradia, meios de transporte, fauna, atividades e produtos agr\u00edcolas, modos de conserva\u00e7\u00e3o dos alimentos, h\u00e1bitos, religiosidade, festas, estrat\u00e9gias de sobreviv\u00eancia, a figura da rezadeira e situa\u00e7\u00f5es hil\u00e1rias da vida do povo do semi\u00e1rido. O aspecto econ\u00f4mico \u00e9 abordado quando, ocasionada pela estiagem, Aurora, a protagonista da hist\u00f3ria, migra para o Paran\u00e1 e experimenta o trabalho na lavoura do caf\u00e9. A obra revela ainda o perfil de uma mulher amorosa, lutadora, de car\u00e1ter ilibado, que zelou por todos os familiares, que soube ser firme diante das adversidades e vencer os obst\u00e1culos que iam surgindo.<\/p>\n<p>Sobre o autor<br \/>\nH\u00e9lio de Ara\u00fajo \u00e9 especialista em Ensino da Matem\u00e1tica, mas vem atuando como professor da Rede Municipal de Educa\u00e7\u00e3o do Munic\u00edpio de Petrolina no setor da educa\u00e7\u00e3o inclusiva. \u00c9 ativista na \u00e1rea da inclus\u00e3o social.<br \/>\nEm 1999, publicou o livro \u201cAndan\u00e7as\u201d relatando a sua hist\u00f3ria a partir do acidente de moto que o deixou tetrapl\u00e9gico, abordando o tratamento de reabilita\u00e7\u00e3o, a sa\u00edda do isolamento social, a entrada na universidade, a conquista do emprego, o casamento e os filhos.<br \/>\nEnveredando pelo caminho da fic\u00e7\u00e3o, em 2001, editou \u201cO Quarteto\u201d, narrando a viagem de um cego, um cadeirante, uma surda e uma professora sem defici\u00eancia, pelo Sert\u00e3o, utilizando estradas, caminhos de terra e o Rio S\u00e3o Francisco.<br \/>\n\u201cHist\u00f3ria de Luta das Pessoas com Defici\u00eancia em Petrolina\u201d foi sua terceira experi\u00eancia. Lan\u00e7ado em 2015, o livro mostra a transforma\u00e7\u00e3o da comunidade, combatendo o assistencialismo e a discrimina\u00e7\u00e3o.<br \/>\nH\u00e9lio participou da 1\u00aa Esta\u00e7\u00e3o Liter\u00e1ria Ubuntu, Bienal Internacional do Livro de Pernambuco, Feira do Livro do Vale do S\u00e3o Francisco, I Congresso Regional sobre o Cordel (Concordel), Congresso Internacional do Livro, Leitura e Literatura no Sert\u00e3o (Clisert\u00e3o) e Encontro do Dia Nacional do Escritor em Petrolina. Em 2010, esteve na entrega do \u201cPr\u00eamio Sentidos 3\u00aa edi\u00e7\u00e3o\u201d, em S\u00e3o Paulo-SP, como um dos tr\u00eas classificados na categoria Literatura, concorrendo com \u201cAndan\u00e7as\u201d e \u201cO Quarteto\u201d.<\/p>\n","protected":false},"excerpt":{"rendered":"<p>Ser\u00e1 na pr\u00f3xima quarta-feira, dia 30, \u00e0s 19 horas, na Biblioteca do Sesc Petrolina, o lan\u00e7amento do livro \u201cO anoitecer de Aurora\u201d do professor H\u00e9lio de Ara\u00fajo. A obra, de 114 p\u00e1ginas, conta a trajet\u00f3ria de vida de uma sertaneja, enfatizando sua luta pela sobreviv\u00eancia na \u00e1rea de sequeiro e os desafios enfrentados para cuidar de catorze filhos. A quarta publica\u00e7\u00e3o do autor, de 54 anos, foi produzida na Companhia Editora de Pernambuco \u2013 Cepe. H\u00e9lio, al\u00e9m de autografar, falar\u00e1 sobre o processo de elabora\u00e7\u00e3o do livro que teve o apoio cultural de empresas da regi\u00e3o. O jornalista Jota Menezes opinou que o livro \u00e9 \u201cUm b\u00e1lsamo para cora\u00e7\u00f5es feridos pela desumaniza\u00e7\u00e3o do mundo. Por\u00e9m, a obra com sua inolvid\u00e1vel&hellip; <\/p>\n","protected":false},"author":1,"featured_media":174663,"comment_status":"open","ping_status":"open","sticky":false,"template":"","format":"standard","meta":{"_acf_changed":false,"footnotes":""},"categories":[10],"tags":[],"class_list":["post-174662","post","type-post","status-publish","format-standard","has-post-thumbnail","hentry","category-cultura"],"acf":[],"yoast_head":"<!-- This site is optimized with the Yoast SEO plugin v27.4 - https:\/\/yoast.com\/product\/yoast-seo-wordpress\/ -->\n<title>H\u00c9LIO DE ARA\u00daJO LAN\u00c7AR\u00c1 O LIVRO: O ANOITECER DE AURORA - Blog do Farn\u00e9sio<\/title>\n<meta name=\"robots\" content=\"index, follow, max-snippet:-1, max-image-preview:large, max-video-preview:-1\" \/>\n<link rel=\"canonical\" href=\"https:\/\/blogdofarnesio.com.br\/?p=174662\" \/>\n<meta property=\"og:locale\" content=\"pt_BR\" \/>\n<meta property=\"og:type\" content=\"article\" \/>\n<meta property=\"og:title\" content=\"H\u00c9LIO DE ARA\u00daJO LAN\u00c7AR\u00c1 O LIVRO: O ANOITECER DE AURORA - Blog do Farn\u00e9sio\" \/>\n<meta property=\"og:description\" content=\"Ser\u00e1 na pr\u00f3xima quarta-feira, dia 30, \u00e0s 19 horas, na Biblioteca do Sesc Petrolina, o lan\u00e7amento do livro \u201cO anoitecer de Aurora\u201d do professor H\u00e9lio de Ara\u00fajo. A obra, de 114 p\u00e1ginas, conta a trajet\u00f3ria de vida de uma sertaneja, enfatizando sua luta pela sobreviv\u00eancia na \u00e1rea de sequeiro e os desafios enfrentados para cuidar de catorze filhos. A quarta publica\u00e7\u00e3o do autor, de 54 anos, foi produzida na Companhia Editora de Pernambuco \u2013 Cepe. H\u00e9lio, al\u00e9m de autografar, falar\u00e1 sobre o processo de elabora\u00e7\u00e3o do livro que teve o apoio cultural de empresas da regi\u00e3o. O jornalista Jota Menezes opinou que o livro \u00e9 \u201cUm b\u00e1lsamo para cora\u00e7\u00f5es feridos pela desumaniza\u00e7\u00e3o do mundo. Por\u00e9m, a obra com sua inolvid\u00e1vel&hellip;\" \/>\n<meta property=\"og:url\" content=\"https:\/\/blogdofarnesio.com.br\/?p=174662\" \/>\n<meta property=\"og:site_name\" content=\"Blog do Farn\u00e9sio\" \/>\n<meta property=\"article:publisher\" content=\"https:\/\/www.facebook.com\/BlogQuerSaberPolitica\/\" \/>\n<meta property=\"article:published_time\" content=\"2017-08-23T13:22:16+00:00\" \/>\n<meta property=\"og:image\" content=\"https:\/\/blogdofarnesio.com.br\/wp-content\/uploads\/2017\/08\/blogqspprofhelioaraujo-e1503492682967.jpg\" \/>\n\t<meta property=\"og:image:width\" content=\"660\" \/>\n\t<meta property=\"og:image:height\" content=\"495\" \/>\n\t<meta property=\"og:image:type\" content=\"image\/jpeg\" \/>\n<meta name=\"author\" content=\"Farn\u00e9sio\" \/>\n<meta name=\"twitter:card\" content=\"summary_large_image\" \/>\n<meta name=\"twitter:label1\" content=\"Escrito por\" \/>\n\t<meta name=\"twitter:data1\" content=\"Farn\u00e9sio\" \/>\n\t<meta name=\"twitter:label2\" content=\"Est. tempo de leitura\" \/>\n\t<meta name=\"twitter:data2\" content=\"3 minutos\" \/>\n<script type=\"application\/ld+json\" class=\"yoast-schema-graph\">{\"@context\":\"https:\\\/\\\/schema.org\",\"@graph\":[{\"@type\":\"Article\",\"@id\":\"https:\\\/\\\/blogdofarnesio.com.br\\\/?p=174662#article\",\"isPartOf\":{\"@id\":\"https:\\\/\\\/blogdofarnesio.com.br\\\/?p=174662\"},\"author\":{\"name\":\"Farn\u00e9sio\",\"@id\":\"https:\\\/\\\/blogdofarnesio.com.br\\\/#\\\/schema\\\/person\\\/301c4acf522bccbfdb45af95b5b906a1\"},\"headline\":\"H\u00c9LIO DE ARA\u00daJO LAN\u00c7AR\u00c1 O LIVRO: O ANOITECER DE AURORA\",\"datePublished\":\"2017-08-23T13:22:16+00:00\",\"mainEntityOfPage\":{\"@id\":\"https:\\\/\\\/blogdofarnesio.com.br\\\/?p=174662\"},\"wordCount\":579,\"commentCount\":0,\"publisher\":{\"@id\":\"https:\\\/\\\/blogdofarnesio.com.br\\\/#organization\"},\"image\":{\"@id\":\"https:\\\/\\\/blogdofarnesio.com.br\\\/?p=174662#primaryimage\"},\"thumbnailUrl\":\"https:\\\/\\\/blogdofarnesio.com.br\\\/wp-content\\\/uploads\\\/2017\\\/08\\\/blogqspprofhelioaraujo-e1503492682967.jpg\",\"articleSection\":[\"Cultura\"],\"inLanguage\":\"pt-BR\",\"potentialAction\":[{\"@type\":\"CommentAction\",\"name\":\"Comment\",\"target\":[\"https:\\\/\\\/blogdofarnesio.com.br\\\/?p=174662#respond\"]}]},{\"@type\":\"WebPage\",\"@id\":\"https:\\\/\\\/blogdofarnesio.com.br\\\/?p=174662\",\"url\":\"https:\\\/\\\/blogdofarnesio.com.br\\\/?p=174662\",\"name\":\"H\u00c9LIO DE ARA\u00daJO LAN\u00c7AR\u00c1 O LIVRO: O ANOITECER DE AURORA - Blog do Farn\u00e9sio\",\"isPartOf\":{\"@id\":\"https:\\\/\\\/blogdofarnesio.com.br\\\/#website\"},\"primaryImageOfPage\":{\"@id\":\"https:\\\/\\\/blogdofarnesio.com.br\\\/?p=174662#primaryimage\"},\"image\":{\"@id\":\"https:\\\/\\\/blogdofarnesio.com.br\\\/?p=174662#primaryimage\"},\"thumbnailUrl\":\"https:\\\/\\\/blogdofarnesio.com.br\\\/wp-content\\\/uploads\\\/2017\\\/08\\\/blogqspprofhelioaraujo-e1503492682967.jpg\",\"datePublished\":\"2017-08-23T13:22:16+00:00\",\"breadcrumb\":{\"@id\":\"https:\\\/\\\/blogdofarnesio.com.br\\\/?p=174662#breadcrumb\"},\"inLanguage\":\"pt-BR\",\"potentialAction\":[{\"@type\":\"ReadAction\",\"target\":[\"https:\\\/\\\/blogdofarnesio.com.br\\\/?p=174662\"]}]},{\"@type\":\"ImageObject\",\"inLanguage\":\"pt-BR\",\"@id\":\"https:\\\/\\\/blogdofarnesio.com.br\\\/?p=174662#primaryimage\",\"url\":\"https:\\\/\\\/blogdofarnesio.com.br\\\/wp-content\\\/uploads\\\/2017\\\/08\\\/blogqspprofhelioaraujo-e1503492682967.jpg\",\"contentUrl\":\"https:\\\/\\\/blogdofarnesio.com.br\\\/wp-content\\\/uploads\\\/2017\\\/08\\\/blogqspprofhelioaraujo-e1503492682967.jpg\",\"width\":660,\"height\":495},{\"@type\":\"BreadcrumbList\",\"@id\":\"https:\\\/\\\/blogdofarnesio.com.br\\\/?p=174662#breadcrumb\",\"itemListElement\":[{\"@type\":\"ListItem\",\"position\":1,\"name\":\"In\u00edcio\",\"item\":\"https:\\\/\\\/blogdofarnesio.com.br\\\/\"},{\"@type\":\"ListItem\",\"position\":2,\"name\":\"H\u00c9LIO DE ARA\u00daJO LAN\u00c7AR\u00c1 O LIVRO: O ANOITECER DE AURORA\"}]},{\"@type\":\"WebSite\",\"@id\":\"https:\\\/\\\/blogdofarnesio.com.br\\\/#website\",\"url\":\"https:\\\/\\\/blogdofarnesio.com.br\\\/\",\"name\":\"Blog do Farn\u00e9sio\",\"description\":\"Quer Saber Pol\u00edtica?\",\"publisher\":{\"@id\":\"https:\\\/\\\/blogdofarnesio.com.br\\\/#organization\"},\"potentialAction\":[{\"@type\":\"SearchAction\",\"target\":{\"@type\":\"EntryPoint\",\"urlTemplate\":\"https:\\\/\\\/blogdofarnesio.com.br\\\/?s={search_term_string}\"},\"query-input\":{\"@type\":\"PropertyValueSpecification\",\"valueRequired\":true,\"valueName\":\"search_term_string\"}}],\"inLanguage\":\"pt-BR\"},{\"@type\":\"Organization\",\"@id\":\"https:\\\/\\\/blogdofarnesio.com.br\\\/#organization\",\"name\":\"Blog do Farn\u00e9sio\",\"url\":\"https:\\\/\\\/blogdofarnesio.com.br\\\/\",\"logo\":{\"@type\":\"ImageObject\",\"inLanguage\":\"pt-BR\",\"@id\":\"https:\\\/\\\/blogdofarnesio.com.br\\\/#\\\/schema\\\/logo\\\/image\\\/\",\"url\":\"https:\\\/\\\/blogdofarnesio.com.br\\\/wp-content\\\/uploads\\\/2026\\\/03\\\/cropped-logo_new-1.png\",\"contentUrl\":\"https:\\\/\\\/blogdofarnesio.com.br\\\/wp-content\\\/uploads\\\/2026\\\/03\\\/cropped-logo_new-1.png\",\"width\":881,\"height\":685,\"caption\":\"Blog do Farn\u00e9sio\"},\"image\":{\"@id\":\"https:\\\/\\\/blogdofarnesio.com.br\\\/#\\\/schema\\\/logo\\\/image\\\/\"},\"sameAs\":[\"https:\\\/\\\/www.facebook.com\\\/BlogQuerSaberPolitica\\\/\"]},{\"@type\":\"Person\",\"@id\":\"https:\\\/\\\/blogdofarnesio.com.br\\\/#\\\/schema\\\/person\\\/301c4acf522bccbfdb45af95b5b906a1\",\"name\":\"Farn\u00e9sio\",\"image\":{\"@type\":\"ImageObject\",\"inLanguage\":\"pt-BR\",\"@id\":\"https:\\\/\\\/secure.gravatar.com\\\/avatar\\\/df0c9a14567c056f8ad6876ba5bbd1e3e2c48023eb6807342fc4663adf549f38?s=96&d=mm&r=g\",\"url\":\"https:\\\/\\\/secure.gravatar.com\\\/avatar\\\/df0c9a14567c056f8ad6876ba5bbd1e3e2c48023eb6807342fc4663adf549f38?s=96&d=mm&r=g\",\"contentUrl\":\"https:\\\/\\\/secure.gravatar.com\\\/avatar\\\/df0c9a14567c056f8ad6876ba5bbd1e3e2c48023eb6807342fc4663adf549f38?s=96&d=mm&r=g\",\"caption\":\"Farn\u00e9sio\"},\"sameAs\":[\"https:\\\/\\\/quersaberpolitica.com.br\"],\"url\":\"https:\\\/\\\/blogdofarnesio.com.br\\\/?author=1\"}]}<\/script>\n<!-- \/ Yoast SEO plugin. -->","yoast_head_json":{"title":"H\u00c9LIO DE ARA\u00daJO LAN\u00c7AR\u00c1 O LIVRO: O ANOITECER DE AURORA - Blog do Farn\u00e9sio","robots":{"index":"index","follow":"follow","max-snippet":"max-snippet:-1","max-image-preview":"max-image-preview:large","max-video-preview":"max-video-preview:-1"},"canonical":"https:\/\/blogdofarnesio.com.br\/?p=174662","og_locale":"pt_BR","og_type":"article","og_title":"H\u00c9LIO DE ARA\u00daJO LAN\u00c7AR\u00c1 O LIVRO: O ANOITECER DE AURORA - Blog do Farn\u00e9sio","og_description":"Ser\u00e1 na pr\u00f3xima quarta-feira, dia 30, \u00e0s 19 horas, na Biblioteca do Sesc Petrolina, o lan\u00e7amento do livro \u201cO anoitecer de Aurora\u201d do professor H\u00e9lio de Ara\u00fajo. A obra, de 114 p\u00e1ginas, conta a trajet\u00f3ria de vida de uma sertaneja, enfatizando sua luta pela sobreviv\u00eancia na \u00e1rea de sequeiro e os desafios enfrentados para cuidar de catorze filhos. A quarta publica\u00e7\u00e3o do autor, de 54 anos, foi produzida na Companhia Editora de Pernambuco \u2013 Cepe. H\u00e9lio, al\u00e9m de autografar, falar\u00e1 sobre o processo de elabora\u00e7\u00e3o do livro que teve o apoio cultural de empresas da regi\u00e3o. O jornalista Jota Menezes opinou que o livro \u00e9 \u201cUm b\u00e1lsamo para cora\u00e7\u00f5es feridos pela desumaniza\u00e7\u00e3o do mundo. Por\u00e9m, a obra com sua inolvid\u00e1vel&hellip;","og_url":"https:\/\/blogdofarnesio.com.br\/?p=174662","og_site_name":"Blog do Farn\u00e9sio","article_publisher":"https:\/\/www.facebook.com\/BlogQuerSaberPolitica\/","article_published_time":"2017-08-23T13:22:16+00:00","og_image":[{"width":660,"height":495,"url":"https:\/\/blogdofarnesio.com.br\/wp-content\/uploads\/2017\/08\/blogqspprofhelioaraujo-e1503492682967.jpg","type":"image\/jpeg"}],"author":"Farn\u00e9sio","twitter_card":"summary_large_image","twitter_misc":{"Escrito por":"Farn\u00e9sio","Est. tempo de leitura":"3 minutos"},"schema":{"@context":"https:\/\/schema.org","@graph":[{"@type":"Article","@id":"https:\/\/blogdofarnesio.com.br\/?p=174662#article","isPartOf":{"@id":"https:\/\/blogdofarnesio.com.br\/?p=174662"},"author":{"name":"Farn\u00e9sio","@id":"https:\/\/blogdofarnesio.com.br\/#\/schema\/person\/301c4acf522bccbfdb45af95b5b906a1"},"headline":"H\u00c9LIO DE ARA\u00daJO LAN\u00c7AR\u00c1 O LIVRO: O ANOITECER DE AURORA","datePublished":"2017-08-23T13:22:16+00:00","mainEntityOfPage":{"@id":"https:\/\/blogdofarnesio.com.br\/?p=174662"},"wordCount":579,"commentCount":0,"publisher":{"@id":"https:\/\/blogdofarnesio.com.br\/#organization"},"image":{"@id":"https:\/\/blogdofarnesio.com.br\/?p=174662#primaryimage"},"thumbnailUrl":"https:\/\/blogdofarnesio.com.br\/wp-content\/uploads\/2017\/08\/blogqspprofhelioaraujo-e1503492682967.jpg","articleSection":["Cultura"],"inLanguage":"pt-BR","potentialAction":[{"@type":"CommentAction","name":"Comment","target":["https:\/\/blogdofarnesio.com.br\/?p=174662#respond"]}]},{"@type":"WebPage","@id":"https:\/\/blogdofarnesio.com.br\/?p=174662","url":"https:\/\/blogdofarnesio.com.br\/?p=174662","name":"H\u00c9LIO DE ARA\u00daJO LAN\u00c7AR\u00c1 O LIVRO: O ANOITECER DE AURORA - Blog do Farn\u00e9sio","isPartOf":{"@id":"https:\/\/blogdofarnesio.com.br\/#website"},"primaryImageOfPage":{"@id":"https:\/\/blogdofarnesio.com.br\/?p=174662#primaryimage"},"image":{"@id":"https:\/\/blogdofarnesio.com.br\/?p=174662#primaryimage"},"thumbnailUrl":"https:\/\/blogdofarnesio.com.br\/wp-content\/uploads\/2017\/08\/blogqspprofhelioaraujo-e1503492682967.jpg","datePublished":"2017-08-23T13:22:16+00:00","breadcrumb":{"@id":"https:\/\/blogdofarnesio.com.br\/?p=174662#breadcrumb"},"inLanguage":"pt-BR","potentialAction":[{"@type":"ReadAction","target":["https:\/\/blogdofarnesio.com.br\/?p=174662"]}]},{"@type":"ImageObject","inLanguage":"pt-BR","@id":"https:\/\/blogdofarnesio.com.br\/?p=174662#primaryimage","url":"https:\/\/blogdofarnesio.com.br\/wp-content\/uploads\/2017\/08\/blogqspprofhelioaraujo-e1503492682967.jpg","contentUrl":"https:\/\/blogdofarnesio.com.br\/wp-content\/uploads\/2017\/08\/blogqspprofhelioaraujo-e1503492682967.jpg","width":660,"height":495},{"@type":"BreadcrumbList","@id":"https:\/\/blogdofarnesio.com.br\/?p=174662#breadcrumb","itemListElement":[{"@type":"ListItem","position":1,"name":"In\u00edcio","item":"https:\/\/blogdofarnesio.com.br\/"},{"@type":"ListItem","position":2,"name":"H\u00c9LIO DE ARA\u00daJO LAN\u00c7AR\u00c1 O LIVRO: O ANOITECER DE AURORA"}]},{"@type":"WebSite","@id":"https:\/\/blogdofarnesio.com.br\/#website","url":"https:\/\/blogdofarnesio.com.br\/","name":"Blog do Farn\u00e9sio","description":"Quer Saber Pol\u00edtica?","publisher":{"@id":"https:\/\/blogdofarnesio.com.br\/#organization"},"potentialAction":[{"@type":"SearchAction","target":{"@type":"EntryPoint","urlTemplate":"https:\/\/blogdofarnesio.com.br\/?s={search_term_string}"},"query-input":{"@type":"PropertyValueSpecification","valueRequired":true,"valueName":"search_term_string"}}],"inLanguage":"pt-BR"},{"@type":"Organization","@id":"https:\/\/blogdofarnesio.com.br\/#organization","name":"Blog do Farn\u00e9sio","url":"https:\/\/blogdofarnesio.com.br\/","logo":{"@type":"ImageObject","inLanguage":"pt-BR","@id":"https:\/\/blogdofarnesio.com.br\/#\/schema\/logo\/image\/","url":"https:\/\/blogdofarnesio.com.br\/wp-content\/uploads\/2026\/03\/cropped-logo_new-1.png","contentUrl":"https:\/\/blogdofarnesio.com.br\/wp-content\/uploads\/2026\/03\/cropped-logo_new-1.png","width":881,"height":685,"caption":"Blog do Farn\u00e9sio"},"image":{"@id":"https:\/\/blogdofarnesio.com.br\/#\/schema\/logo\/image\/"},"sameAs":["https:\/\/www.facebook.com\/BlogQuerSaberPolitica\/"]},{"@type":"Person","@id":"https:\/\/blogdofarnesio.com.br\/#\/schema\/person\/301c4acf522bccbfdb45af95b5b906a1","name":"Farn\u00e9sio","image":{"@type":"ImageObject","inLanguage":"pt-BR","@id":"https:\/\/secure.gravatar.com\/avatar\/df0c9a14567c056f8ad6876ba5bbd1e3e2c48023eb6807342fc4663adf549f38?s=96&d=mm&r=g","url":"https:\/\/secure.gravatar.com\/avatar\/df0c9a14567c056f8ad6876ba5bbd1e3e2c48023eb6807342fc4663adf549f38?s=96&d=mm&r=g","contentUrl":"https:\/\/secure.gravatar.com\/avatar\/df0c9a14567c056f8ad6876ba5bbd1e3e2c48023eb6807342fc4663adf549f38?s=96&d=mm&r=g","caption":"Farn\u00e9sio"},"sameAs":["https:\/\/quersaberpolitica.com.br"],"url":"https:\/\/blogdofarnesio.com.br\/?author=1"}]}},"_links":{"self":[{"href":"https:\/\/blogdofarnesio.com.br\/index.php?rest_route=\/wp\/v2\/posts\/174662","targetHints":{"allow":["GET"]}}],"collection":[{"href":"https:\/\/blogdofarnesio.com.br\/index.php?rest_route=\/wp\/v2\/posts"}],"about":[{"href":"https:\/\/blogdofarnesio.com.br\/index.php?rest_route=\/wp\/v2\/types\/post"}],"author":[{"embeddable":true,"href":"https:\/\/blogdofarnesio.com.br\/index.php?rest_route=\/wp\/v2\/users\/1"}],"replies":[{"embeddable":true,"href":"https:\/\/blogdofarnesio.com.br\/index.php?rest_route=%2Fwp%2Fv2%2Fcomments&post=174662"}],"version-history":[{"count":0,"href":"https:\/\/blogdofarnesio.com.br\/index.php?rest_route=\/wp\/v2\/posts\/174662\/revisions"}],"wp:featuredmedia":[{"embeddable":true,"href":"https:\/\/blogdofarnesio.com.br\/index.php?rest_route=\/wp\/v2\/media\/174663"}],"wp:attachment":[{"href":"https:\/\/blogdofarnesio.com.br\/index.php?rest_route=%2Fwp%2Fv2%2Fmedia&parent=174662"}],"wp:term":[{"taxonomy":"category","embeddable":true,"href":"https:\/\/blogdofarnesio.com.br\/index.php?rest_route=%2Fwp%2Fv2%2Fcategories&post=174662"},{"taxonomy":"post_tag","embeddable":true,"href":"https:\/\/blogdofarnesio.com.br\/index.php?rest_route=%2Fwp%2Fv2%2Ftags&post=174662"}],"curies":[{"name":"wp","href":"https:\/\/api.w.org\/{rel}","templated":true}]}}