{"id":174657,"date":"2017-08-23T16:00:04","date_gmt":"2017-08-23T19:00:04","guid":{"rendered":"http:\/\/quersaberpolitica.com.br\/2016\/?p=174657"},"modified":"2017-08-23T10:18:15","modified_gmt":"2017-08-23T13:18:15","slug":"parceria-entre-prefeitura-de-petrolina-e-apami-possibilitara-funcionamento-do-hospital-dom-tomas","status":"publish","type":"post","link":"https:\/\/blogdofarnesio.com.br\/?p=174657","title":{"rendered":"PARCERIA ENTRE PREFEITURA DE PETROLINA E APAMI POSSIBILITAR\u00c1 FUNCIONAMENTO DO HOSPITAL DOM TOM\u00c1S"},"content":{"rendered":"<p>Com o objetivo de contribuir cada vez mais para a promo\u00e7\u00e3o de uma sa\u00fade p\u00fablica de qualidade para a popula\u00e7\u00e3o de Petrolina, a Prefeitura Municipal firmar\u00e1 um acordo com a Associa\u00e7\u00e3o Petrolinense de Aparo \u00e0 Maternidade e \u00e0 Inf\u00e2ncia (APAMI) para viabilizar a abertura do Hospital Dom Tom\u00e1s, que oferecer\u00e1 servi\u00e7os a pacientes com c\u00e2ncer.<\/p>\n<p>Nesta semana, aconteceu uma reuni\u00e3o realizada no Centro de Oncologia Dr. Muccini que contou com representantes do Minist\u00e9rio da Sa\u00fade, da Secretaria de Sa\u00fade do Estado de Pernambuco, a diretora da APAMI e da secret\u00e1ria de Sa\u00fade de Petrolina Magnilde Albuquerque.<\/p>\n<p>Na ocasi\u00e3o, foi realizada uma visita pela estrutura no local, al\u00e9m de uma discuss\u00e3o sobre a parte burocr\u00e1tica, em que Petrolina far\u00e1 a ced\u00eancia de doze leitos cl\u00ednicos, ou seja, leitos de retaguarda referentes ao Plano de A\u00e7\u00e3o Regional da Rede de Urg\u00eancia e Emerg\u00eancia &#8211; PAR\/RUE, aprovados para o munic\u00edpio de Petrolina em reuni\u00e3o da Comiss\u00e3o Bipartite- CIB Estadual em Fevereiro de 2012, o que possibilitar\u00e1 a autoriza\u00e7\u00e3o para o funcionamento do hospital.<\/p>\n<p>A secret\u00e1ria de Sa\u00fade Magnilde Albuquerque frisou o empenho da pasta em firmar parcerias.\u00a0\u201cEsse \u00e9 um hospital muito importante e estamos juntos para somar. Nosso objetivo \u00e9 trabalhar para promover uma sa\u00fade digna para os petrolinenses. N\u00f3s t\u00ednhamos esses leitos e vamos firmar um contrato com a APAMI para essa ced\u00eancia. N\u00f3s j\u00e1 aprovamos em uma reuni\u00e3o na \u00faltima semana, agora \u00e9 seguir o tramite necess\u00e1rio\u201d,\u00a0explicou.<\/p>\n","protected":false},"excerpt":{"rendered":"<p>Com o objetivo de contribuir cada vez mais para a promo\u00e7\u00e3o de uma sa\u00fade p\u00fablica de qualidade para a popula\u00e7\u00e3o de Petrolina, a Prefeitura Municipal firmar\u00e1 um acordo com a Associa\u00e7\u00e3o Petrolinense de Aparo \u00e0 Maternidade e \u00e0 Inf\u00e2ncia (APAMI) para viabilizar a abertura do Hospital Dom Tom\u00e1s, que oferecer\u00e1 servi\u00e7os a pacientes com c\u00e2ncer. Nesta semana, aconteceu uma reuni\u00e3o realizada no Centro de Oncologia Dr. Muccini que contou com representantes do Minist\u00e9rio da Sa\u00fade, da Secretaria de Sa\u00fade do Estado de Pernambuco, a diretora da APAMI e da secret\u00e1ria de Sa\u00fade de Petrolina Magnilde Albuquerque. Na ocasi\u00e3o, foi realizada uma visita pela estrutura no local, al\u00e9m de uma discuss\u00e3o sobre a parte burocr\u00e1tica, em que Petrolina far\u00e1 a ced\u00eancia&hellip; <\/p>\n","protected":false},"author":1,"featured_media":174658,"comment_status":"open","ping_status":"open","sticky":false,"template":"","format":"standard","meta":{"_acf_changed":false,"footnotes":""},"categories":[44,4],"tags":[],"class_list":["post-174657","post","type-post","status-publish","format-standard","has-post-thumbnail","hentry","category-administracao","category-saude"],"acf":[],"yoast_head":"<!-- This site is optimized with the Yoast SEO plugin v27.4 - https:\/\/yoast.com\/product\/yoast-seo-wordpress\/ -->\n<title>PARCERIA ENTRE PREFEITURA DE PETROLINA E APAMI POSSIBILITAR\u00c1 FUNCIONAMENTO DO HOSPITAL DOM TOM\u00c1S - Blog do Farn\u00e9sio<\/title>\n<meta name=\"robots\" content=\"index, follow, max-snippet:-1, max-image-preview:large, max-video-preview:-1\" \/>\n<link rel=\"canonical\" href=\"https:\/\/blogdofarnesio.com.br\/?p=174657\" \/>\n<meta property=\"og:locale\" content=\"pt_BR\" \/>\n<meta property=\"og:type\" content=\"article\" \/>\n<meta property=\"og:title\" content=\"PARCERIA ENTRE PREFEITURA DE PETROLINA E APAMI POSSIBILITAR\u00c1 FUNCIONAMENTO DO HOSPITAL DOM TOM\u00c1S - Blog do Farn\u00e9sio\" \/>\n<meta property=\"og:description\" content=\"Com o objetivo de contribuir cada vez mais para a promo\u00e7\u00e3o de uma sa\u00fade p\u00fablica de qualidade para a popula\u00e7\u00e3o de Petrolina, a Prefeitura Municipal firmar\u00e1 um acordo com a Associa\u00e7\u00e3o Petrolinense de Aparo \u00e0 Maternidade e \u00e0 Inf\u00e2ncia (APAMI) para viabilizar a abertura do Hospital Dom Tom\u00e1s, que oferecer\u00e1 servi\u00e7os a pacientes com c\u00e2ncer. Nesta semana, aconteceu uma reuni\u00e3o realizada no Centro de Oncologia Dr. Muccini que contou com representantes do Minist\u00e9rio da Sa\u00fade, da Secretaria de Sa\u00fade do Estado de Pernambuco, a diretora da APAMI e da secret\u00e1ria de Sa\u00fade de Petrolina Magnilde Albuquerque. Na ocasi\u00e3o, foi realizada uma visita pela estrutura no local, al\u00e9m de uma discuss\u00e3o sobre a parte burocr\u00e1tica, em que Petrolina far\u00e1 a ced\u00eancia&hellip;\" \/>\n<meta property=\"og:url\" content=\"https:\/\/blogdofarnesio.com.br\/?p=174657\" \/>\n<meta property=\"og:site_name\" content=\"Blog do Farn\u00e9sio\" \/>\n<meta property=\"article:publisher\" content=\"https:\/\/www.facebook.com\/BlogQuerSaberPolitica\/\" \/>\n<meta property=\"article:published_time\" content=\"2017-08-23T19:00:04+00:00\" \/>\n<meta property=\"og:image\" content=\"https:\/\/blogdofarnesio.com.br\/wp-content\/uploads\/2017\/08\/blogqsp-Hospital-Dom-Tom\u00e1s.png\" \/>\n\t<meta property=\"og:image:width\" content=\"500\" \/>\n\t<meta property=\"og:image:height\" content=\"300\" \/>\n\t<meta property=\"og:image:type\" content=\"image\/png\" \/>\n<meta name=\"author\" content=\"Farn\u00e9sio\" \/>\n<meta name=\"twitter:card\" content=\"summary_large_image\" \/>\n<meta name=\"twitter:label1\" content=\"Escrito por\" \/>\n\t<meta name=\"twitter:data1\" content=\"Farn\u00e9sio\" \/>\n\t<meta name=\"twitter:label2\" content=\"Est. tempo de leitura\" \/>\n\t<meta name=\"twitter:data2\" content=\"1 minuto\" \/>\n<script type=\"application\/ld+json\" class=\"yoast-schema-graph\">{\"@context\":\"https:\\\/\\\/schema.org\",\"@graph\":[{\"@type\":\"Article\",\"@id\":\"https:\\\/\\\/blogdofarnesio.com.br\\\/?p=174657#article\",\"isPartOf\":{\"@id\":\"https:\\\/\\\/blogdofarnesio.com.br\\\/?p=174657\"},\"author\":{\"name\":\"Farn\u00e9sio\",\"@id\":\"https:\\\/\\\/blogdofarnesio.com.br\\\/#\\\/schema\\\/person\\\/301c4acf522bccbfdb45af95b5b906a1\"},\"headline\":\"PARCERIA ENTRE PREFEITURA DE PETROLINA E APAMI POSSIBILITAR\u00c1 FUNCIONAMENTO DO HOSPITAL DOM TOM\u00c1S\",\"datePublished\":\"2017-08-23T19:00:04+00:00\",\"mainEntityOfPage\":{\"@id\":\"https:\\\/\\\/blogdofarnesio.com.br\\\/?p=174657\"},\"wordCount\":284,\"commentCount\":0,\"publisher\":{\"@id\":\"https:\\\/\\\/blogdofarnesio.com.br\\\/#organization\"},\"image\":{\"@id\":\"https:\\\/\\\/blogdofarnesio.com.br\\\/?p=174657#primaryimage\"},\"thumbnailUrl\":\"https:\\\/\\\/blogdofarnesio.com.br\\\/wp-content\\\/uploads\\\/2017\\\/08\\\/blogqsp-Hospital-Dom-Tom\u00e1s.png\",\"articleSection\":[\"Administra\u00e7\u00e3o\",\"Sa\u00fade\"],\"inLanguage\":\"pt-BR\",\"potentialAction\":[{\"@type\":\"CommentAction\",\"name\":\"Comment\",\"target\":[\"https:\\\/\\\/blogdofarnesio.com.br\\\/?p=174657#respond\"]}]},{\"@type\":\"WebPage\",\"@id\":\"https:\\\/\\\/blogdofarnesio.com.br\\\/?p=174657\",\"url\":\"https:\\\/\\\/blogdofarnesio.com.br\\\/?p=174657\",\"name\":\"PARCERIA ENTRE PREFEITURA DE PETROLINA E APAMI POSSIBILITAR\u00c1 FUNCIONAMENTO DO HOSPITAL DOM TOM\u00c1S - Blog do Farn\u00e9sio\",\"isPartOf\":{\"@id\":\"https:\\\/\\\/blogdofarnesio.com.br\\\/#website\"},\"primaryImageOfPage\":{\"@id\":\"https:\\\/\\\/blogdofarnesio.com.br\\\/?p=174657#primaryimage\"},\"image\":{\"@id\":\"https:\\\/\\\/blogdofarnesio.com.br\\\/?p=174657#primaryimage\"},\"thumbnailUrl\":\"https:\\\/\\\/blogdofarnesio.com.br\\\/wp-content\\\/uploads\\\/2017\\\/08\\\/blogqsp-Hospital-Dom-Tom\u00e1s.png\",\"datePublished\":\"2017-08-23T19:00:04+00:00\",\"breadcrumb\":{\"@id\":\"https:\\\/\\\/blogdofarnesio.com.br\\\/?p=174657#breadcrumb\"},\"inLanguage\":\"pt-BR\",\"potentialAction\":[{\"@type\":\"ReadAction\",\"target\":[\"https:\\\/\\\/blogdofarnesio.com.br\\\/?p=174657\"]}]},{\"@type\":\"ImageObject\",\"inLanguage\":\"pt-BR\",\"@id\":\"https:\\\/\\\/blogdofarnesio.com.br\\\/?p=174657#primaryimage\",\"url\":\"https:\\\/\\\/blogdofarnesio.com.br\\\/wp-content\\\/uploads\\\/2017\\\/08\\\/blogqsp-Hospital-Dom-Tom\u00e1s.png\",\"contentUrl\":\"https:\\\/\\\/blogdofarnesio.com.br\\\/wp-content\\\/uploads\\\/2017\\\/08\\\/blogqsp-Hospital-Dom-Tom\u00e1s.png\",\"width\":500,\"height\":300},{\"@type\":\"BreadcrumbList\",\"@id\":\"https:\\\/\\\/blogdofarnesio.com.br\\\/?p=174657#breadcrumb\",\"itemListElement\":[{\"@type\":\"ListItem\",\"position\":1,\"name\":\"In\u00edcio\",\"item\":\"https:\\\/\\\/blogdofarnesio.com.br\\\/\"},{\"@type\":\"ListItem\",\"position\":2,\"name\":\"PARCERIA ENTRE PREFEITURA DE PETROLINA E APAMI POSSIBILITAR\u00c1 FUNCIONAMENTO DO HOSPITAL DOM TOM\u00c1S\"}]},{\"@type\":\"WebSite\",\"@id\":\"https:\\\/\\\/blogdofarnesio.com.br\\\/#website\",\"url\":\"https:\\\/\\\/blogdofarnesio.com.br\\\/\",\"name\":\"Blog do Farn\u00e9sio\",\"description\":\"Quer Saber Pol\u00edtica?\",\"publisher\":{\"@id\":\"https:\\\/\\\/blogdofarnesio.com.br\\\/#organization\"},\"potentialAction\":[{\"@type\":\"SearchAction\",\"target\":{\"@type\":\"EntryPoint\",\"urlTemplate\":\"https:\\\/\\\/blogdofarnesio.com.br\\\/?s={search_term_string}\"},\"query-input\":{\"@type\":\"PropertyValueSpecification\",\"valueRequired\":true,\"valueName\":\"search_term_string\"}}],\"inLanguage\":\"pt-BR\"},{\"@type\":\"Organization\",\"@id\":\"https:\\\/\\\/blogdofarnesio.com.br\\\/#organization\",\"name\":\"Blog do Farn\u00e9sio\",\"url\":\"https:\\\/\\\/blogdofarnesio.com.br\\\/\",\"logo\":{\"@type\":\"ImageObject\",\"inLanguage\":\"pt-BR\",\"@id\":\"https:\\\/\\\/blogdofarnesio.com.br\\\/#\\\/schema\\\/logo\\\/image\\\/\",\"url\":\"https:\\\/\\\/blogdofarnesio.com.br\\\/wp-content\\\/uploads\\\/2026\\\/03\\\/cropped-logo_new-1.png\",\"contentUrl\":\"https:\\\/\\\/blogdofarnesio.com.br\\\/wp-content\\\/uploads\\\/2026\\\/03\\\/cropped-logo_new-1.png\",\"width\":881,\"height\":685,\"caption\":\"Blog do Farn\u00e9sio\"},\"image\":{\"@id\":\"https:\\\/\\\/blogdofarnesio.com.br\\\/#\\\/schema\\\/logo\\\/image\\\/\"},\"sameAs\":[\"https:\\\/\\\/www.facebook.com\\\/BlogQuerSaberPolitica\\\/\"]},{\"@type\":\"Person\",\"@id\":\"https:\\\/\\\/blogdofarnesio.com.br\\\/#\\\/schema\\\/person\\\/301c4acf522bccbfdb45af95b5b906a1\",\"name\":\"Farn\u00e9sio\",\"image\":{\"@type\":\"ImageObject\",\"inLanguage\":\"pt-BR\",\"@id\":\"https:\\\/\\\/secure.gravatar.com\\\/avatar\\\/df0c9a14567c056f8ad6876ba5bbd1e3e2c48023eb6807342fc4663adf549f38?s=96&d=mm&r=g\",\"url\":\"https:\\\/\\\/secure.gravatar.com\\\/avatar\\\/df0c9a14567c056f8ad6876ba5bbd1e3e2c48023eb6807342fc4663adf549f38?s=96&d=mm&r=g\",\"contentUrl\":\"https:\\\/\\\/secure.gravatar.com\\\/avatar\\\/df0c9a14567c056f8ad6876ba5bbd1e3e2c48023eb6807342fc4663adf549f38?s=96&d=mm&r=g\",\"caption\":\"Farn\u00e9sio\"},\"sameAs\":[\"https:\\\/\\\/quersaberpolitica.com.br\"],\"url\":\"https:\\\/\\\/blogdofarnesio.com.br\\\/?author=1\"}]}<\/script>\n<!-- \/ Yoast SEO plugin. -->","yoast_head_json":{"title":"PARCERIA ENTRE PREFEITURA DE PETROLINA E APAMI POSSIBILITAR\u00c1 FUNCIONAMENTO DO HOSPITAL DOM TOM\u00c1S - Blog do Farn\u00e9sio","robots":{"index":"index","follow":"follow","max-snippet":"max-snippet:-1","max-image-preview":"max-image-preview:large","max-video-preview":"max-video-preview:-1"},"canonical":"https:\/\/blogdofarnesio.com.br\/?p=174657","og_locale":"pt_BR","og_type":"article","og_title":"PARCERIA ENTRE PREFEITURA DE PETROLINA E APAMI POSSIBILITAR\u00c1 FUNCIONAMENTO DO HOSPITAL DOM TOM\u00c1S - Blog do Farn\u00e9sio","og_description":"Com o objetivo de contribuir cada vez mais para a promo\u00e7\u00e3o de uma sa\u00fade p\u00fablica de qualidade para a popula\u00e7\u00e3o de Petrolina, a Prefeitura Municipal firmar\u00e1 um acordo com a Associa\u00e7\u00e3o Petrolinense de Aparo \u00e0 Maternidade e \u00e0 Inf\u00e2ncia (APAMI) para viabilizar a abertura do Hospital Dom Tom\u00e1s, que oferecer\u00e1 servi\u00e7os a pacientes com c\u00e2ncer. Nesta semana, aconteceu uma reuni\u00e3o realizada no Centro de Oncologia Dr. Muccini que contou com representantes do Minist\u00e9rio da Sa\u00fade, da Secretaria de Sa\u00fade do Estado de Pernambuco, a diretora da APAMI e da secret\u00e1ria de Sa\u00fade de Petrolina Magnilde Albuquerque. Na ocasi\u00e3o, foi realizada uma visita pela estrutura no local, al\u00e9m de uma discuss\u00e3o sobre a parte burocr\u00e1tica, em que Petrolina far\u00e1 a ced\u00eancia&hellip;","og_url":"https:\/\/blogdofarnesio.com.br\/?p=174657","og_site_name":"Blog do Farn\u00e9sio","article_publisher":"https:\/\/www.facebook.com\/BlogQuerSaberPolitica\/","article_published_time":"2017-08-23T19:00:04+00:00","og_image":[{"width":500,"height":300,"url":"https:\/\/blogdofarnesio.com.br\/wp-content\/uploads\/2017\/08\/blogqsp-Hospital-Dom-Tom\u00e1s.png","type":"image\/png"}],"author":"Farn\u00e9sio","twitter_card":"summary_large_image","twitter_misc":{"Escrito por":"Farn\u00e9sio","Est. tempo de leitura":"1 minuto"},"schema":{"@context":"https:\/\/schema.org","@graph":[{"@type":"Article","@id":"https:\/\/blogdofarnesio.com.br\/?p=174657#article","isPartOf":{"@id":"https:\/\/blogdofarnesio.com.br\/?p=174657"},"author":{"name":"Farn\u00e9sio","@id":"https:\/\/blogdofarnesio.com.br\/#\/schema\/person\/301c4acf522bccbfdb45af95b5b906a1"},"headline":"PARCERIA ENTRE PREFEITURA DE PETROLINA E APAMI POSSIBILITAR\u00c1 FUNCIONAMENTO DO HOSPITAL DOM TOM\u00c1S","datePublished":"2017-08-23T19:00:04+00:00","mainEntityOfPage":{"@id":"https:\/\/blogdofarnesio.com.br\/?p=174657"},"wordCount":284,"commentCount":0,"publisher":{"@id":"https:\/\/blogdofarnesio.com.br\/#organization"},"image":{"@id":"https:\/\/blogdofarnesio.com.br\/?p=174657#primaryimage"},"thumbnailUrl":"https:\/\/blogdofarnesio.com.br\/wp-content\/uploads\/2017\/08\/blogqsp-Hospital-Dom-Tom\u00e1s.png","articleSection":["Administra\u00e7\u00e3o","Sa\u00fade"],"inLanguage":"pt-BR","potentialAction":[{"@type":"CommentAction","name":"Comment","target":["https:\/\/blogdofarnesio.com.br\/?p=174657#respond"]}]},{"@type":"WebPage","@id":"https:\/\/blogdofarnesio.com.br\/?p=174657","url":"https:\/\/blogdofarnesio.com.br\/?p=174657","name":"PARCERIA ENTRE PREFEITURA DE PETROLINA E APAMI POSSIBILITAR\u00c1 FUNCIONAMENTO DO HOSPITAL DOM TOM\u00c1S - Blog do Farn\u00e9sio","isPartOf":{"@id":"https:\/\/blogdofarnesio.com.br\/#website"},"primaryImageOfPage":{"@id":"https:\/\/blogdofarnesio.com.br\/?p=174657#primaryimage"},"image":{"@id":"https:\/\/blogdofarnesio.com.br\/?p=174657#primaryimage"},"thumbnailUrl":"https:\/\/blogdofarnesio.com.br\/wp-content\/uploads\/2017\/08\/blogqsp-Hospital-Dom-Tom\u00e1s.png","datePublished":"2017-08-23T19:00:04+00:00","breadcrumb":{"@id":"https:\/\/blogdofarnesio.com.br\/?p=174657#breadcrumb"},"inLanguage":"pt-BR","potentialAction":[{"@type":"ReadAction","target":["https:\/\/blogdofarnesio.com.br\/?p=174657"]}]},{"@type":"ImageObject","inLanguage":"pt-BR","@id":"https:\/\/blogdofarnesio.com.br\/?p=174657#primaryimage","url":"https:\/\/blogdofarnesio.com.br\/wp-content\/uploads\/2017\/08\/blogqsp-Hospital-Dom-Tom\u00e1s.png","contentUrl":"https:\/\/blogdofarnesio.com.br\/wp-content\/uploads\/2017\/08\/blogqsp-Hospital-Dom-Tom\u00e1s.png","width":500,"height":300},{"@type":"BreadcrumbList","@id":"https:\/\/blogdofarnesio.com.br\/?p=174657#breadcrumb","itemListElement":[{"@type":"ListItem","position":1,"name":"In\u00edcio","item":"https:\/\/blogdofarnesio.com.br\/"},{"@type":"ListItem","position":2,"name":"PARCERIA ENTRE PREFEITURA DE PETROLINA E APAMI POSSIBILITAR\u00c1 FUNCIONAMENTO DO HOSPITAL DOM TOM\u00c1S"}]},{"@type":"WebSite","@id":"https:\/\/blogdofarnesio.com.br\/#website","url":"https:\/\/blogdofarnesio.com.br\/","name":"Blog do Farn\u00e9sio","description":"Quer Saber Pol\u00edtica?","publisher":{"@id":"https:\/\/blogdofarnesio.com.br\/#organization"},"potentialAction":[{"@type":"SearchAction","target":{"@type":"EntryPoint","urlTemplate":"https:\/\/blogdofarnesio.com.br\/?s={search_term_string}"},"query-input":{"@type":"PropertyValueSpecification","valueRequired":true,"valueName":"search_term_string"}}],"inLanguage":"pt-BR"},{"@type":"Organization","@id":"https:\/\/blogdofarnesio.com.br\/#organization","name":"Blog do Farn\u00e9sio","url":"https:\/\/blogdofarnesio.com.br\/","logo":{"@type":"ImageObject","inLanguage":"pt-BR","@id":"https:\/\/blogdofarnesio.com.br\/#\/schema\/logo\/image\/","url":"https:\/\/blogdofarnesio.com.br\/wp-content\/uploads\/2026\/03\/cropped-logo_new-1.png","contentUrl":"https:\/\/blogdofarnesio.com.br\/wp-content\/uploads\/2026\/03\/cropped-logo_new-1.png","width":881,"height":685,"caption":"Blog do Farn\u00e9sio"},"image":{"@id":"https:\/\/blogdofarnesio.com.br\/#\/schema\/logo\/image\/"},"sameAs":["https:\/\/www.facebook.com\/BlogQuerSaberPolitica\/"]},{"@type":"Person","@id":"https:\/\/blogdofarnesio.com.br\/#\/schema\/person\/301c4acf522bccbfdb45af95b5b906a1","name":"Farn\u00e9sio","image":{"@type":"ImageObject","inLanguage":"pt-BR","@id":"https:\/\/secure.gravatar.com\/avatar\/df0c9a14567c056f8ad6876ba5bbd1e3e2c48023eb6807342fc4663adf549f38?s=96&d=mm&r=g","url":"https:\/\/secure.gravatar.com\/avatar\/df0c9a14567c056f8ad6876ba5bbd1e3e2c48023eb6807342fc4663adf549f38?s=96&d=mm&r=g","contentUrl":"https:\/\/secure.gravatar.com\/avatar\/df0c9a14567c056f8ad6876ba5bbd1e3e2c48023eb6807342fc4663adf549f38?s=96&d=mm&r=g","caption":"Farn\u00e9sio"},"sameAs":["https:\/\/quersaberpolitica.com.br"],"url":"https:\/\/blogdofarnesio.com.br\/?author=1"}]}},"_links":{"self":[{"href":"https:\/\/blogdofarnesio.com.br\/index.php?rest_route=\/wp\/v2\/posts\/174657","targetHints":{"allow":["GET"]}}],"collection":[{"href":"https:\/\/blogdofarnesio.com.br\/index.php?rest_route=\/wp\/v2\/posts"}],"about":[{"href":"https:\/\/blogdofarnesio.com.br\/index.php?rest_route=\/wp\/v2\/types\/post"}],"author":[{"embeddable":true,"href":"https:\/\/blogdofarnesio.com.br\/index.php?rest_route=\/wp\/v2\/users\/1"}],"replies":[{"embeddable":true,"href":"https:\/\/blogdofarnesio.com.br\/index.php?rest_route=%2Fwp%2Fv2%2Fcomments&post=174657"}],"version-history":[{"count":0,"href":"https:\/\/blogdofarnesio.com.br\/index.php?rest_route=\/wp\/v2\/posts\/174657\/revisions"}],"wp:featuredmedia":[{"embeddable":true,"href":"https:\/\/blogdofarnesio.com.br\/index.php?rest_route=\/wp\/v2\/media\/174658"}],"wp:attachment":[{"href":"https:\/\/blogdofarnesio.com.br\/index.php?rest_route=%2Fwp%2Fv2%2Fmedia&parent=174657"}],"wp:term":[{"taxonomy":"category","embeddable":true,"href":"https:\/\/blogdofarnesio.com.br\/index.php?rest_route=%2Fwp%2Fv2%2Fcategories&post=174657"},{"taxonomy":"post_tag","embeddable":true,"href":"https:\/\/blogdofarnesio.com.br\/index.php?rest_route=%2Fwp%2Fv2%2Ftags&post=174657"}],"curies":[{"name":"wp","href":"https:\/\/api.w.org\/{rel}","templated":true}]}}