{"id":174634,"date":"2017-08-23T15:00:53","date_gmt":"2017-08-23T18:00:53","guid":{"rendered":"http:\/\/quersaberpolitica.com.br\/2016\/?p=174634"},"modified":"2017-08-23T10:15:14","modified_gmt":"2017-08-23T13:15:14","slug":"escolas-municipais-de-juazeiro-realizam-programacao-especial-na-semana-da-pessoa-com-deficiencia","status":"publish","type":"post","link":"https:\/\/blogdofarnesio.com.br\/?p=174634","title":{"rendered":"ESCOLAS MUNICIPAIS DE JUAZEIRO REALIZAM PROGRAMA\u00c7\u00c3O ESPECIAL NA SEMANA DA PESSOA COM DEFICI\u00caNCIA"},"content":{"rendered":"<p style=\"text-align: justify;\">As Escolas da Rede Municipal de Ensino de Juazeiro realizam uma programa\u00e7\u00e3o especial durante a Semana Nacional da Pessoa com Defici\u00eancia Intelectual e M\u00faltipla, que \u00e9 comemorada em todo o pa\u00eds, de 21 a 28 de agosto.<\/p>\n<p style=\"text-align: justify;\">As Escolas Maria Franca Pires e Tancredo Neves v\u00e3o realizar uma extensa programa\u00e7\u00e3o a partir de amanh\u00e3 (24), voltada para trabalhar a tem\u00e1tica, que tem como objetivo ressaltar a import\u00e2ncia de entender e discutir conceitos, ideias, sugest\u00f5es para a melhoria da qualidade de vida e inclus\u00e3o das pessoas com defici\u00eancia.<\/p>\n<p style=\"text-align: justify;\">Os alunos, professores, coordenadores e t\u00e9cnicos v\u00e3o ter oportunidade de assistir v\u00eddeos sobre o tema, apresenta\u00e7\u00f5es teatrais, participar de trabalhos textuais e audiovisuais, al\u00e9m de outras atividades.<\/p>\n<p style=\"text-align: justify;\">Durante o evento na escola Maria Franca Pires, na quinta-feira (24), a secret\u00e1ria de Educa\u00e7\u00e3o e Juventude (SEDUC), Lucinete Alves far\u00e1 a entrega, \u00e0s 10h, de um capacete com ponteira (ferramenta de tecnologia assistiva) para a aluna do 1\u00ba ano, Ana Vit\u00f3ria, de 6 anos de idade, que n\u00e3o possui os membros superiores e inferiores, e escreve atualmente com o auxilio da boca. O equipamento \u00e9 uma haste que \u00e9 fixada na cabe\u00e7a para facilitar a escrita e digita\u00e7\u00e3o para pessoas com comprometimento de membros superiores.<\/p>\n<p style=\"text-align: justify;\">De acordo com a gerente do N\u00facleo de Apoio Psicossocial e Inclus\u00e3o \u2013 NAPSI, da SEDUC, Luzinete Helena dos Santos, A Semana Nacional da Pessoa com Defici\u00eancia Intelectual e M\u00faltipla amplia e integra diversas discuss\u00f5es que possibilitam a troca de informa\u00e7\u00f5es e avan\u00e7os que auxiliem no dia a dia e j\u00e1 \u00e9 uma realidade nas escolas municipais de Juazeiro. \u201c\u00c9 importante que a sociedade volte o olhar para as pessoas com defici\u00eancia. Quando a gente fala em diferen\u00e7as, a maioria se volta para o desigual, mas o que a gente precisa mostrar \u00e9 que todas as pessoas com defici\u00eancia t\u00eam potencialidades, direitos, sonhos e desejos. O respeito com o pr\u00f3ximo \u00e9, sobretudo, essencial\u201d, frisou.<\/p>\n<p style=\"text-align: justify;\">A Rede Municipal atende aproximadamente 500 alunos com defici\u00eancia, oferece 44 salas de recursos, com 57 professores de AEE, 50 auxiliares de AEE, que trabalham diretamente com os alunos autistas e com defici\u00eancia m\u00faltipla.<\/p>\n<p style=\"text-align: justify;\">As atividades nas escolas, durante a Semana Nacional da Pessoa com Defici\u00eancia Intelectual e M\u00faltipla, encerram no dia 28 de agosto.<\/p>\n<p>Por Emanuelle Lustosa\/SEDUC<\/p>\n<div class=\"yj6qo ajU\">\n<div id=\":1ab\" class=\"ajR\" tabindex=\"0\" role=\"button\" data-tooltip=\"Mostrar conte\u00fado cortado\" aria-label=\"Mostrar conte\u00fado cortado\"><img decoding=\"async\" class=\"ajT\" src=\"https:\/\/ssl.gstatic.com\/ui\/v1\/icons\/mail\/images\/cleardot.gif\" \/><\/div>\n<\/div>\n","protected":false},"excerpt":{"rendered":"<p>As Escolas da Rede Municipal de Ensino de Juazeiro realizam uma programa\u00e7\u00e3o especial durante a Semana Nacional da Pessoa com Defici\u00eancia Intelectual e M\u00faltipla, que \u00e9 comemorada em todo o pa\u00eds, de 21 a 28 de agosto. As Escolas Maria Franca Pires e Tancredo Neves v\u00e3o realizar uma extensa programa\u00e7\u00e3o a partir de amanh\u00e3 (24), voltada para trabalhar a tem\u00e1tica, que tem como objetivo ressaltar a import\u00e2ncia de entender e discutir conceitos, ideias, sugest\u00f5es para a melhoria da qualidade de vida e inclus\u00e3o das pessoas com defici\u00eancia. Os alunos, professores, coordenadores e t\u00e9cnicos v\u00e3o ter oportunidade de assistir v\u00eddeos sobre o tema, apresenta\u00e7\u00f5es teatrais, participar de trabalhos textuais e audiovisuais, al\u00e9m de outras atividades. Durante o evento na escola Maria&hellip; <\/p>\n","protected":false},"author":1,"featured_media":174635,"comment_status":"open","ping_status":"open","sticky":false,"template":"","format":"standard","meta":{"_acf_changed":false,"footnotes":""},"categories":[44],"tags":[],"class_list":["post-174634","post","type-post","status-publish","format-standard","has-post-thumbnail","hentry","category-administracao"],"acf":[],"yoast_head":"<!-- This site is optimized with the Yoast SEO plugin v27.4 - https:\/\/yoast.com\/product\/yoast-seo-wordpress\/ -->\n<title>ESCOLAS MUNICIPAIS DE JUAZEIRO REALIZAM PROGRAMA\u00c7\u00c3O ESPECIAL NA SEMANA DA PESSOA COM DEFICI\u00caNCIA - Blog do Farn\u00e9sio<\/title>\n<meta name=\"robots\" content=\"index, follow, max-snippet:-1, max-image-preview:large, max-video-preview:-1\" \/>\n<link rel=\"canonical\" href=\"https:\/\/blogdofarnesio.com.br\/?p=174634\" \/>\n<meta property=\"og:locale\" content=\"pt_BR\" \/>\n<meta property=\"og:type\" content=\"article\" \/>\n<meta property=\"og:title\" content=\"ESCOLAS MUNICIPAIS DE JUAZEIRO REALIZAM PROGRAMA\u00c7\u00c3O ESPECIAL NA SEMANA DA PESSOA COM DEFICI\u00caNCIA - Blog do Farn\u00e9sio\" \/>\n<meta property=\"og:description\" content=\"As Escolas da Rede Municipal de Ensino de Juazeiro realizam uma programa\u00e7\u00e3o especial durante a Semana Nacional da Pessoa com Defici\u00eancia Intelectual e M\u00faltipla, que \u00e9 comemorada em todo o pa\u00eds, de 21 a 28 de agosto. As Escolas Maria Franca Pires e Tancredo Neves v\u00e3o realizar uma extensa programa\u00e7\u00e3o a partir de amanh\u00e3 (24), voltada para trabalhar a tem\u00e1tica, que tem como objetivo ressaltar a import\u00e2ncia de entender e discutir conceitos, ideias, sugest\u00f5es para a melhoria da qualidade de vida e inclus\u00e3o das pessoas com defici\u00eancia. Os alunos, professores, coordenadores e t\u00e9cnicos v\u00e3o ter oportunidade de assistir v\u00eddeos sobre o tema, apresenta\u00e7\u00f5es teatrais, participar de trabalhos textuais e audiovisuais, al\u00e9m de outras atividades. Durante o evento na escola Maria&hellip;\" \/>\n<meta property=\"og:url\" content=\"https:\/\/blogdofarnesio.com.br\/?p=174634\" \/>\n<meta property=\"og:site_name\" content=\"Blog do Farn\u00e9sio\" \/>\n<meta property=\"article:publisher\" content=\"https:\/\/www.facebook.com\/BlogQuerSaberPolitica\/\" \/>\n<meta property=\"article:published_time\" content=\"2017-08-23T18:00:53+00:00\" \/>\n<meta property=\"og:image\" content=\"https:\/\/blogdofarnesio.com.br\/wp-content\/uploads\/2017\/08\/blogqsp-Semana-da-Pessoa-com-Defici\u00eancia-2.jpg\" \/>\n\t<meta property=\"og:image:width\" content=\"640\" \/>\n\t<meta property=\"og:image:height\" content=\"480\" \/>\n\t<meta property=\"og:image:type\" content=\"image\/jpeg\" \/>\n<meta name=\"author\" content=\"Farn\u00e9sio\" \/>\n<meta name=\"twitter:card\" content=\"summary_large_image\" \/>\n<meta name=\"twitter:label1\" content=\"Escrito por\" \/>\n\t<meta name=\"twitter:data1\" content=\"Farn\u00e9sio\" \/>\n\t<meta name=\"twitter:label2\" content=\"Est. tempo de leitura\" \/>\n\t<meta name=\"twitter:data2\" content=\"2 minutos\" \/>\n<script type=\"application\/ld+json\" class=\"yoast-schema-graph\">{\"@context\":\"https:\\\/\\\/schema.org\",\"@graph\":[{\"@type\":\"Article\",\"@id\":\"https:\\\/\\\/blogdofarnesio.com.br\\\/?p=174634#article\",\"isPartOf\":{\"@id\":\"https:\\\/\\\/blogdofarnesio.com.br\\\/?p=174634\"},\"author\":{\"name\":\"Farn\u00e9sio\",\"@id\":\"https:\\\/\\\/blogdofarnesio.com.br\\\/#\\\/schema\\\/person\\\/301c4acf522bccbfdb45af95b5b906a1\"},\"headline\":\"ESCOLAS MUNICIPAIS DE JUAZEIRO REALIZAM PROGRAMA\u00c7\u00c3O ESPECIAL NA SEMANA DA PESSOA COM DEFICI\u00caNCIA\",\"datePublished\":\"2017-08-23T18:00:53+00:00\",\"mainEntityOfPage\":{\"@id\":\"https:\\\/\\\/blogdofarnesio.com.br\\\/?p=174634\"},\"wordCount\":408,\"commentCount\":0,\"publisher\":{\"@id\":\"https:\\\/\\\/blogdofarnesio.com.br\\\/#organization\"},\"image\":{\"@id\":\"https:\\\/\\\/blogdofarnesio.com.br\\\/?p=174634#primaryimage\"},\"thumbnailUrl\":\"https:\\\/\\\/blogdofarnesio.com.br\\\/wp-content\\\/uploads\\\/2017\\\/08\\\/blogqsp-Semana-da-Pessoa-com-Defici\u00eancia-2.jpg\",\"articleSection\":[\"Administra\u00e7\u00e3o\"],\"inLanguage\":\"pt-BR\",\"potentialAction\":[{\"@type\":\"CommentAction\",\"name\":\"Comment\",\"target\":[\"https:\\\/\\\/blogdofarnesio.com.br\\\/?p=174634#respond\"]}]},{\"@type\":\"WebPage\",\"@id\":\"https:\\\/\\\/blogdofarnesio.com.br\\\/?p=174634\",\"url\":\"https:\\\/\\\/blogdofarnesio.com.br\\\/?p=174634\",\"name\":\"ESCOLAS MUNICIPAIS DE JUAZEIRO REALIZAM PROGRAMA\u00c7\u00c3O ESPECIAL NA SEMANA DA PESSOA COM DEFICI\u00caNCIA - Blog do Farn\u00e9sio\",\"isPartOf\":{\"@id\":\"https:\\\/\\\/blogdofarnesio.com.br\\\/#website\"},\"primaryImageOfPage\":{\"@id\":\"https:\\\/\\\/blogdofarnesio.com.br\\\/?p=174634#primaryimage\"},\"image\":{\"@id\":\"https:\\\/\\\/blogdofarnesio.com.br\\\/?p=174634#primaryimage\"},\"thumbnailUrl\":\"https:\\\/\\\/blogdofarnesio.com.br\\\/wp-content\\\/uploads\\\/2017\\\/08\\\/blogqsp-Semana-da-Pessoa-com-Defici\u00eancia-2.jpg\",\"datePublished\":\"2017-08-23T18:00:53+00:00\",\"breadcrumb\":{\"@id\":\"https:\\\/\\\/blogdofarnesio.com.br\\\/?p=174634#breadcrumb\"},\"inLanguage\":\"pt-BR\",\"potentialAction\":[{\"@type\":\"ReadAction\",\"target\":[\"https:\\\/\\\/blogdofarnesio.com.br\\\/?p=174634\"]}]},{\"@type\":\"ImageObject\",\"inLanguage\":\"pt-BR\",\"@id\":\"https:\\\/\\\/blogdofarnesio.com.br\\\/?p=174634#primaryimage\",\"url\":\"https:\\\/\\\/blogdofarnesio.com.br\\\/wp-content\\\/uploads\\\/2017\\\/08\\\/blogqsp-Semana-da-Pessoa-com-Defici\u00eancia-2.jpg\",\"contentUrl\":\"https:\\\/\\\/blogdofarnesio.com.br\\\/wp-content\\\/uploads\\\/2017\\\/08\\\/blogqsp-Semana-da-Pessoa-com-Defici\u00eancia-2.jpg\",\"width\":640,\"height\":480},{\"@type\":\"BreadcrumbList\",\"@id\":\"https:\\\/\\\/blogdofarnesio.com.br\\\/?p=174634#breadcrumb\",\"itemListElement\":[{\"@type\":\"ListItem\",\"position\":1,\"name\":\"In\u00edcio\",\"item\":\"https:\\\/\\\/blogdofarnesio.com.br\\\/\"},{\"@type\":\"ListItem\",\"position\":2,\"name\":\"ESCOLAS MUNICIPAIS DE JUAZEIRO REALIZAM PROGRAMA\u00c7\u00c3O ESPECIAL NA SEMANA DA PESSOA COM DEFICI\u00caNCIA\"}]},{\"@type\":\"WebSite\",\"@id\":\"https:\\\/\\\/blogdofarnesio.com.br\\\/#website\",\"url\":\"https:\\\/\\\/blogdofarnesio.com.br\\\/\",\"name\":\"Blog do Farn\u00e9sio\",\"description\":\"Quer Saber Pol\u00edtica?\",\"publisher\":{\"@id\":\"https:\\\/\\\/blogdofarnesio.com.br\\\/#organization\"},\"potentialAction\":[{\"@type\":\"SearchAction\",\"target\":{\"@type\":\"EntryPoint\",\"urlTemplate\":\"https:\\\/\\\/blogdofarnesio.com.br\\\/?s={search_term_string}\"},\"query-input\":{\"@type\":\"PropertyValueSpecification\",\"valueRequired\":true,\"valueName\":\"search_term_string\"}}],\"inLanguage\":\"pt-BR\"},{\"@type\":\"Organization\",\"@id\":\"https:\\\/\\\/blogdofarnesio.com.br\\\/#organization\",\"name\":\"Blog do Farn\u00e9sio\",\"url\":\"https:\\\/\\\/blogdofarnesio.com.br\\\/\",\"logo\":{\"@type\":\"ImageObject\",\"inLanguage\":\"pt-BR\",\"@id\":\"https:\\\/\\\/blogdofarnesio.com.br\\\/#\\\/schema\\\/logo\\\/image\\\/\",\"url\":\"https:\\\/\\\/blogdofarnesio.com.br\\\/wp-content\\\/uploads\\\/2026\\\/03\\\/cropped-logo_new-1.png\",\"contentUrl\":\"https:\\\/\\\/blogdofarnesio.com.br\\\/wp-content\\\/uploads\\\/2026\\\/03\\\/cropped-logo_new-1.png\",\"width\":881,\"height\":685,\"caption\":\"Blog do Farn\u00e9sio\"},\"image\":{\"@id\":\"https:\\\/\\\/blogdofarnesio.com.br\\\/#\\\/schema\\\/logo\\\/image\\\/\"},\"sameAs\":[\"https:\\\/\\\/www.facebook.com\\\/BlogQuerSaberPolitica\\\/\"]},{\"@type\":\"Person\",\"@id\":\"https:\\\/\\\/blogdofarnesio.com.br\\\/#\\\/schema\\\/person\\\/301c4acf522bccbfdb45af95b5b906a1\",\"name\":\"Farn\u00e9sio\",\"image\":{\"@type\":\"ImageObject\",\"inLanguage\":\"pt-BR\",\"@id\":\"https:\\\/\\\/secure.gravatar.com\\\/avatar\\\/df0c9a14567c056f8ad6876ba5bbd1e3e2c48023eb6807342fc4663adf549f38?s=96&d=mm&r=g\",\"url\":\"https:\\\/\\\/secure.gravatar.com\\\/avatar\\\/df0c9a14567c056f8ad6876ba5bbd1e3e2c48023eb6807342fc4663adf549f38?s=96&d=mm&r=g\",\"contentUrl\":\"https:\\\/\\\/secure.gravatar.com\\\/avatar\\\/df0c9a14567c056f8ad6876ba5bbd1e3e2c48023eb6807342fc4663adf549f38?s=96&d=mm&r=g\",\"caption\":\"Farn\u00e9sio\"},\"sameAs\":[\"https:\\\/\\\/quersaberpolitica.com.br\"],\"url\":\"https:\\\/\\\/blogdofarnesio.com.br\\\/?author=1\"}]}<\/script>\n<!-- \/ Yoast SEO plugin. -->","yoast_head_json":{"title":"ESCOLAS MUNICIPAIS DE JUAZEIRO REALIZAM PROGRAMA\u00c7\u00c3O ESPECIAL NA SEMANA DA PESSOA COM DEFICI\u00caNCIA - Blog do Farn\u00e9sio","robots":{"index":"index","follow":"follow","max-snippet":"max-snippet:-1","max-image-preview":"max-image-preview:large","max-video-preview":"max-video-preview:-1"},"canonical":"https:\/\/blogdofarnesio.com.br\/?p=174634","og_locale":"pt_BR","og_type":"article","og_title":"ESCOLAS MUNICIPAIS DE JUAZEIRO REALIZAM PROGRAMA\u00c7\u00c3O ESPECIAL NA SEMANA DA PESSOA COM DEFICI\u00caNCIA - Blog do Farn\u00e9sio","og_description":"As Escolas da Rede Municipal de Ensino de Juazeiro realizam uma programa\u00e7\u00e3o especial durante a Semana Nacional da Pessoa com Defici\u00eancia Intelectual e M\u00faltipla, que \u00e9 comemorada em todo o pa\u00eds, de 21 a 28 de agosto. As Escolas Maria Franca Pires e Tancredo Neves v\u00e3o realizar uma extensa programa\u00e7\u00e3o a partir de amanh\u00e3 (24), voltada para trabalhar a tem\u00e1tica, que tem como objetivo ressaltar a import\u00e2ncia de entender e discutir conceitos, ideias, sugest\u00f5es para a melhoria da qualidade de vida e inclus\u00e3o das pessoas com defici\u00eancia. Os alunos, professores, coordenadores e t\u00e9cnicos v\u00e3o ter oportunidade de assistir v\u00eddeos sobre o tema, apresenta\u00e7\u00f5es teatrais, participar de trabalhos textuais e audiovisuais, al\u00e9m de outras atividades. Durante o evento na escola Maria&hellip;","og_url":"https:\/\/blogdofarnesio.com.br\/?p=174634","og_site_name":"Blog do Farn\u00e9sio","article_publisher":"https:\/\/www.facebook.com\/BlogQuerSaberPolitica\/","article_published_time":"2017-08-23T18:00:53+00:00","og_image":[{"width":640,"height":480,"url":"https:\/\/blogdofarnesio.com.br\/wp-content\/uploads\/2017\/08\/blogqsp-Semana-da-Pessoa-com-Defici\u00eancia-2.jpg","type":"image\/jpeg"}],"author":"Farn\u00e9sio","twitter_card":"summary_large_image","twitter_misc":{"Escrito por":"Farn\u00e9sio","Est. tempo de leitura":"2 minutos"},"schema":{"@context":"https:\/\/schema.org","@graph":[{"@type":"Article","@id":"https:\/\/blogdofarnesio.com.br\/?p=174634#article","isPartOf":{"@id":"https:\/\/blogdofarnesio.com.br\/?p=174634"},"author":{"name":"Farn\u00e9sio","@id":"https:\/\/blogdofarnesio.com.br\/#\/schema\/person\/301c4acf522bccbfdb45af95b5b906a1"},"headline":"ESCOLAS MUNICIPAIS DE JUAZEIRO REALIZAM PROGRAMA\u00c7\u00c3O ESPECIAL NA SEMANA DA PESSOA COM DEFICI\u00caNCIA","datePublished":"2017-08-23T18:00:53+00:00","mainEntityOfPage":{"@id":"https:\/\/blogdofarnesio.com.br\/?p=174634"},"wordCount":408,"commentCount":0,"publisher":{"@id":"https:\/\/blogdofarnesio.com.br\/#organization"},"image":{"@id":"https:\/\/blogdofarnesio.com.br\/?p=174634#primaryimage"},"thumbnailUrl":"https:\/\/blogdofarnesio.com.br\/wp-content\/uploads\/2017\/08\/blogqsp-Semana-da-Pessoa-com-Defici\u00eancia-2.jpg","articleSection":["Administra\u00e7\u00e3o"],"inLanguage":"pt-BR","potentialAction":[{"@type":"CommentAction","name":"Comment","target":["https:\/\/blogdofarnesio.com.br\/?p=174634#respond"]}]},{"@type":"WebPage","@id":"https:\/\/blogdofarnesio.com.br\/?p=174634","url":"https:\/\/blogdofarnesio.com.br\/?p=174634","name":"ESCOLAS MUNICIPAIS DE JUAZEIRO REALIZAM PROGRAMA\u00c7\u00c3O ESPECIAL NA SEMANA DA PESSOA COM DEFICI\u00caNCIA - Blog do Farn\u00e9sio","isPartOf":{"@id":"https:\/\/blogdofarnesio.com.br\/#website"},"primaryImageOfPage":{"@id":"https:\/\/blogdofarnesio.com.br\/?p=174634#primaryimage"},"image":{"@id":"https:\/\/blogdofarnesio.com.br\/?p=174634#primaryimage"},"thumbnailUrl":"https:\/\/blogdofarnesio.com.br\/wp-content\/uploads\/2017\/08\/blogqsp-Semana-da-Pessoa-com-Defici\u00eancia-2.jpg","datePublished":"2017-08-23T18:00:53+00:00","breadcrumb":{"@id":"https:\/\/blogdofarnesio.com.br\/?p=174634#breadcrumb"},"inLanguage":"pt-BR","potentialAction":[{"@type":"ReadAction","target":["https:\/\/blogdofarnesio.com.br\/?p=174634"]}]},{"@type":"ImageObject","inLanguage":"pt-BR","@id":"https:\/\/blogdofarnesio.com.br\/?p=174634#primaryimage","url":"https:\/\/blogdofarnesio.com.br\/wp-content\/uploads\/2017\/08\/blogqsp-Semana-da-Pessoa-com-Defici\u00eancia-2.jpg","contentUrl":"https:\/\/blogdofarnesio.com.br\/wp-content\/uploads\/2017\/08\/blogqsp-Semana-da-Pessoa-com-Defici\u00eancia-2.jpg","width":640,"height":480},{"@type":"BreadcrumbList","@id":"https:\/\/blogdofarnesio.com.br\/?p=174634#breadcrumb","itemListElement":[{"@type":"ListItem","position":1,"name":"In\u00edcio","item":"https:\/\/blogdofarnesio.com.br\/"},{"@type":"ListItem","position":2,"name":"ESCOLAS MUNICIPAIS DE JUAZEIRO REALIZAM PROGRAMA\u00c7\u00c3O ESPECIAL NA SEMANA DA PESSOA COM DEFICI\u00caNCIA"}]},{"@type":"WebSite","@id":"https:\/\/blogdofarnesio.com.br\/#website","url":"https:\/\/blogdofarnesio.com.br\/","name":"Blog do Farn\u00e9sio","description":"Quer Saber Pol\u00edtica?","publisher":{"@id":"https:\/\/blogdofarnesio.com.br\/#organization"},"potentialAction":[{"@type":"SearchAction","target":{"@type":"EntryPoint","urlTemplate":"https:\/\/blogdofarnesio.com.br\/?s={search_term_string}"},"query-input":{"@type":"PropertyValueSpecification","valueRequired":true,"valueName":"search_term_string"}}],"inLanguage":"pt-BR"},{"@type":"Organization","@id":"https:\/\/blogdofarnesio.com.br\/#organization","name":"Blog do Farn\u00e9sio","url":"https:\/\/blogdofarnesio.com.br\/","logo":{"@type":"ImageObject","inLanguage":"pt-BR","@id":"https:\/\/blogdofarnesio.com.br\/#\/schema\/logo\/image\/","url":"https:\/\/blogdofarnesio.com.br\/wp-content\/uploads\/2026\/03\/cropped-logo_new-1.png","contentUrl":"https:\/\/blogdofarnesio.com.br\/wp-content\/uploads\/2026\/03\/cropped-logo_new-1.png","width":881,"height":685,"caption":"Blog do Farn\u00e9sio"},"image":{"@id":"https:\/\/blogdofarnesio.com.br\/#\/schema\/logo\/image\/"},"sameAs":["https:\/\/www.facebook.com\/BlogQuerSaberPolitica\/"]},{"@type":"Person","@id":"https:\/\/blogdofarnesio.com.br\/#\/schema\/person\/301c4acf522bccbfdb45af95b5b906a1","name":"Farn\u00e9sio","image":{"@type":"ImageObject","inLanguage":"pt-BR","@id":"https:\/\/secure.gravatar.com\/avatar\/df0c9a14567c056f8ad6876ba5bbd1e3e2c48023eb6807342fc4663adf549f38?s=96&d=mm&r=g","url":"https:\/\/secure.gravatar.com\/avatar\/df0c9a14567c056f8ad6876ba5bbd1e3e2c48023eb6807342fc4663adf549f38?s=96&d=mm&r=g","contentUrl":"https:\/\/secure.gravatar.com\/avatar\/df0c9a14567c056f8ad6876ba5bbd1e3e2c48023eb6807342fc4663adf549f38?s=96&d=mm&r=g","caption":"Farn\u00e9sio"},"sameAs":["https:\/\/quersaberpolitica.com.br"],"url":"https:\/\/blogdofarnesio.com.br\/?author=1"}]}},"_links":{"self":[{"href":"https:\/\/blogdofarnesio.com.br\/index.php?rest_route=\/wp\/v2\/posts\/174634","targetHints":{"allow":["GET"]}}],"collection":[{"href":"https:\/\/blogdofarnesio.com.br\/index.php?rest_route=\/wp\/v2\/posts"}],"about":[{"href":"https:\/\/blogdofarnesio.com.br\/index.php?rest_route=\/wp\/v2\/types\/post"}],"author":[{"embeddable":true,"href":"https:\/\/blogdofarnesio.com.br\/index.php?rest_route=\/wp\/v2\/users\/1"}],"replies":[{"embeddable":true,"href":"https:\/\/blogdofarnesio.com.br\/index.php?rest_route=%2Fwp%2Fv2%2Fcomments&post=174634"}],"version-history":[{"count":0,"href":"https:\/\/blogdofarnesio.com.br\/index.php?rest_route=\/wp\/v2\/posts\/174634\/revisions"}],"wp:featuredmedia":[{"embeddable":true,"href":"https:\/\/blogdofarnesio.com.br\/index.php?rest_route=\/wp\/v2\/media\/174635"}],"wp:attachment":[{"href":"https:\/\/blogdofarnesio.com.br\/index.php?rest_route=%2Fwp%2Fv2%2Fmedia&parent=174634"}],"wp:term":[{"taxonomy":"category","embeddable":true,"href":"https:\/\/blogdofarnesio.com.br\/index.php?rest_route=%2Fwp%2Fv2%2Fcategories&post=174634"},{"taxonomy":"post_tag","embeddable":true,"href":"https:\/\/blogdofarnesio.com.br\/index.php?rest_route=%2Fwp%2Fv2%2Ftags&post=174634"}],"curies":[{"name":"wp","href":"https:\/\/api.w.org\/{rel}","templated":true}]}}