{"id":174550,"date":"2017-08-22T17:00:15","date_gmt":"2017-08-22T20:00:15","guid":{"rendered":"http:\/\/quersaberpolitica.com.br\/2016\/?p=174550"},"modified":"2017-08-22T16:52:32","modified_gmt":"2017-08-22T19:52:32","slug":"estao-abertas-as-audicoes-para-o-espetaculo-teatral-filho-de-deus-menino-meu-em-petrolina","status":"publish","type":"post","link":"https:\/\/blogdofarnesio.com.br\/?p=174550","title":{"rendered":"EST\u00c3O ABERTAS AS AUDI\u00c7\u00d5ES PARA O ESPET\u00c1CULO TEATRAL \u201cFILHO DE DEUS MENINO MEU\u201d EM PETROLINA"},"content":{"rendered":"<p style=\"text-align: justify;\">A Comunidade Cat\u00f3lica Shalom, Miss\u00e3o Petrolina (PE), vem convidar a todos, que tenham talentos, desejem e gostem de encenar, para participarem das audi\u00e7\u00f5es, abertas a todo o p\u00fablico, independente da idade, para o espet\u00e1culo \u201cFilho de Deus Menino Meu\u201d, que ser\u00e1 encenado no final do ano em v\u00e1rias partes da cidade de Petrolina e munic\u00edpios circunvizinhos com apresenta\u00e7\u00e3o principal marcada para a noite do Natal na Concha Ac\u00fastica.<\/p>\n<p style=\"text-align: justify;\">Aos interessados os testes ir\u00e3o acontecer, no pr\u00f3ximo domingo (27), a partir das 14h, no nosso Centro de Evangeliza\u00e7\u00e3o, localizado \u00e0 Rua Engenheiro Walmir Bezerra, n\u00b0 260, Centro, estaremos selecionando atores e atrizes, bailarinos e bailarinas, cantores e cantoras (ou artistas que somem essas caracter\u00edsticas) para compor o elenco, al\u00e9m de interessados em contribuir na produ\u00e7\u00e3o do espet\u00e1culo<\/p>\n<p style=\"text-align: justify;\">&#8220;Nas audi\u00e7\u00f5es cada artista ir\u00e1 demonstrar seus talentos por meio de breve apresenta\u00e7\u00e3o, sendo que cada um dever\u00e1 trazer seu n\u00famero pronto, extra\u00eddo de uma parte do pr\u00f3prio espet\u00e1culo que tem v\u00eddeo e roteiro dispon\u00edvel na internet,\u00a0 com links hospedados junto a ficha de inscri\u00e7\u00e3o.&#8221; conta o Diretor do FDMM, Maur\u00edcio Mois\u00e9s.<\/p>\n<p style=\"text-align: justify;\">O musical, inspirado no livro &#8220;Filho de Deus Menino Meu&#8221;, hom\u00f4nimo de Emmir Nogueira, encena o nascimento de Jesus de forma alegre, jovial e din\u00e2mica. Tendo sido montado nas principais capitais do pa\u00eds como S\u00e3o Paulo, Rio de Janeiro, Bras\u00edlia, Fortaleza, Natal, Recife, Macei\u00f3, ser\u00e1 apresentado pelo terceiro ano em Petrolina com a perspectiva de grande sucesso de cr\u00edtica e p\u00fablico, agora com esta nova proposta de levar a energia do natal tamb\u00e9m aos bairros, as par\u00f3quias e outras cidades pr\u00f3ximas.<\/p>\n<p style=\"text-align: justify;\">Com adapta\u00e7\u00e3o para o teatro de Wilde F\u00e1bio e dire\u00e7\u00e3o geral de Maur\u00edcio Mois\u00e9s, o musical encena a hist\u00f3ria do nascimento do Menino Jesus, trazendo ritmos e outros elementos bem conhecidos da nossa cultura regional e vai com certeza encantar a todos que o assirtir.<\/p>\n<p style=\"text-align: justify;\">Quanto \u00e0s inscri\u00e7\u00f5es, elas est\u00e3o acontecendo pelo link (<a href=\"https:\/\/docs.google.com\/forms\/d\/e\/1FAIpQLSdggsj5HpAs_ZjI4oZR-9u1xN5RJYwxLNmBOBkLBfCdbhknxQ\/viewform?usp=sf_link\" data-saferedirecturl=\"https:\/\/www.google.com\/url?hl=pt-BR&amp;q=https:\/\/docs.google.com\/forms\/d\/e\/1FAIpQLSdggsj5HpAs_ZjI4oZR-9u1xN5RJYwxLNmBOBkLBfCdbhknxQ\/viewform?usp%3Dsf_link&amp;source=gmail&amp;ust=1503497771442000&amp;usg=AFQjCNEcwYHQ-5q9qEBU2CRBX5NJalQIwA\">https:\/\/docs.google.com\/forms\/d\/e\/1FAIpQLSdggsj5HpAs_ZjI4oZR-9u1xN5RJYwxLNmBOBkLBfCdbhknxQ\/viewform?usp=sf_link<\/a>) ou presencialmente no domingo (27)<\/p>\n<p style=\"text-align: justify;\"><strong>Ema\u00edsa Lima<\/strong><\/p>\n","protected":false},"excerpt":{"rendered":"<p>A Comunidade Cat\u00f3lica Shalom, Miss\u00e3o Petrolina (PE), vem convidar a todos, que tenham talentos, desejem e gostem de encenar, para participarem das audi\u00e7\u00f5es, abertas a todo o p\u00fablico, independente da idade, para o espet\u00e1culo \u201cFilho de Deus Menino Meu\u201d, que ser\u00e1 encenado no final do ano em v\u00e1rias partes da cidade de Petrolina e munic\u00edpios circunvizinhos com apresenta\u00e7\u00e3o principal marcada para a noite do Natal na Concha Ac\u00fastica. Aos interessados os testes ir\u00e3o acontecer, no pr\u00f3ximo domingo (27), a partir das 14h, no nosso Centro de Evangeliza\u00e7\u00e3o, localizado \u00e0 Rua Engenheiro Walmir Bezerra, n\u00b0 260, Centro, estaremos selecionando atores e atrizes, bailarinos e bailarinas, cantores e cantoras (ou artistas que somem essas caracter\u00edsticas) para compor o elenco, al\u00e9m de interessados&hellip; <\/p>\n","protected":false},"author":1,"featured_media":174551,"comment_status":"open","ping_status":"open","sticky":false,"template":"","format":"standard","meta":{"_acf_changed":false,"footnotes":""},"categories":[44,7],"tags":[],"class_list":["post-174550","post","type-post","status-publish","format-standard","has-post-thumbnail","hentry","category-administracao","category-religiao"],"acf":[],"yoast_head":"<!-- This site is optimized with the Yoast SEO plugin v27.4 - https:\/\/yoast.com\/product\/yoast-seo-wordpress\/ -->\n<title>EST\u00c3O ABERTAS AS AUDI\u00c7\u00d5ES PARA O ESPET\u00c1CULO TEATRAL \u201cFILHO DE DEUS MENINO MEU\u201d EM PETROLINA - Blog do Farn\u00e9sio<\/title>\n<meta name=\"robots\" content=\"index, follow, max-snippet:-1, max-image-preview:large, max-video-preview:-1\" \/>\n<link rel=\"canonical\" href=\"https:\/\/blogdofarnesio.com.br\/?p=174550\" \/>\n<meta property=\"og:locale\" content=\"pt_BR\" \/>\n<meta property=\"og:type\" content=\"article\" \/>\n<meta property=\"og:title\" content=\"EST\u00c3O ABERTAS AS AUDI\u00c7\u00d5ES PARA O ESPET\u00c1CULO TEATRAL \u201cFILHO DE DEUS MENINO MEU\u201d EM PETROLINA - Blog do Farn\u00e9sio\" \/>\n<meta property=\"og:description\" content=\"A Comunidade Cat\u00f3lica Shalom, Miss\u00e3o Petrolina (PE), vem convidar a todos, que tenham talentos, desejem e gostem de encenar, para participarem das audi\u00e7\u00f5es, abertas a todo o p\u00fablico, independente da idade, para o espet\u00e1culo \u201cFilho de Deus Menino Meu\u201d, que ser\u00e1 encenado no final do ano em v\u00e1rias partes da cidade de Petrolina e munic\u00edpios circunvizinhos com apresenta\u00e7\u00e3o principal marcada para a noite do Natal na Concha Ac\u00fastica. Aos interessados os testes ir\u00e3o acontecer, no pr\u00f3ximo domingo (27), a partir das 14h, no nosso Centro de Evangeliza\u00e7\u00e3o, localizado \u00e0 Rua Engenheiro Walmir Bezerra, n\u00b0 260, Centro, estaremos selecionando atores e atrizes, bailarinos e bailarinas, cantores e cantoras (ou artistas que somem essas caracter\u00edsticas) para compor o elenco, al\u00e9m de interessados&hellip;\" \/>\n<meta property=\"og:url\" content=\"https:\/\/blogdofarnesio.com.br\/?p=174550\" \/>\n<meta property=\"og:site_name\" content=\"Blog do Farn\u00e9sio\" \/>\n<meta property=\"article:publisher\" content=\"https:\/\/www.facebook.com\/BlogQuerSaberPolitica\/\" \/>\n<meta property=\"article:published_time\" content=\"2017-08-22T20:00:15+00:00\" \/>\n<meta property=\"og:image\" content=\"https:\/\/blogdofarnesio.com.br\/wp-content\/uploads\/2017\/08\/blogqsp-espet\u00e1culo-teatral-Filho-de-Deus-Menino-Meu.jpg\" \/>\n\t<meta property=\"og:image:width\" content=\"640\" \/>\n\t<meta property=\"og:image:height\" content=\"411\" \/>\n\t<meta property=\"og:image:type\" content=\"image\/jpeg\" \/>\n<meta name=\"author\" content=\"Farn\u00e9sio\" \/>\n<meta name=\"twitter:card\" content=\"summary_large_image\" \/>\n<meta name=\"twitter:label1\" content=\"Escrito por\" \/>\n\t<meta name=\"twitter:data1\" content=\"Farn\u00e9sio\" \/>\n\t<meta name=\"twitter:label2\" content=\"Est. tempo de leitura\" \/>\n\t<meta name=\"twitter:data2\" content=\"2 minutos\" \/>\n<script type=\"application\/ld+json\" class=\"yoast-schema-graph\">{\"@context\":\"https:\\\/\\\/schema.org\",\"@graph\":[{\"@type\":\"Article\",\"@id\":\"https:\\\/\\\/blogdofarnesio.com.br\\\/?p=174550#article\",\"isPartOf\":{\"@id\":\"https:\\\/\\\/blogdofarnesio.com.br\\\/?p=174550\"},\"author\":{\"name\":\"Farn\u00e9sio\",\"@id\":\"https:\\\/\\\/blogdofarnesio.com.br\\\/#\\\/schema\\\/person\\\/301c4acf522bccbfdb45af95b5b906a1\"},\"headline\":\"EST\u00c3O ABERTAS AS AUDI\u00c7\u00d5ES PARA O ESPET\u00c1CULO TEATRAL \u201cFILHO DE DEUS MENINO MEU\u201d EM PETROLINA\",\"datePublished\":\"2017-08-22T20:00:15+00:00\",\"mainEntityOfPage\":{\"@id\":\"https:\\\/\\\/blogdofarnesio.com.br\\\/?p=174550\"},\"wordCount\":397,\"commentCount\":0,\"publisher\":{\"@id\":\"https:\\\/\\\/blogdofarnesio.com.br\\\/#organization\"},\"image\":{\"@id\":\"https:\\\/\\\/blogdofarnesio.com.br\\\/?p=174550#primaryimage\"},\"thumbnailUrl\":\"https:\\\/\\\/blogdofarnesio.com.br\\\/wp-content\\\/uploads\\\/2017\\\/08\\\/blogqsp-espet\u00e1culo-teatral-Filho-de-Deus-Menino-Meu.jpg\",\"articleSection\":[\"Administra\u00e7\u00e3o\",\"Religi\u00e3o\"],\"inLanguage\":\"pt-BR\",\"potentialAction\":[{\"@type\":\"CommentAction\",\"name\":\"Comment\",\"target\":[\"https:\\\/\\\/blogdofarnesio.com.br\\\/?p=174550#respond\"]}]},{\"@type\":\"WebPage\",\"@id\":\"https:\\\/\\\/blogdofarnesio.com.br\\\/?p=174550\",\"url\":\"https:\\\/\\\/blogdofarnesio.com.br\\\/?p=174550\",\"name\":\"EST\u00c3O ABERTAS AS AUDI\u00c7\u00d5ES PARA O ESPET\u00c1CULO TEATRAL \u201cFILHO DE DEUS MENINO MEU\u201d EM PETROLINA - Blog do Farn\u00e9sio\",\"isPartOf\":{\"@id\":\"https:\\\/\\\/blogdofarnesio.com.br\\\/#website\"},\"primaryImageOfPage\":{\"@id\":\"https:\\\/\\\/blogdofarnesio.com.br\\\/?p=174550#primaryimage\"},\"image\":{\"@id\":\"https:\\\/\\\/blogdofarnesio.com.br\\\/?p=174550#primaryimage\"},\"thumbnailUrl\":\"https:\\\/\\\/blogdofarnesio.com.br\\\/wp-content\\\/uploads\\\/2017\\\/08\\\/blogqsp-espet\u00e1culo-teatral-Filho-de-Deus-Menino-Meu.jpg\",\"datePublished\":\"2017-08-22T20:00:15+00:00\",\"breadcrumb\":{\"@id\":\"https:\\\/\\\/blogdofarnesio.com.br\\\/?p=174550#breadcrumb\"},\"inLanguage\":\"pt-BR\",\"potentialAction\":[{\"@type\":\"ReadAction\",\"target\":[\"https:\\\/\\\/blogdofarnesio.com.br\\\/?p=174550\"]}]},{\"@type\":\"ImageObject\",\"inLanguage\":\"pt-BR\",\"@id\":\"https:\\\/\\\/blogdofarnesio.com.br\\\/?p=174550#primaryimage\",\"url\":\"https:\\\/\\\/blogdofarnesio.com.br\\\/wp-content\\\/uploads\\\/2017\\\/08\\\/blogqsp-espet\u00e1culo-teatral-Filho-de-Deus-Menino-Meu.jpg\",\"contentUrl\":\"https:\\\/\\\/blogdofarnesio.com.br\\\/wp-content\\\/uploads\\\/2017\\\/08\\\/blogqsp-espet\u00e1culo-teatral-Filho-de-Deus-Menino-Meu.jpg\",\"width\":640,\"height\":411},{\"@type\":\"BreadcrumbList\",\"@id\":\"https:\\\/\\\/blogdofarnesio.com.br\\\/?p=174550#breadcrumb\",\"itemListElement\":[{\"@type\":\"ListItem\",\"position\":1,\"name\":\"In\u00edcio\",\"item\":\"https:\\\/\\\/blogdofarnesio.com.br\\\/\"},{\"@type\":\"ListItem\",\"position\":2,\"name\":\"EST\u00c3O ABERTAS AS AUDI\u00c7\u00d5ES PARA O ESPET\u00c1CULO TEATRAL \u201cFILHO DE DEUS MENINO MEU\u201d EM PETROLINA\"}]},{\"@type\":\"WebSite\",\"@id\":\"https:\\\/\\\/blogdofarnesio.com.br\\\/#website\",\"url\":\"https:\\\/\\\/blogdofarnesio.com.br\\\/\",\"name\":\"Blog do Farn\u00e9sio\",\"description\":\"Quer Saber Pol\u00edtica?\",\"publisher\":{\"@id\":\"https:\\\/\\\/blogdofarnesio.com.br\\\/#organization\"},\"potentialAction\":[{\"@type\":\"SearchAction\",\"target\":{\"@type\":\"EntryPoint\",\"urlTemplate\":\"https:\\\/\\\/blogdofarnesio.com.br\\\/?s={search_term_string}\"},\"query-input\":{\"@type\":\"PropertyValueSpecification\",\"valueRequired\":true,\"valueName\":\"search_term_string\"}}],\"inLanguage\":\"pt-BR\"},{\"@type\":\"Organization\",\"@id\":\"https:\\\/\\\/blogdofarnesio.com.br\\\/#organization\",\"name\":\"Blog do Farn\u00e9sio\",\"url\":\"https:\\\/\\\/blogdofarnesio.com.br\\\/\",\"logo\":{\"@type\":\"ImageObject\",\"inLanguage\":\"pt-BR\",\"@id\":\"https:\\\/\\\/blogdofarnesio.com.br\\\/#\\\/schema\\\/logo\\\/image\\\/\",\"url\":\"https:\\\/\\\/blogdofarnesio.com.br\\\/wp-content\\\/uploads\\\/2026\\\/03\\\/cropped-logo_new-1.png\",\"contentUrl\":\"https:\\\/\\\/blogdofarnesio.com.br\\\/wp-content\\\/uploads\\\/2026\\\/03\\\/cropped-logo_new-1.png\",\"width\":881,\"height\":685,\"caption\":\"Blog do Farn\u00e9sio\"},\"image\":{\"@id\":\"https:\\\/\\\/blogdofarnesio.com.br\\\/#\\\/schema\\\/logo\\\/image\\\/\"},\"sameAs\":[\"https:\\\/\\\/www.facebook.com\\\/BlogQuerSaberPolitica\\\/\"]},{\"@type\":\"Person\",\"@id\":\"https:\\\/\\\/blogdofarnesio.com.br\\\/#\\\/schema\\\/person\\\/301c4acf522bccbfdb45af95b5b906a1\",\"name\":\"Farn\u00e9sio\",\"image\":{\"@type\":\"ImageObject\",\"inLanguage\":\"pt-BR\",\"@id\":\"https:\\\/\\\/secure.gravatar.com\\\/avatar\\\/df0c9a14567c056f8ad6876ba5bbd1e3e2c48023eb6807342fc4663adf549f38?s=96&d=mm&r=g\",\"url\":\"https:\\\/\\\/secure.gravatar.com\\\/avatar\\\/df0c9a14567c056f8ad6876ba5bbd1e3e2c48023eb6807342fc4663adf549f38?s=96&d=mm&r=g\",\"contentUrl\":\"https:\\\/\\\/secure.gravatar.com\\\/avatar\\\/df0c9a14567c056f8ad6876ba5bbd1e3e2c48023eb6807342fc4663adf549f38?s=96&d=mm&r=g\",\"caption\":\"Farn\u00e9sio\"},\"sameAs\":[\"https:\\\/\\\/quersaberpolitica.com.br\"],\"url\":\"https:\\\/\\\/blogdofarnesio.com.br\\\/?author=1\"}]}<\/script>\n<!-- \/ Yoast SEO plugin. -->","yoast_head_json":{"title":"EST\u00c3O ABERTAS AS AUDI\u00c7\u00d5ES PARA O ESPET\u00c1CULO TEATRAL \u201cFILHO DE DEUS MENINO MEU\u201d EM PETROLINA - Blog do Farn\u00e9sio","robots":{"index":"index","follow":"follow","max-snippet":"max-snippet:-1","max-image-preview":"max-image-preview:large","max-video-preview":"max-video-preview:-1"},"canonical":"https:\/\/blogdofarnesio.com.br\/?p=174550","og_locale":"pt_BR","og_type":"article","og_title":"EST\u00c3O ABERTAS AS AUDI\u00c7\u00d5ES PARA O ESPET\u00c1CULO TEATRAL \u201cFILHO DE DEUS MENINO MEU\u201d EM PETROLINA - Blog do Farn\u00e9sio","og_description":"A Comunidade Cat\u00f3lica Shalom, Miss\u00e3o Petrolina (PE), vem convidar a todos, que tenham talentos, desejem e gostem de encenar, para participarem das audi\u00e7\u00f5es, abertas a todo o p\u00fablico, independente da idade, para o espet\u00e1culo \u201cFilho de Deus Menino Meu\u201d, que ser\u00e1 encenado no final do ano em v\u00e1rias partes da cidade de Petrolina e munic\u00edpios circunvizinhos com apresenta\u00e7\u00e3o principal marcada para a noite do Natal na Concha Ac\u00fastica. Aos interessados os testes ir\u00e3o acontecer, no pr\u00f3ximo domingo (27), a partir das 14h, no nosso Centro de Evangeliza\u00e7\u00e3o, localizado \u00e0 Rua Engenheiro Walmir Bezerra, n\u00b0 260, Centro, estaremos selecionando atores e atrizes, bailarinos e bailarinas, cantores e cantoras (ou artistas que somem essas caracter\u00edsticas) para compor o elenco, al\u00e9m de interessados&hellip;","og_url":"https:\/\/blogdofarnesio.com.br\/?p=174550","og_site_name":"Blog do Farn\u00e9sio","article_publisher":"https:\/\/www.facebook.com\/BlogQuerSaberPolitica\/","article_published_time":"2017-08-22T20:00:15+00:00","og_image":[{"width":640,"height":411,"url":"https:\/\/blogdofarnesio.com.br\/wp-content\/uploads\/2017\/08\/blogqsp-espet\u00e1culo-teatral-Filho-de-Deus-Menino-Meu.jpg","type":"image\/jpeg"}],"author":"Farn\u00e9sio","twitter_card":"summary_large_image","twitter_misc":{"Escrito por":"Farn\u00e9sio","Est. tempo de leitura":"2 minutos"},"schema":{"@context":"https:\/\/schema.org","@graph":[{"@type":"Article","@id":"https:\/\/blogdofarnesio.com.br\/?p=174550#article","isPartOf":{"@id":"https:\/\/blogdofarnesio.com.br\/?p=174550"},"author":{"name":"Farn\u00e9sio","@id":"https:\/\/blogdofarnesio.com.br\/#\/schema\/person\/301c4acf522bccbfdb45af95b5b906a1"},"headline":"EST\u00c3O ABERTAS AS AUDI\u00c7\u00d5ES PARA O ESPET\u00c1CULO TEATRAL \u201cFILHO DE DEUS MENINO MEU\u201d EM PETROLINA","datePublished":"2017-08-22T20:00:15+00:00","mainEntityOfPage":{"@id":"https:\/\/blogdofarnesio.com.br\/?p=174550"},"wordCount":397,"commentCount":0,"publisher":{"@id":"https:\/\/blogdofarnesio.com.br\/#organization"},"image":{"@id":"https:\/\/blogdofarnesio.com.br\/?p=174550#primaryimage"},"thumbnailUrl":"https:\/\/blogdofarnesio.com.br\/wp-content\/uploads\/2017\/08\/blogqsp-espet\u00e1culo-teatral-Filho-de-Deus-Menino-Meu.jpg","articleSection":["Administra\u00e7\u00e3o","Religi\u00e3o"],"inLanguage":"pt-BR","potentialAction":[{"@type":"CommentAction","name":"Comment","target":["https:\/\/blogdofarnesio.com.br\/?p=174550#respond"]}]},{"@type":"WebPage","@id":"https:\/\/blogdofarnesio.com.br\/?p=174550","url":"https:\/\/blogdofarnesio.com.br\/?p=174550","name":"EST\u00c3O ABERTAS AS AUDI\u00c7\u00d5ES PARA O ESPET\u00c1CULO TEATRAL \u201cFILHO DE DEUS MENINO MEU\u201d EM PETROLINA - Blog do Farn\u00e9sio","isPartOf":{"@id":"https:\/\/blogdofarnesio.com.br\/#website"},"primaryImageOfPage":{"@id":"https:\/\/blogdofarnesio.com.br\/?p=174550#primaryimage"},"image":{"@id":"https:\/\/blogdofarnesio.com.br\/?p=174550#primaryimage"},"thumbnailUrl":"https:\/\/blogdofarnesio.com.br\/wp-content\/uploads\/2017\/08\/blogqsp-espet\u00e1culo-teatral-Filho-de-Deus-Menino-Meu.jpg","datePublished":"2017-08-22T20:00:15+00:00","breadcrumb":{"@id":"https:\/\/blogdofarnesio.com.br\/?p=174550#breadcrumb"},"inLanguage":"pt-BR","potentialAction":[{"@type":"ReadAction","target":["https:\/\/blogdofarnesio.com.br\/?p=174550"]}]},{"@type":"ImageObject","inLanguage":"pt-BR","@id":"https:\/\/blogdofarnesio.com.br\/?p=174550#primaryimage","url":"https:\/\/blogdofarnesio.com.br\/wp-content\/uploads\/2017\/08\/blogqsp-espet\u00e1culo-teatral-Filho-de-Deus-Menino-Meu.jpg","contentUrl":"https:\/\/blogdofarnesio.com.br\/wp-content\/uploads\/2017\/08\/blogqsp-espet\u00e1culo-teatral-Filho-de-Deus-Menino-Meu.jpg","width":640,"height":411},{"@type":"BreadcrumbList","@id":"https:\/\/blogdofarnesio.com.br\/?p=174550#breadcrumb","itemListElement":[{"@type":"ListItem","position":1,"name":"In\u00edcio","item":"https:\/\/blogdofarnesio.com.br\/"},{"@type":"ListItem","position":2,"name":"EST\u00c3O ABERTAS AS AUDI\u00c7\u00d5ES PARA O ESPET\u00c1CULO TEATRAL \u201cFILHO DE DEUS MENINO MEU\u201d EM PETROLINA"}]},{"@type":"WebSite","@id":"https:\/\/blogdofarnesio.com.br\/#website","url":"https:\/\/blogdofarnesio.com.br\/","name":"Blog do Farn\u00e9sio","description":"Quer Saber Pol\u00edtica?","publisher":{"@id":"https:\/\/blogdofarnesio.com.br\/#organization"},"potentialAction":[{"@type":"SearchAction","target":{"@type":"EntryPoint","urlTemplate":"https:\/\/blogdofarnesio.com.br\/?s={search_term_string}"},"query-input":{"@type":"PropertyValueSpecification","valueRequired":true,"valueName":"search_term_string"}}],"inLanguage":"pt-BR"},{"@type":"Organization","@id":"https:\/\/blogdofarnesio.com.br\/#organization","name":"Blog do Farn\u00e9sio","url":"https:\/\/blogdofarnesio.com.br\/","logo":{"@type":"ImageObject","inLanguage":"pt-BR","@id":"https:\/\/blogdofarnesio.com.br\/#\/schema\/logo\/image\/","url":"https:\/\/blogdofarnesio.com.br\/wp-content\/uploads\/2026\/03\/cropped-logo_new-1.png","contentUrl":"https:\/\/blogdofarnesio.com.br\/wp-content\/uploads\/2026\/03\/cropped-logo_new-1.png","width":881,"height":685,"caption":"Blog do Farn\u00e9sio"},"image":{"@id":"https:\/\/blogdofarnesio.com.br\/#\/schema\/logo\/image\/"},"sameAs":["https:\/\/www.facebook.com\/BlogQuerSaberPolitica\/"]},{"@type":"Person","@id":"https:\/\/blogdofarnesio.com.br\/#\/schema\/person\/301c4acf522bccbfdb45af95b5b906a1","name":"Farn\u00e9sio","image":{"@type":"ImageObject","inLanguage":"pt-BR","@id":"https:\/\/secure.gravatar.com\/avatar\/df0c9a14567c056f8ad6876ba5bbd1e3e2c48023eb6807342fc4663adf549f38?s=96&d=mm&r=g","url":"https:\/\/secure.gravatar.com\/avatar\/df0c9a14567c056f8ad6876ba5bbd1e3e2c48023eb6807342fc4663adf549f38?s=96&d=mm&r=g","contentUrl":"https:\/\/secure.gravatar.com\/avatar\/df0c9a14567c056f8ad6876ba5bbd1e3e2c48023eb6807342fc4663adf549f38?s=96&d=mm&r=g","caption":"Farn\u00e9sio"},"sameAs":["https:\/\/quersaberpolitica.com.br"],"url":"https:\/\/blogdofarnesio.com.br\/?author=1"}]}},"_links":{"self":[{"href":"https:\/\/blogdofarnesio.com.br\/index.php?rest_route=\/wp\/v2\/posts\/174550","targetHints":{"allow":["GET"]}}],"collection":[{"href":"https:\/\/blogdofarnesio.com.br\/index.php?rest_route=\/wp\/v2\/posts"}],"about":[{"href":"https:\/\/blogdofarnesio.com.br\/index.php?rest_route=\/wp\/v2\/types\/post"}],"author":[{"embeddable":true,"href":"https:\/\/blogdofarnesio.com.br\/index.php?rest_route=\/wp\/v2\/users\/1"}],"replies":[{"embeddable":true,"href":"https:\/\/blogdofarnesio.com.br\/index.php?rest_route=%2Fwp%2Fv2%2Fcomments&post=174550"}],"version-history":[{"count":0,"href":"https:\/\/blogdofarnesio.com.br\/index.php?rest_route=\/wp\/v2\/posts\/174550\/revisions"}],"wp:featuredmedia":[{"embeddable":true,"href":"https:\/\/blogdofarnesio.com.br\/index.php?rest_route=\/wp\/v2\/media\/174551"}],"wp:attachment":[{"href":"https:\/\/blogdofarnesio.com.br\/index.php?rest_route=%2Fwp%2Fv2%2Fmedia&parent=174550"}],"wp:term":[{"taxonomy":"category","embeddable":true,"href":"https:\/\/blogdofarnesio.com.br\/index.php?rest_route=%2Fwp%2Fv2%2Fcategories&post=174550"},{"taxonomy":"post_tag","embeddable":true,"href":"https:\/\/blogdofarnesio.com.br\/index.php?rest_route=%2Fwp%2Fv2%2Ftags&post=174550"}],"curies":[{"name":"wp","href":"https:\/\/api.w.org\/{rel}","templated":true}]}}