{"id":174465,"date":"2017-08-22T07:00:29","date_gmt":"2017-08-22T10:00:29","guid":{"rendered":"http:\/\/quersaberpolitica.com.br\/2016\/?p=174465"},"modified":"2017-08-21T18:14:31","modified_gmt":"2017-08-21T21:14:31","slug":"diocese-lanca-programacao-da-festa-da-padroeira-2017-e-do-encerramento-do-ano-mariano","status":"publish","type":"post","link":"https:\/\/blogdofarnesio.com.br\/?p=174465","title":{"rendered":"DIOCESE LAN\u00c7A PROGRAMA\u00c7\u00c3O DA FESTA DA PADROEIRA 2017 E DO ENCERRAMENTO DO ANO MARIANO"},"content":{"rendered":"<p style=\"text-align: justify;\">A Diocese de Juazeiro divulgou\u00a0nesta segunda-feira\u00a0(21), em uma coletiva para a imprensa regional, a programa\u00e7\u00e3o da Festa da Padroeira N. Sra. das Grotas 2017 e do encerramento do Ano Mariano na Diocese. Na pauta dos eventos, a preocupa\u00e7\u00e3o com o rio S\u00e3o Francisco mereceu destaque em diversas atividades. Com abertura prevista para o pr\u00f3ximo dia 30 de agosto, na Pra\u00e7a da Catedral, a Novena de N. Sra das Grotas e o Congresso Mariano do dia 08 de outubro foram os principais temas da conversa.<\/p>\n<p style=\"text-align: justify;\">Dom Beto Breis, bispo diocesano de Juazeiro, abriu a coletiva falando sobre o Ano mariano nacional \u2013 lan\u00e7ado em comemora\u00e7\u00e3o aos 300 anos do achado de N. Sra. Aparecida, padroeira do Brasil. Em sua fala, Dom Beto relacionou a devo\u00e7\u00e3o \u00e0 Maria com o simbolismo e o significado do rio. \u201cNossa Senhora Aparecida foi achada num rio, o Para\u00edba do Sul. Aqui em Juazeiro, Nossa Senhora das Grotas tamb\u00e9m foi achada junto ao Velho Chico. E existem muitos outros casos assim. Isso mostra a rela\u00e7\u00e3o da nossa f\u00e9 com a \u00e1gua, que \u00e9 sinal de vida. Por isso tamb\u00e9m uma das nossas metas nesse ano \u00e9 a defesa do Rio S\u00e3o Francisco, que muitos estudiosos afirmam j\u00e1 ser um rio condenado \u00e0 morte\u201d, expressou.<\/p>\n<p style=\"text-align: justify;\">O p\u00e1roco da Catedral, Pe. Josemar Mota, apresentou a programa\u00e7\u00e3o da Festa da Padroeira que, neste ano, ter\u00e1 como tema a frase b\u00edblica \u201cFazei tudo o que Ele vos disser\u201d (Jo 2,5). \u201cA abertura da Festa ser\u00e1 dia 30 de agosto. E nesse ano teremos a novidade de que todas as noites a celebra\u00e7\u00e3o ser\u00e1 feita fora da Igreja, na pra\u00e7a da Catedral. O n\u00famero de fi\u00e9is nos \u00faltimos anos j\u00e1 n\u00e3o comportava na Igreja. Ficava mais gente do lado de fora do que dentro\u201d, disse. A programa\u00e7\u00e3o ainda contar\u00e1 com quermesses todas as noites e o show \u201cCan\u00e7\u00f5es Divinas\u201d de Targino Gondim, onde ele apresentar\u00e1 can\u00e7\u00f5es religiosas em estilo regional.<\/p>\n<p style=\"text-align: justify;\"><strong>Congresso Mariano e Caminhada pela Paz<\/strong><\/p>\n<p style=\"text-align: justify;\">Em outubro a Diocese programa a realiza\u00e7\u00e3o de um Congresso Mariano Diocesano. Marcado para o dia 08, o evento ter\u00e1 como palestrante o arcebispo de Salvador, vice-presidente da CNBB e primaz do Brasil, Dom Murilo Kriegger. \u201cEm novembro iremos realizar a j\u00e1 conhecida Caminhada pela Paz toda voltada para a defesa do Rio S\u00e3o Francisco. O tema ser\u00e1 a frase b\u00edblica \u2018Farei correr a paz como um rio\u2019. Mas desde a festa de Nossa Senhora das Grotas o assunto do rio j\u00e1 ficar\u00e1 evidenciado\u201d, frisou Dom Beto Breis.<\/p>\n<p style=\"text-align: justify;\"><strong>Lan\u00e7amento de livro<\/strong><\/p>\n<p style=\"text-align: justify;\">Abrindo a programa\u00e7\u00e3o da Festa da Padroeira 2017, neste s\u00e1bado (26) ocorrer\u00e1 o lan\u00e7amento do livro de Dom Beto Breis \u201cFrancisco de Assis e Charles de Focauld: enamorados do Deus humanado\u201d. O evento\u00a0acontecer\u00e1 na Catedral-Santu\u00e1rio N. Sra. das Grotas a partir das 17h e ser\u00e1 aberto ao p\u00fablico.\u00a0A obra,\u00a0publicada pela editora Paulus, aborda duas grandes figuras da espiritualidade crist\u00e3 e sua paix\u00e3o comum pelo mist\u00e9rio da humildade de Jesus. Segundo Dom Beto, as vidas dos dois m\u00edsticos v\u00e3o de encontro ao desejo do Papa Francisco por uma Igreja mais despojada e centrada no essencial.<\/p>\n<p style=\"text-align: justify;\"><strong>Programa\u00e7\u00e3o da festa de N. Sra. das Grotas 2017:<\/strong><\/p>\n<p style=\"text-align: justify;\"><strong>\u00a0<\/strong><\/p>\n<p style=\"text-align: justify;\"><strong>30\/08 \u00e0 07\/09 \u2013 Noven\u00e1rio de N. Sra das Grotas:<\/strong>\u00a0na pra\u00e7a da Catedral (sempre \u00e1s 19h30)<\/p>\n<p style=\"text-align: justify;\"><strong>Celebra\u00e7\u00f5es especiais:<\/strong><\/p>\n<p style=\"text-align: justify;\">29\/08 \u2013 Celebra\u00e7\u00e3o da Miseric\u00f3rdia \u2013 Catedral (19h30)<\/p>\n<p style=\"text-align: justify;\">02\/09 \u2013 Missa para crian\u00e7as (9h) e Missa da Sa\u00fade (16h)<\/p>\n<p style=\"text-align: justify;\">Durante a semana: Novena na Catedral, sempre \u00e0s 12h<\/p>\n<p style=\"text-align: justify;\"><strong>08\/09 \u2013 Dia da Festa:<\/strong><\/p>\n<p style=\"text-align: justify;\">7h \u2013 Missa presidida pelo P\u00e1roco<\/p>\n<p style=\"text-align: justify;\">10h \u2013 Missa solene presidida pelo Bispo diocesano<\/p>\n<p style=\"text-align: justify;\">17h \u2013 Solene Prociss\u00e3o (sa\u00edda da Igreja Nossa Senhora de Nazar\u00e9 \u2013 bairro Quid\u00e9)<\/p>\n<p style=\"text-align: justify;\">Mirrail Varj\u00e3o Menezes<\/p>\n","protected":false},"excerpt":{"rendered":"<p>A Diocese de Juazeiro divulgou\u00a0nesta segunda-feira\u00a0(21), em uma coletiva para a imprensa regional, a programa\u00e7\u00e3o da Festa da Padroeira N. Sra. das Grotas 2017 e do encerramento do Ano Mariano na Diocese. Na pauta dos eventos, a preocupa\u00e7\u00e3o com o rio S\u00e3o Francisco mereceu destaque em diversas atividades. Com abertura prevista para o pr\u00f3ximo dia 30 de agosto, na Pra\u00e7a da Catedral, a Novena de N. Sra das Grotas e o Congresso Mariano do dia 08 de outubro foram os principais temas da conversa. Dom Beto Breis, bispo diocesano de Juazeiro, abriu a coletiva falando sobre o Ano mariano nacional \u2013 lan\u00e7ado em comemora\u00e7\u00e3o aos 300 anos do achado de N. Sra. Aparecida, padroeira do Brasil. Em sua fala, Dom&hellip; <\/p>\n","protected":false},"author":1,"featured_media":174486,"comment_status":"open","ping_status":"open","sticky":false,"template":"","format":"standard","meta":{"_acf_changed":false,"footnotes":""},"categories":[7],"tags":[],"class_list":["post-174465","post","type-post","status-publish","format-standard","has-post-thumbnail","hentry","category-religiao"],"acf":[],"yoast_head":"<!-- This site is optimized with the Yoast SEO plugin v27.4 - https:\/\/yoast.com\/product\/yoast-seo-wordpress\/ -->\n<title>DIOCESE LAN\u00c7A PROGRAMA\u00c7\u00c3O DA FESTA DA PADROEIRA 2017 E DO ENCERRAMENTO DO ANO MARIANO - Blog do Farn\u00e9sio<\/title>\n<meta name=\"robots\" content=\"index, follow, max-snippet:-1, max-image-preview:large, max-video-preview:-1\" \/>\n<link rel=\"canonical\" href=\"https:\/\/blogdofarnesio.com.br\/?p=174465\" \/>\n<meta property=\"og:locale\" content=\"pt_BR\" \/>\n<meta property=\"og:type\" content=\"article\" \/>\n<meta property=\"og:title\" content=\"DIOCESE LAN\u00c7A PROGRAMA\u00c7\u00c3O DA FESTA DA PADROEIRA 2017 E DO ENCERRAMENTO DO ANO MARIANO - Blog do Farn\u00e9sio\" \/>\n<meta property=\"og:description\" content=\"A Diocese de Juazeiro divulgou\u00a0nesta segunda-feira\u00a0(21), em uma coletiva para a imprensa regional, a programa\u00e7\u00e3o da Festa da Padroeira N. Sra. das Grotas 2017 e do encerramento do Ano Mariano na Diocese. Na pauta dos eventos, a preocupa\u00e7\u00e3o com o rio S\u00e3o Francisco mereceu destaque em diversas atividades. Com abertura prevista para o pr\u00f3ximo dia 30 de agosto, na Pra\u00e7a da Catedral, a Novena de N. Sra das Grotas e o Congresso Mariano do dia 08 de outubro foram os principais temas da conversa. Dom Beto Breis, bispo diocesano de Juazeiro, abriu a coletiva falando sobre o Ano mariano nacional \u2013 lan\u00e7ado em comemora\u00e7\u00e3o aos 300 anos do achado de N. Sra. Aparecida, padroeira do Brasil. Em sua fala, Dom&hellip;\" \/>\n<meta property=\"og:url\" content=\"https:\/\/blogdofarnesio.com.br\/?p=174465\" \/>\n<meta property=\"og:site_name\" content=\"Blog do Farn\u00e9sio\" \/>\n<meta property=\"article:publisher\" content=\"https:\/\/www.facebook.com\/BlogQuerSaberPolitica\/\" \/>\n<meta property=\"article:published_time\" content=\"2017-08-22T10:00:29+00:00\" \/>\n<meta property=\"og:image\" content=\"https:\/\/blogdofarnesio.com.br\/wp-content\/uploads\/2017\/08\/blogqspcoletiva-padroeira-juazeiro.jpg\" \/>\n\t<meta property=\"og:image:width\" content=\"585\" \/>\n\t<meta property=\"og:image:height\" content=\"321\" \/>\n\t<meta property=\"og:image:type\" content=\"image\/jpeg\" \/>\n<meta name=\"author\" content=\"Farn\u00e9sio\" \/>\n<meta name=\"twitter:card\" content=\"summary_large_image\" \/>\n<meta name=\"twitter:label1\" content=\"Escrito por\" \/>\n\t<meta name=\"twitter:data1\" content=\"Farn\u00e9sio\" \/>\n\t<meta name=\"twitter:label2\" content=\"Est. tempo de leitura\" \/>\n\t<meta name=\"twitter:data2\" content=\"3 minutos\" \/>\n<script type=\"application\/ld+json\" class=\"yoast-schema-graph\">{\"@context\":\"https:\\\/\\\/schema.org\",\"@graph\":[{\"@type\":\"Article\",\"@id\":\"https:\\\/\\\/blogdofarnesio.com.br\\\/?p=174465#article\",\"isPartOf\":{\"@id\":\"https:\\\/\\\/blogdofarnesio.com.br\\\/?p=174465\"},\"author\":{\"name\":\"Farn\u00e9sio\",\"@id\":\"https:\\\/\\\/blogdofarnesio.com.br\\\/#\\\/schema\\\/person\\\/301c4acf522bccbfdb45af95b5b906a1\"},\"headline\":\"DIOCESE LAN\u00c7A PROGRAMA\u00c7\u00c3O DA FESTA DA PADROEIRA 2017 E DO ENCERRAMENTO DO ANO MARIANO\",\"datePublished\":\"2017-08-22T10:00:29+00:00\",\"mainEntityOfPage\":{\"@id\":\"https:\\\/\\\/blogdofarnesio.com.br\\\/?p=174465\"},\"wordCount\":640,\"commentCount\":0,\"publisher\":{\"@id\":\"https:\\\/\\\/blogdofarnesio.com.br\\\/#organization\"},\"image\":{\"@id\":\"https:\\\/\\\/blogdofarnesio.com.br\\\/?p=174465#primaryimage\"},\"thumbnailUrl\":\"https:\\\/\\\/blogdofarnesio.com.br\\\/wp-content\\\/uploads\\\/2017\\\/08\\\/blogqspcoletiva-padroeira-juazeiro.jpg\",\"articleSection\":[\"Religi\u00e3o\"],\"inLanguage\":\"pt-BR\",\"potentialAction\":[{\"@type\":\"CommentAction\",\"name\":\"Comment\",\"target\":[\"https:\\\/\\\/blogdofarnesio.com.br\\\/?p=174465#respond\"]}]},{\"@type\":\"WebPage\",\"@id\":\"https:\\\/\\\/blogdofarnesio.com.br\\\/?p=174465\",\"url\":\"https:\\\/\\\/blogdofarnesio.com.br\\\/?p=174465\",\"name\":\"DIOCESE LAN\u00c7A PROGRAMA\u00c7\u00c3O DA FESTA DA PADROEIRA 2017 E DO ENCERRAMENTO DO ANO MARIANO - Blog do Farn\u00e9sio\",\"isPartOf\":{\"@id\":\"https:\\\/\\\/blogdofarnesio.com.br\\\/#website\"},\"primaryImageOfPage\":{\"@id\":\"https:\\\/\\\/blogdofarnesio.com.br\\\/?p=174465#primaryimage\"},\"image\":{\"@id\":\"https:\\\/\\\/blogdofarnesio.com.br\\\/?p=174465#primaryimage\"},\"thumbnailUrl\":\"https:\\\/\\\/blogdofarnesio.com.br\\\/wp-content\\\/uploads\\\/2017\\\/08\\\/blogqspcoletiva-padroeira-juazeiro.jpg\",\"datePublished\":\"2017-08-22T10:00:29+00:00\",\"breadcrumb\":{\"@id\":\"https:\\\/\\\/blogdofarnesio.com.br\\\/?p=174465#breadcrumb\"},\"inLanguage\":\"pt-BR\",\"potentialAction\":[{\"@type\":\"ReadAction\",\"target\":[\"https:\\\/\\\/blogdofarnesio.com.br\\\/?p=174465\"]}]},{\"@type\":\"ImageObject\",\"inLanguage\":\"pt-BR\",\"@id\":\"https:\\\/\\\/blogdofarnesio.com.br\\\/?p=174465#primaryimage\",\"url\":\"https:\\\/\\\/blogdofarnesio.com.br\\\/wp-content\\\/uploads\\\/2017\\\/08\\\/blogqspcoletiva-padroeira-juazeiro.jpg\",\"contentUrl\":\"https:\\\/\\\/blogdofarnesio.com.br\\\/wp-content\\\/uploads\\\/2017\\\/08\\\/blogqspcoletiva-padroeira-juazeiro.jpg\",\"width\":585,\"height\":321},{\"@type\":\"BreadcrumbList\",\"@id\":\"https:\\\/\\\/blogdofarnesio.com.br\\\/?p=174465#breadcrumb\",\"itemListElement\":[{\"@type\":\"ListItem\",\"position\":1,\"name\":\"In\u00edcio\",\"item\":\"https:\\\/\\\/blogdofarnesio.com.br\\\/\"},{\"@type\":\"ListItem\",\"position\":2,\"name\":\"DIOCESE LAN\u00c7A PROGRAMA\u00c7\u00c3O DA FESTA DA PADROEIRA 2017 E DO ENCERRAMENTO DO ANO MARIANO\"}]},{\"@type\":\"WebSite\",\"@id\":\"https:\\\/\\\/blogdofarnesio.com.br\\\/#website\",\"url\":\"https:\\\/\\\/blogdofarnesio.com.br\\\/\",\"name\":\"Blog do Farn\u00e9sio\",\"description\":\"Quer Saber Pol\u00edtica?\",\"publisher\":{\"@id\":\"https:\\\/\\\/blogdofarnesio.com.br\\\/#organization\"},\"potentialAction\":[{\"@type\":\"SearchAction\",\"target\":{\"@type\":\"EntryPoint\",\"urlTemplate\":\"https:\\\/\\\/blogdofarnesio.com.br\\\/?s={search_term_string}\"},\"query-input\":{\"@type\":\"PropertyValueSpecification\",\"valueRequired\":true,\"valueName\":\"search_term_string\"}}],\"inLanguage\":\"pt-BR\"},{\"@type\":\"Organization\",\"@id\":\"https:\\\/\\\/blogdofarnesio.com.br\\\/#organization\",\"name\":\"Blog do Farn\u00e9sio\",\"url\":\"https:\\\/\\\/blogdofarnesio.com.br\\\/\",\"logo\":{\"@type\":\"ImageObject\",\"inLanguage\":\"pt-BR\",\"@id\":\"https:\\\/\\\/blogdofarnesio.com.br\\\/#\\\/schema\\\/logo\\\/image\\\/\",\"url\":\"https:\\\/\\\/blogdofarnesio.com.br\\\/wp-content\\\/uploads\\\/2026\\\/03\\\/cropped-logo_new-1.png\",\"contentUrl\":\"https:\\\/\\\/blogdofarnesio.com.br\\\/wp-content\\\/uploads\\\/2026\\\/03\\\/cropped-logo_new-1.png\",\"width\":881,\"height\":685,\"caption\":\"Blog do Farn\u00e9sio\"},\"image\":{\"@id\":\"https:\\\/\\\/blogdofarnesio.com.br\\\/#\\\/schema\\\/logo\\\/image\\\/\"},\"sameAs\":[\"https:\\\/\\\/www.facebook.com\\\/BlogQuerSaberPolitica\\\/\"]},{\"@type\":\"Person\",\"@id\":\"https:\\\/\\\/blogdofarnesio.com.br\\\/#\\\/schema\\\/person\\\/301c4acf522bccbfdb45af95b5b906a1\",\"name\":\"Farn\u00e9sio\",\"image\":{\"@type\":\"ImageObject\",\"inLanguage\":\"pt-BR\",\"@id\":\"https:\\\/\\\/secure.gravatar.com\\\/avatar\\\/df0c9a14567c056f8ad6876ba5bbd1e3e2c48023eb6807342fc4663adf549f38?s=96&d=mm&r=g\",\"url\":\"https:\\\/\\\/secure.gravatar.com\\\/avatar\\\/df0c9a14567c056f8ad6876ba5bbd1e3e2c48023eb6807342fc4663adf549f38?s=96&d=mm&r=g\",\"contentUrl\":\"https:\\\/\\\/secure.gravatar.com\\\/avatar\\\/df0c9a14567c056f8ad6876ba5bbd1e3e2c48023eb6807342fc4663adf549f38?s=96&d=mm&r=g\",\"caption\":\"Farn\u00e9sio\"},\"sameAs\":[\"https:\\\/\\\/quersaberpolitica.com.br\"],\"url\":\"https:\\\/\\\/blogdofarnesio.com.br\\\/?author=1\"}]}<\/script>\n<!-- \/ Yoast SEO plugin. -->","yoast_head_json":{"title":"DIOCESE LAN\u00c7A PROGRAMA\u00c7\u00c3O DA FESTA DA PADROEIRA 2017 E DO ENCERRAMENTO DO ANO MARIANO - Blog do Farn\u00e9sio","robots":{"index":"index","follow":"follow","max-snippet":"max-snippet:-1","max-image-preview":"max-image-preview:large","max-video-preview":"max-video-preview:-1"},"canonical":"https:\/\/blogdofarnesio.com.br\/?p=174465","og_locale":"pt_BR","og_type":"article","og_title":"DIOCESE LAN\u00c7A PROGRAMA\u00c7\u00c3O DA FESTA DA PADROEIRA 2017 E DO ENCERRAMENTO DO ANO MARIANO - Blog do Farn\u00e9sio","og_description":"A Diocese de Juazeiro divulgou\u00a0nesta segunda-feira\u00a0(21), em uma coletiva para a imprensa regional, a programa\u00e7\u00e3o da Festa da Padroeira N. Sra. das Grotas 2017 e do encerramento do Ano Mariano na Diocese. Na pauta dos eventos, a preocupa\u00e7\u00e3o com o rio S\u00e3o Francisco mereceu destaque em diversas atividades. Com abertura prevista para o pr\u00f3ximo dia 30 de agosto, na Pra\u00e7a da Catedral, a Novena de N. Sra das Grotas e o Congresso Mariano do dia 08 de outubro foram os principais temas da conversa. Dom Beto Breis, bispo diocesano de Juazeiro, abriu a coletiva falando sobre o Ano mariano nacional \u2013 lan\u00e7ado em comemora\u00e7\u00e3o aos 300 anos do achado de N. Sra. Aparecida, padroeira do Brasil. Em sua fala, Dom&hellip;","og_url":"https:\/\/blogdofarnesio.com.br\/?p=174465","og_site_name":"Blog do Farn\u00e9sio","article_publisher":"https:\/\/www.facebook.com\/BlogQuerSaberPolitica\/","article_published_time":"2017-08-22T10:00:29+00:00","og_image":[{"width":585,"height":321,"url":"https:\/\/blogdofarnesio.com.br\/wp-content\/uploads\/2017\/08\/blogqspcoletiva-padroeira-juazeiro.jpg","type":"image\/jpeg"}],"author":"Farn\u00e9sio","twitter_card":"summary_large_image","twitter_misc":{"Escrito por":"Farn\u00e9sio","Est. tempo de leitura":"3 minutos"},"schema":{"@context":"https:\/\/schema.org","@graph":[{"@type":"Article","@id":"https:\/\/blogdofarnesio.com.br\/?p=174465#article","isPartOf":{"@id":"https:\/\/blogdofarnesio.com.br\/?p=174465"},"author":{"name":"Farn\u00e9sio","@id":"https:\/\/blogdofarnesio.com.br\/#\/schema\/person\/301c4acf522bccbfdb45af95b5b906a1"},"headline":"DIOCESE LAN\u00c7A PROGRAMA\u00c7\u00c3O DA FESTA DA PADROEIRA 2017 E DO ENCERRAMENTO DO ANO MARIANO","datePublished":"2017-08-22T10:00:29+00:00","mainEntityOfPage":{"@id":"https:\/\/blogdofarnesio.com.br\/?p=174465"},"wordCount":640,"commentCount":0,"publisher":{"@id":"https:\/\/blogdofarnesio.com.br\/#organization"},"image":{"@id":"https:\/\/blogdofarnesio.com.br\/?p=174465#primaryimage"},"thumbnailUrl":"https:\/\/blogdofarnesio.com.br\/wp-content\/uploads\/2017\/08\/blogqspcoletiva-padroeira-juazeiro.jpg","articleSection":["Religi\u00e3o"],"inLanguage":"pt-BR","potentialAction":[{"@type":"CommentAction","name":"Comment","target":["https:\/\/blogdofarnesio.com.br\/?p=174465#respond"]}]},{"@type":"WebPage","@id":"https:\/\/blogdofarnesio.com.br\/?p=174465","url":"https:\/\/blogdofarnesio.com.br\/?p=174465","name":"DIOCESE LAN\u00c7A PROGRAMA\u00c7\u00c3O DA FESTA DA PADROEIRA 2017 E DO ENCERRAMENTO DO ANO MARIANO - Blog do Farn\u00e9sio","isPartOf":{"@id":"https:\/\/blogdofarnesio.com.br\/#website"},"primaryImageOfPage":{"@id":"https:\/\/blogdofarnesio.com.br\/?p=174465#primaryimage"},"image":{"@id":"https:\/\/blogdofarnesio.com.br\/?p=174465#primaryimage"},"thumbnailUrl":"https:\/\/blogdofarnesio.com.br\/wp-content\/uploads\/2017\/08\/blogqspcoletiva-padroeira-juazeiro.jpg","datePublished":"2017-08-22T10:00:29+00:00","breadcrumb":{"@id":"https:\/\/blogdofarnesio.com.br\/?p=174465#breadcrumb"},"inLanguage":"pt-BR","potentialAction":[{"@type":"ReadAction","target":["https:\/\/blogdofarnesio.com.br\/?p=174465"]}]},{"@type":"ImageObject","inLanguage":"pt-BR","@id":"https:\/\/blogdofarnesio.com.br\/?p=174465#primaryimage","url":"https:\/\/blogdofarnesio.com.br\/wp-content\/uploads\/2017\/08\/blogqspcoletiva-padroeira-juazeiro.jpg","contentUrl":"https:\/\/blogdofarnesio.com.br\/wp-content\/uploads\/2017\/08\/blogqspcoletiva-padroeira-juazeiro.jpg","width":585,"height":321},{"@type":"BreadcrumbList","@id":"https:\/\/blogdofarnesio.com.br\/?p=174465#breadcrumb","itemListElement":[{"@type":"ListItem","position":1,"name":"In\u00edcio","item":"https:\/\/blogdofarnesio.com.br\/"},{"@type":"ListItem","position":2,"name":"DIOCESE LAN\u00c7A PROGRAMA\u00c7\u00c3O DA FESTA DA PADROEIRA 2017 E DO ENCERRAMENTO DO ANO MARIANO"}]},{"@type":"WebSite","@id":"https:\/\/blogdofarnesio.com.br\/#website","url":"https:\/\/blogdofarnesio.com.br\/","name":"Blog do Farn\u00e9sio","description":"Quer Saber Pol\u00edtica?","publisher":{"@id":"https:\/\/blogdofarnesio.com.br\/#organization"},"potentialAction":[{"@type":"SearchAction","target":{"@type":"EntryPoint","urlTemplate":"https:\/\/blogdofarnesio.com.br\/?s={search_term_string}"},"query-input":{"@type":"PropertyValueSpecification","valueRequired":true,"valueName":"search_term_string"}}],"inLanguage":"pt-BR"},{"@type":"Organization","@id":"https:\/\/blogdofarnesio.com.br\/#organization","name":"Blog do Farn\u00e9sio","url":"https:\/\/blogdofarnesio.com.br\/","logo":{"@type":"ImageObject","inLanguage":"pt-BR","@id":"https:\/\/blogdofarnesio.com.br\/#\/schema\/logo\/image\/","url":"https:\/\/blogdofarnesio.com.br\/wp-content\/uploads\/2026\/03\/cropped-logo_new-1.png","contentUrl":"https:\/\/blogdofarnesio.com.br\/wp-content\/uploads\/2026\/03\/cropped-logo_new-1.png","width":881,"height":685,"caption":"Blog do Farn\u00e9sio"},"image":{"@id":"https:\/\/blogdofarnesio.com.br\/#\/schema\/logo\/image\/"},"sameAs":["https:\/\/www.facebook.com\/BlogQuerSaberPolitica\/"]},{"@type":"Person","@id":"https:\/\/blogdofarnesio.com.br\/#\/schema\/person\/301c4acf522bccbfdb45af95b5b906a1","name":"Farn\u00e9sio","image":{"@type":"ImageObject","inLanguage":"pt-BR","@id":"https:\/\/secure.gravatar.com\/avatar\/df0c9a14567c056f8ad6876ba5bbd1e3e2c48023eb6807342fc4663adf549f38?s=96&d=mm&r=g","url":"https:\/\/secure.gravatar.com\/avatar\/df0c9a14567c056f8ad6876ba5bbd1e3e2c48023eb6807342fc4663adf549f38?s=96&d=mm&r=g","contentUrl":"https:\/\/secure.gravatar.com\/avatar\/df0c9a14567c056f8ad6876ba5bbd1e3e2c48023eb6807342fc4663adf549f38?s=96&d=mm&r=g","caption":"Farn\u00e9sio"},"sameAs":["https:\/\/quersaberpolitica.com.br"],"url":"https:\/\/blogdofarnesio.com.br\/?author=1"}]}},"_links":{"self":[{"href":"https:\/\/blogdofarnesio.com.br\/index.php?rest_route=\/wp\/v2\/posts\/174465","targetHints":{"allow":["GET"]}}],"collection":[{"href":"https:\/\/blogdofarnesio.com.br\/index.php?rest_route=\/wp\/v2\/posts"}],"about":[{"href":"https:\/\/blogdofarnesio.com.br\/index.php?rest_route=\/wp\/v2\/types\/post"}],"author":[{"embeddable":true,"href":"https:\/\/blogdofarnesio.com.br\/index.php?rest_route=\/wp\/v2\/users\/1"}],"replies":[{"embeddable":true,"href":"https:\/\/blogdofarnesio.com.br\/index.php?rest_route=%2Fwp%2Fv2%2Fcomments&post=174465"}],"version-history":[{"count":0,"href":"https:\/\/blogdofarnesio.com.br\/index.php?rest_route=\/wp\/v2\/posts\/174465\/revisions"}],"wp:featuredmedia":[{"embeddable":true,"href":"https:\/\/blogdofarnesio.com.br\/index.php?rest_route=\/wp\/v2\/media\/174486"}],"wp:attachment":[{"href":"https:\/\/blogdofarnesio.com.br\/index.php?rest_route=%2Fwp%2Fv2%2Fmedia&parent=174465"}],"wp:term":[{"taxonomy":"category","embeddable":true,"href":"https:\/\/blogdofarnesio.com.br\/index.php?rest_route=%2Fwp%2Fv2%2Fcategories&post=174465"},{"taxonomy":"post_tag","embeddable":true,"href":"https:\/\/blogdofarnesio.com.br\/index.php?rest_route=%2Fwp%2Fv2%2Ftags&post=174465"}],"curies":[{"name":"wp","href":"https:\/\/api.w.org\/{rel}","templated":true}]}}