{"id":174370,"date":"2017-08-21T07:00:51","date_gmt":"2017-08-21T10:00:51","guid":{"rendered":"http:\/\/quersaberpolitica.com.br\/2016\/?p=174370"},"modified":"2017-08-19T19:56:19","modified_gmt":"2017-08-19T22:56:19","slug":"prf-anuncia-regularizacao-das-atividades-a-partir-de-hoje-com-aumento-da-fiscalizacao-nas-brs-de-todo-pais","status":"publish","type":"post","link":"https:\/\/blogdofarnesio.com.br\/?p=174370","title":{"rendered":"PRF ANUNCIA REGULARIZA\u00c7\u00c3O DAS ATIVIDADES A PARTIR DE HOJE, COM AUMENTO DA FISCALIZA\u00c7\u00c3O NAS BRs DE TODO PA\u00cdS"},"content":{"rendered":"<div id=\"post-body-3156010056468716569\" class=\"entry-content\">\n<div><\/div>\n<div class=\"separator\"><a href=\"https:\/\/2.bp.blogspot.com\/-1p5DV0-dE3Q\/WZebvKz8LzI\/AAAAAAAAxLs\/WbuneH4a3wcOSWJzM-mqKTsyoee3zhqsACLcBGAs\/s1600\/_0.jpg\">\u00a0<\/a><\/div>\n<div><span style=\"font-family: 'verdana' , sans-serif;\">A Pol\u00edcia Rodovi\u00e1ria Federal (PRF) informa que a partir desta segunda-feira (21), ser\u00e1 regularizado o hor\u00e1rio de atendimento ao p\u00fablico na sede e nas delegacias, das 08:00 as 17:00hs. Al\u00e9m disso, ser\u00e3o retomadas as atividades de patrulhamento ostensivo que haviam sido reduzidas em fun\u00e7\u00e3o do contingenciamento or\u00e7ament\u00e1rio. Tal medida \u00e9 fruto da recomposi\u00e7\u00e3o parcial do or\u00e7amento previsto para 2017.\u00a0<\/span><\/div>\n<\/div>\n","protected":false},"excerpt":{"rendered":"<p>\u00a0 A Pol\u00edcia Rodovi\u00e1ria Federal (PRF) informa que a partir desta segunda-feira (21), ser\u00e1 regularizado o hor\u00e1rio de atendimento ao p\u00fablico na sede e nas delegacias, das 08:00 as 17:00hs. Al\u00e9m disso, ser\u00e3o retomadas as atividades de patrulhamento ostensivo que haviam sido reduzidas em fun\u00e7\u00e3o do contingenciamento or\u00e7ament\u00e1rio. Tal medida \u00e9 fruto da recomposi\u00e7\u00e3o parcial do or\u00e7amento previsto para 2017.\u00a0<\/p>\n","protected":false},"author":1,"featured_media":174371,"comment_status":"open","ping_status":"open","sticky":false,"template":"","format":"standard","meta":{"_acf_changed":false,"footnotes":""},"categories":[17],"tags":[],"class_list":["post-174370","post","type-post","status-publish","format-standard","has-post-thumbnail","hentry","category-estradas"],"acf":[],"yoast_head":"<!-- This site is optimized with the Yoast SEO plugin v27.4 - https:\/\/yoast.com\/product\/yoast-seo-wordpress\/ -->\n<title>PRF ANUNCIA REGULARIZA\u00c7\u00c3O DAS ATIVIDADES A PARTIR DE HOJE, COM AUMENTO DA FISCALIZA\u00c7\u00c3O NAS BRs DE TODO PA\u00cdS - Blog do Farn\u00e9sio<\/title>\n<meta name=\"robots\" content=\"index, follow, max-snippet:-1, max-image-preview:large, max-video-preview:-1\" \/>\n<link rel=\"canonical\" href=\"https:\/\/blogdofarnesio.com.br\/?p=174370\" \/>\n<meta property=\"og:locale\" content=\"pt_BR\" \/>\n<meta property=\"og:type\" content=\"article\" \/>\n<meta property=\"og:title\" content=\"PRF ANUNCIA REGULARIZA\u00c7\u00c3O DAS ATIVIDADES A PARTIR DE HOJE, COM AUMENTO DA FISCALIZA\u00c7\u00c3O NAS BRs DE TODO PA\u00cdS - Blog do Farn\u00e9sio\" \/>\n<meta property=\"og:description\" content=\"\u00a0 A Pol\u00edcia Rodovi\u00e1ria Federal (PRF) informa que a partir desta segunda-feira (21), ser\u00e1 regularizado o hor\u00e1rio de atendimento ao p\u00fablico na sede e nas delegacias, das 08:00 as 17:00hs. Al\u00e9m disso, ser\u00e3o retomadas as atividades de patrulhamento ostensivo que haviam sido reduzidas em fun\u00e7\u00e3o do contingenciamento or\u00e7ament\u00e1rio. Tal medida \u00e9 fruto da recomposi\u00e7\u00e3o parcial do or\u00e7amento previsto para 2017.\u00a0\" \/>\n<meta property=\"og:url\" content=\"https:\/\/blogdofarnesio.com.br\/?p=174370\" \/>\n<meta property=\"og:site_name\" content=\"Blog do Farn\u00e9sio\" \/>\n<meta property=\"article:publisher\" content=\"https:\/\/www.facebook.com\/BlogQuerSaberPolitica\/\" \/>\n<meta property=\"article:published_time\" content=\"2017-08-21T10:00:51+00:00\" \/>\n<meta property=\"og:image\" content=\"https:\/\/blogdofarnesio.com.br\/wp-content\/uploads\/2017\/08\/blogqspprfpoliciarodovi\u00e1ria.jpg\" \/>\n\t<meta property=\"og:image:width\" content=\"640\" \/>\n\t<meta property=\"og:image:height\" content=\"384\" \/>\n\t<meta property=\"og:image:type\" content=\"image\/jpeg\" \/>\n<meta name=\"author\" content=\"Farn\u00e9sio\" \/>\n<meta name=\"twitter:card\" content=\"summary_large_image\" \/>\n<meta name=\"twitter:label1\" content=\"Escrito por\" \/>\n\t<meta name=\"twitter:data1\" content=\"Farn\u00e9sio\" \/>\n<script type=\"application\/ld+json\" class=\"yoast-schema-graph\">{\"@context\":\"https:\\\/\\\/schema.org\",\"@graph\":[{\"@type\":\"Article\",\"@id\":\"https:\\\/\\\/blogdofarnesio.com.br\\\/?p=174370#article\",\"isPartOf\":{\"@id\":\"https:\\\/\\\/blogdofarnesio.com.br\\\/?p=174370\"},\"author\":{\"name\":\"Farn\u00e9sio\",\"@id\":\"https:\\\/\\\/blogdofarnesio.com.br\\\/#\\\/schema\\\/person\\\/301c4acf522bccbfdb45af95b5b906a1\"},\"headline\":\"PRF ANUNCIA REGULARIZA\u00c7\u00c3O DAS ATIVIDADES A PARTIR DE HOJE, COM AUMENTO DA FISCALIZA\u00c7\u00c3O NAS BRs DE TODO PA\u00cdS\",\"datePublished\":\"2017-08-21T10:00:51+00:00\",\"mainEntityOfPage\":{\"@id\":\"https:\\\/\\\/blogdofarnesio.com.br\\\/?p=174370\"},\"wordCount\":87,\"commentCount\":0,\"publisher\":{\"@id\":\"https:\\\/\\\/blogdofarnesio.com.br\\\/#organization\"},\"image\":{\"@id\":\"https:\\\/\\\/blogdofarnesio.com.br\\\/?p=174370#primaryimage\"},\"thumbnailUrl\":\"https:\\\/\\\/blogdofarnesio.com.br\\\/wp-content\\\/uploads\\\/2017\\\/08\\\/blogqspprfpoliciarodovi\u00e1ria.jpg\",\"articleSection\":[\"Estradas\"],\"inLanguage\":\"pt-BR\",\"potentialAction\":[{\"@type\":\"CommentAction\",\"name\":\"Comment\",\"target\":[\"https:\\\/\\\/blogdofarnesio.com.br\\\/?p=174370#respond\"]}]},{\"@type\":\"WebPage\",\"@id\":\"https:\\\/\\\/blogdofarnesio.com.br\\\/?p=174370\",\"url\":\"https:\\\/\\\/blogdofarnesio.com.br\\\/?p=174370\",\"name\":\"PRF ANUNCIA REGULARIZA\u00c7\u00c3O DAS ATIVIDADES A PARTIR DE HOJE, COM AUMENTO DA FISCALIZA\u00c7\u00c3O NAS BRs DE TODO PA\u00cdS - Blog do Farn\u00e9sio\",\"isPartOf\":{\"@id\":\"https:\\\/\\\/blogdofarnesio.com.br\\\/#website\"},\"primaryImageOfPage\":{\"@id\":\"https:\\\/\\\/blogdofarnesio.com.br\\\/?p=174370#primaryimage\"},\"image\":{\"@id\":\"https:\\\/\\\/blogdofarnesio.com.br\\\/?p=174370#primaryimage\"},\"thumbnailUrl\":\"https:\\\/\\\/blogdofarnesio.com.br\\\/wp-content\\\/uploads\\\/2017\\\/08\\\/blogqspprfpoliciarodovi\u00e1ria.jpg\",\"datePublished\":\"2017-08-21T10:00:51+00:00\",\"breadcrumb\":{\"@id\":\"https:\\\/\\\/blogdofarnesio.com.br\\\/?p=174370#breadcrumb\"},\"inLanguage\":\"pt-BR\",\"potentialAction\":[{\"@type\":\"ReadAction\",\"target\":[\"https:\\\/\\\/blogdofarnesio.com.br\\\/?p=174370\"]}]},{\"@type\":\"ImageObject\",\"inLanguage\":\"pt-BR\",\"@id\":\"https:\\\/\\\/blogdofarnesio.com.br\\\/?p=174370#primaryimage\",\"url\":\"https:\\\/\\\/blogdofarnesio.com.br\\\/wp-content\\\/uploads\\\/2017\\\/08\\\/blogqspprfpoliciarodovi\u00e1ria.jpg\",\"contentUrl\":\"https:\\\/\\\/blogdofarnesio.com.br\\\/wp-content\\\/uploads\\\/2017\\\/08\\\/blogqspprfpoliciarodovi\u00e1ria.jpg\",\"width\":640,\"height\":384,\"caption\":\"Foto: Valdecir Galor\\\/SMCS\"},{\"@type\":\"BreadcrumbList\",\"@id\":\"https:\\\/\\\/blogdofarnesio.com.br\\\/?p=174370#breadcrumb\",\"itemListElement\":[{\"@type\":\"ListItem\",\"position\":1,\"name\":\"In\u00edcio\",\"item\":\"https:\\\/\\\/blogdofarnesio.com.br\\\/\"},{\"@type\":\"ListItem\",\"position\":2,\"name\":\"PRF ANUNCIA REGULARIZA\u00c7\u00c3O DAS ATIVIDADES A PARTIR DE HOJE, COM AUMENTO DA FISCALIZA\u00c7\u00c3O NAS BRs DE TODO PA\u00cdS\"}]},{\"@type\":\"WebSite\",\"@id\":\"https:\\\/\\\/blogdofarnesio.com.br\\\/#website\",\"url\":\"https:\\\/\\\/blogdofarnesio.com.br\\\/\",\"name\":\"Blog do Farn\u00e9sio\",\"description\":\"Quer Saber Pol\u00edtica?\",\"publisher\":{\"@id\":\"https:\\\/\\\/blogdofarnesio.com.br\\\/#organization\"},\"potentialAction\":[{\"@type\":\"SearchAction\",\"target\":{\"@type\":\"EntryPoint\",\"urlTemplate\":\"https:\\\/\\\/blogdofarnesio.com.br\\\/?s={search_term_string}\"},\"query-input\":{\"@type\":\"PropertyValueSpecification\",\"valueRequired\":true,\"valueName\":\"search_term_string\"}}],\"inLanguage\":\"pt-BR\"},{\"@type\":\"Organization\",\"@id\":\"https:\\\/\\\/blogdofarnesio.com.br\\\/#organization\",\"name\":\"Blog do Farn\u00e9sio\",\"url\":\"https:\\\/\\\/blogdofarnesio.com.br\\\/\",\"logo\":{\"@type\":\"ImageObject\",\"inLanguage\":\"pt-BR\",\"@id\":\"https:\\\/\\\/blogdofarnesio.com.br\\\/#\\\/schema\\\/logo\\\/image\\\/\",\"url\":\"https:\\\/\\\/blogdofarnesio.com.br\\\/wp-content\\\/uploads\\\/2026\\\/03\\\/cropped-logo_new-1.png\",\"contentUrl\":\"https:\\\/\\\/blogdofarnesio.com.br\\\/wp-content\\\/uploads\\\/2026\\\/03\\\/cropped-logo_new-1.png\",\"width\":881,\"height\":685,\"caption\":\"Blog do Farn\u00e9sio\"},\"image\":{\"@id\":\"https:\\\/\\\/blogdofarnesio.com.br\\\/#\\\/schema\\\/logo\\\/image\\\/\"},\"sameAs\":[\"https:\\\/\\\/www.facebook.com\\\/BlogQuerSaberPolitica\\\/\"]},{\"@type\":\"Person\",\"@id\":\"https:\\\/\\\/blogdofarnesio.com.br\\\/#\\\/schema\\\/person\\\/301c4acf522bccbfdb45af95b5b906a1\",\"name\":\"Farn\u00e9sio\",\"image\":{\"@type\":\"ImageObject\",\"inLanguage\":\"pt-BR\",\"@id\":\"https:\\\/\\\/secure.gravatar.com\\\/avatar\\\/df0c9a14567c056f8ad6876ba5bbd1e3e2c48023eb6807342fc4663adf549f38?s=96&d=mm&r=g\",\"url\":\"https:\\\/\\\/secure.gravatar.com\\\/avatar\\\/df0c9a14567c056f8ad6876ba5bbd1e3e2c48023eb6807342fc4663adf549f38?s=96&d=mm&r=g\",\"contentUrl\":\"https:\\\/\\\/secure.gravatar.com\\\/avatar\\\/df0c9a14567c056f8ad6876ba5bbd1e3e2c48023eb6807342fc4663adf549f38?s=96&d=mm&r=g\",\"caption\":\"Farn\u00e9sio\"},\"sameAs\":[\"https:\\\/\\\/quersaberpolitica.com.br\"],\"url\":\"https:\\\/\\\/blogdofarnesio.com.br\\\/?author=1\"}]}<\/script>\n<!-- \/ Yoast SEO plugin. -->","yoast_head_json":{"title":"PRF ANUNCIA REGULARIZA\u00c7\u00c3O DAS ATIVIDADES A PARTIR DE HOJE, COM AUMENTO DA FISCALIZA\u00c7\u00c3O NAS BRs DE TODO PA\u00cdS - Blog do Farn\u00e9sio","robots":{"index":"index","follow":"follow","max-snippet":"max-snippet:-1","max-image-preview":"max-image-preview:large","max-video-preview":"max-video-preview:-1"},"canonical":"https:\/\/blogdofarnesio.com.br\/?p=174370","og_locale":"pt_BR","og_type":"article","og_title":"PRF ANUNCIA REGULARIZA\u00c7\u00c3O DAS ATIVIDADES A PARTIR DE HOJE, COM AUMENTO DA FISCALIZA\u00c7\u00c3O NAS BRs DE TODO PA\u00cdS - Blog do Farn\u00e9sio","og_description":"\u00a0 A Pol\u00edcia Rodovi\u00e1ria Federal (PRF) informa que a partir desta segunda-feira (21), ser\u00e1 regularizado o hor\u00e1rio de atendimento ao p\u00fablico na sede e nas delegacias, das 08:00 as 17:00hs. Al\u00e9m disso, ser\u00e3o retomadas as atividades de patrulhamento ostensivo que haviam sido reduzidas em fun\u00e7\u00e3o do contingenciamento or\u00e7ament\u00e1rio. Tal medida \u00e9 fruto da recomposi\u00e7\u00e3o parcial do or\u00e7amento previsto para 2017.\u00a0","og_url":"https:\/\/blogdofarnesio.com.br\/?p=174370","og_site_name":"Blog do Farn\u00e9sio","article_publisher":"https:\/\/www.facebook.com\/BlogQuerSaberPolitica\/","article_published_time":"2017-08-21T10:00:51+00:00","og_image":[{"width":640,"height":384,"url":"https:\/\/blogdofarnesio.com.br\/wp-content\/uploads\/2017\/08\/blogqspprfpoliciarodovi\u00e1ria.jpg","type":"image\/jpeg"}],"author":"Farn\u00e9sio","twitter_card":"summary_large_image","twitter_misc":{"Escrito por":"Farn\u00e9sio"},"schema":{"@context":"https:\/\/schema.org","@graph":[{"@type":"Article","@id":"https:\/\/blogdofarnesio.com.br\/?p=174370#article","isPartOf":{"@id":"https:\/\/blogdofarnesio.com.br\/?p=174370"},"author":{"name":"Farn\u00e9sio","@id":"https:\/\/blogdofarnesio.com.br\/#\/schema\/person\/301c4acf522bccbfdb45af95b5b906a1"},"headline":"PRF ANUNCIA REGULARIZA\u00c7\u00c3O DAS ATIVIDADES A PARTIR DE HOJE, COM AUMENTO DA FISCALIZA\u00c7\u00c3O NAS BRs DE TODO PA\u00cdS","datePublished":"2017-08-21T10:00:51+00:00","mainEntityOfPage":{"@id":"https:\/\/blogdofarnesio.com.br\/?p=174370"},"wordCount":87,"commentCount":0,"publisher":{"@id":"https:\/\/blogdofarnesio.com.br\/#organization"},"image":{"@id":"https:\/\/blogdofarnesio.com.br\/?p=174370#primaryimage"},"thumbnailUrl":"https:\/\/blogdofarnesio.com.br\/wp-content\/uploads\/2017\/08\/blogqspprfpoliciarodovi\u00e1ria.jpg","articleSection":["Estradas"],"inLanguage":"pt-BR","potentialAction":[{"@type":"CommentAction","name":"Comment","target":["https:\/\/blogdofarnesio.com.br\/?p=174370#respond"]}]},{"@type":"WebPage","@id":"https:\/\/blogdofarnesio.com.br\/?p=174370","url":"https:\/\/blogdofarnesio.com.br\/?p=174370","name":"PRF ANUNCIA REGULARIZA\u00c7\u00c3O DAS ATIVIDADES A PARTIR DE HOJE, COM AUMENTO DA FISCALIZA\u00c7\u00c3O NAS BRs DE TODO PA\u00cdS - Blog do Farn\u00e9sio","isPartOf":{"@id":"https:\/\/blogdofarnesio.com.br\/#website"},"primaryImageOfPage":{"@id":"https:\/\/blogdofarnesio.com.br\/?p=174370#primaryimage"},"image":{"@id":"https:\/\/blogdofarnesio.com.br\/?p=174370#primaryimage"},"thumbnailUrl":"https:\/\/blogdofarnesio.com.br\/wp-content\/uploads\/2017\/08\/blogqspprfpoliciarodovi\u00e1ria.jpg","datePublished":"2017-08-21T10:00:51+00:00","breadcrumb":{"@id":"https:\/\/blogdofarnesio.com.br\/?p=174370#breadcrumb"},"inLanguage":"pt-BR","potentialAction":[{"@type":"ReadAction","target":["https:\/\/blogdofarnesio.com.br\/?p=174370"]}]},{"@type":"ImageObject","inLanguage":"pt-BR","@id":"https:\/\/blogdofarnesio.com.br\/?p=174370#primaryimage","url":"https:\/\/blogdofarnesio.com.br\/wp-content\/uploads\/2017\/08\/blogqspprfpoliciarodovi\u00e1ria.jpg","contentUrl":"https:\/\/blogdofarnesio.com.br\/wp-content\/uploads\/2017\/08\/blogqspprfpoliciarodovi\u00e1ria.jpg","width":640,"height":384,"caption":"Foto: Valdecir Galor\/SMCS"},{"@type":"BreadcrumbList","@id":"https:\/\/blogdofarnesio.com.br\/?p=174370#breadcrumb","itemListElement":[{"@type":"ListItem","position":1,"name":"In\u00edcio","item":"https:\/\/blogdofarnesio.com.br\/"},{"@type":"ListItem","position":2,"name":"PRF ANUNCIA REGULARIZA\u00c7\u00c3O DAS ATIVIDADES A PARTIR DE HOJE, COM AUMENTO DA FISCALIZA\u00c7\u00c3O NAS BRs DE TODO PA\u00cdS"}]},{"@type":"WebSite","@id":"https:\/\/blogdofarnesio.com.br\/#website","url":"https:\/\/blogdofarnesio.com.br\/","name":"Blog do Farn\u00e9sio","description":"Quer Saber Pol\u00edtica?","publisher":{"@id":"https:\/\/blogdofarnesio.com.br\/#organization"},"potentialAction":[{"@type":"SearchAction","target":{"@type":"EntryPoint","urlTemplate":"https:\/\/blogdofarnesio.com.br\/?s={search_term_string}"},"query-input":{"@type":"PropertyValueSpecification","valueRequired":true,"valueName":"search_term_string"}}],"inLanguage":"pt-BR"},{"@type":"Organization","@id":"https:\/\/blogdofarnesio.com.br\/#organization","name":"Blog do Farn\u00e9sio","url":"https:\/\/blogdofarnesio.com.br\/","logo":{"@type":"ImageObject","inLanguage":"pt-BR","@id":"https:\/\/blogdofarnesio.com.br\/#\/schema\/logo\/image\/","url":"https:\/\/blogdofarnesio.com.br\/wp-content\/uploads\/2026\/03\/cropped-logo_new-1.png","contentUrl":"https:\/\/blogdofarnesio.com.br\/wp-content\/uploads\/2026\/03\/cropped-logo_new-1.png","width":881,"height":685,"caption":"Blog do Farn\u00e9sio"},"image":{"@id":"https:\/\/blogdofarnesio.com.br\/#\/schema\/logo\/image\/"},"sameAs":["https:\/\/www.facebook.com\/BlogQuerSaberPolitica\/"]},{"@type":"Person","@id":"https:\/\/blogdofarnesio.com.br\/#\/schema\/person\/301c4acf522bccbfdb45af95b5b906a1","name":"Farn\u00e9sio","image":{"@type":"ImageObject","inLanguage":"pt-BR","@id":"https:\/\/secure.gravatar.com\/avatar\/df0c9a14567c056f8ad6876ba5bbd1e3e2c48023eb6807342fc4663adf549f38?s=96&d=mm&r=g","url":"https:\/\/secure.gravatar.com\/avatar\/df0c9a14567c056f8ad6876ba5bbd1e3e2c48023eb6807342fc4663adf549f38?s=96&d=mm&r=g","contentUrl":"https:\/\/secure.gravatar.com\/avatar\/df0c9a14567c056f8ad6876ba5bbd1e3e2c48023eb6807342fc4663adf549f38?s=96&d=mm&r=g","caption":"Farn\u00e9sio"},"sameAs":["https:\/\/quersaberpolitica.com.br"],"url":"https:\/\/blogdofarnesio.com.br\/?author=1"}]}},"_links":{"self":[{"href":"https:\/\/blogdofarnesio.com.br\/index.php?rest_route=\/wp\/v2\/posts\/174370","targetHints":{"allow":["GET"]}}],"collection":[{"href":"https:\/\/blogdofarnesio.com.br\/index.php?rest_route=\/wp\/v2\/posts"}],"about":[{"href":"https:\/\/blogdofarnesio.com.br\/index.php?rest_route=\/wp\/v2\/types\/post"}],"author":[{"embeddable":true,"href":"https:\/\/blogdofarnesio.com.br\/index.php?rest_route=\/wp\/v2\/users\/1"}],"replies":[{"embeddable":true,"href":"https:\/\/blogdofarnesio.com.br\/index.php?rest_route=%2Fwp%2Fv2%2Fcomments&post=174370"}],"version-history":[{"count":0,"href":"https:\/\/blogdofarnesio.com.br\/index.php?rest_route=\/wp\/v2\/posts\/174370\/revisions"}],"wp:featuredmedia":[{"embeddable":true,"href":"https:\/\/blogdofarnesio.com.br\/index.php?rest_route=\/wp\/v2\/media\/174371"}],"wp:attachment":[{"href":"https:\/\/blogdofarnesio.com.br\/index.php?rest_route=%2Fwp%2Fv2%2Fmedia&parent=174370"}],"wp:term":[{"taxonomy":"category","embeddable":true,"href":"https:\/\/blogdofarnesio.com.br\/index.php?rest_route=%2Fwp%2Fv2%2Fcategories&post=174370"},{"taxonomy":"post_tag","embeddable":true,"href":"https:\/\/blogdofarnesio.com.br\/index.php?rest_route=%2Fwp%2Fv2%2Ftags&post=174370"}],"curies":[{"name":"wp","href":"https:\/\/api.w.org\/{rel}","templated":true}]}}