{"id":173511,"date":"2017-08-07T19:00:45","date_gmt":"2017-08-07T22:00:45","guid":{"rendered":"http:\/\/quersaberpolitica.com.br\/2016\/?p=173511"},"modified":"2017-08-07T18:46:46","modified_gmt":"2017-08-07T21:46:46","slug":"servidores-municipais-participam-de-curso-de-oratoria-promovido-pela-egesp","status":"publish","type":"post","link":"https:\/\/blogdofarnesio.com.br\/?p=173511","title":{"rendered":"SERVIDORES MUNICIPAIS PARTICIPAM DE CURSO DE ORAT\u00d3RIA PROMOVIDO PELA EGESP"},"content":{"rendered":"<p>A Escola de Gest\u00e3o P\u00fablica de Juazeiro \u2013 EGESP realizou nesta segunda-feira (07\/08) o primeiro m\u00f3dulo do curso \u201cA Arte de Falar em P\u00fablico\u201d.\u00a0 Com carga hor\u00e1ria total de 16h, a capacita\u00e7\u00e3o prev\u00ea ainda um segundo m\u00f3dulo e tem como objetivo trabalhar as habilidades e compet\u00eancias comunicacionais do indiv\u00edduo.<\/p>\n<p>\u201cDurante o curso n\u00f3s vamos trabalhar quest\u00f5es que atrapalham a desenvoltura das pessoas na hora de falar em p\u00fablico, como a inseguran\u00e7a, a postura e o medo, para que o indiv\u00edduo possa desenvolver o autocontrole e a autoconfian\u00e7a necess\u00e1rios na hora de proferir o seu discurso\u201d, contou a facilitadora do curso, Concei\u00e7\u00e3o Carneiro.<\/p>\n<p>Para o servidor da Secretaria da Fazenda Jo\u00e3o Ramos Rocha Neto, a iniciativa \u00e9 uma oportunidade para vencer os medos e prestar um servi\u00e7o de mais qualidade para a popula\u00e7\u00e3o. \u201cEsse curso \u00e9 muito importante porque oferece uma oportunidade para que os servidores aperfei\u00e7oem o seu conhecimento. Aprender a falar em p\u00fablico \u00e9 essencial para a vida e principalmente para quem trabalha no setor p\u00fablico\u201d, frisou o servidor.<\/p>\n<p>As atividades ofertadas pela EGESP s\u00e3o baseadas nas necessidades dos servidores e dos \u00f3rg\u00e3os da gest\u00e3o p\u00fablica municipal. \u201cAntes de realizar os cursos n\u00f3s buscamos ouvir os servidores e secret\u00e1rios municipais a fim de entender as demandas de cada setor e, assim, promover cursos que fortale\u00e7am as capacidades dos servidores\u201d, explicou a secret\u00e1ria de Gest\u00e3o de Pessoas, Angelita Cavalcante Carvalho.<\/p>\n<p>Nesta quarta-feira (09\/08), a EGESP vai oferecer o curso \u201cIntelig\u00eancia Emocional no Mundo Corporativo\u201d. Ministrada pela facilitadora Manoela Cardoso, a capacita\u00e7\u00e3o visa ensinar ferramentas de alto n\u00edvel para o desenvolvimento humano em dire\u00e7\u00e3o \u00e0 excel\u00eancia no ambiente corporativo. As inscri\u00e7\u00f5es s\u00e3o gratuitas e devem ser feitas atrav\u00e9s do endere\u00e7o eletr\u00f4nico\u00a0<a href=\"http:\/\/www.juazeiro.ba.gov.br\/juazeiro01\/egesp\/\" target=\"_blank\" rel=\"noreferrer noopener\" data-saferedirecturl=\"https:\/\/www.google.com\/url?hl=pt-BR&amp;q=http:\/\/www.juazeiro.ba.gov.br\/juazeiro01\/egesp\/&amp;source=gmail&amp;ust=1502226410885000&amp;usg=AFQjCNFwzWOKd_XF22hbA1SuKvqZYbfuVA\">www.juazeiro.ba.gov.br\/juazeir<wbr \/>o01\/egesp\/<\/a>.<\/p>\n<p>Eneida Trindade\/SEGESP<\/p>\n<div class=\"yj6qo ajU\">\n<div id=\":1cv\" class=\"ajR\" tabindex=\"0\" role=\"button\" aria-label=\"Mostrar conte\u00fado cortado\" data-tooltip=\"Mostrar conte\u00fado cortado\"><img decoding=\"async\" class=\"ajT\" src=\"https:\/\/ssl.gstatic.com\/ui\/v1\/icons\/mail\/images\/cleardot.gif\" \/><\/div>\n<\/div>\n","protected":false},"excerpt":{"rendered":"<p>A Escola de Gest\u00e3o P\u00fablica de Juazeiro \u2013 EGESP realizou nesta segunda-feira (07\/08) o primeiro m\u00f3dulo do curso \u201cA Arte de Falar em P\u00fablico\u201d.\u00a0 Com carga hor\u00e1ria total de 16h, a capacita\u00e7\u00e3o prev\u00ea ainda um segundo m\u00f3dulo e tem como objetivo trabalhar as habilidades e compet\u00eancias comunicacionais do indiv\u00edduo. \u201cDurante o curso n\u00f3s vamos trabalhar quest\u00f5es que atrapalham a desenvoltura das pessoas na hora de falar em p\u00fablico, como a inseguran\u00e7a, a postura e o medo, para que o indiv\u00edduo possa desenvolver o autocontrole e a autoconfian\u00e7a necess\u00e1rios na hora de proferir o seu discurso\u201d, contou a facilitadora do curso, Concei\u00e7\u00e3o Carneiro. Para o servidor da Secretaria da Fazenda Jo\u00e3o Ramos Rocha Neto, a iniciativa \u00e9 uma oportunidade para vencer&hellip; <\/p>\n","protected":false},"author":1,"featured_media":173512,"comment_status":"open","ping_status":"open","sticky":false,"template":"","format":"standard","meta":{"_acf_changed":false,"footnotes":""},"categories":[22,20,6],"tags":[],"class_list":["post-173511","post","type-post","status-publish","format-standard","has-post-thumbnail","hentry","category-acao-social","category-economia","category-educacao"],"acf":[],"yoast_head":"<!-- This site is optimized with the Yoast SEO plugin v27.4 - https:\/\/yoast.com\/product\/yoast-seo-wordpress\/ -->\n<title>SERVIDORES MUNICIPAIS PARTICIPAM DE CURSO DE ORAT\u00d3RIA PROMOVIDO PELA EGESP - Blog do Farn\u00e9sio<\/title>\n<meta name=\"robots\" content=\"index, follow, max-snippet:-1, max-image-preview:large, max-video-preview:-1\" \/>\n<link rel=\"canonical\" href=\"https:\/\/blogdofarnesio.com.br\/?p=173511\" \/>\n<meta property=\"og:locale\" content=\"pt_BR\" \/>\n<meta property=\"og:type\" content=\"article\" \/>\n<meta property=\"og:title\" content=\"SERVIDORES MUNICIPAIS PARTICIPAM DE CURSO DE ORAT\u00d3RIA PROMOVIDO PELA EGESP - Blog do Farn\u00e9sio\" \/>\n<meta property=\"og:description\" content=\"A Escola de Gest\u00e3o P\u00fablica de Juazeiro \u2013 EGESP realizou nesta segunda-feira (07\/08) o primeiro m\u00f3dulo do curso \u201cA Arte de Falar em P\u00fablico\u201d.\u00a0 Com carga hor\u00e1ria total de 16h, a capacita\u00e7\u00e3o prev\u00ea ainda um segundo m\u00f3dulo e tem como objetivo trabalhar as habilidades e compet\u00eancias comunicacionais do indiv\u00edduo. \u201cDurante o curso n\u00f3s vamos trabalhar quest\u00f5es que atrapalham a desenvoltura das pessoas na hora de falar em p\u00fablico, como a inseguran\u00e7a, a postura e o medo, para que o indiv\u00edduo possa desenvolver o autocontrole e a autoconfian\u00e7a necess\u00e1rios na hora de proferir o seu discurso\u201d, contou a facilitadora do curso, Concei\u00e7\u00e3o Carneiro. Para o servidor da Secretaria da Fazenda Jo\u00e3o Ramos Rocha Neto, a iniciativa \u00e9 uma oportunidade para vencer&hellip;\" \/>\n<meta property=\"og:url\" content=\"https:\/\/blogdofarnesio.com.br\/?p=173511\" \/>\n<meta property=\"og:site_name\" content=\"Blog do Farn\u00e9sio\" \/>\n<meta property=\"article:publisher\" content=\"https:\/\/www.facebook.com\/BlogQuerSaberPolitica\/\" \/>\n<meta property=\"article:published_time\" content=\"2017-08-07T22:00:45+00:00\" \/>\n<meta property=\"og:image\" content=\"https:\/\/blogdofarnesio.com.br\/wp-content\/uploads\/2017\/08\/blogqsp-cursoEGESP.jpg\" \/>\n\t<meta property=\"og:image:width\" content=\"640\" \/>\n\t<meta property=\"og:image:height\" content=\"360\" \/>\n\t<meta property=\"og:image:type\" content=\"image\/jpeg\" \/>\n<meta name=\"author\" content=\"Farn\u00e9sio\" \/>\n<meta name=\"twitter:card\" content=\"summary_large_image\" \/>\n<meta name=\"twitter:label1\" content=\"Escrito por\" \/>\n\t<meta name=\"twitter:data1\" content=\"Farn\u00e9sio\" \/>\n\t<meta name=\"twitter:label2\" content=\"Est. tempo de leitura\" \/>\n\t<meta name=\"twitter:data2\" content=\"2 minutos\" \/>\n<script type=\"application\/ld+json\" class=\"yoast-schema-graph\">{\"@context\":\"https:\\\/\\\/schema.org\",\"@graph\":[{\"@type\":\"Article\",\"@id\":\"https:\\\/\\\/blogdofarnesio.com.br\\\/?p=173511#article\",\"isPartOf\":{\"@id\":\"https:\\\/\\\/blogdofarnesio.com.br\\\/?p=173511\"},\"author\":{\"name\":\"Farn\u00e9sio\",\"@id\":\"https:\\\/\\\/blogdofarnesio.com.br\\\/#\\\/schema\\\/person\\\/301c4acf522bccbfdb45af95b5b906a1\"},\"headline\":\"SERVIDORES MUNICIPAIS PARTICIPAM DE CURSO DE ORAT\u00d3RIA PROMOVIDO PELA EGESP\",\"datePublished\":\"2017-08-07T22:00:45+00:00\",\"mainEntityOfPage\":{\"@id\":\"https:\\\/\\\/blogdofarnesio.com.br\\\/?p=173511\"},\"wordCount\":336,\"commentCount\":0,\"publisher\":{\"@id\":\"https:\\\/\\\/blogdofarnesio.com.br\\\/#organization\"},\"image\":{\"@id\":\"https:\\\/\\\/blogdofarnesio.com.br\\\/?p=173511#primaryimage\"},\"thumbnailUrl\":\"https:\\\/\\\/blogdofarnesio.com.br\\\/wp-content\\\/uploads\\\/2017\\\/08\\\/blogqsp-cursoEGESP.jpg\",\"articleSection\":[\"A\u00e7\u00e3o Social\",\"Economia\",\"Educa\u00e7\u00e3o\"],\"inLanguage\":\"pt-BR\",\"potentialAction\":[{\"@type\":\"CommentAction\",\"name\":\"Comment\",\"target\":[\"https:\\\/\\\/blogdofarnesio.com.br\\\/?p=173511#respond\"]}]},{\"@type\":\"WebPage\",\"@id\":\"https:\\\/\\\/blogdofarnesio.com.br\\\/?p=173511\",\"url\":\"https:\\\/\\\/blogdofarnesio.com.br\\\/?p=173511\",\"name\":\"SERVIDORES MUNICIPAIS PARTICIPAM DE CURSO DE ORAT\u00d3RIA PROMOVIDO PELA EGESP - Blog do Farn\u00e9sio\",\"isPartOf\":{\"@id\":\"https:\\\/\\\/blogdofarnesio.com.br\\\/#website\"},\"primaryImageOfPage\":{\"@id\":\"https:\\\/\\\/blogdofarnesio.com.br\\\/?p=173511#primaryimage\"},\"image\":{\"@id\":\"https:\\\/\\\/blogdofarnesio.com.br\\\/?p=173511#primaryimage\"},\"thumbnailUrl\":\"https:\\\/\\\/blogdofarnesio.com.br\\\/wp-content\\\/uploads\\\/2017\\\/08\\\/blogqsp-cursoEGESP.jpg\",\"datePublished\":\"2017-08-07T22:00:45+00:00\",\"breadcrumb\":{\"@id\":\"https:\\\/\\\/blogdofarnesio.com.br\\\/?p=173511#breadcrumb\"},\"inLanguage\":\"pt-BR\",\"potentialAction\":[{\"@type\":\"ReadAction\",\"target\":[\"https:\\\/\\\/blogdofarnesio.com.br\\\/?p=173511\"]}]},{\"@type\":\"ImageObject\",\"inLanguage\":\"pt-BR\",\"@id\":\"https:\\\/\\\/blogdofarnesio.com.br\\\/?p=173511#primaryimage\",\"url\":\"https:\\\/\\\/blogdofarnesio.com.br\\\/wp-content\\\/uploads\\\/2017\\\/08\\\/blogqsp-cursoEGESP.jpg\",\"contentUrl\":\"https:\\\/\\\/blogdofarnesio.com.br\\\/wp-content\\\/uploads\\\/2017\\\/08\\\/blogqsp-cursoEGESP.jpg\",\"width\":640,\"height\":360},{\"@type\":\"BreadcrumbList\",\"@id\":\"https:\\\/\\\/blogdofarnesio.com.br\\\/?p=173511#breadcrumb\",\"itemListElement\":[{\"@type\":\"ListItem\",\"position\":1,\"name\":\"In\u00edcio\",\"item\":\"https:\\\/\\\/blogdofarnesio.com.br\\\/\"},{\"@type\":\"ListItem\",\"position\":2,\"name\":\"SERVIDORES MUNICIPAIS PARTICIPAM DE CURSO DE ORAT\u00d3RIA PROMOVIDO PELA EGESP\"}]},{\"@type\":\"WebSite\",\"@id\":\"https:\\\/\\\/blogdofarnesio.com.br\\\/#website\",\"url\":\"https:\\\/\\\/blogdofarnesio.com.br\\\/\",\"name\":\"Blog do Farn\u00e9sio\",\"description\":\"Quer Saber Pol\u00edtica?\",\"publisher\":{\"@id\":\"https:\\\/\\\/blogdofarnesio.com.br\\\/#organization\"},\"potentialAction\":[{\"@type\":\"SearchAction\",\"target\":{\"@type\":\"EntryPoint\",\"urlTemplate\":\"https:\\\/\\\/blogdofarnesio.com.br\\\/?s={search_term_string}\"},\"query-input\":{\"@type\":\"PropertyValueSpecification\",\"valueRequired\":true,\"valueName\":\"search_term_string\"}}],\"inLanguage\":\"pt-BR\"},{\"@type\":\"Organization\",\"@id\":\"https:\\\/\\\/blogdofarnesio.com.br\\\/#organization\",\"name\":\"Blog do Farn\u00e9sio\",\"url\":\"https:\\\/\\\/blogdofarnesio.com.br\\\/\",\"logo\":{\"@type\":\"ImageObject\",\"inLanguage\":\"pt-BR\",\"@id\":\"https:\\\/\\\/blogdofarnesio.com.br\\\/#\\\/schema\\\/logo\\\/image\\\/\",\"url\":\"https:\\\/\\\/blogdofarnesio.com.br\\\/wp-content\\\/uploads\\\/2026\\\/03\\\/cropped-logo_new-1.png\",\"contentUrl\":\"https:\\\/\\\/blogdofarnesio.com.br\\\/wp-content\\\/uploads\\\/2026\\\/03\\\/cropped-logo_new-1.png\",\"width\":881,\"height\":685,\"caption\":\"Blog do Farn\u00e9sio\"},\"image\":{\"@id\":\"https:\\\/\\\/blogdofarnesio.com.br\\\/#\\\/schema\\\/logo\\\/image\\\/\"},\"sameAs\":[\"https:\\\/\\\/www.facebook.com\\\/BlogQuerSaberPolitica\\\/\"]},{\"@type\":\"Person\",\"@id\":\"https:\\\/\\\/blogdofarnesio.com.br\\\/#\\\/schema\\\/person\\\/301c4acf522bccbfdb45af95b5b906a1\",\"name\":\"Farn\u00e9sio\",\"image\":{\"@type\":\"ImageObject\",\"inLanguage\":\"pt-BR\",\"@id\":\"https:\\\/\\\/secure.gravatar.com\\\/avatar\\\/df0c9a14567c056f8ad6876ba5bbd1e3e2c48023eb6807342fc4663adf549f38?s=96&d=mm&r=g\",\"url\":\"https:\\\/\\\/secure.gravatar.com\\\/avatar\\\/df0c9a14567c056f8ad6876ba5bbd1e3e2c48023eb6807342fc4663adf549f38?s=96&d=mm&r=g\",\"contentUrl\":\"https:\\\/\\\/secure.gravatar.com\\\/avatar\\\/df0c9a14567c056f8ad6876ba5bbd1e3e2c48023eb6807342fc4663adf549f38?s=96&d=mm&r=g\",\"caption\":\"Farn\u00e9sio\"},\"sameAs\":[\"https:\\\/\\\/quersaberpolitica.com.br\"],\"url\":\"https:\\\/\\\/blogdofarnesio.com.br\\\/?author=1\"}]}<\/script>\n<!-- \/ Yoast SEO plugin. -->","yoast_head_json":{"title":"SERVIDORES MUNICIPAIS PARTICIPAM DE CURSO DE ORAT\u00d3RIA PROMOVIDO PELA EGESP - Blog do Farn\u00e9sio","robots":{"index":"index","follow":"follow","max-snippet":"max-snippet:-1","max-image-preview":"max-image-preview:large","max-video-preview":"max-video-preview:-1"},"canonical":"https:\/\/blogdofarnesio.com.br\/?p=173511","og_locale":"pt_BR","og_type":"article","og_title":"SERVIDORES MUNICIPAIS PARTICIPAM DE CURSO DE ORAT\u00d3RIA PROMOVIDO PELA EGESP - Blog do Farn\u00e9sio","og_description":"A Escola de Gest\u00e3o P\u00fablica de Juazeiro \u2013 EGESP realizou nesta segunda-feira (07\/08) o primeiro m\u00f3dulo do curso \u201cA Arte de Falar em P\u00fablico\u201d.\u00a0 Com carga hor\u00e1ria total de 16h, a capacita\u00e7\u00e3o prev\u00ea ainda um segundo m\u00f3dulo e tem como objetivo trabalhar as habilidades e compet\u00eancias comunicacionais do indiv\u00edduo. \u201cDurante o curso n\u00f3s vamos trabalhar quest\u00f5es que atrapalham a desenvoltura das pessoas na hora de falar em p\u00fablico, como a inseguran\u00e7a, a postura e o medo, para que o indiv\u00edduo possa desenvolver o autocontrole e a autoconfian\u00e7a necess\u00e1rios na hora de proferir o seu discurso\u201d, contou a facilitadora do curso, Concei\u00e7\u00e3o Carneiro. Para o servidor da Secretaria da Fazenda Jo\u00e3o Ramos Rocha Neto, a iniciativa \u00e9 uma oportunidade para vencer&hellip;","og_url":"https:\/\/blogdofarnesio.com.br\/?p=173511","og_site_name":"Blog do Farn\u00e9sio","article_publisher":"https:\/\/www.facebook.com\/BlogQuerSaberPolitica\/","article_published_time":"2017-08-07T22:00:45+00:00","og_image":[{"width":640,"height":360,"url":"https:\/\/blogdofarnesio.com.br\/wp-content\/uploads\/2017\/08\/blogqsp-cursoEGESP.jpg","type":"image\/jpeg"}],"author":"Farn\u00e9sio","twitter_card":"summary_large_image","twitter_misc":{"Escrito por":"Farn\u00e9sio","Est. tempo de leitura":"2 minutos"},"schema":{"@context":"https:\/\/schema.org","@graph":[{"@type":"Article","@id":"https:\/\/blogdofarnesio.com.br\/?p=173511#article","isPartOf":{"@id":"https:\/\/blogdofarnesio.com.br\/?p=173511"},"author":{"name":"Farn\u00e9sio","@id":"https:\/\/blogdofarnesio.com.br\/#\/schema\/person\/301c4acf522bccbfdb45af95b5b906a1"},"headline":"SERVIDORES MUNICIPAIS PARTICIPAM DE CURSO DE ORAT\u00d3RIA PROMOVIDO PELA EGESP","datePublished":"2017-08-07T22:00:45+00:00","mainEntityOfPage":{"@id":"https:\/\/blogdofarnesio.com.br\/?p=173511"},"wordCount":336,"commentCount":0,"publisher":{"@id":"https:\/\/blogdofarnesio.com.br\/#organization"},"image":{"@id":"https:\/\/blogdofarnesio.com.br\/?p=173511#primaryimage"},"thumbnailUrl":"https:\/\/blogdofarnesio.com.br\/wp-content\/uploads\/2017\/08\/blogqsp-cursoEGESP.jpg","articleSection":["A\u00e7\u00e3o Social","Economia","Educa\u00e7\u00e3o"],"inLanguage":"pt-BR","potentialAction":[{"@type":"CommentAction","name":"Comment","target":["https:\/\/blogdofarnesio.com.br\/?p=173511#respond"]}]},{"@type":"WebPage","@id":"https:\/\/blogdofarnesio.com.br\/?p=173511","url":"https:\/\/blogdofarnesio.com.br\/?p=173511","name":"SERVIDORES MUNICIPAIS PARTICIPAM DE CURSO DE ORAT\u00d3RIA PROMOVIDO PELA EGESP - Blog do Farn\u00e9sio","isPartOf":{"@id":"https:\/\/blogdofarnesio.com.br\/#website"},"primaryImageOfPage":{"@id":"https:\/\/blogdofarnesio.com.br\/?p=173511#primaryimage"},"image":{"@id":"https:\/\/blogdofarnesio.com.br\/?p=173511#primaryimage"},"thumbnailUrl":"https:\/\/blogdofarnesio.com.br\/wp-content\/uploads\/2017\/08\/blogqsp-cursoEGESP.jpg","datePublished":"2017-08-07T22:00:45+00:00","breadcrumb":{"@id":"https:\/\/blogdofarnesio.com.br\/?p=173511#breadcrumb"},"inLanguage":"pt-BR","potentialAction":[{"@type":"ReadAction","target":["https:\/\/blogdofarnesio.com.br\/?p=173511"]}]},{"@type":"ImageObject","inLanguage":"pt-BR","@id":"https:\/\/blogdofarnesio.com.br\/?p=173511#primaryimage","url":"https:\/\/blogdofarnesio.com.br\/wp-content\/uploads\/2017\/08\/blogqsp-cursoEGESP.jpg","contentUrl":"https:\/\/blogdofarnesio.com.br\/wp-content\/uploads\/2017\/08\/blogqsp-cursoEGESP.jpg","width":640,"height":360},{"@type":"BreadcrumbList","@id":"https:\/\/blogdofarnesio.com.br\/?p=173511#breadcrumb","itemListElement":[{"@type":"ListItem","position":1,"name":"In\u00edcio","item":"https:\/\/blogdofarnesio.com.br\/"},{"@type":"ListItem","position":2,"name":"SERVIDORES MUNICIPAIS PARTICIPAM DE CURSO DE ORAT\u00d3RIA PROMOVIDO PELA EGESP"}]},{"@type":"WebSite","@id":"https:\/\/blogdofarnesio.com.br\/#website","url":"https:\/\/blogdofarnesio.com.br\/","name":"Blog do Farn\u00e9sio","description":"Quer Saber Pol\u00edtica?","publisher":{"@id":"https:\/\/blogdofarnesio.com.br\/#organization"},"potentialAction":[{"@type":"SearchAction","target":{"@type":"EntryPoint","urlTemplate":"https:\/\/blogdofarnesio.com.br\/?s={search_term_string}"},"query-input":{"@type":"PropertyValueSpecification","valueRequired":true,"valueName":"search_term_string"}}],"inLanguage":"pt-BR"},{"@type":"Organization","@id":"https:\/\/blogdofarnesio.com.br\/#organization","name":"Blog do Farn\u00e9sio","url":"https:\/\/blogdofarnesio.com.br\/","logo":{"@type":"ImageObject","inLanguage":"pt-BR","@id":"https:\/\/blogdofarnesio.com.br\/#\/schema\/logo\/image\/","url":"https:\/\/blogdofarnesio.com.br\/wp-content\/uploads\/2026\/03\/cropped-logo_new-1.png","contentUrl":"https:\/\/blogdofarnesio.com.br\/wp-content\/uploads\/2026\/03\/cropped-logo_new-1.png","width":881,"height":685,"caption":"Blog do Farn\u00e9sio"},"image":{"@id":"https:\/\/blogdofarnesio.com.br\/#\/schema\/logo\/image\/"},"sameAs":["https:\/\/www.facebook.com\/BlogQuerSaberPolitica\/"]},{"@type":"Person","@id":"https:\/\/blogdofarnesio.com.br\/#\/schema\/person\/301c4acf522bccbfdb45af95b5b906a1","name":"Farn\u00e9sio","image":{"@type":"ImageObject","inLanguage":"pt-BR","@id":"https:\/\/secure.gravatar.com\/avatar\/df0c9a14567c056f8ad6876ba5bbd1e3e2c48023eb6807342fc4663adf549f38?s=96&d=mm&r=g","url":"https:\/\/secure.gravatar.com\/avatar\/df0c9a14567c056f8ad6876ba5bbd1e3e2c48023eb6807342fc4663adf549f38?s=96&d=mm&r=g","contentUrl":"https:\/\/secure.gravatar.com\/avatar\/df0c9a14567c056f8ad6876ba5bbd1e3e2c48023eb6807342fc4663adf549f38?s=96&d=mm&r=g","caption":"Farn\u00e9sio"},"sameAs":["https:\/\/quersaberpolitica.com.br"],"url":"https:\/\/blogdofarnesio.com.br\/?author=1"}]}},"_links":{"self":[{"href":"https:\/\/blogdofarnesio.com.br\/index.php?rest_route=\/wp\/v2\/posts\/173511","targetHints":{"allow":["GET"]}}],"collection":[{"href":"https:\/\/blogdofarnesio.com.br\/index.php?rest_route=\/wp\/v2\/posts"}],"about":[{"href":"https:\/\/blogdofarnesio.com.br\/index.php?rest_route=\/wp\/v2\/types\/post"}],"author":[{"embeddable":true,"href":"https:\/\/blogdofarnesio.com.br\/index.php?rest_route=\/wp\/v2\/users\/1"}],"replies":[{"embeddable":true,"href":"https:\/\/blogdofarnesio.com.br\/index.php?rest_route=%2Fwp%2Fv2%2Fcomments&post=173511"}],"version-history":[{"count":0,"href":"https:\/\/blogdofarnesio.com.br\/index.php?rest_route=\/wp\/v2\/posts\/173511\/revisions"}],"wp:featuredmedia":[{"embeddable":true,"href":"https:\/\/blogdofarnesio.com.br\/index.php?rest_route=\/wp\/v2\/media\/173512"}],"wp:attachment":[{"href":"https:\/\/blogdofarnesio.com.br\/index.php?rest_route=%2Fwp%2Fv2%2Fmedia&parent=173511"}],"wp:term":[{"taxonomy":"category","embeddable":true,"href":"https:\/\/blogdofarnesio.com.br\/index.php?rest_route=%2Fwp%2Fv2%2Fcategories&post=173511"},{"taxonomy":"post_tag","embeddable":true,"href":"https:\/\/blogdofarnesio.com.br\/index.php?rest_route=%2Fwp%2Fv2%2Ftags&post=173511"}],"curies":[{"name":"wp","href":"https:\/\/api.w.org\/{rel}","templated":true}]}}