{"id":173472,"date":"2017-08-07T17:03:30","date_gmt":"2017-08-07T20:03:30","guid":{"rendered":"http:\/\/quersaberpolitica.com.br\/2016\/?p=173472"},"modified":"2017-08-07T15:29:33","modified_gmt":"2017-08-07T18:29:33","slug":"ministro-do-stf-gilmar-mendes-volta-atacar-procurador-rodrigo-janot","status":"publish","type":"post","link":"https:\/\/blogdofarnesio.com.br\/?p=173472","title":{"rendered":"MINISTRO DO STF GILMAR MENDES VOLTA ATACAR PROCURADOR RODRIGO JANOT"},"content":{"rendered":"<h2 class=\"blog-post-title\">&#8220;<a href=\"http:\/\/blogdomagno.com.br\/ver_post.php?id=179669\">Janot \u00e9 PGR mais desqualificado da hist\u00f3ria&#8221;<\/a><\/h2>\n<div id=\"container_clear\"><strong>Do G1<\/strong><\/div>\n<p>O ministro do Supremo Tribunal Federal (STF) Gilmar Mendes, hoje, que considera o procurador-geral da Rep\u00fablica, Rodrigo Janot, desqualificado e sem preparo jur\u00eddico nem emocional.<\/p>\n<p>&#8220;Quanto a Janot, eu o considero o procurador-geral mais desqualificado que j\u00e1 passou pela hist\u00f3ria da Procuradoria. Porque ele n\u00e3o tem condi\u00e7\u00f5es, na verdade n\u00e3o tem preparo jur\u00eddico nem emocional para dirigir algum \u00f3rg\u00e3o dessa import\u00e2ncia&#8221;, avaliou o ministro em entrevista \u00e0 R\u00e1dio Ga\u00facha.<\/p>\n<p>A declara\u00e7\u00e3o foi dada em meio a questionamentos sobre o trabalho da Opera\u00e7\u00e3o Lava Jato, da atua\u00e7\u00e3o da Procuradoria-Geral da Rep\u00fablica (PGR) e do STF. Mendes, que tamb\u00e9m \u00e9 presidente do Tribunal Superior Eleitoral (TSE), critica as dela\u00e7\u00f5es premiadas.<\/p>\n<p>Na entrevista, o ministro disse acreditar que o que foi firmado com os executivos da JBS, que embasou den\u00fancia por corrup\u00e7\u00e3o contra o presidente Michel Temer, ser\u00e1 revisto.<\/p>\n<p>&#8220;Tenho absoluta certeza de que o ser\u00e1. Como agora a Pol\u00edcia Federal acaba de pedir a reavalia\u00e7\u00e3o do caso do S\u00e9rgio Machado, que \u00e9 um desses casos escandalosos de acordo. Certamente vai ser suscitado em algum processo e ser\u00e1 reavaliado&#8221;, complementou.<\/p>\n<p>O relator das dela\u00e7\u00f5es premiadas de executivos da JBS no STF \u00e9 o ministro Luiz Edson Fachin.<\/p>\n<p>Os donos da empresa, Joesley e Wesley Batista, al\u00e9m do executivo Ricardo Saud e outros funcion\u00e1rios da JBS, fecharam acordo de dela\u00e7\u00e3o premiada com o Minist\u00e9rio P\u00fablico Federal no \u00e2mbito da Lava Jato. As dela\u00e7\u00f5es foram homologadas por Fachin e o conte\u00fado, divulgado no m\u00eas de maio.<\/p>\n<p>No fim do m\u00eas de junho, o STF decidiu manter Fachin na relatoria dos processos da JBS e aprovar a homologa\u00e7\u00e3o da dela\u00e7\u00e3o premiada dos executivos da empresa pelo ministro monocraticamente, sem a participa\u00e7\u00e3o dos outros ministros da Corte.<\/p>\n<p>Mendes concordou com a manuten\u00e7\u00e3o de Fachin, mas defendeu que o Minist\u00e9rio P\u00fablico n\u00e3o pode ter todo o poder sobre o acordo de dela\u00e7\u00e3o premiada. Segundo ele, a homologa\u00e7\u00e3o deve ser feita pelo colegiado de ministros.<\/p>\n<p>Ainda na entrevista \u00e0 Ga\u00facha, Gilmar Mendes disse que considera a Lava Jato importante. Por\u00e9m, acrescenta que podem ocorrer equ\u00edvocos.<\/p>\n<p>&#8220;N\u00e3o \u00e9 verdade que eu tenha dito que a Lava Jato deixou de ser importante. Acho os trabalhos extremamente importantes, mas isso n\u00e3o me compromete com eventuais equ\u00edvocos. Sempre fui uma voz vencida na Segunda Turma quanto ao aumento das pris\u00f5es da Lava Jato. Foi eu que votei o habeas [corpus], fui o terceiro voto, de desempate, no caso do Dirceu [Jos\u00e9 Dirceu]&#8221;, justificou.<\/p>\n","protected":false},"excerpt":{"rendered":"<p>&#8220;Janot \u00e9 PGR mais desqualificado da hist\u00f3ria&#8221; Do G1 O ministro do Supremo Tribunal Federal (STF) Gilmar Mendes, hoje, que considera o procurador-geral da Rep\u00fablica, Rodrigo Janot, desqualificado e sem preparo jur\u00eddico nem emocional. &#8220;Quanto a Janot, eu o considero o procurador-geral mais desqualificado que j\u00e1 passou pela hist\u00f3ria da Procuradoria. Porque ele n\u00e3o tem condi\u00e7\u00f5es, na verdade n\u00e3o tem preparo jur\u00eddico nem emocional para dirigir algum \u00f3rg\u00e3o dessa import\u00e2ncia&#8221;, avaliou o ministro em entrevista \u00e0 R\u00e1dio Ga\u00facha. A declara\u00e7\u00e3o foi dada em meio a questionamentos sobre o trabalho da Opera\u00e7\u00e3o Lava Jato, da atua\u00e7\u00e3o da Procuradoria-Geral da Rep\u00fablica (PGR) e do STF. Mendes, que tamb\u00e9m \u00e9 presidente do Tribunal Superior Eleitoral (TSE), critica as dela\u00e7\u00f5es premiadas. Na entrevista, o&hellip; <\/p>\n","protected":false},"author":1,"featured_media":165564,"comment_status":"open","ping_status":"open","sticky":false,"template":"","format":"standard","meta":{"_acf_changed":false,"footnotes":""},"categories":[23],"tags":[],"class_list":["post-173472","post","type-post","status-publish","format-standard","has-post-thumbnail","hentry","category-justica"],"acf":[],"yoast_head":"<!-- This site is optimized with the Yoast SEO plugin v27.4 - https:\/\/yoast.com\/product\/yoast-seo-wordpress\/ -->\n<title>MINISTRO DO STF GILMAR MENDES VOLTA ATACAR PROCURADOR RODRIGO JANOT - Blog do Farn\u00e9sio<\/title>\n<meta name=\"robots\" content=\"index, follow, max-snippet:-1, max-image-preview:large, max-video-preview:-1\" \/>\n<link rel=\"canonical\" href=\"https:\/\/blogdofarnesio.com.br\/?p=173472\" \/>\n<meta property=\"og:locale\" content=\"pt_BR\" \/>\n<meta property=\"og:type\" content=\"article\" \/>\n<meta property=\"og:title\" content=\"MINISTRO DO STF GILMAR MENDES VOLTA ATACAR PROCURADOR RODRIGO JANOT - Blog do Farn\u00e9sio\" \/>\n<meta property=\"og:description\" content=\"&#8220;Janot \u00e9 PGR mais desqualificado da hist\u00f3ria&#8221; Do G1 O ministro do Supremo Tribunal Federal (STF) Gilmar Mendes, hoje, que considera o procurador-geral da Rep\u00fablica, Rodrigo Janot, desqualificado e sem preparo jur\u00eddico nem emocional. &#8220;Quanto a Janot, eu o considero o procurador-geral mais desqualificado que j\u00e1 passou pela hist\u00f3ria da Procuradoria. Porque ele n\u00e3o tem condi\u00e7\u00f5es, na verdade n\u00e3o tem preparo jur\u00eddico nem emocional para dirigir algum \u00f3rg\u00e3o dessa import\u00e2ncia&#8221;, avaliou o ministro em entrevista \u00e0 R\u00e1dio Ga\u00facha. A declara\u00e7\u00e3o foi dada em meio a questionamentos sobre o trabalho da Opera\u00e7\u00e3o Lava Jato, da atua\u00e7\u00e3o da Procuradoria-Geral da Rep\u00fablica (PGR) e do STF. Mendes, que tamb\u00e9m \u00e9 presidente do Tribunal Superior Eleitoral (TSE), critica as dela\u00e7\u00f5es premiadas. Na entrevista, o&hellip;\" \/>\n<meta property=\"og:url\" content=\"https:\/\/blogdofarnesio.com.br\/?p=173472\" \/>\n<meta property=\"og:site_name\" content=\"Blog do Farn\u00e9sio\" \/>\n<meta property=\"article:publisher\" content=\"https:\/\/www.facebook.com\/BlogQuerSaberPolitica\/\" \/>\n<meta property=\"article:published_time\" content=\"2017-08-07T20:03:30+00:00\" \/>\n<meta property=\"og:image\" content=\"https:\/\/blogdofarnesio.com.br\/wp-content\/uploads\/2017\/05\/blogqspgilmarmendes.jpg\" \/>\n\t<meta property=\"og:image:width\" content=\"580\" \/>\n\t<meta property=\"og:image:height\" content=\"388\" \/>\n\t<meta property=\"og:image:type\" content=\"image\/jpeg\" \/>\n<meta name=\"author\" content=\"Farn\u00e9sio\" \/>\n<meta name=\"twitter:card\" content=\"summary_large_image\" \/>\n<meta name=\"twitter:label1\" content=\"Escrito por\" \/>\n\t<meta name=\"twitter:data1\" content=\"Farn\u00e9sio\" \/>\n\t<meta name=\"twitter:label2\" content=\"Est. tempo de leitura\" \/>\n\t<meta name=\"twitter:data2\" content=\"2 minutos\" \/>\n<script type=\"application\/ld+json\" class=\"yoast-schema-graph\">{\"@context\":\"https:\\\/\\\/schema.org\",\"@graph\":[{\"@type\":\"Article\",\"@id\":\"https:\\\/\\\/blogdofarnesio.com.br\\\/?p=173472#article\",\"isPartOf\":{\"@id\":\"https:\\\/\\\/blogdofarnesio.com.br\\\/?p=173472\"},\"author\":{\"name\":\"Farn\u00e9sio\",\"@id\":\"https:\\\/\\\/blogdofarnesio.com.br\\\/#\\\/schema\\\/person\\\/301c4acf522bccbfdb45af95b5b906a1\"},\"headline\":\"MINISTRO DO STF GILMAR MENDES VOLTA ATACAR PROCURADOR RODRIGO JANOT\",\"datePublished\":\"2017-08-07T20:03:30+00:00\",\"mainEntityOfPage\":{\"@id\":\"https:\\\/\\\/blogdofarnesio.com.br\\\/?p=173472\"},\"wordCount\":461,\"commentCount\":0,\"publisher\":{\"@id\":\"https:\\\/\\\/blogdofarnesio.com.br\\\/#organization\"},\"image\":{\"@id\":\"https:\\\/\\\/blogdofarnesio.com.br\\\/?p=173472#primaryimage\"},\"thumbnailUrl\":\"https:\\\/\\\/blogdofarnesio.com.br\\\/wp-content\\\/uploads\\\/2017\\\/05\\\/blogqspgilmarmendes.jpg\",\"articleSection\":[\"Justi\u00e7a\"],\"inLanguage\":\"pt-BR\",\"potentialAction\":[{\"@type\":\"CommentAction\",\"name\":\"Comment\",\"target\":[\"https:\\\/\\\/blogdofarnesio.com.br\\\/?p=173472#respond\"]}]},{\"@type\":\"WebPage\",\"@id\":\"https:\\\/\\\/blogdofarnesio.com.br\\\/?p=173472\",\"url\":\"https:\\\/\\\/blogdofarnesio.com.br\\\/?p=173472\",\"name\":\"MINISTRO DO STF GILMAR MENDES VOLTA ATACAR PROCURADOR RODRIGO JANOT - Blog do Farn\u00e9sio\",\"isPartOf\":{\"@id\":\"https:\\\/\\\/blogdofarnesio.com.br\\\/#website\"},\"primaryImageOfPage\":{\"@id\":\"https:\\\/\\\/blogdofarnesio.com.br\\\/?p=173472#primaryimage\"},\"image\":{\"@id\":\"https:\\\/\\\/blogdofarnesio.com.br\\\/?p=173472#primaryimage\"},\"thumbnailUrl\":\"https:\\\/\\\/blogdofarnesio.com.br\\\/wp-content\\\/uploads\\\/2017\\\/05\\\/blogqspgilmarmendes.jpg\",\"datePublished\":\"2017-08-07T20:03:30+00:00\",\"breadcrumb\":{\"@id\":\"https:\\\/\\\/blogdofarnesio.com.br\\\/?p=173472#breadcrumb\"},\"inLanguage\":\"pt-BR\",\"potentialAction\":[{\"@type\":\"ReadAction\",\"target\":[\"https:\\\/\\\/blogdofarnesio.com.br\\\/?p=173472\"]}]},{\"@type\":\"ImageObject\",\"inLanguage\":\"pt-BR\",\"@id\":\"https:\\\/\\\/blogdofarnesio.com.br\\\/?p=173472#primaryimage\",\"url\":\"https:\\\/\\\/blogdofarnesio.com.br\\\/wp-content\\\/uploads\\\/2017\\\/05\\\/blogqspgilmarmendes.jpg\",\"contentUrl\":\"https:\\\/\\\/blogdofarnesio.com.br\\\/wp-content\\\/uploads\\\/2017\\\/05\\\/blogqspgilmarmendes.jpg\",\"width\":580,\"height\":388,\"caption\":\"Ministro do STF Gilmar Mendes\"},{\"@type\":\"BreadcrumbList\",\"@id\":\"https:\\\/\\\/blogdofarnesio.com.br\\\/?p=173472#breadcrumb\",\"itemListElement\":[{\"@type\":\"ListItem\",\"position\":1,\"name\":\"In\u00edcio\",\"item\":\"https:\\\/\\\/blogdofarnesio.com.br\\\/\"},{\"@type\":\"ListItem\",\"position\":2,\"name\":\"MINISTRO DO STF GILMAR MENDES VOLTA ATACAR PROCURADOR RODRIGO JANOT\"}]},{\"@type\":\"WebSite\",\"@id\":\"https:\\\/\\\/blogdofarnesio.com.br\\\/#website\",\"url\":\"https:\\\/\\\/blogdofarnesio.com.br\\\/\",\"name\":\"Blog do Farn\u00e9sio\",\"description\":\"Quer Saber Pol\u00edtica?\",\"publisher\":{\"@id\":\"https:\\\/\\\/blogdofarnesio.com.br\\\/#organization\"},\"potentialAction\":[{\"@type\":\"SearchAction\",\"target\":{\"@type\":\"EntryPoint\",\"urlTemplate\":\"https:\\\/\\\/blogdofarnesio.com.br\\\/?s={search_term_string}\"},\"query-input\":{\"@type\":\"PropertyValueSpecification\",\"valueRequired\":true,\"valueName\":\"search_term_string\"}}],\"inLanguage\":\"pt-BR\"},{\"@type\":\"Organization\",\"@id\":\"https:\\\/\\\/blogdofarnesio.com.br\\\/#organization\",\"name\":\"Blog do Farn\u00e9sio\",\"url\":\"https:\\\/\\\/blogdofarnesio.com.br\\\/\",\"logo\":{\"@type\":\"ImageObject\",\"inLanguage\":\"pt-BR\",\"@id\":\"https:\\\/\\\/blogdofarnesio.com.br\\\/#\\\/schema\\\/logo\\\/image\\\/\",\"url\":\"https:\\\/\\\/blogdofarnesio.com.br\\\/wp-content\\\/uploads\\\/2026\\\/03\\\/cropped-logo_new-1.png\",\"contentUrl\":\"https:\\\/\\\/blogdofarnesio.com.br\\\/wp-content\\\/uploads\\\/2026\\\/03\\\/cropped-logo_new-1.png\",\"width\":881,\"height\":685,\"caption\":\"Blog do Farn\u00e9sio\"},\"image\":{\"@id\":\"https:\\\/\\\/blogdofarnesio.com.br\\\/#\\\/schema\\\/logo\\\/image\\\/\"},\"sameAs\":[\"https:\\\/\\\/www.facebook.com\\\/BlogQuerSaberPolitica\\\/\"]},{\"@type\":\"Person\",\"@id\":\"https:\\\/\\\/blogdofarnesio.com.br\\\/#\\\/schema\\\/person\\\/301c4acf522bccbfdb45af95b5b906a1\",\"name\":\"Farn\u00e9sio\",\"image\":{\"@type\":\"ImageObject\",\"inLanguage\":\"pt-BR\",\"@id\":\"https:\\\/\\\/secure.gravatar.com\\\/avatar\\\/df0c9a14567c056f8ad6876ba5bbd1e3e2c48023eb6807342fc4663adf549f38?s=96&d=mm&r=g\",\"url\":\"https:\\\/\\\/secure.gravatar.com\\\/avatar\\\/df0c9a14567c056f8ad6876ba5bbd1e3e2c48023eb6807342fc4663adf549f38?s=96&d=mm&r=g\",\"contentUrl\":\"https:\\\/\\\/secure.gravatar.com\\\/avatar\\\/df0c9a14567c056f8ad6876ba5bbd1e3e2c48023eb6807342fc4663adf549f38?s=96&d=mm&r=g\",\"caption\":\"Farn\u00e9sio\"},\"sameAs\":[\"https:\\\/\\\/quersaberpolitica.com.br\"],\"url\":\"https:\\\/\\\/blogdofarnesio.com.br\\\/?author=1\"}]}<\/script>\n<!-- \/ Yoast SEO plugin. -->","yoast_head_json":{"title":"MINISTRO DO STF GILMAR MENDES VOLTA ATACAR PROCURADOR RODRIGO JANOT - Blog do Farn\u00e9sio","robots":{"index":"index","follow":"follow","max-snippet":"max-snippet:-1","max-image-preview":"max-image-preview:large","max-video-preview":"max-video-preview:-1"},"canonical":"https:\/\/blogdofarnesio.com.br\/?p=173472","og_locale":"pt_BR","og_type":"article","og_title":"MINISTRO DO STF GILMAR MENDES VOLTA ATACAR PROCURADOR RODRIGO JANOT - Blog do Farn\u00e9sio","og_description":"&#8220;Janot \u00e9 PGR mais desqualificado da hist\u00f3ria&#8221; Do G1 O ministro do Supremo Tribunal Federal (STF) Gilmar Mendes, hoje, que considera o procurador-geral da Rep\u00fablica, Rodrigo Janot, desqualificado e sem preparo jur\u00eddico nem emocional. &#8220;Quanto a Janot, eu o considero o procurador-geral mais desqualificado que j\u00e1 passou pela hist\u00f3ria da Procuradoria. Porque ele n\u00e3o tem condi\u00e7\u00f5es, na verdade n\u00e3o tem preparo jur\u00eddico nem emocional para dirigir algum \u00f3rg\u00e3o dessa import\u00e2ncia&#8221;, avaliou o ministro em entrevista \u00e0 R\u00e1dio Ga\u00facha. A declara\u00e7\u00e3o foi dada em meio a questionamentos sobre o trabalho da Opera\u00e7\u00e3o Lava Jato, da atua\u00e7\u00e3o da Procuradoria-Geral da Rep\u00fablica (PGR) e do STF. Mendes, que tamb\u00e9m \u00e9 presidente do Tribunal Superior Eleitoral (TSE), critica as dela\u00e7\u00f5es premiadas. Na entrevista, o&hellip;","og_url":"https:\/\/blogdofarnesio.com.br\/?p=173472","og_site_name":"Blog do Farn\u00e9sio","article_publisher":"https:\/\/www.facebook.com\/BlogQuerSaberPolitica\/","article_published_time":"2017-08-07T20:03:30+00:00","og_image":[{"width":580,"height":388,"url":"https:\/\/blogdofarnesio.com.br\/wp-content\/uploads\/2017\/05\/blogqspgilmarmendes.jpg","type":"image\/jpeg"}],"author":"Farn\u00e9sio","twitter_card":"summary_large_image","twitter_misc":{"Escrito por":"Farn\u00e9sio","Est. tempo de leitura":"2 minutos"},"schema":{"@context":"https:\/\/schema.org","@graph":[{"@type":"Article","@id":"https:\/\/blogdofarnesio.com.br\/?p=173472#article","isPartOf":{"@id":"https:\/\/blogdofarnesio.com.br\/?p=173472"},"author":{"name":"Farn\u00e9sio","@id":"https:\/\/blogdofarnesio.com.br\/#\/schema\/person\/301c4acf522bccbfdb45af95b5b906a1"},"headline":"MINISTRO DO STF GILMAR MENDES VOLTA ATACAR PROCURADOR RODRIGO JANOT","datePublished":"2017-08-07T20:03:30+00:00","mainEntityOfPage":{"@id":"https:\/\/blogdofarnesio.com.br\/?p=173472"},"wordCount":461,"commentCount":0,"publisher":{"@id":"https:\/\/blogdofarnesio.com.br\/#organization"},"image":{"@id":"https:\/\/blogdofarnesio.com.br\/?p=173472#primaryimage"},"thumbnailUrl":"https:\/\/blogdofarnesio.com.br\/wp-content\/uploads\/2017\/05\/blogqspgilmarmendes.jpg","articleSection":["Justi\u00e7a"],"inLanguage":"pt-BR","potentialAction":[{"@type":"CommentAction","name":"Comment","target":["https:\/\/blogdofarnesio.com.br\/?p=173472#respond"]}]},{"@type":"WebPage","@id":"https:\/\/blogdofarnesio.com.br\/?p=173472","url":"https:\/\/blogdofarnesio.com.br\/?p=173472","name":"MINISTRO DO STF GILMAR MENDES VOLTA ATACAR PROCURADOR RODRIGO JANOT - Blog do Farn\u00e9sio","isPartOf":{"@id":"https:\/\/blogdofarnesio.com.br\/#website"},"primaryImageOfPage":{"@id":"https:\/\/blogdofarnesio.com.br\/?p=173472#primaryimage"},"image":{"@id":"https:\/\/blogdofarnesio.com.br\/?p=173472#primaryimage"},"thumbnailUrl":"https:\/\/blogdofarnesio.com.br\/wp-content\/uploads\/2017\/05\/blogqspgilmarmendes.jpg","datePublished":"2017-08-07T20:03:30+00:00","breadcrumb":{"@id":"https:\/\/blogdofarnesio.com.br\/?p=173472#breadcrumb"},"inLanguage":"pt-BR","potentialAction":[{"@type":"ReadAction","target":["https:\/\/blogdofarnesio.com.br\/?p=173472"]}]},{"@type":"ImageObject","inLanguage":"pt-BR","@id":"https:\/\/blogdofarnesio.com.br\/?p=173472#primaryimage","url":"https:\/\/blogdofarnesio.com.br\/wp-content\/uploads\/2017\/05\/blogqspgilmarmendes.jpg","contentUrl":"https:\/\/blogdofarnesio.com.br\/wp-content\/uploads\/2017\/05\/blogqspgilmarmendes.jpg","width":580,"height":388,"caption":"Ministro do STF Gilmar Mendes"},{"@type":"BreadcrumbList","@id":"https:\/\/blogdofarnesio.com.br\/?p=173472#breadcrumb","itemListElement":[{"@type":"ListItem","position":1,"name":"In\u00edcio","item":"https:\/\/blogdofarnesio.com.br\/"},{"@type":"ListItem","position":2,"name":"MINISTRO DO STF GILMAR MENDES VOLTA ATACAR PROCURADOR RODRIGO JANOT"}]},{"@type":"WebSite","@id":"https:\/\/blogdofarnesio.com.br\/#website","url":"https:\/\/blogdofarnesio.com.br\/","name":"Blog do Farn\u00e9sio","description":"Quer Saber Pol\u00edtica?","publisher":{"@id":"https:\/\/blogdofarnesio.com.br\/#organization"},"potentialAction":[{"@type":"SearchAction","target":{"@type":"EntryPoint","urlTemplate":"https:\/\/blogdofarnesio.com.br\/?s={search_term_string}"},"query-input":{"@type":"PropertyValueSpecification","valueRequired":true,"valueName":"search_term_string"}}],"inLanguage":"pt-BR"},{"@type":"Organization","@id":"https:\/\/blogdofarnesio.com.br\/#organization","name":"Blog do Farn\u00e9sio","url":"https:\/\/blogdofarnesio.com.br\/","logo":{"@type":"ImageObject","inLanguage":"pt-BR","@id":"https:\/\/blogdofarnesio.com.br\/#\/schema\/logo\/image\/","url":"https:\/\/blogdofarnesio.com.br\/wp-content\/uploads\/2026\/03\/cropped-logo_new-1.png","contentUrl":"https:\/\/blogdofarnesio.com.br\/wp-content\/uploads\/2026\/03\/cropped-logo_new-1.png","width":881,"height":685,"caption":"Blog do Farn\u00e9sio"},"image":{"@id":"https:\/\/blogdofarnesio.com.br\/#\/schema\/logo\/image\/"},"sameAs":["https:\/\/www.facebook.com\/BlogQuerSaberPolitica\/"]},{"@type":"Person","@id":"https:\/\/blogdofarnesio.com.br\/#\/schema\/person\/301c4acf522bccbfdb45af95b5b906a1","name":"Farn\u00e9sio","image":{"@type":"ImageObject","inLanguage":"pt-BR","@id":"https:\/\/secure.gravatar.com\/avatar\/df0c9a14567c056f8ad6876ba5bbd1e3e2c48023eb6807342fc4663adf549f38?s=96&d=mm&r=g","url":"https:\/\/secure.gravatar.com\/avatar\/df0c9a14567c056f8ad6876ba5bbd1e3e2c48023eb6807342fc4663adf549f38?s=96&d=mm&r=g","contentUrl":"https:\/\/secure.gravatar.com\/avatar\/df0c9a14567c056f8ad6876ba5bbd1e3e2c48023eb6807342fc4663adf549f38?s=96&d=mm&r=g","caption":"Farn\u00e9sio"},"sameAs":["https:\/\/quersaberpolitica.com.br"],"url":"https:\/\/blogdofarnesio.com.br\/?author=1"}]}},"_links":{"self":[{"href":"https:\/\/blogdofarnesio.com.br\/index.php?rest_route=\/wp\/v2\/posts\/173472","targetHints":{"allow":["GET"]}}],"collection":[{"href":"https:\/\/blogdofarnesio.com.br\/index.php?rest_route=\/wp\/v2\/posts"}],"about":[{"href":"https:\/\/blogdofarnesio.com.br\/index.php?rest_route=\/wp\/v2\/types\/post"}],"author":[{"embeddable":true,"href":"https:\/\/blogdofarnesio.com.br\/index.php?rest_route=\/wp\/v2\/users\/1"}],"replies":[{"embeddable":true,"href":"https:\/\/blogdofarnesio.com.br\/index.php?rest_route=%2Fwp%2Fv2%2Fcomments&post=173472"}],"version-history":[{"count":0,"href":"https:\/\/blogdofarnesio.com.br\/index.php?rest_route=\/wp\/v2\/posts\/173472\/revisions"}],"wp:featuredmedia":[{"embeddable":true,"href":"https:\/\/blogdofarnesio.com.br\/index.php?rest_route=\/wp\/v2\/media\/165564"}],"wp:attachment":[{"href":"https:\/\/blogdofarnesio.com.br\/index.php?rest_route=%2Fwp%2Fv2%2Fmedia&parent=173472"}],"wp:term":[{"taxonomy":"category","embeddable":true,"href":"https:\/\/blogdofarnesio.com.br\/index.php?rest_route=%2Fwp%2Fv2%2Fcategories&post=173472"},{"taxonomy":"post_tag","embeddable":true,"href":"https:\/\/blogdofarnesio.com.br\/index.php?rest_route=%2Fwp%2Fv2%2Ftags&post=173472"}],"curies":[{"name":"wp","href":"https:\/\/api.w.org\/{rel}","templated":true}]}}