{"id":173172,"date":"2017-08-04T09:22:05","date_gmt":"2017-08-04T12:22:05","guid":{"rendered":"http:\/\/quersaberpolitica.com.br\/2016\/?p=173172"},"modified":"2017-08-03T21:22:44","modified_gmt":"2017-08-04T00:22:44","slug":"confirmada-a-participacao-dejuazeiro-no-maior-torneio-de-futebol-amador-do-brasil","status":"publish","type":"post","link":"https:\/\/blogdofarnesio.com.br\/2017\/08\/confirmada-a-participacao-dejuazeiro-no-maior-torneio-de-futebol-amador-do-brasil\/","title":{"rendered":"CONFIRMADA A PARTICIPA\u00c7\u00c3O DE JUAZEIRO NO MAIOR TORNEIO DE FUTEBOL AMADOR DO BRASIL"},"content":{"rendered":"<p style=\"text-align: justify;\">Com o apoio da Prefeitura Municipal de Juazeiro, atrav\u00e9s da Secretaria de Cultura, Turismo e Esportes, Juazeiro volta a participar do Campeonato Intermunicipal, evento esportivo organizado pela Federa\u00e7\u00e3o Baiana de Futebol. A parceria foi selada entre o gestor da SECULTE, S\u00e9rgio Fernandes, e o Presidente da Liga Desportiva Juazeirense, Celso Leal.<\/p>\n<p style=\"text-align: justify;\">Ausente deste 2007, a Sele\u00e7\u00e3o Juazeirense de Futebol Amador est\u00e1 entre as 64 equipes divididas em 16 grupos regionalizados, que competem no maior torneio do g\u00eanero realizado no Brasil. Juazeiro est\u00e1 no Grupo 1, ao lado de Senhor do Bonfim, Casa Nova e Caldeir\u00e3o Grande. \u201cA estreia ser\u00e1 no pr\u00f3ximo domingo, 06, em Caldeir\u00e3o Grande. Em seguida a equipe far\u00e1 dois jogos no Est\u00e1dio Adauto Moraes &#8211; contra Senhor do Bonfim no dia 13 de agosto e Casa Nova no dia 20. Os jogos ser\u00e3o sempre \u00e0s 15h30\u201d, conta S\u00e9rgio Fernandes.<\/p>\n<p style=\"text-align: justify;\">Para o Presidente da Liga Desportiva Juazeirense, a participa\u00e7\u00e3o da Sele\u00e7\u00e3o de Juazeiro em um campeonato como esse \u00e9 muito importante para o esporte. \u201cA Prefeitura de Juazeiro tem investido no esporte e isso \u00e9 muito importante. Participar desse campeonato acaba ainda projetando ainda mais nossa cidade e divulgando nossos talentos\u201d, conclui Celso.<\/p>\n<p>Por Ascom\/SECULTE<\/p>\n","protected":false},"excerpt":{"rendered":"<p>Com o apoio da Prefeitura Municipal de Juazeiro, atrav\u00e9s da Secretaria de Cultura, Turismo e Esportes, Juazeiro volta a participar do Campeonato Intermunicipal, evento esportivo organizado pela Federa\u00e7\u00e3o Baiana de Futebol. A parceria foi selada entre o gestor da SECULTE, S\u00e9rgio Fernandes, e o Presidente da Liga Desportiva Juazeirense, Celso Leal. Ausente deste 2007, a Sele\u00e7\u00e3o Juazeirense de Futebol Amador est\u00e1 entre as 64 equipes divididas em 16 grupos regionalizados, que competem no maior torneio do g\u00eanero realizado no Brasil. Juazeiro est\u00e1 no Grupo 1, ao lado de Senhor do Bonfim, Casa Nova e Caldeir\u00e3o Grande. \u201cA estreia ser\u00e1 no pr\u00f3ximo domingo, 06, em Caldeir\u00e3o Grande. Em seguida a equipe far\u00e1 dois jogos no Est\u00e1dio Adauto Moraes &#8211; contra Senhor&hellip; <\/p>\n","protected":false},"author":1,"featured_media":173173,"comment_status":"open","ping_status":"open","sticky":false,"template":"","format":"standard","meta":{"_acf_changed":false,"footnotes":""},"categories":[8],"tags":[],"class_list":["post-173172","post","type-post","status-publish","format-standard","has-post-thumbnail","hentry","category-esportes"],"acf":[],"yoast_head":"<!-- This site is optimized with the Yoast SEO plugin v27.5 - https:\/\/yoast.com\/product\/yoast-seo-wordpress\/ -->\n<title>CONFIRMADA A PARTICIPA\u00c7\u00c3O DE JUAZEIRO NO MAIOR TORNEIO DE FUTEBOL AMADOR DO BRASIL - Blog do Farn\u00e9sio<\/title>\n<meta name=\"robots\" content=\"index, follow, max-snippet:-1, max-image-preview:large, max-video-preview:-1\" \/>\n<link rel=\"canonical\" href=\"https:\/\/blogdofarnesio.com.br\/2017\/08\/confirmada-a-participacao-dejuazeiro-no-maior-torneio-de-futebol-amador-do-brasil\/\" \/>\n<meta property=\"og:locale\" content=\"pt_BR\" \/>\n<meta property=\"og:type\" content=\"article\" \/>\n<meta property=\"og:title\" content=\"CONFIRMADA A PARTICIPA\u00c7\u00c3O DE JUAZEIRO NO MAIOR TORNEIO DE FUTEBOL AMADOR DO BRASIL - Blog do Farn\u00e9sio\" \/>\n<meta property=\"og:description\" content=\"Com o apoio da Prefeitura Municipal de Juazeiro, atrav\u00e9s da Secretaria de Cultura, Turismo e Esportes, Juazeiro volta a participar do Campeonato Intermunicipal, evento esportivo organizado pela Federa\u00e7\u00e3o Baiana de Futebol. A parceria foi selada entre o gestor da SECULTE, S\u00e9rgio Fernandes, e o Presidente da Liga Desportiva Juazeirense, Celso Leal. Ausente deste 2007, a Sele\u00e7\u00e3o Juazeirense de Futebol Amador est\u00e1 entre as 64 equipes divididas em 16 grupos regionalizados, que competem no maior torneio do g\u00eanero realizado no Brasil. Juazeiro est\u00e1 no Grupo 1, ao lado de Senhor do Bonfim, Casa Nova e Caldeir\u00e3o Grande. \u201cA estreia ser\u00e1 no pr\u00f3ximo domingo, 06, em Caldeir\u00e3o Grande. Em seguida a equipe far\u00e1 dois jogos no Est\u00e1dio Adauto Moraes &#8211; contra Senhor&hellip;\" \/>\n<meta property=\"og:url\" content=\"https:\/\/blogdofarnesio.com.br\/2017\/08\/confirmada-a-participacao-dejuazeiro-no-maior-torneio-de-futebol-amador-do-brasil\/\" \/>\n<meta property=\"og:site_name\" content=\"Blog do Farn\u00e9sio\" \/>\n<meta property=\"article:publisher\" content=\"https:\/\/www.facebook.com\/BlogQuerSaberPolitica\/\" \/>\n<meta property=\"article:published_time\" content=\"2017-08-04T12:22:05+00:00\" \/>\n<meta property=\"og:image\" content=\"https:\/\/blogdofarnesio.com.br\/wp-content\/uploads\/2017\/08\/BLOGQSP-Logomarca-intermunicipal-2017-slide-800-445.jpg\" \/>\n\t<meta property=\"og:image:width\" content=\"640\" \/>\n\t<meta property=\"og:image:height\" content=\"356\" \/>\n\t<meta property=\"og:image:type\" content=\"image\/jpeg\" \/>\n<meta name=\"author\" content=\"Farn\u00e9sio\" \/>\n<meta name=\"twitter:card\" content=\"summary_large_image\" \/>\n<meta name=\"twitter:label1\" content=\"Escrito por\" \/>\n\t<meta name=\"twitter:data1\" content=\"Farn\u00e9sio\" \/>\n\t<meta name=\"twitter:label2\" content=\"Est. tempo de leitura\" \/>\n\t<meta name=\"twitter:data2\" content=\"1 minuto\" \/>\n<script type=\"application\/ld+json\" class=\"yoast-schema-graph\">{\"@context\":\"https:\\\/\\\/schema.org\",\"@graph\":[{\"@type\":\"Article\",\"@id\":\"https:\\\/\\\/blogdofarnesio.com.br\\\/2017\\\/08\\\/confirmada-a-participacao-dejuazeiro-no-maior-torneio-de-futebol-amador-do-brasil\\\/#article\",\"isPartOf\":{\"@id\":\"https:\\\/\\\/blogdofarnesio.com.br\\\/2017\\\/08\\\/confirmada-a-participacao-dejuazeiro-no-maior-torneio-de-futebol-amador-do-brasil\\\/\"},\"author\":{\"name\":\"Farn\u00e9sio\",\"@id\":\"https:\\\/\\\/blogdofarnesio.com.br\\\/#\\\/schema\\\/person\\\/301c4acf522bccbfdb45af95b5b906a1\"},\"headline\":\"CONFIRMADA A PARTICIPA\u00c7\u00c3O DE JUAZEIRO NO MAIOR TORNEIO DE FUTEBOL AMADOR DO BRASIL\",\"datePublished\":\"2017-08-04T12:22:05+00:00\",\"mainEntityOfPage\":{\"@id\":\"https:\\\/\\\/blogdofarnesio.com.br\\\/2017\\\/08\\\/confirmada-a-participacao-dejuazeiro-no-maior-torneio-de-futebol-amador-do-brasil\\\/\"},\"wordCount\":216,\"commentCount\":0,\"publisher\":{\"@id\":\"https:\\\/\\\/blogdofarnesio.com.br\\\/#organization\"},\"image\":{\"@id\":\"https:\\\/\\\/blogdofarnesio.com.br\\\/2017\\\/08\\\/confirmada-a-participacao-dejuazeiro-no-maior-torneio-de-futebol-amador-do-brasil\\\/#primaryimage\"},\"thumbnailUrl\":\"https:\\\/\\\/blogdofarnesio.com.br\\\/wp-content\\\/uploads\\\/2017\\\/08\\\/BLOGQSP-Logomarca-intermunicipal-2017-slide-800-445.jpg\",\"articleSection\":[\"Esportes\"],\"inLanguage\":\"pt-BR\",\"potentialAction\":[{\"@type\":\"CommentAction\",\"name\":\"Comment\",\"target\":[\"https:\\\/\\\/blogdofarnesio.com.br\\\/2017\\\/08\\\/confirmada-a-participacao-dejuazeiro-no-maior-torneio-de-futebol-amador-do-brasil\\\/#respond\"]}]},{\"@type\":\"WebPage\",\"@id\":\"https:\\\/\\\/blogdofarnesio.com.br\\\/2017\\\/08\\\/confirmada-a-participacao-dejuazeiro-no-maior-torneio-de-futebol-amador-do-brasil\\\/\",\"url\":\"https:\\\/\\\/blogdofarnesio.com.br\\\/2017\\\/08\\\/confirmada-a-participacao-dejuazeiro-no-maior-torneio-de-futebol-amador-do-brasil\\\/\",\"name\":\"CONFIRMADA A PARTICIPA\u00c7\u00c3O DE JUAZEIRO NO MAIOR TORNEIO DE FUTEBOL AMADOR DO BRASIL - Blog do Farn\u00e9sio\",\"isPartOf\":{\"@id\":\"https:\\\/\\\/blogdofarnesio.com.br\\\/#website\"},\"primaryImageOfPage\":{\"@id\":\"https:\\\/\\\/blogdofarnesio.com.br\\\/2017\\\/08\\\/confirmada-a-participacao-dejuazeiro-no-maior-torneio-de-futebol-amador-do-brasil\\\/#primaryimage\"},\"image\":{\"@id\":\"https:\\\/\\\/blogdofarnesio.com.br\\\/2017\\\/08\\\/confirmada-a-participacao-dejuazeiro-no-maior-torneio-de-futebol-amador-do-brasil\\\/#primaryimage\"},\"thumbnailUrl\":\"https:\\\/\\\/blogdofarnesio.com.br\\\/wp-content\\\/uploads\\\/2017\\\/08\\\/BLOGQSP-Logomarca-intermunicipal-2017-slide-800-445.jpg\",\"datePublished\":\"2017-08-04T12:22:05+00:00\",\"breadcrumb\":{\"@id\":\"https:\\\/\\\/blogdofarnesio.com.br\\\/2017\\\/08\\\/confirmada-a-participacao-dejuazeiro-no-maior-torneio-de-futebol-amador-do-brasil\\\/#breadcrumb\"},\"inLanguage\":\"pt-BR\",\"potentialAction\":[{\"@type\":\"ReadAction\",\"target\":[\"https:\\\/\\\/blogdofarnesio.com.br\\\/2017\\\/08\\\/confirmada-a-participacao-dejuazeiro-no-maior-torneio-de-futebol-amador-do-brasil\\\/\"]}]},{\"@type\":\"ImageObject\",\"inLanguage\":\"pt-BR\",\"@id\":\"https:\\\/\\\/blogdofarnesio.com.br\\\/2017\\\/08\\\/confirmada-a-participacao-dejuazeiro-no-maior-torneio-de-futebol-amador-do-brasil\\\/#primaryimage\",\"url\":\"https:\\\/\\\/blogdofarnesio.com.br\\\/wp-content\\\/uploads\\\/2017\\\/08\\\/BLOGQSP-Logomarca-intermunicipal-2017-slide-800-445.jpg\",\"contentUrl\":\"https:\\\/\\\/blogdofarnesio.com.br\\\/wp-content\\\/uploads\\\/2017\\\/08\\\/BLOGQSP-Logomarca-intermunicipal-2017-slide-800-445.jpg\",\"width\":640,\"height\":356},{\"@type\":\"BreadcrumbList\",\"@id\":\"https:\\\/\\\/blogdofarnesio.com.br\\\/2017\\\/08\\\/confirmada-a-participacao-dejuazeiro-no-maior-torneio-de-futebol-amador-do-brasil\\\/#breadcrumb\",\"itemListElement\":[{\"@type\":\"ListItem\",\"position\":1,\"name\":\"In\u00edcio\",\"item\":\"https:\\\/\\\/blogdofarnesio.com.br\\\/\"},{\"@type\":\"ListItem\",\"position\":2,\"name\":\"CONFIRMADA A PARTICIPA\u00c7\u00c3O DE JUAZEIRO NO MAIOR TORNEIO DE FUTEBOL AMADOR DO BRASIL\"}]},{\"@type\":\"WebSite\",\"@id\":\"https:\\\/\\\/blogdofarnesio.com.br\\\/#website\",\"url\":\"https:\\\/\\\/blogdofarnesio.com.br\\\/\",\"name\":\"Blog do Farn\u00e9sio\",\"description\":\"Quer Saber Pol\u00edtica?\",\"publisher\":{\"@id\":\"https:\\\/\\\/blogdofarnesio.com.br\\\/#organization\"},\"potentialAction\":[{\"@type\":\"SearchAction\",\"target\":{\"@type\":\"EntryPoint\",\"urlTemplate\":\"https:\\\/\\\/blogdofarnesio.com.br\\\/?s={search_term_string}\"},\"query-input\":{\"@type\":\"PropertyValueSpecification\",\"valueRequired\":true,\"valueName\":\"search_term_string\"}}],\"inLanguage\":\"pt-BR\"},{\"@type\":\"Organization\",\"@id\":\"https:\\\/\\\/blogdofarnesio.com.br\\\/#organization\",\"name\":\"Blog do Farn\u00e9sio\",\"url\":\"https:\\\/\\\/blogdofarnesio.com.br\\\/\",\"logo\":{\"@type\":\"ImageObject\",\"inLanguage\":\"pt-BR\",\"@id\":\"https:\\\/\\\/blogdofarnesio.com.br\\\/#\\\/schema\\\/logo\\\/image\\\/\",\"url\":\"https:\\\/\\\/blogdofarnesio.com.br\\\/wp-content\\\/uploads\\\/2026\\\/03\\\/cropped-logo_new-1.png\",\"contentUrl\":\"https:\\\/\\\/blogdofarnesio.com.br\\\/wp-content\\\/uploads\\\/2026\\\/03\\\/cropped-logo_new-1.png\",\"width\":881,\"height\":685,\"caption\":\"Blog do Farn\u00e9sio\"},\"image\":{\"@id\":\"https:\\\/\\\/blogdofarnesio.com.br\\\/#\\\/schema\\\/logo\\\/image\\\/\"},\"sameAs\":[\"https:\\\/\\\/www.facebook.com\\\/BlogQuerSaberPolitica\\\/\"]},{\"@type\":\"Person\",\"@id\":\"https:\\\/\\\/blogdofarnesio.com.br\\\/#\\\/schema\\\/person\\\/301c4acf522bccbfdb45af95b5b906a1\",\"name\":\"Farn\u00e9sio\",\"image\":{\"@type\":\"ImageObject\",\"inLanguage\":\"pt-BR\",\"@id\":\"https:\\\/\\\/secure.gravatar.com\\\/avatar\\\/df0c9a14567c056f8ad6876ba5bbd1e3e2c48023eb6807342fc4663adf549f38?s=96&d=mm&r=g\",\"url\":\"https:\\\/\\\/secure.gravatar.com\\\/avatar\\\/df0c9a14567c056f8ad6876ba5bbd1e3e2c48023eb6807342fc4663adf549f38?s=96&d=mm&r=g\",\"contentUrl\":\"https:\\\/\\\/secure.gravatar.com\\\/avatar\\\/df0c9a14567c056f8ad6876ba5bbd1e3e2c48023eb6807342fc4663adf549f38?s=96&d=mm&r=g\",\"caption\":\"Farn\u00e9sio\"},\"sameAs\":[\"https:\\\/\\\/quersaberpolitica.com.br\"],\"url\":\"https:\\\/\\\/blogdofarnesio.com.br\\\/author\\\/farnesio\\\/\"}]}<\/script>\n<!-- \/ Yoast SEO plugin. -->","yoast_head_json":{"title":"CONFIRMADA A PARTICIPA\u00c7\u00c3O DE JUAZEIRO NO MAIOR TORNEIO DE FUTEBOL AMADOR DO BRASIL - Blog do Farn\u00e9sio","robots":{"index":"index","follow":"follow","max-snippet":"max-snippet:-1","max-image-preview":"max-image-preview:large","max-video-preview":"max-video-preview:-1"},"canonical":"https:\/\/blogdofarnesio.com.br\/2017\/08\/confirmada-a-participacao-dejuazeiro-no-maior-torneio-de-futebol-amador-do-brasil\/","og_locale":"pt_BR","og_type":"article","og_title":"CONFIRMADA A PARTICIPA\u00c7\u00c3O DE JUAZEIRO NO MAIOR TORNEIO DE FUTEBOL AMADOR DO BRASIL - Blog do Farn\u00e9sio","og_description":"Com o apoio da Prefeitura Municipal de Juazeiro, atrav\u00e9s da Secretaria de Cultura, Turismo e Esportes, Juazeiro volta a participar do Campeonato Intermunicipal, evento esportivo organizado pela Federa\u00e7\u00e3o Baiana de Futebol. A parceria foi selada entre o gestor da SECULTE, S\u00e9rgio Fernandes, e o Presidente da Liga Desportiva Juazeirense, Celso Leal. Ausente deste 2007, a Sele\u00e7\u00e3o Juazeirense de Futebol Amador est\u00e1 entre as 64 equipes divididas em 16 grupos regionalizados, que competem no maior torneio do g\u00eanero realizado no Brasil. Juazeiro est\u00e1 no Grupo 1, ao lado de Senhor do Bonfim, Casa Nova e Caldeir\u00e3o Grande. \u201cA estreia ser\u00e1 no pr\u00f3ximo domingo, 06, em Caldeir\u00e3o Grande. Em seguida a equipe far\u00e1 dois jogos no Est\u00e1dio Adauto Moraes &#8211; contra Senhor&hellip;","og_url":"https:\/\/blogdofarnesio.com.br\/2017\/08\/confirmada-a-participacao-dejuazeiro-no-maior-torneio-de-futebol-amador-do-brasil\/","og_site_name":"Blog do Farn\u00e9sio","article_publisher":"https:\/\/www.facebook.com\/BlogQuerSaberPolitica\/","article_published_time":"2017-08-04T12:22:05+00:00","og_image":[{"width":640,"height":356,"url":"https:\/\/blogdofarnesio.com.br\/wp-content\/uploads\/2017\/08\/BLOGQSP-Logomarca-intermunicipal-2017-slide-800-445.jpg","type":"image\/jpeg"}],"author":"Farn\u00e9sio","twitter_card":"summary_large_image","twitter_misc":{"Escrito por":"Farn\u00e9sio","Est. tempo de leitura":"1 minuto"},"schema":{"@context":"https:\/\/schema.org","@graph":[{"@type":"Article","@id":"https:\/\/blogdofarnesio.com.br\/2017\/08\/confirmada-a-participacao-dejuazeiro-no-maior-torneio-de-futebol-amador-do-brasil\/#article","isPartOf":{"@id":"https:\/\/blogdofarnesio.com.br\/2017\/08\/confirmada-a-participacao-dejuazeiro-no-maior-torneio-de-futebol-amador-do-brasil\/"},"author":{"name":"Farn\u00e9sio","@id":"https:\/\/blogdofarnesio.com.br\/#\/schema\/person\/301c4acf522bccbfdb45af95b5b906a1"},"headline":"CONFIRMADA A PARTICIPA\u00c7\u00c3O DE JUAZEIRO NO MAIOR TORNEIO DE FUTEBOL AMADOR DO BRASIL","datePublished":"2017-08-04T12:22:05+00:00","mainEntityOfPage":{"@id":"https:\/\/blogdofarnesio.com.br\/2017\/08\/confirmada-a-participacao-dejuazeiro-no-maior-torneio-de-futebol-amador-do-brasil\/"},"wordCount":216,"commentCount":0,"publisher":{"@id":"https:\/\/blogdofarnesio.com.br\/#organization"},"image":{"@id":"https:\/\/blogdofarnesio.com.br\/2017\/08\/confirmada-a-participacao-dejuazeiro-no-maior-torneio-de-futebol-amador-do-brasil\/#primaryimage"},"thumbnailUrl":"https:\/\/blogdofarnesio.com.br\/wp-content\/uploads\/2017\/08\/BLOGQSP-Logomarca-intermunicipal-2017-slide-800-445.jpg","articleSection":["Esportes"],"inLanguage":"pt-BR","potentialAction":[{"@type":"CommentAction","name":"Comment","target":["https:\/\/blogdofarnesio.com.br\/2017\/08\/confirmada-a-participacao-dejuazeiro-no-maior-torneio-de-futebol-amador-do-brasil\/#respond"]}]},{"@type":"WebPage","@id":"https:\/\/blogdofarnesio.com.br\/2017\/08\/confirmada-a-participacao-dejuazeiro-no-maior-torneio-de-futebol-amador-do-brasil\/","url":"https:\/\/blogdofarnesio.com.br\/2017\/08\/confirmada-a-participacao-dejuazeiro-no-maior-torneio-de-futebol-amador-do-brasil\/","name":"CONFIRMADA A PARTICIPA\u00c7\u00c3O DE JUAZEIRO NO MAIOR TORNEIO DE FUTEBOL AMADOR DO BRASIL - Blog do Farn\u00e9sio","isPartOf":{"@id":"https:\/\/blogdofarnesio.com.br\/#website"},"primaryImageOfPage":{"@id":"https:\/\/blogdofarnesio.com.br\/2017\/08\/confirmada-a-participacao-dejuazeiro-no-maior-torneio-de-futebol-amador-do-brasil\/#primaryimage"},"image":{"@id":"https:\/\/blogdofarnesio.com.br\/2017\/08\/confirmada-a-participacao-dejuazeiro-no-maior-torneio-de-futebol-amador-do-brasil\/#primaryimage"},"thumbnailUrl":"https:\/\/blogdofarnesio.com.br\/wp-content\/uploads\/2017\/08\/BLOGQSP-Logomarca-intermunicipal-2017-slide-800-445.jpg","datePublished":"2017-08-04T12:22:05+00:00","breadcrumb":{"@id":"https:\/\/blogdofarnesio.com.br\/2017\/08\/confirmada-a-participacao-dejuazeiro-no-maior-torneio-de-futebol-amador-do-brasil\/#breadcrumb"},"inLanguage":"pt-BR","potentialAction":[{"@type":"ReadAction","target":["https:\/\/blogdofarnesio.com.br\/2017\/08\/confirmada-a-participacao-dejuazeiro-no-maior-torneio-de-futebol-amador-do-brasil\/"]}]},{"@type":"ImageObject","inLanguage":"pt-BR","@id":"https:\/\/blogdofarnesio.com.br\/2017\/08\/confirmada-a-participacao-dejuazeiro-no-maior-torneio-de-futebol-amador-do-brasil\/#primaryimage","url":"https:\/\/blogdofarnesio.com.br\/wp-content\/uploads\/2017\/08\/BLOGQSP-Logomarca-intermunicipal-2017-slide-800-445.jpg","contentUrl":"https:\/\/blogdofarnesio.com.br\/wp-content\/uploads\/2017\/08\/BLOGQSP-Logomarca-intermunicipal-2017-slide-800-445.jpg","width":640,"height":356},{"@type":"BreadcrumbList","@id":"https:\/\/blogdofarnesio.com.br\/2017\/08\/confirmada-a-participacao-dejuazeiro-no-maior-torneio-de-futebol-amador-do-brasil\/#breadcrumb","itemListElement":[{"@type":"ListItem","position":1,"name":"In\u00edcio","item":"https:\/\/blogdofarnesio.com.br\/"},{"@type":"ListItem","position":2,"name":"CONFIRMADA A PARTICIPA\u00c7\u00c3O DE JUAZEIRO NO MAIOR TORNEIO DE FUTEBOL AMADOR DO BRASIL"}]},{"@type":"WebSite","@id":"https:\/\/blogdofarnesio.com.br\/#website","url":"https:\/\/blogdofarnesio.com.br\/","name":"Blog do Farn\u00e9sio","description":"Quer Saber Pol\u00edtica?","publisher":{"@id":"https:\/\/blogdofarnesio.com.br\/#organization"},"potentialAction":[{"@type":"SearchAction","target":{"@type":"EntryPoint","urlTemplate":"https:\/\/blogdofarnesio.com.br\/?s={search_term_string}"},"query-input":{"@type":"PropertyValueSpecification","valueRequired":true,"valueName":"search_term_string"}}],"inLanguage":"pt-BR"},{"@type":"Organization","@id":"https:\/\/blogdofarnesio.com.br\/#organization","name":"Blog do Farn\u00e9sio","url":"https:\/\/blogdofarnesio.com.br\/","logo":{"@type":"ImageObject","inLanguage":"pt-BR","@id":"https:\/\/blogdofarnesio.com.br\/#\/schema\/logo\/image\/","url":"https:\/\/blogdofarnesio.com.br\/wp-content\/uploads\/2026\/03\/cropped-logo_new-1.png","contentUrl":"https:\/\/blogdofarnesio.com.br\/wp-content\/uploads\/2026\/03\/cropped-logo_new-1.png","width":881,"height":685,"caption":"Blog do Farn\u00e9sio"},"image":{"@id":"https:\/\/blogdofarnesio.com.br\/#\/schema\/logo\/image\/"},"sameAs":["https:\/\/www.facebook.com\/BlogQuerSaberPolitica\/"]},{"@type":"Person","@id":"https:\/\/blogdofarnesio.com.br\/#\/schema\/person\/301c4acf522bccbfdb45af95b5b906a1","name":"Farn\u00e9sio","image":{"@type":"ImageObject","inLanguage":"pt-BR","@id":"https:\/\/secure.gravatar.com\/avatar\/df0c9a14567c056f8ad6876ba5bbd1e3e2c48023eb6807342fc4663adf549f38?s=96&d=mm&r=g","url":"https:\/\/secure.gravatar.com\/avatar\/df0c9a14567c056f8ad6876ba5bbd1e3e2c48023eb6807342fc4663adf549f38?s=96&d=mm&r=g","contentUrl":"https:\/\/secure.gravatar.com\/avatar\/df0c9a14567c056f8ad6876ba5bbd1e3e2c48023eb6807342fc4663adf549f38?s=96&d=mm&r=g","caption":"Farn\u00e9sio"},"sameAs":["https:\/\/quersaberpolitica.com.br"],"url":"https:\/\/blogdofarnesio.com.br\/author\/farnesio\/"}]}},"_links":{"self":[{"href":"https:\/\/blogdofarnesio.com.br\/wp-json\/wp\/v2\/posts\/173172","targetHints":{"allow":["GET"]}}],"collection":[{"href":"https:\/\/blogdofarnesio.com.br\/wp-json\/wp\/v2\/posts"}],"about":[{"href":"https:\/\/blogdofarnesio.com.br\/wp-json\/wp\/v2\/types\/post"}],"author":[{"embeddable":true,"href":"https:\/\/blogdofarnesio.com.br\/wp-json\/wp\/v2\/users\/1"}],"replies":[{"embeddable":true,"href":"https:\/\/blogdofarnesio.com.br\/wp-json\/wp\/v2\/comments?post=173172"}],"version-history":[{"count":0,"href":"https:\/\/blogdofarnesio.com.br\/wp-json\/wp\/v2\/posts\/173172\/revisions"}],"wp:featuredmedia":[{"embeddable":true,"href":"https:\/\/blogdofarnesio.com.br\/wp-json\/wp\/v2\/media\/173173"}],"wp:attachment":[{"href":"https:\/\/blogdofarnesio.com.br\/wp-json\/wp\/v2\/media?parent=173172"}],"wp:term":[{"taxonomy":"category","embeddable":true,"href":"https:\/\/blogdofarnesio.com.br\/wp-json\/wp\/v2\/categories?post=173172"},{"taxonomy":"post_tag","embeddable":true,"href":"https:\/\/blogdofarnesio.com.br\/wp-json\/wp\/v2\/tags?post=173172"}],"curies":[{"name":"wp","href":"https:\/\/api.w.org\/{rel}","templated":true}]}}