{"id":17305,"date":"2012-09-12T16:30:15","date_gmt":"2012-09-12T16:30:15","guid":{"rendered":"http:\/\/www.quersaberpolitica.com.br?p=17305"},"modified":"2012-09-11T22:24:10","modified_gmt":"2012-09-11T22:24:10","slug":"parque-da-integracao-recebe-plantio-de-especies-nativas","status":"publish","type":"post","link":"https:\/\/blogdofarnesio.com.br\/2012\/09\/parque-da-integracao-recebe-plantio-de-especies-nativas\/","title":{"rendered":"Parque da Integra\u00e7\u00e3o recebe plantio de esp\u00e9cies nativas"},"content":{"rendered":"<p>&nbsp;<\/p>\n<p><a style=\"font-family: arial, helvetica, sans-serif; font-size: medium; text-align: justify;\" rel=\"lightbox\" href=\"http:\/\/www.quersaberpolitica.com.br\/2016\/wp-content\/uploads\/2012\/12\/blogqspjuliolossioparquedeventos.jpg\"><img loading=\"lazy\" decoding=\"async\" style=\"float: left; margin: 5px 10px;\" title=\"Imagem\/Ilustrativa\" src=\"http:\/\/www.quersaberpolitica.com.br\/2016\/wp-content\/uploads\/2012\/12\/blogqspjuliolossioparquedeventos.jpg\" alt=\"\" width=\"200\" height=\"133\" \/><\/a><\/p>\n<p style=\"text-align: justify;\"><span style=\"font-size: small;\">Na manh&atilde; desta ter&ccedil;a-feira (11), profissionais da Ag&ecirc;ncia Municipal de Meio Ambiente (AMMA) iniciaram, junto a equipe respons&aacute;vel pela obra do Parque da Integra&ccedil;&atilde;o, o plantio de esp&eacute;cies nativas nos canteiros. O trabalho, que far&aacute; a liga&ccedil;&atilde;o entre diversos bairros do munic&iacute;pio com equipamentos de lazer e esporte, iniciou pela comunidade do Antonio Cassimiro, onde ainda nesta semana ser&atilde;o iniciadas as obras do Clube do Bairro.<\/span><\/p>\n<p style=\"text-align: justify;\"><span style=\"font-size: small;\">A obra, realizada pela Prefeitura Municipal de Petrolina atrav&eacute;s da Secretaria de Infraestrutura, vai beneficiar as comunidades por onde passar com pista para caminhada, academia da sa&uacute;de, pra&ccedil;as, campo de areia; entre outros equipamentos analisando a necessidade de cada bairro. A primeira etapa da obra atende cerca de 6.400m&sup2;. Segundo o secret&aacute;rio de Infraestrutura, Ricardo Rocha, o Clube do Bairro implantado no Antonio Cassimiro seguir&aacute; os moldes da Pra&ccedil;a em constru&ccedil;&atilde;o no bairro Maria Auxiliadora. &#8220;Ser&atilde;o nove equipamentos que funcionar&atilde;o em benef&iacute;cio da popula&ccedil;&atilde;o como academia ao ar livre&#8221;, explicou.<\/span><\/p>\n<p style=\"text-align: justify;\"><span style=\"font-size: medium;\"><span style=\"font-size: small;\">Al&eacute;m do Clube do Bairro, o plantio das cerca de 150 mudas de esp&eacute;cies nativas ser&aacute; feito gradualmente. O trabalho iniciado hoje vai beneficiar a &aacute;rea com &aacute;rvores pau ferro, mulungu, jatob&aacute;, pata de vaca, anjico manso e caraibeira, conhecidas pela sua beleza e sombra, segundo o educador ambiental da AMMA, Vit&oacute;rio Rodrigues.<\/span><\/span><\/p>\n<p>&nbsp;<\/p>\n","protected":false},"excerpt":{"rendered":"<p>&nbsp; Na manh&atilde; desta ter&ccedil;a-feira (11), profissionais da Ag&ecirc;ncia Municipal de Meio Ambiente (AMMA) iniciaram, junto a equipe respons&aacute;vel pela obra do Parque da Integra&ccedil;&atilde;o, o plantio de esp&eacute;cies nativas nos canteiros. O trabalho, que far&aacute; a liga&ccedil;&atilde;o entre diversos bairros do munic&iacute;pio com equipamentos de lazer e esporte, iniciou pela comunidade do Antonio Cassimiro, onde ainda nesta semana ser&atilde;o iniciadas as obras do Clube do Bairro. A obra, realizada pela Prefeitura Municipal de Petrolina atrav&eacute;s da Secretaria de Infraestrutura, vai beneficiar as comunidades por onde passar com pista para caminhada, academia da sa&uacute;de, pra&ccedil;as, campo de areia; entre outros equipamentos analisando a necessidade de cada bairro. A primeira etapa da obra atende cerca de 6.400m&sup2;. Segundo o secret&aacute;rio de&hellip; <\/p>\n","protected":false},"author":0,"featured_media":0,"comment_status":"open","ping_status":"open","sticky":false,"template":"","format":"standard","meta":{"_acf_changed":false,"footnotes":""},"categories":[13],"tags":[],"class_list":["post-17305","post","type-post","status-publish","format-standard","hentry","category-fruticultura"],"acf":[],"yoast_head":"<!-- This site is optimized with the Yoast SEO plugin v27.5 - https:\/\/yoast.com\/product\/yoast-seo-wordpress\/ -->\n<title>Parque da Integra\u00e7\u00e3o recebe plantio de esp\u00e9cies nativas  - Blog do Farn\u00e9sio<\/title>\n<meta name=\"robots\" content=\"index, follow, max-snippet:-1, max-image-preview:large, max-video-preview:-1\" \/>\n<link rel=\"canonical\" href=\"https:\/\/blogdofarnesio.com.br\/2012\/09\/parque-da-integracao-recebe-plantio-de-especies-nativas\/\" \/>\n<meta property=\"og:locale\" content=\"pt_BR\" \/>\n<meta property=\"og:type\" content=\"article\" \/>\n<meta property=\"og:title\" content=\"Parque da Integra\u00e7\u00e3o recebe plantio de esp\u00e9cies nativas  - Blog do Farn\u00e9sio\" \/>\n<meta property=\"og:description\" content=\"&nbsp; Na manh&atilde; desta ter&ccedil;a-feira (11), profissionais da Ag&ecirc;ncia Municipal de Meio Ambiente (AMMA) iniciaram, junto a equipe respons&aacute;vel pela obra do Parque da Integra&ccedil;&atilde;o, o plantio de esp&eacute;cies nativas nos canteiros. O trabalho, que far&aacute; a liga&ccedil;&atilde;o entre diversos bairros do munic&iacute;pio com equipamentos de lazer e esporte, iniciou pela comunidade do Antonio Cassimiro, onde ainda nesta semana ser&atilde;o iniciadas as obras do Clube do Bairro. A obra, realizada pela Prefeitura Municipal de Petrolina atrav&eacute;s da Secretaria de Infraestrutura, vai beneficiar as comunidades por onde passar com pista para caminhada, academia da sa&uacute;de, pra&ccedil;as, campo de areia; entre outros equipamentos analisando a necessidade de cada bairro. A primeira etapa da obra atende cerca de 6.400m&sup2;. Segundo o secret&aacute;rio de&hellip;\" \/>\n<meta property=\"og:url\" content=\"https:\/\/blogdofarnesio.com.br\/2012\/09\/parque-da-integracao-recebe-plantio-de-especies-nativas\/\" \/>\n<meta property=\"og:site_name\" content=\"Blog do Farn\u00e9sio\" \/>\n<meta property=\"article:publisher\" content=\"https:\/\/www.facebook.com\/BlogQuerSaberPolitica\/\" \/>\n<meta property=\"article:published_time\" content=\"2012-09-12T16:30:15+00:00\" \/>\n<meta property=\"og:image\" content=\"http:\/\/www.quersaberpolitica.com.br\/2016\/wp-content\/uploads\/2012\/12\/blogqspjuliolossioparquedeventos.jpg\" \/>\n<meta name=\"twitter:card\" content=\"summary_large_image\" \/>\n<meta name=\"twitter:label1\" content=\"Est. tempo de leitura\" \/>\n\t<meta name=\"twitter:data1\" content=\"1 minuto\" \/>\n<script type=\"application\/ld+json\" class=\"yoast-schema-graph\">{\"@context\":\"https:\\\/\\\/schema.org\",\"@graph\":[{\"@type\":\"Article\",\"@id\":\"https:\\\/\\\/blogdofarnesio.com.br\\\/2012\\\/09\\\/parque-da-integracao-recebe-plantio-de-especies-nativas\\\/#article\",\"isPartOf\":{\"@id\":\"https:\\\/\\\/blogdofarnesio.com.br\\\/2012\\\/09\\\/parque-da-integracao-recebe-plantio-de-especies-nativas\\\/\"},\"author\":{\"name\":\"\",\"@id\":\"\"},\"headline\":\"Parque da Integra\u00e7\u00e3o recebe plantio de esp\u00e9cies nativas\",\"datePublished\":\"2012-09-12T16:30:15+00:00\",\"mainEntityOfPage\":{\"@id\":\"https:\\\/\\\/blogdofarnesio.com.br\\\/2012\\\/09\\\/parque-da-integracao-recebe-plantio-de-especies-nativas\\\/\"},\"wordCount\":273,\"commentCount\":0,\"publisher\":{\"@id\":\"https:\\\/\\\/blogdofarnesio.com.br\\\/#organization\"},\"image\":{\"@id\":\"https:\\\/\\\/blogdofarnesio.com.br\\\/2012\\\/09\\\/parque-da-integracao-recebe-plantio-de-especies-nativas\\\/#primaryimage\"},\"thumbnailUrl\":\"http:\\\/\\\/www.quersaberpolitica.com.br\\\/2016\\\/wp-content\\\/uploads\\\/2012\\\/12\\\/blogqspjuliolossioparquedeventos.jpg\",\"articleSection\":[\"Fruticultura\"],\"inLanguage\":\"pt-BR\",\"potentialAction\":[{\"@type\":\"CommentAction\",\"name\":\"Comment\",\"target\":[\"https:\\\/\\\/blogdofarnesio.com.br\\\/2012\\\/09\\\/parque-da-integracao-recebe-plantio-de-especies-nativas\\\/#respond\"]}]},{\"@type\":\"WebPage\",\"@id\":\"https:\\\/\\\/blogdofarnesio.com.br\\\/2012\\\/09\\\/parque-da-integracao-recebe-plantio-de-especies-nativas\\\/\",\"url\":\"https:\\\/\\\/blogdofarnesio.com.br\\\/2012\\\/09\\\/parque-da-integracao-recebe-plantio-de-especies-nativas\\\/\",\"name\":\"Parque da Integra\u00e7\u00e3o recebe plantio de esp\u00e9cies nativas - Blog do Farn\u00e9sio\",\"isPartOf\":{\"@id\":\"https:\\\/\\\/blogdofarnesio.com.br\\\/#website\"},\"primaryImageOfPage\":{\"@id\":\"https:\\\/\\\/blogdofarnesio.com.br\\\/2012\\\/09\\\/parque-da-integracao-recebe-plantio-de-especies-nativas\\\/#primaryimage\"},\"image\":{\"@id\":\"https:\\\/\\\/blogdofarnesio.com.br\\\/2012\\\/09\\\/parque-da-integracao-recebe-plantio-de-especies-nativas\\\/#primaryimage\"},\"thumbnailUrl\":\"http:\\\/\\\/www.quersaberpolitica.com.br\\\/2016\\\/wp-content\\\/uploads\\\/2012\\\/12\\\/blogqspjuliolossioparquedeventos.jpg\",\"datePublished\":\"2012-09-12T16:30:15+00:00\",\"breadcrumb\":{\"@id\":\"https:\\\/\\\/blogdofarnesio.com.br\\\/2012\\\/09\\\/parque-da-integracao-recebe-plantio-de-especies-nativas\\\/#breadcrumb\"},\"inLanguage\":\"pt-BR\",\"potentialAction\":[{\"@type\":\"ReadAction\",\"target\":[\"https:\\\/\\\/blogdofarnesio.com.br\\\/2012\\\/09\\\/parque-da-integracao-recebe-plantio-de-especies-nativas\\\/\"]}]},{\"@type\":\"ImageObject\",\"inLanguage\":\"pt-BR\",\"@id\":\"https:\\\/\\\/blogdofarnesio.com.br\\\/2012\\\/09\\\/parque-da-integracao-recebe-plantio-de-especies-nativas\\\/#primaryimage\",\"url\":\"http:\\\/\\\/www.quersaberpolitica.com.br\\\/2016\\\/wp-content\\\/uploads\\\/2012\\\/12\\\/blogqspjuliolossioparquedeventos.jpg\",\"contentUrl\":\"http:\\\/\\\/www.quersaberpolitica.com.br\\\/2016\\\/wp-content\\\/uploads\\\/2012\\\/12\\\/blogqspjuliolossioparquedeventos.jpg\"},{\"@type\":\"BreadcrumbList\",\"@id\":\"https:\\\/\\\/blogdofarnesio.com.br\\\/2012\\\/09\\\/parque-da-integracao-recebe-plantio-de-especies-nativas\\\/#breadcrumb\",\"itemListElement\":[{\"@type\":\"ListItem\",\"position\":1,\"name\":\"In\u00edcio\",\"item\":\"https:\\\/\\\/blogdofarnesio.com.br\\\/\"},{\"@type\":\"ListItem\",\"position\":2,\"name\":\"Parque da Integra\u00e7\u00e3o recebe plantio de esp\u00e9cies nativas\"}]},{\"@type\":\"WebSite\",\"@id\":\"https:\\\/\\\/blogdofarnesio.com.br\\\/#website\",\"url\":\"https:\\\/\\\/blogdofarnesio.com.br\\\/\",\"name\":\"Blog do Farn\u00e9sio\",\"description\":\"Quer Saber Pol\u00edtica?\",\"publisher\":{\"@id\":\"https:\\\/\\\/blogdofarnesio.com.br\\\/#organization\"},\"potentialAction\":[{\"@type\":\"SearchAction\",\"target\":{\"@type\":\"EntryPoint\",\"urlTemplate\":\"https:\\\/\\\/blogdofarnesio.com.br\\\/?s={search_term_string}\"},\"query-input\":{\"@type\":\"PropertyValueSpecification\",\"valueRequired\":true,\"valueName\":\"search_term_string\"}}],\"inLanguage\":\"pt-BR\"},{\"@type\":\"Organization\",\"@id\":\"https:\\\/\\\/blogdofarnesio.com.br\\\/#organization\",\"name\":\"Blog do Farn\u00e9sio\",\"url\":\"https:\\\/\\\/blogdofarnesio.com.br\\\/\",\"logo\":{\"@type\":\"ImageObject\",\"inLanguage\":\"pt-BR\",\"@id\":\"https:\\\/\\\/blogdofarnesio.com.br\\\/#\\\/schema\\\/logo\\\/image\\\/\",\"url\":\"https:\\\/\\\/blogdofarnesio.com.br\\\/wp-content\\\/uploads\\\/2026\\\/03\\\/cropped-logo_new-1.png\",\"contentUrl\":\"https:\\\/\\\/blogdofarnesio.com.br\\\/wp-content\\\/uploads\\\/2026\\\/03\\\/cropped-logo_new-1.png\",\"width\":881,\"height\":685,\"caption\":\"Blog do Farn\u00e9sio\"},\"image\":{\"@id\":\"https:\\\/\\\/blogdofarnesio.com.br\\\/#\\\/schema\\\/logo\\\/image\\\/\"},\"sameAs\":[\"https:\\\/\\\/www.facebook.com\\\/BlogQuerSaberPolitica\\\/\"]}]}<\/script>\n<!-- \/ Yoast SEO plugin. -->","yoast_head_json":{"title":"Parque da Integra\u00e7\u00e3o recebe plantio de esp\u00e9cies nativas  - Blog do Farn\u00e9sio","robots":{"index":"index","follow":"follow","max-snippet":"max-snippet:-1","max-image-preview":"max-image-preview:large","max-video-preview":"max-video-preview:-1"},"canonical":"https:\/\/blogdofarnesio.com.br\/2012\/09\/parque-da-integracao-recebe-plantio-de-especies-nativas\/","og_locale":"pt_BR","og_type":"article","og_title":"Parque da Integra\u00e7\u00e3o recebe plantio de esp\u00e9cies nativas  - Blog do Farn\u00e9sio","og_description":"&nbsp; Na manh&atilde; desta ter&ccedil;a-feira (11), profissionais da Ag&ecirc;ncia Municipal de Meio Ambiente (AMMA) iniciaram, junto a equipe respons&aacute;vel pela obra do Parque da Integra&ccedil;&atilde;o, o plantio de esp&eacute;cies nativas nos canteiros. O trabalho, que far&aacute; a liga&ccedil;&atilde;o entre diversos bairros do munic&iacute;pio com equipamentos de lazer e esporte, iniciou pela comunidade do Antonio Cassimiro, onde ainda nesta semana ser&atilde;o iniciadas as obras do Clube do Bairro. A obra, realizada pela Prefeitura Municipal de Petrolina atrav&eacute;s da Secretaria de Infraestrutura, vai beneficiar as comunidades por onde passar com pista para caminhada, academia da sa&uacute;de, pra&ccedil;as, campo de areia; entre outros equipamentos analisando a necessidade de cada bairro. A primeira etapa da obra atende cerca de 6.400m&sup2;. Segundo o secret&aacute;rio de&hellip;","og_url":"https:\/\/blogdofarnesio.com.br\/2012\/09\/parque-da-integracao-recebe-plantio-de-especies-nativas\/","og_site_name":"Blog do Farn\u00e9sio","article_publisher":"https:\/\/www.facebook.com\/BlogQuerSaberPolitica\/","article_published_time":"2012-09-12T16:30:15+00:00","og_image":[{"url":"http:\/\/www.quersaberpolitica.com.br\/2016\/wp-content\/uploads\/2012\/12\/blogqspjuliolossioparquedeventos.jpg","type":"","width":"","height":""}],"twitter_card":"summary_large_image","twitter_misc":{"Est. tempo de leitura":"1 minuto"},"schema":{"@context":"https:\/\/schema.org","@graph":[{"@type":"Article","@id":"https:\/\/blogdofarnesio.com.br\/2012\/09\/parque-da-integracao-recebe-plantio-de-especies-nativas\/#article","isPartOf":{"@id":"https:\/\/blogdofarnesio.com.br\/2012\/09\/parque-da-integracao-recebe-plantio-de-especies-nativas\/"},"author":{"name":"","@id":""},"headline":"Parque da Integra\u00e7\u00e3o recebe plantio de esp\u00e9cies nativas","datePublished":"2012-09-12T16:30:15+00:00","mainEntityOfPage":{"@id":"https:\/\/blogdofarnesio.com.br\/2012\/09\/parque-da-integracao-recebe-plantio-de-especies-nativas\/"},"wordCount":273,"commentCount":0,"publisher":{"@id":"https:\/\/blogdofarnesio.com.br\/#organization"},"image":{"@id":"https:\/\/blogdofarnesio.com.br\/2012\/09\/parque-da-integracao-recebe-plantio-de-especies-nativas\/#primaryimage"},"thumbnailUrl":"http:\/\/www.quersaberpolitica.com.br\/2016\/wp-content\/uploads\/2012\/12\/blogqspjuliolossioparquedeventos.jpg","articleSection":["Fruticultura"],"inLanguage":"pt-BR","potentialAction":[{"@type":"CommentAction","name":"Comment","target":["https:\/\/blogdofarnesio.com.br\/2012\/09\/parque-da-integracao-recebe-plantio-de-especies-nativas\/#respond"]}]},{"@type":"WebPage","@id":"https:\/\/blogdofarnesio.com.br\/2012\/09\/parque-da-integracao-recebe-plantio-de-especies-nativas\/","url":"https:\/\/blogdofarnesio.com.br\/2012\/09\/parque-da-integracao-recebe-plantio-de-especies-nativas\/","name":"Parque da Integra\u00e7\u00e3o recebe plantio de esp\u00e9cies nativas - Blog do Farn\u00e9sio","isPartOf":{"@id":"https:\/\/blogdofarnesio.com.br\/#website"},"primaryImageOfPage":{"@id":"https:\/\/blogdofarnesio.com.br\/2012\/09\/parque-da-integracao-recebe-plantio-de-especies-nativas\/#primaryimage"},"image":{"@id":"https:\/\/blogdofarnesio.com.br\/2012\/09\/parque-da-integracao-recebe-plantio-de-especies-nativas\/#primaryimage"},"thumbnailUrl":"http:\/\/www.quersaberpolitica.com.br\/2016\/wp-content\/uploads\/2012\/12\/blogqspjuliolossioparquedeventos.jpg","datePublished":"2012-09-12T16:30:15+00:00","breadcrumb":{"@id":"https:\/\/blogdofarnesio.com.br\/2012\/09\/parque-da-integracao-recebe-plantio-de-especies-nativas\/#breadcrumb"},"inLanguage":"pt-BR","potentialAction":[{"@type":"ReadAction","target":["https:\/\/blogdofarnesio.com.br\/2012\/09\/parque-da-integracao-recebe-plantio-de-especies-nativas\/"]}]},{"@type":"ImageObject","inLanguage":"pt-BR","@id":"https:\/\/blogdofarnesio.com.br\/2012\/09\/parque-da-integracao-recebe-plantio-de-especies-nativas\/#primaryimage","url":"http:\/\/www.quersaberpolitica.com.br\/2016\/wp-content\/uploads\/2012\/12\/blogqspjuliolossioparquedeventos.jpg","contentUrl":"http:\/\/www.quersaberpolitica.com.br\/2016\/wp-content\/uploads\/2012\/12\/blogqspjuliolossioparquedeventos.jpg"},{"@type":"BreadcrumbList","@id":"https:\/\/blogdofarnesio.com.br\/2012\/09\/parque-da-integracao-recebe-plantio-de-especies-nativas\/#breadcrumb","itemListElement":[{"@type":"ListItem","position":1,"name":"In\u00edcio","item":"https:\/\/blogdofarnesio.com.br\/"},{"@type":"ListItem","position":2,"name":"Parque da Integra\u00e7\u00e3o recebe plantio de esp\u00e9cies nativas"}]},{"@type":"WebSite","@id":"https:\/\/blogdofarnesio.com.br\/#website","url":"https:\/\/blogdofarnesio.com.br\/","name":"Blog do Farn\u00e9sio","description":"Quer Saber Pol\u00edtica?","publisher":{"@id":"https:\/\/blogdofarnesio.com.br\/#organization"},"potentialAction":[{"@type":"SearchAction","target":{"@type":"EntryPoint","urlTemplate":"https:\/\/blogdofarnesio.com.br\/?s={search_term_string}"},"query-input":{"@type":"PropertyValueSpecification","valueRequired":true,"valueName":"search_term_string"}}],"inLanguage":"pt-BR"},{"@type":"Organization","@id":"https:\/\/blogdofarnesio.com.br\/#organization","name":"Blog do Farn\u00e9sio","url":"https:\/\/blogdofarnesio.com.br\/","logo":{"@type":"ImageObject","inLanguage":"pt-BR","@id":"https:\/\/blogdofarnesio.com.br\/#\/schema\/logo\/image\/","url":"https:\/\/blogdofarnesio.com.br\/wp-content\/uploads\/2026\/03\/cropped-logo_new-1.png","contentUrl":"https:\/\/blogdofarnesio.com.br\/wp-content\/uploads\/2026\/03\/cropped-logo_new-1.png","width":881,"height":685,"caption":"Blog do Farn\u00e9sio"},"image":{"@id":"https:\/\/blogdofarnesio.com.br\/#\/schema\/logo\/image\/"},"sameAs":["https:\/\/www.facebook.com\/BlogQuerSaberPolitica\/"]}]}},"_links":{"self":[{"href":"https:\/\/blogdofarnesio.com.br\/wp-json\/wp\/v2\/posts\/17305","targetHints":{"allow":["GET"]}}],"collection":[{"href":"https:\/\/blogdofarnesio.com.br\/wp-json\/wp\/v2\/posts"}],"about":[{"href":"https:\/\/blogdofarnesio.com.br\/wp-json\/wp\/v2\/types\/post"}],"replies":[{"embeddable":true,"href":"https:\/\/blogdofarnesio.com.br\/wp-json\/wp\/v2\/comments?post=17305"}],"version-history":[{"count":0,"href":"https:\/\/blogdofarnesio.com.br\/wp-json\/wp\/v2\/posts\/17305\/revisions"}],"wp:attachment":[{"href":"https:\/\/blogdofarnesio.com.br\/wp-json\/wp\/v2\/media?parent=17305"}],"wp:term":[{"taxonomy":"category","embeddable":true,"href":"https:\/\/blogdofarnesio.com.br\/wp-json\/wp\/v2\/categories?post=17305"},{"taxonomy":"post_tag","embeddable":true,"href":"https:\/\/blogdofarnesio.com.br\/wp-json\/wp\/v2\/tags?post=17305"}],"curies":[{"name":"wp","href":"https:\/\/api.w.org\/{rel}","templated":true}]}}