{"id":172495,"date":"2017-07-27T07:22:10","date_gmt":"2017-07-27T10:22:10","guid":{"rendered":"http:\/\/quersaberpolitica.com.br\/2016\/?p=172495"},"modified":"2017-07-26T17:14:48","modified_gmt":"2017-07-26T20:14:48","slug":"petrolina-sedia-evento-internacional-de-odontologia-a-partir-de-hoje-27","status":"publish","type":"post","link":"https:\/\/blogdofarnesio.com.br\/?p=172495","title":{"rendered":"PETROLINA SEDIA EVENTO INTERNACIONAL DE ODONTOLOGIA A PARTIR DE HOJE (27)"},"content":{"rendered":"<div id=\"container_clear\"><\/div>\n<p>Come\u00e7ou ontem (26), no Hotel Nobile Del Rio (antigo Quality Hotel), em Petrolina, o 18\u00ba Congresso de Odontologia do Vale do S\u00e3o Francisco e 3\u00ba Congresso Internacional. O evento, que tem como tema \u2018Odontologia de Alta Performance: Tecnologia e Est\u00e9tica Integradas\u2019, ser\u00e1 aberto \u00e0s 20h com a presen\u00e7a de autoridades municipais, profissionais de relev\u00e2ncia nacional e internacional, al\u00e9m de cirurgi\u00f5es dentistas, estudantes e auxiliares de sa\u00fade bucal.<\/p>\n<p>A programa\u00e7\u00e3o cient\u00edfica do encontro, promovido pela Associa\u00e7\u00e3o Brasileira de Odontologia (ABO) \u2013 Regional Petrolina, come\u00e7a hoje (27), \u00e0s 8h30, com o tema \u2018Integra\u00e7\u00e3o em Est\u00e9tica: Cirurgia Periodontal e Lentes de Contato\u2019, que ser\u00e1 apresentado pelos professores pernambucanos Renato Vasconcelos e Carlos Eduardo Vieira.<\/p>\n<p>No turno da tarde ser\u00e1 a vez da professora paulista, Juliana Ramacciato, ministrar dois cursos. Das 14h30 \u00e0s 16h30, o tema ser\u00e1 \u2018Terap\u00eautica Medicamentosa em Odontologia\u2019 e, das 16h30 \u00e0s 18h30, o curso \u2018Emerg\u00eancias m\u00e9dicas na pr\u00e1tica odontol\u00f3gica\u2019. Ainda na tarde da quinta-feira os participantes poder\u00e3o fazer o curso \u2018Exodontia, Implante Imediato com Provisionaliza\u00e7\u00e3o utilizando biomateriais\u2019, ministrado pelo professor baiano, Ronaldo Fonseca, entre \u00e0s 16h30 e 18h30.<\/p>\n<p>No segundo dia, a abertura dos trabalhos fica \u00e0 cargo do professor paulista, M\u00e1rio Zuolo, que ministra de 8h30 \u00e0s 12h30 o curso \u2018Endodontia\u2019. Na sala ao lado, os participantes podem conferir no mesmo hor\u00e1rio o assunto \u2018Desmistificando a rela\u00e7\u00e3o: Ortodontia\/Atm\/Ortogn\u00e1tica\u2019 sob a coordena\u00e7\u00e3o dos professores paulistas Jo\u00e3o Roberto Gon\u00e7alves, Daniel Cassano e Luiz Gandini Jr.<\/p>\n<p>Na tarde da sexta-feira o tema em foco ser\u00e1 \u2018Manejo Tecidual em \u00c1reas Est\u00e9ticas\u2019 sob o ponto de vista periodontal e periimplantar. O curso vai de 14h30 \u00e0s 18h30 e ser\u00e1 apresentado pelo tamb\u00e9m professor paulista Marcelo Nunes.<\/p>\n<p>No s\u00e1bado e \u00faltimo dia do encontro, o professor paulista Ricardo Amore vai ministrar, a partir das 8h30, o curso \u2018Restaura\u00e7\u00e3o de dentes posteriores com resinas compostas\u2019. No turno da tarde, os participantes poder\u00e3o conferir com o professor peruano, Rony Hidalgo, o tema \u2018Desenho Personalizado do Sorriso e Laminados Diretos com Resinas Compostas\u2019.<\/p>\n<p>Ainda no s\u00e1bado ser\u00e3o oferecidos mais tr\u00eas cursos. Das 8h30 \u00e0s 12h, as recepcionistas ASBs e TSBs poder\u00e3o escolher entre os temas \u2018Comunica\u00e7\u00e3o no Trabalho\u2019 \u2013 ministrado pela jornalista pernambucana, Isabella Ornelas, e \u2018Como lidar com pessoas dif\u00edceis\u2019, que ser\u00e1 apresentado pelas psic\u00f3logas pernambucanas Melina Pereira e Grecia Nonato. E das 13h30 \u00e0s 17h os prot\u00e9ticos poder\u00e3o fazer o curso \u2018Solu\u00e7\u00f5es em Sistemas Cer\u00e2micos: Ceramco 3\u2019, com D\u00e1rio Nunes, do Rio Grande do Norte.<\/p>\n<p>As inscri\u00e7\u00f5es podem ser feitas atrav\u00e9s do telefone: (87) 3864-3295\/ 9.8812-5139 ou pelo email:\u00a0<a href=\"mailto:contato@abodepetrolina.org.br\">contato@abodepetrolina.org.br<\/a>. Mais informa\u00e7\u00f5es, acesse o site:\u00a0<a href=\"http:\/\/www.abodepetrolina.org.br\/\">www.abodepetrolina.org.br<\/a>.<\/p>\n","protected":false},"excerpt":{"rendered":"<p>Come\u00e7ou ontem (26), no Hotel Nobile Del Rio (antigo Quality Hotel), em Petrolina, o 18\u00ba Congresso de Odontologia do Vale do S\u00e3o Francisco e 3\u00ba Congresso Internacional. O evento, que tem como tema \u2018Odontologia de Alta Performance: Tecnologia e Est\u00e9tica Integradas\u2019, ser\u00e1 aberto \u00e0s 20h com a presen\u00e7a de autoridades municipais, profissionais de relev\u00e2ncia nacional e internacional, al\u00e9m de cirurgi\u00f5es dentistas, estudantes e auxiliares de sa\u00fade bucal. A programa\u00e7\u00e3o cient\u00edfica do encontro, promovido pela Associa\u00e7\u00e3o Brasileira de Odontologia (ABO) \u2013 Regional Petrolina, come\u00e7a hoje (27), \u00e0s 8h30, com o tema \u2018Integra\u00e7\u00e3o em Est\u00e9tica: Cirurgia Periodontal e Lentes de Contato\u2019, que ser\u00e1 apresentado pelos professores pernambucanos Renato Vasconcelos e Carlos Eduardo Vieira. No turno da tarde ser\u00e1 a vez da professora&hellip; <\/p>\n","protected":false},"author":1,"featured_media":166111,"comment_status":"open","ping_status":"open","sticky":false,"template":"","format":"standard","meta":{"_acf_changed":false,"footnotes":""},"categories":[51,4],"tags":[],"class_list":["post-172495","post","type-post","status-publish","format-standard","has-post-thumbnail","hentry","category-pesquisa","category-saude"],"acf":[],"yoast_head":"<!-- This site is optimized with the Yoast SEO plugin v27.4 - https:\/\/yoast.com\/product\/yoast-seo-wordpress\/ -->\n<title>PETROLINA SEDIA EVENTO INTERNACIONAL DE ODONTOLOGIA A PARTIR DE HOJE (27) - Blog do Farn\u00e9sio<\/title>\n<meta name=\"robots\" content=\"index, follow, max-snippet:-1, max-image-preview:large, max-video-preview:-1\" \/>\n<link rel=\"canonical\" href=\"https:\/\/blogdofarnesio.com.br\/?p=172495\" \/>\n<meta property=\"og:locale\" content=\"pt_BR\" \/>\n<meta property=\"og:type\" content=\"article\" \/>\n<meta property=\"og:title\" content=\"PETROLINA SEDIA EVENTO INTERNACIONAL DE ODONTOLOGIA A PARTIR DE HOJE (27) - Blog do Farn\u00e9sio\" \/>\n<meta property=\"og:description\" content=\"Come\u00e7ou ontem (26), no Hotel Nobile Del Rio (antigo Quality Hotel), em Petrolina, o 18\u00ba Congresso de Odontologia do Vale do S\u00e3o Francisco e 3\u00ba Congresso Internacional. O evento, que tem como tema \u2018Odontologia de Alta Performance: Tecnologia e Est\u00e9tica Integradas\u2019, ser\u00e1 aberto \u00e0s 20h com a presen\u00e7a de autoridades municipais, profissionais de relev\u00e2ncia nacional e internacional, al\u00e9m de cirurgi\u00f5es dentistas, estudantes e auxiliares de sa\u00fade bucal. A programa\u00e7\u00e3o cient\u00edfica do encontro, promovido pela Associa\u00e7\u00e3o Brasileira de Odontologia (ABO) \u2013 Regional Petrolina, come\u00e7a hoje (27), \u00e0s 8h30, com o tema \u2018Integra\u00e7\u00e3o em Est\u00e9tica: Cirurgia Periodontal e Lentes de Contato\u2019, que ser\u00e1 apresentado pelos professores pernambucanos Renato Vasconcelos e Carlos Eduardo Vieira. No turno da tarde ser\u00e1 a vez da professora&hellip;\" \/>\n<meta property=\"og:url\" content=\"https:\/\/blogdofarnesio.com.br\/?p=172495\" \/>\n<meta property=\"og:site_name\" content=\"Blog do Farn\u00e9sio\" \/>\n<meta property=\"article:publisher\" content=\"https:\/\/www.facebook.com\/BlogQuerSaberPolitica\/\" \/>\n<meta property=\"article:published_time\" content=\"2017-07-27T10:22:10+00:00\" \/>\n<meta property=\"og:image\" content=\"https:\/\/blogdofarnesio.com.br\/wp-content\/uploads\/2017\/05\/blogqspdentista.jpg\" \/>\n\t<meta property=\"og:image:width\" content=\"640\" \/>\n\t<meta property=\"og:image:height\" content=\"427\" \/>\n\t<meta property=\"og:image:type\" content=\"image\/jpeg\" \/>\n<meta name=\"author\" content=\"Farn\u00e9sio\" \/>\n<meta name=\"twitter:card\" content=\"summary_large_image\" \/>\n<meta name=\"twitter:label1\" content=\"Escrito por\" \/>\n\t<meta name=\"twitter:data1\" content=\"Farn\u00e9sio\" \/>\n\t<meta name=\"twitter:label2\" content=\"Est. tempo de leitura\" \/>\n\t<meta name=\"twitter:data2\" content=\"2 minutos\" \/>\n<script type=\"application\/ld+json\" class=\"yoast-schema-graph\">{\"@context\":\"https:\\\/\\\/schema.org\",\"@graph\":[{\"@type\":\"Article\",\"@id\":\"https:\\\/\\\/blogdofarnesio.com.br\\\/?p=172495#article\",\"isPartOf\":{\"@id\":\"https:\\\/\\\/blogdofarnesio.com.br\\\/?p=172495\"},\"author\":{\"name\":\"Farn\u00e9sio\",\"@id\":\"https:\\\/\\\/blogdofarnesio.com.br\\\/#\\\/schema\\\/person\\\/301c4acf522bccbfdb45af95b5b906a1\"},\"headline\":\"PETROLINA SEDIA EVENTO INTERNACIONAL DE ODONTOLOGIA A PARTIR DE HOJE (27)\",\"datePublished\":\"2017-07-27T10:22:10+00:00\",\"mainEntityOfPage\":{\"@id\":\"https:\\\/\\\/blogdofarnesio.com.br\\\/?p=172495\"},\"wordCount\":477,\"commentCount\":0,\"publisher\":{\"@id\":\"https:\\\/\\\/blogdofarnesio.com.br\\\/#organization\"},\"image\":{\"@id\":\"https:\\\/\\\/blogdofarnesio.com.br\\\/?p=172495#primaryimage\"},\"thumbnailUrl\":\"https:\\\/\\\/blogdofarnesio.com.br\\\/wp-content\\\/uploads\\\/2017\\\/05\\\/blogqspdentista.jpg\",\"articleSection\":[\"Pesquisa\",\"Sa\u00fade\"],\"inLanguage\":\"pt-BR\",\"potentialAction\":[{\"@type\":\"CommentAction\",\"name\":\"Comment\",\"target\":[\"https:\\\/\\\/blogdofarnesio.com.br\\\/?p=172495#respond\"]}]},{\"@type\":\"WebPage\",\"@id\":\"https:\\\/\\\/blogdofarnesio.com.br\\\/?p=172495\",\"url\":\"https:\\\/\\\/blogdofarnesio.com.br\\\/?p=172495\",\"name\":\"PETROLINA SEDIA EVENTO INTERNACIONAL DE ODONTOLOGIA A PARTIR DE HOJE (27) - Blog do Farn\u00e9sio\",\"isPartOf\":{\"@id\":\"https:\\\/\\\/blogdofarnesio.com.br\\\/#website\"},\"primaryImageOfPage\":{\"@id\":\"https:\\\/\\\/blogdofarnesio.com.br\\\/?p=172495#primaryimage\"},\"image\":{\"@id\":\"https:\\\/\\\/blogdofarnesio.com.br\\\/?p=172495#primaryimage\"},\"thumbnailUrl\":\"https:\\\/\\\/blogdofarnesio.com.br\\\/wp-content\\\/uploads\\\/2017\\\/05\\\/blogqspdentista.jpg\",\"datePublished\":\"2017-07-27T10:22:10+00:00\",\"breadcrumb\":{\"@id\":\"https:\\\/\\\/blogdofarnesio.com.br\\\/?p=172495#breadcrumb\"},\"inLanguage\":\"pt-BR\",\"potentialAction\":[{\"@type\":\"ReadAction\",\"target\":[\"https:\\\/\\\/blogdofarnesio.com.br\\\/?p=172495\"]}]},{\"@type\":\"ImageObject\",\"inLanguage\":\"pt-BR\",\"@id\":\"https:\\\/\\\/blogdofarnesio.com.br\\\/?p=172495#primaryimage\",\"url\":\"https:\\\/\\\/blogdofarnesio.com.br\\\/wp-content\\\/uploads\\\/2017\\\/05\\\/blogqspdentista.jpg\",\"contentUrl\":\"https:\\\/\\\/blogdofarnesio.com.br\\\/wp-content\\\/uploads\\\/2017\\\/05\\\/blogqspdentista.jpg\",\"width\":640,\"height\":427},{\"@type\":\"BreadcrumbList\",\"@id\":\"https:\\\/\\\/blogdofarnesio.com.br\\\/?p=172495#breadcrumb\",\"itemListElement\":[{\"@type\":\"ListItem\",\"position\":1,\"name\":\"In\u00edcio\",\"item\":\"https:\\\/\\\/blogdofarnesio.com.br\\\/\"},{\"@type\":\"ListItem\",\"position\":2,\"name\":\"PETROLINA SEDIA EVENTO INTERNACIONAL DE ODONTOLOGIA A PARTIR DE HOJE (27)\"}]},{\"@type\":\"WebSite\",\"@id\":\"https:\\\/\\\/blogdofarnesio.com.br\\\/#website\",\"url\":\"https:\\\/\\\/blogdofarnesio.com.br\\\/\",\"name\":\"Blog do Farn\u00e9sio\",\"description\":\"Quer Saber Pol\u00edtica?\",\"publisher\":{\"@id\":\"https:\\\/\\\/blogdofarnesio.com.br\\\/#organization\"},\"potentialAction\":[{\"@type\":\"SearchAction\",\"target\":{\"@type\":\"EntryPoint\",\"urlTemplate\":\"https:\\\/\\\/blogdofarnesio.com.br\\\/?s={search_term_string}\"},\"query-input\":{\"@type\":\"PropertyValueSpecification\",\"valueRequired\":true,\"valueName\":\"search_term_string\"}}],\"inLanguage\":\"pt-BR\"},{\"@type\":\"Organization\",\"@id\":\"https:\\\/\\\/blogdofarnesio.com.br\\\/#organization\",\"name\":\"Blog do Farn\u00e9sio\",\"url\":\"https:\\\/\\\/blogdofarnesio.com.br\\\/\",\"logo\":{\"@type\":\"ImageObject\",\"inLanguage\":\"pt-BR\",\"@id\":\"https:\\\/\\\/blogdofarnesio.com.br\\\/#\\\/schema\\\/logo\\\/image\\\/\",\"url\":\"https:\\\/\\\/blogdofarnesio.com.br\\\/wp-content\\\/uploads\\\/2026\\\/03\\\/cropped-logo_new-1.png\",\"contentUrl\":\"https:\\\/\\\/blogdofarnesio.com.br\\\/wp-content\\\/uploads\\\/2026\\\/03\\\/cropped-logo_new-1.png\",\"width\":881,\"height\":685,\"caption\":\"Blog do Farn\u00e9sio\"},\"image\":{\"@id\":\"https:\\\/\\\/blogdofarnesio.com.br\\\/#\\\/schema\\\/logo\\\/image\\\/\"},\"sameAs\":[\"https:\\\/\\\/www.facebook.com\\\/BlogQuerSaberPolitica\\\/\"]},{\"@type\":\"Person\",\"@id\":\"https:\\\/\\\/blogdofarnesio.com.br\\\/#\\\/schema\\\/person\\\/301c4acf522bccbfdb45af95b5b906a1\",\"name\":\"Farn\u00e9sio\",\"image\":{\"@type\":\"ImageObject\",\"inLanguage\":\"pt-BR\",\"@id\":\"https:\\\/\\\/secure.gravatar.com\\\/avatar\\\/df0c9a14567c056f8ad6876ba5bbd1e3e2c48023eb6807342fc4663adf549f38?s=96&d=mm&r=g\",\"url\":\"https:\\\/\\\/secure.gravatar.com\\\/avatar\\\/df0c9a14567c056f8ad6876ba5bbd1e3e2c48023eb6807342fc4663adf549f38?s=96&d=mm&r=g\",\"contentUrl\":\"https:\\\/\\\/secure.gravatar.com\\\/avatar\\\/df0c9a14567c056f8ad6876ba5bbd1e3e2c48023eb6807342fc4663adf549f38?s=96&d=mm&r=g\",\"caption\":\"Farn\u00e9sio\"},\"sameAs\":[\"https:\\\/\\\/quersaberpolitica.com.br\"],\"url\":\"https:\\\/\\\/blogdofarnesio.com.br\\\/?author=1\"}]}<\/script>\n<!-- \/ Yoast SEO plugin. -->","yoast_head_json":{"title":"PETROLINA SEDIA EVENTO INTERNACIONAL DE ODONTOLOGIA A PARTIR DE HOJE (27) - Blog do Farn\u00e9sio","robots":{"index":"index","follow":"follow","max-snippet":"max-snippet:-1","max-image-preview":"max-image-preview:large","max-video-preview":"max-video-preview:-1"},"canonical":"https:\/\/blogdofarnesio.com.br\/?p=172495","og_locale":"pt_BR","og_type":"article","og_title":"PETROLINA SEDIA EVENTO INTERNACIONAL DE ODONTOLOGIA A PARTIR DE HOJE (27) - Blog do Farn\u00e9sio","og_description":"Come\u00e7ou ontem (26), no Hotel Nobile Del Rio (antigo Quality Hotel), em Petrolina, o 18\u00ba Congresso de Odontologia do Vale do S\u00e3o Francisco e 3\u00ba Congresso Internacional. O evento, que tem como tema \u2018Odontologia de Alta Performance: Tecnologia e Est\u00e9tica Integradas\u2019, ser\u00e1 aberto \u00e0s 20h com a presen\u00e7a de autoridades municipais, profissionais de relev\u00e2ncia nacional e internacional, al\u00e9m de cirurgi\u00f5es dentistas, estudantes e auxiliares de sa\u00fade bucal. A programa\u00e7\u00e3o cient\u00edfica do encontro, promovido pela Associa\u00e7\u00e3o Brasileira de Odontologia (ABO) \u2013 Regional Petrolina, come\u00e7a hoje (27), \u00e0s 8h30, com o tema \u2018Integra\u00e7\u00e3o em Est\u00e9tica: Cirurgia Periodontal e Lentes de Contato\u2019, que ser\u00e1 apresentado pelos professores pernambucanos Renato Vasconcelos e Carlos Eduardo Vieira. No turno da tarde ser\u00e1 a vez da professora&hellip;","og_url":"https:\/\/blogdofarnesio.com.br\/?p=172495","og_site_name":"Blog do Farn\u00e9sio","article_publisher":"https:\/\/www.facebook.com\/BlogQuerSaberPolitica\/","article_published_time":"2017-07-27T10:22:10+00:00","og_image":[{"width":640,"height":427,"url":"https:\/\/blogdofarnesio.com.br\/wp-content\/uploads\/2017\/05\/blogqspdentista.jpg","type":"image\/jpeg"}],"author":"Farn\u00e9sio","twitter_card":"summary_large_image","twitter_misc":{"Escrito por":"Farn\u00e9sio","Est. tempo de leitura":"2 minutos"},"schema":{"@context":"https:\/\/schema.org","@graph":[{"@type":"Article","@id":"https:\/\/blogdofarnesio.com.br\/?p=172495#article","isPartOf":{"@id":"https:\/\/blogdofarnesio.com.br\/?p=172495"},"author":{"name":"Farn\u00e9sio","@id":"https:\/\/blogdofarnesio.com.br\/#\/schema\/person\/301c4acf522bccbfdb45af95b5b906a1"},"headline":"PETROLINA SEDIA EVENTO INTERNACIONAL DE ODONTOLOGIA A PARTIR DE HOJE (27)","datePublished":"2017-07-27T10:22:10+00:00","mainEntityOfPage":{"@id":"https:\/\/blogdofarnesio.com.br\/?p=172495"},"wordCount":477,"commentCount":0,"publisher":{"@id":"https:\/\/blogdofarnesio.com.br\/#organization"},"image":{"@id":"https:\/\/blogdofarnesio.com.br\/?p=172495#primaryimage"},"thumbnailUrl":"https:\/\/blogdofarnesio.com.br\/wp-content\/uploads\/2017\/05\/blogqspdentista.jpg","articleSection":["Pesquisa","Sa\u00fade"],"inLanguage":"pt-BR","potentialAction":[{"@type":"CommentAction","name":"Comment","target":["https:\/\/blogdofarnesio.com.br\/?p=172495#respond"]}]},{"@type":"WebPage","@id":"https:\/\/blogdofarnesio.com.br\/?p=172495","url":"https:\/\/blogdofarnesio.com.br\/?p=172495","name":"PETROLINA SEDIA EVENTO INTERNACIONAL DE ODONTOLOGIA A PARTIR DE HOJE (27) - Blog do Farn\u00e9sio","isPartOf":{"@id":"https:\/\/blogdofarnesio.com.br\/#website"},"primaryImageOfPage":{"@id":"https:\/\/blogdofarnesio.com.br\/?p=172495#primaryimage"},"image":{"@id":"https:\/\/blogdofarnesio.com.br\/?p=172495#primaryimage"},"thumbnailUrl":"https:\/\/blogdofarnesio.com.br\/wp-content\/uploads\/2017\/05\/blogqspdentista.jpg","datePublished":"2017-07-27T10:22:10+00:00","breadcrumb":{"@id":"https:\/\/blogdofarnesio.com.br\/?p=172495#breadcrumb"},"inLanguage":"pt-BR","potentialAction":[{"@type":"ReadAction","target":["https:\/\/blogdofarnesio.com.br\/?p=172495"]}]},{"@type":"ImageObject","inLanguage":"pt-BR","@id":"https:\/\/blogdofarnesio.com.br\/?p=172495#primaryimage","url":"https:\/\/blogdofarnesio.com.br\/wp-content\/uploads\/2017\/05\/blogqspdentista.jpg","contentUrl":"https:\/\/blogdofarnesio.com.br\/wp-content\/uploads\/2017\/05\/blogqspdentista.jpg","width":640,"height":427},{"@type":"BreadcrumbList","@id":"https:\/\/blogdofarnesio.com.br\/?p=172495#breadcrumb","itemListElement":[{"@type":"ListItem","position":1,"name":"In\u00edcio","item":"https:\/\/blogdofarnesio.com.br\/"},{"@type":"ListItem","position":2,"name":"PETROLINA SEDIA EVENTO INTERNACIONAL DE ODONTOLOGIA A PARTIR DE HOJE (27)"}]},{"@type":"WebSite","@id":"https:\/\/blogdofarnesio.com.br\/#website","url":"https:\/\/blogdofarnesio.com.br\/","name":"Blog do Farn\u00e9sio","description":"Quer Saber Pol\u00edtica?","publisher":{"@id":"https:\/\/blogdofarnesio.com.br\/#organization"},"potentialAction":[{"@type":"SearchAction","target":{"@type":"EntryPoint","urlTemplate":"https:\/\/blogdofarnesio.com.br\/?s={search_term_string}"},"query-input":{"@type":"PropertyValueSpecification","valueRequired":true,"valueName":"search_term_string"}}],"inLanguage":"pt-BR"},{"@type":"Organization","@id":"https:\/\/blogdofarnesio.com.br\/#organization","name":"Blog do Farn\u00e9sio","url":"https:\/\/blogdofarnesio.com.br\/","logo":{"@type":"ImageObject","inLanguage":"pt-BR","@id":"https:\/\/blogdofarnesio.com.br\/#\/schema\/logo\/image\/","url":"https:\/\/blogdofarnesio.com.br\/wp-content\/uploads\/2026\/03\/cropped-logo_new-1.png","contentUrl":"https:\/\/blogdofarnesio.com.br\/wp-content\/uploads\/2026\/03\/cropped-logo_new-1.png","width":881,"height":685,"caption":"Blog do Farn\u00e9sio"},"image":{"@id":"https:\/\/blogdofarnesio.com.br\/#\/schema\/logo\/image\/"},"sameAs":["https:\/\/www.facebook.com\/BlogQuerSaberPolitica\/"]},{"@type":"Person","@id":"https:\/\/blogdofarnesio.com.br\/#\/schema\/person\/301c4acf522bccbfdb45af95b5b906a1","name":"Farn\u00e9sio","image":{"@type":"ImageObject","inLanguage":"pt-BR","@id":"https:\/\/secure.gravatar.com\/avatar\/df0c9a14567c056f8ad6876ba5bbd1e3e2c48023eb6807342fc4663adf549f38?s=96&d=mm&r=g","url":"https:\/\/secure.gravatar.com\/avatar\/df0c9a14567c056f8ad6876ba5bbd1e3e2c48023eb6807342fc4663adf549f38?s=96&d=mm&r=g","contentUrl":"https:\/\/secure.gravatar.com\/avatar\/df0c9a14567c056f8ad6876ba5bbd1e3e2c48023eb6807342fc4663adf549f38?s=96&d=mm&r=g","caption":"Farn\u00e9sio"},"sameAs":["https:\/\/quersaberpolitica.com.br"],"url":"https:\/\/blogdofarnesio.com.br\/?author=1"}]}},"_links":{"self":[{"href":"https:\/\/blogdofarnesio.com.br\/index.php?rest_route=\/wp\/v2\/posts\/172495","targetHints":{"allow":["GET"]}}],"collection":[{"href":"https:\/\/blogdofarnesio.com.br\/index.php?rest_route=\/wp\/v2\/posts"}],"about":[{"href":"https:\/\/blogdofarnesio.com.br\/index.php?rest_route=\/wp\/v2\/types\/post"}],"author":[{"embeddable":true,"href":"https:\/\/blogdofarnesio.com.br\/index.php?rest_route=\/wp\/v2\/users\/1"}],"replies":[{"embeddable":true,"href":"https:\/\/blogdofarnesio.com.br\/index.php?rest_route=%2Fwp%2Fv2%2Fcomments&post=172495"}],"version-history":[{"count":0,"href":"https:\/\/blogdofarnesio.com.br\/index.php?rest_route=\/wp\/v2\/posts\/172495\/revisions"}],"wp:featuredmedia":[{"embeddable":true,"href":"https:\/\/blogdofarnesio.com.br\/index.php?rest_route=\/wp\/v2\/media\/166111"}],"wp:attachment":[{"href":"https:\/\/blogdofarnesio.com.br\/index.php?rest_route=%2Fwp%2Fv2%2Fmedia&parent=172495"}],"wp:term":[{"taxonomy":"category","embeddable":true,"href":"https:\/\/blogdofarnesio.com.br\/index.php?rest_route=%2Fwp%2Fv2%2Fcategories&post=172495"},{"taxonomy":"post_tag","embeddable":true,"href":"https:\/\/blogdofarnesio.com.br\/index.php?rest_route=%2Fwp%2Fv2%2Ftags&post=172495"}],"curies":[{"name":"wp","href":"https:\/\/api.w.org\/{rel}","templated":true}]}}