{"id":171807,"date":"2017-07-18T09:00:41","date_gmt":"2017-07-18T12:00:41","guid":{"rendered":"http:\/\/quersaberpolitica.com.br\/2016\/?p=171807"},"modified":"2017-07-18T09:01:27","modified_gmt":"2017-07-18T12:01:27","slug":"reuniao-no-dnit-em-petrolina-discutiu-acoes-sbre-o-anel-viario-juazeiropetrolina","status":"publish","type":"post","link":"https:\/\/blogdofarnesio.com.br\/?p=171807","title":{"rendered":"REUNI\u00c3O NO DNIT EM PETROLINA, DISCUTIU A\u00c7\u00d5ES SBRE O ANEL VI\u00c1RIO JUAZEIRO\/PETROLINA"},"content":{"rendered":"<p style=\"text-align: justify;\">O secret\u00e1rio de Obras e Desenvolvimento Urbano (SEDUR), Anderson Alves, esteve reunido nesta segunda-feira (17) com representantes do Departamento Nacional de Infraestrutura de Transportes de Petrolina (DNIT PE), da Secretaria de Infra Estrutura, Habita\u00e7\u00e3o e Mobilidade de Petrolina (SEINFRAHM), Ag\u00eancia Municipal de Meio Ambiente de Petrolina (AMMA) e do Cons\u00f3rcio PROSUL\/APPE para discutir o Estudo de Viabilidade T\u00e9cnica, Econ\u00f4mica e Ambiental (EVTEA) do projeto do Anel Vi\u00e1rio de Juazeiro e Petrolina. A reuni\u00e3o aconteceu na unidade do DNIT Petrolina.<a href=\"http:\/\/quersaberpolitica.com.br\/2016\/wp-content\/uploads\/2017\/07\/blogqsp-Reuni\u00e3o-Anel-Vi\u00e1rio-2.jpg\"><img loading=\"lazy\" decoding=\"async\" class=\"aligncenter wp-image-171808\" src=\"http:\/\/quersaberpolitica.com.br\/2016\/wp-content\/uploads\/2017\/07\/blogqsp-Reuni\u00e3o-Anel-Vi\u00e1rio-2.jpg\" alt=\"\" width=\"485\" height=\"273\" srcset=\"https:\/\/blogdofarnesio.com.br\/wp-content\/uploads\/2017\/07\/blogqsp-Reuni\u00e3o-Anel-Vi\u00e1rio-2.jpg 640w, https:\/\/blogdofarnesio.com.br\/wp-content\/uploads\/2017\/07\/blogqsp-Reuni\u00e3o-Anel-Vi\u00e1rio-2-300x169.jpg 300w, https:\/\/blogdofarnesio.com.br\/wp-content\/uploads\/2017\/07\/blogqsp-Reuni\u00e3o-Anel-Vi\u00e1rio-2-360x203.jpg 360w\" sizes=\"auto, (max-width: 485px) 100vw, 485px\" \/><\/a>Por meio de contrato firmado com o Cons\u00f3rcio PROSUL\/APPE, o DNIT est\u00e1 elaborando o EVTEA, para algumas rodovias nordestinas, dentre as quais, os trechos entre a Bahia e Pernambuco da BR 407 e BR 428, que ser\u00e1 contemplado com o Anel Vi\u00e1rio de Juazeiro e Petrolina, que prev\u00ea uma nova ponte sobre o Rio S\u00e3o Francisco para desvio dos caminh\u00f5es de cargas das \u00e1reas urbanas das duas cidades.<\/p>\n<p style=\"text-align: justify;\">De acordo com o engenheiro do DNIT Petrolina, Leandro Teixeira, o EVTEA \u00e9 o primeiro passo para a defini\u00e7\u00e3o das interven\u00e7\u00f5es nas rodovias estudadas no projeto. \u201cA previs\u00e3o \u00e9 que o EVTEA seja conclu\u00eddo nos primeiros meses de 2018, atualmente o estudo est\u00e1 na fase de levantamento de dados ambientais e geot\u00e9cnicos\u201d, observou Teixeira.<\/p>\n<p style=\"text-align: justify;\">Para o titular da SEDUR essa \u00e9 uma obra de grande impacto para os dois munic\u00edpios mais importantes da regi\u00e3o do Vale do S\u00e3o Francisco. \u201cEssa \u00e9 uma interven\u00e7\u00e3o que vai potencializar o escoamento de produtos que circulam pelas nossas rodovias e tamb\u00e9m melhorar a fluidez do transporte p\u00fablico, vai resolver os transtornos causados pelo trafego de transporte de cargas pela \u00e1rea urbana, ocasionando congestionamentos e diversos contratempos\u201d, destacou Anderson Alves.<\/p>\n<p style=\"text-align: justify;\">O Projeto tem como objetivo dar maior fluidez ao tr\u00e2nsito de ambas \u00e0s cidades, que est\u00e3o interligadas diretamente, prev\u00ea a implanta\u00e7\u00e3o de 70 km de rodovia com duas novas pontes, ligando Juazeiro e Petrolina no valor de 800 milh\u00f5es de reais, atrav\u00e9s de uma Parceria Publica Privada (PPP) com financiamento Caixa Econ\u00f4mica Federal (CEF) e BNDES.<\/p>\n<p><strong>Por Gardennia Garibalde\/SEDUR<\/strong><\/p>\n","protected":false},"excerpt":{"rendered":"<p>O secret\u00e1rio de Obras e Desenvolvimento Urbano (SEDUR), Anderson Alves, esteve reunido nesta segunda-feira (17) com representantes do Departamento Nacional de Infraestrutura de Transportes de Petrolina (DNIT PE), da Secretaria de Infra Estrutura, Habita\u00e7\u00e3o e Mobilidade de Petrolina (SEINFRAHM), Ag\u00eancia Municipal de Meio Ambiente de Petrolina (AMMA) e do Cons\u00f3rcio PROSUL\/APPE para discutir o Estudo de Viabilidade T\u00e9cnica, Econ\u00f4mica e Ambiental (EVTEA) do projeto do Anel Vi\u00e1rio de Juazeiro e Petrolina. A reuni\u00e3o aconteceu na unidade do DNIT Petrolina.Por meio de contrato firmado com o Cons\u00f3rcio PROSUL\/APPE, o DNIT est\u00e1 elaborando o EVTEA, para algumas rodovias nordestinas, dentre as quais, os trechos entre a Bahia e Pernambuco da BR 407 e BR 428, que ser\u00e1 contemplado com o Anel Vi\u00e1rio&hellip; <\/p>\n","protected":false},"author":1,"featured_media":24419,"comment_status":"open","ping_status":"open","sticky":false,"template":"","format":"standard","meta":{"_acf_changed":false,"footnotes":""},"categories":[44,17],"tags":[],"class_list":["post-171807","post","type-post","status-publish","format-standard","has-post-thumbnail","hentry","category-administracao","category-estradas"],"acf":[],"yoast_head":"<!-- This site is optimized with the Yoast SEO plugin v27.4 - https:\/\/yoast.com\/product\/yoast-seo-wordpress\/ -->\n<title>REUNI\u00c3O NO DNIT EM PETROLINA, DISCUTIU A\u00c7\u00d5ES SBRE O ANEL VI\u00c1RIO JUAZEIRO\/PETROLINA - Blog do Farn\u00e9sio<\/title>\n<meta name=\"robots\" content=\"index, follow, max-snippet:-1, max-image-preview:large, max-video-preview:-1\" \/>\n<link rel=\"canonical\" href=\"https:\/\/blogdofarnesio.com.br\/?p=171807\" \/>\n<meta property=\"og:locale\" content=\"pt_BR\" \/>\n<meta property=\"og:type\" content=\"article\" \/>\n<meta property=\"og:title\" content=\"REUNI\u00c3O NO DNIT EM PETROLINA, DISCUTIU A\u00c7\u00d5ES SBRE O ANEL VI\u00c1RIO JUAZEIRO\/PETROLINA - Blog do Farn\u00e9sio\" \/>\n<meta property=\"og:description\" content=\"O secret\u00e1rio de Obras e Desenvolvimento Urbano (SEDUR), Anderson Alves, esteve reunido nesta segunda-feira (17) com representantes do Departamento Nacional de Infraestrutura de Transportes de Petrolina (DNIT PE), da Secretaria de Infra Estrutura, Habita\u00e7\u00e3o e Mobilidade de Petrolina (SEINFRAHM), Ag\u00eancia Municipal de Meio Ambiente de Petrolina (AMMA) e do Cons\u00f3rcio PROSUL\/APPE para discutir o Estudo de Viabilidade T\u00e9cnica, Econ\u00f4mica e Ambiental (EVTEA) do projeto do Anel Vi\u00e1rio de Juazeiro e Petrolina. A reuni\u00e3o aconteceu na unidade do DNIT Petrolina.Por meio de contrato firmado com o Cons\u00f3rcio PROSUL\/APPE, o DNIT est\u00e1 elaborando o EVTEA, para algumas rodovias nordestinas, dentre as quais, os trechos entre a Bahia e Pernambuco da BR 407 e BR 428, que ser\u00e1 contemplado com o Anel Vi\u00e1rio&hellip;\" \/>\n<meta property=\"og:url\" content=\"https:\/\/blogdofarnesio.com.br\/?p=171807\" \/>\n<meta property=\"og:site_name\" content=\"Blog do Farn\u00e9sio\" \/>\n<meta property=\"article:publisher\" content=\"https:\/\/www.facebook.com\/BlogQuerSaberPolitica\/\" \/>\n<meta property=\"article:published_time\" content=\"2017-07-18T12:00:41+00:00\" \/>\n<meta property=\"article:modified_time\" content=\"2017-07-18T12:01:27+00:00\" \/>\n<meta property=\"og:image\" content=\"https:\/\/blogdofarnesio.com.br\/wp-content\/uploads\/2013\/01\/blogqsp.anelviario.jpg\" \/>\n\t<meta property=\"og:image:width\" content=\"448\" \/>\n\t<meta property=\"og:image:height\" content=\"251\" \/>\n\t<meta property=\"og:image:type\" content=\"image\/jpeg\" \/>\n<meta name=\"author\" content=\"Farn\u00e9sio\" \/>\n<meta name=\"twitter:card\" content=\"summary_large_image\" \/>\n<meta name=\"twitter:label1\" content=\"Escrito por\" \/>\n\t<meta name=\"twitter:data1\" content=\"Farn\u00e9sio\" \/>\n\t<meta name=\"twitter:label2\" content=\"Est. tempo de leitura\" \/>\n\t<meta name=\"twitter:data2\" content=\"2 minutos\" \/>\n<script type=\"application\/ld+json\" class=\"yoast-schema-graph\">{\"@context\":\"https:\\\/\\\/schema.org\",\"@graph\":[{\"@type\":\"Article\",\"@id\":\"https:\\\/\\\/blogdofarnesio.com.br\\\/?p=171807#article\",\"isPartOf\":{\"@id\":\"https:\\\/\\\/blogdofarnesio.com.br\\\/?p=171807\"},\"author\":{\"name\":\"Farn\u00e9sio\",\"@id\":\"https:\\\/\\\/blogdofarnesio.com.br\\\/#\\\/schema\\\/person\\\/301c4acf522bccbfdb45af95b5b906a1\"},\"headline\":\"REUNI\u00c3O NO DNIT EM PETROLINA, DISCUTIU A\u00c7\u00d5ES SBRE O ANEL VI\u00c1RIO JUAZEIRO\\\/PETROLINA\",\"datePublished\":\"2017-07-18T12:00:41+00:00\",\"dateModified\":\"2017-07-18T12:01:27+00:00\",\"mainEntityOfPage\":{\"@id\":\"https:\\\/\\\/blogdofarnesio.com.br\\\/?p=171807\"},\"wordCount\":369,\"commentCount\":0,\"publisher\":{\"@id\":\"https:\\\/\\\/blogdofarnesio.com.br\\\/#organization\"},\"image\":{\"@id\":\"https:\\\/\\\/blogdofarnesio.com.br\\\/?p=171807#primaryimage\"},\"thumbnailUrl\":\"https:\\\/\\\/blogdofarnesio.com.br\\\/wp-content\\\/uploads\\\/2013\\\/01\\\/blogqsp.anelviario.jpg\",\"articleSection\":[\"Administra\u00e7\u00e3o\",\"Estradas\"],\"inLanguage\":\"pt-BR\",\"potentialAction\":[{\"@type\":\"CommentAction\",\"name\":\"Comment\",\"target\":[\"https:\\\/\\\/blogdofarnesio.com.br\\\/?p=171807#respond\"]}]},{\"@type\":\"WebPage\",\"@id\":\"https:\\\/\\\/blogdofarnesio.com.br\\\/?p=171807\",\"url\":\"https:\\\/\\\/blogdofarnesio.com.br\\\/?p=171807\",\"name\":\"REUNI\u00c3O NO DNIT EM PETROLINA, DISCUTIU A\u00c7\u00d5ES SBRE O ANEL VI\u00c1RIO JUAZEIRO\\\/PETROLINA - Blog do Farn\u00e9sio\",\"isPartOf\":{\"@id\":\"https:\\\/\\\/blogdofarnesio.com.br\\\/#website\"},\"primaryImageOfPage\":{\"@id\":\"https:\\\/\\\/blogdofarnesio.com.br\\\/?p=171807#primaryimage\"},\"image\":{\"@id\":\"https:\\\/\\\/blogdofarnesio.com.br\\\/?p=171807#primaryimage\"},\"thumbnailUrl\":\"https:\\\/\\\/blogdofarnesio.com.br\\\/wp-content\\\/uploads\\\/2013\\\/01\\\/blogqsp.anelviario.jpg\",\"datePublished\":\"2017-07-18T12:00:41+00:00\",\"dateModified\":\"2017-07-18T12:01:27+00:00\",\"breadcrumb\":{\"@id\":\"https:\\\/\\\/blogdofarnesio.com.br\\\/?p=171807#breadcrumb\"},\"inLanguage\":\"pt-BR\",\"potentialAction\":[{\"@type\":\"ReadAction\",\"target\":[\"https:\\\/\\\/blogdofarnesio.com.br\\\/?p=171807\"]}]},{\"@type\":\"ImageObject\",\"inLanguage\":\"pt-BR\",\"@id\":\"https:\\\/\\\/blogdofarnesio.com.br\\\/?p=171807#primaryimage\",\"url\":\"https:\\\/\\\/blogdofarnesio.com.br\\\/wp-content\\\/uploads\\\/2013\\\/01\\\/blogqsp.anelviario.jpg\",\"contentUrl\":\"https:\\\/\\\/blogdofarnesio.com.br\\\/wp-content\\\/uploads\\\/2013\\\/01\\\/blogqsp.anelviario.jpg\",\"width\":448,\"height\":251,\"caption\":\"MAQUETE\"},{\"@type\":\"BreadcrumbList\",\"@id\":\"https:\\\/\\\/blogdofarnesio.com.br\\\/?p=171807#breadcrumb\",\"itemListElement\":[{\"@type\":\"ListItem\",\"position\":1,\"name\":\"In\u00edcio\",\"item\":\"https:\\\/\\\/blogdofarnesio.com.br\\\/\"},{\"@type\":\"ListItem\",\"position\":2,\"name\":\"REUNI\u00c3O NO DNIT EM PETROLINA, DISCUTIU A\u00c7\u00d5ES SBRE O ANEL VI\u00c1RIO JUAZEIRO\\\/PETROLINA\"}]},{\"@type\":\"WebSite\",\"@id\":\"https:\\\/\\\/blogdofarnesio.com.br\\\/#website\",\"url\":\"https:\\\/\\\/blogdofarnesio.com.br\\\/\",\"name\":\"Blog do Farn\u00e9sio\",\"description\":\"Quer Saber Pol\u00edtica?\",\"publisher\":{\"@id\":\"https:\\\/\\\/blogdofarnesio.com.br\\\/#organization\"},\"potentialAction\":[{\"@type\":\"SearchAction\",\"target\":{\"@type\":\"EntryPoint\",\"urlTemplate\":\"https:\\\/\\\/blogdofarnesio.com.br\\\/?s={search_term_string}\"},\"query-input\":{\"@type\":\"PropertyValueSpecification\",\"valueRequired\":true,\"valueName\":\"search_term_string\"}}],\"inLanguage\":\"pt-BR\"},{\"@type\":\"Organization\",\"@id\":\"https:\\\/\\\/blogdofarnesio.com.br\\\/#organization\",\"name\":\"Blog do Farn\u00e9sio\",\"url\":\"https:\\\/\\\/blogdofarnesio.com.br\\\/\",\"logo\":{\"@type\":\"ImageObject\",\"inLanguage\":\"pt-BR\",\"@id\":\"https:\\\/\\\/blogdofarnesio.com.br\\\/#\\\/schema\\\/logo\\\/image\\\/\",\"url\":\"https:\\\/\\\/blogdofarnesio.com.br\\\/wp-content\\\/uploads\\\/2026\\\/03\\\/cropped-logo_new-1.png\",\"contentUrl\":\"https:\\\/\\\/blogdofarnesio.com.br\\\/wp-content\\\/uploads\\\/2026\\\/03\\\/cropped-logo_new-1.png\",\"width\":881,\"height\":685,\"caption\":\"Blog do Farn\u00e9sio\"},\"image\":{\"@id\":\"https:\\\/\\\/blogdofarnesio.com.br\\\/#\\\/schema\\\/logo\\\/image\\\/\"},\"sameAs\":[\"https:\\\/\\\/www.facebook.com\\\/BlogQuerSaberPolitica\\\/\"]},{\"@type\":\"Person\",\"@id\":\"https:\\\/\\\/blogdofarnesio.com.br\\\/#\\\/schema\\\/person\\\/301c4acf522bccbfdb45af95b5b906a1\",\"name\":\"Farn\u00e9sio\",\"image\":{\"@type\":\"ImageObject\",\"inLanguage\":\"pt-BR\",\"@id\":\"https:\\\/\\\/secure.gravatar.com\\\/avatar\\\/df0c9a14567c056f8ad6876ba5bbd1e3e2c48023eb6807342fc4663adf549f38?s=96&d=mm&r=g\",\"url\":\"https:\\\/\\\/secure.gravatar.com\\\/avatar\\\/df0c9a14567c056f8ad6876ba5bbd1e3e2c48023eb6807342fc4663adf549f38?s=96&d=mm&r=g\",\"contentUrl\":\"https:\\\/\\\/secure.gravatar.com\\\/avatar\\\/df0c9a14567c056f8ad6876ba5bbd1e3e2c48023eb6807342fc4663adf549f38?s=96&d=mm&r=g\",\"caption\":\"Farn\u00e9sio\"},\"sameAs\":[\"https:\\\/\\\/quersaberpolitica.com.br\"],\"url\":\"https:\\\/\\\/blogdofarnesio.com.br\\\/?author=1\"}]}<\/script>\n<!-- \/ Yoast SEO plugin. -->","yoast_head_json":{"title":"REUNI\u00c3O NO DNIT EM PETROLINA, DISCUTIU A\u00c7\u00d5ES SBRE O ANEL VI\u00c1RIO JUAZEIRO\/PETROLINA - Blog do Farn\u00e9sio","robots":{"index":"index","follow":"follow","max-snippet":"max-snippet:-1","max-image-preview":"max-image-preview:large","max-video-preview":"max-video-preview:-1"},"canonical":"https:\/\/blogdofarnesio.com.br\/?p=171807","og_locale":"pt_BR","og_type":"article","og_title":"REUNI\u00c3O NO DNIT EM PETROLINA, DISCUTIU A\u00c7\u00d5ES SBRE O ANEL VI\u00c1RIO JUAZEIRO\/PETROLINA - Blog do Farn\u00e9sio","og_description":"O secret\u00e1rio de Obras e Desenvolvimento Urbano (SEDUR), Anderson Alves, esteve reunido nesta segunda-feira (17) com representantes do Departamento Nacional de Infraestrutura de Transportes de Petrolina (DNIT PE), da Secretaria de Infra Estrutura, Habita\u00e7\u00e3o e Mobilidade de Petrolina (SEINFRAHM), Ag\u00eancia Municipal de Meio Ambiente de Petrolina (AMMA) e do Cons\u00f3rcio PROSUL\/APPE para discutir o Estudo de Viabilidade T\u00e9cnica, Econ\u00f4mica e Ambiental (EVTEA) do projeto do Anel Vi\u00e1rio de Juazeiro e Petrolina. A reuni\u00e3o aconteceu na unidade do DNIT Petrolina.Por meio de contrato firmado com o Cons\u00f3rcio PROSUL\/APPE, o DNIT est\u00e1 elaborando o EVTEA, para algumas rodovias nordestinas, dentre as quais, os trechos entre a Bahia e Pernambuco da BR 407 e BR 428, que ser\u00e1 contemplado com o Anel Vi\u00e1rio&hellip;","og_url":"https:\/\/blogdofarnesio.com.br\/?p=171807","og_site_name":"Blog do Farn\u00e9sio","article_publisher":"https:\/\/www.facebook.com\/BlogQuerSaberPolitica\/","article_published_time":"2017-07-18T12:00:41+00:00","article_modified_time":"2017-07-18T12:01:27+00:00","og_image":[{"width":448,"height":251,"url":"https:\/\/blogdofarnesio.com.br\/wp-content\/uploads\/2013\/01\/blogqsp.anelviario.jpg","type":"image\/jpeg"}],"author":"Farn\u00e9sio","twitter_card":"summary_large_image","twitter_misc":{"Escrito por":"Farn\u00e9sio","Est. tempo de leitura":"2 minutos"},"schema":{"@context":"https:\/\/schema.org","@graph":[{"@type":"Article","@id":"https:\/\/blogdofarnesio.com.br\/?p=171807#article","isPartOf":{"@id":"https:\/\/blogdofarnesio.com.br\/?p=171807"},"author":{"name":"Farn\u00e9sio","@id":"https:\/\/blogdofarnesio.com.br\/#\/schema\/person\/301c4acf522bccbfdb45af95b5b906a1"},"headline":"REUNI\u00c3O NO DNIT EM PETROLINA, DISCUTIU A\u00c7\u00d5ES SBRE O ANEL VI\u00c1RIO JUAZEIRO\/PETROLINA","datePublished":"2017-07-18T12:00:41+00:00","dateModified":"2017-07-18T12:01:27+00:00","mainEntityOfPage":{"@id":"https:\/\/blogdofarnesio.com.br\/?p=171807"},"wordCount":369,"commentCount":0,"publisher":{"@id":"https:\/\/blogdofarnesio.com.br\/#organization"},"image":{"@id":"https:\/\/blogdofarnesio.com.br\/?p=171807#primaryimage"},"thumbnailUrl":"https:\/\/blogdofarnesio.com.br\/wp-content\/uploads\/2013\/01\/blogqsp.anelviario.jpg","articleSection":["Administra\u00e7\u00e3o","Estradas"],"inLanguage":"pt-BR","potentialAction":[{"@type":"CommentAction","name":"Comment","target":["https:\/\/blogdofarnesio.com.br\/?p=171807#respond"]}]},{"@type":"WebPage","@id":"https:\/\/blogdofarnesio.com.br\/?p=171807","url":"https:\/\/blogdofarnesio.com.br\/?p=171807","name":"REUNI\u00c3O NO DNIT EM PETROLINA, DISCUTIU A\u00c7\u00d5ES SBRE O ANEL VI\u00c1RIO JUAZEIRO\/PETROLINA - Blog do Farn\u00e9sio","isPartOf":{"@id":"https:\/\/blogdofarnesio.com.br\/#website"},"primaryImageOfPage":{"@id":"https:\/\/blogdofarnesio.com.br\/?p=171807#primaryimage"},"image":{"@id":"https:\/\/blogdofarnesio.com.br\/?p=171807#primaryimage"},"thumbnailUrl":"https:\/\/blogdofarnesio.com.br\/wp-content\/uploads\/2013\/01\/blogqsp.anelviario.jpg","datePublished":"2017-07-18T12:00:41+00:00","dateModified":"2017-07-18T12:01:27+00:00","breadcrumb":{"@id":"https:\/\/blogdofarnesio.com.br\/?p=171807#breadcrumb"},"inLanguage":"pt-BR","potentialAction":[{"@type":"ReadAction","target":["https:\/\/blogdofarnesio.com.br\/?p=171807"]}]},{"@type":"ImageObject","inLanguage":"pt-BR","@id":"https:\/\/blogdofarnesio.com.br\/?p=171807#primaryimage","url":"https:\/\/blogdofarnesio.com.br\/wp-content\/uploads\/2013\/01\/blogqsp.anelviario.jpg","contentUrl":"https:\/\/blogdofarnesio.com.br\/wp-content\/uploads\/2013\/01\/blogqsp.anelviario.jpg","width":448,"height":251,"caption":"MAQUETE"},{"@type":"BreadcrumbList","@id":"https:\/\/blogdofarnesio.com.br\/?p=171807#breadcrumb","itemListElement":[{"@type":"ListItem","position":1,"name":"In\u00edcio","item":"https:\/\/blogdofarnesio.com.br\/"},{"@type":"ListItem","position":2,"name":"REUNI\u00c3O NO DNIT EM PETROLINA, DISCUTIU A\u00c7\u00d5ES SBRE O ANEL VI\u00c1RIO JUAZEIRO\/PETROLINA"}]},{"@type":"WebSite","@id":"https:\/\/blogdofarnesio.com.br\/#website","url":"https:\/\/blogdofarnesio.com.br\/","name":"Blog do Farn\u00e9sio","description":"Quer Saber Pol\u00edtica?","publisher":{"@id":"https:\/\/blogdofarnesio.com.br\/#organization"},"potentialAction":[{"@type":"SearchAction","target":{"@type":"EntryPoint","urlTemplate":"https:\/\/blogdofarnesio.com.br\/?s={search_term_string}"},"query-input":{"@type":"PropertyValueSpecification","valueRequired":true,"valueName":"search_term_string"}}],"inLanguage":"pt-BR"},{"@type":"Organization","@id":"https:\/\/blogdofarnesio.com.br\/#organization","name":"Blog do Farn\u00e9sio","url":"https:\/\/blogdofarnesio.com.br\/","logo":{"@type":"ImageObject","inLanguage":"pt-BR","@id":"https:\/\/blogdofarnesio.com.br\/#\/schema\/logo\/image\/","url":"https:\/\/blogdofarnesio.com.br\/wp-content\/uploads\/2026\/03\/cropped-logo_new-1.png","contentUrl":"https:\/\/blogdofarnesio.com.br\/wp-content\/uploads\/2026\/03\/cropped-logo_new-1.png","width":881,"height":685,"caption":"Blog do Farn\u00e9sio"},"image":{"@id":"https:\/\/blogdofarnesio.com.br\/#\/schema\/logo\/image\/"},"sameAs":["https:\/\/www.facebook.com\/BlogQuerSaberPolitica\/"]},{"@type":"Person","@id":"https:\/\/blogdofarnesio.com.br\/#\/schema\/person\/301c4acf522bccbfdb45af95b5b906a1","name":"Farn\u00e9sio","image":{"@type":"ImageObject","inLanguage":"pt-BR","@id":"https:\/\/secure.gravatar.com\/avatar\/df0c9a14567c056f8ad6876ba5bbd1e3e2c48023eb6807342fc4663adf549f38?s=96&d=mm&r=g","url":"https:\/\/secure.gravatar.com\/avatar\/df0c9a14567c056f8ad6876ba5bbd1e3e2c48023eb6807342fc4663adf549f38?s=96&d=mm&r=g","contentUrl":"https:\/\/secure.gravatar.com\/avatar\/df0c9a14567c056f8ad6876ba5bbd1e3e2c48023eb6807342fc4663adf549f38?s=96&d=mm&r=g","caption":"Farn\u00e9sio"},"sameAs":["https:\/\/quersaberpolitica.com.br"],"url":"https:\/\/blogdofarnesio.com.br\/?author=1"}]}},"_links":{"self":[{"href":"https:\/\/blogdofarnesio.com.br\/index.php?rest_route=\/wp\/v2\/posts\/171807","targetHints":{"allow":["GET"]}}],"collection":[{"href":"https:\/\/blogdofarnesio.com.br\/index.php?rest_route=\/wp\/v2\/posts"}],"about":[{"href":"https:\/\/blogdofarnesio.com.br\/index.php?rest_route=\/wp\/v2\/types\/post"}],"author":[{"embeddable":true,"href":"https:\/\/blogdofarnesio.com.br\/index.php?rest_route=\/wp\/v2\/users\/1"}],"replies":[{"embeddable":true,"href":"https:\/\/blogdofarnesio.com.br\/index.php?rest_route=%2Fwp%2Fv2%2Fcomments&post=171807"}],"version-history":[{"count":0,"href":"https:\/\/blogdofarnesio.com.br\/index.php?rest_route=\/wp\/v2\/posts\/171807\/revisions"}],"wp:featuredmedia":[{"embeddable":true,"href":"https:\/\/blogdofarnesio.com.br\/index.php?rest_route=\/wp\/v2\/media\/24419"}],"wp:attachment":[{"href":"https:\/\/blogdofarnesio.com.br\/index.php?rest_route=%2Fwp%2Fv2%2Fmedia&parent=171807"}],"wp:term":[{"taxonomy":"category","embeddable":true,"href":"https:\/\/blogdofarnesio.com.br\/index.php?rest_route=%2Fwp%2Fv2%2Fcategories&post=171807"},{"taxonomy":"post_tag","embeddable":true,"href":"https:\/\/blogdofarnesio.com.br\/index.php?rest_route=%2Fwp%2Fv2%2Ftags&post=171807"}],"curies":[{"name":"wp","href":"https:\/\/api.w.org\/{rel}","templated":true}]}}