{"id":171732,"date":"2017-07-17T11:03:04","date_gmt":"2017-07-17T14:03:04","guid":{"rendered":"http:\/\/quersaberpolitica.com.br\/2016\/?p=171732"},"modified":"2017-07-17T10:26:09","modified_gmt":"2017-07-17T13:26:09","slug":"produtores-do-vale-e-a-ana-discutem-benificios-e-impactos-do-dia-do-rio","status":"publish","type":"post","link":"https:\/\/blogdofarnesio.com.br\/?p=171732","title":{"rendered":"PRODUTORES DO VALE E A ANA DISCUTEM BENIF\u00cdCIOS E IMPACTOS DO &#8220;DIA DO RIO&#8221;"},"content":{"rendered":"<p>Texto e fotos: Juciana Cavalcante<\/p>\n<p>Produtores e representantes da Ag\u00eancia Nacional das \u00c1guas estiveram reunidos em Petrolina para discutir a viabilidade do Dia do Rio institu\u00eddo pela resolu\u00e7\u00e3o 1.043 de 19 de junho de 2017 que pro\u00edbe as capta\u00e7\u00f5es de \u00e1gua na bacia do Rio S\u00e3o Francisco todas as quartas-feiras, at\u00e9 o m\u00eas de novembro, exceto para abastecimento humano ou animal. O encontro contou ainda com a presen\u00e7a de entidades do poder p\u00fablico municipal e estadual, Comit\u00ea da Bacia Hidrogr\u00e1fica do S\u00e3o Francisco (CBHSF), al\u00e9m das cidades circunvizinhas.<\/p>\n<p>Preocupados com a restri\u00e7\u00e3o do uso da \u00e1gua os produtores apontaram, durante o encontro, as dificuldades que os projetos e a produ\u00e7\u00e3o de alimentos pode sofrer devido o per\u00edodo de vig\u00eancia da decis\u00e3o. \u201cCom a resolu\u00e7\u00e3o, teremos muitos dias sem \u00e1gua em at\u00e9 novembro, com isso, podemos ter um colapso nas planta\u00e7\u00f5es provocando a perda da qualidade e produtividade para exporta\u00e7\u00e3o\u201d, afirmou o presidente do Instituto da Fruta, Ivan Pinto que ainda pontuou a necessidade da cria\u00e7\u00e3o de alternativas e tamb\u00e9m destacou como invi\u00e1vel o aumento proposto pelo uso da \u00e1gua aos produtores.<\/p>\n<p>Ainda sem avaliar as condi\u00e7\u00f5es do rio S\u00e3o Francisco e os impactos em um futuro pr\u00f3ximo do uso indiscriminado da \u00e1gua, os produtores que tinham d\u00favidas sobre a resolu\u00e7\u00e3o foram apresentados ao quadro real de abastecimento. Reconhecida como a maior crise h\u00eddrica enfrentada na bacia desde que se tem registro, o Rio S\u00e3o Francisco opera em d\u00e9ficit h\u00e1 muitos anos. Com o progn\u00f3stico de poucas chuvas, desde 2013 uma s\u00e9rie de medidas foi adotada a fim de evitar um cen\u00e1rio mais dr\u00e1stico. Com isso, a vaz\u00e3o da barragem de Sobradinho-BA que operava no m\u00ednimo estipulado de 1.300 metros c\u00fabicos por segundo (m\u00b3\/s) chegou ao atual patamar de 600 m\u00b3\/s, podendo se adequar a uma nova redu\u00e7\u00e3o que passaria a 550 m\u00b3\/s (ainda em fase de avalia\u00e7\u00e3o).<\/p>\n<p>De acordo com relat\u00f3rio apresentado pela ANA, caso essas medidas n\u00e3o fossem adotadas, Sobradinho chegaria ao volume morto em 2014. Com as resolu\u00e7\u00f5es adotadas ao longo dos anos, foi poss\u00edvel economizar aproximadamente 32 bilh\u00f5es de metros c\u00fabicos por segundo, o que possibilitou, nesse per\u00edodo, o m\u00ednimo de impacto ao uso da \u00e1gua tanto para abastecimento humano, como para o com\u00e9rcio, ind\u00fastria e irriga\u00e7\u00e3o.<\/p>\n<p><img loading=\"lazy\" decoding=\"async\" class=\"alignnone size-large wp-image-49993\" src=\"http:\/\/cbhsaofrancisco.org.br\/wp-content\/uploads\/2017\/07\/montagemdia-do-rio-e-ana-800x600.jpg\" sizes=\"auto, (max-width: 800px) 100vw, 800px\" srcset=\"http:\/\/cbhsaofrancisco.org.br\/wp-content\/uploads\/2017\/07\/montagemdia-do-rio-e-ana-800x600.jpg 800w, http:\/\/cbhsaofrancisco.org.br\/wp-content\/uploads\/2017\/07\/montagemdia-do-rio-e-ana-200x150.jpg 200w, http:\/\/cbhsaofrancisco.org.br\/wp-content\/uploads\/2017\/07\/montagemdia-do-rio-e-ana-768x576.jpg 768w, http:\/\/cbhsaofrancisco.org.br\/wp-content\/uploads\/2017\/07\/montagemdia-do-rio-e-ana.jpg 1200w\" alt=\"montagemdia do rio e ana\" width=\"800\" height=\"600\" \/><\/p>\n<p>\u201cEm dezembro de 2015 chegamos ao n\u00edvel de 1% no volume do reservat\u00f3rio. Em janeiro de 2016 tivemos uma melhora devido \u00e1s chuvas e alguns pensaram ter acabado o problema, mesmo assim, continuamos poupando, pensando para al\u00e9m do presente. Nossa preocupa\u00e7\u00e3o \u00e9 em garantir o acesso \u00e0 \u00e1gua a todos os usu\u00e1rios. Com o Dia do Rio queremos gerar uma margem adicional. N\u00e3o chegamos a essa decis\u00e3o com tranquilidade, mas \u00e9 preciso a compreens\u00e3o e mobiliza\u00e7\u00e3o por parte de todos\u201d, afirmou o presidente da Ag\u00eancia Nacional de \u00c1guas, Vicente Andreu Guillo.<\/p>\n<p>Para Almacks Luiz, representante do Comit\u00ea da Bacia Hidrogr\u00e1fica do S\u00e3o Francisco, que tem como entendimento do colegiado o apoio ao Dia do Rio, as medidas devem ser respeitadas. \u201cO Comit\u00ea junto com a ANA defende uma pactua\u00e7\u00e3o que atenda a todos. Al\u00e9m da restri\u00e7\u00e3o, entre outras alternativas, \u00e9 importante ressaltar a import\u00e2ncia e urg\u00eancia no aumento do valor pago pelo consumo da \u00e1gua por parte dos irrigantes e ind\u00fastrias, onde hoje tem empresas que pagam R$ 160 por ano pelo uso da \u00e1gua. Essa discuss\u00e3o est\u00e1 em vig\u00eancia e \u00e9 tamb\u00e9m necess\u00e1ria\u201d, concluiu.<\/p>\n","protected":false},"excerpt":{"rendered":"<p>Texto e fotos: Juciana Cavalcante Produtores e representantes da Ag\u00eancia Nacional das \u00c1guas estiveram reunidos em Petrolina para discutir a viabilidade do Dia do Rio institu\u00eddo pela resolu\u00e7\u00e3o 1.043 de 19 de junho de 2017 que pro\u00edbe as capta\u00e7\u00f5es de \u00e1gua na bacia do Rio S\u00e3o Francisco todas as quartas-feiras, at\u00e9 o m\u00eas de novembro, exceto para abastecimento humano ou animal. O encontro contou ainda com a presen\u00e7a de entidades do poder p\u00fablico municipal e estadual, Comit\u00ea da Bacia Hidrogr\u00e1fica do S\u00e3o Francisco (CBHSF), al\u00e9m das cidades circunvizinhas. Preocupados com a restri\u00e7\u00e3o do uso da \u00e1gua os produtores apontaram, durante o encontro, as dificuldades que os projetos e a produ\u00e7\u00e3o de alimentos pode sofrer devido o per\u00edodo de vig\u00eancia da&hellip; <\/p>\n","protected":false},"author":1,"featured_media":171751,"comment_status":"open","ping_status":"open","sticky":false,"template":"","format":"standard","meta":{"_acf_changed":false,"footnotes":""},"categories":[1],"tags":[],"class_list":["post-171732","post","type-post","status-publish","format-standard","has-post-thumbnail","hentry","category-politica"],"acf":[],"yoast_head":"<!-- This site is optimized with the Yoast SEO plugin v27.4 - https:\/\/yoast.com\/product\/yoast-seo-wordpress\/ -->\n<title>PRODUTORES DO VALE E A ANA DISCUTEM BENIF\u00cdCIOS E IMPACTOS DO &quot;DIA DO RIO&quot; - Blog do Farn\u00e9sio<\/title>\n<meta name=\"robots\" content=\"index, follow, max-snippet:-1, max-image-preview:large, max-video-preview:-1\" \/>\n<link rel=\"canonical\" href=\"https:\/\/blogdofarnesio.com.br\/?p=171732\" \/>\n<meta property=\"og:locale\" content=\"pt_BR\" \/>\n<meta property=\"og:type\" content=\"article\" \/>\n<meta property=\"og:title\" content=\"PRODUTORES DO VALE E A ANA DISCUTEM BENIF\u00cdCIOS E IMPACTOS DO &quot;DIA DO RIO&quot; - Blog do Farn\u00e9sio\" \/>\n<meta property=\"og:description\" content=\"Texto e fotos: Juciana Cavalcante Produtores e representantes da Ag\u00eancia Nacional das \u00c1guas estiveram reunidos em Petrolina para discutir a viabilidade do Dia do Rio institu\u00eddo pela resolu\u00e7\u00e3o 1.043 de 19 de junho de 2017 que pro\u00edbe as capta\u00e7\u00f5es de \u00e1gua na bacia do Rio S\u00e3o Francisco todas as quartas-feiras, at\u00e9 o m\u00eas de novembro, exceto para abastecimento humano ou animal. O encontro contou ainda com a presen\u00e7a de entidades do poder p\u00fablico municipal e estadual, Comit\u00ea da Bacia Hidrogr\u00e1fica do S\u00e3o Francisco (CBHSF), al\u00e9m das cidades circunvizinhas. Preocupados com a restri\u00e7\u00e3o do uso da \u00e1gua os produtores apontaram, durante o encontro, as dificuldades que os projetos e a produ\u00e7\u00e3o de alimentos pode sofrer devido o per\u00edodo de vig\u00eancia da&hellip;\" \/>\n<meta property=\"og:url\" content=\"https:\/\/blogdofarnesio.com.br\/?p=171732\" \/>\n<meta property=\"og:site_name\" content=\"Blog do Farn\u00e9sio\" \/>\n<meta property=\"article:publisher\" content=\"https:\/\/www.facebook.com\/BlogQuerSaberPolitica\/\" \/>\n<meta property=\"article:published_time\" content=\"2017-07-17T14:03:04+00:00\" \/>\n<meta property=\"og:image\" content=\"https:\/\/blogdofarnesio.com.br\/wp-content\/uploads\/2017\/07\/blogqspreuniao-ana-e1500297914988.jpg\" \/>\n\t<meta property=\"og:image:width\" content=\"600\" \/>\n\t<meta property=\"og:image:height\" content=\"298\" \/>\n\t<meta property=\"og:image:type\" content=\"image\/jpeg\" \/>\n<meta name=\"author\" content=\"Farn\u00e9sio\" \/>\n<meta name=\"twitter:card\" content=\"summary_large_image\" \/>\n<meta name=\"twitter:label1\" content=\"Escrito por\" \/>\n\t<meta name=\"twitter:data1\" content=\"Farn\u00e9sio\" \/>\n\t<meta name=\"twitter:label2\" content=\"Est. tempo de leitura\" \/>\n\t<meta name=\"twitter:data2\" content=\"3 minutos\" \/>\n<script type=\"application\/ld+json\" class=\"yoast-schema-graph\">{\"@context\":\"https:\\\/\\\/schema.org\",\"@graph\":[{\"@type\":\"Article\",\"@id\":\"https:\\\/\\\/blogdofarnesio.com.br\\\/?p=171732#article\",\"isPartOf\":{\"@id\":\"https:\\\/\\\/blogdofarnesio.com.br\\\/?p=171732\"},\"author\":{\"name\":\"Farn\u00e9sio\",\"@id\":\"https:\\\/\\\/blogdofarnesio.com.br\\\/#\\\/schema\\\/person\\\/301c4acf522bccbfdb45af95b5b906a1\"},\"headline\":\"PRODUTORES DO VALE E A ANA DISCUTEM BENIF\u00cdCIOS E IMPACTOS DO &#8220;DIA DO RIO&#8221;\",\"datePublished\":\"2017-07-17T14:03:04+00:00\",\"mainEntityOfPage\":{\"@id\":\"https:\\\/\\\/blogdofarnesio.com.br\\\/?p=171732\"},\"wordCount\":628,\"commentCount\":0,\"publisher\":{\"@id\":\"https:\\\/\\\/blogdofarnesio.com.br\\\/#organization\"},\"image\":{\"@id\":\"https:\\\/\\\/blogdofarnesio.com.br\\\/?p=171732#primaryimage\"},\"thumbnailUrl\":\"https:\\\/\\\/blogdofarnesio.com.br\\\/wp-content\\\/uploads\\\/2017\\\/07\\\/blogqspreuniao-ana-e1500297914988.jpg\",\"articleSection\":[\"Pol\u00edtica\"],\"inLanguage\":\"pt-BR\",\"potentialAction\":[{\"@type\":\"CommentAction\",\"name\":\"Comment\",\"target\":[\"https:\\\/\\\/blogdofarnesio.com.br\\\/?p=171732#respond\"]}]},{\"@type\":\"WebPage\",\"@id\":\"https:\\\/\\\/blogdofarnesio.com.br\\\/?p=171732\",\"url\":\"https:\\\/\\\/blogdofarnesio.com.br\\\/?p=171732\",\"name\":\"PRODUTORES DO VALE E A ANA DISCUTEM BENIF\u00cdCIOS E IMPACTOS DO \\\"DIA DO RIO\\\" - Blog do Farn\u00e9sio\",\"isPartOf\":{\"@id\":\"https:\\\/\\\/blogdofarnesio.com.br\\\/#website\"},\"primaryImageOfPage\":{\"@id\":\"https:\\\/\\\/blogdofarnesio.com.br\\\/?p=171732#primaryimage\"},\"image\":{\"@id\":\"https:\\\/\\\/blogdofarnesio.com.br\\\/?p=171732#primaryimage\"},\"thumbnailUrl\":\"https:\\\/\\\/blogdofarnesio.com.br\\\/wp-content\\\/uploads\\\/2017\\\/07\\\/blogqspreuniao-ana-e1500297914988.jpg\",\"datePublished\":\"2017-07-17T14:03:04+00:00\",\"breadcrumb\":{\"@id\":\"https:\\\/\\\/blogdofarnesio.com.br\\\/?p=171732#breadcrumb\"},\"inLanguage\":\"pt-BR\",\"potentialAction\":[{\"@type\":\"ReadAction\",\"target\":[\"https:\\\/\\\/blogdofarnesio.com.br\\\/?p=171732\"]}]},{\"@type\":\"ImageObject\",\"inLanguage\":\"pt-BR\",\"@id\":\"https:\\\/\\\/blogdofarnesio.com.br\\\/?p=171732#primaryimage\",\"url\":\"https:\\\/\\\/blogdofarnesio.com.br\\\/wp-content\\\/uploads\\\/2017\\\/07\\\/blogqspreuniao-ana-e1500297914988.jpg\",\"contentUrl\":\"https:\\\/\\\/blogdofarnesio.com.br\\\/wp-content\\\/uploads\\\/2017\\\/07\\\/blogqspreuniao-ana-e1500297914988.jpg\",\"width\":600,\"height\":298},{\"@type\":\"BreadcrumbList\",\"@id\":\"https:\\\/\\\/blogdofarnesio.com.br\\\/?p=171732#breadcrumb\",\"itemListElement\":[{\"@type\":\"ListItem\",\"position\":1,\"name\":\"In\u00edcio\",\"item\":\"https:\\\/\\\/blogdofarnesio.com.br\\\/\"},{\"@type\":\"ListItem\",\"position\":2,\"name\":\"PRODUTORES DO VALE E A ANA DISCUTEM BENIF\u00cdCIOS E IMPACTOS DO &#8220;DIA DO RIO&#8221;\"}]},{\"@type\":\"WebSite\",\"@id\":\"https:\\\/\\\/blogdofarnesio.com.br\\\/#website\",\"url\":\"https:\\\/\\\/blogdofarnesio.com.br\\\/\",\"name\":\"Blog do Farn\u00e9sio\",\"description\":\"Quer Saber Pol\u00edtica?\",\"publisher\":{\"@id\":\"https:\\\/\\\/blogdofarnesio.com.br\\\/#organization\"},\"potentialAction\":[{\"@type\":\"SearchAction\",\"target\":{\"@type\":\"EntryPoint\",\"urlTemplate\":\"https:\\\/\\\/blogdofarnesio.com.br\\\/?s={search_term_string}\"},\"query-input\":{\"@type\":\"PropertyValueSpecification\",\"valueRequired\":true,\"valueName\":\"search_term_string\"}}],\"inLanguage\":\"pt-BR\"},{\"@type\":\"Organization\",\"@id\":\"https:\\\/\\\/blogdofarnesio.com.br\\\/#organization\",\"name\":\"Blog do Farn\u00e9sio\",\"url\":\"https:\\\/\\\/blogdofarnesio.com.br\\\/\",\"logo\":{\"@type\":\"ImageObject\",\"inLanguage\":\"pt-BR\",\"@id\":\"https:\\\/\\\/blogdofarnesio.com.br\\\/#\\\/schema\\\/logo\\\/image\\\/\",\"url\":\"https:\\\/\\\/blogdofarnesio.com.br\\\/wp-content\\\/uploads\\\/2026\\\/03\\\/cropped-logo_new-1.png\",\"contentUrl\":\"https:\\\/\\\/blogdofarnesio.com.br\\\/wp-content\\\/uploads\\\/2026\\\/03\\\/cropped-logo_new-1.png\",\"width\":881,\"height\":685,\"caption\":\"Blog do Farn\u00e9sio\"},\"image\":{\"@id\":\"https:\\\/\\\/blogdofarnesio.com.br\\\/#\\\/schema\\\/logo\\\/image\\\/\"},\"sameAs\":[\"https:\\\/\\\/www.facebook.com\\\/BlogQuerSaberPolitica\\\/\"]},{\"@type\":\"Person\",\"@id\":\"https:\\\/\\\/blogdofarnesio.com.br\\\/#\\\/schema\\\/person\\\/301c4acf522bccbfdb45af95b5b906a1\",\"name\":\"Farn\u00e9sio\",\"image\":{\"@type\":\"ImageObject\",\"inLanguage\":\"pt-BR\",\"@id\":\"https:\\\/\\\/secure.gravatar.com\\\/avatar\\\/df0c9a14567c056f8ad6876ba5bbd1e3e2c48023eb6807342fc4663adf549f38?s=96&d=mm&r=g\",\"url\":\"https:\\\/\\\/secure.gravatar.com\\\/avatar\\\/df0c9a14567c056f8ad6876ba5bbd1e3e2c48023eb6807342fc4663adf549f38?s=96&d=mm&r=g\",\"contentUrl\":\"https:\\\/\\\/secure.gravatar.com\\\/avatar\\\/df0c9a14567c056f8ad6876ba5bbd1e3e2c48023eb6807342fc4663adf549f38?s=96&d=mm&r=g\",\"caption\":\"Farn\u00e9sio\"},\"sameAs\":[\"https:\\\/\\\/quersaberpolitica.com.br\"],\"url\":\"https:\\\/\\\/blogdofarnesio.com.br\\\/?author=1\"}]}<\/script>\n<!-- \/ Yoast SEO plugin. -->","yoast_head_json":{"title":"PRODUTORES DO VALE E A ANA DISCUTEM BENIF\u00cdCIOS E IMPACTOS DO \"DIA DO RIO\" - Blog do Farn\u00e9sio","robots":{"index":"index","follow":"follow","max-snippet":"max-snippet:-1","max-image-preview":"max-image-preview:large","max-video-preview":"max-video-preview:-1"},"canonical":"https:\/\/blogdofarnesio.com.br\/?p=171732","og_locale":"pt_BR","og_type":"article","og_title":"PRODUTORES DO VALE E A ANA DISCUTEM BENIF\u00cdCIOS E IMPACTOS DO \"DIA DO RIO\" - Blog do Farn\u00e9sio","og_description":"Texto e fotos: Juciana Cavalcante Produtores e representantes da Ag\u00eancia Nacional das \u00c1guas estiveram reunidos em Petrolina para discutir a viabilidade do Dia do Rio institu\u00eddo pela resolu\u00e7\u00e3o 1.043 de 19 de junho de 2017 que pro\u00edbe as capta\u00e7\u00f5es de \u00e1gua na bacia do Rio S\u00e3o Francisco todas as quartas-feiras, at\u00e9 o m\u00eas de novembro, exceto para abastecimento humano ou animal. O encontro contou ainda com a presen\u00e7a de entidades do poder p\u00fablico municipal e estadual, Comit\u00ea da Bacia Hidrogr\u00e1fica do S\u00e3o Francisco (CBHSF), al\u00e9m das cidades circunvizinhas. Preocupados com a restri\u00e7\u00e3o do uso da \u00e1gua os produtores apontaram, durante o encontro, as dificuldades que os projetos e a produ\u00e7\u00e3o de alimentos pode sofrer devido o per\u00edodo de vig\u00eancia da&hellip;","og_url":"https:\/\/blogdofarnesio.com.br\/?p=171732","og_site_name":"Blog do Farn\u00e9sio","article_publisher":"https:\/\/www.facebook.com\/BlogQuerSaberPolitica\/","article_published_time":"2017-07-17T14:03:04+00:00","og_image":[{"width":600,"height":298,"url":"https:\/\/blogdofarnesio.com.br\/wp-content\/uploads\/2017\/07\/blogqspreuniao-ana-e1500297914988.jpg","type":"image\/jpeg"}],"author":"Farn\u00e9sio","twitter_card":"summary_large_image","twitter_misc":{"Escrito por":"Farn\u00e9sio","Est. tempo de leitura":"3 minutos"},"schema":{"@context":"https:\/\/schema.org","@graph":[{"@type":"Article","@id":"https:\/\/blogdofarnesio.com.br\/?p=171732#article","isPartOf":{"@id":"https:\/\/blogdofarnesio.com.br\/?p=171732"},"author":{"name":"Farn\u00e9sio","@id":"https:\/\/blogdofarnesio.com.br\/#\/schema\/person\/301c4acf522bccbfdb45af95b5b906a1"},"headline":"PRODUTORES DO VALE E A ANA DISCUTEM BENIF\u00cdCIOS E IMPACTOS DO &#8220;DIA DO RIO&#8221;","datePublished":"2017-07-17T14:03:04+00:00","mainEntityOfPage":{"@id":"https:\/\/blogdofarnesio.com.br\/?p=171732"},"wordCount":628,"commentCount":0,"publisher":{"@id":"https:\/\/blogdofarnesio.com.br\/#organization"},"image":{"@id":"https:\/\/blogdofarnesio.com.br\/?p=171732#primaryimage"},"thumbnailUrl":"https:\/\/blogdofarnesio.com.br\/wp-content\/uploads\/2017\/07\/blogqspreuniao-ana-e1500297914988.jpg","articleSection":["Pol\u00edtica"],"inLanguage":"pt-BR","potentialAction":[{"@type":"CommentAction","name":"Comment","target":["https:\/\/blogdofarnesio.com.br\/?p=171732#respond"]}]},{"@type":"WebPage","@id":"https:\/\/blogdofarnesio.com.br\/?p=171732","url":"https:\/\/blogdofarnesio.com.br\/?p=171732","name":"PRODUTORES DO VALE E A ANA DISCUTEM BENIF\u00cdCIOS E IMPACTOS DO \"DIA DO RIO\" - Blog do Farn\u00e9sio","isPartOf":{"@id":"https:\/\/blogdofarnesio.com.br\/#website"},"primaryImageOfPage":{"@id":"https:\/\/blogdofarnesio.com.br\/?p=171732#primaryimage"},"image":{"@id":"https:\/\/blogdofarnesio.com.br\/?p=171732#primaryimage"},"thumbnailUrl":"https:\/\/blogdofarnesio.com.br\/wp-content\/uploads\/2017\/07\/blogqspreuniao-ana-e1500297914988.jpg","datePublished":"2017-07-17T14:03:04+00:00","breadcrumb":{"@id":"https:\/\/blogdofarnesio.com.br\/?p=171732#breadcrumb"},"inLanguage":"pt-BR","potentialAction":[{"@type":"ReadAction","target":["https:\/\/blogdofarnesio.com.br\/?p=171732"]}]},{"@type":"ImageObject","inLanguage":"pt-BR","@id":"https:\/\/blogdofarnesio.com.br\/?p=171732#primaryimage","url":"https:\/\/blogdofarnesio.com.br\/wp-content\/uploads\/2017\/07\/blogqspreuniao-ana-e1500297914988.jpg","contentUrl":"https:\/\/blogdofarnesio.com.br\/wp-content\/uploads\/2017\/07\/blogqspreuniao-ana-e1500297914988.jpg","width":600,"height":298},{"@type":"BreadcrumbList","@id":"https:\/\/blogdofarnesio.com.br\/?p=171732#breadcrumb","itemListElement":[{"@type":"ListItem","position":1,"name":"In\u00edcio","item":"https:\/\/blogdofarnesio.com.br\/"},{"@type":"ListItem","position":2,"name":"PRODUTORES DO VALE E A ANA DISCUTEM BENIF\u00cdCIOS E IMPACTOS DO &#8220;DIA DO RIO&#8221;"}]},{"@type":"WebSite","@id":"https:\/\/blogdofarnesio.com.br\/#website","url":"https:\/\/blogdofarnesio.com.br\/","name":"Blog do Farn\u00e9sio","description":"Quer Saber Pol\u00edtica?","publisher":{"@id":"https:\/\/blogdofarnesio.com.br\/#organization"},"potentialAction":[{"@type":"SearchAction","target":{"@type":"EntryPoint","urlTemplate":"https:\/\/blogdofarnesio.com.br\/?s={search_term_string}"},"query-input":{"@type":"PropertyValueSpecification","valueRequired":true,"valueName":"search_term_string"}}],"inLanguage":"pt-BR"},{"@type":"Organization","@id":"https:\/\/blogdofarnesio.com.br\/#organization","name":"Blog do Farn\u00e9sio","url":"https:\/\/blogdofarnesio.com.br\/","logo":{"@type":"ImageObject","inLanguage":"pt-BR","@id":"https:\/\/blogdofarnesio.com.br\/#\/schema\/logo\/image\/","url":"https:\/\/blogdofarnesio.com.br\/wp-content\/uploads\/2026\/03\/cropped-logo_new-1.png","contentUrl":"https:\/\/blogdofarnesio.com.br\/wp-content\/uploads\/2026\/03\/cropped-logo_new-1.png","width":881,"height":685,"caption":"Blog do Farn\u00e9sio"},"image":{"@id":"https:\/\/blogdofarnesio.com.br\/#\/schema\/logo\/image\/"},"sameAs":["https:\/\/www.facebook.com\/BlogQuerSaberPolitica\/"]},{"@type":"Person","@id":"https:\/\/blogdofarnesio.com.br\/#\/schema\/person\/301c4acf522bccbfdb45af95b5b906a1","name":"Farn\u00e9sio","image":{"@type":"ImageObject","inLanguage":"pt-BR","@id":"https:\/\/secure.gravatar.com\/avatar\/df0c9a14567c056f8ad6876ba5bbd1e3e2c48023eb6807342fc4663adf549f38?s=96&d=mm&r=g","url":"https:\/\/secure.gravatar.com\/avatar\/df0c9a14567c056f8ad6876ba5bbd1e3e2c48023eb6807342fc4663adf549f38?s=96&d=mm&r=g","contentUrl":"https:\/\/secure.gravatar.com\/avatar\/df0c9a14567c056f8ad6876ba5bbd1e3e2c48023eb6807342fc4663adf549f38?s=96&d=mm&r=g","caption":"Farn\u00e9sio"},"sameAs":["https:\/\/quersaberpolitica.com.br"],"url":"https:\/\/blogdofarnesio.com.br\/?author=1"}]}},"_links":{"self":[{"href":"https:\/\/blogdofarnesio.com.br\/index.php?rest_route=\/wp\/v2\/posts\/171732","targetHints":{"allow":["GET"]}}],"collection":[{"href":"https:\/\/blogdofarnesio.com.br\/index.php?rest_route=\/wp\/v2\/posts"}],"about":[{"href":"https:\/\/blogdofarnesio.com.br\/index.php?rest_route=\/wp\/v2\/types\/post"}],"author":[{"embeddable":true,"href":"https:\/\/blogdofarnesio.com.br\/index.php?rest_route=\/wp\/v2\/users\/1"}],"replies":[{"embeddable":true,"href":"https:\/\/blogdofarnesio.com.br\/index.php?rest_route=%2Fwp%2Fv2%2Fcomments&post=171732"}],"version-history":[{"count":0,"href":"https:\/\/blogdofarnesio.com.br\/index.php?rest_route=\/wp\/v2\/posts\/171732\/revisions"}],"wp:featuredmedia":[{"embeddable":true,"href":"https:\/\/blogdofarnesio.com.br\/index.php?rest_route=\/wp\/v2\/media\/171751"}],"wp:attachment":[{"href":"https:\/\/blogdofarnesio.com.br\/index.php?rest_route=%2Fwp%2Fv2%2Fmedia&parent=171732"}],"wp:term":[{"taxonomy":"category","embeddable":true,"href":"https:\/\/blogdofarnesio.com.br\/index.php?rest_route=%2Fwp%2Fv2%2Fcategories&post=171732"},{"taxonomy":"post_tag","embeddable":true,"href":"https:\/\/blogdofarnesio.com.br\/index.php?rest_route=%2Fwp%2Fv2%2Ftags&post=171732"}],"curies":[{"name":"wp","href":"https:\/\/api.w.org\/{rel}","templated":true}]}}