{"id":171676,"date":"2017-07-16T12:14:43","date_gmt":"2017-07-16T15:14:43","guid":{"rendered":"http:\/\/quersaberpolitica.com.br\/2016\/?p=171676"},"modified":"2017-07-16T12:14:43","modified_gmt":"2017-07-16T15:14:43","slug":"semana-da-inovacao-e-tecnologia-abre-quase-400-vagas-em-capacitacoes-no-norte-baiano","status":"publish","type":"post","link":"https:\/\/blogdofarnesio.com.br\/?p=171676","title":{"rendered":"SEMANA DA INOVA\u00c7\u00c3O E TECNOLOGIA ABRE QUASE 400 VAGAS EM CAPACITA\u00c7\u00d5ES NO NORTE BAIANO"},"content":{"rendered":"<p style=\"text-align: justify;\">O Sebrae est\u00e1 com inscri\u00e7\u00f5es abertas para cursos, oficinas e cl\u00ednicas tecnol\u00f3gicas em Juazeiro e Paulo Afonso. As capacita\u00e7\u00f5es da Semana da Inova\u00e7\u00e3o e Tecnologia s\u00e3o voltadas para melhorar a gest\u00e3o de empres\u00e1rios de micro e pequenas empresas (MPE) e microempreendedores individuais (MEI), al\u00e9m de auxiliar potenciais empreendedores na abertura de um neg\u00f3cio.<\/p>\n<p style=\"text-align: justify;\">Os interessados podem se inscrever na sede do Sebrae em Juazeiro, na Rua Coronel Jo\u00e3o Evangelista, 22, Centro, e no Ponto de atendimento do Sebrae em Paulo Afonso, localizado na Rua S\u00e3o Francisco, 233, no Centro da cidade. Para garantir uma vaga, basta levar um quilo de alimento n\u00e3o perec\u00edvel no ato da inscri\u00e7\u00e3o.<\/p>\n<p style=\"text-align: justify;\">Em Juazeiro, a programa\u00e7\u00e3o acontece no audit\u00f3rio do Sebrae,\u00a0 e come\u00e7a na pr\u00f3xima segunda-feira, dia 17 de julho, das 14h \u00e0s 16h, com a capacita\u00e7\u00e3o \u201cEntendendo sobre franquias para come\u00e7ar bem\u201d, direcionada para os empreendedores que est\u00e3o pensando em iniciar um neg\u00f3cio nesse segmento. \u00c0 noite, a partir das 19h, h\u00e1 a cl\u00ednica tecnol\u00f3gica \u201cAprenda a reduzir gastos com energia\u201d.<\/p>\n<p style=\"text-align: justify;\">No dia 18 de julho, acontece a capacita\u00e7\u00e3o \u201cGest\u00e3o visual de lojas \u2013 Sua loja mais bonita pra vender mais\u201d, que come\u00e7a \u00e0s 19h30. Na quarta-feira, dia 19, as orienta\u00e7\u00f5es s\u00e3o para as pessoas que querem aprender como divulgar produtos na internet. A cl\u00ednica \u201cImplanta\u00e7\u00e3o de E-commerce: Divulgue na internet e venda mais\u201d ser\u00e1 das 19h \u00e0s 21h. Quem atua no setor do com\u00e9rcio tem a oportunidade da capacita\u00e7\u00e3o \u201cBoas Pr\u00e1ticas de gest\u00e3o de estoque\u201d no dia 20, a partir das 19h. E no dia 21, a programa\u00e7\u00e3o encerra com a palestra \u201cInova\u00e7\u00e3o e Criatividade\u201d \u00e0s 14h e a oficina \u201cSa\u00fade e seguran\u00e7a no trabalho (PPRA\/PCMSO)\u201d, tamb\u00e9m no per\u00edodo noturno.\u00a0 No total s\u00e3o 210 vagas gratuitas.<\/p>\n<p style=\"text-align: justify;\">Em Paulo Afonso, as capacita\u00e7\u00f5es contam com 180 vagas e come\u00e7am no dia 17 de julho, mas nos per\u00edodos da manh\u00e3, tarde e \u00e0 noite. Na segunda-feira, acontece a oficina \u201cSei Controlar Meu Dinheiro\u201d, das 9h \u00e0s 13h. Em seguida, h\u00e1 a cl\u00ednica tecnol\u00f3gica \u201cPrograma Alimentos Seguros\u201d. No dia seguinte, 18, \u00e9 ofertada a capacita\u00e7\u00e3o \u201cComo tornar a vitrine da sua loja mais atraente\u201d, a partir da 19h. No mesmo hor\u00e1rio, no dia 19, haver\u00e1 a cl\u00ednica tecnol\u00f3gica: \u201cQualidade em Servi\u00e7os\u201d, voltada para o p\u00fablico de Sal\u00e3o de Beleza.<\/p>\n<p style=\"text-align: justify;\">No dia 20, das 19h \u00e0s 21h, as discuss\u00f5es mostram como dar destaque \u00e0 marca da empresa no mercado, com a cl\u00ednica tecnol\u00f3gica \u201cAlavanque a sua marca\u201d. Os comerciantes podem contar com as dicas da capacita\u00e7\u00e3o \u201cBoas pr\u00e1ticas de gest\u00e3o de estoque\u201d, no dia 21, a partir das 14h30. Na cidade, o evento ser\u00e1 encerrado com a oficina \u201cCr\u00e9dito para o MEI\u201d, das 9h \u00e0s 13h.<\/p>\n<p style=\"text-align: justify;\">Outras informa\u00e7\u00f5es ou inscri\u00e7\u00f5es podem ser feitas pelo telefone\u00a0<a href=\"tel:(75)%203281-4333\">(75) 3281-4333<\/a>, em Paulo Afonso, e\u00a0<a href=\"tel:(74)%203612-0827\">(74) 3612-0827<\/a>, em Juazeiro. Os alimentos arrecadados ser\u00e3o doados a institui\u00e7\u00f5es filantr\u00f3picas das cidades. Os participantes de todas as capacita\u00e7\u00f5es receber\u00e3o certificados.<\/p>\n<p style=\"text-align: justify;\">Lucilene Santos<\/p>\n","protected":false},"excerpt":{"rendered":"<p>O Sebrae est\u00e1 com inscri\u00e7\u00f5es abertas para cursos, oficinas e cl\u00ednicas tecnol\u00f3gicas em Juazeiro e Paulo Afonso. As capacita\u00e7\u00f5es da Semana da Inova\u00e7\u00e3o e Tecnologia s\u00e3o voltadas para melhorar a gest\u00e3o de empres\u00e1rios de micro e pequenas empresas (MPE) e microempreendedores individuais (MEI), al\u00e9m de auxiliar potenciais empreendedores na abertura de um neg\u00f3cio. Os interessados podem se inscrever na sede do Sebrae em Juazeiro, na Rua Coronel Jo\u00e3o Evangelista, 22, Centro, e no Ponto de atendimento do Sebrae em Paulo Afonso, localizado na Rua S\u00e3o Francisco, 233, no Centro da cidade. Para garantir uma vaga, basta levar um quilo de alimento n\u00e3o perec\u00edvel no ato da inscri\u00e7\u00e3o. Em Juazeiro, a programa\u00e7\u00e3o acontece no audit\u00f3rio do Sebrae,\u00a0 e come\u00e7a na pr\u00f3xima&hellip; <\/p>\n","protected":false},"author":1,"featured_media":166396,"comment_status":"open","ping_status":"open","sticky":false,"template":"","format":"standard","meta":{"_acf_changed":false,"footnotes":""},"categories":[20,6],"tags":[],"class_list":["post-171676","post","type-post","status-publish","format-standard","has-post-thumbnail","hentry","category-economia","category-educacao"],"acf":[],"yoast_head":"<!-- This site is optimized with the Yoast SEO plugin v27.4 - https:\/\/yoast.com\/product\/yoast-seo-wordpress\/ -->\n<title>SEMANA DA INOVA\u00c7\u00c3O E TECNOLOGIA ABRE QUASE 400 VAGAS EM CAPACITA\u00c7\u00d5ES NO NORTE BAIANO - Blog do Farn\u00e9sio<\/title>\n<meta name=\"robots\" content=\"index, follow, max-snippet:-1, max-image-preview:large, max-video-preview:-1\" \/>\n<link rel=\"canonical\" href=\"https:\/\/blogdofarnesio.com.br\/?p=171676\" \/>\n<meta property=\"og:locale\" content=\"pt_BR\" \/>\n<meta property=\"og:type\" content=\"article\" \/>\n<meta property=\"og:title\" content=\"SEMANA DA INOVA\u00c7\u00c3O E TECNOLOGIA ABRE QUASE 400 VAGAS EM CAPACITA\u00c7\u00d5ES NO NORTE BAIANO - Blog do Farn\u00e9sio\" \/>\n<meta property=\"og:description\" content=\"O Sebrae est\u00e1 com inscri\u00e7\u00f5es abertas para cursos, oficinas e cl\u00ednicas tecnol\u00f3gicas em Juazeiro e Paulo Afonso. As capacita\u00e7\u00f5es da Semana da Inova\u00e7\u00e3o e Tecnologia s\u00e3o voltadas para melhorar a gest\u00e3o de empres\u00e1rios de micro e pequenas empresas (MPE) e microempreendedores individuais (MEI), al\u00e9m de auxiliar potenciais empreendedores na abertura de um neg\u00f3cio. Os interessados podem se inscrever na sede do Sebrae em Juazeiro, na Rua Coronel Jo\u00e3o Evangelista, 22, Centro, e no Ponto de atendimento do Sebrae em Paulo Afonso, localizado na Rua S\u00e3o Francisco, 233, no Centro da cidade. Para garantir uma vaga, basta levar um quilo de alimento n\u00e3o perec\u00edvel no ato da inscri\u00e7\u00e3o. Em Juazeiro, a programa\u00e7\u00e3o acontece no audit\u00f3rio do Sebrae,\u00a0 e come\u00e7a na pr\u00f3xima&hellip;\" \/>\n<meta property=\"og:url\" content=\"https:\/\/blogdofarnesio.com.br\/?p=171676\" \/>\n<meta property=\"og:site_name\" content=\"Blog do Farn\u00e9sio\" \/>\n<meta property=\"article:publisher\" content=\"https:\/\/www.facebook.com\/BlogQuerSaberPolitica\/\" \/>\n<meta property=\"article:published_time\" content=\"2017-07-16T15:14:43+00:00\" \/>\n<meta property=\"og:image\" content=\"https:\/\/blogdofarnesio.com.br\/wp-content\/uploads\/2017\/05\/blogqspInfla\u00e7\u00e3o-economia-Foto-Reproducao-e1494874264133.jpg\" \/>\n\t<meta property=\"og:image:width\" content=\"600\" \/>\n\t<meta property=\"og:image:height\" content=\"370\" \/>\n\t<meta property=\"og:image:type\" content=\"image\/jpeg\" \/>\n<meta name=\"author\" content=\"Farn\u00e9sio\" \/>\n<meta name=\"twitter:card\" content=\"summary_large_image\" \/>\n<meta name=\"twitter:label1\" content=\"Escrito por\" \/>\n\t<meta name=\"twitter:data1\" content=\"Farn\u00e9sio\" \/>\n\t<meta name=\"twitter:label2\" content=\"Est. tempo de leitura\" \/>\n\t<meta name=\"twitter:data2\" content=\"3 minutos\" \/>\n<script type=\"application\/ld+json\" class=\"yoast-schema-graph\">{\"@context\":\"https:\\\/\\\/schema.org\",\"@graph\":[{\"@type\":\"Article\",\"@id\":\"https:\\\/\\\/blogdofarnesio.com.br\\\/?p=171676#article\",\"isPartOf\":{\"@id\":\"https:\\\/\\\/blogdofarnesio.com.br\\\/?p=171676\"},\"author\":{\"name\":\"Farn\u00e9sio\",\"@id\":\"https:\\\/\\\/blogdofarnesio.com.br\\\/#\\\/schema\\\/person\\\/301c4acf522bccbfdb45af95b5b906a1\"},\"headline\":\"SEMANA DA INOVA\u00c7\u00c3O E TECNOLOGIA ABRE QUASE 400 VAGAS EM CAPACITA\u00c7\u00d5ES NO NORTE BAIANO\",\"datePublished\":\"2017-07-16T15:14:43+00:00\",\"mainEntityOfPage\":{\"@id\":\"https:\\\/\\\/blogdofarnesio.com.br\\\/?p=171676\"},\"wordCount\":541,\"commentCount\":0,\"publisher\":{\"@id\":\"https:\\\/\\\/blogdofarnesio.com.br\\\/#organization\"},\"image\":{\"@id\":\"https:\\\/\\\/blogdofarnesio.com.br\\\/?p=171676#primaryimage\"},\"thumbnailUrl\":\"https:\\\/\\\/blogdofarnesio.com.br\\\/wp-content\\\/uploads\\\/2017\\\/05\\\/blogqspInfla\u00e7\u00e3o-economia-Foto-Reproducao-e1494874264133.jpg\",\"articleSection\":[\"Economia\",\"Educa\u00e7\u00e3o\"],\"inLanguage\":\"pt-BR\",\"potentialAction\":[{\"@type\":\"CommentAction\",\"name\":\"Comment\",\"target\":[\"https:\\\/\\\/blogdofarnesio.com.br\\\/?p=171676#respond\"]}]},{\"@type\":\"WebPage\",\"@id\":\"https:\\\/\\\/blogdofarnesio.com.br\\\/?p=171676\",\"url\":\"https:\\\/\\\/blogdofarnesio.com.br\\\/?p=171676\",\"name\":\"SEMANA DA INOVA\u00c7\u00c3O E TECNOLOGIA ABRE QUASE 400 VAGAS EM CAPACITA\u00c7\u00d5ES NO NORTE BAIANO - Blog do Farn\u00e9sio\",\"isPartOf\":{\"@id\":\"https:\\\/\\\/blogdofarnesio.com.br\\\/#website\"},\"primaryImageOfPage\":{\"@id\":\"https:\\\/\\\/blogdofarnesio.com.br\\\/?p=171676#primaryimage\"},\"image\":{\"@id\":\"https:\\\/\\\/blogdofarnesio.com.br\\\/?p=171676#primaryimage\"},\"thumbnailUrl\":\"https:\\\/\\\/blogdofarnesio.com.br\\\/wp-content\\\/uploads\\\/2017\\\/05\\\/blogqspInfla\u00e7\u00e3o-economia-Foto-Reproducao-e1494874264133.jpg\",\"datePublished\":\"2017-07-16T15:14:43+00:00\",\"breadcrumb\":{\"@id\":\"https:\\\/\\\/blogdofarnesio.com.br\\\/?p=171676#breadcrumb\"},\"inLanguage\":\"pt-BR\",\"potentialAction\":[{\"@type\":\"ReadAction\",\"target\":[\"https:\\\/\\\/blogdofarnesio.com.br\\\/?p=171676\"]}]},{\"@type\":\"ImageObject\",\"inLanguage\":\"pt-BR\",\"@id\":\"https:\\\/\\\/blogdofarnesio.com.br\\\/?p=171676#primaryimage\",\"url\":\"https:\\\/\\\/blogdofarnesio.com.br\\\/wp-content\\\/uploads\\\/2017\\\/05\\\/blogqspInfla\u00e7\u00e3o-economia-Foto-Reproducao-e1494874264133.jpg\",\"contentUrl\":\"https:\\\/\\\/blogdofarnesio.com.br\\\/wp-content\\\/uploads\\\/2017\\\/05\\\/blogqspInfla\u00e7\u00e3o-economia-Foto-Reproducao-e1494874264133.jpg\",\"width\":600,\"height\":370},{\"@type\":\"BreadcrumbList\",\"@id\":\"https:\\\/\\\/blogdofarnesio.com.br\\\/?p=171676#breadcrumb\",\"itemListElement\":[{\"@type\":\"ListItem\",\"position\":1,\"name\":\"In\u00edcio\",\"item\":\"https:\\\/\\\/blogdofarnesio.com.br\\\/\"},{\"@type\":\"ListItem\",\"position\":2,\"name\":\"SEMANA DA INOVA\u00c7\u00c3O E TECNOLOGIA ABRE QUASE 400 VAGAS EM CAPACITA\u00c7\u00d5ES NO NORTE BAIANO\"}]},{\"@type\":\"WebSite\",\"@id\":\"https:\\\/\\\/blogdofarnesio.com.br\\\/#website\",\"url\":\"https:\\\/\\\/blogdofarnesio.com.br\\\/\",\"name\":\"Blog do Farn\u00e9sio\",\"description\":\"Quer Saber Pol\u00edtica?\",\"publisher\":{\"@id\":\"https:\\\/\\\/blogdofarnesio.com.br\\\/#organization\"},\"potentialAction\":[{\"@type\":\"SearchAction\",\"target\":{\"@type\":\"EntryPoint\",\"urlTemplate\":\"https:\\\/\\\/blogdofarnesio.com.br\\\/?s={search_term_string}\"},\"query-input\":{\"@type\":\"PropertyValueSpecification\",\"valueRequired\":true,\"valueName\":\"search_term_string\"}}],\"inLanguage\":\"pt-BR\"},{\"@type\":\"Organization\",\"@id\":\"https:\\\/\\\/blogdofarnesio.com.br\\\/#organization\",\"name\":\"Blog do Farn\u00e9sio\",\"url\":\"https:\\\/\\\/blogdofarnesio.com.br\\\/\",\"logo\":{\"@type\":\"ImageObject\",\"inLanguage\":\"pt-BR\",\"@id\":\"https:\\\/\\\/blogdofarnesio.com.br\\\/#\\\/schema\\\/logo\\\/image\\\/\",\"url\":\"https:\\\/\\\/blogdofarnesio.com.br\\\/wp-content\\\/uploads\\\/2026\\\/03\\\/cropped-logo_new-1.png\",\"contentUrl\":\"https:\\\/\\\/blogdofarnesio.com.br\\\/wp-content\\\/uploads\\\/2026\\\/03\\\/cropped-logo_new-1.png\",\"width\":881,\"height\":685,\"caption\":\"Blog do Farn\u00e9sio\"},\"image\":{\"@id\":\"https:\\\/\\\/blogdofarnesio.com.br\\\/#\\\/schema\\\/logo\\\/image\\\/\"},\"sameAs\":[\"https:\\\/\\\/www.facebook.com\\\/BlogQuerSaberPolitica\\\/\"]},{\"@type\":\"Person\",\"@id\":\"https:\\\/\\\/blogdofarnesio.com.br\\\/#\\\/schema\\\/person\\\/301c4acf522bccbfdb45af95b5b906a1\",\"name\":\"Farn\u00e9sio\",\"image\":{\"@type\":\"ImageObject\",\"inLanguage\":\"pt-BR\",\"@id\":\"https:\\\/\\\/secure.gravatar.com\\\/avatar\\\/df0c9a14567c056f8ad6876ba5bbd1e3e2c48023eb6807342fc4663adf549f38?s=96&d=mm&r=g\",\"url\":\"https:\\\/\\\/secure.gravatar.com\\\/avatar\\\/df0c9a14567c056f8ad6876ba5bbd1e3e2c48023eb6807342fc4663adf549f38?s=96&d=mm&r=g\",\"contentUrl\":\"https:\\\/\\\/secure.gravatar.com\\\/avatar\\\/df0c9a14567c056f8ad6876ba5bbd1e3e2c48023eb6807342fc4663adf549f38?s=96&d=mm&r=g\",\"caption\":\"Farn\u00e9sio\"},\"sameAs\":[\"https:\\\/\\\/quersaberpolitica.com.br\"],\"url\":\"https:\\\/\\\/blogdofarnesio.com.br\\\/?author=1\"}]}<\/script>\n<!-- \/ Yoast SEO plugin. -->","yoast_head_json":{"title":"SEMANA DA INOVA\u00c7\u00c3O E TECNOLOGIA ABRE QUASE 400 VAGAS EM CAPACITA\u00c7\u00d5ES NO NORTE BAIANO - Blog do Farn\u00e9sio","robots":{"index":"index","follow":"follow","max-snippet":"max-snippet:-1","max-image-preview":"max-image-preview:large","max-video-preview":"max-video-preview:-1"},"canonical":"https:\/\/blogdofarnesio.com.br\/?p=171676","og_locale":"pt_BR","og_type":"article","og_title":"SEMANA DA INOVA\u00c7\u00c3O E TECNOLOGIA ABRE QUASE 400 VAGAS EM CAPACITA\u00c7\u00d5ES NO NORTE BAIANO - Blog do Farn\u00e9sio","og_description":"O Sebrae est\u00e1 com inscri\u00e7\u00f5es abertas para cursos, oficinas e cl\u00ednicas tecnol\u00f3gicas em Juazeiro e Paulo Afonso. As capacita\u00e7\u00f5es da Semana da Inova\u00e7\u00e3o e Tecnologia s\u00e3o voltadas para melhorar a gest\u00e3o de empres\u00e1rios de micro e pequenas empresas (MPE) e microempreendedores individuais (MEI), al\u00e9m de auxiliar potenciais empreendedores na abertura de um neg\u00f3cio. Os interessados podem se inscrever na sede do Sebrae em Juazeiro, na Rua Coronel Jo\u00e3o Evangelista, 22, Centro, e no Ponto de atendimento do Sebrae em Paulo Afonso, localizado na Rua S\u00e3o Francisco, 233, no Centro da cidade. Para garantir uma vaga, basta levar um quilo de alimento n\u00e3o perec\u00edvel no ato da inscri\u00e7\u00e3o. Em Juazeiro, a programa\u00e7\u00e3o acontece no audit\u00f3rio do Sebrae,\u00a0 e come\u00e7a na pr\u00f3xima&hellip;","og_url":"https:\/\/blogdofarnesio.com.br\/?p=171676","og_site_name":"Blog do Farn\u00e9sio","article_publisher":"https:\/\/www.facebook.com\/BlogQuerSaberPolitica\/","article_published_time":"2017-07-16T15:14:43+00:00","og_image":[{"width":600,"height":370,"url":"https:\/\/blogdofarnesio.com.br\/wp-content\/uploads\/2017\/05\/blogqspInfla\u00e7\u00e3o-economia-Foto-Reproducao-e1494874264133.jpg","type":"image\/jpeg"}],"author":"Farn\u00e9sio","twitter_card":"summary_large_image","twitter_misc":{"Escrito por":"Farn\u00e9sio","Est. tempo de leitura":"3 minutos"},"schema":{"@context":"https:\/\/schema.org","@graph":[{"@type":"Article","@id":"https:\/\/blogdofarnesio.com.br\/?p=171676#article","isPartOf":{"@id":"https:\/\/blogdofarnesio.com.br\/?p=171676"},"author":{"name":"Farn\u00e9sio","@id":"https:\/\/blogdofarnesio.com.br\/#\/schema\/person\/301c4acf522bccbfdb45af95b5b906a1"},"headline":"SEMANA DA INOVA\u00c7\u00c3O E TECNOLOGIA ABRE QUASE 400 VAGAS EM CAPACITA\u00c7\u00d5ES NO NORTE BAIANO","datePublished":"2017-07-16T15:14:43+00:00","mainEntityOfPage":{"@id":"https:\/\/blogdofarnesio.com.br\/?p=171676"},"wordCount":541,"commentCount":0,"publisher":{"@id":"https:\/\/blogdofarnesio.com.br\/#organization"},"image":{"@id":"https:\/\/blogdofarnesio.com.br\/?p=171676#primaryimage"},"thumbnailUrl":"https:\/\/blogdofarnesio.com.br\/wp-content\/uploads\/2017\/05\/blogqspInfla\u00e7\u00e3o-economia-Foto-Reproducao-e1494874264133.jpg","articleSection":["Economia","Educa\u00e7\u00e3o"],"inLanguage":"pt-BR","potentialAction":[{"@type":"CommentAction","name":"Comment","target":["https:\/\/blogdofarnesio.com.br\/?p=171676#respond"]}]},{"@type":"WebPage","@id":"https:\/\/blogdofarnesio.com.br\/?p=171676","url":"https:\/\/blogdofarnesio.com.br\/?p=171676","name":"SEMANA DA INOVA\u00c7\u00c3O E TECNOLOGIA ABRE QUASE 400 VAGAS EM CAPACITA\u00c7\u00d5ES NO NORTE BAIANO - Blog do Farn\u00e9sio","isPartOf":{"@id":"https:\/\/blogdofarnesio.com.br\/#website"},"primaryImageOfPage":{"@id":"https:\/\/blogdofarnesio.com.br\/?p=171676#primaryimage"},"image":{"@id":"https:\/\/blogdofarnesio.com.br\/?p=171676#primaryimage"},"thumbnailUrl":"https:\/\/blogdofarnesio.com.br\/wp-content\/uploads\/2017\/05\/blogqspInfla\u00e7\u00e3o-economia-Foto-Reproducao-e1494874264133.jpg","datePublished":"2017-07-16T15:14:43+00:00","breadcrumb":{"@id":"https:\/\/blogdofarnesio.com.br\/?p=171676#breadcrumb"},"inLanguage":"pt-BR","potentialAction":[{"@type":"ReadAction","target":["https:\/\/blogdofarnesio.com.br\/?p=171676"]}]},{"@type":"ImageObject","inLanguage":"pt-BR","@id":"https:\/\/blogdofarnesio.com.br\/?p=171676#primaryimage","url":"https:\/\/blogdofarnesio.com.br\/wp-content\/uploads\/2017\/05\/blogqspInfla\u00e7\u00e3o-economia-Foto-Reproducao-e1494874264133.jpg","contentUrl":"https:\/\/blogdofarnesio.com.br\/wp-content\/uploads\/2017\/05\/blogqspInfla\u00e7\u00e3o-economia-Foto-Reproducao-e1494874264133.jpg","width":600,"height":370},{"@type":"BreadcrumbList","@id":"https:\/\/blogdofarnesio.com.br\/?p=171676#breadcrumb","itemListElement":[{"@type":"ListItem","position":1,"name":"In\u00edcio","item":"https:\/\/blogdofarnesio.com.br\/"},{"@type":"ListItem","position":2,"name":"SEMANA DA INOVA\u00c7\u00c3O E TECNOLOGIA ABRE QUASE 400 VAGAS EM CAPACITA\u00c7\u00d5ES NO NORTE BAIANO"}]},{"@type":"WebSite","@id":"https:\/\/blogdofarnesio.com.br\/#website","url":"https:\/\/blogdofarnesio.com.br\/","name":"Blog do Farn\u00e9sio","description":"Quer Saber Pol\u00edtica?","publisher":{"@id":"https:\/\/blogdofarnesio.com.br\/#organization"},"potentialAction":[{"@type":"SearchAction","target":{"@type":"EntryPoint","urlTemplate":"https:\/\/blogdofarnesio.com.br\/?s={search_term_string}"},"query-input":{"@type":"PropertyValueSpecification","valueRequired":true,"valueName":"search_term_string"}}],"inLanguage":"pt-BR"},{"@type":"Organization","@id":"https:\/\/blogdofarnesio.com.br\/#organization","name":"Blog do Farn\u00e9sio","url":"https:\/\/blogdofarnesio.com.br\/","logo":{"@type":"ImageObject","inLanguage":"pt-BR","@id":"https:\/\/blogdofarnesio.com.br\/#\/schema\/logo\/image\/","url":"https:\/\/blogdofarnesio.com.br\/wp-content\/uploads\/2026\/03\/cropped-logo_new-1.png","contentUrl":"https:\/\/blogdofarnesio.com.br\/wp-content\/uploads\/2026\/03\/cropped-logo_new-1.png","width":881,"height":685,"caption":"Blog do Farn\u00e9sio"},"image":{"@id":"https:\/\/blogdofarnesio.com.br\/#\/schema\/logo\/image\/"},"sameAs":["https:\/\/www.facebook.com\/BlogQuerSaberPolitica\/"]},{"@type":"Person","@id":"https:\/\/blogdofarnesio.com.br\/#\/schema\/person\/301c4acf522bccbfdb45af95b5b906a1","name":"Farn\u00e9sio","image":{"@type":"ImageObject","inLanguage":"pt-BR","@id":"https:\/\/secure.gravatar.com\/avatar\/df0c9a14567c056f8ad6876ba5bbd1e3e2c48023eb6807342fc4663adf549f38?s=96&d=mm&r=g","url":"https:\/\/secure.gravatar.com\/avatar\/df0c9a14567c056f8ad6876ba5bbd1e3e2c48023eb6807342fc4663adf549f38?s=96&d=mm&r=g","contentUrl":"https:\/\/secure.gravatar.com\/avatar\/df0c9a14567c056f8ad6876ba5bbd1e3e2c48023eb6807342fc4663adf549f38?s=96&d=mm&r=g","caption":"Farn\u00e9sio"},"sameAs":["https:\/\/quersaberpolitica.com.br"],"url":"https:\/\/blogdofarnesio.com.br\/?author=1"}]}},"_links":{"self":[{"href":"https:\/\/blogdofarnesio.com.br\/index.php?rest_route=\/wp\/v2\/posts\/171676","targetHints":{"allow":["GET"]}}],"collection":[{"href":"https:\/\/blogdofarnesio.com.br\/index.php?rest_route=\/wp\/v2\/posts"}],"about":[{"href":"https:\/\/blogdofarnesio.com.br\/index.php?rest_route=\/wp\/v2\/types\/post"}],"author":[{"embeddable":true,"href":"https:\/\/blogdofarnesio.com.br\/index.php?rest_route=\/wp\/v2\/users\/1"}],"replies":[{"embeddable":true,"href":"https:\/\/blogdofarnesio.com.br\/index.php?rest_route=%2Fwp%2Fv2%2Fcomments&post=171676"}],"version-history":[{"count":0,"href":"https:\/\/blogdofarnesio.com.br\/index.php?rest_route=\/wp\/v2\/posts\/171676\/revisions"}],"wp:featuredmedia":[{"embeddable":true,"href":"https:\/\/blogdofarnesio.com.br\/index.php?rest_route=\/wp\/v2\/media\/166396"}],"wp:attachment":[{"href":"https:\/\/blogdofarnesio.com.br\/index.php?rest_route=%2Fwp%2Fv2%2Fmedia&parent=171676"}],"wp:term":[{"taxonomy":"category","embeddable":true,"href":"https:\/\/blogdofarnesio.com.br\/index.php?rest_route=%2Fwp%2Fv2%2Fcategories&post=171676"},{"taxonomy":"post_tag","embeddable":true,"href":"https:\/\/blogdofarnesio.com.br\/index.php?rest_route=%2Fwp%2Fv2%2Ftags&post=171676"}],"curies":[{"name":"wp","href":"https:\/\/api.w.org\/{rel}","templated":true}]}}