{"id":171656,"date":"2017-07-15T14:00:45","date_gmt":"2017-07-15T17:00:45","guid":{"rendered":"http:\/\/quersaberpolitica.com.br\/2016\/?p=171656"},"modified":"2017-07-15T13:58:45","modified_gmt":"2017-07-15T16:58:45","slug":"hasteamento-de-bandeiras-muita-gente-nas-ruas-e-o-som-das-fanfarras-festejaram-os-139-de-juazeiro","status":"publish","type":"post","link":"https:\/\/blogdofarnesio.com.br\/2017\/07\/hasteamento-de-bandeiras-muita-gente-nas-ruas-e-o-som-das-fanfarras-festejaram-os-139-de-juazeiro\/","title":{"rendered":"HASTEAMENTO DE BANDEIRAS, MUITA GENTE NAS RUAS E O SOM DAS FANFARRAS FESTEJARAM OS 139 DE JUAZEIRO"},"content":{"rendered":"<p>A programa\u00e7\u00e3o deste 15 de Julho, dia em que Juazeiro comemora os seus 139 anos come\u00e7ou com a solenidade de hasteamento das bandeiras do Brasil, da Bahia e do Munic\u00edpio, em frente ao Pa\u00e7o Municipal pelo Prefeito Paulo Bomfim, o comandante do 72\u00ba Batalh\u00e3o de Infantaria Motorizada (BIMTz) tenente coronel Welton Gomes Maia Junior e o diretor do Col\u00e9gio da Pol\u00edcia Militar (CPM) tenente coronel Pedro Luiz Brand\u00e3o J\u00fanior.<\/p>\n<p><img decoding=\"async\" class=\"aligncenter\" src=\"http:\/\/quersaberpolitica.com.br\/2016\/wp-content\/uploads\/2017\/07\/blogqspjua139Hasteamento-das-Bandeiras-11.jpg\" \/>Os hinos foram executados pela Banda de M\u00fasica da Pol\u00edcia Militar e acompanhados tamb\u00e9m pela vice-prefeita Dulce Ribeiro, do Assessor de Planejamento e Parcerias Estrat\u00e9gicas, Isaac Carvalho, do deputado Cris\u00f3stomo Lima, al\u00e9m de secret\u00e1rios municipais, vereadores e populares.<\/p>\n<p>Ap\u00f3s a solenidade, a programa\u00e7\u00e3o do anivers\u00e1rio da cidade seguiu com Festival de Fanfarras realizado na Orla da cidade. Realizado pela Prefeitura Municipal e foi realizado atrav\u00e9s da Secretaria de Cultura, Turismo e Esportes e com apoio de equipe da Secretaria de Educa\u00e7\u00e3o e Juventude, 12 fanfarras se apresentaram, sendo seis de Juazeiro e outras seis de cidades vizinhas como Sobradinho, Lagoa Grande e Petrolina.<\/p>\n<p><a href=\"http:\/\/quersaberpolitica.com.br\/2016\/wp-content\/uploads\/2017\/07\/blogqspjua139Festival-Fanfarras-1.jpg\"><img loading=\"lazy\" decoding=\"async\" class=\"aligncenter size-full wp-image-171659\" src=\"http:\/\/quersaberpolitica.com.br\/2016\/wp-content\/uploads\/2017\/07\/blogqspjua139Festival-Fanfarras-1.jpg\" alt=\"\" width=\"640\" height=\"369\" srcset=\"https:\/\/blogdofarnesio.com.br\/wp-content\/uploads\/2017\/07\/blogqspjua139Festival-Fanfarras-1.jpg 640w, https:\/\/blogdofarnesio.com.br\/wp-content\/uploads\/2017\/07\/blogqspjua139Festival-Fanfarras-1-300x173.jpg 300w, https:\/\/blogdofarnesio.com.br\/wp-content\/uploads\/2017\/07\/blogqspjua139Festival-Fanfarras-1-360x208.jpg 360w\" sizes=\"auto, (max-width: 640px) 100vw, 640px\" \/><\/a> Cada Fanfarra recebeu um trof\u00e9u de participa\u00e7\u00e3o e a comunidade juazeirense estava l\u00e1 para conferir de perto as apresenta\u00e7\u00f5es. Seu Raimundo Sena disse que chegou cedo para n\u00e3o perder nada. \u201cEu gosto muito de ver essas fanfarras nos desfiles de setembro e hoje vim prestigiar. Foi muito bonito. Uma boa homenagem \u00e0 nossa cidade, que est\u00e1 de parab\u00e9ns tamb\u00e9m pelo crescimento\u201d, afirma.<\/p>\n<p><a href=\"http:\/\/quersaberpolitica.com.br\/2016\/wp-content\/uploads\/2017\/07\/blogqspjua139Festival-Fanfarras-2.jpg\"><img loading=\"lazy\" decoding=\"async\" class=\"aligncenter size-full wp-image-171660\" src=\"http:\/\/quersaberpolitica.com.br\/2016\/wp-content\/uploads\/2017\/07\/blogqspjua139Festival-Fanfarras-2.jpg\" alt=\"\" width=\"640\" height=\"354\" srcset=\"https:\/\/blogdofarnesio.com.br\/wp-content\/uploads\/2017\/07\/blogqspjua139Festival-Fanfarras-2.jpg 640w, https:\/\/blogdofarnesio.com.br\/wp-content\/uploads\/2017\/07\/blogqspjua139Festival-Fanfarras-2-300x166.jpg 300w, https:\/\/blogdofarnesio.com.br\/wp-content\/uploads\/2017\/07\/blogqspjua139Festival-Fanfarras-2-360x199.jpg 360w\" sizes=\"auto, (max-width: 640px) 100vw, 640px\" \/><\/a><\/p>\n<p>O Secret\u00e1rio de Cultura, Turismo e Esportes, S\u00e9rgio Fernandes, \u00e0 frente da organiza\u00e7\u00e3o, agradeceu a participa\u00e7\u00e3o de todos e prometeu uma festa ainda melhor para o pr\u00f3ximo ano. \u201cA ideia de realizar o Festival de Fanfarras foi um grande acerto. Todos se apresentaram com muita beleza e maestria. N\u00f3s agradecemos a todos que participaram e trabalharam para que isso acontecesse, e no pr\u00f3ximo ano haver\u00e1 novidades que deixar\u00e3o o festival ainda melhor\u201d, ressaltou S\u00e9rgio.A programa\u00e7\u00e3o deste 15 de Julho, dia em que Juazeiro comemora os seus 139 anos come\u00e7ou com a solenidade de hasteamento das bandeiras do Brasil, da Bahia e do Munic\u00edpio, em frente ao Pa\u00e7o Municipal pelo Prefeito Paulo Bomfim, o comandante do 72\u00ba Batalh\u00e3o de Infantaria Motorizada (BIMTz) tenente coronel Welton Gomes Maia Junior e o diretor do Col\u00e9gio da Pol\u00edcia Militar (CPM) tenente coronel Pedro Luiz Brand\u00e3o J\u00fanior.<\/p>\n<p>Os hinos foram executados pela Banda de M\u00fasica da Pol\u00edcia Militar e acompanhados tamb\u00e9m pela vice-prefeita Dulce Ribeiro, do Assessor de Planejamento e Parcerias Estrat\u00e9gicas, Isaac Carvalho, do deputado Cris\u00f3stomo Lima, al\u00e9m de secret\u00e1rios municipais, vereadores e populares.<\/p>\n<p>Ap\u00f3s a solenidade, a programa\u00e7\u00e3o do anivers\u00e1rio da cidade seguiu com Festival de Fanfarras realizado na Orla da cidade. Realizado pela Prefeitura Municipal e foi realizado atrav\u00e9s da Secretaria de Cultura, Turismo e Esportes e com apoio de equipe da Secretaria de Educa\u00e7\u00e3o e Juventude, 12 fanfarras se apresentaram, sendo seis de Juazeiro e outras seis de cidades vizinhas como Sobradinho, Lagoa Grande e Petrolina.<\/p>\n<p>Cada Fanfarra recebeu um trof\u00e9u de participa\u00e7\u00e3o e a comunidade juazeirense estava l\u00e1 para conferir de perto as apresenta\u00e7\u00f5es. Seu Raimundo Sena disse que chegou cedo para n\u00e3o perder nada. \u201cEu gosto muito de ver essas fanfarras nos desfiles de setembro e hoje vim prestigiar. Foi muito bonito. Uma boa homenagem \u00e0 nossa cidade, que est\u00e1 de parab\u00e9ns tamb\u00e9m pelo crescimento\u201d, afirma.<\/p>\n<p>O Secret\u00e1rio de Cultura, Turismo e Esportes, S\u00e9rgio Fernandes, \u00e0 frente da organiza\u00e7\u00e3o, agradeceu a participa\u00e7\u00e3o de todos e prometeu uma festa ainda melhor para o pr\u00f3ximo ano. \u201cA ideia de realizar o Festival de Fanfarras foi um grande acerto. Todos se apresentaram com muita beleza e maestria. N\u00f3s agradecemos a todos que participaram e trabalharam para que isso acontecesse, e no pr\u00f3ximo ano haver\u00e1 novidades que deixar\u00e3o o festival ainda melhor\u201d, ressaltou S\u00e9rgio.<\/p>\n<p>Por <strong>Ram\u00e1iana Leal<\/strong>\/ SECULTE<\/p>\n","protected":false},"excerpt":{"rendered":"<p>A programa\u00e7\u00e3o deste 15 de Julho, dia em que Juazeiro comemora os seus 139 anos come\u00e7ou com a solenidade de hasteamento das bandeiras do Brasil, da Bahia e do Munic\u00edpio, em frente ao Pa\u00e7o Municipal pelo Prefeito Paulo Bomfim, o comandante do 72\u00ba Batalh\u00e3o de Infantaria Motorizada (BIMTz) tenente coronel Welton Gomes Maia Junior e o diretor do Col\u00e9gio da Pol\u00edcia Militar (CPM) tenente coronel Pedro Luiz Brand\u00e3o J\u00fanior. Os hinos foram executados pela Banda de M\u00fasica da Pol\u00edcia Militar e acompanhados tamb\u00e9m pela vice-prefeita Dulce Ribeiro, do Assessor de Planejamento e Parcerias Estrat\u00e9gicas, Isaac Carvalho, do deputado Cris\u00f3stomo Lima, al\u00e9m de secret\u00e1rios municipais, vereadores e populares. Ap\u00f3s a solenidade, a programa\u00e7\u00e3o do anivers\u00e1rio da cidade seguiu com Festival de&hellip; <\/p>\n","protected":false},"author":1,"featured_media":171658,"comment_status":"open","ping_status":"open","sticky":false,"template":"","format":"standard","meta":{"_acf_changed":false,"footnotes":""},"categories":[12],"tags":[],"class_list":["post-171656","post","type-post","status-publish","format-standard","has-post-thumbnail","hentry","category-confraternizacoes"],"acf":[],"yoast_head":"<!-- This site is optimized with the Yoast SEO plugin v27.5 - https:\/\/yoast.com\/product\/yoast-seo-wordpress\/ -->\n<title>HASTEAMENTO DE BANDEIRAS, MUITA GENTE NAS RUAS E O SOM DAS FANFARRAS FESTEJARAM OS 139 DE JUAZEIRO - Blog do Farn\u00e9sio<\/title>\n<meta name=\"robots\" content=\"index, follow, max-snippet:-1, max-image-preview:large, max-video-preview:-1\" \/>\n<link rel=\"canonical\" href=\"https:\/\/blogdofarnesio.com.br\/2017\/07\/hasteamento-de-bandeiras-muita-gente-nas-ruas-e-o-som-das-fanfarras-festejaram-os-139-de-juazeiro\/\" \/>\n<meta property=\"og:locale\" content=\"pt_BR\" \/>\n<meta property=\"og:type\" content=\"article\" \/>\n<meta property=\"og:title\" content=\"HASTEAMENTO DE BANDEIRAS, MUITA GENTE NAS RUAS E O SOM DAS FANFARRAS FESTEJARAM OS 139 DE JUAZEIRO - Blog do Farn\u00e9sio\" \/>\n<meta property=\"og:description\" content=\"A programa\u00e7\u00e3o deste 15 de Julho, dia em que Juazeiro comemora os seus 139 anos come\u00e7ou com a solenidade de hasteamento das bandeiras do Brasil, da Bahia e do Munic\u00edpio, em frente ao Pa\u00e7o Municipal pelo Prefeito Paulo Bomfim, o comandante do 72\u00ba Batalh\u00e3o de Infantaria Motorizada (BIMTz) tenente coronel Welton Gomes Maia Junior e o diretor do Col\u00e9gio da Pol\u00edcia Militar (CPM) tenente coronel Pedro Luiz Brand\u00e3o J\u00fanior. Os hinos foram executados pela Banda de M\u00fasica da Pol\u00edcia Militar e acompanhados tamb\u00e9m pela vice-prefeita Dulce Ribeiro, do Assessor de Planejamento e Parcerias Estrat\u00e9gicas, Isaac Carvalho, do deputado Cris\u00f3stomo Lima, al\u00e9m de secret\u00e1rios municipais, vereadores e populares. Ap\u00f3s a solenidade, a programa\u00e7\u00e3o do anivers\u00e1rio da cidade seguiu com Festival de&hellip;\" \/>\n<meta property=\"og:url\" content=\"https:\/\/blogdofarnesio.com.br\/2017\/07\/hasteamento-de-bandeiras-muita-gente-nas-ruas-e-o-som-das-fanfarras-festejaram-os-139-de-juazeiro\/\" \/>\n<meta property=\"og:site_name\" content=\"Blog do Farn\u00e9sio\" \/>\n<meta property=\"article:publisher\" content=\"https:\/\/www.facebook.com\/BlogQuerSaberPolitica\/\" \/>\n<meta property=\"article:published_time\" content=\"2017-07-15T17:00:45+00:00\" \/>\n<meta property=\"og:image\" content=\"https:\/\/blogdofarnesio.com.br\/wp-content\/uploads\/2017\/07\/blogqspjua139Hasteamento-das-Bandeiras-12.jpg\" \/>\n\t<meta property=\"og:image:width\" content=\"640\" \/>\n\t<meta property=\"og:image:height\" content=\"427\" \/>\n\t<meta property=\"og:image:type\" content=\"image\/jpeg\" \/>\n<meta name=\"author\" content=\"Farn\u00e9sio\" \/>\n<meta name=\"twitter:card\" content=\"summary_large_image\" \/>\n<meta name=\"twitter:label1\" content=\"Escrito por\" \/>\n\t<meta name=\"twitter:data1\" content=\"Farn\u00e9sio\" \/>\n\t<meta name=\"twitter:label2\" content=\"Est. tempo de leitura\" \/>\n\t<meta name=\"twitter:data2\" content=\"3 minutos\" \/>\n<script type=\"application\/ld+json\" class=\"yoast-schema-graph\">{\"@context\":\"https:\\\/\\\/schema.org\",\"@graph\":[{\"@type\":\"Article\",\"@id\":\"https:\\\/\\\/blogdofarnesio.com.br\\\/2017\\\/07\\\/hasteamento-de-bandeiras-muita-gente-nas-ruas-e-o-som-das-fanfarras-festejaram-os-139-de-juazeiro\\\/#article\",\"isPartOf\":{\"@id\":\"https:\\\/\\\/blogdofarnesio.com.br\\\/2017\\\/07\\\/hasteamento-de-bandeiras-muita-gente-nas-ruas-e-o-som-das-fanfarras-festejaram-os-139-de-juazeiro\\\/\"},\"author\":{\"name\":\"Farn\u00e9sio\",\"@id\":\"https:\\\/\\\/blogdofarnesio.com.br\\\/#\\\/schema\\\/person\\\/301c4acf522bccbfdb45af95b5b906a1\"},\"headline\":\"HASTEAMENTO DE BANDEIRAS, MUITA GENTE NAS RUAS E O SOM DAS FANFARRAS FESTEJARAM OS 139 DE JUAZEIRO\",\"datePublished\":\"2017-07-15T17:00:45+00:00\",\"mainEntityOfPage\":{\"@id\":\"https:\\\/\\\/blogdofarnesio.com.br\\\/2017\\\/07\\\/hasteamento-de-bandeiras-muita-gente-nas-ruas-e-o-som-das-fanfarras-festejaram-os-139-de-juazeiro\\\/\"},\"wordCount\":697,\"commentCount\":0,\"publisher\":{\"@id\":\"https:\\\/\\\/blogdofarnesio.com.br\\\/#organization\"},\"image\":{\"@id\":\"https:\\\/\\\/blogdofarnesio.com.br\\\/2017\\\/07\\\/hasteamento-de-bandeiras-muita-gente-nas-ruas-e-o-som-das-fanfarras-festejaram-os-139-de-juazeiro\\\/#primaryimage\"},\"thumbnailUrl\":\"https:\\\/\\\/blogdofarnesio.com.br\\\/wp-content\\\/uploads\\\/2017\\\/07\\\/blogqspjua139Hasteamento-das-Bandeiras-12.jpg\",\"articleSection\":[\"Confraterniza\u00e7\u00f5es\"],\"inLanguage\":\"pt-BR\",\"potentialAction\":[{\"@type\":\"CommentAction\",\"name\":\"Comment\",\"target\":[\"https:\\\/\\\/blogdofarnesio.com.br\\\/2017\\\/07\\\/hasteamento-de-bandeiras-muita-gente-nas-ruas-e-o-som-das-fanfarras-festejaram-os-139-de-juazeiro\\\/#respond\"]}]},{\"@type\":\"WebPage\",\"@id\":\"https:\\\/\\\/blogdofarnesio.com.br\\\/2017\\\/07\\\/hasteamento-de-bandeiras-muita-gente-nas-ruas-e-o-som-das-fanfarras-festejaram-os-139-de-juazeiro\\\/\",\"url\":\"https:\\\/\\\/blogdofarnesio.com.br\\\/2017\\\/07\\\/hasteamento-de-bandeiras-muita-gente-nas-ruas-e-o-som-das-fanfarras-festejaram-os-139-de-juazeiro\\\/\",\"name\":\"HASTEAMENTO DE BANDEIRAS, MUITA GENTE NAS RUAS E O SOM DAS FANFARRAS FESTEJARAM OS 139 DE JUAZEIRO - Blog do Farn\u00e9sio\",\"isPartOf\":{\"@id\":\"https:\\\/\\\/blogdofarnesio.com.br\\\/#website\"},\"primaryImageOfPage\":{\"@id\":\"https:\\\/\\\/blogdofarnesio.com.br\\\/2017\\\/07\\\/hasteamento-de-bandeiras-muita-gente-nas-ruas-e-o-som-das-fanfarras-festejaram-os-139-de-juazeiro\\\/#primaryimage\"},\"image\":{\"@id\":\"https:\\\/\\\/blogdofarnesio.com.br\\\/2017\\\/07\\\/hasteamento-de-bandeiras-muita-gente-nas-ruas-e-o-som-das-fanfarras-festejaram-os-139-de-juazeiro\\\/#primaryimage\"},\"thumbnailUrl\":\"https:\\\/\\\/blogdofarnesio.com.br\\\/wp-content\\\/uploads\\\/2017\\\/07\\\/blogqspjua139Hasteamento-das-Bandeiras-12.jpg\",\"datePublished\":\"2017-07-15T17:00:45+00:00\",\"breadcrumb\":{\"@id\":\"https:\\\/\\\/blogdofarnesio.com.br\\\/2017\\\/07\\\/hasteamento-de-bandeiras-muita-gente-nas-ruas-e-o-som-das-fanfarras-festejaram-os-139-de-juazeiro\\\/#breadcrumb\"},\"inLanguage\":\"pt-BR\",\"potentialAction\":[{\"@type\":\"ReadAction\",\"target\":[\"https:\\\/\\\/blogdofarnesio.com.br\\\/2017\\\/07\\\/hasteamento-de-bandeiras-muita-gente-nas-ruas-e-o-som-das-fanfarras-festejaram-os-139-de-juazeiro\\\/\"]}]},{\"@type\":\"ImageObject\",\"inLanguage\":\"pt-BR\",\"@id\":\"https:\\\/\\\/blogdofarnesio.com.br\\\/2017\\\/07\\\/hasteamento-de-bandeiras-muita-gente-nas-ruas-e-o-som-das-fanfarras-festejaram-os-139-de-juazeiro\\\/#primaryimage\",\"url\":\"https:\\\/\\\/blogdofarnesio.com.br\\\/wp-content\\\/uploads\\\/2017\\\/07\\\/blogqspjua139Hasteamento-das-Bandeiras-12.jpg\",\"contentUrl\":\"https:\\\/\\\/blogdofarnesio.com.br\\\/wp-content\\\/uploads\\\/2017\\\/07\\\/blogqspjua139Hasteamento-das-Bandeiras-12.jpg\",\"width\":640,\"height\":427},{\"@type\":\"BreadcrumbList\",\"@id\":\"https:\\\/\\\/blogdofarnesio.com.br\\\/2017\\\/07\\\/hasteamento-de-bandeiras-muita-gente-nas-ruas-e-o-som-das-fanfarras-festejaram-os-139-de-juazeiro\\\/#breadcrumb\",\"itemListElement\":[{\"@type\":\"ListItem\",\"position\":1,\"name\":\"In\u00edcio\",\"item\":\"https:\\\/\\\/blogdofarnesio.com.br\\\/\"},{\"@type\":\"ListItem\",\"position\":2,\"name\":\"HASTEAMENTO DE BANDEIRAS, MUITA GENTE NAS RUAS E O SOM DAS FANFARRAS FESTEJARAM OS 139 DE JUAZEIRO\"}]},{\"@type\":\"WebSite\",\"@id\":\"https:\\\/\\\/blogdofarnesio.com.br\\\/#website\",\"url\":\"https:\\\/\\\/blogdofarnesio.com.br\\\/\",\"name\":\"Blog do Farn\u00e9sio\",\"description\":\"Quer Saber Pol\u00edtica?\",\"publisher\":{\"@id\":\"https:\\\/\\\/blogdofarnesio.com.br\\\/#organization\"},\"potentialAction\":[{\"@type\":\"SearchAction\",\"target\":{\"@type\":\"EntryPoint\",\"urlTemplate\":\"https:\\\/\\\/blogdofarnesio.com.br\\\/?s={search_term_string}\"},\"query-input\":{\"@type\":\"PropertyValueSpecification\",\"valueRequired\":true,\"valueName\":\"search_term_string\"}}],\"inLanguage\":\"pt-BR\"},{\"@type\":\"Organization\",\"@id\":\"https:\\\/\\\/blogdofarnesio.com.br\\\/#organization\",\"name\":\"Blog do Farn\u00e9sio\",\"url\":\"https:\\\/\\\/blogdofarnesio.com.br\\\/\",\"logo\":{\"@type\":\"ImageObject\",\"inLanguage\":\"pt-BR\",\"@id\":\"https:\\\/\\\/blogdofarnesio.com.br\\\/#\\\/schema\\\/logo\\\/image\\\/\",\"url\":\"https:\\\/\\\/blogdofarnesio.com.br\\\/wp-content\\\/uploads\\\/2026\\\/03\\\/cropped-logo_new-1.png\",\"contentUrl\":\"https:\\\/\\\/blogdofarnesio.com.br\\\/wp-content\\\/uploads\\\/2026\\\/03\\\/cropped-logo_new-1.png\",\"width\":881,\"height\":685,\"caption\":\"Blog do Farn\u00e9sio\"},\"image\":{\"@id\":\"https:\\\/\\\/blogdofarnesio.com.br\\\/#\\\/schema\\\/logo\\\/image\\\/\"},\"sameAs\":[\"https:\\\/\\\/www.facebook.com\\\/BlogQuerSaberPolitica\\\/\"]},{\"@type\":\"Person\",\"@id\":\"https:\\\/\\\/blogdofarnesio.com.br\\\/#\\\/schema\\\/person\\\/301c4acf522bccbfdb45af95b5b906a1\",\"name\":\"Farn\u00e9sio\",\"image\":{\"@type\":\"ImageObject\",\"inLanguage\":\"pt-BR\",\"@id\":\"https:\\\/\\\/secure.gravatar.com\\\/avatar\\\/df0c9a14567c056f8ad6876ba5bbd1e3e2c48023eb6807342fc4663adf549f38?s=96&d=mm&r=g\",\"url\":\"https:\\\/\\\/secure.gravatar.com\\\/avatar\\\/df0c9a14567c056f8ad6876ba5bbd1e3e2c48023eb6807342fc4663adf549f38?s=96&d=mm&r=g\",\"contentUrl\":\"https:\\\/\\\/secure.gravatar.com\\\/avatar\\\/df0c9a14567c056f8ad6876ba5bbd1e3e2c48023eb6807342fc4663adf549f38?s=96&d=mm&r=g\",\"caption\":\"Farn\u00e9sio\"},\"sameAs\":[\"https:\\\/\\\/quersaberpolitica.com.br\"],\"url\":\"https:\\\/\\\/blogdofarnesio.com.br\\\/author\\\/farnesio\\\/\"}]}<\/script>\n<!-- \/ Yoast SEO plugin. -->","yoast_head_json":{"title":"HASTEAMENTO DE BANDEIRAS, MUITA GENTE NAS RUAS E O SOM DAS FANFARRAS FESTEJARAM OS 139 DE JUAZEIRO - Blog do Farn\u00e9sio","robots":{"index":"index","follow":"follow","max-snippet":"max-snippet:-1","max-image-preview":"max-image-preview:large","max-video-preview":"max-video-preview:-1"},"canonical":"https:\/\/blogdofarnesio.com.br\/2017\/07\/hasteamento-de-bandeiras-muita-gente-nas-ruas-e-o-som-das-fanfarras-festejaram-os-139-de-juazeiro\/","og_locale":"pt_BR","og_type":"article","og_title":"HASTEAMENTO DE BANDEIRAS, MUITA GENTE NAS RUAS E O SOM DAS FANFARRAS FESTEJARAM OS 139 DE JUAZEIRO - Blog do Farn\u00e9sio","og_description":"A programa\u00e7\u00e3o deste 15 de Julho, dia em que Juazeiro comemora os seus 139 anos come\u00e7ou com a solenidade de hasteamento das bandeiras do Brasil, da Bahia e do Munic\u00edpio, em frente ao Pa\u00e7o Municipal pelo Prefeito Paulo Bomfim, o comandante do 72\u00ba Batalh\u00e3o de Infantaria Motorizada (BIMTz) tenente coronel Welton Gomes Maia Junior e o diretor do Col\u00e9gio da Pol\u00edcia Militar (CPM) tenente coronel Pedro Luiz Brand\u00e3o J\u00fanior. Os hinos foram executados pela Banda de M\u00fasica da Pol\u00edcia Militar e acompanhados tamb\u00e9m pela vice-prefeita Dulce Ribeiro, do Assessor de Planejamento e Parcerias Estrat\u00e9gicas, Isaac Carvalho, do deputado Cris\u00f3stomo Lima, al\u00e9m de secret\u00e1rios municipais, vereadores e populares. Ap\u00f3s a solenidade, a programa\u00e7\u00e3o do anivers\u00e1rio da cidade seguiu com Festival de&hellip;","og_url":"https:\/\/blogdofarnesio.com.br\/2017\/07\/hasteamento-de-bandeiras-muita-gente-nas-ruas-e-o-som-das-fanfarras-festejaram-os-139-de-juazeiro\/","og_site_name":"Blog do Farn\u00e9sio","article_publisher":"https:\/\/www.facebook.com\/BlogQuerSaberPolitica\/","article_published_time":"2017-07-15T17:00:45+00:00","og_image":[{"width":640,"height":427,"url":"https:\/\/blogdofarnesio.com.br\/wp-content\/uploads\/2017\/07\/blogqspjua139Hasteamento-das-Bandeiras-12.jpg","type":"image\/jpeg"}],"author":"Farn\u00e9sio","twitter_card":"summary_large_image","twitter_misc":{"Escrito por":"Farn\u00e9sio","Est. tempo de leitura":"3 minutos"},"schema":{"@context":"https:\/\/schema.org","@graph":[{"@type":"Article","@id":"https:\/\/blogdofarnesio.com.br\/2017\/07\/hasteamento-de-bandeiras-muita-gente-nas-ruas-e-o-som-das-fanfarras-festejaram-os-139-de-juazeiro\/#article","isPartOf":{"@id":"https:\/\/blogdofarnesio.com.br\/2017\/07\/hasteamento-de-bandeiras-muita-gente-nas-ruas-e-o-som-das-fanfarras-festejaram-os-139-de-juazeiro\/"},"author":{"name":"Farn\u00e9sio","@id":"https:\/\/blogdofarnesio.com.br\/#\/schema\/person\/301c4acf522bccbfdb45af95b5b906a1"},"headline":"HASTEAMENTO DE BANDEIRAS, MUITA GENTE NAS RUAS E O SOM DAS FANFARRAS FESTEJARAM OS 139 DE JUAZEIRO","datePublished":"2017-07-15T17:00:45+00:00","mainEntityOfPage":{"@id":"https:\/\/blogdofarnesio.com.br\/2017\/07\/hasteamento-de-bandeiras-muita-gente-nas-ruas-e-o-som-das-fanfarras-festejaram-os-139-de-juazeiro\/"},"wordCount":697,"commentCount":0,"publisher":{"@id":"https:\/\/blogdofarnesio.com.br\/#organization"},"image":{"@id":"https:\/\/blogdofarnesio.com.br\/2017\/07\/hasteamento-de-bandeiras-muita-gente-nas-ruas-e-o-som-das-fanfarras-festejaram-os-139-de-juazeiro\/#primaryimage"},"thumbnailUrl":"https:\/\/blogdofarnesio.com.br\/wp-content\/uploads\/2017\/07\/blogqspjua139Hasteamento-das-Bandeiras-12.jpg","articleSection":["Confraterniza\u00e7\u00f5es"],"inLanguage":"pt-BR","potentialAction":[{"@type":"CommentAction","name":"Comment","target":["https:\/\/blogdofarnesio.com.br\/2017\/07\/hasteamento-de-bandeiras-muita-gente-nas-ruas-e-o-som-das-fanfarras-festejaram-os-139-de-juazeiro\/#respond"]}]},{"@type":"WebPage","@id":"https:\/\/blogdofarnesio.com.br\/2017\/07\/hasteamento-de-bandeiras-muita-gente-nas-ruas-e-o-som-das-fanfarras-festejaram-os-139-de-juazeiro\/","url":"https:\/\/blogdofarnesio.com.br\/2017\/07\/hasteamento-de-bandeiras-muita-gente-nas-ruas-e-o-som-das-fanfarras-festejaram-os-139-de-juazeiro\/","name":"HASTEAMENTO DE BANDEIRAS, MUITA GENTE NAS RUAS E O SOM DAS FANFARRAS FESTEJARAM OS 139 DE JUAZEIRO - Blog do Farn\u00e9sio","isPartOf":{"@id":"https:\/\/blogdofarnesio.com.br\/#website"},"primaryImageOfPage":{"@id":"https:\/\/blogdofarnesio.com.br\/2017\/07\/hasteamento-de-bandeiras-muita-gente-nas-ruas-e-o-som-das-fanfarras-festejaram-os-139-de-juazeiro\/#primaryimage"},"image":{"@id":"https:\/\/blogdofarnesio.com.br\/2017\/07\/hasteamento-de-bandeiras-muita-gente-nas-ruas-e-o-som-das-fanfarras-festejaram-os-139-de-juazeiro\/#primaryimage"},"thumbnailUrl":"https:\/\/blogdofarnesio.com.br\/wp-content\/uploads\/2017\/07\/blogqspjua139Hasteamento-das-Bandeiras-12.jpg","datePublished":"2017-07-15T17:00:45+00:00","breadcrumb":{"@id":"https:\/\/blogdofarnesio.com.br\/2017\/07\/hasteamento-de-bandeiras-muita-gente-nas-ruas-e-o-som-das-fanfarras-festejaram-os-139-de-juazeiro\/#breadcrumb"},"inLanguage":"pt-BR","potentialAction":[{"@type":"ReadAction","target":["https:\/\/blogdofarnesio.com.br\/2017\/07\/hasteamento-de-bandeiras-muita-gente-nas-ruas-e-o-som-das-fanfarras-festejaram-os-139-de-juazeiro\/"]}]},{"@type":"ImageObject","inLanguage":"pt-BR","@id":"https:\/\/blogdofarnesio.com.br\/2017\/07\/hasteamento-de-bandeiras-muita-gente-nas-ruas-e-o-som-das-fanfarras-festejaram-os-139-de-juazeiro\/#primaryimage","url":"https:\/\/blogdofarnesio.com.br\/wp-content\/uploads\/2017\/07\/blogqspjua139Hasteamento-das-Bandeiras-12.jpg","contentUrl":"https:\/\/blogdofarnesio.com.br\/wp-content\/uploads\/2017\/07\/blogqspjua139Hasteamento-das-Bandeiras-12.jpg","width":640,"height":427},{"@type":"BreadcrumbList","@id":"https:\/\/blogdofarnesio.com.br\/2017\/07\/hasteamento-de-bandeiras-muita-gente-nas-ruas-e-o-som-das-fanfarras-festejaram-os-139-de-juazeiro\/#breadcrumb","itemListElement":[{"@type":"ListItem","position":1,"name":"In\u00edcio","item":"https:\/\/blogdofarnesio.com.br\/"},{"@type":"ListItem","position":2,"name":"HASTEAMENTO DE BANDEIRAS, MUITA GENTE NAS RUAS E O SOM DAS FANFARRAS FESTEJARAM OS 139 DE JUAZEIRO"}]},{"@type":"WebSite","@id":"https:\/\/blogdofarnesio.com.br\/#website","url":"https:\/\/blogdofarnesio.com.br\/","name":"Blog do Farn\u00e9sio","description":"Quer Saber Pol\u00edtica?","publisher":{"@id":"https:\/\/blogdofarnesio.com.br\/#organization"},"potentialAction":[{"@type":"SearchAction","target":{"@type":"EntryPoint","urlTemplate":"https:\/\/blogdofarnesio.com.br\/?s={search_term_string}"},"query-input":{"@type":"PropertyValueSpecification","valueRequired":true,"valueName":"search_term_string"}}],"inLanguage":"pt-BR"},{"@type":"Organization","@id":"https:\/\/blogdofarnesio.com.br\/#organization","name":"Blog do Farn\u00e9sio","url":"https:\/\/blogdofarnesio.com.br\/","logo":{"@type":"ImageObject","inLanguage":"pt-BR","@id":"https:\/\/blogdofarnesio.com.br\/#\/schema\/logo\/image\/","url":"https:\/\/blogdofarnesio.com.br\/wp-content\/uploads\/2026\/03\/cropped-logo_new-1.png","contentUrl":"https:\/\/blogdofarnesio.com.br\/wp-content\/uploads\/2026\/03\/cropped-logo_new-1.png","width":881,"height":685,"caption":"Blog do Farn\u00e9sio"},"image":{"@id":"https:\/\/blogdofarnesio.com.br\/#\/schema\/logo\/image\/"},"sameAs":["https:\/\/www.facebook.com\/BlogQuerSaberPolitica\/"]},{"@type":"Person","@id":"https:\/\/blogdofarnesio.com.br\/#\/schema\/person\/301c4acf522bccbfdb45af95b5b906a1","name":"Farn\u00e9sio","image":{"@type":"ImageObject","inLanguage":"pt-BR","@id":"https:\/\/secure.gravatar.com\/avatar\/df0c9a14567c056f8ad6876ba5bbd1e3e2c48023eb6807342fc4663adf549f38?s=96&d=mm&r=g","url":"https:\/\/secure.gravatar.com\/avatar\/df0c9a14567c056f8ad6876ba5bbd1e3e2c48023eb6807342fc4663adf549f38?s=96&d=mm&r=g","contentUrl":"https:\/\/secure.gravatar.com\/avatar\/df0c9a14567c056f8ad6876ba5bbd1e3e2c48023eb6807342fc4663adf549f38?s=96&d=mm&r=g","caption":"Farn\u00e9sio"},"sameAs":["https:\/\/quersaberpolitica.com.br"],"url":"https:\/\/blogdofarnesio.com.br\/author\/farnesio\/"}]}},"_links":{"self":[{"href":"https:\/\/blogdofarnesio.com.br\/wp-json\/wp\/v2\/posts\/171656","targetHints":{"allow":["GET"]}}],"collection":[{"href":"https:\/\/blogdofarnesio.com.br\/wp-json\/wp\/v2\/posts"}],"about":[{"href":"https:\/\/blogdofarnesio.com.br\/wp-json\/wp\/v2\/types\/post"}],"author":[{"embeddable":true,"href":"https:\/\/blogdofarnesio.com.br\/wp-json\/wp\/v2\/users\/1"}],"replies":[{"embeddable":true,"href":"https:\/\/blogdofarnesio.com.br\/wp-json\/wp\/v2\/comments?post=171656"}],"version-history":[{"count":0,"href":"https:\/\/blogdofarnesio.com.br\/wp-json\/wp\/v2\/posts\/171656\/revisions"}],"wp:featuredmedia":[{"embeddable":true,"href":"https:\/\/blogdofarnesio.com.br\/wp-json\/wp\/v2\/media\/171658"}],"wp:attachment":[{"href":"https:\/\/blogdofarnesio.com.br\/wp-json\/wp\/v2\/media?parent=171656"}],"wp:term":[{"taxonomy":"category","embeddable":true,"href":"https:\/\/blogdofarnesio.com.br\/wp-json\/wp\/v2\/categories?post=171656"},{"taxonomy":"post_tag","embeddable":true,"href":"https:\/\/blogdofarnesio.com.br\/wp-json\/wp\/v2\/tags?post=171656"}],"curies":[{"name":"wp","href":"https:\/\/api.w.org\/{rel}","templated":true}]}}