{"id":171595,"date":"2017-07-14T11:33:33","date_gmt":"2017-07-14T14:33:33","guid":{"rendered":"http:\/\/quersaberpolitica.com.br\/2016\/?p=171595"},"modified":"2017-07-14T11:20:38","modified_gmt":"2017-07-14T14:20:38","slug":"denunciados-politicos-deveriam-agir-com-dignidade","status":"publish","type":"post","link":"https:\/\/blogdofarnesio.com.br\/?p=171595","title":{"rendered":"DENUNCIADOS, POL\u00cdTICOS DEVERIAM AGIR COM DIGNIDADE"},"content":{"rendered":"<div class=\"col-lg-8 col-md-8 col-sm-8 col-xs-12\">\n<div class=\"font_a font_i\"><a class=\"lnk_red\" href=\"http:\/\/diariodopoder.com.br\/artigos_autor.php?i=Silvia%20Caetano\">SILVIA CAETANO<\/a><\/div>\n<div class=\"font_b font_l\">Lisboa &#8211; A hist\u00f3ria da corrup\u00e7\u00e3o envolvendo pol\u00edticos e governantes n\u00e3o \u00e9 prerrogativa brasileira. H\u00e1 dezenas de casos em todos mundos, embora n\u00e3o justifiquem o crime. Na It\u00e1lia foram apanhados pela opera\u00e7\u00e3o \u201cM\u00e3os Limpas\u201d os ex-Primeiros-Ministros Giulio Andreotti, democrata crist\u00e3o que chefiou o governo sete vezes em 40 anos, Arnaldo Forlani, do mesmo partido e Bettino Craxi, socialista condenado a 27 anos de pris\u00e3o que n\u00e3o cumpriu porque fugiu para a Tun\u00edsia. O mesmo aconteceu com o extravagante Silvio Berlusconi, que enfrentou cerca de 20 processos e, em liberdade, j\u00e1 se movimenta para retornar \u00e0 politica.<\/div>\n<\/div>\n<div class=\"col-lg-12 col-md-12 col-sm-12 col-xs-12 font_a\">\n<p>Na Fran\u00e7a, o antigo Presidente da Rep\u00fablica Jacques Chirac foi condenado por desvio de recursos p\u00fablicos, mas a pena foi suspensa porque seu advogado provou n\u00e3o ter havido enriquecimento pessoal. Aconteceu o mesmo com Alain Jupp\u00e9, seu Primeiro Ministro, acusado de gest\u00e3o fraudulenta. Com pena de 18 meses de pris\u00e3o suspensa, dois anos depois elegeu-se Presidente da Camara de Paris. \u00c9 dele a famosa assertiva, frequentemente invocada pelos ca\u00e7ados pela Lava Jato, de que \u201cem pol\u00edtica nunca se est\u00e1 verdadeiramente acabado -olhem o meu caso\u201d, disse ele \u00c9 o que parece inspirar, por exemplo, o rec\u00e9m condenado ex-presidente Lula<\/p>\n<p>O ex-Presidente franc\u00eas Nicolas Sarkozy foi detido para um interrogat\u00f3rio de 15 horas, suspeito de financiar ilegalmente o antigo ditador Muammar Khadafi.Com a investiga\u00e7\u00e3o congelada, retornou \u00e0 cena pol\u00edtica, mas at\u00e9 agora s\u00f3 amealhou fracassos. H\u00e1 ainda os enredos \u00a0\u00a0do antigo Presidente alem\u00e3o, Helmut Kohl, e dos Ex-Primeiros Ministros grego Andreas Papandreou, do romeno Adrian Nastase, do checo Petr Necas e do Croata Ivo Sanader.A lista \u00e9 longa e n\u00e3o se limita aos pa\u00edses europeus.<\/p>\n<p>No Brasil, o desespero e esp\u00edrito de corpo movem membros da gang politica que enlameia os Poderes da Rep\u00fablica para escaparem das grades. Suas estrat\u00e9gias t\u00eam produzidos as mais vergonhosas f\u00f3rmulas com esse objetivo. N\u00e3o sentem o menor constrangimento pelos pat\u00e9ticos esfor\u00e7os que desenvolvem para se manter onde est\u00e3o, sem a menor considera\u00e7\u00e3o pelos males que causaram e continuam a provocar \u00e0 na\u00e7\u00e3o. A\u00ed est\u00e3o os 14 milh\u00f5es de desempregados e um pa\u00eds combalido por anos de assalto aos cofres p\u00fablicos, composto pelos impostos recolhidos da popula\u00e7\u00e3o.<\/p>\n<p>Contudo, ao lado dos pol\u00edticos denunciados, condenados e dos que conseguiram escapar dos tribunais, h\u00e1 os que se comportam com mais corre\u00e7\u00e3o ou dignidade. N\u00e3o recorrem a mecanismos escusos para se livrar das den\u00fancias. Demitem-se, renunciam a cargos e fun\u00e7\u00f5es, colocando-se \u00e0 disposi\u00e7\u00e3o dos ju\u00edzes, o que ainda n\u00e3o vimos acontecer no Brasil, onde todos os acusados negam o crime, tentam desmoralizar ju\u00edzes e procuradores, conspiram nas sombras para obstruir a justi\u00e7a e contratam advogados por milh\u00f5es para se livrarem. \u00c9 o que fazem todos os denunciados pela Lava Jato.<\/p>\n<p>Na Fran\u00e7a, os rec\u00e9m-nomeados ministros Fran\u00e7ois Bayrou, da Justi\u00e7a, e Marielle de Sarnez, Assuntos Europeus, ambos do MoDem que apoia Macron, demitiram-se porque seu partido foi envolvido num inqu\u00e9rito judicial. Tamb\u00e9m deixaram os cargos Silvei Goulart, da Defesa, suspeita de envolvimento numa pol\u00eamica sobre empregos fict\u00edcios, e Richard Ferrando, do Planejamento Urbano, que alegou conflitos de interesse.<\/p>\n<p>No mesmo dia em que o presidente Temer substituiu \u00a0duas dezenas de titulares da Comiss\u00e3o de Justi\u00e7a da Camara para bloquear a den\u00fancia de corrup\u00e7\u00e3o passiva apresentada pelo Procurador Geral da Rep\u00fablica, Rodrigo Janot,tr\u00eas\u00a0 Secret\u00e1rios de Estado em Portugal pediram exonera\u00e7\u00e3o \u00a0e\u00a0 para serem constitu\u00eddos arguidos .Eles se colocaram \u00e0 disposi\u00e7\u00e3o do Minist\u00e9rio P\u00fablico porque aceitaram convites da GALP, a petrol\u00edfera portuguesa, para assistir \u00e0 final do campeonato europeu de 2016, em Paris, quando Portugal derrotou a Fran\u00e7a, conquistando a ta\u00e7a.<\/p>\n<p>Qualificados e com ficha limpa, os Secret\u00e1rios da Ind\u00fastria, Jo\u00e3o Vasconcelos, que vinha desenvolvendo excelente trabalho com as Startups, Rocha Andrade, de Assuntos Fiscais, que colocava ordem no setor, e Jorge Oliveira, da Internacionaliza\u00e7\u00e3o, entregaram o chap\u00e9u porque foram ver o jogo patrocinados pela empresa que pertence a Am\u00e9rico Amorim. Viajaram e regressaram no mesmo dia, num voo fretado, ao lado de um grupo numeroso de pol\u00edticos e convidados. N\u00e3o jantaram no restaurante La Tour da Argent, nem foram fotografados dan\u00e7ando com guardanapos na cabe\u00e7a. Far\u00e3o muita falta ao governo.<\/p>\n<p>\u00c9 claro que nenhum povo gosta de ser comparado negativamente, mas foi isso que aconteceu em Portugal. E n\u00e3o foi \u00fanica diferen\u00e7a com rela\u00e7\u00e3o ao comportamento de alguns pol\u00edticos e dirigentes brasileiros. Quando a informa\u00e7\u00e3o foi divulgada, n\u00e3o esconderam falta, como Presidente Michel Temer tentou fazer com a rela\u00e7\u00e3o \u00e0 viagem nada Republicana \u00e0 Comandatuba, no avi\u00e3o dos caipiras da JBS, que inclusive enviaram flores ao bordo para a Primeira Dama. Assumiram publicamente o erro, desculparam-se e ressarciram a GALP pelas despesas, que n\u00e3o chegaram a 3 mil euros.<\/p>\n<p>A julgar pelo curriculum de cada um deles, o mais prov\u00e1vel \u00e9 que alguma ingenuidade, ou desejo de assistir \u00e0 partida final entre Portugal e a Fran\u00e7a, resultado que poucos esperavam, pode t\u00ea-los levado a aceitar a mordomia. N\u00e3o houve dano ao er\u00e1rio p\u00fablico, troca de favores ou concess\u00e3o de benesses, mas recebimento de vantagem indevida, crime punido pela legisla\u00e7\u00e3o portuguesa com pena de pris\u00e3o de at\u00e9 cinco anos ou pena de multa at\u00e9 600 dias. \u00c9 o que se espera.<\/p>\n<\/div>\n","protected":false},"excerpt":{"rendered":"<p>SILVIA CAETANO Lisboa &#8211; A hist\u00f3ria da corrup\u00e7\u00e3o envolvendo pol\u00edticos e governantes n\u00e3o \u00e9 prerrogativa brasileira. H\u00e1 dezenas de casos em todos mundos, embora n\u00e3o justifiquem o crime. Na It\u00e1lia foram apanhados pela opera\u00e7\u00e3o \u201cM\u00e3os Limpas\u201d os ex-Primeiros-Ministros Giulio Andreotti, democrata crist\u00e3o que chefiou o governo sete vezes em 40 anos, Arnaldo Forlani, do mesmo partido e Bettino Craxi, socialista condenado a 27 anos de pris\u00e3o que n\u00e3o cumpriu porque fugiu para a Tun\u00edsia. O mesmo aconteceu com o extravagante Silvio Berlusconi, que enfrentou cerca de 20 processos e, em liberdade, j\u00e1 se movimenta para retornar \u00e0 politica. Na Fran\u00e7a, o antigo Presidente da Rep\u00fablica Jacques Chirac foi condenado por desvio de recursos p\u00fablicos, mas a pena foi suspensa porque&hellip; <\/p>\n","protected":false},"author":1,"featured_media":35481,"comment_status":"open","ping_status":"open","sticky":false,"template":"","format":"standard","meta":{"_acf_changed":false,"footnotes":""},"categories":[30],"tags":[],"class_list":["post-171595","post","type-post","status-publish","format-standard","has-post-thumbnail","hentry","category-artigo"],"acf":[],"yoast_head":"<!-- This site is optimized with the Yoast SEO plugin v27.4 - https:\/\/yoast.com\/product\/yoast-seo-wordpress\/ -->\n<title>DENUNCIADOS, POL\u00cdTICOS DEVERIAM AGIR COM DIGNIDADE - Blog do Farn\u00e9sio<\/title>\n<meta name=\"robots\" content=\"index, follow, max-snippet:-1, max-image-preview:large, max-video-preview:-1\" \/>\n<link rel=\"canonical\" href=\"https:\/\/blogdofarnesio.com.br\/?p=171595\" \/>\n<meta property=\"og:locale\" content=\"pt_BR\" \/>\n<meta property=\"og:type\" content=\"article\" \/>\n<meta property=\"og:title\" content=\"DENUNCIADOS, POL\u00cdTICOS DEVERIAM AGIR COM DIGNIDADE - Blog do Farn\u00e9sio\" \/>\n<meta property=\"og:description\" content=\"SILVIA CAETANO Lisboa &#8211; A hist\u00f3ria da corrup\u00e7\u00e3o envolvendo pol\u00edticos e governantes n\u00e3o \u00e9 prerrogativa brasileira. H\u00e1 dezenas de casos em todos mundos, embora n\u00e3o justifiquem o crime. Na It\u00e1lia foram apanhados pela opera\u00e7\u00e3o \u201cM\u00e3os Limpas\u201d os ex-Primeiros-Ministros Giulio Andreotti, democrata crist\u00e3o que chefiou o governo sete vezes em 40 anos, Arnaldo Forlani, do mesmo partido e Bettino Craxi, socialista condenado a 27 anos de pris\u00e3o que n\u00e3o cumpriu porque fugiu para a Tun\u00edsia. O mesmo aconteceu com o extravagante Silvio Berlusconi, que enfrentou cerca de 20 processos e, em liberdade, j\u00e1 se movimenta para retornar \u00e0 politica. Na Fran\u00e7a, o antigo Presidente da Rep\u00fablica Jacques Chirac foi condenado por desvio de recursos p\u00fablicos, mas a pena foi suspensa porque&hellip;\" \/>\n<meta property=\"og:url\" content=\"https:\/\/blogdofarnesio.com.br\/?p=171595\" \/>\n<meta property=\"og:site_name\" content=\"Blog do Farn\u00e9sio\" \/>\n<meta property=\"article:publisher\" content=\"https:\/\/www.facebook.com\/BlogQuerSaberPolitica\/\" \/>\n<meta property=\"article:published_time\" content=\"2017-07-14T14:33:33+00:00\" \/>\n<meta property=\"og:image\" content=\"https:\/\/blogdofarnesio.com.br\/wp-content\/uploads\/2013\/04\/blogqspminhaopiniao.jpg\" \/>\n\t<meta property=\"og:image:width\" content=\"240\" \/>\n\t<meta property=\"og:image:height\" content=\"179\" \/>\n\t<meta property=\"og:image:type\" content=\"image\/jpeg\" \/>\n<meta name=\"author\" content=\"Farn\u00e9sio\" \/>\n<meta name=\"twitter:card\" content=\"summary_large_image\" \/>\n<meta name=\"twitter:label1\" content=\"Escrito por\" \/>\n\t<meta name=\"twitter:data1\" content=\"Farn\u00e9sio\" \/>\n\t<meta name=\"twitter:label2\" content=\"Est. tempo de leitura\" \/>\n\t<meta name=\"twitter:data2\" content=\"5 minutos\" \/>\n<script type=\"application\/ld+json\" class=\"yoast-schema-graph\">{\"@context\":\"https:\\\/\\\/schema.org\",\"@graph\":[{\"@type\":\"Article\",\"@id\":\"https:\\\/\\\/blogdofarnesio.com.br\\\/?p=171595#article\",\"isPartOf\":{\"@id\":\"https:\\\/\\\/blogdofarnesio.com.br\\\/?p=171595\"},\"author\":{\"name\":\"Farn\u00e9sio\",\"@id\":\"https:\\\/\\\/blogdofarnesio.com.br\\\/#\\\/schema\\\/person\\\/301c4acf522bccbfdb45af95b5b906a1\"},\"headline\":\"DENUNCIADOS, POL\u00cdTICOS DEVERIAM AGIR COM DIGNIDADE\",\"datePublished\":\"2017-07-14T14:33:33+00:00\",\"mainEntityOfPage\":{\"@id\":\"https:\\\/\\\/blogdofarnesio.com.br\\\/?p=171595\"},\"wordCount\":938,\"commentCount\":0,\"publisher\":{\"@id\":\"https:\\\/\\\/blogdofarnesio.com.br\\\/#organization\"},\"image\":{\"@id\":\"https:\\\/\\\/blogdofarnesio.com.br\\\/?p=171595#primaryimage\"},\"thumbnailUrl\":\"https:\\\/\\\/blogdofarnesio.com.br\\\/wp-content\\\/uploads\\\/2013\\\/04\\\/blogqspminhaopiniao.jpg\",\"articleSection\":[\"Artigo\"],\"inLanguage\":\"pt-BR\",\"potentialAction\":[{\"@type\":\"CommentAction\",\"name\":\"Comment\",\"target\":[\"https:\\\/\\\/blogdofarnesio.com.br\\\/?p=171595#respond\"]}]},{\"@type\":\"WebPage\",\"@id\":\"https:\\\/\\\/blogdofarnesio.com.br\\\/?p=171595\",\"url\":\"https:\\\/\\\/blogdofarnesio.com.br\\\/?p=171595\",\"name\":\"DENUNCIADOS, POL\u00cdTICOS DEVERIAM AGIR COM DIGNIDADE - Blog do Farn\u00e9sio\",\"isPartOf\":{\"@id\":\"https:\\\/\\\/blogdofarnesio.com.br\\\/#website\"},\"primaryImageOfPage\":{\"@id\":\"https:\\\/\\\/blogdofarnesio.com.br\\\/?p=171595#primaryimage\"},\"image\":{\"@id\":\"https:\\\/\\\/blogdofarnesio.com.br\\\/?p=171595#primaryimage\"},\"thumbnailUrl\":\"https:\\\/\\\/blogdofarnesio.com.br\\\/wp-content\\\/uploads\\\/2013\\\/04\\\/blogqspminhaopiniao.jpg\",\"datePublished\":\"2017-07-14T14:33:33+00:00\",\"breadcrumb\":{\"@id\":\"https:\\\/\\\/blogdofarnesio.com.br\\\/?p=171595#breadcrumb\"},\"inLanguage\":\"pt-BR\",\"potentialAction\":[{\"@type\":\"ReadAction\",\"target\":[\"https:\\\/\\\/blogdofarnesio.com.br\\\/?p=171595\"]}]},{\"@type\":\"ImageObject\",\"inLanguage\":\"pt-BR\",\"@id\":\"https:\\\/\\\/blogdofarnesio.com.br\\\/?p=171595#primaryimage\",\"url\":\"https:\\\/\\\/blogdofarnesio.com.br\\\/wp-content\\\/uploads\\\/2013\\\/04\\\/blogqspminhaopiniao.jpg\",\"contentUrl\":\"https:\\\/\\\/blogdofarnesio.com.br\\\/wp-content\\\/uploads\\\/2013\\\/04\\\/blogqspminhaopiniao.jpg\",\"width\":240,\"height\":179},{\"@type\":\"BreadcrumbList\",\"@id\":\"https:\\\/\\\/blogdofarnesio.com.br\\\/?p=171595#breadcrumb\",\"itemListElement\":[{\"@type\":\"ListItem\",\"position\":1,\"name\":\"In\u00edcio\",\"item\":\"https:\\\/\\\/blogdofarnesio.com.br\\\/\"},{\"@type\":\"ListItem\",\"position\":2,\"name\":\"DENUNCIADOS, POL\u00cdTICOS DEVERIAM AGIR COM DIGNIDADE\"}]},{\"@type\":\"WebSite\",\"@id\":\"https:\\\/\\\/blogdofarnesio.com.br\\\/#website\",\"url\":\"https:\\\/\\\/blogdofarnesio.com.br\\\/\",\"name\":\"Blog do Farn\u00e9sio\",\"description\":\"Quer Saber Pol\u00edtica?\",\"publisher\":{\"@id\":\"https:\\\/\\\/blogdofarnesio.com.br\\\/#organization\"},\"potentialAction\":[{\"@type\":\"SearchAction\",\"target\":{\"@type\":\"EntryPoint\",\"urlTemplate\":\"https:\\\/\\\/blogdofarnesio.com.br\\\/?s={search_term_string}\"},\"query-input\":{\"@type\":\"PropertyValueSpecification\",\"valueRequired\":true,\"valueName\":\"search_term_string\"}}],\"inLanguage\":\"pt-BR\"},{\"@type\":\"Organization\",\"@id\":\"https:\\\/\\\/blogdofarnesio.com.br\\\/#organization\",\"name\":\"Blog do Farn\u00e9sio\",\"url\":\"https:\\\/\\\/blogdofarnesio.com.br\\\/\",\"logo\":{\"@type\":\"ImageObject\",\"inLanguage\":\"pt-BR\",\"@id\":\"https:\\\/\\\/blogdofarnesio.com.br\\\/#\\\/schema\\\/logo\\\/image\\\/\",\"url\":\"https:\\\/\\\/blogdofarnesio.com.br\\\/wp-content\\\/uploads\\\/2026\\\/03\\\/cropped-logo_new-1.png\",\"contentUrl\":\"https:\\\/\\\/blogdofarnesio.com.br\\\/wp-content\\\/uploads\\\/2026\\\/03\\\/cropped-logo_new-1.png\",\"width\":881,\"height\":685,\"caption\":\"Blog do Farn\u00e9sio\"},\"image\":{\"@id\":\"https:\\\/\\\/blogdofarnesio.com.br\\\/#\\\/schema\\\/logo\\\/image\\\/\"},\"sameAs\":[\"https:\\\/\\\/www.facebook.com\\\/BlogQuerSaberPolitica\\\/\"]},{\"@type\":\"Person\",\"@id\":\"https:\\\/\\\/blogdofarnesio.com.br\\\/#\\\/schema\\\/person\\\/301c4acf522bccbfdb45af95b5b906a1\",\"name\":\"Farn\u00e9sio\",\"image\":{\"@type\":\"ImageObject\",\"inLanguage\":\"pt-BR\",\"@id\":\"https:\\\/\\\/secure.gravatar.com\\\/avatar\\\/df0c9a14567c056f8ad6876ba5bbd1e3e2c48023eb6807342fc4663adf549f38?s=96&d=mm&r=g\",\"url\":\"https:\\\/\\\/secure.gravatar.com\\\/avatar\\\/df0c9a14567c056f8ad6876ba5bbd1e3e2c48023eb6807342fc4663adf549f38?s=96&d=mm&r=g\",\"contentUrl\":\"https:\\\/\\\/secure.gravatar.com\\\/avatar\\\/df0c9a14567c056f8ad6876ba5bbd1e3e2c48023eb6807342fc4663adf549f38?s=96&d=mm&r=g\",\"caption\":\"Farn\u00e9sio\"},\"sameAs\":[\"https:\\\/\\\/quersaberpolitica.com.br\"],\"url\":\"https:\\\/\\\/blogdofarnesio.com.br\\\/?author=1\"}]}<\/script>\n<!-- \/ Yoast SEO plugin. -->","yoast_head_json":{"title":"DENUNCIADOS, POL\u00cdTICOS DEVERIAM AGIR COM DIGNIDADE - Blog do Farn\u00e9sio","robots":{"index":"index","follow":"follow","max-snippet":"max-snippet:-1","max-image-preview":"max-image-preview:large","max-video-preview":"max-video-preview:-1"},"canonical":"https:\/\/blogdofarnesio.com.br\/?p=171595","og_locale":"pt_BR","og_type":"article","og_title":"DENUNCIADOS, POL\u00cdTICOS DEVERIAM AGIR COM DIGNIDADE - Blog do Farn\u00e9sio","og_description":"SILVIA CAETANO Lisboa &#8211; A hist\u00f3ria da corrup\u00e7\u00e3o envolvendo pol\u00edticos e governantes n\u00e3o \u00e9 prerrogativa brasileira. H\u00e1 dezenas de casos em todos mundos, embora n\u00e3o justifiquem o crime. Na It\u00e1lia foram apanhados pela opera\u00e7\u00e3o \u201cM\u00e3os Limpas\u201d os ex-Primeiros-Ministros Giulio Andreotti, democrata crist\u00e3o que chefiou o governo sete vezes em 40 anos, Arnaldo Forlani, do mesmo partido e Bettino Craxi, socialista condenado a 27 anos de pris\u00e3o que n\u00e3o cumpriu porque fugiu para a Tun\u00edsia. O mesmo aconteceu com o extravagante Silvio Berlusconi, que enfrentou cerca de 20 processos e, em liberdade, j\u00e1 se movimenta para retornar \u00e0 politica. Na Fran\u00e7a, o antigo Presidente da Rep\u00fablica Jacques Chirac foi condenado por desvio de recursos p\u00fablicos, mas a pena foi suspensa porque&hellip;","og_url":"https:\/\/blogdofarnesio.com.br\/?p=171595","og_site_name":"Blog do Farn\u00e9sio","article_publisher":"https:\/\/www.facebook.com\/BlogQuerSaberPolitica\/","article_published_time":"2017-07-14T14:33:33+00:00","og_image":[{"width":240,"height":179,"url":"https:\/\/blogdofarnesio.com.br\/wp-content\/uploads\/2013\/04\/blogqspminhaopiniao.jpg","type":"image\/jpeg"}],"author":"Farn\u00e9sio","twitter_card":"summary_large_image","twitter_misc":{"Escrito por":"Farn\u00e9sio","Est. tempo de leitura":"5 minutos"},"schema":{"@context":"https:\/\/schema.org","@graph":[{"@type":"Article","@id":"https:\/\/blogdofarnesio.com.br\/?p=171595#article","isPartOf":{"@id":"https:\/\/blogdofarnesio.com.br\/?p=171595"},"author":{"name":"Farn\u00e9sio","@id":"https:\/\/blogdofarnesio.com.br\/#\/schema\/person\/301c4acf522bccbfdb45af95b5b906a1"},"headline":"DENUNCIADOS, POL\u00cdTICOS DEVERIAM AGIR COM DIGNIDADE","datePublished":"2017-07-14T14:33:33+00:00","mainEntityOfPage":{"@id":"https:\/\/blogdofarnesio.com.br\/?p=171595"},"wordCount":938,"commentCount":0,"publisher":{"@id":"https:\/\/blogdofarnesio.com.br\/#organization"},"image":{"@id":"https:\/\/blogdofarnesio.com.br\/?p=171595#primaryimage"},"thumbnailUrl":"https:\/\/blogdofarnesio.com.br\/wp-content\/uploads\/2013\/04\/blogqspminhaopiniao.jpg","articleSection":["Artigo"],"inLanguage":"pt-BR","potentialAction":[{"@type":"CommentAction","name":"Comment","target":["https:\/\/blogdofarnesio.com.br\/?p=171595#respond"]}]},{"@type":"WebPage","@id":"https:\/\/blogdofarnesio.com.br\/?p=171595","url":"https:\/\/blogdofarnesio.com.br\/?p=171595","name":"DENUNCIADOS, POL\u00cdTICOS DEVERIAM AGIR COM DIGNIDADE - Blog do Farn\u00e9sio","isPartOf":{"@id":"https:\/\/blogdofarnesio.com.br\/#website"},"primaryImageOfPage":{"@id":"https:\/\/blogdofarnesio.com.br\/?p=171595#primaryimage"},"image":{"@id":"https:\/\/blogdofarnesio.com.br\/?p=171595#primaryimage"},"thumbnailUrl":"https:\/\/blogdofarnesio.com.br\/wp-content\/uploads\/2013\/04\/blogqspminhaopiniao.jpg","datePublished":"2017-07-14T14:33:33+00:00","breadcrumb":{"@id":"https:\/\/blogdofarnesio.com.br\/?p=171595#breadcrumb"},"inLanguage":"pt-BR","potentialAction":[{"@type":"ReadAction","target":["https:\/\/blogdofarnesio.com.br\/?p=171595"]}]},{"@type":"ImageObject","inLanguage":"pt-BR","@id":"https:\/\/blogdofarnesio.com.br\/?p=171595#primaryimage","url":"https:\/\/blogdofarnesio.com.br\/wp-content\/uploads\/2013\/04\/blogqspminhaopiniao.jpg","contentUrl":"https:\/\/blogdofarnesio.com.br\/wp-content\/uploads\/2013\/04\/blogqspminhaopiniao.jpg","width":240,"height":179},{"@type":"BreadcrumbList","@id":"https:\/\/blogdofarnesio.com.br\/?p=171595#breadcrumb","itemListElement":[{"@type":"ListItem","position":1,"name":"In\u00edcio","item":"https:\/\/blogdofarnesio.com.br\/"},{"@type":"ListItem","position":2,"name":"DENUNCIADOS, POL\u00cdTICOS DEVERIAM AGIR COM DIGNIDADE"}]},{"@type":"WebSite","@id":"https:\/\/blogdofarnesio.com.br\/#website","url":"https:\/\/blogdofarnesio.com.br\/","name":"Blog do Farn\u00e9sio","description":"Quer Saber Pol\u00edtica?","publisher":{"@id":"https:\/\/blogdofarnesio.com.br\/#organization"},"potentialAction":[{"@type":"SearchAction","target":{"@type":"EntryPoint","urlTemplate":"https:\/\/blogdofarnesio.com.br\/?s={search_term_string}"},"query-input":{"@type":"PropertyValueSpecification","valueRequired":true,"valueName":"search_term_string"}}],"inLanguage":"pt-BR"},{"@type":"Organization","@id":"https:\/\/blogdofarnesio.com.br\/#organization","name":"Blog do Farn\u00e9sio","url":"https:\/\/blogdofarnesio.com.br\/","logo":{"@type":"ImageObject","inLanguage":"pt-BR","@id":"https:\/\/blogdofarnesio.com.br\/#\/schema\/logo\/image\/","url":"https:\/\/blogdofarnesio.com.br\/wp-content\/uploads\/2026\/03\/cropped-logo_new-1.png","contentUrl":"https:\/\/blogdofarnesio.com.br\/wp-content\/uploads\/2026\/03\/cropped-logo_new-1.png","width":881,"height":685,"caption":"Blog do Farn\u00e9sio"},"image":{"@id":"https:\/\/blogdofarnesio.com.br\/#\/schema\/logo\/image\/"},"sameAs":["https:\/\/www.facebook.com\/BlogQuerSaberPolitica\/"]},{"@type":"Person","@id":"https:\/\/blogdofarnesio.com.br\/#\/schema\/person\/301c4acf522bccbfdb45af95b5b906a1","name":"Farn\u00e9sio","image":{"@type":"ImageObject","inLanguage":"pt-BR","@id":"https:\/\/secure.gravatar.com\/avatar\/df0c9a14567c056f8ad6876ba5bbd1e3e2c48023eb6807342fc4663adf549f38?s=96&d=mm&r=g","url":"https:\/\/secure.gravatar.com\/avatar\/df0c9a14567c056f8ad6876ba5bbd1e3e2c48023eb6807342fc4663adf549f38?s=96&d=mm&r=g","contentUrl":"https:\/\/secure.gravatar.com\/avatar\/df0c9a14567c056f8ad6876ba5bbd1e3e2c48023eb6807342fc4663adf549f38?s=96&d=mm&r=g","caption":"Farn\u00e9sio"},"sameAs":["https:\/\/quersaberpolitica.com.br"],"url":"https:\/\/blogdofarnesio.com.br\/?author=1"}]}},"_links":{"self":[{"href":"https:\/\/blogdofarnesio.com.br\/index.php?rest_route=\/wp\/v2\/posts\/171595","targetHints":{"allow":["GET"]}}],"collection":[{"href":"https:\/\/blogdofarnesio.com.br\/index.php?rest_route=\/wp\/v2\/posts"}],"about":[{"href":"https:\/\/blogdofarnesio.com.br\/index.php?rest_route=\/wp\/v2\/types\/post"}],"author":[{"embeddable":true,"href":"https:\/\/blogdofarnesio.com.br\/index.php?rest_route=\/wp\/v2\/users\/1"}],"replies":[{"embeddable":true,"href":"https:\/\/blogdofarnesio.com.br\/index.php?rest_route=%2Fwp%2Fv2%2Fcomments&post=171595"}],"version-history":[{"count":0,"href":"https:\/\/blogdofarnesio.com.br\/index.php?rest_route=\/wp\/v2\/posts\/171595\/revisions"}],"wp:featuredmedia":[{"embeddable":true,"href":"https:\/\/blogdofarnesio.com.br\/index.php?rest_route=\/wp\/v2\/media\/35481"}],"wp:attachment":[{"href":"https:\/\/blogdofarnesio.com.br\/index.php?rest_route=%2Fwp%2Fv2%2Fmedia&parent=171595"}],"wp:term":[{"taxonomy":"category","embeddable":true,"href":"https:\/\/blogdofarnesio.com.br\/index.php?rest_route=%2Fwp%2Fv2%2Fcategories&post=171595"},{"taxonomy":"post_tag","embeddable":true,"href":"https:\/\/blogdofarnesio.com.br\/index.php?rest_route=%2Fwp%2Fv2%2Ftags&post=171595"}],"curies":[{"name":"wp","href":"https:\/\/api.w.org\/{rel}","templated":true}]}}