{"id":17156,"date":"2012-09-06T07:46:12","date_gmt":"2012-09-06T07:46:12","guid":{"rendered":"http:\/\/www.quersaberpolitica.com.br?p=17156"},"modified":"-0001-11-30T00:00:00","modified_gmt":"-0001-11-30T03:00:00","slug":"secretaria-da-agricultura-quer-pac-do-semiarido-para-convivencia-com-a-seca","status":"publish","type":"post","link":"https:\/\/blogdofarnesio.com.br\/?p=17156","title":{"rendered":"Secretaria da Agricultura quer PAC do Semi\u00e1rido para conviv\u00eancia com a seca"},"content":{"rendered":"<p><strong style=\"font-family: arial, helvetica, sans-serif; font-size: medium; text-align: justify;\"><em>SEAGRI ITINERANTE<br \/><\/em><\/strong><span style=\"font-family: arial, helvetica, sans-serif; font-size: medium; text-align: justify;\">Crian&ccedil;as que nascerem daqui a um ano podem n&atilde;o conhecer o que &eacute; um cabrito<\/span><br style=\"font-family: arial, helvetica, sans-serif; font-size: medium; text-align: justify;\" \/><a style=\"font-family: arial, helvetica, sans-serif; font-size: medium; text-align: justify;\" rel=\"lightbox\" href=\"http:\/\/www.quersaberpolitica.com.br\/2016\/wp-content\/uploads\/2012\/12\/blogqsp.seagriintinerante.jpg\"><img loading=\"lazy\" decoding=\"async\" style=\"float: left; margin: 5px 10px;\" src=\"http:\/\/www.quersaberpolitica.com.br\/2016\/wp-content\/uploads\/2012\/12\/blogqsp.seagriintinerante.jpg\" alt=\"\" width=\"200\" height=\"133\" \/><\/a><span style=\"font-family: arial, helvetica, sans-serif; font-size: medium; text-align: justify;\">(Paulo Afonso, Choroch&oacute; e Macurur&eacute; &#8211; BA) &#8211; O secret&aacute;rio estadual da Agricultura, engenheiro agr&ocirc;nomo Eduardo Salles, vai propor &agrave; presidente Dilma Rousseff a cria&ccedil;&atilde;o do PAC do Semi&aacute;rido, com o objetivo de viabilizar a&ccedil;&otilde;es voltadas para estruturar o semi&aacute;rido para conviver com a seca. O an&uacute;ncio foi feito nesta ter&ccedil;a-feira (4) pelo pr&oacute;prio secret&aacute;rio diante de centenas de agricultores familiares dos territ&oacute;rios de identidade de Itaparica e do Semi&aacute;rido Nordeste II, marcando a abertura da 28&ordf; edi&ccedil;&atilde;o do programa Seagri Itinerante.<\/span><br style=\"font-family: arial, helvetica, sans-serif; font-size: medium; text-align: justify;\" \/><span style=\"font-family: arial, helvetica, sans-serif; font-size: medium; text-align: justify;\">A not&iacute;cia foi recebida com entusiasmo pelos agricultores dos munic&iacute;pios destes territ&oacute;rios, que est&atilde;o entre os mais afetados pela seca. A situa&ccedil;&atilde;o terr&iacute;vel provocada pela seca foi destacada pela agricultora Maria Pereira da Silva, de 60 anos e conhecida como Dona Lia, presidente do Sindicato de Trabalhadores Rurais de Macurur&eacute;. &#8220;Os rebanhos est&atilde;o desaparecendo. Se nada for feito com urg&ecirc;ncia, daqui a um ano, as crian&ccedil;as que nascerem n&atilde;o v&atilde;o saber o que &eacute; um cabrito&#8221;, profetizou.<\/span><br style=\"font-family: arial, helvetica, sans-serif; font-size: medium; text-align: justify;\" \/><span style=\"font-family: arial, helvetica, sans-serif; font-size: medium; text-align: justify;\">Salles explicou que uma proposta est&aacute; sendo elaborada, retratando os efeitos da longa estiagem no semi&aacute;rido baiano e justificando a proposta de cria&ccedil;&atilde;o do PAC do Semi&aacute;rido. &#8220;Queremos, dentro do Plano de Acelera&ccedil;&atilde;o do Crescimento (PAC), a libera&ccedil;&atilde;o de recursos destinados a perfurar po&ccedil;os artesianos, mesmo com &aacute;gua salobra, para dessedenta&ccedil;&atilde;o animal; planta&ccedil;&atilde;o de palma adensada, para forma&ccedil;&atilde;o de reserva estrat&eacute;gica de alimentos, e pequenas, m&eacute;dias e grandes barragens para perenizar riachos e rios do sert&atilde;o, dentre outras a&ccedil;&otilde;es&#8221;, informou o secret&aacute;rio, complementando que &#8220;com &aacute;gua para os animais, e reserva alimentar vamos ter melhores condi&ccedil;&otilde;es de conviver com o semi&aacute;rido&#8221;.<\/span><br style=\"font-family: arial, helvetica, sans-serif; font-size: medium; text-align: justify;\" \/><span style=\"font-family: arial, helvetica, sans-serif; font-size: medium; text-align: justify;\">O programa Seagri Itinerante foi criado pela Seagri com o objetivo de verificar in loco os problemas da agropecu&aacute;ria baiana, e levar o governo para mais perto do produtor. Esta edi&ccedil;&atilde;o est&aacute; sendo realizada tamb&eacute;m com a meta de debater com os agricultores, associa&ccedil;&otilde;es e cooperativas a&ccedil;&otilde;es destinadas a amenizar os efeitos da seca e preparar o semi&aacute;rido para a conviv&ecirc;ncia com a estiagem.<\/span><br style=\"font-family: arial, helvetica, sans-serif; font-size: medium; text-align: justify;\" \/><span style=\"font-family: arial, helvetica, sans-serif; font-size: medium; text-align: justify;\">Do encontro, realizado no Centro Paroquial de Choroch&oacute;, participaram, o assessor da superintend&ecirc;ncia do Banco do Nordeste do Brasil (BNB), Jos&eacute; Menezes J&uacute;nior: o diretor geral da Ag&ecirc;ncia de Defesa Agropecu&aacute;ria da Bahia (Adab), e o diretor de Defesa Animal, Paulo Em&iacute;lio Torres e Rui Leal; o coordenador de Desenvolvimento Agr&aacute;rio (CDA), Luiz Anselmo Souza; o gerente regional da Bahia Pesca, Gilvan Lima; o assessor da presid&ecirc;ncia da Empresa Baiana de Desenvolvimento Agr&iacute;cola (EBDA), Jos&eacute; Augusto; o diretor de agricultura da Superintend&ecirc;ncia de Desenvolvimento da Agropecu&aacute;ria (SDA), Almeida Junior; do superintendente da Companhia de Integra&ccedil;&atilde;o e A&ccedil;&atilde;o Regional (CAR\/Sedir), Dernival Oliveira Junior, al&eacute;m de prefeitos de munic&iacute;pios da regi&atilde;o, da presidente da Federa&ccedil;&atilde;o das Associa&ccedil;&otilde;es da 10&ordf; Regi&atilde;o, representantes da Funai e Codevasf, e da comunidade Tux&aacute;, de Rodelas.<\/span><br style=\"font-family: arial, helvetica, sans-serif; font-size: medium; text-align: justify;\" \/><span style=\"font-family: arial, helvetica, sans-serif; font-size: medium; text-align: justify;\">A itiner&acirc;ncia, que ser&aacute; encerrada no final da tarde desta quarta-feira (5), abrange os munic&iacute;pios de Paulo Afonso, Gl&oacute;ria, Macurur&eacute;, Chorroch&oacute;, Abar&eacute;, Santa Br&iacute;gida, Jeremoabo, Antas, S&iacute;tio do Quinto, Novo Triunfo e Adustina.<\/span><br style=\"font-family: arial, helvetica, sans-serif; font-size: medium; text-align: justify;\" \/><span style=\"font-family: arial, helvetica, sans-serif; font-size: medium; text-align: justify;\">O secret&aacute;rio Eduardo Salles apresentou as a&ccedil;&otilde;es emergenciais e estruturantes que foram e est&atilde;o sendo implementadas pelo governo do Estado no &acirc;mbito da agropecu&aacute;ria, em parceria com o governo federal, listando a prorroga&ccedil;&atilde;o das d&iacute;vidas vencidas e a vencer em 2012; renegocia&ccedil;&atilde;o e acesso a dinheiro novo; cr&eacute;dito emergencial; disponibiliza&ccedil;&atilde;o de milho no sistema de venda balc&atilde;o, pela Conab, a pre&ccedil;o subsidiado, e compra de caprinos e ovinos com doa&ccedil;&atilde;o simult&acirc;nea, dentre outras.<\/span><br style=\"font-family: arial, helvetica, sans-serif; font-size: medium; text-align: justify;\" \/><br style=\"font-family: arial, helvetica, sans-serif; font-size: medium; text-align: justify;\" \/><span style=\"font-family: arial, helvetica, sans-serif; font-size: medium; text-align: justify;\">Medida Provis&oacute;ria<\/span><br style=\"font-family: arial, helvetica, sans-serif; font-size: medium; text-align: justify;\" \/><span style=\"font-family: arial, helvetica, sans-serif; font-size: medium; text-align: justify;\">Ainda com rela&ccedil;&atilde;o &agrave; oferta de milho e diante da dificuldade que a Conab est&aacute; enfrentando para transferir o estoque de milho do Centro Oeste para a Bahia, por falta de carretas, o secret&aacute;rio Eduardo Salles, como presidente do Conselho Nacional dos Secret&aacute;rios de Agricultura (Conseagri), enviou of&iacute;cio &agrave; presidente Dilma Rousseff solicitando que o governo federal edite Medida Provis&oacute;ria (MP) autorizando a aquisi&ccedil;&atilde;o, pela Conab, de milho produzido na pr&oacute;pria regi&atilde;o Nordeste, ainda que a pre&ccedil;os mais elevados, para venda subsidiada aos pequenos criadores atingidos pelos efeitos da seca.<\/span><br style=\"font-family: arial, helvetica, sans-serif; font-size: medium; text-align: justify;\" \/><span style=\"font-family: arial, helvetica, sans-serif; font-size: medium; text-align: justify;\">No documento encaminhado &agrave; presidente da Rep&uacute;blica e aos ministros das pastas afins, Salles adverte que se a MP n&atilde;o for editada urgentemente, a situa&ccedil;&atilde;o pode atingir o caos, como a perda dos rebanhos.<\/span><br style=\"font-family: arial, helvetica, sans-serif; font-size: medium; text-align: justify;\" \/><span style=\"font-family: arial, helvetica, sans-serif; font-size: medium; text-align: justify;\">O secret&aacute;rio destacou ainda que o Conseagri, ap&oacute;s reuni&atilde;o na sede do BNDES, conseguiu com o banco e com o Minist&eacute;rio da Integra&ccedil;&atilde;o a libera&ccedil;&atilde;o de R$ 100 milh&otilde;es, n&atilde;o reembols&aacute;veis, para os estados do Nordeste, cabendo &agrave; Bahia R$ 22 milh&otilde;es. &#8220;Esse valor ser&aacute; aplicado na constru&ccedil;&atilde;o de 1.300 barragens subterr&acirc;neas nos munic&iacute;pios do semi&aacute;rido baiano que decretaram situa&ccedil;&atilde;o de emerg&ecirc;ncia por causa da seca&#8221;, informou o secret&aacute;rio.<\/span><br style=\"font-family: arial, helvetica, sans-serif; font-size: medium; text-align: justify;\" \/><br style=\"font-family: arial, helvetica, sans-serif; font-size: medium; text-align: justify;\" \/><span style=\"font-family: arial, helvetica, sans-serif; font-size: medium; text-align: justify;\">T&iacute;tulos de terra entregues<\/span><br style=\"font-family: arial, helvetica, sans-serif; font-size: medium; text-align: justify;\" \/><span style=\"font-family: arial, helvetica, sans-serif; font-size: medium; text-align: justify;\">Lembrando que na semana passada o governador Jaques Wagner entregou, simbolicamente 15 mil t&iacute;tulos de terra, resgatando um novo ciclo de regulariza&ccedil;&atilde;o fundi&aacute;ria na Bahia, o secret&aacute;rio Eduardo Salles e o coordenador da CDA, Luiz Anselmo Souza, entregaram dois t&iacute;tulos de terra aos agricultores familiares Andrea Ribeiro Maia e Abra&atilde;o Luis Ribeiro, representando os 200 t&iacute;tulos que ser&atilde;o entregues no Territ&oacute;rio de Itaparica, no dia 29 deste m&ecirc;s, nos escrit&oacute;rios da EBDA da regi&atilde;o.<\/span><br style=\"font-family: arial, helvetica, sans-serif; font-size: medium; text-align: justify;\" \/><span style=\"font-family: arial, helvetica, sans-serif; font-size: medium; text-align: justify;\">No final da tarde, a comitiva do secret&aacute;rio visitou as instala&ccedil;&otilde;es do Mercado de Produtores de Ib&oacute;, distrito do munic&iacute;pio de Abar&eacute;. O equipamento, constru&iacute;do h&aacute; mais de 20 anos e entregue &agrave; prefeitura local, est&aacute; em estado de abandono. O secret&aacute;rio discutiu com o presidente do Sindicato Rural, Miguel Justino, e com o presidente da Associa&ccedil;&atilde;o Nova Esperan&ccedil;a, que congrega os agricultores familiares do distrito, as formas de revitalizar o mercado, e tamb&eacute;m de colocar em funcionamento um abatedouro com capacidade de abate para 50 animais dia.<\/span><br style=\"font-family: arial, helvetica, sans-serif; font-size: medium; text-align: justify;\" \/><br style=\"font-family: arial, helvetica, sans-serif; font-size: medium; text-align: justify;\" \/><br style=\"font-family: arial, helvetica, sans-serif; font-size: medium; text-align: justify;\" \/><span style=\"font-family: arial, helvetica, sans-serif; font-size: medium; text-align: justify;\">Ascom Seagri<\/span><\/p>\n","protected":false},"excerpt":{"rendered":"<p>SEAGRI ITINERANTECrian&ccedil;as que nascerem daqui a um ano podem n&atilde;o conhecer o que &eacute; um cabrito(Paulo Afonso, Choroch&oacute; e Macurur&eacute; &#8211; BA) &#8211; O secret&aacute;rio estadual da Agricultura, engenheiro agr&ocirc;nomo Eduardo Salles, vai propor &agrave; presidente Dilma Rousseff a cria&ccedil;&atilde;o do PAC do Semi&aacute;rido, com o objetivo de viabilizar a&ccedil;&otilde;es voltadas para estruturar o semi&aacute;rido para conviver com a seca. O an&uacute;ncio foi feito nesta ter&ccedil;a-feira (4) pelo pr&oacute;prio secret&aacute;rio diante de centenas de agricultores familiares dos territ&oacute;rios de identidade de Itaparica e do Semi&aacute;rido Nordeste II, marcando a abertura da 28&ordf; edi&ccedil;&atilde;o do programa Seagri Itinerante.A not&iacute;cia foi recebida com entusiasmo pelos agricultores dos munic&iacute;pios destes territ&oacute;rios, que est&atilde;o entre os mais afetados pela seca. A situa&ccedil;&atilde;o terr&iacute;vel provocada&hellip; <\/p>\n","protected":false},"author":0,"featured_media":0,"comment_status":"open","ping_status":"open","sticky":false,"template":"","format":"standard","meta":{"_acf_changed":false,"footnotes":""},"categories":[43],"tags":[],"class_list":["post-17156","post","type-post","status-publish","format-standard","hentry","category-sem-categoria"],"acf":[],"yoast_head":"<!-- This site is optimized with the Yoast SEO plugin v27.4 - https:\/\/yoast.com\/product\/yoast-seo-wordpress\/ -->\n<title>Secretaria da Agricultura quer PAC do Semi\u00e1rido para conviv\u00eancia com a seca  - Blog do Farn\u00e9sio<\/title>\n<meta name=\"robots\" content=\"index, follow, max-snippet:-1, max-image-preview:large, max-video-preview:-1\" \/>\n<link rel=\"canonical\" href=\"https:\/\/blogdofarnesio.com.br\/?p=17156\" \/>\n<meta property=\"og:locale\" content=\"pt_BR\" \/>\n<meta property=\"og:type\" content=\"article\" \/>\n<meta property=\"og:title\" content=\"Secretaria da Agricultura quer PAC do Semi\u00e1rido para conviv\u00eancia com a seca  - Blog do Farn\u00e9sio\" \/>\n<meta property=\"og:description\" content=\"SEAGRI ITINERANTECrian&ccedil;as que nascerem daqui a um ano podem n&atilde;o conhecer o que &eacute; um cabrito(Paulo Afonso, Choroch&oacute; e Macurur&eacute; &#8211; BA) &#8211; O secret&aacute;rio estadual da Agricultura, engenheiro agr&ocirc;nomo Eduardo Salles, vai propor &agrave; presidente Dilma Rousseff a cria&ccedil;&atilde;o do PAC do Semi&aacute;rido, com o objetivo de viabilizar a&ccedil;&otilde;es voltadas para estruturar o semi&aacute;rido para conviver com a seca. O an&uacute;ncio foi feito nesta ter&ccedil;a-feira (4) pelo pr&oacute;prio secret&aacute;rio diante de centenas de agricultores familiares dos territ&oacute;rios de identidade de Itaparica e do Semi&aacute;rido Nordeste II, marcando a abertura da 28&ordf; edi&ccedil;&atilde;o do programa Seagri Itinerante.A not&iacute;cia foi recebida com entusiasmo pelos agricultores dos munic&iacute;pios destes territ&oacute;rios, que est&atilde;o entre os mais afetados pela seca. A situa&ccedil;&atilde;o terr&iacute;vel provocada&hellip;\" \/>\n<meta property=\"og:url\" content=\"https:\/\/blogdofarnesio.com.br\/?p=17156\" \/>\n<meta property=\"og:site_name\" content=\"Blog do Farn\u00e9sio\" \/>\n<meta property=\"article:publisher\" content=\"https:\/\/www.facebook.com\/BlogQuerSaberPolitica\/\" \/>\n<meta property=\"article:published_time\" content=\"2012-09-06T07:46:12+00:00\" \/>\n<meta property=\"og:image\" content=\"http:\/\/www.quersaberpolitica.com.br\/2016\/wp-content\/uploads\/2012\/12\/blogqsp.seagriintinerante.jpg\" \/>\n<meta name=\"twitter:card\" content=\"summary_large_image\" \/>\n<meta name=\"twitter:label1\" content=\"Est. tempo de leitura\" \/>\n\t<meta name=\"twitter:data1\" content=\"6 minutos\" \/>\n<script type=\"application\/ld+json\" class=\"yoast-schema-graph\">{\"@context\":\"https:\\\/\\\/schema.org\",\"@graph\":[{\"@type\":\"Article\",\"@id\":\"https:\\\/\\\/blogdofarnesio.com.br\\\/?p=17156#article\",\"isPartOf\":{\"@id\":\"https:\\\/\\\/blogdofarnesio.com.br\\\/?p=17156\"},\"author\":{\"name\":\"\",\"@id\":\"\"},\"headline\":\"Secretaria da Agricultura quer PAC do Semi\u00e1rido para conviv\u00eancia com a seca\",\"datePublished\":\"2012-09-06T07:46:12+00:00\",\"mainEntityOfPage\":{\"@id\":\"https:\\\/\\\/blogdofarnesio.com.br\\\/?p=17156\"},\"wordCount\":1270,\"commentCount\":0,\"publisher\":{\"@id\":\"https:\\\/\\\/blogdofarnesio.com.br\\\/#organization\"},\"image\":{\"@id\":\"https:\\\/\\\/blogdofarnesio.com.br\\\/?p=17156#primaryimage\"},\"thumbnailUrl\":\"http:\\\/\\\/www.quersaberpolitica.com.br\\\/2016\\\/wp-content\\\/uploads\\\/2012\\\/12\\\/blogqsp.seagriintinerante.jpg\",\"inLanguage\":\"pt-BR\",\"potentialAction\":[{\"@type\":\"CommentAction\",\"name\":\"Comment\",\"target\":[\"https:\\\/\\\/blogdofarnesio.com.br\\\/?p=17156#respond\"]}]},{\"@type\":\"WebPage\",\"@id\":\"https:\\\/\\\/blogdofarnesio.com.br\\\/?p=17156\",\"url\":\"https:\\\/\\\/blogdofarnesio.com.br\\\/?p=17156\",\"name\":\"Secretaria da Agricultura quer PAC do Semi\u00e1rido para conviv\u00eancia com a seca - Blog do Farn\u00e9sio\",\"isPartOf\":{\"@id\":\"https:\\\/\\\/blogdofarnesio.com.br\\\/#website\"},\"primaryImageOfPage\":{\"@id\":\"https:\\\/\\\/blogdofarnesio.com.br\\\/?p=17156#primaryimage\"},\"image\":{\"@id\":\"https:\\\/\\\/blogdofarnesio.com.br\\\/?p=17156#primaryimage\"},\"thumbnailUrl\":\"http:\\\/\\\/www.quersaberpolitica.com.br\\\/2016\\\/wp-content\\\/uploads\\\/2012\\\/12\\\/blogqsp.seagriintinerante.jpg\",\"datePublished\":\"2012-09-06T07:46:12+00:00\",\"breadcrumb\":{\"@id\":\"https:\\\/\\\/blogdofarnesio.com.br\\\/?p=17156#breadcrumb\"},\"inLanguage\":\"pt-BR\",\"potentialAction\":[{\"@type\":\"ReadAction\",\"target\":[\"https:\\\/\\\/blogdofarnesio.com.br\\\/?p=17156\"]}]},{\"@type\":\"ImageObject\",\"inLanguage\":\"pt-BR\",\"@id\":\"https:\\\/\\\/blogdofarnesio.com.br\\\/?p=17156#primaryimage\",\"url\":\"http:\\\/\\\/www.quersaberpolitica.com.br\\\/2016\\\/wp-content\\\/uploads\\\/2012\\\/12\\\/blogqsp.seagriintinerante.jpg\",\"contentUrl\":\"http:\\\/\\\/www.quersaberpolitica.com.br\\\/2016\\\/wp-content\\\/uploads\\\/2012\\\/12\\\/blogqsp.seagriintinerante.jpg\"},{\"@type\":\"BreadcrumbList\",\"@id\":\"https:\\\/\\\/blogdofarnesio.com.br\\\/?p=17156#breadcrumb\",\"itemListElement\":[{\"@type\":\"ListItem\",\"position\":1,\"name\":\"In\u00edcio\",\"item\":\"https:\\\/\\\/blogdofarnesio.com.br\\\/\"},{\"@type\":\"ListItem\",\"position\":2,\"name\":\"Secretaria da Agricultura quer PAC do Semi\u00e1rido para conviv\u00eancia com a seca\"}]},{\"@type\":\"WebSite\",\"@id\":\"https:\\\/\\\/blogdofarnesio.com.br\\\/#website\",\"url\":\"https:\\\/\\\/blogdofarnesio.com.br\\\/\",\"name\":\"Blog do Farn\u00e9sio\",\"description\":\"Quer Saber Pol\u00edtica?\",\"publisher\":{\"@id\":\"https:\\\/\\\/blogdofarnesio.com.br\\\/#organization\"},\"potentialAction\":[{\"@type\":\"SearchAction\",\"target\":{\"@type\":\"EntryPoint\",\"urlTemplate\":\"https:\\\/\\\/blogdofarnesio.com.br\\\/?s={search_term_string}\"},\"query-input\":{\"@type\":\"PropertyValueSpecification\",\"valueRequired\":true,\"valueName\":\"search_term_string\"}}],\"inLanguage\":\"pt-BR\"},{\"@type\":\"Organization\",\"@id\":\"https:\\\/\\\/blogdofarnesio.com.br\\\/#organization\",\"name\":\"Blog do Farn\u00e9sio\",\"url\":\"https:\\\/\\\/blogdofarnesio.com.br\\\/\",\"logo\":{\"@type\":\"ImageObject\",\"inLanguage\":\"pt-BR\",\"@id\":\"https:\\\/\\\/blogdofarnesio.com.br\\\/#\\\/schema\\\/logo\\\/image\\\/\",\"url\":\"https:\\\/\\\/blogdofarnesio.com.br\\\/wp-content\\\/uploads\\\/2026\\\/03\\\/cropped-logo_new-1.png\",\"contentUrl\":\"https:\\\/\\\/blogdofarnesio.com.br\\\/wp-content\\\/uploads\\\/2026\\\/03\\\/cropped-logo_new-1.png\",\"width\":881,\"height\":685,\"caption\":\"Blog do Farn\u00e9sio\"},\"image\":{\"@id\":\"https:\\\/\\\/blogdofarnesio.com.br\\\/#\\\/schema\\\/logo\\\/image\\\/\"},\"sameAs\":[\"https:\\\/\\\/www.facebook.com\\\/BlogQuerSaberPolitica\\\/\"]}]}<\/script>\n<!-- \/ Yoast SEO plugin. -->","yoast_head_json":{"title":"Secretaria da Agricultura quer PAC do Semi\u00e1rido para conviv\u00eancia com a seca  - Blog do Farn\u00e9sio","robots":{"index":"index","follow":"follow","max-snippet":"max-snippet:-1","max-image-preview":"max-image-preview:large","max-video-preview":"max-video-preview:-1"},"canonical":"https:\/\/blogdofarnesio.com.br\/?p=17156","og_locale":"pt_BR","og_type":"article","og_title":"Secretaria da Agricultura quer PAC do Semi\u00e1rido para conviv\u00eancia com a seca  - Blog do Farn\u00e9sio","og_description":"SEAGRI ITINERANTECrian&ccedil;as que nascerem daqui a um ano podem n&atilde;o conhecer o que &eacute; um cabrito(Paulo Afonso, Choroch&oacute; e Macurur&eacute; &#8211; BA) &#8211; O secret&aacute;rio estadual da Agricultura, engenheiro agr&ocirc;nomo Eduardo Salles, vai propor &agrave; presidente Dilma Rousseff a cria&ccedil;&atilde;o do PAC do Semi&aacute;rido, com o objetivo de viabilizar a&ccedil;&otilde;es voltadas para estruturar o semi&aacute;rido para conviver com a seca. O an&uacute;ncio foi feito nesta ter&ccedil;a-feira (4) pelo pr&oacute;prio secret&aacute;rio diante de centenas de agricultores familiares dos territ&oacute;rios de identidade de Itaparica e do Semi&aacute;rido Nordeste II, marcando a abertura da 28&ordf; edi&ccedil;&atilde;o do programa Seagri Itinerante.A not&iacute;cia foi recebida com entusiasmo pelos agricultores dos munic&iacute;pios destes territ&oacute;rios, que est&atilde;o entre os mais afetados pela seca. A situa&ccedil;&atilde;o terr&iacute;vel provocada&hellip;","og_url":"https:\/\/blogdofarnesio.com.br\/?p=17156","og_site_name":"Blog do Farn\u00e9sio","article_publisher":"https:\/\/www.facebook.com\/BlogQuerSaberPolitica\/","article_published_time":"2012-09-06T07:46:12+00:00","og_image":[{"url":"http:\/\/www.quersaberpolitica.com.br\/2016\/wp-content\/uploads\/2012\/12\/blogqsp.seagriintinerante.jpg","type":"","width":"","height":""}],"twitter_card":"summary_large_image","twitter_misc":{"Est. tempo de leitura":"6 minutos"},"schema":{"@context":"https:\/\/schema.org","@graph":[{"@type":"Article","@id":"https:\/\/blogdofarnesio.com.br\/?p=17156#article","isPartOf":{"@id":"https:\/\/blogdofarnesio.com.br\/?p=17156"},"author":{"name":"","@id":""},"headline":"Secretaria da Agricultura quer PAC do Semi\u00e1rido para conviv\u00eancia com a seca","datePublished":"2012-09-06T07:46:12+00:00","mainEntityOfPage":{"@id":"https:\/\/blogdofarnesio.com.br\/?p=17156"},"wordCount":1270,"commentCount":0,"publisher":{"@id":"https:\/\/blogdofarnesio.com.br\/#organization"},"image":{"@id":"https:\/\/blogdofarnesio.com.br\/?p=17156#primaryimage"},"thumbnailUrl":"http:\/\/www.quersaberpolitica.com.br\/2016\/wp-content\/uploads\/2012\/12\/blogqsp.seagriintinerante.jpg","inLanguage":"pt-BR","potentialAction":[{"@type":"CommentAction","name":"Comment","target":["https:\/\/blogdofarnesio.com.br\/?p=17156#respond"]}]},{"@type":"WebPage","@id":"https:\/\/blogdofarnesio.com.br\/?p=17156","url":"https:\/\/blogdofarnesio.com.br\/?p=17156","name":"Secretaria da Agricultura quer PAC do Semi\u00e1rido para conviv\u00eancia com a seca - Blog do Farn\u00e9sio","isPartOf":{"@id":"https:\/\/blogdofarnesio.com.br\/#website"},"primaryImageOfPage":{"@id":"https:\/\/blogdofarnesio.com.br\/?p=17156#primaryimage"},"image":{"@id":"https:\/\/blogdofarnesio.com.br\/?p=17156#primaryimage"},"thumbnailUrl":"http:\/\/www.quersaberpolitica.com.br\/2016\/wp-content\/uploads\/2012\/12\/blogqsp.seagriintinerante.jpg","datePublished":"2012-09-06T07:46:12+00:00","breadcrumb":{"@id":"https:\/\/blogdofarnesio.com.br\/?p=17156#breadcrumb"},"inLanguage":"pt-BR","potentialAction":[{"@type":"ReadAction","target":["https:\/\/blogdofarnesio.com.br\/?p=17156"]}]},{"@type":"ImageObject","inLanguage":"pt-BR","@id":"https:\/\/blogdofarnesio.com.br\/?p=17156#primaryimage","url":"http:\/\/www.quersaberpolitica.com.br\/2016\/wp-content\/uploads\/2012\/12\/blogqsp.seagriintinerante.jpg","contentUrl":"http:\/\/www.quersaberpolitica.com.br\/2016\/wp-content\/uploads\/2012\/12\/blogqsp.seagriintinerante.jpg"},{"@type":"BreadcrumbList","@id":"https:\/\/blogdofarnesio.com.br\/?p=17156#breadcrumb","itemListElement":[{"@type":"ListItem","position":1,"name":"In\u00edcio","item":"https:\/\/blogdofarnesio.com.br\/"},{"@type":"ListItem","position":2,"name":"Secretaria da Agricultura quer PAC do Semi\u00e1rido para conviv\u00eancia com a seca"}]},{"@type":"WebSite","@id":"https:\/\/blogdofarnesio.com.br\/#website","url":"https:\/\/blogdofarnesio.com.br\/","name":"Blog do Farn\u00e9sio","description":"Quer Saber Pol\u00edtica?","publisher":{"@id":"https:\/\/blogdofarnesio.com.br\/#organization"},"potentialAction":[{"@type":"SearchAction","target":{"@type":"EntryPoint","urlTemplate":"https:\/\/blogdofarnesio.com.br\/?s={search_term_string}"},"query-input":{"@type":"PropertyValueSpecification","valueRequired":true,"valueName":"search_term_string"}}],"inLanguage":"pt-BR"},{"@type":"Organization","@id":"https:\/\/blogdofarnesio.com.br\/#organization","name":"Blog do Farn\u00e9sio","url":"https:\/\/blogdofarnesio.com.br\/","logo":{"@type":"ImageObject","inLanguage":"pt-BR","@id":"https:\/\/blogdofarnesio.com.br\/#\/schema\/logo\/image\/","url":"https:\/\/blogdofarnesio.com.br\/wp-content\/uploads\/2026\/03\/cropped-logo_new-1.png","contentUrl":"https:\/\/blogdofarnesio.com.br\/wp-content\/uploads\/2026\/03\/cropped-logo_new-1.png","width":881,"height":685,"caption":"Blog do Farn\u00e9sio"},"image":{"@id":"https:\/\/blogdofarnesio.com.br\/#\/schema\/logo\/image\/"},"sameAs":["https:\/\/www.facebook.com\/BlogQuerSaberPolitica\/"]}]}},"_links":{"self":[{"href":"https:\/\/blogdofarnesio.com.br\/index.php?rest_route=\/wp\/v2\/posts\/17156","targetHints":{"allow":["GET"]}}],"collection":[{"href":"https:\/\/blogdofarnesio.com.br\/index.php?rest_route=\/wp\/v2\/posts"}],"about":[{"href":"https:\/\/blogdofarnesio.com.br\/index.php?rest_route=\/wp\/v2\/types\/post"}],"replies":[{"embeddable":true,"href":"https:\/\/blogdofarnesio.com.br\/index.php?rest_route=%2Fwp%2Fv2%2Fcomments&post=17156"}],"version-history":[{"count":0,"href":"https:\/\/blogdofarnesio.com.br\/index.php?rest_route=\/wp\/v2\/posts\/17156\/revisions"}],"wp:attachment":[{"href":"https:\/\/blogdofarnesio.com.br\/index.php?rest_route=%2Fwp%2Fv2%2Fmedia&parent=17156"}],"wp:term":[{"taxonomy":"category","embeddable":true,"href":"https:\/\/blogdofarnesio.com.br\/index.php?rest_route=%2Fwp%2Fv2%2Fcategories&post=17156"},{"taxonomy":"post_tag","embeddable":true,"href":"https:\/\/blogdofarnesio.com.br\/index.php?rest_route=%2Fwp%2Fv2%2Ftags&post=17156"}],"curies":[{"name":"wp","href":"https:\/\/api.w.org\/{rel}","templated":true}]}}