{"id":171483,"date":"2017-07-13T10:02:29","date_gmt":"2017-07-13T13:02:29","guid":{"rendered":"http:\/\/quersaberpolitica.com.br\/2016\/?p=171483"},"modified":"2017-07-12T21:20:33","modified_gmt":"2017-07-13T00:20:33","slug":"servicos-da-apami-tem-reconhecimento-nacional-pela-entidade-americas-amigas","status":"publish","type":"post","link":"https:\/\/blogdofarnesio.com.br\/?p=171483","title":{"rendered":"SERVI\u00c7OS DA APAMI TEM RECONHECIMENTO  NACIONAL PELA ENTIDADE &#8220;AM\u00c9RICAS AMIGAS&#8221;"},"content":{"rendered":"<div dir=\"ltr\"><b><\/b><\/p>\n<div><\/div>\n<div>Uma avalia\u00e7\u00e3o realizada pela institui\u00e7\u00e3o n\u00e3o governamental, Am\u00e9ricas Amigas, ressaltou em mais um ano a qualidade dos servi\u00e7os de mamografia realizado na Apami. No relat\u00f3rio, a entidade verificou que na compara\u00e7\u00e3o dos anos 2015 e 2016 a Apami al\u00e9m de cumprir a meta comprometida, tamb\u00e9m conseguiu elevar o n\u00famero de exames em cerca de 4,5%.<\/div>\n<div><\/div>\n<div>\n<div>&#8220;Tal resultado nos deixa bastante satisfeitos, pois evidencia o comprometimento com o acordado com a Am\u00e9ricas Amigas e a preocupa\u00e7\u00e3o em aumentar a oferta de exames para mulheres das classes economicamente menos favorecidas. Estamos certos de que esta iniciativa est\u00e1 contribuindo satisfatoriamente para o aumento da detec\u00e7\u00e3o precoce da doen\u00e7a&#8221;, afirmou a presidente da institui\u00e7\u00e3o, Andr\u00e9a da Veiga.<\/div>\n<div><\/div>\n<div>Em 2016 os profissionais da Apami participaram pelo terceiro ano consecutivo dos cursos de treinamento em preven\u00e7\u00e3o do c\u00e2ncer de mama com \u00eanfase em qualidade; reciclagem para t\u00e9cnicos em mamografia e controle de qualidade cl\u00ednico em mamografia voltado para radiologistas, oferecidos pela Am\u00e9ricas Amigas em parceria com a Faculdade de Ci\u00eancias da Sa\u00fade de Barretos Dr. Paulo Prata (FACISB). As aulas pr\u00e1ticas foram realizadas no Departamento de Preven\u00e7\u00e3o do Hospital de C\u00e2ncer de Barretos (HCP).<\/div>\n<div><\/div>\n<p>&#8220;Temos a preocupa\u00e7\u00e3o em oferecer permanente treinamento e capacita\u00e7\u00e3o dos nossos profissionais de sa\u00fade para oferecer servi\u00e7os de qualidade em benef\u00edcio dos clientes. Sem d\u00favidas, estamos felizes com os resultados&#8221;, afirmou o administrador da Apami, Antonio Dion Barbosa.<\/p><\/div>\n<div><\/div>\n<div>Am\u00e9ricas Amigas<\/div>\n<div><\/div>\n<div>Organiza\u00e7\u00e3o N\u00e3o Governamental e Entidade Promotora dos Direitos Humanos, a Am\u00e9ricas Amigas luta pela queda de mortalidade por c\u00e2ncer de mama no Brasil, beneficiando principalmente a popula\u00e7\u00e3o de baixa renda.<\/p>\n<p>As a\u00e7\u00f5es da associa\u00e7\u00e3o englobam: doa\u00e7\u00e3o de mam\u00f3grafos, doa\u00e7\u00e3o de exames de mamografia, treinamento e capacita\u00e7\u00e3o de profissionais da \u00e1rea de c\u00e2ncer de mama e campanhas de conscientiza\u00e7\u00e3o e informa\u00e7\u00e3o sobre a doen\u00e7a.<\/p><\/div>\n<\/div>\n<div dir=\"ltr\">____________________<\/div>\n<div dir=\"ltr\">Assessoria de Imprensa<\/p>\n<div>Apami Petrolina<\/div>\n<\/div>\n","protected":false},"excerpt":{"rendered":"<p>Uma avalia\u00e7\u00e3o realizada pela institui\u00e7\u00e3o n\u00e3o governamental, Am\u00e9ricas Amigas, ressaltou em mais um ano a qualidade dos servi\u00e7os de mamografia realizado na Apami. No relat\u00f3rio, a entidade verificou que na compara\u00e7\u00e3o dos anos 2015 e 2016 a Apami al\u00e9m de cumprir a meta comprometida, tamb\u00e9m conseguiu elevar o n\u00famero de exames em cerca de 4,5%. &#8220;Tal resultado nos deixa bastante satisfeitos, pois evidencia o comprometimento com o acordado com a Am\u00e9ricas Amigas e a preocupa\u00e7\u00e3o em aumentar a oferta de exames para mulheres das classes economicamente menos favorecidas. Estamos certos de que esta iniciativa est\u00e1 contribuindo satisfatoriamente para o aumento da detec\u00e7\u00e3o precoce da doen\u00e7a&#8221;, afirmou a presidente da institui\u00e7\u00e3o, Andr\u00e9a da Veiga. Em 2016 os profissionais da Apami participaram&hellip; <\/p>\n","protected":false},"author":1,"featured_media":171404,"comment_status":"open","ping_status":"open","sticky":false,"template":"","format":"standard","meta":{"_acf_changed":false,"footnotes":""},"categories":[22,4],"tags":[],"class_list":["post-171483","post","type-post","status-publish","format-standard","has-post-thumbnail","hentry","category-acao-social","category-saude"],"acf":[],"yoast_head":"<!-- This site is optimized with the Yoast SEO plugin v27.4 - https:\/\/yoast.com\/product\/yoast-seo-wordpress\/ -->\n<title>SERVI\u00c7OS DA APAMI TEM RECONHECIMENTO NACIONAL PELA ENTIDADE &quot;AM\u00c9RICAS AMIGAS&quot; - Blog do Farn\u00e9sio<\/title>\n<meta name=\"robots\" content=\"index, follow, max-snippet:-1, max-image-preview:large, max-video-preview:-1\" \/>\n<link rel=\"canonical\" href=\"https:\/\/blogdofarnesio.com.br\/?p=171483\" \/>\n<meta property=\"og:locale\" content=\"pt_BR\" \/>\n<meta property=\"og:type\" content=\"article\" \/>\n<meta property=\"og:title\" content=\"SERVI\u00c7OS DA APAMI TEM RECONHECIMENTO NACIONAL PELA ENTIDADE &quot;AM\u00c9RICAS AMIGAS&quot; - Blog do Farn\u00e9sio\" \/>\n<meta property=\"og:description\" content=\"Uma avalia\u00e7\u00e3o realizada pela institui\u00e7\u00e3o n\u00e3o governamental, Am\u00e9ricas Amigas, ressaltou em mais um ano a qualidade dos servi\u00e7os de mamografia realizado na Apami. No relat\u00f3rio, a entidade verificou que na compara\u00e7\u00e3o dos anos 2015 e 2016 a Apami al\u00e9m de cumprir a meta comprometida, tamb\u00e9m conseguiu elevar o n\u00famero de exames em cerca de 4,5%. &#8220;Tal resultado nos deixa bastante satisfeitos, pois evidencia o comprometimento com o acordado com a Am\u00e9ricas Amigas e a preocupa\u00e7\u00e3o em aumentar a oferta de exames para mulheres das classes economicamente menos favorecidas. Estamos certos de que esta iniciativa est\u00e1 contribuindo satisfatoriamente para o aumento da detec\u00e7\u00e3o precoce da doen\u00e7a&#8221;, afirmou a presidente da institui\u00e7\u00e3o, Andr\u00e9a da Veiga. Em 2016 os profissionais da Apami participaram&hellip;\" \/>\n<meta property=\"og:url\" content=\"https:\/\/blogdofarnesio.com.br\/?p=171483\" \/>\n<meta property=\"og:site_name\" content=\"Blog do Farn\u00e9sio\" \/>\n<meta property=\"article:publisher\" content=\"https:\/\/www.facebook.com\/BlogQuerSaberPolitica\/\" \/>\n<meta property=\"article:published_time\" content=\"2017-07-13T13:02:29+00:00\" \/>\n<meta property=\"og:image\" content=\"https:\/\/blogdofarnesio.com.br\/wp-content\/uploads\/2017\/07\/blogqsp-apami-e1499905189789.jpg\" \/>\n\t<meta property=\"og:image:width\" content=\"618\" \/>\n\t<meta property=\"og:image:height\" content=\"412\" \/>\n\t<meta property=\"og:image:type\" content=\"image\/jpeg\" \/>\n<meta name=\"author\" content=\"Farn\u00e9sio\" \/>\n<meta name=\"twitter:card\" content=\"summary_large_image\" \/>\n<meta name=\"twitter:label1\" content=\"Escrito por\" \/>\n\t<meta name=\"twitter:data1\" content=\"Farn\u00e9sio\" \/>\n\t<meta name=\"twitter:label2\" content=\"Est. tempo de leitura\" \/>\n\t<meta name=\"twitter:data2\" content=\"2 minutos\" \/>\n<script type=\"application\/ld+json\" class=\"yoast-schema-graph\">{\"@context\":\"https:\\\/\\\/schema.org\",\"@graph\":[{\"@type\":\"Article\",\"@id\":\"https:\\\/\\\/blogdofarnesio.com.br\\\/?p=171483#article\",\"isPartOf\":{\"@id\":\"https:\\\/\\\/blogdofarnesio.com.br\\\/?p=171483\"},\"author\":{\"name\":\"Farn\u00e9sio\",\"@id\":\"https:\\\/\\\/blogdofarnesio.com.br\\\/#\\\/schema\\\/person\\\/301c4acf522bccbfdb45af95b5b906a1\"},\"headline\":\"SERVI\u00c7OS DA APAMI TEM RECONHECIMENTO NACIONAL PELA ENTIDADE &#8220;AM\u00c9RICAS AMIGAS&#8221;\",\"datePublished\":\"2017-07-13T13:02:29+00:00\",\"mainEntityOfPage\":{\"@id\":\"https:\\\/\\\/blogdofarnesio.com.br\\\/?p=171483\"},\"wordCount\":352,\"commentCount\":0,\"publisher\":{\"@id\":\"https:\\\/\\\/blogdofarnesio.com.br\\\/#organization\"},\"image\":{\"@id\":\"https:\\\/\\\/blogdofarnesio.com.br\\\/?p=171483#primaryimage\"},\"thumbnailUrl\":\"https:\\\/\\\/blogdofarnesio.com.br\\\/wp-content\\\/uploads\\\/2017\\\/07\\\/blogqsp-apami-e1499905189789.jpg\",\"articleSection\":[\"A\u00e7\u00e3o Social\",\"Sa\u00fade\"],\"inLanguage\":\"pt-BR\",\"potentialAction\":[{\"@type\":\"CommentAction\",\"name\":\"Comment\",\"target\":[\"https:\\\/\\\/blogdofarnesio.com.br\\\/?p=171483#respond\"]}]},{\"@type\":\"WebPage\",\"@id\":\"https:\\\/\\\/blogdofarnesio.com.br\\\/?p=171483\",\"url\":\"https:\\\/\\\/blogdofarnesio.com.br\\\/?p=171483\",\"name\":\"SERVI\u00c7OS DA APAMI TEM RECONHECIMENTO NACIONAL PELA ENTIDADE \\\"AM\u00c9RICAS AMIGAS\\\" - Blog do Farn\u00e9sio\",\"isPartOf\":{\"@id\":\"https:\\\/\\\/blogdofarnesio.com.br\\\/#website\"},\"primaryImageOfPage\":{\"@id\":\"https:\\\/\\\/blogdofarnesio.com.br\\\/?p=171483#primaryimage\"},\"image\":{\"@id\":\"https:\\\/\\\/blogdofarnesio.com.br\\\/?p=171483#primaryimage\"},\"thumbnailUrl\":\"https:\\\/\\\/blogdofarnesio.com.br\\\/wp-content\\\/uploads\\\/2017\\\/07\\\/blogqsp-apami-e1499905189789.jpg\",\"datePublished\":\"2017-07-13T13:02:29+00:00\",\"breadcrumb\":{\"@id\":\"https:\\\/\\\/blogdofarnesio.com.br\\\/?p=171483#breadcrumb\"},\"inLanguage\":\"pt-BR\",\"potentialAction\":[{\"@type\":\"ReadAction\",\"target\":[\"https:\\\/\\\/blogdofarnesio.com.br\\\/?p=171483\"]}]},{\"@type\":\"ImageObject\",\"inLanguage\":\"pt-BR\",\"@id\":\"https:\\\/\\\/blogdofarnesio.com.br\\\/?p=171483#primaryimage\",\"url\":\"https:\\\/\\\/blogdofarnesio.com.br\\\/wp-content\\\/uploads\\\/2017\\\/07\\\/blogqsp-apami-e1499905189789.jpg\",\"contentUrl\":\"https:\\\/\\\/blogdofarnesio.com.br\\\/wp-content\\\/uploads\\\/2017\\\/07\\\/blogqsp-apami-e1499905189789.jpg\",\"width\":618,\"height\":412},{\"@type\":\"BreadcrumbList\",\"@id\":\"https:\\\/\\\/blogdofarnesio.com.br\\\/?p=171483#breadcrumb\",\"itemListElement\":[{\"@type\":\"ListItem\",\"position\":1,\"name\":\"In\u00edcio\",\"item\":\"https:\\\/\\\/blogdofarnesio.com.br\\\/\"},{\"@type\":\"ListItem\",\"position\":2,\"name\":\"SERVI\u00c7OS DA APAMI TEM RECONHECIMENTO NACIONAL PELA ENTIDADE &#8220;AM\u00c9RICAS AMIGAS&#8221;\"}]},{\"@type\":\"WebSite\",\"@id\":\"https:\\\/\\\/blogdofarnesio.com.br\\\/#website\",\"url\":\"https:\\\/\\\/blogdofarnesio.com.br\\\/\",\"name\":\"Blog do Farn\u00e9sio\",\"description\":\"Quer Saber Pol\u00edtica?\",\"publisher\":{\"@id\":\"https:\\\/\\\/blogdofarnesio.com.br\\\/#organization\"},\"potentialAction\":[{\"@type\":\"SearchAction\",\"target\":{\"@type\":\"EntryPoint\",\"urlTemplate\":\"https:\\\/\\\/blogdofarnesio.com.br\\\/?s={search_term_string}\"},\"query-input\":{\"@type\":\"PropertyValueSpecification\",\"valueRequired\":true,\"valueName\":\"search_term_string\"}}],\"inLanguage\":\"pt-BR\"},{\"@type\":\"Organization\",\"@id\":\"https:\\\/\\\/blogdofarnesio.com.br\\\/#organization\",\"name\":\"Blog do Farn\u00e9sio\",\"url\":\"https:\\\/\\\/blogdofarnesio.com.br\\\/\",\"logo\":{\"@type\":\"ImageObject\",\"inLanguage\":\"pt-BR\",\"@id\":\"https:\\\/\\\/blogdofarnesio.com.br\\\/#\\\/schema\\\/logo\\\/image\\\/\",\"url\":\"https:\\\/\\\/blogdofarnesio.com.br\\\/wp-content\\\/uploads\\\/2026\\\/03\\\/cropped-logo_new-1.png\",\"contentUrl\":\"https:\\\/\\\/blogdofarnesio.com.br\\\/wp-content\\\/uploads\\\/2026\\\/03\\\/cropped-logo_new-1.png\",\"width\":881,\"height\":685,\"caption\":\"Blog do Farn\u00e9sio\"},\"image\":{\"@id\":\"https:\\\/\\\/blogdofarnesio.com.br\\\/#\\\/schema\\\/logo\\\/image\\\/\"},\"sameAs\":[\"https:\\\/\\\/www.facebook.com\\\/BlogQuerSaberPolitica\\\/\"]},{\"@type\":\"Person\",\"@id\":\"https:\\\/\\\/blogdofarnesio.com.br\\\/#\\\/schema\\\/person\\\/301c4acf522bccbfdb45af95b5b906a1\",\"name\":\"Farn\u00e9sio\",\"image\":{\"@type\":\"ImageObject\",\"inLanguage\":\"pt-BR\",\"@id\":\"https:\\\/\\\/secure.gravatar.com\\\/avatar\\\/df0c9a14567c056f8ad6876ba5bbd1e3e2c48023eb6807342fc4663adf549f38?s=96&d=mm&r=g\",\"url\":\"https:\\\/\\\/secure.gravatar.com\\\/avatar\\\/df0c9a14567c056f8ad6876ba5bbd1e3e2c48023eb6807342fc4663adf549f38?s=96&d=mm&r=g\",\"contentUrl\":\"https:\\\/\\\/secure.gravatar.com\\\/avatar\\\/df0c9a14567c056f8ad6876ba5bbd1e3e2c48023eb6807342fc4663adf549f38?s=96&d=mm&r=g\",\"caption\":\"Farn\u00e9sio\"},\"sameAs\":[\"https:\\\/\\\/quersaberpolitica.com.br\"],\"url\":\"https:\\\/\\\/blogdofarnesio.com.br\\\/?author=1\"}]}<\/script>\n<!-- \/ Yoast SEO plugin. -->","yoast_head_json":{"title":"SERVI\u00c7OS DA APAMI TEM RECONHECIMENTO NACIONAL PELA ENTIDADE \"AM\u00c9RICAS AMIGAS\" - Blog do Farn\u00e9sio","robots":{"index":"index","follow":"follow","max-snippet":"max-snippet:-1","max-image-preview":"max-image-preview:large","max-video-preview":"max-video-preview:-1"},"canonical":"https:\/\/blogdofarnesio.com.br\/?p=171483","og_locale":"pt_BR","og_type":"article","og_title":"SERVI\u00c7OS DA APAMI TEM RECONHECIMENTO NACIONAL PELA ENTIDADE \"AM\u00c9RICAS AMIGAS\" - Blog do Farn\u00e9sio","og_description":"Uma avalia\u00e7\u00e3o realizada pela institui\u00e7\u00e3o n\u00e3o governamental, Am\u00e9ricas Amigas, ressaltou em mais um ano a qualidade dos servi\u00e7os de mamografia realizado na Apami. No relat\u00f3rio, a entidade verificou que na compara\u00e7\u00e3o dos anos 2015 e 2016 a Apami al\u00e9m de cumprir a meta comprometida, tamb\u00e9m conseguiu elevar o n\u00famero de exames em cerca de 4,5%. &#8220;Tal resultado nos deixa bastante satisfeitos, pois evidencia o comprometimento com o acordado com a Am\u00e9ricas Amigas e a preocupa\u00e7\u00e3o em aumentar a oferta de exames para mulheres das classes economicamente menos favorecidas. Estamos certos de que esta iniciativa est\u00e1 contribuindo satisfatoriamente para o aumento da detec\u00e7\u00e3o precoce da doen\u00e7a&#8221;, afirmou a presidente da institui\u00e7\u00e3o, Andr\u00e9a da Veiga. Em 2016 os profissionais da Apami participaram&hellip;","og_url":"https:\/\/blogdofarnesio.com.br\/?p=171483","og_site_name":"Blog do Farn\u00e9sio","article_publisher":"https:\/\/www.facebook.com\/BlogQuerSaberPolitica\/","article_published_time":"2017-07-13T13:02:29+00:00","og_image":[{"width":618,"height":412,"url":"https:\/\/blogdofarnesio.com.br\/wp-content\/uploads\/2017\/07\/blogqsp-apami-e1499905189789.jpg","type":"image\/jpeg"}],"author":"Farn\u00e9sio","twitter_card":"summary_large_image","twitter_misc":{"Escrito por":"Farn\u00e9sio","Est. tempo de leitura":"2 minutos"},"schema":{"@context":"https:\/\/schema.org","@graph":[{"@type":"Article","@id":"https:\/\/blogdofarnesio.com.br\/?p=171483#article","isPartOf":{"@id":"https:\/\/blogdofarnesio.com.br\/?p=171483"},"author":{"name":"Farn\u00e9sio","@id":"https:\/\/blogdofarnesio.com.br\/#\/schema\/person\/301c4acf522bccbfdb45af95b5b906a1"},"headline":"SERVI\u00c7OS DA APAMI TEM RECONHECIMENTO NACIONAL PELA ENTIDADE &#8220;AM\u00c9RICAS AMIGAS&#8221;","datePublished":"2017-07-13T13:02:29+00:00","mainEntityOfPage":{"@id":"https:\/\/blogdofarnesio.com.br\/?p=171483"},"wordCount":352,"commentCount":0,"publisher":{"@id":"https:\/\/blogdofarnesio.com.br\/#organization"},"image":{"@id":"https:\/\/blogdofarnesio.com.br\/?p=171483#primaryimage"},"thumbnailUrl":"https:\/\/blogdofarnesio.com.br\/wp-content\/uploads\/2017\/07\/blogqsp-apami-e1499905189789.jpg","articleSection":["A\u00e7\u00e3o Social","Sa\u00fade"],"inLanguage":"pt-BR","potentialAction":[{"@type":"CommentAction","name":"Comment","target":["https:\/\/blogdofarnesio.com.br\/?p=171483#respond"]}]},{"@type":"WebPage","@id":"https:\/\/blogdofarnesio.com.br\/?p=171483","url":"https:\/\/blogdofarnesio.com.br\/?p=171483","name":"SERVI\u00c7OS DA APAMI TEM RECONHECIMENTO NACIONAL PELA ENTIDADE \"AM\u00c9RICAS AMIGAS\" - Blog do Farn\u00e9sio","isPartOf":{"@id":"https:\/\/blogdofarnesio.com.br\/#website"},"primaryImageOfPage":{"@id":"https:\/\/blogdofarnesio.com.br\/?p=171483#primaryimage"},"image":{"@id":"https:\/\/blogdofarnesio.com.br\/?p=171483#primaryimage"},"thumbnailUrl":"https:\/\/blogdofarnesio.com.br\/wp-content\/uploads\/2017\/07\/blogqsp-apami-e1499905189789.jpg","datePublished":"2017-07-13T13:02:29+00:00","breadcrumb":{"@id":"https:\/\/blogdofarnesio.com.br\/?p=171483#breadcrumb"},"inLanguage":"pt-BR","potentialAction":[{"@type":"ReadAction","target":["https:\/\/blogdofarnesio.com.br\/?p=171483"]}]},{"@type":"ImageObject","inLanguage":"pt-BR","@id":"https:\/\/blogdofarnesio.com.br\/?p=171483#primaryimage","url":"https:\/\/blogdofarnesio.com.br\/wp-content\/uploads\/2017\/07\/blogqsp-apami-e1499905189789.jpg","contentUrl":"https:\/\/blogdofarnesio.com.br\/wp-content\/uploads\/2017\/07\/blogqsp-apami-e1499905189789.jpg","width":618,"height":412},{"@type":"BreadcrumbList","@id":"https:\/\/blogdofarnesio.com.br\/?p=171483#breadcrumb","itemListElement":[{"@type":"ListItem","position":1,"name":"In\u00edcio","item":"https:\/\/blogdofarnesio.com.br\/"},{"@type":"ListItem","position":2,"name":"SERVI\u00c7OS DA APAMI TEM RECONHECIMENTO NACIONAL PELA ENTIDADE &#8220;AM\u00c9RICAS AMIGAS&#8221;"}]},{"@type":"WebSite","@id":"https:\/\/blogdofarnesio.com.br\/#website","url":"https:\/\/blogdofarnesio.com.br\/","name":"Blog do Farn\u00e9sio","description":"Quer Saber Pol\u00edtica?","publisher":{"@id":"https:\/\/blogdofarnesio.com.br\/#organization"},"potentialAction":[{"@type":"SearchAction","target":{"@type":"EntryPoint","urlTemplate":"https:\/\/blogdofarnesio.com.br\/?s={search_term_string}"},"query-input":{"@type":"PropertyValueSpecification","valueRequired":true,"valueName":"search_term_string"}}],"inLanguage":"pt-BR"},{"@type":"Organization","@id":"https:\/\/blogdofarnesio.com.br\/#organization","name":"Blog do Farn\u00e9sio","url":"https:\/\/blogdofarnesio.com.br\/","logo":{"@type":"ImageObject","inLanguage":"pt-BR","@id":"https:\/\/blogdofarnesio.com.br\/#\/schema\/logo\/image\/","url":"https:\/\/blogdofarnesio.com.br\/wp-content\/uploads\/2026\/03\/cropped-logo_new-1.png","contentUrl":"https:\/\/blogdofarnesio.com.br\/wp-content\/uploads\/2026\/03\/cropped-logo_new-1.png","width":881,"height":685,"caption":"Blog do Farn\u00e9sio"},"image":{"@id":"https:\/\/blogdofarnesio.com.br\/#\/schema\/logo\/image\/"},"sameAs":["https:\/\/www.facebook.com\/BlogQuerSaberPolitica\/"]},{"@type":"Person","@id":"https:\/\/blogdofarnesio.com.br\/#\/schema\/person\/301c4acf522bccbfdb45af95b5b906a1","name":"Farn\u00e9sio","image":{"@type":"ImageObject","inLanguage":"pt-BR","@id":"https:\/\/secure.gravatar.com\/avatar\/df0c9a14567c056f8ad6876ba5bbd1e3e2c48023eb6807342fc4663adf549f38?s=96&d=mm&r=g","url":"https:\/\/secure.gravatar.com\/avatar\/df0c9a14567c056f8ad6876ba5bbd1e3e2c48023eb6807342fc4663adf549f38?s=96&d=mm&r=g","contentUrl":"https:\/\/secure.gravatar.com\/avatar\/df0c9a14567c056f8ad6876ba5bbd1e3e2c48023eb6807342fc4663adf549f38?s=96&d=mm&r=g","caption":"Farn\u00e9sio"},"sameAs":["https:\/\/quersaberpolitica.com.br"],"url":"https:\/\/blogdofarnesio.com.br\/?author=1"}]}},"_links":{"self":[{"href":"https:\/\/blogdofarnesio.com.br\/index.php?rest_route=\/wp\/v2\/posts\/171483","targetHints":{"allow":["GET"]}}],"collection":[{"href":"https:\/\/blogdofarnesio.com.br\/index.php?rest_route=\/wp\/v2\/posts"}],"about":[{"href":"https:\/\/blogdofarnesio.com.br\/index.php?rest_route=\/wp\/v2\/types\/post"}],"author":[{"embeddable":true,"href":"https:\/\/blogdofarnesio.com.br\/index.php?rest_route=\/wp\/v2\/users\/1"}],"replies":[{"embeddable":true,"href":"https:\/\/blogdofarnesio.com.br\/index.php?rest_route=%2Fwp%2Fv2%2Fcomments&post=171483"}],"version-history":[{"count":0,"href":"https:\/\/blogdofarnesio.com.br\/index.php?rest_route=\/wp\/v2\/posts\/171483\/revisions"}],"wp:featuredmedia":[{"embeddable":true,"href":"https:\/\/blogdofarnesio.com.br\/index.php?rest_route=\/wp\/v2\/media\/171404"}],"wp:attachment":[{"href":"https:\/\/blogdofarnesio.com.br\/index.php?rest_route=%2Fwp%2Fv2%2Fmedia&parent=171483"}],"wp:term":[{"taxonomy":"category","embeddable":true,"href":"https:\/\/blogdofarnesio.com.br\/index.php?rest_route=%2Fwp%2Fv2%2Fcategories&post=171483"},{"taxonomy":"post_tag","embeddable":true,"href":"https:\/\/blogdofarnesio.com.br\/index.php?rest_route=%2Fwp%2Fv2%2Ftags&post=171483"}],"curies":[{"name":"wp","href":"https:\/\/api.w.org\/{rel}","templated":true}]}}