{"id":171469,"date":"2017-07-12T19:00:08","date_gmt":"2017-07-12T22:00:08","guid":{"rendered":"http:\/\/quersaberpolitica.com.br\/2016\/?p=171469"},"modified":"2017-07-12T18:17:16","modified_gmt":"2017-07-12T21:17:16","slug":"ibovespa-dispara-e-dolar-cai-apos-lula-ser-condenado","status":"publish","type":"post","link":"https:\/\/blogdofarnesio.com.br\/?p=171469","title":{"rendered":"IBOVESPA DISPARA E D\u00d3LAR CAI AP\u00d3S LULA SER CONDENADO"},"content":{"rendered":"<div id=\"container_clear\"><\/div>\n<p>O Ibovespa disparou ap\u00f3s a informa\u00e7\u00e3o de que o juiz federal S\u00e9rgio Moro condenou o ex-presidente Luiz In\u00e1cio Lula da Silva a nove anos e seis meses de pris\u00e3o pelos crimes de lavagem de dinheiro e corrup\u00e7\u00e3o passiva no caso envolvendo um apartamento tr\u00edplex no Guaruj\u00e1. O d\u00f3lar, por sua vez, passou a cair mais de 1% e se aproximar dos R$ 3,20.<\/p>\n<p>\u00c0s 14h29 (hor\u00e1rio de Bras\u00edlia), o benchmark da bolsa registrava alta de 0,96%, aos 64.442 pontos, chegando a saltar quase 500 pontos em apenas cinco minutos. Antes da not\u00edcia, o \u00edndice operava pr\u00f3ximo da estabilidade, abaixo de 64 mil pontos. Enquanto isso, o d\u00f3lar comercial recuava 1,27%, cotado a R$ 3,2118 na venda, ao passo que o contrato futuro do d\u00f3lar com vencimento em agosto tinha perdas de 1,50%, para R$ 3,219<\/p>\n<p>Segundo o Minist\u00e9rio P\u00fablico Federal, que ofereceu den\u00fancia em setembro do ano passado, teriam sido repassados ao petista R$ 3,7 milh\u00f5es em propina por conta de tr\u00eas contratos entre a empreiteira OAS e a Petrobras. O repasse teria ocorrido por meio do im\u00f3vel e do pagamento pelo armazenamento de bens recebidos por Lula entre 2011 e 2016 como presentes recebidos durante o mandato.<\/p>\n<p>No que se refere ao armazenamento de bens, no entanto, o magistrado absolveu o ex-presidente por &#8220;falta de prova suficiente da materialidade&#8221;.<\/p>\n<p>Os contratos de juros futuros com vencimento em janeiro de 2018 ca\u00edam 7 pontos-base, a 8,71%, ao passo que os DIs para janeiro de 2021 recuavam 18 pontos-base, a 9,77%. Movimentam o mercado de renda fixa tamb\u00e9m os dados de vendas do varejo abaixo das expectativas do mercado em maio<\/p>\n<p><strong>Blog do Magno<\/strong><\/p>\n","protected":false},"excerpt":{"rendered":"<p>O Ibovespa disparou ap\u00f3s a informa\u00e7\u00e3o de que o juiz federal S\u00e9rgio Moro condenou o ex-presidente Luiz In\u00e1cio Lula da Silva a nove anos e seis meses de pris\u00e3o pelos crimes de lavagem de dinheiro e corrup\u00e7\u00e3o passiva no caso envolvendo um apartamento tr\u00edplex no Guaruj\u00e1. O d\u00f3lar, por sua vez, passou a cair mais de 1% e se aproximar dos R$ 3,20. \u00c0s 14h29 (hor\u00e1rio de Bras\u00edlia), o benchmark da bolsa registrava alta de 0,96%, aos 64.442 pontos, chegando a saltar quase 500 pontos em apenas cinco minutos. Antes da not\u00edcia, o \u00edndice operava pr\u00f3ximo da estabilidade, abaixo de 64 mil pontos. Enquanto isso, o d\u00f3lar comercial recuava 1,27%, cotado a R$ 3,2118 na venda, ao passo que o&hellip; <\/p>\n","protected":false},"author":1,"featured_media":0,"comment_status":"open","ping_status":"open","sticky":false,"template":"","format":"standard","meta":{"_acf_changed":false,"footnotes":""},"categories":[20,23,1],"tags":[],"class_list":["post-171469","post","type-post","status-publish","format-standard","hentry","category-economia","category-justica","category-politica"],"acf":[],"yoast_head":"<!-- This site is optimized with the Yoast SEO plugin v27.4 - https:\/\/yoast.com\/product\/yoast-seo-wordpress\/ -->\n<title>IBOVESPA DISPARA E D\u00d3LAR CAI AP\u00d3S LULA SER CONDENADO - Blog do Farn\u00e9sio<\/title>\n<meta name=\"robots\" content=\"index, follow, max-snippet:-1, max-image-preview:large, max-video-preview:-1\" \/>\n<link rel=\"canonical\" href=\"https:\/\/blogdofarnesio.com.br\/?p=171469\" \/>\n<meta property=\"og:locale\" content=\"pt_BR\" \/>\n<meta property=\"og:type\" content=\"article\" \/>\n<meta property=\"og:title\" content=\"IBOVESPA DISPARA E D\u00d3LAR CAI AP\u00d3S LULA SER CONDENADO - Blog do Farn\u00e9sio\" \/>\n<meta property=\"og:description\" content=\"O Ibovespa disparou ap\u00f3s a informa\u00e7\u00e3o de que o juiz federal S\u00e9rgio Moro condenou o ex-presidente Luiz In\u00e1cio Lula da Silva a nove anos e seis meses de pris\u00e3o pelos crimes de lavagem de dinheiro e corrup\u00e7\u00e3o passiva no caso envolvendo um apartamento tr\u00edplex no Guaruj\u00e1. O d\u00f3lar, por sua vez, passou a cair mais de 1% e se aproximar dos R$ 3,20. \u00c0s 14h29 (hor\u00e1rio de Bras\u00edlia), o benchmark da bolsa registrava alta de 0,96%, aos 64.442 pontos, chegando a saltar quase 500 pontos em apenas cinco minutos. Antes da not\u00edcia, o \u00edndice operava pr\u00f3ximo da estabilidade, abaixo de 64 mil pontos. Enquanto isso, o d\u00f3lar comercial recuava 1,27%, cotado a R$ 3,2118 na venda, ao passo que o&hellip;\" \/>\n<meta property=\"og:url\" content=\"https:\/\/blogdofarnesio.com.br\/?p=171469\" \/>\n<meta property=\"og:site_name\" content=\"Blog do Farn\u00e9sio\" \/>\n<meta property=\"article:publisher\" content=\"https:\/\/www.facebook.com\/BlogQuerSaberPolitica\/\" \/>\n<meta property=\"article:published_time\" content=\"2017-07-12T22:00:08+00:00\" \/>\n<meta name=\"author\" content=\"Farn\u00e9sio\" \/>\n<meta name=\"twitter:card\" content=\"summary_large_image\" \/>\n<meta name=\"twitter:label1\" content=\"Escrito por\" \/>\n\t<meta name=\"twitter:data1\" content=\"Farn\u00e9sio\" \/>\n\t<meta name=\"twitter:label2\" content=\"Est. tempo de leitura\" \/>\n\t<meta name=\"twitter:data2\" content=\"1 minuto\" \/>\n<script type=\"application\/ld+json\" class=\"yoast-schema-graph\">{\"@context\":\"https:\\\/\\\/schema.org\",\"@graph\":[{\"@type\":\"Article\",\"@id\":\"https:\\\/\\\/blogdofarnesio.com.br\\\/?p=171469#article\",\"isPartOf\":{\"@id\":\"https:\\\/\\\/blogdofarnesio.com.br\\\/?p=171469\"},\"author\":{\"name\":\"Farn\u00e9sio\",\"@id\":\"https:\\\/\\\/blogdofarnesio.com.br\\\/#\\\/schema\\\/person\\\/301c4acf522bccbfdb45af95b5b906a1\"},\"headline\":\"IBOVESPA DISPARA E D\u00d3LAR CAI AP\u00d3S LULA SER CONDENADO\",\"datePublished\":\"2017-07-12T22:00:08+00:00\",\"mainEntityOfPage\":{\"@id\":\"https:\\\/\\\/blogdofarnesio.com.br\\\/?p=171469\"},\"wordCount\":287,\"commentCount\":0,\"publisher\":{\"@id\":\"https:\\\/\\\/blogdofarnesio.com.br\\\/#organization\"},\"articleSection\":[\"Economia\",\"Justi\u00e7a\",\"Pol\u00edtica\"],\"inLanguage\":\"pt-BR\",\"potentialAction\":[{\"@type\":\"CommentAction\",\"name\":\"Comment\",\"target\":[\"https:\\\/\\\/blogdofarnesio.com.br\\\/?p=171469#respond\"]}]},{\"@type\":\"WebPage\",\"@id\":\"https:\\\/\\\/blogdofarnesio.com.br\\\/?p=171469\",\"url\":\"https:\\\/\\\/blogdofarnesio.com.br\\\/?p=171469\",\"name\":\"IBOVESPA DISPARA E D\u00d3LAR CAI AP\u00d3S LULA SER CONDENADO - Blog do Farn\u00e9sio\",\"isPartOf\":{\"@id\":\"https:\\\/\\\/blogdofarnesio.com.br\\\/#website\"},\"datePublished\":\"2017-07-12T22:00:08+00:00\",\"breadcrumb\":{\"@id\":\"https:\\\/\\\/blogdofarnesio.com.br\\\/?p=171469#breadcrumb\"},\"inLanguage\":\"pt-BR\",\"potentialAction\":[{\"@type\":\"ReadAction\",\"target\":[\"https:\\\/\\\/blogdofarnesio.com.br\\\/?p=171469\"]}]},{\"@type\":\"BreadcrumbList\",\"@id\":\"https:\\\/\\\/blogdofarnesio.com.br\\\/?p=171469#breadcrumb\",\"itemListElement\":[{\"@type\":\"ListItem\",\"position\":1,\"name\":\"In\u00edcio\",\"item\":\"https:\\\/\\\/blogdofarnesio.com.br\\\/\"},{\"@type\":\"ListItem\",\"position\":2,\"name\":\"IBOVESPA DISPARA E D\u00d3LAR CAI AP\u00d3S LULA SER CONDENADO\"}]},{\"@type\":\"WebSite\",\"@id\":\"https:\\\/\\\/blogdofarnesio.com.br\\\/#website\",\"url\":\"https:\\\/\\\/blogdofarnesio.com.br\\\/\",\"name\":\"Blog do Farn\u00e9sio\",\"description\":\"Quer Saber Pol\u00edtica?\",\"publisher\":{\"@id\":\"https:\\\/\\\/blogdofarnesio.com.br\\\/#organization\"},\"potentialAction\":[{\"@type\":\"SearchAction\",\"target\":{\"@type\":\"EntryPoint\",\"urlTemplate\":\"https:\\\/\\\/blogdofarnesio.com.br\\\/?s={search_term_string}\"},\"query-input\":{\"@type\":\"PropertyValueSpecification\",\"valueRequired\":true,\"valueName\":\"search_term_string\"}}],\"inLanguage\":\"pt-BR\"},{\"@type\":\"Organization\",\"@id\":\"https:\\\/\\\/blogdofarnesio.com.br\\\/#organization\",\"name\":\"Blog do Farn\u00e9sio\",\"url\":\"https:\\\/\\\/blogdofarnesio.com.br\\\/\",\"logo\":{\"@type\":\"ImageObject\",\"inLanguage\":\"pt-BR\",\"@id\":\"https:\\\/\\\/blogdofarnesio.com.br\\\/#\\\/schema\\\/logo\\\/image\\\/\",\"url\":\"https:\\\/\\\/blogdofarnesio.com.br\\\/wp-content\\\/uploads\\\/2026\\\/03\\\/cropped-logo_new-1.png\",\"contentUrl\":\"https:\\\/\\\/blogdofarnesio.com.br\\\/wp-content\\\/uploads\\\/2026\\\/03\\\/cropped-logo_new-1.png\",\"width\":881,\"height\":685,\"caption\":\"Blog do Farn\u00e9sio\"},\"image\":{\"@id\":\"https:\\\/\\\/blogdofarnesio.com.br\\\/#\\\/schema\\\/logo\\\/image\\\/\"},\"sameAs\":[\"https:\\\/\\\/www.facebook.com\\\/BlogQuerSaberPolitica\\\/\"]},{\"@type\":\"Person\",\"@id\":\"https:\\\/\\\/blogdofarnesio.com.br\\\/#\\\/schema\\\/person\\\/301c4acf522bccbfdb45af95b5b906a1\",\"name\":\"Farn\u00e9sio\",\"image\":{\"@type\":\"ImageObject\",\"inLanguage\":\"pt-BR\",\"@id\":\"https:\\\/\\\/secure.gravatar.com\\\/avatar\\\/df0c9a14567c056f8ad6876ba5bbd1e3e2c48023eb6807342fc4663adf549f38?s=96&d=mm&r=g\",\"url\":\"https:\\\/\\\/secure.gravatar.com\\\/avatar\\\/df0c9a14567c056f8ad6876ba5bbd1e3e2c48023eb6807342fc4663adf549f38?s=96&d=mm&r=g\",\"contentUrl\":\"https:\\\/\\\/secure.gravatar.com\\\/avatar\\\/df0c9a14567c056f8ad6876ba5bbd1e3e2c48023eb6807342fc4663adf549f38?s=96&d=mm&r=g\",\"caption\":\"Farn\u00e9sio\"},\"sameAs\":[\"https:\\\/\\\/quersaberpolitica.com.br\"],\"url\":\"https:\\\/\\\/blogdofarnesio.com.br\\\/?author=1\"}]}<\/script>\n<!-- \/ Yoast SEO plugin. -->","yoast_head_json":{"title":"IBOVESPA DISPARA E D\u00d3LAR CAI AP\u00d3S LULA SER CONDENADO - Blog do Farn\u00e9sio","robots":{"index":"index","follow":"follow","max-snippet":"max-snippet:-1","max-image-preview":"max-image-preview:large","max-video-preview":"max-video-preview:-1"},"canonical":"https:\/\/blogdofarnesio.com.br\/?p=171469","og_locale":"pt_BR","og_type":"article","og_title":"IBOVESPA DISPARA E D\u00d3LAR CAI AP\u00d3S LULA SER CONDENADO - Blog do Farn\u00e9sio","og_description":"O Ibovespa disparou ap\u00f3s a informa\u00e7\u00e3o de que o juiz federal S\u00e9rgio Moro condenou o ex-presidente Luiz In\u00e1cio Lula da Silva a nove anos e seis meses de pris\u00e3o pelos crimes de lavagem de dinheiro e corrup\u00e7\u00e3o passiva no caso envolvendo um apartamento tr\u00edplex no Guaruj\u00e1. O d\u00f3lar, por sua vez, passou a cair mais de 1% e se aproximar dos R$ 3,20. \u00c0s 14h29 (hor\u00e1rio de Bras\u00edlia), o benchmark da bolsa registrava alta de 0,96%, aos 64.442 pontos, chegando a saltar quase 500 pontos em apenas cinco minutos. Antes da not\u00edcia, o \u00edndice operava pr\u00f3ximo da estabilidade, abaixo de 64 mil pontos. Enquanto isso, o d\u00f3lar comercial recuava 1,27%, cotado a R$ 3,2118 na venda, ao passo que o&hellip;","og_url":"https:\/\/blogdofarnesio.com.br\/?p=171469","og_site_name":"Blog do Farn\u00e9sio","article_publisher":"https:\/\/www.facebook.com\/BlogQuerSaberPolitica\/","article_published_time":"2017-07-12T22:00:08+00:00","author":"Farn\u00e9sio","twitter_card":"summary_large_image","twitter_misc":{"Escrito por":"Farn\u00e9sio","Est. tempo de leitura":"1 minuto"},"schema":{"@context":"https:\/\/schema.org","@graph":[{"@type":"Article","@id":"https:\/\/blogdofarnesio.com.br\/?p=171469#article","isPartOf":{"@id":"https:\/\/blogdofarnesio.com.br\/?p=171469"},"author":{"name":"Farn\u00e9sio","@id":"https:\/\/blogdofarnesio.com.br\/#\/schema\/person\/301c4acf522bccbfdb45af95b5b906a1"},"headline":"IBOVESPA DISPARA E D\u00d3LAR CAI AP\u00d3S LULA SER CONDENADO","datePublished":"2017-07-12T22:00:08+00:00","mainEntityOfPage":{"@id":"https:\/\/blogdofarnesio.com.br\/?p=171469"},"wordCount":287,"commentCount":0,"publisher":{"@id":"https:\/\/blogdofarnesio.com.br\/#organization"},"articleSection":["Economia","Justi\u00e7a","Pol\u00edtica"],"inLanguage":"pt-BR","potentialAction":[{"@type":"CommentAction","name":"Comment","target":["https:\/\/blogdofarnesio.com.br\/?p=171469#respond"]}]},{"@type":"WebPage","@id":"https:\/\/blogdofarnesio.com.br\/?p=171469","url":"https:\/\/blogdofarnesio.com.br\/?p=171469","name":"IBOVESPA DISPARA E D\u00d3LAR CAI AP\u00d3S LULA SER CONDENADO - Blog do Farn\u00e9sio","isPartOf":{"@id":"https:\/\/blogdofarnesio.com.br\/#website"},"datePublished":"2017-07-12T22:00:08+00:00","breadcrumb":{"@id":"https:\/\/blogdofarnesio.com.br\/?p=171469#breadcrumb"},"inLanguage":"pt-BR","potentialAction":[{"@type":"ReadAction","target":["https:\/\/blogdofarnesio.com.br\/?p=171469"]}]},{"@type":"BreadcrumbList","@id":"https:\/\/blogdofarnesio.com.br\/?p=171469#breadcrumb","itemListElement":[{"@type":"ListItem","position":1,"name":"In\u00edcio","item":"https:\/\/blogdofarnesio.com.br\/"},{"@type":"ListItem","position":2,"name":"IBOVESPA DISPARA E D\u00d3LAR CAI AP\u00d3S LULA SER CONDENADO"}]},{"@type":"WebSite","@id":"https:\/\/blogdofarnesio.com.br\/#website","url":"https:\/\/blogdofarnesio.com.br\/","name":"Blog do Farn\u00e9sio","description":"Quer Saber Pol\u00edtica?","publisher":{"@id":"https:\/\/blogdofarnesio.com.br\/#organization"},"potentialAction":[{"@type":"SearchAction","target":{"@type":"EntryPoint","urlTemplate":"https:\/\/blogdofarnesio.com.br\/?s={search_term_string}"},"query-input":{"@type":"PropertyValueSpecification","valueRequired":true,"valueName":"search_term_string"}}],"inLanguage":"pt-BR"},{"@type":"Organization","@id":"https:\/\/blogdofarnesio.com.br\/#organization","name":"Blog do Farn\u00e9sio","url":"https:\/\/blogdofarnesio.com.br\/","logo":{"@type":"ImageObject","inLanguage":"pt-BR","@id":"https:\/\/blogdofarnesio.com.br\/#\/schema\/logo\/image\/","url":"https:\/\/blogdofarnesio.com.br\/wp-content\/uploads\/2026\/03\/cropped-logo_new-1.png","contentUrl":"https:\/\/blogdofarnesio.com.br\/wp-content\/uploads\/2026\/03\/cropped-logo_new-1.png","width":881,"height":685,"caption":"Blog do Farn\u00e9sio"},"image":{"@id":"https:\/\/blogdofarnesio.com.br\/#\/schema\/logo\/image\/"},"sameAs":["https:\/\/www.facebook.com\/BlogQuerSaberPolitica\/"]},{"@type":"Person","@id":"https:\/\/blogdofarnesio.com.br\/#\/schema\/person\/301c4acf522bccbfdb45af95b5b906a1","name":"Farn\u00e9sio","image":{"@type":"ImageObject","inLanguage":"pt-BR","@id":"https:\/\/secure.gravatar.com\/avatar\/df0c9a14567c056f8ad6876ba5bbd1e3e2c48023eb6807342fc4663adf549f38?s=96&d=mm&r=g","url":"https:\/\/secure.gravatar.com\/avatar\/df0c9a14567c056f8ad6876ba5bbd1e3e2c48023eb6807342fc4663adf549f38?s=96&d=mm&r=g","contentUrl":"https:\/\/secure.gravatar.com\/avatar\/df0c9a14567c056f8ad6876ba5bbd1e3e2c48023eb6807342fc4663adf549f38?s=96&d=mm&r=g","caption":"Farn\u00e9sio"},"sameAs":["https:\/\/quersaberpolitica.com.br"],"url":"https:\/\/blogdofarnesio.com.br\/?author=1"}]}},"_links":{"self":[{"href":"https:\/\/blogdofarnesio.com.br\/index.php?rest_route=\/wp\/v2\/posts\/171469","targetHints":{"allow":["GET"]}}],"collection":[{"href":"https:\/\/blogdofarnesio.com.br\/index.php?rest_route=\/wp\/v2\/posts"}],"about":[{"href":"https:\/\/blogdofarnesio.com.br\/index.php?rest_route=\/wp\/v2\/types\/post"}],"author":[{"embeddable":true,"href":"https:\/\/blogdofarnesio.com.br\/index.php?rest_route=\/wp\/v2\/users\/1"}],"replies":[{"embeddable":true,"href":"https:\/\/blogdofarnesio.com.br\/index.php?rest_route=%2Fwp%2Fv2%2Fcomments&post=171469"}],"version-history":[{"count":0,"href":"https:\/\/blogdofarnesio.com.br\/index.php?rest_route=\/wp\/v2\/posts\/171469\/revisions"}],"wp:attachment":[{"href":"https:\/\/blogdofarnesio.com.br\/index.php?rest_route=%2Fwp%2Fv2%2Fmedia&parent=171469"}],"wp:term":[{"taxonomy":"category","embeddable":true,"href":"https:\/\/blogdofarnesio.com.br\/index.php?rest_route=%2Fwp%2Fv2%2Fcategories&post=171469"},{"taxonomy":"post_tag","embeddable":true,"href":"https:\/\/blogdofarnesio.com.br\/index.php?rest_route=%2Fwp%2Fv2%2Ftags&post=171469"}],"curies":[{"name":"wp","href":"https:\/\/api.w.org\/{rel}","templated":true}]}}