{"id":171456,"date":"2017-07-13T08:03:36","date_gmt":"2017-07-13T11:03:36","guid":{"rendered":"http:\/\/quersaberpolitica.com.br\/2016\/?p=171456"},"modified":"2017-07-12T19:21:49","modified_gmt":"2017-07-12T22:21:49","slug":"lula-fica-inelegivel-apos-condenacao-no-caso-triplex-entenda-o-que-diz-a-lei","status":"publish","type":"post","link":"https:\/\/blogdofarnesio.com.br\/?p=171456","title":{"rendered":"LULA FICA INELEG\u00cdVEL AP\u00d3S CONDENA\u00c7\u00c3O NO CASO TRIPLEX? ENTENDA O QUE DIZ A LEI"},"content":{"rendered":"<div class=\"row content-head\">\n<div class=\"column medium-centered medium-19 large-18\">\n<h1 class=\"content-head__title\">Ex-presidente \u00e9 r\u00e9u em processo por lavagem de dinheiro e corrup\u00e7\u00e3o passiva. Ele nega as acusa\u00e7\u00f5es.<\/h1>\n<\/div>\n<\/div>\n<div class=\"row content-share-bar\">\n<div class=\"column medium-centered medium-22 large-20 content-share-bar__container\" data-track-category=\"Social Topo\">\n<hr class=\"header-divider\" \/>\n<\/div>\n<\/div>\n<div class=\"mc-column mc-show-later\">\n<div class=\"content-publication-data\">\n<p class=\"content-publication-data__from\">Por Rosanne D&#8217;Agostino, G1, S\u00e3o Paulo<\/p>\n<\/div>\n<\/div>\n<article>\n<div class=\"mc-column content-text active-extra-styles active-capital-letter\" data-block-type=\"unstyled\" data-block-weight=\"59\">\n<p class=\"content-text__container theme-color-primary-first-letter\" data-track-category=\"Link no Texto\" data-track-links=\"\">O ex-presidente Luiz In\u00e1cio Lula da Silva\u00a0<a href=\"http:\/\/g1.globo.com\/pr\/parana\/noticia\/lula-e-condenado-na-lava-jato-no-caso-do-triplex.ghtml\">foi condenado nesta quarta-feira (12) no caso do triplex no Guaruj\u00e1 (SP)<\/a>. De acordo com a den\u00fancia, a OAS pagou R$ 3,7 milh\u00f5es em propina a Lula por meio da entrega e reforma do im\u00f3vel, al\u00e9m do armazenamento do acervo presidencial. O ex-presidente nega ser dono do im\u00f3vel e ainda pode recorrer.<\/p>\n<\/div>\n<div class=\"mc-column content-text active-extra-styles \" data-block-type=\"unstyled\" data-block-weight=\"10\">\n<p class=\"content-text__container \" data-track-category=\"Link no Texto\" data-track-links=\"\"><a href=\"http:\/\/g1.globo.com\/politica\/operacao-lava-jato\/noticia\/triplex-do-guaruja-o-que-dizem-ex-executivos-da-oas-o-ministerio-publico-federal-e-o-ex-presidente-lula.ghtml\">Entenda o processo<\/a>\u00a0e\u00a0<a href=\"http:\/\/especiais.g1.globo.com\/politica\/2016\/lula-sob-investigacao\/\" target=\"_blank\" rel=\"noopener nofollow\">veja todas as suspeitas contra Lula<\/a><\/p>\n<\/div>\n<div class=\"mc-column content-text active-extra-styles \" data-block-type=\"unstyled\" data-block-weight=\"3\">\n<p class=\"content-text__container \" data-track-category=\"Link no Texto\" data-track-links=\"\"><a href=\"http:\/\/g1.globo.com\/politica\/operacao-lava-jato\/noticia\/perguntas-e-respostas-sobre-a-condenacao-de-lula-no-caso-do-triplex.ghtml\">PERGUNTAS E RESPOSTAS<\/a><\/p>\n<\/div>\n<div class=\"mc-column content-text active-extra-styles\" data-block-type=\"raw\" data-block-weight=\"21\">\n<div class=\"content-intertitle\">\n<h2><strong>Com essa condena\u00e7\u00e3o, o ex-presidente fica ineleg\u00edvel, ou seja, impedido de se candidatar \u00e0 Presid\u00eancia ou a outro cargo em 2018?<\/strong><\/h2>\n<\/div>\n<\/div>\n<div class=\"mc-column content-text active-extra-styles \" data-block-type=\"unstyled\" data-block-weight=\"42\">\n<p class=\"content-text__container \" data-track-category=\"Link no Texto\" data-track-links=\"\">N\u00e3o. A Lei da Ficha Limpa impede a candidatura de condenados por uma decis\u00e3o colegiada, ou seja, por mais de um julgador. Lula foi condenado em primeira inst\u00e2ncia por apenas um magistrado, o juiz Sergio Moro. Por isso, ainda n\u00e3o est\u00e1 ineleg\u00edvel.<\/p>\n<\/div>\n<div class=\"mc-column content-text active-extra-styles \" data-block-type=\"unstyled\" data-block-weight=\"36\">\n<p class=\"content-text__container \" data-track-category=\"Link no Texto\" data-track-links=\"\">E a defesa ainda pode recorrer ao Tribunal Regional Federal da 4\u00aa Regi\u00e3o (TRF-4), onde um grupo de desembargadores vai decidir se mant\u00e9m a senten\u00e7a ou se o absolve. O nome dessa decis\u00e3o colegiada \u00e9 ac\u00f3rd\u00e3o.<\/p>\n<\/div>\n<div class=\"mc-column content-text active-extra-styles \" data-block-type=\"unstyled\" data-block-weight=\"43\">\n<p class=\"content-text__container \" data-track-category=\"Link no Texto\" data-track-links=\"\">Pedro Horta, especialista em direito eleitoral do Dorta &amp; Horta Advogados, explica que a Lei da Ficha Limpa barra apenas candidatos com condena\u00e7\u00e3o em segunda inst\u00e2ncia. \u201cSe ele tiver uma condena\u00e7\u00e3o em primeira inst\u00e2ncia, s\u00f3 pelo juiz Moro, ele pode ser candidato\u201d, afirma.<\/p>\n<\/div>\n<div class=\"mc-column content-text active-extra-styles \" data-block-type=\"unstyled\" data-block-weight=\"25\">\n<p class=\"content-text__container \" data-track-category=\"Link no Texto\" data-track-links=\"\">Mesmo uma condena\u00e7\u00e3o em segunda inst\u00e2ncia n\u00e3o impede automaticamente que Lula concorra \u00e0 Presid\u00eancia no pr\u00f3ximo pleito, a depender de quando essa decis\u00e3o for tomada.<\/p>\n<\/div>\n<div class=\"mc-column content-text active-extra-styles \" data-block-type=\"unstyled\" data-block-weight=\"84\">\n<p class=\"content-text__container \" data-track-category=\"Link no Texto\" data-track-links=\"\">Se o caso for julgado pelo TRF-4 antes da elei\u00e7\u00e3o, Lula corre risco de ter o registro de candidatura negado. J\u00e1 se o TRF-4 s\u00f3 julgar o processo ap\u00f3s o prazo para registro de candidaturas, Lula poder\u00e1 tanto ter o registro cassado como concorrer sub judice (pendente). \u201cEle \u00e9 votado, mas n\u00e3o aparece a vota\u00e7\u00e3o at\u00e9 julgar o recurso para manter ou n\u00e3o a candidatura como v\u00e1lida. A\u00ed, quando chegar a fase de diploma\u00e7\u00e3o, pode ser que n\u00e3o seja diplomado ou reverta\u201d, explica Horta.<\/p>\n<\/div>\n<div class=\"mc-column content-text active-extra-styles \" data-block-type=\"unstyled\" data-block-weight=\"47\">\n<p class=\"content-text__container \" data-track-category=\"Link no Texto\" data-track-links=\"\">J\u00e1 se a condena\u00e7\u00e3o ocorrer ap\u00f3s a diploma\u00e7\u00e3o, a lei prev\u00ea que o diploma seja declarado nulo, se j\u00e1 expedido. \u201cMas, no caso de presidente da Rep\u00fablica, a Constitui\u00e7\u00e3o Federal prev\u00ea a suspens\u00e3o do processo\u201d, afirma Horta. \u201cTer\u00edamos ent\u00e3o a hip\u00f3tese de presidente apenado ocupando o cargo.\u201d<\/p>\n<\/div>\n<div class=\"mc-column content-text active-extra-styles\" data-block-type=\"raw\" data-block-weight=\"18\">\n<div class=\"content-intertitle\">\n<h2>Mas e a interdi\u00e7\u00e3o que Moro determinou contra Lula? Ela impede que ele seja candidato na pr\u00f3xima elei\u00e7\u00e3o?<\/h2>\n<\/div>\n<\/div>\n<div class=\"mc-column content-text active-extra-styles \" data-block-type=\"unstyled\" data-block-weight=\"57\">\n<p class=\"content-text__container \" data-track-category=\"Link no Texto\" data-track-links=\"\">Tamb\u00e9m n\u00e3o. Em sua decis\u00e3o, Moro determinou a interdi\u00e7\u00e3o de Lula para o exerc\u00edcio de cargo ou fun\u00e7\u00e3o p\u00fablica ou de diretor, membro de conselho ou de ger\u00eancia das pessoas jur\u00eddicas pelo dobro do tempo da pena privativa de liberdade. Ele citou os artigos 7\u00ba, II, e 9\u00ba da Lei n\u00ba 9.613\/1998, Lei de Lavagem de Dinheiro.<\/p>\n<\/div>\n<div class=\"mc-column content-text active-extra-styles \" data-block-type=\"unstyled\" data-block-weight=\"68\">\n<p class=\"content-text__container \" data-track-category=\"Link no Texto\" data-track-links=\"\">Essa lei prev\u00ea efeitos da condena\u00e7\u00e3o de lavagem de dinheiro, entre elas, a proibi\u00e7\u00e3o de exercer qualquer cargo p\u00fablico, incluindo os eletivos. Leonardo Pantale\u00e3o, advogado criminalista, explica que essa \u00e9 uma pena espec\u00edfica aplicada a Lula por Moro, que torna sua situa\u00e7\u00e3o pior do que a da Ficha Limpa. Por\u00e9m, sua aplica\u00e7\u00e3o s\u00f3 pode ocorrer com o tr\u00e2nsito em julgado da condena\u00e7\u00e3o (quando n\u00e3o couber mais nenhum recurso).<\/p>\n<\/div>\n<div class=\"mc-column content-text active-extra-styles \" data-block-type=\"unstyled\" data-block-weight=\"54\">\n<p class=\"content-text__container \" data-track-category=\"Link no Texto\" data-track-links=\"\">\u201cEsse \u00e9 um efeito da condena\u00e7\u00e3o. Num primeiro momento, n\u00e3o impacta na quest\u00e3o da candidatura, pois \u00e9 uma situa\u00e7\u00e3o que decorre mais especificamente de quando a pessoa j\u00e1 est\u00e1 no exerc\u00edcio daquela atividade. Ele fica barrado em dar continuidade ao que j\u00e1 exerce. Para o Lula, s\u00f3 valer\u00e1 para o tr\u00e2nsito em julgado\u201d, afirma.<\/p>\n<\/div>\n<div class=\"mc-column content-text active-extra-styles \" data-block-type=\"unstyled\" data-block-weight=\"97\">\n<p class=\"content-text__container \" data-track-category=\"Link no Texto\" data-track-links=\"\">\u201cA diferen\u00e7a \u00e9 total. A Lei da Ficha Limpa fala de condena\u00e7\u00e3o em segundo grau. Esse efeito da lei de lavagem s\u00f3 vai surgir com o tr\u00e2nsito em julgado\u201d, explica. Ainda segundo ele, \u201ca Ficha Limpa \u00e9 s\u00f3 para cargos eletivos&#8221;. &#8220;A de lavagem \u00e9 para qualquer cargo ou fun\u00e7\u00e3o p\u00fablica de qualquer natureza. Os efeitos s\u00e3o muito mais amplos. E a pena que vai contar para essa interdi\u00e7\u00e3o \u00e9 a final, que vai se tornar definitiva com o tr\u00e2nsito em julgado. Antes disso, ela pode mudar, o tribunal pode revisar isso e recalcular a pena\u201d, diz.<\/p>\n<\/div>\n<div class=\"mc-column content-text active-extra-styles\" data-block-type=\"raw\" data-block-weight=\"2\">\n<div class=\"content-intertitle\">\n<h2>Outros casos<\/h2>\n<\/div>\n<\/div>\n<div class=\"mc-column content-text active-extra-styles \" data-block-type=\"unstyled\" data-block-weight=\"89\">\n<p class=\"content-text__container \" data-track-category=\"Link no Texto\" data-track-links=\"\">Quem j\u00e1 conseguiu reverter o efeito da Ficha Limpa foi o\u00a0<a href=\"http:\/\/g1.globo.com\/politica\/noticia\/2014\/12\/tse-reverte-decisao-e-autoriza-maluf-assumir-novo-mandato-em-2015.html\">deputado federal Paulo Maluf (PP)<\/a>. Condenado por improbidade administrativa (mau uso de recursos p\u00fablicos) pelo Tribunal de Justi\u00e7a de S\u00e3o Paulo, ele teve o registro negado em 2014 e recorreu. Enquanto o recurso n\u00e3o era julgado, manteve a candidatura sub judice e apareceu com os votos zerados ao fim da elei\u00e7\u00e3o. O Tribunal Regional Eleitoral de S\u00e3o Paulo negou o pedido, mas o Tribunal Superior Eleitoral concedeu decis\u00e3o favor\u00e1vel. Os votos foram computados e ele assumiu o cargo.<\/p>\n<\/div>\n<div class=\"mc-column content-media content-media--normal content-video\" data-block-type=\"backstage-video\">\n<div class=\"content-media__container content-media__container--loaded\">\n<div class=\"content-video__placeholder\" data-video-id=\"6002743\"><img loading=\"lazy\" decoding=\"async\" class=\"content-video__placeholder__thumb aligncenter\" title=\"'Se senten\u00e7a for mantida como est\u00e1, Lula passar\u00e1 a ser ineleg\u00edvel', explica advogado\" src=\"https:\/\/s04.video.glbimg.com\/x720\/6002743.jpg\" alt=\"'Se senten\u00e7a for mantida como est\u00e1, Lula passar\u00e1 a ser ineleg\u00edvel', explica advogado\" width=\"777\" height=\"437\" \/><\/div>\n<\/div>\n<div class=\"content-media__description-centered\">\n<p class=\"content-media__description\"><i class=\"content-media__description__icon theme-color-primary\"><\/i><span class=\"content-media__description__caption\">&#8216;Se senten\u00e7a for mantida como est\u00e1, Lula passar\u00e1 a ser ineleg\u00edvel&#8217;, explica advogado<\/span><\/p>\n<\/div>\n<\/div>\n<\/article>\n","protected":false},"excerpt":{"rendered":"<p>Ex-presidente \u00e9 r\u00e9u em processo por lavagem de dinheiro e corrup\u00e7\u00e3o passiva. Ele nega as acusa\u00e7\u00f5es. Por Rosanne D&#8217;Agostino, G1, S\u00e3o Paulo O ex-presidente Luiz In\u00e1cio Lula da Silva\u00a0foi condenado nesta quarta-feira (12) no caso do triplex no Guaruj\u00e1 (SP). De acordo com a den\u00fancia, a OAS pagou R$ 3,7 milh\u00f5es em propina a Lula por meio da entrega e reforma do im\u00f3vel, al\u00e9m do armazenamento do acervo presidencial. O ex-presidente nega ser dono do im\u00f3vel e ainda pode recorrer. Entenda o processo\u00a0e\u00a0veja todas as suspeitas contra Lula PERGUNTAS E RESPOSTAS Com essa condena\u00e7\u00e3o, o ex-presidente fica ineleg\u00edvel, ou seja, impedido de se candidatar \u00e0 Presid\u00eancia ou a outro cargo em 2018? N\u00e3o. A Lei da Ficha Limpa impede a&hellip; <\/p>\n","protected":false},"author":1,"featured_media":139014,"comment_status":"open","ping_status":"open","sticky":false,"template":"","format":"standard","meta":{"_acf_changed":false,"footnotes":""},"categories":[1],"tags":[],"class_list":["post-171456","post","type-post","status-publish","format-standard","has-post-thumbnail","hentry","category-politica"],"acf":[],"yoast_head":"<!-- This site is optimized with the Yoast SEO plugin v27.4 - https:\/\/yoast.com\/product\/yoast-seo-wordpress\/ -->\n<title>LULA FICA INELEG\u00cdVEL AP\u00d3S CONDENA\u00c7\u00c3O NO CASO TRIPLEX? ENTENDA O QUE DIZ A LEI - Blog do Farn\u00e9sio<\/title>\n<meta name=\"robots\" content=\"index, follow, max-snippet:-1, max-image-preview:large, max-video-preview:-1\" \/>\n<link rel=\"canonical\" href=\"https:\/\/blogdofarnesio.com.br\/?p=171456\" \/>\n<meta property=\"og:locale\" content=\"pt_BR\" \/>\n<meta property=\"og:type\" content=\"article\" \/>\n<meta property=\"og:title\" content=\"LULA FICA INELEG\u00cdVEL AP\u00d3S CONDENA\u00c7\u00c3O NO CASO TRIPLEX? ENTENDA O QUE DIZ A LEI - Blog do Farn\u00e9sio\" \/>\n<meta property=\"og:description\" content=\"Ex-presidente \u00e9 r\u00e9u em processo por lavagem de dinheiro e corrup\u00e7\u00e3o passiva. Ele nega as acusa\u00e7\u00f5es. Por Rosanne D&#8217;Agostino, G1, S\u00e3o Paulo O ex-presidente Luiz In\u00e1cio Lula da Silva\u00a0foi condenado nesta quarta-feira (12) no caso do triplex no Guaruj\u00e1 (SP). De acordo com a den\u00fancia, a OAS pagou R$ 3,7 milh\u00f5es em propina a Lula por meio da entrega e reforma do im\u00f3vel, al\u00e9m do armazenamento do acervo presidencial. O ex-presidente nega ser dono do im\u00f3vel e ainda pode recorrer. Entenda o processo\u00a0e\u00a0veja todas as suspeitas contra Lula PERGUNTAS E RESPOSTAS Com essa condena\u00e7\u00e3o, o ex-presidente fica ineleg\u00edvel, ou seja, impedido de se candidatar \u00e0 Presid\u00eancia ou a outro cargo em 2018? N\u00e3o. A Lei da Ficha Limpa impede a&hellip;\" \/>\n<meta property=\"og:url\" content=\"https:\/\/blogdofarnesio.com.br\/?p=171456\" \/>\n<meta property=\"og:site_name\" content=\"Blog do Farn\u00e9sio\" \/>\n<meta property=\"article:publisher\" content=\"https:\/\/www.facebook.com\/BlogQuerSaberPolitica\/\" \/>\n<meta property=\"article:published_time\" content=\"2017-07-13T11:03:36+00:00\" \/>\n<meta property=\"og:image\" content=\"https:\/\/blogdofarnesio.com.br\/wp-content\/uploads\/2016\/03\/blogqspsergio-moro-e-lula-Di\u00e1rio-do-Poder-e1506030473451.jpg\" \/>\n\t<meta property=\"og:image:width\" content=\"600\" \/>\n\t<meta property=\"og:image:height\" content=\"342\" \/>\n\t<meta property=\"og:image:type\" content=\"image\/jpeg\" \/>\n<meta name=\"author\" content=\"Farn\u00e9sio\" \/>\n<meta name=\"twitter:card\" content=\"summary_large_image\" \/>\n<meta name=\"twitter:label1\" content=\"Escrito por\" \/>\n\t<meta name=\"twitter:data1\" content=\"Farn\u00e9sio\" \/>\n\t<meta name=\"twitter:label2\" content=\"Est. tempo de leitura\" \/>\n\t<meta name=\"twitter:data2\" content=\"4 minutos\" \/>\n<script type=\"application\/ld+json\" class=\"yoast-schema-graph\">{\"@context\":\"https:\\\/\\\/schema.org\",\"@graph\":[{\"@type\":\"Article\",\"@id\":\"https:\\\/\\\/blogdofarnesio.com.br\\\/?p=171456#article\",\"isPartOf\":{\"@id\":\"https:\\\/\\\/blogdofarnesio.com.br\\\/?p=171456\"},\"author\":{\"name\":\"Farn\u00e9sio\",\"@id\":\"https:\\\/\\\/blogdofarnesio.com.br\\\/#\\\/schema\\\/person\\\/301c4acf522bccbfdb45af95b5b906a1\"},\"headline\":\"LULA FICA INELEG\u00cdVEL AP\u00d3S CONDENA\u00c7\u00c3O NO CASO TRIPLEX? ENTENDA O QUE DIZ A LEI\",\"datePublished\":\"2017-07-13T11:03:36+00:00\",\"mainEntityOfPage\":{\"@id\":\"https:\\\/\\\/blogdofarnesio.com.br\\\/?p=171456\"},\"wordCount\":886,\"commentCount\":0,\"publisher\":{\"@id\":\"https:\\\/\\\/blogdofarnesio.com.br\\\/#organization\"},\"image\":{\"@id\":\"https:\\\/\\\/blogdofarnesio.com.br\\\/?p=171456#primaryimage\"},\"thumbnailUrl\":\"https:\\\/\\\/blogdofarnesio.com.br\\\/wp-content\\\/uploads\\\/2016\\\/03\\\/blogqspsergio-moro-e-lula-Di\u00e1rio-do-Poder-e1506030473451.jpg\",\"articleSection\":[\"Pol\u00edtica\"],\"inLanguage\":\"pt-BR\",\"potentialAction\":[{\"@type\":\"CommentAction\",\"name\":\"Comment\",\"target\":[\"https:\\\/\\\/blogdofarnesio.com.br\\\/?p=171456#respond\"]}]},{\"@type\":\"WebPage\",\"@id\":\"https:\\\/\\\/blogdofarnesio.com.br\\\/?p=171456\",\"url\":\"https:\\\/\\\/blogdofarnesio.com.br\\\/?p=171456\",\"name\":\"LULA FICA INELEG\u00cdVEL AP\u00d3S CONDENA\u00c7\u00c3O NO CASO TRIPLEX? ENTENDA O QUE DIZ A LEI - Blog do Farn\u00e9sio\",\"isPartOf\":{\"@id\":\"https:\\\/\\\/blogdofarnesio.com.br\\\/#website\"},\"primaryImageOfPage\":{\"@id\":\"https:\\\/\\\/blogdofarnesio.com.br\\\/?p=171456#primaryimage\"},\"image\":{\"@id\":\"https:\\\/\\\/blogdofarnesio.com.br\\\/?p=171456#primaryimage\"},\"thumbnailUrl\":\"https:\\\/\\\/blogdofarnesio.com.br\\\/wp-content\\\/uploads\\\/2016\\\/03\\\/blogqspsergio-moro-e-lula-Di\u00e1rio-do-Poder-e1506030473451.jpg\",\"datePublished\":\"2017-07-13T11:03:36+00:00\",\"breadcrumb\":{\"@id\":\"https:\\\/\\\/blogdofarnesio.com.br\\\/?p=171456#breadcrumb\"},\"inLanguage\":\"pt-BR\",\"potentialAction\":[{\"@type\":\"ReadAction\",\"target\":[\"https:\\\/\\\/blogdofarnesio.com.br\\\/?p=171456\"]}]},{\"@type\":\"ImageObject\",\"inLanguage\":\"pt-BR\",\"@id\":\"https:\\\/\\\/blogdofarnesio.com.br\\\/?p=171456#primaryimage\",\"url\":\"https:\\\/\\\/blogdofarnesio.com.br\\\/wp-content\\\/uploads\\\/2016\\\/03\\\/blogqspsergio-moro-e-lula-Di\u00e1rio-do-Poder-e1506030473451.jpg\",\"contentUrl\":\"https:\\\/\\\/blogdofarnesio.com.br\\\/wp-content\\\/uploads\\\/2016\\\/03\\\/blogqspsergio-moro-e-lula-Di\u00e1rio-do-Poder-e1506030473451.jpg\",\"width\":600,\"height\":342},{\"@type\":\"BreadcrumbList\",\"@id\":\"https:\\\/\\\/blogdofarnesio.com.br\\\/?p=171456#breadcrumb\",\"itemListElement\":[{\"@type\":\"ListItem\",\"position\":1,\"name\":\"In\u00edcio\",\"item\":\"https:\\\/\\\/blogdofarnesio.com.br\\\/\"},{\"@type\":\"ListItem\",\"position\":2,\"name\":\"LULA FICA INELEG\u00cdVEL AP\u00d3S CONDENA\u00c7\u00c3O NO CASO TRIPLEX? ENTENDA O QUE DIZ A LEI\"}]},{\"@type\":\"WebSite\",\"@id\":\"https:\\\/\\\/blogdofarnesio.com.br\\\/#website\",\"url\":\"https:\\\/\\\/blogdofarnesio.com.br\\\/\",\"name\":\"Blog do Farn\u00e9sio\",\"description\":\"Quer Saber Pol\u00edtica?\",\"publisher\":{\"@id\":\"https:\\\/\\\/blogdofarnesio.com.br\\\/#organization\"},\"potentialAction\":[{\"@type\":\"SearchAction\",\"target\":{\"@type\":\"EntryPoint\",\"urlTemplate\":\"https:\\\/\\\/blogdofarnesio.com.br\\\/?s={search_term_string}\"},\"query-input\":{\"@type\":\"PropertyValueSpecification\",\"valueRequired\":true,\"valueName\":\"search_term_string\"}}],\"inLanguage\":\"pt-BR\"},{\"@type\":\"Organization\",\"@id\":\"https:\\\/\\\/blogdofarnesio.com.br\\\/#organization\",\"name\":\"Blog do Farn\u00e9sio\",\"url\":\"https:\\\/\\\/blogdofarnesio.com.br\\\/\",\"logo\":{\"@type\":\"ImageObject\",\"inLanguage\":\"pt-BR\",\"@id\":\"https:\\\/\\\/blogdofarnesio.com.br\\\/#\\\/schema\\\/logo\\\/image\\\/\",\"url\":\"https:\\\/\\\/blogdofarnesio.com.br\\\/wp-content\\\/uploads\\\/2026\\\/03\\\/cropped-logo_new-1.png\",\"contentUrl\":\"https:\\\/\\\/blogdofarnesio.com.br\\\/wp-content\\\/uploads\\\/2026\\\/03\\\/cropped-logo_new-1.png\",\"width\":881,\"height\":685,\"caption\":\"Blog do Farn\u00e9sio\"},\"image\":{\"@id\":\"https:\\\/\\\/blogdofarnesio.com.br\\\/#\\\/schema\\\/logo\\\/image\\\/\"},\"sameAs\":[\"https:\\\/\\\/www.facebook.com\\\/BlogQuerSaberPolitica\\\/\"]},{\"@type\":\"Person\",\"@id\":\"https:\\\/\\\/blogdofarnesio.com.br\\\/#\\\/schema\\\/person\\\/301c4acf522bccbfdb45af95b5b906a1\",\"name\":\"Farn\u00e9sio\",\"image\":{\"@type\":\"ImageObject\",\"inLanguage\":\"pt-BR\",\"@id\":\"https:\\\/\\\/secure.gravatar.com\\\/avatar\\\/df0c9a14567c056f8ad6876ba5bbd1e3e2c48023eb6807342fc4663adf549f38?s=96&d=mm&r=g\",\"url\":\"https:\\\/\\\/secure.gravatar.com\\\/avatar\\\/df0c9a14567c056f8ad6876ba5bbd1e3e2c48023eb6807342fc4663adf549f38?s=96&d=mm&r=g\",\"contentUrl\":\"https:\\\/\\\/secure.gravatar.com\\\/avatar\\\/df0c9a14567c056f8ad6876ba5bbd1e3e2c48023eb6807342fc4663adf549f38?s=96&d=mm&r=g\",\"caption\":\"Farn\u00e9sio\"},\"sameAs\":[\"https:\\\/\\\/quersaberpolitica.com.br\"],\"url\":\"https:\\\/\\\/blogdofarnesio.com.br\\\/?author=1\"}]}<\/script>\n<!-- \/ Yoast SEO plugin. -->","yoast_head_json":{"title":"LULA FICA INELEG\u00cdVEL AP\u00d3S CONDENA\u00c7\u00c3O NO CASO TRIPLEX? ENTENDA O QUE DIZ A LEI - Blog do Farn\u00e9sio","robots":{"index":"index","follow":"follow","max-snippet":"max-snippet:-1","max-image-preview":"max-image-preview:large","max-video-preview":"max-video-preview:-1"},"canonical":"https:\/\/blogdofarnesio.com.br\/?p=171456","og_locale":"pt_BR","og_type":"article","og_title":"LULA FICA INELEG\u00cdVEL AP\u00d3S CONDENA\u00c7\u00c3O NO CASO TRIPLEX? ENTENDA O QUE DIZ A LEI - Blog do Farn\u00e9sio","og_description":"Ex-presidente \u00e9 r\u00e9u em processo por lavagem de dinheiro e corrup\u00e7\u00e3o passiva. Ele nega as acusa\u00e7\u00f5es. Por Rosanne D&#8217;Agostino, G1, S\u00e3o Paulo O ex-presidente Luiz In\u00e1cio Lula da Silva\u00a0foi condenado nesta quarta-feira (12) no caso do triplex no Guaruj\u00e1 (SP). De acordo com a den\u00fancia, a OAS pagou R$ 3,7 milh\u00f5es em propina a Lula por meio da entrega e reforma do im\u00f3vel, al\u00e9m do armazenamento do acervo presidencial. O ex-presidente nega ser dono do im\u00f3vel e ainda pode recorrer. Entenda o processo\u00a0e\u00a0veja todas as suspeitas contra Lula PERGUNTAS E RESPOSTAS Com essa condena\u00e7\u00e3o, o ex-presidente fica ineleg\u00edvel, ou seja, impedido de se candidatar \u00e0 Presid\u00eancia ou a outro cargo em 2018? N\u00e3o. A Lei da Ficha Limpa impede a&hellip;","og_url":"https:\/\/blogdofarnesio.com.br\/?p=171456","og_site_name":"Blog do Farn\u00e9sio","article_publisher":"https:\/\/www.facebook.com\/BlogQuerSaberPolitica\/","article_published_time":"2017-07-13T11:03:36+00:00","og_image":[{"width":600,"height":342,"url":"https:\/\/blogdofarnesio.com.br\/wp-content\/uploads\/2016\/03\/blogqspsergio-moro-e-lula-Di\u00e1rio-do-Poder-e1506030473451.jpg","type":"image\/jpeg"}],"author":"Farn\u00e9sio","twitter_card":"summary_large_image","twitter_misc":{"Escrito por":"Farn\u00e9sio","Est. tempo de leitura":"4 minutos"},"schema":{"@context":"https:\/\/schema.org","@graph":[{"@type":"Article","@id":"https:\/\/blogdofarnesio.com.br\/?p=171456#article","isPartOf":{"@id":"https:\/\/blogdofarnesio.com.br\/?p=171456"},"author":{"name":"Farn\u00e9sio","@id":"https:\/\/blogdofarnesio.com.br\/#\/schema\/person\/301c4acf522bccbfdb45af95b5b906a1"},"headline":"LULA FICA INELEG\u00cdVEL AP\u00d3S CONDENA\u00c7\u00c3O NO CASO TRIPLEX? ENTENDA O QUE DIZ A LEI","datePublished":"2017-07-13T11:03:36+00:00","mainEntityOfPage":{"@id":"https:\/\/blogdofarnesio.com.br\/?p=171456"},"wordCount":886,"commentCount":0,"publisher":{"@id":"https:\/\/blogdofarnesio.com.br\/#organization"},"image":{"@id":"https:\/\/blogdofarnesio.com.br\/?p=171456#primaryimage"},"thumbnailUrl":"https:\/\/blogdofarnesio.com.br\/wp-content\/uploads\/2016\/03\/blogqspsergio-moro-e-lula-Di\u00e1rio-do-Poder-e1506030473451.jpg","articleSection":["Pol\u00edtica"],"inLanguage":"pt-BR","potentialAction":[{"@type":"CommentAction","name":"Comment","target":["https:\/\/blogdofarnesio.com.br\/?p=171456#respond"]}]},{"@type":"WebPage","@id":"https:\/\/blogdofarnesio.com.br\/?p=171456","url":"https:\/\/blogdofarnesio.com.br\/?p=171456","name":"LULA FICA INELEG\u00cdVEL AP\u00d3S CONDENA\u00c7\u00c3O NO CASO TRIPLEX? ENTENDA O QUE DIZ A LEI - Blog do Farn\u00e9sio","isPartOf":{"@id":"https:\/\/blogdofarnesio.com.br\/#website"},"primaryImageOfPage":{"@id":"https:\/\/blogdofarnesio.com.br\/?p=171456#primaryimage"},"image":{"@id":"https:\/\/blogdofarnesio.com.br\/?p=171456#primaryimage"},"thumbnailUrl":"https:\/\/blogdofarnesio.com.br\/wp-content\/uploads\/2016\/03\/blogqspsergio-moro-e-lula-Di\u00e1rio-do-Poder-e1506030473451.jpg","datePublished":"2017-07-13T11:03:36+00:00","breadcrumb":{"@id":"https:\/\/blogdofarnesio.com.br\/?p=171456#breadcrumb"},"inLanguage":"pt-BR","potentialAction":[{"@type":"ReadAction","target":["https:\/\/blogdofarnesio.com.br\/?p=171456"]}]},{"@type":"ImageObject","inLanguage":"pt-BR","@id":"https:\/\/blogdofarnesio.com.br\/?p=171456#primaryimage","url":"https:\/\/blogdofarnesio.com.br\/wp-content\/uploads\/2016\/03\/blogqspsergio-moro-e-lula-Di\u00e1rio-do-Poder-e1506030473451.jpg","contentUrl":"https:\/\/blogdofarnesio.com.br\/wp-content\/uploads\/2016\/03\/blogqspsergio-moro-e-lula-Di\u00e1rio-do-Poder-e1506030473451.jpg","width":600,"height":342},{"@type":"BreadcrumbList","@id":"https:\/\/blogdofarnesio.com.br\/?p=171456#breadcrumb","itemListElement":[{"@type":"ListItem","position":1,"name":"In\u00edcio","item":"https:\/\/blogdofarnesio.com.br\/"},{"@type":"ListItem","position":2,"name":"LULA FICA INELEG\u00cdVEL AP\u00d3S CONDENA\u00c7\u00c3O NO CASO TRIPLEX? ENTENDA O QUE DIZ A LEI"}]},{"@type":"WebSite","@id":"https:\/\/blogdofarnesio.com.br\/#website","url":"https:\/\/blogdofarnesio.com.br\/","name":"Blog do Farn\u00e9sio","description":"Quer Saber Pol\u00edtica?","publisher":{"@id":"https:\/\/blogdofarnesio.com.br\/#organization"},"potentialAction":[{"@type":"SearchAction","target":{"@type":"EntryPoint","urlTemplate":"https:\/\/blogdofarnesio.com.br\/?s={search_term_string}"},"query-input":{"@type":"PropertyValueSpecification","valueRequired":true,"valueName":"search_term_string"}}],"inLanguage":"pt-BR"},{"@type":"Organization","@id":"https:\/\/blogdofarnesio.com.br\/#organization","name":"Blog do Farn\u00e9sio","url":"https:\/\/blogdofarnesio.com.br\/","logo":{"@type":"ImageObject","inLanguage":"pt-BR","@id":"https:\/\/blogdofarnesio.com.br\/#\/schema\/logo\/image\/","url":"https:\/\/blogdofarnesio.com.br\/wp-content\/uploads\/2026\/03\/cropped-logo_new-1.png","contentUrl":"https:\/\/blogdofarnesio.com.br\/wp-content\/uploads\/2026\/03\/cropped-logo_new-1.png","width":881,"height":685,"caption":"Blog do Farn\u00e9sio"},"image":{"@id":"https:\/\/blogdofarnesio.com.br\/#\/schema\/logo\/image\/"},"sameAs":["https:\/\/www.facebook.com\/BlogQuerSaberPolitica\/"]},{"@type":"Person","@id":"https:\/\/blogdofarnesio.com.br\/#\/schema\/person\/301c4acf522bccbfdb45af95b5b906a1","name":"Farn\u00e9sio","image":{"@type":"ImageObject","inLanguage":"pt-BR","@id":"https:\/\/secure.gravatar.com\/avatar\/df0c9a14567c056f8ad6876ba5bbd1e3e2c48023eb6807342fc4663adf549f38?s=96&d=mm&r=g","url":"https:\/\/secure.gravatar.com\/avatar\/df0c9a14567c056f8ad6876ba5bbd1e3e2c48023eb6807342fc4663adf549f38?s=96&d=mm&r=g","contentUrl":"https:\/\/secure.gravatar.com\/avatar\/df0c9a14567c056f8ad6876ba5bbd1e3e2c48023eb6807342fc4663adf549f38?s=96&d=mm&r=g","caption":"Farn\u00e9sio"},"sameAs":["https:\/\/quersaberpolitica.com.br"],"url":"https:\/\/blogdofarnesio.com.br\/?author=1"}]}},"_links":{"self":[{"href":"https:\/\/blogdofarnesio.com.br\/index.php?rest_route=\/wp\/v2\/posts\/171456","targetHints":{"allow":["GET"]}}],"collection":[{"href":"https:\/\/blogdofarnesio.com.br\/index.php?rest_route=\/wp\/v2\/posts"}],"about":[{"href":"https:\/\/blogdofarnesio.com.br\/index.php?rest_route=\/wp\/v2\/types\/post"}],"author":[{"embeddable":true,"href":"https:\/\/blogdofarnesio.com.br\/index.php?rest_route=\/wp\/v2\/users\/1"}],"replies":[{"embeddable":true,"href":"https:\/\/blogdofarnesio.com.br\/index.php?rest_route=%2Fwp%2Fv2%2Fcomments&post=171456"}],"version-history":[{"count":0,"href":"https:\/\/blogdofarnesio.com.br\/index.php?rest_route=\/wp\/v2\/posts\/171456\/revisions"}],"wp:featuredmedia":[{"embeddable":true,"href":"https:\/\/blogdofarnesio.com.br\/index.php?rest_route=\/wp\/v2\/media\/139014"}],"wp:attachment":[{"href":"https:\/\/blogdofarnesio.com.br\/index.php?rest_route=%2Fwp%2Fv2%2Fmedia&parent=171456"}],"wp:term":[{"taxonomy":"category","embeddable":true,"href":"https:\/\/blogdofarnesio.com.br\/index.php?rest_route=%2Fwp%2Fv2%2Fcategories&post=171456"},{"taxonomy":"post_tag","embeddable":true,"href":"https:\/\/blogdofarnesio.com.br\/index.php?rest_route=%2Fwp%2Fv2%2Ftags&post=171456"}],"curies":[{"name":"wp","href":"https:\/\/api.w.org\/{rel}","templated":true}]}}