{"id":171450,"date":"2017-07-13T09:22:16","date_gmt":"2017-07-13T12:22:16","guid":{"rendered":"http:\/\/quersaberpolitica.com.br\/2016\/?p=171450"},"modified":"2017-07-12T21:00:12","modified_gmt":"2017-07-13T00:00:12","slug":"a-102a-escola-reformada-e-climatizada-sera-entregue-a-comunidade-de-manicoba-dentro-da-programacao-de-aniversario-de-juazeiro","status":"publish","type":"post","link":"https:\/\/blogdofarnesio.com.br\/2017\/07\/a-102a-escola-reformada-e-climatizada-sera-entregue-a-comunidade-de-manicoba-dentro-da-programacao-de-aniversario-de-juazeiro\/","title":{"rendered":"A 102\u00aa ESCOLA REFORMADA E CLIMATIZADA SER\u00c1 ENTREGUE A COMUNIDADE DE MANI\u00c7OBA, DENTRO DA PROGRAMA\u00c7\u00c3O DE ANIVERS\u00c1RIO DE JUAZEIRO"},"content":{"rendered":"<p style=\"text-align: justify;\">Dentro da programa\u00e7\u00e3o dos 139 anos de Juazeiro, a Prefeitura vai entregar \u00e0 popula\u00e7\u00e3o no pr\u00f3ximo s\u00e1bado \u00e0s 17h, no Distrito de Mani\u00e7oba a Escola 15 de Julho &#8211; 102\u00aa unidade escolar reformada e climatizada.<\/p>\n<p style=\"text-align: justify;\">A unidade, que atende mais de 500 alunos do infantil ao 9\u00ba ano, foi totalmente reformada, com troca de piso, forro, pintura e instala\u00e7\u00e3o de ares condicionados em todas as salas. Para comemorar o anivers\u00e1rio da cidade e esta conquista da comunidade de Mani\u00e7oba, os alunos, as equipes da escola e da Secretaria de Educa\u00e7\u00e3o e Juventude (SEDUC) est\u00e3o preparando uma grande festa com fanfarra, palha\u00e7os, brincadeiras e apresenta\u00e7\u00e3o da quadrilha Luar do Sert\u00e3o, da Escola 2 de Julho.<\/p>\n<p style=\"text-align: justify;\">Em seis meses de Governo, o prefeito Paulo Bomfim entregou cinco unidades escolares \u00e0 popula\u00e7\u00e3o de Juazeiro, duas no Residencial Juazeiro I, no bairro S\u00e3o Geraldo, no Salitre e agora em Mani\u00e7oba. A\u00a0inaugura\u00e7\u00e3o contar\u00e1 com apresenta\u00e7\u00f5es musicais e culturais dos alunos.<\/p>\n<p style=\"text-align: justify;\">As reformas e climatiza\u00e7\u00f5es das escolas da Rede Municipal de Ensino de Juazeiro, que v\u00eam sendo realizadas h\u00e1 pouco mais de oito anos, j\u00e1 beneficiaram 102\u00a0das 134 unidades e s\u00e3o respons\u00e1veis pela redu\u00e7\u00e3o da evas\u00e3o\u00a0escolar\u00a0de 6,2% para 1,6%. A Educa\u00e7\u00e3o passou por uma significativa transforma\u00e7\u00e3o, colocando o munic\u00edpio em destaque na Bahia. Foram in\u00fameros avan\u00e7os, que proporcionou a mais de 33 mil alunos da sede e do interior, uma educa\u00e7\u00e3o de qualidade, com professores qualificados e valorizados; a constru\u00e7\u00e3o de 20 novas creches, de duas\u00a0escolas\u00a0de Tempo Integral; a\u00a0Escola\u00a0de Forma\u00e7\u00e3o de Professores; o Centro Municipal de Alfabetiza\u00e7\u00e3o, entre outras conquistas.<\/p>\n<p style=\"text-align: justify;\">No dia 15 de julho, al\u00e9m da escola em Mani\u00e7oba, o prefeito Paulo Bomfim vai inaugurar a pavimenta\u00e7\u00e3o de 7 ruas, uma UBS e pavimenta\u00e7\u00e3o em Itamotinga, entregando 10 obras no dia do anivers\u00e1rio da cidade.<\/p>\n<p>Por Emanuelle Lustosa\/SEDUC<\/p>\n","protected":false},"excerpt":{"rendered":"<p>Dentro da programa\u00e7\u00e3o dos 139 anos de Juazeiro, a Prefeitura vai entregar \u00e0 popula\u00e7\u00e3o no pr\u00f3ximo s\u00e1bado \u00e0s 17h, no Distrito de Mani\u00e7oba a Escola 15 de Julho &#8211; 102\u00aa unidade escolar reformada e climatizada. A unidade, que atende mais de 500 alunos do infantil ao 9\u00ba ano, foi totalmente reformada, com troca de piso, forro, pintura e instala\u00e7\u00e3o de ares condicionados em todas as salas. Para comemorar o anivers\u00e1rio da cidade e esta conquista da comunidade de Mani\u00e7oba, os alunos, as equipes da escola e da Secretaria de Educa\u00e7\u00e3o e Juventude (SEDUC) est\u00e3o preparando uma grande festa com fanfarra, palha\u00e7os, brincadeiras e apresenta\u00e7\u00e3o da quadrilha Luar do Sert\u00e3o, da Escola 2 de Julho. Em seis meses de Governo, o&hellip; <\/p>\n","protected":false},"author":1,"featured_media":171451,"comment_status":"open","ping_status":"open","sticky":false,"template":"","format":"standard","meta":{"_acf_changed":false,"footnotes":""},"categories":[6],"tags":[],"class_list":["post-171450","post","type-post","status-publish","format-standard","has-post-thumbnail","hentry","category-educacao"],"acf":[],"yoast_head":"<!-- This site is optimized with the Yoast SEO plugin v27.5 - https:\/\/yoast.com\/product\/yoast-seo-wordpress\/ -->\n<title>A 102\u00aa ESCOLA REFORMADA E CLIMATIZADA SER\u00c1 ENTREGUE A COMUNIDADE DE MANI\u00c7OBA, DENTRO DA PROGRAMA\u00c7\u00c3O DE ANIVERS\u00c1RIO DE JUAZEIRO - Blog do Farn\u00e9sio<\/title>\n<meta name=\"robots\" content=\"index, follow, max-snippet:-1, max-image-preview:large, max-video-preview:-1\" \/>\n<link rel=\"canonical\" href=\"https:\/\/blogdofarnesio.com.br\/2017\/07\/a-102a-escola-reformada-e-climatizada-sera-entregue-a-comunidade-de-manicoba-dentro-da-programacao-de-aniversario-de-juazeiro\/\" \/>\n<meta property=\"og:locale\" content=\"pt_BR\" \/>\n<meta property=\"og:type\" content=\"article\" \/>\n<meta property=\"og:title\" content=\"A 102\u00aa ESCOLA REFORMADA E CLIMATIZADA SER\u00c1 ENTREGUE A COMUNIDADE DE MANI\u00c7OBA, DENTRO DA PROGRAMA\u00c7\u00c3O DE ANIVERS\u00c1RIO DE JUAZEIRO - Blog do Farn\u00e9sio\" \/>\n<meta property=\"og:description\" content=\"Dentro da programa\u00e7\u00e3o dos 139 anos de Juazeiro, a Prefeitura vai entregar \u00e0 popula\u00e7\u00e3o no pr\u00f3ximo s\u00e1bado \u00e0s 17h, no Distrito de Mani\u00e7oba a Escola 15 de Julho &#8211; 102\u00aa unidade escolar reformada e climatizada. A unidade, que atende mais de 500 alunos do infantil ao 9\u00ba ano, foi totalmente reformada, com troca de piso, forro, pintura e instala\u00e7\u00e3o de ares condicionados em todas as salas. Para comemorar o anivers\u00e1rio da cidade e esta conquista da comunidade de Mani\u00e7oba, os alunos, as equipes da escola e da Secretaria de Educa\u00e7\u00e3o e Juventude (SEDUC) est\u00e3o preparando uma grande festa com fanfarra, palha\u00e7os, brincadeiras e apresenta\u00e7\u00e3o da quadrilha Luar do Sert\u00e3o, da Escola 2 de Julho. Em seis meses de Governo, o&hellip;\" \/>\n<meta property=\"og:url\" content=\"https:\/\/blogdofarnesio.com.br\/2017\/07\/a-102a-escola-reformada-e-climatizada-sera-entregue-a-comunidade-de-manicoba-dentro-da-programacao-de-aniversario-de-juazeiro\/\" \/>\n<meta property=\"og:site_name\" content=\"Blog do Farn\u00e9sio\" \/>\n<meta property=\"article:publisher\" content=\"https:\/\/www.facebook.com\/BlogQuerSaberPolitica\/\" \/>\n<meta property=\"article:published_time\" content=\"2017-07-13T12:22:16+00:00\" \/>\n<meta property=\"og:image\" content=\"https:\/\/blogdofarnesio.com.br\/wp-content\/uploads\/2017\/07\/blogqsp-Inaugura-Escola-15-Julho-2.jpg\" \/>\n\t<meta property=\"og:image:width\" content=\"640\" \/>\n\t<meta property=\"og:image:height\" content=\"360\" \/>\n\t<meta property=\"og:image:type\" content=\"image\/jpeg\" \/>\n<meta name=\"author\" content=\"Farn\u00e9sio\" \/>\n<meta name=\"twitter:card\" content=\"summary_large_image\" \/>\n<meta name=\"twitter:label1\" content=\"Escrito por\" \/>\n\t<meta name=\"twitter:data1\" content=\"Farn\u00e9sio\" \/>\n\t<meta name=\"twitter:label2\" content=\"Est. tempo de leitura\" \/>\n\t<meta name=\"twitter:data2\" content=\"2 minutos\" \/>\n<script type=\"application\/ld+json\" class=\"yoast-schema-graph\">{\"@context\":\"https:\\\/\\\/schema.org\",\"@graph\":[{\"@type\":\"Article\",\"@id\":\"https:\\\/\\\/blogdofarnesio.com.br\\\/2017\\\/07\\\/a-102a-escola-reformada-e-climatizada-sera-entregue-a-comunidade-de-manicoba-dentro-da-programacao-de-aniversario-de-juazeiro\\\/#article\",\"isPartOf\":{\"@id\":\"https:\\\/\\\/blogdofarnesio.com.br\\\/2017\\\/07\\\/a-102a-escola-reformada-e-climatizada-sera-entregue-a-comunidade-de-manicoba-dentro-da-programacao-de-aniversario-de-juazeiro\\\/\"},\"author\":{\"name\":\"Farn\u00e9sio\",\"@id\":\"https:\\\/\\\/blogdofarnesio.com.br\\\/#\\\/schema\\\/person\\\/301c4acf522bccbfdb45af95b5b906a1\"},\"headline\":\"A 102\u00aa ESCOLA REFORMADA E CLIMATIZADA SER\u00c1 ENTREGUE A COMUNIDADE DE MANI\u00c7OBA, DENTRO DA PROGRAMA\u00c7\u00c3O DE ANIVERS\u00c1RIO DE JUAZEIRO\",\"datePublished\":\"2017-07-13T12:22:16+00:00\",\"mainEntityOfPage\":{\"@id\":\"https:\\\/\\\/blogdofarnesio.com.br\\\/2017\\\/07\\\/a-102a-escola-reformada-e-climatizada-sera-entregue-a-comunidade-de-manicoba-dentro-da-programacao-de-aniversario-de-juazeiro\\\/\"},\"wordCount\":344,\"commentCount\":0,\"publisher\":{\"@id\":\"https:\\\/\\\/blogdofarnesio.com.br\\\/#organization\"},\"image\":{\"@id\":\"https:\\\/\\\/blogdofarnesio.com.br\\\/2017\\\/07\\\/a-102a-escola-reformada-e-climatizada-sera-entregue-a-comunidade-de-manicoba-dentro-da-programacao-de-aniversario-de-juazeiro\\\/#primaryimage\"},\"thumbnailUrl\":\"https:\\\/\\\/blogdofarnesio.com.br\\\/wp-content\\\/uploads\\\/2017\\\/07\\\/blogqsp-Inaugura-Escola-15-Julho-2.jpg\",\"articleSection\":[\"Educa\u00e7\u00e3o\"],\"inLanguage\":\"pt-BR\",\"potentialAction\":[{\"@type\":\"CommentAction\",\"name\":\"Comment\",\"target\":[\"https:\\\/\\\/blogdofarnesio.com.br\\\/2017\\\/07\\\/a-102a-escola-reformada-e-climatizada-sera-entregue-a-comunidade-de-manicoba-dentro-da-programacao-de-aniversario-de-juazeiro\\\/#respond\"]}]},{\"@type\":\"WebPage\",\"@id\":\"https:\\\/\\\/blogdofarnesio.com.br\\\/2017\\\/07\\\/a-102a-escola-reformada-e-climatizada-sera-entregue-a-comunidade-de-manicoba-dentro-da-programacao-de-aniversario-de-juazeiro\\\/\",\"url\":\"https:\\\/\\\/blogdofarnesio.com.br\\\/2017\\\/07\\\/a-102a-escola-reformada-e-climatizada-sera-entregue-a-comunidade-de-manicoba-dentro-da-programacao-de-aniversario-de-juazeiro\\\/\",\"name\":\"A 102\u00aa ESCOLA REFORMADA E CLIMATIZADA SER\u00c1 ENTREGUE A COMUNIDADE DE MANI\u00c7OBA, DENTRO DA PROGRAMA\u00c7\u00c3O DE ANIVERS\u00c1RIO DE JUAZEIRO - Blog do Farn\u00e9sio\",\"isPartOf\":{\"@id\":\"https:\\\/\\\/blogdofarnesio.com.br\\\/#website\"},\"primaryImageOfPage\":{\"@id\":\"https:\\\/\\\/blogdofarnesio.com.br\\\/2017\\\/07\\\/a-102a-escola-reformada-e-climatizada-sera-entregue-a-comunidade-de-manicoba-dentro-da-programacao-de-aniversario-de-juazeiro\\\/#primaryimage\"},\"image\":{\"@id\":\"https:\\\/\\\/blogdofarnesio.com.br\\\/2017\\\/07\\\/a-102a-escola-reformada-e-climatizada-sera-entregue-a-comunidade-de-manicoba-dentro-da-programacao-de-aniversario-de-juazeiro\\\/#primaryimage\"},\"thumbnailUrl\":\"https:\\\/\\\/blogdofarnesio.com.br\\\/wp-content\\\/uploads\\\/2017\\\/07\\\/blogqsp-Inaugura-Escola-15-Julho-2.jpg\",\"datePublished\":\"2017-07-13T12:22:16+00:00\",\"breadcrumb\":{\"@id\":\"https:\\\/\\\/blogdofarnesio.com.br\\\/2017\\\/07\\\/a-102a-escola-reformada-e-climatizada-sera-entregue-a-comunidade-de-manicoba-dentro-da-programacao-de-aniversario-de-juazeiro\\\/#breadcrumb\"},\"inLanguage\":\"pt-BR\",\"potentialAction\":[{\"@type\":\"ReadAction\",\"target\":[\"https:\\\/\\\/blogdofarnesio.com.br\\\/2017\\\/07\\\/a-102a-escola-reformada-e-climatizada-sera-entregue-a-comunidade-de-manicoba-dentro-da-programacao-de-aniversario-de-juazeiro\\\/\"]}]},{\"@type\":\"ImageObject\",\"inLanguage\":\"pt-BR\",\"@id\":\"https:\\\/\\\/blogdofarnesio.com.br\\\/2017\\\/07\\\/a-102a-escola-reformada-e-climatizada-sera-entregue-a-comunidade-de-manicoba-dentro-da-programacao-de-aniversario-de-juazeiro\\\/#primaryimage\",\"url\":\"https:\\\/\\\/blogdofarnesio.com.br\\\/wp-content\\\/uploads\\\/2017\\\/07\\\/blogqsp-Inaugura-Escola-15-Julho-2.jpg\",\"contentUrl\":\"https:\\\/\\\/blogdofarnesio.com.br\\\/wp-content\\\/uploads\\\/2017\\\/07\\\/blogqsp-Inaugura-Escola-15-Julho-2.jpg\",\"width\":640,\"height\":360,\"caption\":\"?\"},{\"@type\":\"BreadcrumbList\",\"@id\":\"https:\\\/\\\/blogdofarnesio.com.br\\\/2017\\\/07\\\/a-102a-escola-reformada-e-climatizada-sera-entregue-a-comunidade-de-manicoba-dentro-da-programacao-de-aniversario-de-juazeiro\\\/#breadcrumb\",\"itemListElement\":[{\"@type\":\"ListItem\",\"position\":1,\"name\":\"In\u00edcio\",\"item\":\"https:\\\/\\\/blogdofarnesio.com.br\\\/\"},{\"@type\":\"ListItem\",\"position\":2,\"name\":\"A 102\u00aa ESCOLA REFORMADA E CLIMATIZADA SER\u00c1 ENTREGUE A COMUNIDADE DE MANI\u00c7OBA, DENTRO DA PROGRAMA\u00c7\u00c3O DE ANIVERS\u00c1RIO DE JUAZEIRO\"}]},{\"@type\":\"WebSite\",\"@id\":\"https:\\\/\\\/blogdofarnesio.com.br\\\/#website\",\"url\":\"https:\\\/\\\/blogdofarnesio.com.br\\\/\",\"name\":\"Blog do Farn\u00e9sio\",\"description\":\"Quer Saber Pol\u00edtica?\",\"publisher\":{\"@id\":\"https:\\\/\\\/blogdofarnesio.com.br\\\/#organization\"},\"potentialAction\":[{\"@type\":\"SearchAction\",\"target\":{\"@type\":\"EntryPoint\",\"urlTemplate\":\"https:\\\/\\\/blogdofarnesio.com.br\\\/?s={search_term_string}\"},\"query-input\":{\"@type\":\"PropertyValueSpecification\",\"valueRequired\":true,\"valueName\":\"search_term_string\"}}],\"inLanguage\":\"pt-BR\"},{\"@type\":\"Organization\",\"@id\":\"https:\\\/\\\/blogdofarnesio.com.br\\\/#organization\",\"name\":\"Blog do Farn\u00e9sio\",\"url\":\"https:\\\/\\\/blogdofarnesio.com.br\\\/\",\"logo\":{\"@type\":\"ImageObject\",\"inLanguage\":\"pt-BR\",\"@id\":\"https:\\\/\\\/blogdofarnesio.com.br\\\/#\\\/schema\\\/logo\\\/image\\\/\",\"url\":\"https:\\\/\\\/blogdofarnesio.com.br\\\/wp-content\\\/uploads\\\/2026\\\/03\\\/cropped-logo_new-1.png\",\"contentUrl\":\"https:\\\/\\\/blogdofarnesio.com.br\\\/wp-content\\\/uploads\\\/2026\\\/03\\\/cropped-logo_new-1.png\",\"width\":881,\"height\":685,\"caption\":\"Blog do Farn\u00e9sio\"},\"image\":{\"@id\":\"https:\\\/\\\/blogdofarnesio.com.br\\\/#\\\/schema\\\/logo\\\/image\\\/\"},\"sameAs\":[\"https:\\\/\\\/www.facebook.com\\\/BlogQuerSaberPolitica\\\/\"]},{\"@type\":\"Person\",\"@id\":\"https:\\\/\\\/blogdofarnesio.com.br\\\/#\\\/schema\\\/person\\\/301c4acf522bccbfdb45af95b5b906a1\",\"name\":\"Farn\u00e9sio\",\"image\":{\"@type\":\"ImageObject\",\"inLanguage\":\"pt-BR\",\"@id\":\"https:\\\/\\\/secure.gravatar.com\\\/avatar\\\/df0c9a14567c056f8ad6876ba5bbd1e3e2c48023eb6807342fc4663adf549f38?s=96&d=mm&r=g\",\"url\":\"https:\\\/\\\/secure.gravatar.com\\\/avatar\\\/df0c9a14567c056f8ad6876ba5bbd1e3e2c48023eb6807342fc4663adf549f38?s=96&d=mm&r=g\",\"contentUrl\":\"https:\\\/\\\/secure.gravatar.com\\\/avatar\\\/df0c9a14567c056f8ad6876ba5bbd1e3e2c48023eb6807342fc4663adf549f38?s=96&d=mm&r=g\",\"caption\":\"Farn\u00e9sio\"},\"sameAs\":[\"https:\\\/\\\/quersaberpolitica.com.br\"],\"url\":\"https:\\\/\\\/blogdofarnesio.com.br\\\/author\\\/farnesio\\\/\"}]}<\/script>\n<!-- \/ Yoast SEO plugin. -->","yoast_head_json":{"title":"A 102\u00aa ESCOLA REFORMADA E CLIMATIZADA SER\u00c1 ENTREGUE A COMUNIDADE DE MANI\u00c7OBA, DENTRO DA PROGRAMA\u00c7\u00c3O DE ANIVERS\u00c1RIO DE JUAZEIRO - Blog do Farn\u00e9sio","robots":{"index":"index","follow":"follow","max-snippet":"max-snippet:-1","max-image-preview":"max-image-preview:large","max-video-preview":"max-video-preview:-1"},"canonical":"https:\/\/blogdofarnesio.com.br\/2017\/07\/a-102a-escola-reformada-e-climatizada-sera-entregue-a-comunidade-de-manicoba-dentro-da-programacao-de-aniversario-de-juazeiro\/","og_locale":"pt_BR","og_type":"article","og_title":"A 102\u00aa ESCOLA REFORMADA E CLIMATIZADA SER\u00c1 ENTREGUE A COMUNIDADE DE MANI\u00c7OBA, DENTRO DA PROGRAMA\u00c7\u00c3O DE ANIVERS\u00c1RIO DE JUAZEIRO - Blog do Farn\u00e9sio","og_description":"Dentro da programa\u00e7\u00e3o dos 139 anos de Juazeiro, a Prefeitura vai entregar \u00e0 popula\u00e7\u00e3o no pr\u00f3ximo s\u00e1bado \u00e0s 17h, no Distrito de Mani\u00e7oba a Escola 15 de Julho &#8211; 102\u00aa unidade escolar reformada e climatizada. A unidade, que atende mais de 500 alunos do infantil ao 9\u00ba ano, foi totalmente reformada, com troca de piso, forro, pintura e instala\u00e7\u00e3o de ares condicionados em todas as salas. Para comemorar o anivers\u00e1rio da cidade e esta conquista da comunidade de Mani\u00e7oba, os alunos, as equipes da escola e da Secretaria de Educa\u00e7\u00e3o e Juventude (SEDUC) est\u00e3o preparando uma grande festa com fanfarra, palha\u00e7os, brincadeiras e apresenta\u00e7\u00e3o da quadrilha Luar do Sert\u00e3o, da Escola 2 de Julho. Em seis meses de Governo, o&hellip;","og_url":"https:\/\/blogdofarnesio.com.br\/2017\/07\/a-102a-escola-reformada-e-climatizada-sera-entregue-a-comunidade-de-manicoba-dentro-da-programacao-de-aniversario-de-juazeiro\/","og_site_name":"Blog do Farn\u00e9sio","article_publisher":"https:\/\/www.facebook.com\/BlogQuerSaberPolitica\/","article_published_time":"2017-07-13T12:22:16+00:00","og_image":[{"width":640,"height":360,"url":"https:\/\/blogdofarnesio.com.br\/wp-content\/uploads\/2017\/07\/blogqsp-Inaugura-Escola-15-Julho-2.jpg","type":"image\/jpeg"}],"author":"Farn\u00e9sio","twitter_card":"summary_large_image","twitter_misc":{"Escrito por":"Farn\u00e9sio","Est. tempo de leitura":"2 minutos"},"schema":{"@context":"https:\/\/schema.org","@graph":[{"@type":"Article","@id":"https:\/\/blogdofarnesio.com.br\/2017\/07\/a-102a-escola-reformada-e-climatizada-sera-entregue-a-comunidade-de-manicoba-dentro-da-programacao-de-aniversario-de-juazeiro\/#article","isPartOf":{"@id":"https:\/\/blogdofarnesio.com.br\/2017\/07\/a-102a-escola-reformada-e-climatizada-sera-entregue-a-comunidade-de-manicoba-dentro-da-programacao-de-aniversario-de-juazeiro\/"},"author":{"name":"Farn\u00e9sio","@id":"https:\/\/blogdofarnesio.com.br\/#\/schema\/person\/301c4acf522bccbfdb45af95b5b906a1"},"headline":"A 102\u00aa ESCOLA REFORMADA E CLIMATIZADA SER\u00c1 ENTREGUE A COMUNIDADE DE MANI\u00c7OBA, DENTRO DA PROGRAMA\u00c7\u00c3O DE ANIVERS\u00c1RIO DE JUAZEIRO","datePublished":"2017-07-13T12:22:16+00:00","mainEntityOfPage":{"@id":"https:\/\/blogdofarnesio.com.br\/2017\/07\/a-102a-escola-reformada-e-climatizada-sera-entregue-a-comunidade-de-manicoba-dentro-da-programacao-de-aniversario-de-juazeiro\/"},"wordCount":344,"commentCount":0,"publisher":{"@id":"https:\/\/blogdofarnesio.com.br\/#organization"},"image":{"@id":"https:\/\/blogdofarnesio.com.br\/2017\/07\/a-102a-escola-reformada-e-climatizada-sera-entregue-a-comunidade-de-manicoba-dentro-da-programacao-de-aniversario-de-juazeiro\/#primaryimage"},"thumbnailUrl":"https:\/\/blogdofarnesio.com.br\/wp-content\/uploads\/2017\/07\/blogqsp-Inaugura-Escola-15-Julho-2.jpg","articleSection":["Educa\u00e7\u00e3o"],"inLanguage":"pt-BR","potentialAction":[{"@type":"CommentAction","name":"Comment","target":["https:\/\/blogdofarnesio.com.br\/2017\/07\/a-102a-escola-reformada-e-climatizada-sera-entregue-a-comunidade-de-manicoba-dentro-da-programacao-de-aniversario-de-juazeiro\/#respond"]}]},{"@type":"WebPage","@id":"https:\/\/blogdofarnesio.com.br\/2017\/07\/a-102a-escola-reformada-e-climatizada-sera-entregue-a-comunidade-de-manicoba-dentro-da-programacao-de-aniversario-de-juazeiro\/","url":"https:\/\/blogdofarnesio.com.br\/2017\/07\/a-102a-escola-reformada-e-climatizada-sera-entregue-a-comunidade-de-manicoba-dentro-da-programacao-de-aniversario-de-juazeiro\/","name":"A 102\u00aa ESCOLA REFORMADA E CLIMATIZADA SER\u00c1 ENTREGUE A COMUNIDADE DE MANI\u00c7OBA, DENTRO DA PROGRAMA\u00c7\u00c3O DE ANIVERS\u00c1RIO DE JUAZEIRO - Blog do Farn\u00e9sio","isPartOf":{"@id":"https:\/\/blogdofarnesio.com.br\/#website"},"primaryImageOfPage":{"@id":"https:\/\/blogdofarnesio.com.br\/2017\/07\/a-102a-escola-reformada-e-climatizada-sera-entregue-a-comunidade-de-manicoba-dentro-da-programacao-de-aniversario-de-juazeiro\/#primaryimage"},"image":{"@id":"https:\/\/blogdofarnesio.com.br\/2017\/07\/a-102a-escola-reformada-e-climatizada-sera-entregue-a-comunidade-de-manicoba-dentro-da-programacao-de-aniversario-de-juazeiro\/#primaryimage"},"thumbnailUrl":"https:\/\/blogdofarnesio.com.br\/wp-content\/uploads\/2017\/07\/blogqsp-Inaugura-Escola-15-Julho-2.jpg","datePublished":"2017-07-13T12:22:16+00:00","breadcrumb":{"@id":"https:\/\/blogdofarnesio.com.br\/2017\/07\/a-102a-escola-reformada-e-climatizada-sera-entregue-a-comunidade-de-manicoba-dentro-da-programacao-de-aniversario-de-juazeiro\/#breadcrumb"},"inLanguage":"pt-BR","potentialAction":[{"@type":"ReadAction","target":["https:\/\/blogdofarnesio.com.br\/2017\/07\/a-102a-escola-reformada-e-climatizada-sera-entregue-a-comunidade-de-manicoba-dentro-da-programacao-de-aniversario-de-juazeiro\/"]}]},{"@type":"ImageObject","inLanguage":"pt-BR","@id":"https:\/\/blogdofarnesio.com.br\/2017\/07\/a-102a-escola-reformada-e-climatizada-sera-entregue-a-comunidade-de-manicoba-dentro-da-programacao-de-aniversario-de-juazeiro\/#primaryimage","url":"https:\/\/blogdofarnesio.com.br\/wp-content\/uploads\/2017\/07\/blogqsp-Inaugura-Escola-15-Julho-2.jpg","contentUrl":"https:\/\/blogdofarnesio.com.br\/wp-content\/uploads\/2017\/07\/blogqsp-Inaugura-Escola-15-Julho-2.jpg","width":640,"height":360,"caption":"?"},{"@type":"BreadcrumbList","@id":"https:\/\/blogdofarnesio.com.br\/2017\/07\/a-102a-escola-reformada-e-climatizada-sera-entregue-a-comunidade-de-manicoba-dentro-da-programacao-de-aniversario-de-juazeiro\/#breadcrumb","itemListElement":[{"@type":"ListItem","position":1,"name":"In\u00edcio","item":"https:\/\/blogdofarnesio.com.br\/"},{"@type":"ListItem","position":2,"name":"A 102\u00aa ESCOLA REFORMADA E CLIMATIZADA SER\u00c1 ENTREGUE A COMUNIDADE DE MANI\u00c7OBA, DENTRO DA PROGRAMA\u00c7\u00c3O DE ANIVERS\u00c1RIO DE JUAZEIRO"}]},{"@type":"WebSite","@id":"https:\/\/blogdofarnesio.com.br\/#website","url":"https:\/\/blogdofarnesio.com.br\/","name":"Blog do Farn\u00e9sio","description":"Quer Saber Pol\u00edtica?","publisher":{"@id":"https:\/\/blogdofarnesio.com.br\/#organization"},"potentialAction":[{"@type":"SearchAction","target":{"@type":"EntryPoint","urlTemplate":"https:\/\/blogdofarnesio.com.br\/?s={search_term_string}"},"query-input":{"@type":"PropertyValueSpecification","valueRequired":true,"valueName":"search_term_string"}}],"inLanguage":"pt-BR"},{"@type":"Organization","@id":"https:\/\/blogdofarnesio.com.br\/#organization","name":"Blog do Farn\u00e9sio","url":"https:\/\/blogdofarnesio.com.br\/","logo":{"@type":"ImageObject","inLanguage":"pt-BR","@id":"https:\/\/blogdofarnesio.com.br\/#\/schema\/logo\/image\/","url":"https:\/\/blogdofarnesio.com.br\/wp-content\/uploads\/2026\/03\/cropped-logo_new-1.png","contentUrl":"https:\/\/blogdofarnesio.com.br\/wp-content\/uploads\/2026\/03\/cropped-logo_new-1.png","width":881,"height":685,"caption":"Blog do Farn\u00e9sio"},"image":{"@id":"https:\/\/blogdofarnesio.com.br\/#\/schema\/logo\/image\/"},"sameAs":["https:\/\/www.facebook.com\/BlogQuerSaberPolitica\/"]},{"@type":"Person","@id":"https:\/\/blogdofarnesio.com.br\/#\/schema\/person\/301c4acf522bccbfdb45af95b5b906a1","name":"Farn\u00e9sio","image":{"@type":"ImageObject","inLanguage":"pt-BR","@id":"https:\/\/secure.gravatar.com\/avatar\/df0c9a14567c056f8ad6876ba5bbd1e3e2c48023eb6807342fc4663adf549f38?s=96&d=mm&r=g","url":"https:\/\/secure.gravatar.com\/avatar\/df0c9a14567c056f8ad6876ba5bbd1e3e2c48023eb6807342fc4663adf549f38?s=96&d=mm&r=g","contentUrl":"https:\/\/secure.gravatar.com\/avatar\/df0c9a14567c056f8ad6876ba5bbd1e3e2c48023eb6807342fc4663adf549f38?s=96&d=mm&r=g","caption":"Farn\u00e9sio"},"sameAs":["https:\/\/quersaberpolitica.com.br"],"url":"https:\/\/blogdofarnesio.com.br\/author\/farnesio\/"}]}},"_links":{"self":[{"href":"https:\/\/blogdofarnesio.com.br\/wp-json\/wp\/v2\/posts\/171450","targetHints":{"allow":["GET"]}}],"collection":[{"href":"https:\/\/blogdofarnesio.com.br\/wp-json\/wp\/v2\/posts"}],"about":[{"href":"https:\/\/blogdofarnesio.com.br\/wp-json\/wp\/v2\/types\/post"}],"author":[{"embeddable":true,"href":"https:\/\/blogdofarnesio.com.br\/wp-json\/wp\/v2\/users\/1"}],"replies":[{"embeddable":true,"href":"https:\/\/blogdofarnesio.com.br\/wp-json\/wp\/v2\/comments?post=171450"}],"version-history":[{"count":0,"href":"https:\/\/blogdofarnesio.com.br\/wp-json\/wp\/v2\/posts\/171450\/revisions"}],"wp:featuredmedia":[{"embeddable":true,"href":"https:\/\/blogdofarnesio.com.br\/wp-json\/wp\/v2\/media\/171451"}],"wp:attachment":[{"href":"https:\/\/blogdofarnesio.com.br\/wp-json\/wp\/v2\/media?parent=171450"}],"wp:term":[{"taxonomy":"category","embeddable":true,"href":"https:\/\/blogdofarnesio.com.br\/wp-json\/wp\/v2\/categories?post=171450"},{"taxonomy":"post_tag","embeddable":true,"href":"https:\/\/blogdofarnesio.com.br\/wp-json\/wp\/v2\/tags?post=171450"}],"curies":[{"name":"wp","href":"https:\/\/api.w.org\/{rel}","templated":true}]}}