{"id":171168,"date":"2017-07-10T08:03:12","date_gmt":"2017-07-10T11:03:12","guid":{"rendered":"http:\/\/quersaberpolitica.com.br\/2016\/?p=171168"},"modified":"2017-07-09T21:19:26","modified_gmt":"2017-07-10T00:19:26","slug":"ministerio-de-rodrigo-maia-ja-esta-em-formacao-p-ara-o-caso-de-temer-cair","status":"publish","type":"post","link":"https:\/\/blogdofarnesio.com.br\/?p=171168","title":{"rendered":"MINIST\u00c9RIO DE RODRIGO MAIA J\u00c1 EST\u00c1 EM FORMA\u00c7\u00c3O PARA O CASO DE TEMER CAIR"},"content":{"rendered":"<header>\n<div class=\"resume\"><\/div>\n<figure><a class=\"author url fn\" title=\"Posts de Poder360\" href=\"https:\/\/www.poder360.com.br\/author\/do-poder360\/\" rel=\"author\">PODER360<\/a>\u00a0-H\u00e1 conversas em curso sobre a equipe de governo a ser montada por Rodrigo Maia (DEM-RJ) caso o presidente Michel Temer seja deposto. Dos\u00a0<a href=\"https:\/\/www.poder360.com.br\/wp-content\/uploads\/2017\/07\/Lista-Ministros-6jul2017.pdf\" target=\"_blank\" rel=\"noopener\">28 ministros atuais<\/a>, mais da metade tende a ficar na cadeira se o presidente da C\u00e2mara assumir o Pal\u00e1cio do Planalto.<\/figure>\n<\/header>\n<div class=\"content wp\" data-ga-ano=\"2017\" data-ga-categoria=\"Congresso\" data-ga-autor=\"Poder360\">\n<div class=\"enviar\"><\/div>\n<p>O titular da Fazenda, por exemplo, n\u00e3o ser\u00e1 trocado. Henrique Meirelles \u00e9 o principal fiador da pol\u00edtica econ\u00f4mica do atual governo junto ao mercado. Dyogo Oliveira, do Planejamento, \u00e9 d\u00favida. Ele pode ser trocado por algu\u00e9m mais bem visto por empres\u00e1rios e investidores. A seu favor, tem a boa vontade de muitos congressistas.<\/p>\n<h4><strong>PLANALTO NOVO<\/strong><\/h4>\n<p>Os ministros palacianos ser\u00e3o todos trocados.\u00a0Eliseu Padilha\u00a0(Casa Civil),\u00a0Moreira Franco\u00a0(Secretaria Geral) e\u00a0Antonio Imbassahy\u00a0(Secretaria de Governo) perdem as cadeiras. N\u00e3o porque Rodrigo Maia desgoste do que fazem. Mas o entendimento \u00e9 que novas caras (e mais jovens) precisam assumir o comando.<\/p>\n<p>Alguns dos mais jovens s\u00e3o \u201cpule de 10\u201d para permanecer na Esplanada num eventual governo de Rodrigo Maia. S\u00f3 saem se quiserem os seguintes ministros:\u00a0Bruno Ara\u00fajo (Cidades), 45 anos;\u00a0Fernando Coelho Filho\u00a0(Minas e Energia), 33;\u00a0Leonardo Picciani\u00a0(Esporte), 38;\u00a0Maur\u00edcio Quintella Lessa\u00a0(Transportes), 46; e\u00a0Mendon\u00e7a Filho\u00a0(Educa\u00e7\u00e3o), 51.<\/p>\n<h4><strong>AO SOM DO TANGO<\/strong><\/h4>\n<p>Ficou famoso o jantar de\u00a0Fernando Collor\u00a0na China com pol\u00edticos para planejar sua candidatura a presidente em 1989. O card\u00e1pio foi pato laqueado. Agora, \u00e9 a vez de\u00a0Rodrigo Maia\u00a0\u2013<a href=\"https:\/\/www.poder360.com.br\/congresso\/em-momento-decisivo-rodrigo-maia-vai-a-argentina\/\" target=\"_blank\" rel=\"noopener\">foi \u00e0 Argentina com aliados<\/a>\u00a0em 1 momento em que muitos articulam a troca de governo.<\/p>\n<p>Na comitiva de Maia est\u00e3o os deputados\u00a0Benito Gama\u00a0(PTB-BA);\u00a0Her\u00e1clito Fortes\u00a0(PSB-PI);\u00a0Jarbas Vasconcelos\u00a0(PMDB-PE);\u00a0Rubens Bueno (PPS-PR) e\u00a0Rog\u00e9rio Rosso\u00a0(PSD-DF).<\/p>\n<\/div>\n","protected":false},"excerpt":{"rendered":"<p>PODER360\u00a0-H\u00e1 conversas em curso sobre a equipe de governo a ser montada por Rodrigo Maia (DEM-RJ) caso o presidente Michel Temer seja deposto. Dos\u00a028 ministros atuais, mais da metade tende a ficar na cadeira se o presidente da C\u00e2mara assumir o Pal\u00e1cio do Planalto. O titular da Fazenda, por exemplo, n\u00e3o ser\u00e1 trocado. Henrique Meirelles \u00e9 o principal fiador da pol\u00edtica econ\u00f4mica do atual governo junto ao mercado. Dyogo Oliveira, do Planejamento, \u00e9 d\u00favida. Ele pode ser trocado por algu\u00e9m mais bem visto por empres\u00e1rios e investidores. A seu favor, tem a boa vontade de muitos congressistas. PLANALTO NOVO Os ministros palacianos ser\u00e3o todos trocados.\u00a0Eliseu Padilha\u00a0(Casa Civil),\u00a0Moreira Franco\u00a0(Secretaria Geral) e\u00a0Antonio Imbassahy\u00a0(Secretaria de Governo) perdem as cadeiras. N\u00e3o porque Rodrigo Maia&hellip; <\/p>\n","protected":false},"author":1,"featured_media":170975,"comment_status":"open","ping_status":"open","sticky":false,"template":"","format":"standard","meta":{"_acf_changed":false,"footnotes":""},"categories":[1],"tags":[],"class_list":["post-171168","post","type-post","status-publish","format-standard","has-post-thumbnail","hentry","category-politica"],"acf":[],"yoast_head":"<!-- This site is optimized with the Yoast SEO plugin v27.4 - https:\/\/yoast.com\/product\/yoast-seo-wordpress\/ -->\n<title>MINIST\u00c9RIO DE RODRIGO MAIA J\u00c1 EST\u00c1 EM FORMA\u00c7\u00c3O PARA O CASO DE TEMER CAIR - Blog do Farn\u00e9sio<\/title>\n<meta name=\"robots\" content=\"index, follow, max-snippet:-1, max-image-preview:large, max-video-preview:-1\" \/>\n<link rel=\"canonical\" href=\"https:\/\/blogdofarnesio.com.br\/?p=171168\" \/>\n<meta property=\"og:locale\" content=\"pt_BR\" \/>\n<meta property=\"og:type\" content=\"article\" \/>\n<meta property=\"og:title\" content=\"MINIST\u00c9RIO DE RODRIGO MAIA J\u00c1 EST\u00c1 EM FORMA\u00c7\u00c3O PARA O CASO DE TEMER CAIR - Blog do Farn\u00e9sio\" \/>\n<meta property=\"og:description\" content=\"PODER360\u00a0-H\u00e1 conversas em curso sobre a equipe de governo a ser montada por Rodrigo Maia (DEM-RJ) caso o presidente Michel Temer seja deposto. Dos\u00a028 ministros atuais, mais da metade tende a ficar na cadeira se o presidente da C\u00e2mara assumir o Pal\u00e1cio do Planalto. O titular da Fazenda, por exemplo, n\u00e3o ser\u00e1 trocado. Henrique Meirelles \u00e9 o principal fiador da pol\u00edtica econ\u00f4mica do atual governo junto ao mercado. Dyogo Oliveira, do Planejamento, \u00e9 d\u00favida. Ele pode ser trocado por algu\u00e9m mais bem visto por empres\u00e1rios e investidores. A seu favor, tem a boa vontade de muitos congressistas. PLANALTO NOVO Os ministros palacianos ser\u00e3o todos trocados.\u00a0Eliseu Padilha\u00a0(Casa Civil),\u00a0Moreira Franco\u00a0(Secretaria Geral) e\u00a0Antonio Imbassahy\u00a0(Secretaria de Governo) perdem as cadeiras. N\u00e3o porque Rodrigo Maia&hellip;\" \/>\n<meta property=\"og:url\" content=\"https:\/\/blogdofarnesio.com.br\/?p=171168\" \/>\n<meta property=\"og:site_name\" content=\"Blog do Farn\u00e9sio\" \/>\n<meta property=\"article:publisher\" content=\"https:\/\/www.facebook.com\/BlogQuerSaberPolitica\/\" \/>\n<meta property=\"article:published_time\" content=\"2017-07-10T11:03:12+00:00\" \/>\n<meta property=\"og:image\" content=\"https:\/\/blogdofarnesio.com.br\/wp-content\/uploads\/2017\/07\/Blogqsptemer_eunicio_rodrigo_maia-e1499370889126.jpg\" \/>\n\t<meta property=\"og:image:width\" content=\"668\" \/>\n\t<meta property=\"og:image:height\" content=\"496\" \/>\n\t<meta property=\"og:image:type\" content=\"image\/jpeg\" \/>\n<meta name=\"author\" content=\"Farn\u00e9sio\" \/>\n<meta name=\"twitter:card\" content=\"summary_large_image\" \/>\n<meta name=\"twitter:label1\" content=\"Escrito por\" \/>\n\t<meta name=\"twitter:data1\" content=\"Farn\u00e9sio\" \/>\n\t<meta name=\"twitter:label2\" content=\"Est. tempo de leitura\" \/>\n\t<meta name=\"twitter:data2\" content=\"1 minuto\" \/>\n<script type=\"application\/ld+json\" class=\"yoast-schema-graph\">{\"@context\":\"https:\\\/\\\/schema.org\",\"@graph\":[{\"@type\":\"Article\",\"@id\":\"https:\\\/\\\/blogdofarnesio.com.br\\\/?p=171168#article\",\"isPartOf\":{\"@id\":\"https:\\\/\\\/blogdofarnesio.com.br\\\/?p=171168\"},\"author\":{\"name\":\"Farn\u00e9sio\",\"@id\":\"https:\\\/\\\/blogdofarnesio.com.br\\\/#\\\/schema\\\/person\\\/301c4acf522bccbfdb45af95b5b906a1\"},\"headline\":\"MINIST\u00c9RIO DE RODRIGO MAIA J\u00c1 EST\u00c1 EM FORMA\u00c7\u00c3O PARA O CASO DE TEMER CAIR\",\"datePublished\":\"2017-07-10T11:03:12+00:00\",\"mainEntityOfPage\":{\"@id\":\"https:\\\/\\\/blogdofarnesio.com.br\\\/?p=171168\"},\"wordCount\":293,\"commentCount\":0,\"publisher\":{\"@id\":\"https:\\\/\\\/blogdofarnesio.com.br\\\/#organization\"},\"image\":{\"@id\":\"https:\\\/\\\/blogdofarnesio.com.br\\\/?p=171168#primaryimage\"},\"thumbnailUrl\":\"https:\\\/\\\/blogdofarnesio.com.br\\\/wp-content\\\/uploads\\\/2017\\\/07\\\/Blogqsptemer_eunicio_rodrigo_maia-e1499370889126.jpg\",\"articleSection\":[\"Pol\u00edtica\"],\"inLanguage\":\"pt-BR\",\"potentialAction\":[{\"@type\":\"CommentAction\",\"name\":\"Comment\",\"target\":[\"https:\\\/\\\/blogdofarnesio.com.br\\\/?p=171168#respond\"]}]},{\"@type\":\"WebPage\",\"@id\":\"https:\\\/\\\/blogdofarnesio.com.br\\\/?p=171168\",\"url\":\"https:\\\/\\\/blogdofarnesio.com.br\\\/?p=171168\",\"name\":\"MINIST\u00c9RIO DE RODRIGO MAIA J\u00c1 EST\u00c1 EM FORMA\u00c7\u00c3O PARA O CASO DE TEMER CAIR - Blog do Farn\u00e9sio\",\"isPartOf\":{\"@id\":\"https:\\\/\\\/blogdofarnesio.com.br\\\/#website\"},\"primaryImageOfPage\":{\"@id\":\"https:\\\/\\\/blogdofarnesio.com.br\\\/?p=171168#primaryimage\"},\"image\":{\"@id\":\"https:\\\/\\\/blogdofarnesio.com.br\\\/?p=171168#primaryimage\"},\"thumbnailUrl\":\"https:\\\/\\\/blogdofarnesio.com.br\\\/wp-content\\\/uploads\\\/2017\\\/07\\\/Blogqsptemer_eunicio_rodrigo_maia-e1499370889126.jpg\",\"datePublished\":\"2017-07-10T11:03:12+00:00\",\"breadcrumb\":{\"@id\":\"https:\\\/\\\/blogdofarnesio.com.br\\\/?p=171168#breadcrumb\"},\"inLanguage\":\"pt-BR\",\"potentialAction\":[{\"@type\":\"ReadAction\",\"target\":[\"https:\\\/\\\/blogdofarnesio.com.br\\\/?p=171168\"]}]},{\"@type\":\"ImageObject\",\"inLanguage\":\"pt-BR\",\"@id\":\"https:\\\/\\\/blogdofarnesio.com.br\\\/?p=171168#primaryimage\",\"url\":\"https:\\\/\\\/blogdofarnesio.com.br\\\/wp-content\\\/uploads\\\/2017\\\/07\\\/Blogqsptemer_eunicio_rodrigo_maia-e1499370889126.jpg\",\"contentUrl\":\"https:\\\/\\\/blogdofarnesio.com.br\\\/wp-content\\\/uploads\\\/2017\\\/07\\\/Blogqsptemer_eunicio_rodrigo_maia-e1499370889126.jpg\",\"width\":668,\"height\":496,\"caption\":\"Eun\u00edcio, Presidente Michel Temer, Dep. Rodrigo Maia Foto: S\u00e9rgio Lima\\\/PODER 360\"},{\"@type\":\"BreadcrumbList\",\"@id\":\"https:\\\/\\\/blogdofarnesio.com.br\\\/?p=171168#breadcrumb\",\"itemListElement\":[{\"@type\":\"ListItem\",\"position\":1,\"name\":\"In\u00edcio\",\"item\":\"https:\\\/\\\/blogdofarnesio.com.br\\\/\"},{\"@type\":\"ListItem\",\"position\":2,\"name\":\"MINIST\u00c9RIO DE RODRIGO MAIA J\u00c1 EST\u00c1 EM FORMA\u00c7\u00c3O PARA O CASO DE TEMER CAIR\"}]},{\"@type\":\"WebSite\",\"@id\":\"https:\\\/\\\/blogdofarnesio.com.br\\\/#website\",\"url\":\"https:\\\/\\\/blogdofarnesio.com.br\\\/\",\"name\":\"Blog do Farn\u00e9sio\",\"description\":\"Quer Saber Pol\u00edtica?\",\"publisher\":{\"@id\":\"https:\\\/\\\/blogdofarnesio.com.br\\\/#organization\"},\"potentialAction\":[{\"@type\":\"SearchAction\",\"target\":{\"@type\":\"EntryPoint\",\"urlTemplate\":\"https:\\\/\\\/blogdofarnesio.com.br\\\/?s={search_term_string}\"},\"query-input\":{\"@type\":\"PropertyValueSpecification\",\"valueRequired\":true,\"valueName\":\"search_term_string\"}}],\"inLanguage\":\"pt-BR\"},{\"@type\":\"Organization\",\"@id\":\"https:\\\/\\\/blogdofarnesio.com.br\\\/#organization\",\"name\":\"Blog do Farn\u00e9sio\",\"url\":\"https:\\\/\\\/blogdofarnesio.com.br\\\/\",\"logo\":{\"@type\":\"ImageObject\",\"inLanguage\":\"pt-BR\",\"@id\":\"https:\\\/\\\/blogdofarnesio.com.br\\\/#\\\/schema\\\/logo\\\/image\\\/\",\"url\":\"https:\\\/\\\/blogdofarnesio.com.br\\\/wp-content\\\/uploads\\\/2026\\\/03\\\/cropped-logo_new-1.png\",\"contentUrl\":\"https:\\\/\\\/blogdofarnesio.com.br\\\/wp-content\\\/uploads\\\/2026\\\/03\\\/cropped-logo_new-1.png\",\"width\":881,\"height\":685,\"caption\":\"Blog do Farn\u00e9sio\"},\"image\":{\"@id\":\"https:\\\/\\\/blogdofarnesio.com.br\\\/#\\\/schema\\\/logo\\\/image\\\/\"},\"sameAs\":[\"https:\\\/\\\/www.facebook.com\\\/BlogQuerSaberPolitica\\\/\"]},{\"@type\":\"Person\",\"@id\":\"https:\\\/\\\/blogdofarnesio.com.br\\\/#\\\/schema\\\/person\\\/301c4acf522bccbfdb45af95b5b906a1\",\"name\":\"Farn\u00e9sio\",\"image\":{\"@type\":\"ImageObject\",\"inLanguage\":\"pt-BR\",\"@id\":\"https:\\\/\\\/secure.gravatar.com\\\/avatar\\\/df0c9a14567c056f8ad6876ba5bbd1e3e2c48023eb6807342fc4663adf549f38?s=96&d=mm&r=g\",\"url\":\"https:\\\/\\\/secure.gravatar.com\\\/avatar\\\/df0c9a14567c056f8ad6876ba5bbd1e3e2c48023eb6807342fc4663adf549f38?s=96&d=mm&r=g\",\"contentUrl\":\"https:\\\/\\\/secure.gravatar.com\\\/avatar\\\/df0c9a14567c056f8ad6876ba5bbd1e3e2c48023eb6807342fc4663adf549f38?s=96&d=mm&r=g\",\"caption\":\"Farn\u00e9sio\"},\"sameAs\":[\"https:\\\/\\\/quersaberpolitica.com.br\"],\"url\":\"https:\\\/\\\/blogdofarnesio.com.br\\\/?author=1\"}]}<\/script>\n<!-- \/ Yoast SEO plugin. -->","yoast_head_json":{"title":"MINIST\u00c9RIO DE RODRIGO MAIA J\u00c1 EST\u00c1 EM FORMA\u00c7\u00c3O PARA O CASO DE TEMER CAIR - Blog do Farn\u00e9sio","robots":{"index":"index","follow":"follow","max-snippet":"max-snippet:-1","max-image-preview":"max-image-preview:large","max-video-preview":"max-video-preview:-1"},"canonical":"https:\/\/blogdofarnesio.com.br\/?p=171168","og_locale":"pt_BR","og_type":"article","og_title":"MINIST\u00c9RIO DE RODRIGO MAIA J\u00c1 EST\u00c1 EM FORMA\u00c7\u00c3O PARA O CASO DE TEMER CAIR - Blog do Farn\u00e9sio","og_description":"PODER360\u00a0-H\u00e1 conversas em curso sobre a equipe de governo a ser montada por Rodrigo Maia (DEM-RJ) caso o presidente Michel Temer seja deposto. Dos\u00a028 ministros atuais, mais da metade tende a ficar na cadeira se o presidente da C\u00e2mara assumir o Pal\u00e1cio do Planalto. O titular da Fazenda, por exemplo, n\u00e3o ser\u00e1 trocado. Henrique Meirelles \u00e9 o principal fiador da pol\u00edtica econ\u00f4mica do atual governo junto ao mercado. Dyogo Oliveira, do Planejamento, \u00e9 d\u00favida. Ele pode ser trocado por algu\u00e9m mais bem visto por empres\u00e1rios e investidores. A seu favor, tem a boa vontade de muitos congressistas. PLANALTO NOVO Os ministros palacianos ser\u00e3o todos trocados.\u00a0Eliseu Padilha\u00a0(Casa Civil),\u00a0Moreira Franco\u00a0(Secretaria Geral) e\u00a0Antonio Imbassahy\u00a0(Secretaria de Governo) perdem as cadeiras. N\u00e3o porque Rodrigo Maia&hellip;","og_url":"https:\/\/blogdofarnesio.com.br\/?p=171168","og_site_name":"Blog do Farn\u00e9sio","article_publisher":"https:\/\/www.facebook.com\/BlogQuerSaberPolitica\/","article_published_time":"2017-07-10T11:03:12+00:00","og_image":[{"width":668,"height":496,"url":"https:\/\/blogdofarnesio.com.br\/wp-content\/uploads\/2017\/07\/Blogqsptemer_eunicio_rodrigo_maia-e1499370889126.jpg","type":"image\/jpeg"}],"author":"Farn\u00e9sio","twitter_card":"summary_large_image","twitter_misc":{"Escrito por":"Farn\u00e9sio","Est. tempo de leitura":"1 minuto"},"schema":{"@context":"https:\/\/schema.org","@graph":[{"@type":"Article","@id":"https:\/\/blogdofarnesio.com.br\/?p=171168#article","isPartOf":{"@id":"https:\/\/blogdofarnesio.com.br\/?p=171168"},"author":{"name":"Farn\u00e9sio","@id":"https:\/\/blogdofarnesio.com.br\/#\/schema\/person\/301c4acf522bccbfdb45af95b5b906a1"},"headline":"MINIST\u00c9RIO DE RODRIGO MAIA J\u00c1 EST\u00c1 EM FORMA\u00c7\u00c3O PARA O CASO DE TEMER CAIR","datePublished":"2017-07-10T11:03:12+00:00","mainEntityOfPage":{"@id":"https:\/\/blogdofarnesio.com.br\/?p=171168"},"wordCount":293,"commentCount":0,"publisher":{"@id":"https:\/\/blogdofarnesio.com.br\/#organization"},"image":{"@id":"https:\/\/blogdofarnesio.com.br\/?p=171168#primaryimage"},"thumbnailUrl":"https:\/\/blogdofarnesio.com.br\/wp-content\/uploads\/2017\/07\/Blogqsptemer_eunicio_rodrigo_maia-e1499370889126.jpg","articleSection":["Pol\u00edtica"],"inLanguage":"pt-BR","potentialAction":[{"@type":"CommentAction","name":"Comment","target":["https:\/\/blogdofarnesio.com.br\/?p=171168#respond"]}]},{"@type":"WebPage","@id":"https:\/\/blogdofarnesio.com.br\/?p=171168","url":"https:\/\/blogdofarnesio.com.br\/?p=171168","name":"MINIST\u00c9RIO DE RODRIGO MAIA J\u00c1 EST\u00c1 EM FORMA\u00c7\u00c3O PARA O CASO DE TEMER CAIR - Blog do Farn\u00e9sio","isPartOf":{"@id":"https:\/\/blogdofarnesio.com.br\/#website"},"primaryImageOfPage":{"@id":"https:\/\/blogdofarnesio.com.br\/?p=171168#primaryimage"},"image":{"@id":"https:\/\/blogdofarnesio.com.br\/?p=171168#primaryimage"},"thumbnailUrl":"https:\/\/blogdofarnesio.com.br\/wp-content\/uploads\/2017\/07\/Blogqsptemer_eunicio_rodrigo_maia-e1499370889126.jpg","datePublished":"2017-07-10T11:03:12+00:00","breadcrumb":{"@id":"https:\/\/blogdofarnesio.com.br\/?p=171168#breadcrumb"},"inLanguage":"pt-BR","potentialAction":[{"@type":"ReadAction","target":["https:\/\/blogdofarnesio.com.br\/?p=171168"]}]},{"@type":"ImageObject","inLanguage":"pt-BR","@id":"https:\/\/blogdofarnesio.com.br\/?p=171168#primaryimage","url":"https:\/\/blogdofarnesio.com.br\/wp-content\/uploads\/2017\/07\/Blogqsptemer_eunicio_rodrigo_maia-e1499370889126.jpg","contentUrl":"https:\/\/blogdofarnesio.com.br\/wp-content\/uploads\/2017\/07\/Blogqsptemer_eunicio_rodrigo_maia-e1499370889126.jpg","width":668,"height":496,"caption":"Eun\u00edcio, Presidente Michel Temer, Dep. Rodrigo Maia Foto: S\u00e9rgio Lima\/PODER 360"},{"@type":"BreadcrumbList","@id":"https:\/\/blogdofarnesio.com.br\/?p=171168#breadcrumb","itemListElement":[{"@type":"ListItem","position":1,"name":"In\u00edcio","item":"https:\/\/blogdofarnesio.com.br\/"},{"@type":"ListItem","position":2,"name":"MINIST\u00c9RIO DE RODRIGO MAIA J\u00c1 EST\u00c1 EM FORMA\u00c7\u00c3O PARA O CASO DE TEMER CAIR"}]},{"@type":"WebSite","@id":"https:\/\/blogdofarnesio.com.br\/#website","url":"https:\/\/blogdofarnesio.com.br\/","name":"Blog do Farn\u00e9sio","description":"Quer Saber Pol\u00edtica?","publisher":{"@id":"https:\/\/blogdofarnesio.com.br\/#organization"},"potentialAction":[{"@type":"SearchAction","target":{"@type":"EntryPoint","urlTemplate":"https:\/\/blogdofarnesio.com.br\/?s={search_term_string}"},"query-input":{"@type":"PropertyValueSpecification","valueRequired":true,"valueName":"search_term_string"}}],"inLanguage":"pt-BR"},{"@type":"Organization","@id":"https:\/\/blogdofarnesio.com.br\/#organization","name":"Blog do Farn\u00e9sio","url":"https:\/\/blogdofarnesio.com.br\/","logo":{"@type":"ImageObject","inLanguage":"pt-BR","@id":"https:\/\/blogdofarnesio.com.br\/#\/schema\/logo\/image\/","url":"https:\/\/blogdofarnesio.com.br\/wp-content\/uploads\/2026\/03\/cropped-logo_new-1.png","contentUrl":"https:\/\/blogdofarnesio.com.br\/wp-content\/uploads\/2026\/03\/cropped-logo_new-1.png","width":881,"height":685,"caption":"Blog do Farn\u00e9sio"},"image":{"@id":"https:\/\/blogdofarnesio.com.br\/#\/schema\/logo\/image\/"},"sameAs":["https:\/\/www.facebook.com\/BlogQuerSaberPolitica\/"]},{"@type":"Person","@id":"https:\/\/blogdofarnesio.com.br\/#\/schema\/person\/301c4acf522bccbfdb45af95b5b906a1","name":"Farn\u00e9sio","image":{"@type":"ImageObject","inLanguage":"pt-BR","@id":"https:\/\/secure.gravatar.com\/avatar\/df0c9a14567c056f8ad6876ba5bbd1e3e2c48023eb6807342fc4663adf549f38?s=96&d=mm&r=g","url":"https:\/\/secure.gravatar.com\/avatar\/df0c9a14567c056f8ad6876ba5bbd1e3e2c48023eb6807342fc4663adf549f38?s=96&d=mm&r=g","contentUrl":"https:\/\/secure.gravatar.com\/avatar\/df0c9a14567c056f8ad6876ba5bbd1e3e2c48023eb6807342fc4663adf549f38?s=96&d=mm&r=g","caption":"Farn\u00e9sio"},"sameAs":["https:\/\/quersaberpolitica.com.br"],"url":"https:\/\/blogdofarnesio.com.br\/?author=1"}]}},"_links":{"self":[{"href":"https:\/\/blogdofarnesio.com.br\/index.php?rest_route=\/wp\/v2\/posts\/171168","targetHints":{"allow":["GET"]}}],"collection":[{"href":"https:\/\/blogdofarnesio.com.br\/index.php?rest_route=\/wp\/v2\/posts"}],"about":[{"href":"https:\/\/blogdofarnesio.com.br\/index.php?rest_route=\/wp\/v2\/types\/post"}],"author":[{"embeddable":true,"href":"https:\/\/blogdofarnesio.com.br\/index.php?rest_route=\/wp\/v2\/users\/1"}],"replies":[{"embeddable":true,"href":"https:\/\/blogdofarnesio.com.br\/index.php?rest_route=%2Fwp%2Fv2%2Fcomments&post=171168"}],"version-history":[{"count":0,"href":"https:\/\/blogdofarnesio.com.br\/index.php?rest_route=\/wp\/v2\/posts\/171168\/revisions"}],"wp:featuredmedia":[{"embeddable":true,"href":"https:\/\/blogdofarnesio.com.br\/index.php?rest_route=\/wp\/v2\/media\/170975"}],"wp:attachment":[{"href":"https:\/\/blogdofarnesio.com.br\/index.php?rest_route=%2Fwp%2Fv2%2Fmedia&parent=171168"}],"wp:term":[{"taxonomy":"category","embeddable":true,"href":"https:\/\/blogdofarnesio.com.br\/index.php?rest_route=%2Fwp%2Fv2%2Fcategories&post=171168"},{"taxonomy":"post_tag","embeddable":true,"href":"https:\/\/blogdofarnesio.com.br\/index.php?rest_route=%2Fwp%2Fv2%2Ftags&post=171168"}],"curies":[{"name":"wp","href":"https:\/\/api.w.org\/{rel}","templated":true}]}}