{"id":171027,"date":"2017-07-07T06:31:25","date_gmt":"2017-07-07T09:31:25","guid":{"rendered":"http:\/\/quersaberpolitica.com.br\/2016\/?p=171027"},"modified":"2017-07-07T06:31:25","modified_gmt":"2017-07-07T09:31:25","slug":"ao-menos-60-dos-bairros-de-petrolina-ficarao-sem-abastecimento-de-agua-nesta-sexta-feira","status":"publish","type":"post","link":"https:\/\/blogdofarnesio.com.br\/?p=171027","title":{"rendered":"AO MENOS 60% DOS BAIRROS DE PETROLINA FICAR\u00c3O SEM ABASTECIMENTO DE \u00c1GUA NESTA SEXTA-FEIRA"},"content":{"rendered":"<p>A exemplo de Juazeiro (BA), v\u00e1rios bairros e localidades de Petrolina tamb\u00e9m ficar\u00e3o sem \u00e1gua nesta sexta-feira (7). De acordo com a Companhia Pernambucana de Saneamento (Compesa), a interven\u00e7\u00e3o tem o objetivo\u00a0\u201cde garantir uma melhor operacionalidade do sistema de abastecimento d\u2019\u00e1gua\u201d\u00a0na cidade.<\/p>\n<p>O servi\u00e7o ocorrer\u00e1 na Esta\u00e7\u00e3o de Tratamento de \u00c1gua (ETA) Petrolina I, que responde por aproximadamente 60% do abastecimento da popula\u00e7\u00e3o. Os trabalhos come\u00e7ar\u00e3o a partir das 8h e devem ser finalizados \u00e0s 18h. O retorno do abastecimento nas \u00e1reas afetadas ser\u00e1 retomado, de forma gradativa, ap\u00f3s a conclus\u00e3o dos servi\u00e7os.<\/p>\n<p>Durante a interven\u00e7\u00e3o na ETA Petrolina I, a companhia vai instalar um novo medidor de vaz\u00e3o da \u00e1gua bruta que chega \u00e0 esta\u00e7\u00e3o, al\u00e9m de realizar manuten\u00e7\u00f5es preventivas no conjunto de bombeamento da capta\u00e7\u00e3o da unidade e no sistema de lavagem dos filtros da ETA.<\/p>\n<p>\u201cDevido ao baixo n\u00edvel do Rio S\u00e3o Francisco, os problemas de obstru\u00e7\u00e3o dos conjuntos de bombeamento est\u00e3o sendo mais frequentes. A manuten\u00e7\u00e3o desses equipamentos vai possibilitar um maior controle da vaz\u00e3o na entrada da esta\u00e7\u00e3o, nos dando melhores condi\u00e7\u00f5es de prev\u00ea antecipadamente a necessidade de limpeza na capta\u00e7\u00e3o da unidade, evitando redu\u00e7\u00e3o na vaz\u00e3o do sistema bem como melhorar a qualidade da \u00e1gua tratada\u201c, explica o gerente de Unidade de Neg\u00f3cios da Compesa, Jo\u00e3o Raphael de Queiroz.<\/p>\n<p>Comunidades<\/p>\n<p>As comunidades que ser\u00e3o afetadas pela servi\u00e7o de manuten\u00e7\u00e3o na ETA Petrolina I s\u00e3o as seguintes: Centro, Vila Eduardo, Loteamento Recife, Vila dos Ing\u00e1s, Vila Marcela, Loteamento Nossa Senhora Rainha dos Anjos, Vila D\u00e9bora, Loteamento Padre C\u00edcero, Alto Cheiroso, Jardim Amazonas, Alto do Cocar, Henrique Leite, S\u00e3o Jos\u00e9, Pedro Raimundo, Quati, Campus Agr\u00e1rio da Univasf, Novo Horizonte, Jardim S\u00e3o Paulo, Jatob\u00e1, Carneiros, Cidade Universit\u00e1ria, Condom\u00ednio \u00c1gua Viva, Condom\u00ednio Portal das \u00c1guas, Vilas das Imbiras e Vila Moc\u00f3, Gercino Coelho, KM-2, Loteamento Arco-\u00edris, Vila Eul\u00e1lia, Areia Branca, Dom Malan, Caminho do Sol, Maria Auxiliadora, Jos\u00e9 e Maria, Mandacaru, Terras do Sul, Santa Luzia, S\u00e3o Jorge, Vila Carolina, Dom Avelar, S\u00e3o Joaquim, Jardim Maravilha, Ouro Preto, Alto Grande, Antonio Cassimiro, Vale do Grande Rio, Pedra Linda, Vale Dourado, Vila Esperan\u00e7a, Condom\u00ednio Mais Viver e os residenciais Monsenhor Bernardino, Vivendas I e II, Condom\u00ednio Buona Vita e Loteamento Santa B\u00e1rbara.<\/p>\n","protected":false},"excerpt":{"rendered":"<p>A exemplo de Juazeiro (BA), v\u00e1rios bairros e localidades de Petrolina tamb\u00e9m ficar\u00e3o sem \u00e1gua nesta sexta-feira (7). De acordo com a Companhia Pernambucana de Saneamento (Compesa), a interven\u00e7\u00e3o tem o objetivo\u00a0\u201cde garantir uma melhor operacionalidade do sistema de abastecimento d\u2019\u00e1gua\u201d\u00a0na cidade. O servi\u00e7o ocorrer\u00e1 na Esta\u00e7\u00e3o de Tratamento de \u00c1gua (ETA) Petrolina I, que responde por aproximadamente 60% do abastecimento da popula\u00e7\u00e3o. Os trabalhos come\u00e7ar\u00e3o a partir das 8h e devem ser finalizados \u00e0s 18h. O retorno do abastecimento nas \u00e1reas afetadas ser\u00e1 retomado, de forma gradativa, ap\u00f3s a conclus\u00e3o dos servi\u00e7os. Durante a interven\u00e7\u00e3o na ETA Petrolina I, a companhia vai instalar um novo medidor de vaz\u00e3o da \u00e1gua bruta que chega \u00e0 esta\u00e7\u00e3o, al\u00e9m de realizar manuten\u00e7\u00f5es&hellip; <\/p>\n","protected":false},"author":1,"featured_media":152365,"comment_status":"open","ping_status":"open","sticky":false,"template":"","format":"standard","meta":{"_acf_changed":false,"footnotes":""},"categories":[1],"tags":[],"class_list":["post-171027","post","type-post","status-publish","format-standard","has-post-thumbnail","hentry","category-politica"],"acf":[],"yoast_head":"<!-- This site is optimized with the Yoast SEO plugin v27.4 - https:\/\/yoast.com\/product\/yoast-seo-wordpress\/ -->\n<title>AO MENOS 60% DOS BAIRROS DE PETROLINA FICAR\u00c3O SEM ABASTECIMENTO DE \u00c1GUA NESTA SEXTA-FEIRA - Blog do Farn\u00e9sio<\/title>\n<meta name=\"robots\" content=\"index, follow, max-snippet:-1, max-image-preview:large, max-video-preview:-1\" \/>\n<link rel=\"canonical\" href=\"https:\/\/blogdofarnesio.com.br\/?p=171027\" \/>\n<meta property=\"og:locale\" content=\"pt_BR\" \/>\n<meta property=\"og:type\" content=\"article\" \/>\n<meta property=\"og:title\" content=\"AO MENOS 60% DOS BAIRROS DE PETROLINA FICAR\u00c3O SEM ABASTECIMENTO DE \u00c1GUA NESTA SEXTA-FEIRA - Blog do Farn\u00e9sio\" \/>\n<meta property=\"og:description\" content=\"A exemplo de Juazeiro (BA), v\u00e1rios bairros e localidades de Petrolina tamb\u00e9m ficar\u00e3o sem \u00e1gua nesta sexta-feira (7). De acordo com a Companhia Pernambucana de Saneamento (Compesa), a interven\u00e7\u00e3o tem o objetivo\u00a0\u201cde garantir uma melhor operacionalidade do sistema de abastecimento d\u2019\u00e1gua\u201d\u00a0na cidade. O servi\u00e7o ocorrer\u00e1 na Esta\u00e7\u00e3o de Tratamento de \u00c1gua (ETA) Petrolina I, que responde por aproximadamente 60% do abastecimento da popula\u00e7\u00e3o. Os trabalhos come\u00e7ar\u00e3o a partir das 8h e devem ser finalizados \u00e0s 18h. O retorno do abastecimento nas \u00e1reas afetadas ser\u00e1 retomado, de forma gradativa, ap\u00f3s a conclus\u00e3o dos servi\u00e7os. Durante a interven\u00e7\u00e3o na ETA Petrolina I, a companhia vai instalar um novo medidor de vaz\u00e3o da \u00e1gua bruta que chega \u00e0 esta\u00e7\u00e3o, al\u00e9m de realizar manuten\u00e7\u00f5es&hellip;\" \/>\n<meta property=\"og:url\" content=\"https:\/\/blogdofarnesio.com.br\/?p=171027\" \/>\n<meta property=\"og:site_name\" content=\"Blog do Farn\u00e9sio\" \/>\n<meta property=\"article:publisher\" content=\"https:\/\/www.facebook.com\/BlogQuerSaberPolitica\/\" \/>\n<meta property=\"article:published_time\" content=\"2017-07-07T09:31:25+00:00\" \/>\n<meta property=\"og:image\" content=\"https:\/\/blogdofarnesio.com.br\/wp-content\/uploads\/2016\/12\/blogqspcompesa.jpg\" \/>\n\t<meta property=\"og:image:width\" content=\"399\" \/>\n\t<meta property=\"og:image:height\" content=\"265\" \/>\n\t<meta property=\"og:image:type\" content=\"image\/jpeg\" \/>\n<meta name=\"author\" content=\"Farn\u00e9sio\" \/>\n<meta name=\"twitter:card\" content=\"summary_large_image\" \/>\n<meta name=\"twitter:label1\" content=\"Escrito por\" \/>\n\t<meta name=\"twitter:data1\" content=\"Farn\u00e9sio\" \/>\n\t<meta name=\"twitter:label2\" content=\"Est. tempo de leitura\" \/>\n\t<meta name=\"twitter:data2\" content=\"2 minutos\" \/>\n<script type=\"application\/ld+json\" class=\"yoast-schema-graph\">{\"@context\":\"https:\\\/\\\/schema.org\",\"@graph\":[{\"@type\":\"Article\",\"@id\":\"https:\\\/\\\/blogdofarnesio.com.br\\\/?p=171027#article\",\"isPartOf\":{\"@id\":\"https:\\\/\\\/blogdofarnesio.com.br\\\/?p=171027\"},\"author\":{\"name\":\"Farn\u00e9sio\",\"@id\":\"https:\\\/\\\/blogdofarnesio.com.br\\\/#\\\/schema\\\/person\\\/301c4acf522bccbfdb45af95b5b906a1\"},\"headline\":\"AO MENOS 60% DOS BAIRROS DE PETROLINA FICAR\u00c3O SEM ABASTECIMENTO DE \u00c1GUA NESTA SEXTA-FEIRA\",\"datePublished\":\"2017-07-07T09:31:25+00:00\",\"mainEntityOfPage\":{\"@id\":\"https:\\\/\\\/blogdofarnesio.com.br\\\/?p=171027\"},\"wordCount\":429,\"commentCount\":0,\"publisher\":{\"@id\":\"https:\\\/\\\/blogdofarnesio.com.br\\\/#organization\"},\"image\":{\"@id\":\"https:\\\/\\\/blogdofarnesio.com.br\\\/?p=171027#primaryimage\"},\"thumbnailUrl\":\"https:\\\/\\\/blogdofarnesio.com.br\\\/wp-content\\\/uploads\\\/2016\\\/12\\\/blogqspcompesa.jpg\",\"articleSection\":[\"Pol\u00edtica\"],\"inLanguage\":\"pt-BR\",\"potentialAction\":[{\"@type\":\"CommentAction\",\"name\":\"Comment\",\"target\":[\"https:\\\/\\\/blogdofarnesio.com.br\\\/?p=171027#respond\"]}]},{\"@type\":\"WebPage\",\"@id\":\"https:\\\/\\\/blogdofarnesio.com.br\\\/?p=171027\",\"url\":\"https:\\\/\\\/blogdofarnesio.com.br\\\/?p=171027\",\"name\":\"AO MENOS 60% DOS BAIRROS DE PETROLINA FICAR\u00c3O SEM ABASTECIMENTO DE \u00c1GUA NESTA SEXTA-FEIRA - Blog do Farn\u00e9sio\",\"isPartOf\":{\"@id\":\"https:\\\/\\\/blogdofarnesio.com.br\\\/#website\"},\"primaryImageOfPage\":{\"@id\":\"https:\\\/\\\/blogdofarnesio.com.br\\\/?p=171027#primaryimage\"},\"image\":{\"@id\":\"https:\\\/\\\/blogdofarnesio.com.br\\\/?p=171027#primaryimage\"},\"thumbnailUrl\":\"https:\\\/\\\/blogdofarnesio.com.br\\\/wp-content\\\/uploads\\\/2016\\\/12\\\/blogqspcompesa.jpg\",\"datePublished\":\"2017-07-07T09:31:25+00:00\",\"breadcrumb\":{\"@id\":\"https:\\\/\\\/blogdofarnesio.com.br\\\/?p=171027#breadcrumb\"},\"inLanguage\":\"pt-BR\",\"potentialAction\":[{\"@type\":\"ReadAction\",\"target\":[\"https:\\\/\\\/blogdofarnesio.com.br\\\/?p=171027\"]}]},{\"@type\":\"ImageObject\",\"inLanguage\":\"pt-BR\",\"@id\":\"https:\\\/\\\/blogdofarnesio.com.br\\\/?p=171027#primaryimage\",\"url\":\"https:\\\/\\\/blogdofarnesio.com.br\\\/wp-content\\\/uploads\\\/2016\\\/12\\\/blogqspcompesa.jpg\",\"contentUrl\":\"https:\\\/\\\/blogdofarnesio.com.br\\\/wp-content\\\/uploads\\\/2016\\\/12\\\/blogqspcompesa.jpg\",\"width\":399,\"height\":265},{\"@type\":\"BreadcrumbList\",\"@id\":\"https:\\\/\\\/blogdofarnesio.com.br\\\/?p=171027#breadcrumb\",\"itemListElement\":[{\"@type\":\"ListItem\",\"position\":1,\"name\":\"In\u00edcio\",\"item\":\"https:\\\/\\\/blogdofarnesio.com.br\\\/\"},{\"@type\":\"ListItem\",\"position\":2,\"name\":\"AO MENOS 60% DOS BAIRROS DE PETROLINA FICAR\u00c3O SEM ABASTECIMENTO DE \u00c1GUA NESTA SEXTA-FEIRA\"}]},{\"@type\":\"WebSite\",\"@id\":\"https:\\\/\\\/blogdofarnesio.com.br\\\/#website\",\"url\":\"https:\\\/\\\/blogdofarnesio.com.br\\\/\",\"name\":\"Blog do Farn\u00e9sio\",\"description\":\"Quer Saber Pol\u00edtica?\",\"publisher\":{\"@id\":\"https:\\\/\\\/blogdofarnesio.com.br\\\/#organization\"},\"potentialAction\":[{\"@type\":\"SearchAction\",\"target\":{\"@type\":\"EntryPoint\",\"urlTemplate\":\"https:\\\/\\\/blogdofarnesio.com.br\\\/?s={search_term_string}\"},\"query-input\":{\"@type\":\"PropertyValueSpecification\",\"valueRequired\":true,\"valueName\":\"search_term_string\"}}],\"inLanguage\":\"pt-BR\"},{\"@type\":\"Organization\",\"@id\":\"https:\\\/\\\/blogdofarnesio.com.br\\\/#organization\",\"name\":\"Blog do Farn\u00e9sio\",\"url\":\"https:\\\/\\\/blogdofarnesio.com.br\\\/\",\"logo\":{\"@type\":\"ImageObject\",\"inLanguage\":\"pt-BR\",\"@id\":\"https:\\\/\\\/blogdofarnesio.com.br\\\/#\\\/schema\\\/logo\\\/image\\\/\",\"url\":\"https:\\\/\\\/blogdofarnesio.com.br\\\/wp-content\\\/uploads\\\/2026\\\/03\\\/cropped-logo_new-1.png\",\"contentUrl\":\"https:\\\/\\\/blogdofarnesio.com.br\\\/wp-content\\\/uploads\\\/2026\\\/03\\\/cropped-logo_new-1.png\",\"width\":881,\"height\":685,\"caption\":\"Blog do Farn\u00e9sio\"},\"image\":{\"@id\":\"https:\\\/\\\/blogdofarnesio.com.br\\\/#\\\/schema\\\/logo\\\/image\\\/\"},\"sameAs\":[\"https:\\\/\\\/www.facebook.com\\\/BlogQuerSaberPolitica\\\/\"]},{\"@type\":\"Person\",\"@id\":\"https:\\\/\\\/blogdofarnesio.com.br\\\/#\\\/schema\\\/person\\\/301c4acf522bccbfdb45af95b5b906a1\",\"name\":\"Farn\u00e9sio\",\"image\":{\"@type\":\"ImageObject\",\"inLanguage\":\"pt-BR\",\"@id\":\"https:\\\/\\\/secure.gravatar.com\\\/avatar\\\/df0c9a14567c056f8ad6876ba5bbd1e3e2c48023eb6807342fc4663adf549f38?s=96&d=mm&r=g\",\"url\":\"https:\\\/\\\/secure.gravatar.com\\\/avatar\\\/df0c9a14567c056f8ad6876ba5bbd1e3e2c48023eb6807342fc4663adf549f38?s=96&d=mm&r=g\",\"contentUrl\":\"https:\\\/\\\/secure.gravatar.com\\\/avatar\\\/df0c9a14567c056f8ad6876ba5bbd1e3e2c48023eb6807342fc4663adf549f38?s=96&d=mm&r=g\",\"caption\":\"Farn\u00e9sio\"},\"sameAs\":[\"https:\\\/\\\/quersaberpolitica.com.br\"],\"url\":\"https:\\\/\\\/blogdofarnesio.com.br\\\/?author=1\"}]}<\/script>\n<!-- \/ Yoast SEO plugin. -->","yoast_head_json":{"title":"AO MENOS 60% DOS BAIRROS DE PETROLINA FICAR\u00c3O SEM ABASTECIMENTO DE \u00c1GUA NESTA SEXTA-FEIRA - Blog do Farn\u00e9sio","robots":{"index":"index","follow":"follow","max-snippet":"max-snippet:-1","max-image-preview":"max-image-preview:large","max-video-preview":"max-video-preview:-1"},"canonical":"https:\/\/blogdofarnesio.com.br\/?p=171027","og_locale":"pt_BR","og_type":"article","og_title":"AO MENOS 60% DOS BAIRROS DE PETROLINA FICAR\u00c3O SEM ABASTECIMENTO DE \u00c1GUA NESTA SEXTA-FEIRA - Blog do Farn\u00e9sio","og_description":"A exemplo de Juazeiro (BA), v\u00e1rios bairros e localidades de Petrolina tamb\u00e9m ficar\u00e3o sem \u00e1gua nesta sexta-feira (7). De acordo com a Companhia Pernambucana de Saneamento (Compesa), a interven\u00e7\u00e3o tem o objetivo\u00a0\u201cde garantir uma melhor operacionalidade do sistema de abastecimento d\u2019\u00e1gua\u201d\u00a0na cidade. O servi\u00e7o ocorrer\u00e1 na Esta\u00e7\u00e3o de Tratamento de \u00c1gua (ETA) Petrolina I, que responde por aproximadamente 60% do abastecimento da popula\u00e7\u00e3o. Os trabalhos come\u00e7ar\u00e3o a partir das 8h e devem ser finalizados \u00e0s 18h. O retorno do abastecimento nas \u00e1reas afetadas ser\u00e1 retomado, de forma gradativa, ap\u00f3s a conclus\u00e3o dos servi\u00e7os. Durante a interven\u00e7\u00e3o na ETA Petrolina I, a companhia vai instalar um novo medidor de vaz\u00e3o da \u00e1gua bruta que chega \u00e0 esta\u00e7\u00e3o, al\u00e9m de realizar manuten\u00e7\u00f5es&hellip;","og_url":"https:\/\/blogdofarnesio.com.br\/?p=171027","og_site_name":"Blog do Farn\u00e9sio","article_publisher":"https:\/\/www.facebook.com\/BlogQuerSaberPolitica\/","article_published_time":"2017-07-07T09:31:25+00:00","og_image":[{"width":399,"height":265,"url":"https:\/\/blogdofarnesio.com.br\/wp-content\/uploads\/2016\/12\/blogqspcompesa.jpg","type":"image\/jpeg"}],"author":"Farn\u00e9sio","twitter_card":"summary_large_image","twitter_misc":{"Escrito por":"Farn\u00e9sio","Est. tempo de leitura":"2 minutos"},"schema":{"@context":"https:\/\/schema.org","@graph":[{"@type":"Article","@id":"https:\/\/blogdofarnesio.com.br\/?p=171027#article","isPartOf":{"@id":"https:\/\/blogdofarnesio.com.br\/?p=171027"},"author":{"name":"Farn\u00e9sio","@id":"https:\/\/blogdofarnesio.com.br\/#\/schema\/person\/301c4acf522bccbfdb45af95b5b906a1"},"headline":"AO MENOS 60% DOS BAIRROS DE PETROLINA FICAR\u00c3O SEM ABASTECIMENTO DE \u00c1GUA NESTA SEXTA-FEIRA","datePublished":"2017-07-07T09:31:25+00:00","mainEntityOfPage":{"@id":"https:\/\/blogdofarnesio.com.br\/?p=171027"},"wordCount":429,"commentCount":0,"publisher":{"@id":"https:\/\/blogdofarnesio.com.br\/#organization"},"image":{"@id":"https:\/\/blogdofarnesio.com.br\/?p=171027#primaryimage"},"thumbnailUrl":"https:\/\/blogdofarnesio.com.br\/wp-content\/uploads\/2016\/12\/blogqspcompesa.jpg","articleSection":["Pol\u00edtica"],"inLanguage":"pt-BR","potentialAction":[{"@type":"CommentAction","name":"Comment","target":["https:\/\/blogdofarnesio.com.br\/?p=171027#respond"]}]},{"@type":"WebPage","@id":"https:\/\/blogdofarnesio.com.br\/?p=171027","url":"https:\/\/blogdofarnesio.com.br\/?p=171027","name":"AO MENOS 60% DOS BAIRROS DE PETROLINA FICAR\u00c3O SEM ABASTECIMENTO DE \u00c1GUA NESTA SEXTA-FEIRA - Blog do Farn\u00e9sio","isPartOf":{"@id":"https:\/\/blogdofarnesio.com.br\/#website"},"primaryImageOfPage":{"@id":"https:\/\/blogdofarnesio.com.br\/?p=171027#primaryimage"},"image":{"@id":"https:\/\/blogdofarnesio.com.br\/?p=171027#primaryimage"},"thumbnailUrl":"https:\/\/blogdofarnesio.com.br\/wp-content\/uploads\/2016\/12\/blogqspcompesa.jpg","datePublished":"2017-07-07T09:31:25+00:00","breadcrumb":{"@id":"https:\/\/blogdofarnesio.com.br\/?p=171027#breadcrumb"},"inLanguage":"pt-BR","potentialAction":[{"@type":"ReadAction","target":["https:\/\/blogdofarnesio.com.br\/?p=171027"]}]},{"@type":"ImageObject","inLanguage":"pt-BR","@id":"https:\/\/blogdofarnesio.com.br\/?p=171027#primaryimage","url":"https:\/\/blogdofarnesio.com.br\/wp-content\/uploads\/2016\/12\/blogqspcompesa.jpg","contentUrl":"https:\/\/blogdofarnesio.com.br\/wp-content\/uploads\/2016\/12\/blogqspcompesa.jpg","width":399,"height":265},{"@type":"BreadcrumbList","@id":"https:\/\/blogdofarnesio.com.br\/?p=171027#breadcrumb","itemListElement":[{"@type":"ListItem","position":1,"name":"In\u00edcio","item":"https:\/\/blogdofarnesio.com.br\/"},{"@type":"ListItem","position":2,"name":"AO MENOS 60% DOS BAIRROS DE PETROLINA FICAR\u00c3O SEM ABASTECIMENTO DE \u00c1GUA NESTA SEXTA-FEIRA"}]},{"@type":"WebSite","@id":"https:\/\/blogdofarnesio.com.br\/#website","url":"https:\/\/blogdofarnesio.com.br\/","name":"Blog do Farn\u00e9sio","description":"Quer Saber Pol\u00edtica?","publisher":{"@id":"https:\/\/blogdofarnesio.com.br\/#organization"},"potentialAction":[{"@type":"SearchAction","target":{"@type":"EntryPoint","urlTemplate":"https:\/\/blogdofarnesio.com.br\/?s={search_term_string}"},"query-input":{"@type":"PropertyValueSpecification","valueRequired":true,"valueName":"search_term_string"}}],"inLanguage":"pt-BR"},{"@type":"Organization","@id":"https:\/\/blogdofarnesio.com.br\/#organization","name":"Blog do Farn\u00e9sio","url":"https:\/\/blogdofarnesio.com.br\/","logo":{"@type":"ImageObject","inLanguage":"pt-BR","@id":"https:\/\/blogdofarnesio.com.br\/#\/schema\/logo\/image\/","url":"https:\/\/blogdofarnesio.com.br\/wp-content\/uploads\/2026\/03\/cropped-logo_new-1.png","contentUrl":"https:\/\/blogdofarnesio.com.br\/wp-content\/uploads\/2026\/03\/cropped-logo_new-1.png","width":881,"height":685,"caption":"Blog do Farn\u00e9sio"},"image":{"@id":"https:\/\/blogdofarnesio.com.br\/#\/schema\/logo\/image\/"},"sameAs":["https:\/\/www.facebook.com\/BlogQuerSaberPolitica\/"]},{"@type":"Person","@id":"https:\/\/blogdofarnesio.com.br\/#\/schema\/person\/301c4acf522bccbfdb45af95b5b906a1","name":"Farn\u00e9sio","image":{"@type":"ImageObject","inLanguage":"pt-BR","@id":"https:\/\/secure.gravatar.com\/avatar\/df0c9a14567c056f8ad6876ba5bbd1e3e2c48023eb6807342fc4663adf549f38?s=96&d=mm&r=g","url":"https:\/\/secure.gravatar.com\/avatar\/df0c9a14567c056f8ad6876ba5bbd1e3e2c48023eb6807342fc4663adf549f38?s=96&d=mm&r=g","contentUrl":"https:\/\/secure.gravatar.com\/avatar\/df0c9a14567c056f8ad6876ba5bbd1e3e2c48023eb6807342fc4663adf549f38?s=96&d=mm&r=g","caption":"Farn\u00e9sio"},"sameAs":["https:\/\/quersaberpolitica.com.br"],"url":"https:\/\/blogdofarnesio.com.br\/?author=1"}]}},"_links":{"self":[{"href":"https:\/\/blogdofarnesio.com.br\/index.php?rest_route=\/wp\/v2\/posts\/171027","targetHints":{"allow":["GET"]}}],"collection":[{"href":"https:\/\/blogdofarnesio.com.br\/index.php?rest_route=\/wp\/v2\/posts"}],"about":[{"href":"https:\/\/blogdofarnesio.com.br\/index.php?rest_route=\/wp\/v2\/types\/post"}],"author":[{"embeddable":true,"href":"https:\/\/blogdofarnesio.com.br\/index.php?rest_route=\/wp\/v2\/users\/1"}],"replies":[{"embeddable":true,"href":"https:\/\/blogdofarnesio.com.br\/index.php?rest_route=%2Fwp%2Fv2%2Fcomments&post=171027"}],"version-history":[{"count":0,"href":"https:\/\/blogdofarnesio.com.br\/index.php?rest_route=\/wp\/v2\/posts\/171027\/revisions"}],"wp:featuredmedia":[{"embeddable":true,"href":"https:\/\/blogdofarnesio.com.br\/index.php?rest_route=\/wp\/v2\/media\/152365"}],"wp:attachment":[{"href":"https:\/\/blogdofarnesio.com.br\/index.php?rest_route=%2Fwp%2Fv2%2Fmedia&parent=171027"}],"wp:term":[{"taxonomy":"category","embeddable":true,"href":"https:\/\/blogdofarnesio.com.br\/index.php?rest_route=%2Fwp%2Fv2%2Fcategories&post=171027"},{"taxonomy":"post_tag","embeddable":true,"href":"https:\/\/blogdofarnesio.com.br\/index.php?rest_route=%2Fwp%2Fv2%2Ftags&post=171027"}],"curies":[{"name":"wp","href":"https:\/\/api.w.org\/{rel}","templated":true}]}}