{"id":171011,"date":"2017-07-07T08:03:30","date_gmt":"2017-07-07T11:03:30","guid":{"rendered":"http:\/\/quersaberpolitica.com.br\/2016\/?p=171011"},"modified":"2017-07-06T19:51:47","modified_gmt":"2017-07-06T22:51:47","slug":"pf-acaba-com-grupo-de-trabalho-exclusivo-para-lava-jato-em-curitiba","status":"publish","type":"post","link":"https:\/\/blogdofarnesio.com.br\/?p=171011","title":{"rendered":"PF ACABA COM GRUPO DE TRABALHO EXCLUSIVO PARA LAVA JATO EM CURITIBA"},"content":{"rendered":"<div class=\"font_b font_tt\">\u00a0<strong>EM NOTA, PF DIZ QUE VAI PRIORIZAR CASOS DE &#8220;MAIOR POTENCIAL DE DANO AO ER\u00c1RIO&#8221;<\/strong><\/div>\n<div class=\"row font_a b_not_shr\">\n<div class=\"col-md-4 col-lg-4 col-sm-4 col-xs-12\"><\/div>\n<div><\/div>\n<div class=\"col-md-4 col-lg-4 col-sm-4 col-xs-12\">A Pol\u00edcia Federal decidiu acabar com grupo de trabalho em Curitiba espec\u00edfico para investiga\u00e7\u00f5es envolvendo a opera\u00e7\u00e3o Lava Jato. A redu\u00e7\u00e3o do ritmo j\u00e1 era sentida com a diminui\u00e7\u00e3o do n\u00famero de delegados e agentes destacados para a miss\u00e3o nos \u00faltimos meses. No auge, eram nove delegados com dedica\u00e7\u00e3o exclusiva, mas atualmente o n\u00famero caiu para quatro.<\/div>\n<\/div>\n<div class=\"row change_font\">\n<div class=\"col-md-12 font_a popup-gallery\">\n<p>A mudan\u00e7a, que deve ser publicada no pr\u00f3ximo boletim interno, foi confirmada pela PF por meio de nota, onde recha\u00e7a qualquer tipo de consequ\u00eancia negativa para o andamento das investiga\u00e7\u00f5es. No texto, a PF afirma que a medida \u00e9 para &#8220;priorizar investiga\u00e7\u00f5es de maior potencial de dano ao er\u00e1rio&#8221;. Delegados e agentes retornam para a Delegacia de Repress\u00e3o \u00e0 Corrup\u00e7\u00e3o e Crimes Financeiros (Delacor) e voltam a compartilhar casos relativos \u00e0s demais opera\u00e7\u00f5es.<\/p>\n<p>De acordo com reportagem da revista \u00c9poca, &#8220;n\u00e3o h\u00e1 d\u00favida entre os investigadores de que a produ\u00e7\u00e3o de provas em processos altamente relevantes, como os dos ex-presidente Lula e Dilma Rousseff&#8221; ser\u00e1 prejudicada com a redu\u00e7\u00e3o no efetivo. &#8220;O mesmo vale para novas frentes de investiga\u00e7\u00e3o sigilosas, envolvendo, entre outros, operadores e pol\u00edticos do PMDB e PSDB&#8221;, diz o texto.<\/p>\n<p>Confira a \u00edntegra da nota da Pol\u00edcia Federal sobre o fim do grupo de trabalho<\/p>\n<p><em>1. Os grupos de trabalho dedicados \u00e0s opera\u00e7\u00f5es Lava Jato e Carne Fraca passam a integrar a Delegacia de Combate \u00e0 Corrup\u00e7\u00e3o e Desvio de Verbas P\u00fablicas (DELECOR)<\/em><\/p>\n<p><em>2. A medida visa priorizar ainda mais as investiga\u00e7\u00f5es de maior potencial de dano ao er\u00e1rio, uma vez que permite o aumento do efetivo especializado no combate \u00e0 corrup\u00e7\u00e3o e lavagem de dinheiro e facilita o interc\u00e2mbio de informa\u00e7\u00f5es<\/em><\/p>\n<p><em>3. Tamb\u00e9m foi firmado o apoio de policiais da Superintend\u00eancia do Esp\u00edrito Santo, incluindo dois ex-integrantes da Opera\u00e7\u00e3o Lava Jato<\/em><\/p>\n<p><em>4. O modelo \u00e9 o mesmo adotado nas demais superintend\u00eancias da PF com resultados altamente satisfat\u00f3rios, como s\u00e3o exemplos as opera\u00e7\u00f5es oriundas da Lava Jato deflagradas pelas unidades do Rio de Janeiro, Distrito Federal e S\u00e3o Paulo, entre outros<\/em><\/p>\n<p><em>5. O atual efetivo na Superintend\u00eancia Regional no Paran\u00e1 est\u00e1 adequado \u00e0 demanda e ser\u00e1 refor\u00e7ado em caso de necessidade<\/em><\/p>\n<p><em>6. A Pol\u00edcia Federal reafirma o compromisso p\u00fablico de combate \u00e0 corrup\u00e7\u00e3o, disponibilizando toda a estrutura e log\u00edstica poss\u00edvel para o bom desenvolvimento dos trabalhos e esclarecimento dos crimes investigados.<\/em><\/p>\n<\/div>\n<\/div>\n","protected":false},"excerpt":{"rendered":"<p>\u00a0EM NOTA, PF DIZ QUE VAI PRIORIZAR CASOS DE &#8220;MAIOR POTENCIAL DE DANO AO ER\u00c1RIO&#8221; A Pol\u00edcia Federal decidiu acabar com grupo de trabalho em Curitiba espec\u00edfico para investiga\u00e7\u00f5es envolvendo a opera\u00e7\u00e3o Lava Jato. A redu\u00e7\u00e3o do ritmo j\u00e1 era sentida com a diminui\u00e7\u00e3o do n\u00famero de delegados e agentes destacados para a miss\u00e3o nos \u00faltimos meses. No auge, eram nove delegados com dedica\u00e7\u00e3o exclusiva, mas atualmente o n\u00famero caiu para quatro. A mudan\u00e7a, que deve ser publicada no pr\u00f3ximo boletim interno, foi confirmada pela PF por meio de nota, onde recha\u00e7a qualquer tipo de consequ\u00eancia negativa para o andamento das investiga\u00e7\u00f5es. No texto, a PF afirma que a medida \u00e9 para &#8220;priorizar investiga\u00e7\u00f5es de maior potencial de dano ao&hellip; <\/p>\n","protected":false},"author":1,"featured_media":171012,"comment_status":"open","ping_status":"open","sticky":false,"template":"","format":"standard","meta":{"_acf_changed":false,"footnotes":""},"categories":[44,23,9],"tags":[],"class_list":["post-171011","post","type-post","status-publish","format-standard","has-post-thumbnail","hentry","category-administracao","category-justica","category-policia"],"acf":[],"yoast_head":"<!-- This site is optimized with the Yoast SEO plugin v27.4 - https:\/\/yoast.com\/product\/yoast-seo-wordpress\/ -->\n<title>PF ACABA COM GRUPO DE TRABALHO EXCLUSIVO PARA LAVA JATO EM CURITIBA - Blog do Farn\u00e9sio<\/title>\n<meta name=\"robots\" content=\"index, follow, max-snippet:-1, max-image-preview:large, max-video-preview:-1\" \/>\n<link rel=\"canonical\" href=\"https:\/\/blogdofarnesio.com.br\/?p=171011\" \/>\n<meta property=\"og:locale\" content=\"pt_BR\" \/>\n<meta property=\"og:type\" content=\"article\" \/>\n<meta property=\"og:title\" content=\"PF ACABA COM GRUPO DE TRABALHO EXCLUSIVO PARA LAVA JATO EM CURITIBA - Blog do Farn\u00e9sio\" \/>\n<meta property=\"og:description\" content=\"\u00a0EM NOTA, PF DIZ QUE VAI PRIORIZAR CASOS DE &#8220;MAIOR POTENCIAL DE DANO AO ER\u00c1RIO&#8221; A Pol\u00edcia Federal decidiu acabar com grupo de trabalho em Curitiba espec\u00edfico para investiga\u00e7\u00f5es envolvendo a opera\u00e7\u00e3o Lava Jato. A redu\u00e7\u00e3o do ritmo j\u00e1 era sentida com a diminui\u00e7\u00e3o do n\u00famero de delegados e agentes destacados para a miss\u00e3o nos \u00faltimos meses. No auge, eram nove delegados com dedica\u00e7\u00e3o exclusiva, mas atualmente o n\u00famero caiu para quatro. A mudan\u00e7a, que deve ser publicada no pr\u00f3ximo boletim interno, foi confirmada pela PF por meio de nota, onde recha\u00e7a qualquer tipo de consequ\u00eancia negativa para o andamento das investiga\u00e7\u00f5es. No texto, a PF afirma que a medida \u00e9 para &#8220;priorizar investiga\u00e7\u00f5es de maior potencial de dano ao&hellip;\" \/>\n<meta property=\"og:url\" content=\"https:\/\/blogdofarnesio.com.br\/?p=171011\" \/>\n<meta property=\"og:site_name\" content=\"Blog do Farn\u00e9sio\" \/>\n<meta property=\"article:publisher\" content=\"https:\/\/www.facebook.com\/BlogQuerSaberPolitica\/\" \/>\n<meta property=\"article:published_time\" content=\"2017-07-07T11:03:30+00:00\" \/>\n<meta property=\"og:image\" content=\"https:\/\/blogdofarnesio.com.br\/wp-content\/uploads\/2017\/07\/BlogqsppfForca-Tarefa-Lava-Jato-Foto-e1499381418501.jpg\" \/>\n\t<meta property=\"og:image:width\" content=\"600\" \/>\n\t<meta property=\"og:image:height\" content=\"398\" \/>\n\t<meta property=\"og:image:type\" content=\"image\/jpeg\" \/>\n<meta name=\"author\" content=\"Farn\u00e9sio\" \/>\n<meta name=\"twitter:card\" content=\"summary_large_image\" \/>\n<meta name=\"twitter:label1\" content=\"Escrito por\" \/>\n\t<meta name=\"twitter:data1\" content=\"Farn\u00e9sio\" \/>\n\t<meta name=\"twitter:label2\" content=\"Est. tempo de leitura\" \/>\n\t<meta name=\"twitter:data2\" content=\"2 minutos\" \/>\n<script type=\"application\/ld+json\" class=\"yoast-schema-graph\">{\"@context\":\"https:\\\/\\\/schema.org\",\"@graph\":[{\"@type\":\"Article\",\"@id\":\"https:\\\/\\\/blogdofarnesio.com.br\\\/?p=171011#article\",\"isPartOf\":{\"@id\":\"https:\\\/\\\/blogdofarnesio.com.br\\\/?p=171011\"},\"author\":{\"name\":\"Farn\u00e9sio\",\"@id\":\"https:\\\/\\\/blogdofarnesio.com.br\\\/#\\\/schema\\\/person\\\/301c4acf522bccbfdb45af95b5b906a1\"},\"headline\":\"PF ACABA COM GRUPO DE TRABALHO EXCLUSIVO PARA LAVA JATO EM CURITIBA\",\"datePublished\":\"2017-07-07T11:03:30+00:00\",\"mainEntityOfPage\":{\"@id\":\"https:\\\/\\\/blogdofarnesio.com.br\\\/?p=171011\"},\"wordCount\":447,\"commentCount\":0,\"publisher\":{\"@id\":\"https:\\\/\\\/blogdofarnesio.com.br\\\/#organization\"},\"image\":{\"@id\":\"https:\\\/\\\/blogdofarnesio.com.br\\\/?p=171011#primaryimage\"},\"thumbnailUrl\":\"https:\\\/\\\/blogdofarnesio.com.br\\\/wp-content\\\/uploads\\\/2017\\\/07\\\/BlogqsppfForca-Tarefa-Lava-Jato-Foto-e1499381418501.jpg\",\"articleSection\":[\"Administra\u00e7\u00e3o\",\"Justi\u00e7a\",\"Pol\u00edcia\"],\"inLanguage\":\"pt-BR\",\"potentialAction\":[{\"@type\":\"CommentAction\",\"name\":\"Comment\",\"target\":[\"https:\\\/\\\/blogdofarnesio.com.br\\\/?p=171011#respond\"]}]},{\"@type\":\"WebPage\",\"@id\":\"https:\\\/\\\/blogdofarnesio.com.br\\\/?p=171011\",\"url\":\"https:\\\/\\\/blogdofarnesio.com.br\\\/?p=171011\",\"name\":\"PF ACABA COM GRUPO DE TRABALHO EXCLUSIVO PARA LAVA JATO EM CURITIBA - Blog do Farn\u00e9sio\",\"isPartOf\":{\"@id\":\"https:\\\/\\\/blogdofarnesio.com.br\\\/#website\"},\"primaryImageOfPage\":{\"@id\":\"https:\\\/\\\/blogdofarnesio.com.br\\\/?p=171011#primaryimage\"},\"image\":{\"@id\":\"https:\\\/\\\/blogdofarnesio.com.br\\\/?p=171011#primaryimage\"},\"thumbnailUrl\":\"https:\\\/\\\/blogdofarnesio.com.br\\\/wp-content\\\/uploads\\\/2017\\\/07\\\/BlogqsppfForca-Tarefa-Lava-Jato-Foto-e1499381418501.jpg\",\"datePublished\":\"2017-07-07T11:03:30+00:00\",\"breadcrumb\":{\"@id\":\"https:\\\/\\\/blogdofarnesio.com.br\\\/?p=171011#breadcrumb\"},\"inLanguage\":\"pt-BR\",\"potentialAction\":[{\"@type\":\"ReadAction\",\"target\":[\"https:\\\/\\\/blogdofarnesio.com.br\\\/?p=171011\"]}]},{\"@type\":\"ImageObject\",\"inLanguage\":\"pt-BR\",\"@id\":\"https:\\\/\\\/blogdofarnesio.com.br\\\/?p=171011#primaryimage\",\"url\":\"https:\\\/\\\/blogdofarnesio.com.br\\\/wp-content\\\/uploads\\\/2017\\\/07\\\/BlogqsppfForca-Tarefa-Lava-Jato-Foto-e1499381418501.jpg\",\"contentUrl\":\"https:\\\/\\\/blogdofarnesio.com.br\\\/wp-content\\\/uploads\\\/2017\\\/07\\\/BlogqsppfForca-Tarefa-Lava-Jato-Foto-e1499381418501.jpg\",\"width\":600,\"height\":398},{\"@type\":\"BreadcrumbList\",\"@id\":\"https:\\\/\\\/blogdofarnesio.com.br\\\/?p=171011#breadcrumb\",\"itemListElement\":[{\"@type\":\"ListItem\",\"position\":1,\"name\":\"In\u00edcio\",\"item\":\"https:\\\/\\\/blogdofarnesio.com.br\\\/\"},{\"@type\":\"ListItem\",\"position\":2,\"name\":\"PF ACABA COM GRUPO DE TRABALHO EXCLUSIVO PARA LAVA JATO EM CURITIBA\"}]},{\"@type\":\"WebSite\",\"@id\":\"https:\\\/\\\/blogdofarnesio.com.br\\\/#website\",\"url\":\"https:\\\/\\\/blogdofarnesio.com.br\\\/\",\"name\":\"Blog do Farn\u00e9sio\",\"description\":\"Quer Saber Pol\u00edtica?\",\"publisher\":{\"@id\":\"https:\\\/\\\/blogdofarnesio.com.br\\\/#organization\"},\"potentialAction\":[{\"@type\":\"SearchAction\",\"target\":{\"@type\":\"EntryPoint\",\"urlTemplate\":\"https:\\\/\\\/blogdofarnesio.com.br\\\/?s={search_term_string}\"},\"query-input\":{\"@type\":\"PropertyValueSpecification\",\"valueRequired\":true,\"valueName\":\"search_term_string\"}}],\"inLanguage\":\"pt-BR\"},{\"@type\":\"Organization\",\"@id\":\"https:\\\/\\\/blogdofarnesio.com.br\\\/#organization\",\"name\":\"Blog do Farn\u00e9sio\",\"url\":\"https:\\\/\\\/blogdofarnesio.com.br\\\/\",\"logo\":{\"@type\":\"ImageObject\",\"inLanguage\":\"pt-BR\",\"@id\":\"https:\\\/\\\/blogdofarnesio.com.br\\\/#\\\/schema\\\/logo\\\/image\\\/\",\"url\":\"https:\\\/\\\/blogdofarnesio.com.br\\\/wp-content\\\/uploads\\\/2026\\\/03\\\/cropped-logo_new-1.png\",\"contentUrl\":\"https:\\\/\\\/blogdofarnesio.com.br\\\/wp-content\\\/uploads\\\/2026\\\/03\\\/cropped-logo_new-1.png\",\"width\":881,\"height\":685,\"caption\":\"Blog do Farn\u00e9sio\"},\"image\":{\"@id\":\"https:\\\/\\\/blogdofarnesio.com.br\\\/#\\\/schema\\\/logo\\\/image\\\/\"},\"sameAs\":[\"https:\\\/\\\/www.facebook.com\\\/BlogQuerSaberPolitica\\\/\"]},{\"@type\":\"Person\",\"@id\":\"https:\\\/\\\/blogdofarnesio.com.br\\\/#\\\/schema\\\/person\\\/301c4acf522bccbfdb45af95b5b906a1\",\"name\":\"Farn\u00e9sio\",\"image\":{\"@type\":\"ImageObject\",\"inLanguage\":\"pt-BR\",\"@id\":\"https:\\\/\\\/secure.gravatar.com\\\/avatar\\\/df0c9a14567c056f8ad6876ba5bbd1e3e2c48023eb6807342fc4663adf549f38?s=96&d=mm&r=g\",\"url\":\"https:\\\/\\\/secure.gravatar.com\\\/avatar\\\/df0c9a14567c056f8ad6876ba5bbd1e3e2c48023eb6807342fc4663adf549f38?s=96&d=mm&r=g\",\"contentUrl\":\"https:\\\/\\\/secure.gravatar.com\\\/avatar\\\/df0c9a14567c056f8ad6876ba5bbd1e3e2c48023eb6807342fc4663adf549f38?s=96&d=mm&r=g\",\"caption\":\"Farn\u00e9sio\"},\"sameAs\":[\"https:\\\/\\\/quersaberpolitica.com.br\"],\"url\":\"https:\\\/\\\/blogdofarnesio.com.br\\\/?author=1\"}]}<\/script>\n<!-- \/ Yoast SEO plugin. -->","yoast_head_json":{"title":"PF ACABA COM GRUPO DE TRABALHO EXCLUSIVO PARA LAVA JATO EM CURITIBA - Blog do Farn\u00e9sio","robots":{"index":"index","follow":"follow","max-snippet":"max-snippet:-1","max-image-preview":"max-image-preview:large","max-video-preview":"max-video-preview:-1"},"canonical":"https:\/\/blogdofarnesio.com.br\/?p=171011","og_locale":"pt_BR","og_type":"article","og_title":"PF ACABA COM GRUPO DE TRABALHO EXCLUSIVO PARA LAVA JATO EM CURITIBA - Blog do Farn\u00e9sio","og_description":"\u00a0EM NOTA, PF DIZ QUE VAI PRIORIZAR CASOS DE &#8220;MAIOR POTENCIAL DE DANO AO ER\u00c1RIO&#8221; A Pol\u00edcia Federal decidiu acabar com grupo de trabalho em Curitiba espec\u00edfico para investiga\u00e7\u00f5es envolvendo a opera\u00e7\u00e3o Lava Jato. A redu\u00e7\u00e3o do ritmo j\u00e1 era sentida com a diminui\u00e7\u00e3o do n\u00famero de delegados e agentes destacados para a miss\u00e3o nos \u00faltimos meses. No auge, eram nove delegados com dedica\u00e7\u00e3o exclusiva, mas atualmente o n\u00famero caiu para quatro. A mudan\u00e7a, que deve ser publicada no pr\u00f3ximo boletim interno, foi confirmada pela PF por meio de nota, onde recha\u00e7a qualquer tipo de consequ\u00eancia negativa para o andamento das investiga\u00e7\u00f5es. No texto, a PF afirma que a medida \u00e9 para &#8220;priorizar investiga\u00e7\u00f5es de maior potencial de dano ao&hellip;","og_url":"https:\/\/blogdofarnesio.com.br\/?p=171011","og_site_name":"Blog do Farn\u00e9sio","article_publisher":"https:\/\/www.facebook.com\/BlogQuerSaberPolitica\/","article_published_time":"2017-07-07T11:03:30+00:00","og_image":[{"width":600,"height":398,"url":"https:\/\/blogdofarnesio.com.br\/wp-content\/uploads\/2017\/07\/BlogqsppfForca-Tarefa-Lava-Jato-Foto-e1499381418501.jpg","type":"image\/jpeg"}],"author":"Farn\u00e9sio","twitter_card":"summary_large_image","twitter_misc":{"Escrito por":"Farn\u00e9sio","Est. tempo de leitura":"2 minutos"},"schema":{"@context":"https:\/\/schema.org","@graph":[{"@type":"Article","@id":"https:\/\/blogdofarnesio.com.br\/?p=171011#article","isPartOf":{"@id":"https:\/\/blogdofarnesio.com.br\/?p=171011"},"author":{"name":"Farn\u00e9sio","@id":"https:\/\/blogdofarnesio.com.br\/#\/schema\/person\/301c4acf522bccbfdb45af95b5b906a1"},"headline":"PF ACABA COM GRUPO DE TRABALHO EXCLUSIVO PARA LAVA JATO EM CURITIBA","datePublished":"2017-07-07T11:03:30+00:00","mainEntityOfPage":{"@id":"https:\/\/blogdofarnesio.com.br\/?p=171011"},"wordCount":447,"commentCount":0,"publisher":{"@id":"https:\/\/blogdofarnesio.com.br\/#organization"},"image":{"@id":"https:\/\/blogdofarnesio.com.br\/?p=171011#primaryimage"},"thumbnailUrl":"https:\/\/blogdofarnesio.com.br\/wp-content\/uploads\/2017\/07\/BlogqsppfForca-Tarefa-Lava-Jato-Foto-e1499381418501.jpg","articleSection":["Administra\u00e7\u00e3o","Justi\u00e7a","Pol\u00edcia"],"inLanguage":"pt-BR","potentialAction":[{"@type":"CommentAction","name":"Comment","target":["https:\/\/blogdofarnesio.com.br\/?p=171011#respond"]}]},{"@type":"WebPage","@id":"https:\/\/blogdofarnesio.com.br\/?p=171011","url":"https:\/\/blogdofarnesio.com.br\/?p=171011","name":"PF ACABA COM GRUPO DE TRABALHO EXCLUSIVO PARA LAVA JATO EM CURITIBA - Blog do Farn\u00e9sio","isPartOf":{"@id":"https:\/\/blogdofarnesio.com.br\/#website"},"primaryImageOfPage":{"@id":"https:\/\/blogdofarnesio.com.br\/?p=171011#primaryimage"},"image":{"@id":"https:\/\/blogdofarnesio.com.br\/?p=171011#primaryimage"},"thumbnailUrl":"https:\/\/blogdofarnesio.com.br\/wp-content\/uploads\/2017\/07\/BlogqsppfForca-Tarefa-Lava-Jato-Foto-e1499381418501.jpg","datePublished":"2017-07-07T11:03:30+00:00","breadcrumb":{"@id":"https:\/\/blogdofarnesio.com.br\/?p=171011#breadcrumb"},"inLanguage":"pt-BR","potentialAction":[{"@type":"ReadAction","target":["https:\/\/blogdofarnesio.com.br\/?p=171011"]}]},{"@type":"ImageObject","inLanguage":"pt-BR","@id":"https:\/\/blogdofarnesio.com.br\/?p=171011#primaryimage","url":"https:\/\/blogdofarnesio.com.br\/wp-content\/uploads\/2017\/07\/BlogqsppfForca-Tarefa-Lava-Jato-Foto-e1499381418501.jpg","contentUrl":"https:\/\/blogdofarnesio.com.br\/wp-content\/uploads\/2017\/07\/BlogqsppfForca-Tarefa-Lava-Jato-Foto-e1499381418501.jpg","width":600,"height":398},{"@type":"BreadcrumbList","@id":"https:\/\/blogdofarnesio.com.br\/?p=171011#breadcrumb","itemListElement":[{"@type":"ListItem","position":1,"name":"In\u00edcio","item":"https:\/\/blogdofarnesio.com.br\/"},{"@type":"ListItem","position":2,"name":"PF ACABA COM GRUPO DE TRABALHO EXCLUSIVO PARA LAVA JATO EM CURITIBA"}]},{"@type":"WebSite","@id":"https:\/\/blogdofarnesio.com.br\/#website","url":"https:\/\/blogdofarnesio.com.br\/","name":"Blog do Farn\u00e9sio","description":"Quer Saber Pol\u00edtica?","publisher":{"@id":"https:\/\/blogdofarnesio.com.br\/#organization"},"potentialAction":[{"@type":"SearchAction","target":{"@type":"EntryPoint","urlTemplate":"https:\/\/blogdofarnesio.com.br\/?s={search_term_string}"},"query-input":{"@type":"PropertyValueSpecification","valueRequired":true,"valueName":"search_term_string"}}],"inLanguage":"pt-BR"},{"@type":"Organization","@id":"https:\/\/blogdofarnesio.com.br\/#organization","name":"Blog do Farn\u00e9sio","url":"https:\/\/blogdofarnesio.com.br\/","logo":{"@type":"ImageObject","inLanguage":"pt-BR","@id":"https:\/\/blogdofarnesio.com.br\/#\/schema\/logo\/image\/","url":"https:\/\/blogdofarnesio.com.br\/wp-content\/uploads\/2026\/03\/cropped-logo_new-1.png","contentUrl":"https:\/\/blogdofarnesio.com.br\/wp-content\/uploads\/2026\/03\/cropped-logo_new-1.png","width":881,"height":685,"caption":"Blog do Farn\u00e9sio"},"image":{"@id":"https:\/\/blogdofarnesio.com.br\/#\/schema\/logo\/image\/"},"sameAs":["https:\/\/www.facebook.com\/BlogQuerSaberPolitica\/"]},{"@type":"Person","@id":"https:\/\/blogdofarnesio.com.br\/#\/schema\/person\/301c4acf522bccbfdb45af95b5b906a1","name":"Farn\u00e9sio","image":{"@type":"ImageObject","inLanguage":"pt-BR","@id":"https:\/\/secure.gravatar.com\/avatar\/df0c9a14567c056f8ad6876ba5bbd1e3e2c48023eb6807342fc4663adf549f38?s=96&d=mm&r=g","url":"https:\/\/secure.gravatar.com\/avatar\/df0c9a14567c056f8ad6876ba5bbd1e3e2c48023eb6807342fc4663adf549f38?s=96&d=mm&r=g","contentUrl":"https:\/\/secure.gravatar.com\/avatar\/df0c9a14567c056f8ad6876ba5bbd1e3e2c48023eb6807342fc4663adf549f38?s=96&d=mm&r=g","caption":"Farn\u00e9sio"},"sameAs":["https:\/\/quersaberpolitica.com.br"],"url":"https:\/\/blogdofarnesio.com.br\/?author=1"}]}},"_links":{"self":[{"href":"https:\/\/blogdofarnesio.com.br\/index.php?rest_route=\/wp\/v2\/posts\/171011","targetHints":{"allow":["GET"]}}],"collection":[{"href":"https:\/\/blogdofarnesio.com.br\/index.php?rest_route=\/wp\/v2\/posts"}],"about":[{"href":"https:\/\/blogdofarnesio.com.br\/index.php?rest_route=\/wp\/v2\/types\/post"}],"author":[{"embeddable":true,"href":"https:\/\/blogdofarnesio.com.br\/index.php?rest_route=\/wp\/v2\/users\/1"}],"replies":[{"embeddable":true,"href":"https:\/\/blogdofarnesio.com.br\/index.php?rest_route=%2Fwp%2Fv2%2Fcomments&post=171011"}],"version-history":[{"count":0,"href":"https:\/\/blogdofarnesio.com.br\/index.php?rest_route=\/wp\/v2\/posts\/171011\/revisions"}],"wp:featuredmedia":[{"embeddable":true,"href":"https:\/\/blogdofarnesio.com.br\/index.php?rest_route=\/wp\/v2\/media\/171012"}],"wp:attachment":[{"href":"https:\/\/blogdofarnesio.com.br\/index.php?rest_route=%2Fwp%2Fv2%2Fmedia&parent=171011"}],"wp:term":[{"taxonomy":"category","embeddable":true,"href":"https:\/\/blogdofarnesio.com.br\/index.php?rest_route=%2Fwp%2Fv2%2Fcategories&post=171011"},{"taxonomy":"post_tag","embeddable":true,"href":"https:\/\/blogdofarnesio.com.br\/index.php?rest_route=%2Fwp%2Fv2%2Ftags&post=171011"}],"curies":[{"name":"wp","href":"https:\/\/api.w.org\/{rel}","templated":true}]}}