{"id":170988,"date":"2017-07-06T17:32:14","date_gmt":"2017-07-06T20:32:14","guid":{"rendered":"http:\/\/quersaberpolitica.com.br\/2016\/?p=170988"},"modified":"2017-07-06T17:05:43","modified_gmt":"2017-07-06T20:05:43","slug":"geddel-chora-apos-depoimento-ao-saber-que-vai-continuar-preso","status":"publish","type":"post","link":"https:\/\/blogdofarnesio.com.br\/?p=170988","title":{"rendered":"GEDDEL CHORA AP\u00d3S DEPOIMENTO, AO SABER QUE VAI CONTINUAR PRESO"},"content":{"rendered":"<div class=\"box-title\"><\/div>\n<div class=\"box-body\">\n<div class=\"text-center\">\n<div class=\"box-img\">\n<div class=\"img-legenda\">Foto: Reprodu\u00e7\u00e3o \/ JF<\/div>\n<\/div>\n<\/div>\n<div class=\"text-descricao\">\n<p>O ex-ministro Geddel Vieira Lima chorou ap\u00f3s ouvir do juiz Vallisney de Souza Oliveira, titular da 10\u00aa Vara da Justi\u00e7a Federal do Distrito Federal, que ir\u00e1 permanecer encarcerado por tempo indeterminado. Vallisney afirmou que ir\u00e1 analisar o pedido de soltura na pr\u00f3xima semana.<\/p>\n<p>Os advogados solicitaram a pris\u00e3o domiciliar e o uso de tornozeleira eletr\u00f4nica por Geddel. &#8220;Se a vossa excel\u00eancia quiser coloc\u00e1-lo em pris\u00e3o domiciliar sem celular assim como j\u00e1 foi feito, pode ser feito desde agora&#8221;, argumentou o advogado Gamill F\u00f6ppel. De acordo com o juiz Vallisney, \u00e9 necess\u00e1rio periciar o telefone de Geddel e ouvir a esposa do doleiro L\u00facio Bolonha\u00a0Funaro, Raquel Funaro, que teria trocado mensagens com Geddel.<\/p>\n<p>A defesa de Geddel tamb\u00e9m questionou por qual motivo a Justi\u00e7a Federal n\u00e3o teria ouvido Raquel Funaro antes, tendo em vista o importante papel da liga\u00e7\u00e3o para a pris\u00e3o do ex-ministro.\u00a0&#8220;A defesa impugna nesse momento que somente agora se resolva ouvir a senhora Raquel [a esposa de Funaro]. Fato\u00a0que, inclusive, ser\u00e1 objeto de impugna\u00e7\u00e3o&#8221;, contestou F\u00f6ppel.<\/p>\n<p>Valisnney afirmou que, para tomar uma decis\u00e3o se poder\u00e1 soltar ou n\u00e3o Geddel, teria que analisar o depoimento de Raquel Funaro e por isso determinou os tr\u00eas dias para per\u00edcia da Pol\u00edcia Federal e mais um dia para o posicionamento do Minist\u00e9rio P\u00fablico. O\u00a0ex-ministro foi preso na \u00faltima segunda (3) acusado de obstru\u00e7\u00e3o de justi\u00e7a.\u00a0Atualizado 16h10<\/p>\n<\/div>\n<\/div>\n","protected":false},"excerpt":{"rendered":"<p>Foto: Reprodu\u00e7\u00e3o \/ JF O ex-ministro Geddel Vieira Lima chorou ap\u00f3s ouvir do juiz Vallisney de Souza Oliveira, titular da 10\u00aa Vara da Justi\u00e7a Federal do Distrito Federal, que ir\u00e1 permanecer encarcerado por tempo indeterminado. Vallisney afirmou que ir\u00e1 analisar o pedido de soltura na pr\u00f3xima semana. Os advogados solicitaram a pris\u00e3o domiciliar e o uso de tornozeleira eletr\u00f4nica por Geddel. &#8220;Se a vossa excel\u00eancia quiser coloc\u00e1-lo em pris\u00e3o domiciliar sem celular assim como j\u00e1 foi feito, pode ser feito desde agora&#8221;, argumentou o advogado Gamill F\u00f6ppel. De acordo com o juiz Vallisney, \u00e9 necess\u00e1rio periciar o telefone de Geddel e ouvir a esposa do doleiro L\u00facio Bolonha\u00a0Funaro, Raquel Funaro, que teria trocado mensagens com Geddel. A defesa de Geddel&hellip; <\/p>\n","protected":false},"author":1,"featured_media":170995,"comment_status":"open","ping_status":"open","sticky":false,"template":"","format":"standard","meta":{"_acf_changed":false,"footnotes":""},"categories":[1],"tags":[],"class_list":["post-170988","post","type-post","status-publish","format-standard","has-post-thumbnail","hentry","category-politica"],"acf":[],"yoast_head":"<!-- This site is optimized with the Yoast SEO plugin v27.4 - https:\/\/yoast.com\/product\/yoast-seo-wordpress\/ -->\n<title>GEDDEL CHORA AP\u00d3S DEPOIMENTO, AO SABER QUE VAI CONTINUAR PRESO - Blog do Farn\u00e9sio<\/title>\n<meta name=\"robots\" content=\"index, follow, max-snippet:-1, max-image-preview:large, max-video-preview:-1\" \/>\n<link rel=\"canonical\" href=\"https:\/\/blogdofarnesio.com.br\/?p=170988\" \/>\n<meta property=\"og:locale\" content=\"pt_BR\" \/>\n<meta property=\"og:type\" content=\"article\" \/>\n<meta property=\"og:title\" content=\"GEDDEL CHORA AP\u00d3S DEPOIMENTO, AO SABER QUE VAI CONTINUAR PRESO - Blog do Farn\u00e9sio\" \/>\n<meta property=\"og:description\" content=\"Foto: Reprodu\u00e7\u00e3o \/ JF O ex-ministro Geddel Vieira Lima chorou ap\u00f3s ouvir do juiz Vallisney de Souza Oliveira, titular da 10\u00aa Vara da Justi\u00e7a Federal do Distrito Federal, que ir\u00e1 permanecer encarcerado por tempo indeterminado. Vallisney afirmou que ir\u00e1 analisar o pedido de soltura na pr\u00f3xima semana. Os advogados solicitaram a pris\u00e3o domiciliar e o uso de tornozeleira eletr\u00f4nica por Geddel. &#8220;Se a vossa excel\u00eancia quiser coloc\u00e1-lo em pris\u00e3o domiciliar sem celular assim como j\u00e1 foi feito, pode ser feito desde agora&#8221;, argumentou o advogado Gamill F\u00f6ppel. De acordo com o juiz Vallisney, \u00e9 necess\u00e1rio periciar o telefone de Geddel e ouvir a esposa do doleiro L\u00facio Bolonha\u00a0Funaro, Raquel Funaro, que teria trocado mensagens com Geddel. A defesa de Geddel&hellip;\" \/>\n<meta property=\"og:url\" content=\"https:\/\/blogdofarnesio.com.br\/?p=170988\" \/>\n<meta property=\"og:site_name\" content=\"Blog do Farn\u00e9sio\" \/>\n<meta property=\"article:publisher\" content=\"https:\/\/www.facebook.com\/BlogQuerSaberPolitica\/\" \/>\n<meta property=\"article:published_time\" content=\"2017-07-06T20:32:14+00:00\" \/>\n<meta property=\"og:image\" content=\"https:\/\/blogdofarnesio.com.br\/wp-content\/uploads\/2017\/07\/blogqspgeddelnapris\u00e3o.jpg\" \/>\n\t<meta property=\"og:image:width\" content=\"380\" \/>\n\t<meta property=\"og:image:height\" content=\"280\" \/>\n\t<meta property=\"og:image:type\" content=\"image\/jpeg\" \/>\n<meta name=\"author\" content=\"Farn\u00e9sio\" \/>\n<meta name=\"twitter:card\" content=\"summary_large_image\" \/>\n<meta name=\"twitter:label1\" content=\"Escrito por\" \/>\n\t<meta name=\"twitter:data1\" content=\"Farn\u00e9sio\" \/>\n\t<meta name=\"twitter:label2\" content=\"Est. tempo de leitura\" \/>\n\t<meta name=\"twitter:data2\" content=\"1 minuto\" \/>\n<script type=\"application\/ld+json\" class=\"yoast-schema-graph\">{\"@context\":\"https:\\\/\\\/schema.org\",\"@graph\":[{\"@type\":\"Article\",\"@id\":\"https:\\\/\\\/blogdofarnesio.com.br\\\/?p=170988#article\",\"isPartOf\":{\"@id\":\"https:\\\/\\\/blogdofarnesio.com.br\\\/?p=170988\"},\"author\":{\"name\":\"Farn\u00e9sio\",\"@id\":\"https:\\\/\\\/blogdofarnesio.com.br\\\/#\\\/schema\\\/person\\\/301c4acf522bccbfdb45af95b5b906a1\"},\"headline\":\"GEDDEL CHORA AP\u00d3S DEPOIMENTO, AO SABER QUE VAI CONTINUAR PRESO\",\"datePublished\":\"2017-07-06T20:32:14+00:00\",\"mainEntityOfPage\":{\"@id\":\"https:\\\/\\\/blogdofarnesio.com.br\\\/?p=170988\"},\"wordCount\":268,\"commentCount\":0,\"publisher\":{\"@id\":\"https:\\\/\\\/blogdofarnesio.com.br\\\/#organization\"},\"image\":{\"@id\":\"https:\\\/\\\/blogdofarnesio.com.br\\\/?p=170988#primaryimage\"},\"thumbnailUrl\":\"https:\\\/\\\/blogdofarnesio.com.br\\\/wp-content\\\/uploads\\\/2017\\\/07\\\/blogqspgeddelnapris\u00e3o.jpg\",\"articleSection\":[\"Pol\u00edtica\"],\"inLanguage\":\"pt-BR\",\"potentialAction\":[{\"@type\":\"CommentAction\",\"name\":\"Comment\",\"target\":[\"https:\\\/\\\/blogdofarnesio.com.br\\\/?p=170988#respond\"]}]},{\"@type\":\"WebPage\",\"@id\":\"https:\\\/\\\/blogdofarnesio.com.br\\\/?p=170988\",\"url\":\"https:\\\/\\\/blogdofarnesio.com.br\\\/?p=170988\",\"name\":\"GEDDEL CHORA AP\u00d3S DEPOIMENTO, AO SABER QUE VAI CONTINUAR PRESO - Blog do Farn\u00e9sio\",\"isPartOf\":{\"@id\":\"https:\\\/\\\/blogdofarnesio.com.br\\\/#website\"},\"primaryImageOfPage\":{\"@id\":\"https:\\\/\\\/blogdofarnesio.com.br\\\/?p=170988#primaryimage\"},\"image\":{\"@id\":\"https:\\\/\\\/blogdofarnesio.com.br\\\/?p=170988#primaryimage\"},\"thumbnailUrl\":\"https:\\\/\\\/blogdofarnesio.com.br\\\/wp-content\\\/uploads\\\/2017\\\/07\\\/blogqspgeddelnapris\u00e3o.jpg\",\"datePublished\":\"2017-07-06T20:32:14+00:00\",\"breadcrumb\":{\"@id\":\"https:\\\/\\\/blogdofarnesio.com.br\\\/?p=170988#breadcrumb\"},\"inLanguage\":\"pt-BR\",\"potentialAction\":[{\"@type\":\"ReadAction\",\"target\":[\"https:\\\/\\\/blogdofarnesio.com.br\\\/?p=170988\"]}]},{\"@type\":\"ImageObject\",\"inLanguage\":\"pt-BR\",\"@id\":\"https:\\\/\\\/blogdofarnesio.com.br\\\/?p=170988#primaryimage\",\"url\":\"https:\\\/\\\/blogdofarnesio.com.br\\\/wp-content\\\/uploads\\\/2017\\\/07\\\/blogqspgeddelnapris\u00e3o.jpg\",\"contentUrl\":\"https:\\\/\\\/blogdofarnesio.com.br\\\/wp-content\\\/uploads\\\/2017\\\/07\\\/blogqspgeddelnapris\u00e3o.jpg\",\"width\":380,\"height\":280},{\"@type\":\"BreadcrumbList\",\"@id\":\"https:\\\/\\\/blogdofarnesio.com.br\\\/?p=170988#breadcrumb\",\"itemListElement\":[{\"@type\":\"ListItem\",\"position\":1,\"name\":\"In\u00edcio\",\"item\":\"https:\\\/\\\/blogdofarnesio.com.br\\\/\"},{\"@type\":\"ListItem\",\"position\":2,\"name\":\"GEDDEL CHORA AP\u00d3S DEPOIMENTO, AO SABER QUE VAI CONTINUAR PRESO\"}]},{\"@type\":\"WebSite\",\"@id\":\"https:\\\/\\\/blogdofarnesio.com.br\\\/#website\",\"url\":\"https:\\\/\\\/blogdofarnesio.com.br\\\/\",\"name\":\"Blog do Farn\u00e9sio\",\"description\":\"Quer Saber Pol\u00edtica?\",\"publisher\":{\"@id\":\"https:\\\/\\\/blogdofarnesio.com.br\\\/#organization\"},\"potentialAction\":[{\"@type\":\"SearchAction\",\"target\":{\"@type\":\"EntryPoint\",\"urlTemplate\":\"https:\\\/\\\/blogdofarnesio.com.br\\\/?s={search_term_string}\"},\"query-input\":{\"@type\":\"PropertyValueSpecification\",\"valueRequired\":true,\"valueName\":\"search_term_string\"}}],\"inLanguage\":\"pt-BR\"},{\"@type\":\"Organization\",\"@id\":\"https:\\\/\\\/blogdofarnesio.com.br\\\/#organization\",\"name\":\"Blog do Farn\u00e9sio\",\"url\":\"https:\\\/\\\/blogdofarnesio.com.br\\\/\",\"logo\":{\"@type\":\"ImageObject\",\"inLanguage\":\"pt-BR\",\"@id\":\"https:\\\/\\\/blogdofarnesio.com.br\\\/#\\\/schema\\\/logo\\\/image\\\/\",\"url\":\"https:\\\/\\\/blogdofarnesio.com.br\\\/wp-content\\\/uploads\\\/2026\\\/03\\\/cropped-logo_new-1.png\",\"contentUrl\":\"https:\\\/\\\/blogdofarnesio.com.br\\\/wp-content\\\/uploads\\\/2026\\\/03\\\/cropped-logo_new-1.png\",\"width\":881,\"height\":685,\"caption\":\"Blog do Farn\u00e9sio\"},\"image\":{\"@id\":\"https:\\\/\\\/blogdofarnesio.com.br\\\/#\\\/schema\\\/logo\\\/image\\\/\"},\"sameAs\":[\"https:\\\/\\\/www.facebook.com\\\/BlogQuerSaberPolitica\\\/\"]},{\"@type\":\"Person\",\"@id\":\"https:\\\/\\\/blogdofarnesio.com.br\\\/#\\\/schema\\\/person\\\/301c4acf522bccbfdb45af95b5b906a1\",\"name\":\"Farn\u00e9sio\",\"image\":{\"@type\":\"ImageObject\",\"inLanguage\":\"pt-BR\",\"@id\":\"https:\\\/\\\/secure.gravatar.com\\\/avatar\\\/df0c9a14567c056f8ad6876ba5bbd1e3e2c48023eb6807342fc4663adf549f38?s=96&d=mm&r=g\",\"url\":\"https:\\\/\\\/secure.gravatar.com\\\/avatar\\\/df0c9a14567c056f8ad6876ba5bbd1e3e2c48023eb6807342fc4663adf549f38?s=96&d=mm&r=g\",\"contentUrl\":\"https:\\\/\\\/secure.gravatar.com\\\/avatar\\\/df0c9a14567c056f8ad6876ba5bbd1e3e2c48023eb6807342fc4663adf549f38?s=96&d=mm&r=g\",\"caption\":\"Farn\u00e9sio\"},\"sameAs\":[\"https:\\\/\\\/quersaberpolitica.com.br\"],\"url\":\"https:\\\/\\\/blogdofarnesio.com.br\\\/?author=1\"}]}<\/script>\n<!-- \/ Yoast SEO plugin. -->","yoast_head_json":{"title":"GEDDEL CHORA AP\u00d3S DEPOIMENTO, AO SABER QUE VAI CONTINUAR PRESO - Blog do Farn\u00e9sio","robots":{"index":"index","follow":"follow","max-snippet":"max-snippet:-1","max-image-preview":"max-image-preview:large","max-video-preview":"max-video-preview:-1"},"canonical":"https:\/\/blogdofarnesio.com.br\/?p=170988","og_locale":"pt_BR","og_type":"article","og_title":"GEDDEL CHORA AP\u00d3S DEPOIMENTO, AO SABER QUE VAI CONTINUAR PRESO - Blog do Farn\u00e9sio","og_description":"Foto: Reprodu\u00e7\u00e3o \/ JF O ex-ministro Geddel Vieira Lima chorou ap\u00f3s ouvir do juiz Vallisney de Souza Oliveira, titular da 10\u00aa Vara da Justi\u00e7a Federal do Distrito Federal, que ir\u00e1 permanecer encarcerado por tempo indeterminado. Vallisney afirmou que ir\u00e1 analisar o pedido de soltura na pr\u00f3xima semana. Os advogados solicitaram a pris\u00e3o domiciliar e o uso de tornozeleira eletr\u00f4nica por Geddel. &#8220;Se a vossa excel\u00eancia quiser coloc\u00e1-lo em pris\u00e3o domiciliar sem celular assim como j\u00e1 foi feito, pode ser feito desde agora&#8221;, argumentou o advogado Gamill F\u00f6ppel. De acordo com o juiz Vallisney, \u00e9 necess\u00e1rio periciar o telefone de Geddel e ouvir a esposa do doleiro L\u00facio Bolonha\u00a0Funaro, Raquel Funaro, que teria trocado mensagens com Geddel. A defesa de Geddel&hellip;","og_url":"https:\/\/blogdofarnesio.com.br\/?p=170988","og_site_name":"Blog do Farn\u00e9sio","article_publisher":"https:\/\/www.facebook.com\/BlogQuerSaberPolitica\/","article_published_time":"2017-07-06T20:32:14+00:00","og_image":[{"width":380,"height":280,"url":"https:\/\/blogdofarnesio.com.br\/wp-content\/uploads\/2017\/07\/blogqspgeddelnapris\u00e3o.jpg","type":"image\/jpeg"}],"author":"Farn\u00e9sio","twitter_card":"summary_large_image","twitter_misc":{"Escrito por":"Farn\u00e9sio","Est. tempo de leitura":"1 minuto"},"schema":{"@context":"https:\/\/schema.org","@graph":[{"@type":"Article","@id":"https:\/\/blogdofarnesio.com.br\/?p=170988#article","isPartOf":{"@id":"https:\/\/blogdofarnesio.com.br\/?p=170988"},"author":{"name":"Farn\u00e9sio","@id":"https:\/\/blogdofarnesio.com.br\/#\/schema\/person\/301c4acf522bccbfdb45af95b5b906a1"},"headline":"GEDDEL CHORA AP\u00d3S DEPOIMENTO, AO SABER QUE VAI CONTINUAR PRESO","datePublished":"2017-07-06T20:32:14+00:00","mainEntityOfPage":{"@id":"https:\/\/blogdofarnesio.com.br\/?p=170988"},"wordCount":268,"commentCount":0,"publisher":{"@id":"https:\/\/blogdofarnesio.com.br\/#organization"},"image":{"@id":"https:\/\/blogdofarnesio.com.br\/?p=170988#primaryimage"},"thumbnailUrl":"https:\/\/blogdofarnesio.com.br\/wp-content\/uploads\/2017\/07\/blogqspgeddelnapris\u00e3o.jpg","articleSection":["Pol\u00edtica"],"inLanguage":"pt-BR","potentialAction":[{"@type":"CommentAction","name":"Comment","target":["https:\/\/blogdofarnesio.com.br\/?p=170988#respond"]}]},{"@type":"WebPage","@id":"https:\/\/blogdofarnesio.com.br\/?p=170988","url":"https:\/\/blogdofarnesio.com.br\/?p=170988","name":"GEDDEL CHORA AP\u00d3S DEPOIMENTO, AO SABER QUE VAI CONTINUAR PRESO - Blog do Farn\u00e9sio","isPartOf":{"@id":"https:\/\/blogdofarnesio.com.br\/#website"},"primaryImageOfPage":{"@id":"https:\/\/blogdofarnesio.com.br\/?p=170988#primaryimage"},"image":{"@id":"https:\/\/blogdofarnesio.com.br\/?p=170988#primaryimage"},"thumbnailUrl":"https:\/\/blogdofarnesio.com.br\/wp-content\/uploads\/2017\/07\/blogqspgeddelnapris\u00e3o.jpg","datePublished":"2017-07-06T20:32:14+00:00","breadcrumb":{"@id":"https:\/\/blogdofarnesio.com.br\/?p=170988#breadcrumb"},"inLanguage":"pt-BR","potentialAction":[{"@type":"ReadAction","target":["https:\/\/blogdofarnesio.com.br\/?p=170988"]}]},{"@type":"ImageObject","inLanguage":"pt-BR","@id":"https:\/\/blogdofarnesio.com.br\/?p=170988#primaryimage","url":"https:\/\/blogdofarnesio.com.br\/wp-content\/uploads\/2017\/07\/blogqspgeddelnapris\u00e3o.jpg","contentUrl":"https:\/\/blogdofarnesio.com.br\/wp-content\/uploads\/2017\/07\/blogqspgeddelnapris\u00e3o.jpg","width":380,"height":280},{"@type":"BreadcrumbList","@id":"https:\/\/blogdofarnesio.com.br\/?p=170988#breadcrumb","itemListElement":[{"@type":"ListItem","position":1,"name":"In\u00edcio","item":"https:\/\/blogdofarnesio.com.br\/"},{"@type":"ListItem","position":2,"name":"GEDDEL CHORA AP\u00d3S DEPOIMENTO, AO SABER QUE VAI CONTINUAR PRESO"}]},{"@type":"WebSite","@id":"https:\/\/blogdofarnesio.com.br\/#website","url":"https:\/\/blogdofarnesio.com.br\/","name":"Blog do Farn\u00e9sio","description":"Quer Saber Pol\u00edtica?","publisher":{"@id":"https:\/\/blogdofarnesio.com.br\/#organization"},"potentialAction":[{"@type":"SearchAction","target":{"@type":"EntryPoint","urlTemplate":"https:\/\/blogdofarnesio.com.br\/?s={search_term_string}"},"query-input":{"@type":"PropertyValueSpecification","valueRequired":true,"valueName":"search_term_string"}}],"inLanguage":"pt-BR"},{"@type":"Organization","@id":"https:\/\/blogdofarnesio.com.br\/#organization","name":"Blog do Farn\u00e9sio","url":"https:\/\/blogdofarnesio.com.br\/","logo":{"@type":"ImageObject","inLanguage":"pt-BR","@id":"https:\/\/blogdofarnesio.com.br\/#\/schema\/logo\/image\/","url":"https:\/\/blogdofarnesio.com.br\/wp-content\/uploads\/2026\/03\/cropped-logo_new-1.png","contentUrl":"https:\/\/blogdofarnesio.com.br\/wp-content\/uploads\/2026\/03\/cropped-logo_new-1.png","width":881,"height":685,"caption":"Blog do Farn\u00e9sio"},"image":{"@id":"https:\/\/blogdofarnesio.com.br\/#\/schema\/logo\/image\/"},"sameAs":["https:\/\/www.facebook.com\/BlogQuerSaberPolitica\/"]},{"@type":"Person","@id":"https:\/\/blogdofarnesio.com.br\/#\/schema\/person\/301c4acf522bccbfdb45af95b5b906a1","name":"Farn\u00e9sio","image":{"@type":"ImageObject","inLanguage":"pt-BR","@id":"https:\/\/secure.gravatar.com\/avatar\/df0c9a14567c056f8ad6876ba5bbd1e3e2c48023eb6807342fc4663adf549f38?s=96&d=mm&r=g","url":"https:\/\/secure.gravatar.com\/avatar\/df0c9a14567c056f8ad6876ba5bbd1e3e2c48023eb6807342fc4663adf549f38?s=96&d=mm&r=g","contentUrl":"https:\/\/secure.gravatar.com\/avatar\/df0c9a14567c056f8ad6876ba5bbd1e3e2c48023eb6807342fc4663adf549f38?s=96&d=mm&r=g","caption":"Farn\u00e9sio"},"sameAs":["https:\/\/quersaberpolitica.com.br"],"url":"https:\/\/blogdofarnesio.com.br\/?author=1"}]}},"_links":{"self":[{"href":"https:\/\/blogdofarnesio.com.br\/index.php?rest_route=\/wp\/v2\/posts\/170988","targetHints":{"allow":["GET"]}}],"collection":[{"href":"https:\/\/blogdofarnesio.com.br\/index.php?rest_route=\/wp\/v2\/posts"}],"about":[{"href":"https:\/\/blogdofarnesio.com.br\/index.php?rest_route=\/wp\/v2\/types\/post"}],"author":[{"embeddable":true,"href":"https:\/\/blogdofarnesio.com.br\/index.php?rest_route=\/wp\/v2\/users\/1"}],"replies":[{"embeddable":true,"href":"https:\/\/blogdofarnesio.com.br\/index.php?rest_route=%2Fwp%2Fv2%2Fcomments&post=170988"}],"version-history":[{"count":0,"href":"https:\/\/blogdofarnesio.com.br\/index.php?rest_route=\/wp\/v2\/posts\/170988\/revisions"}],"wp:featuredmedia":[{"embeddable":true,"href":"https:\/\/blogdofarnesio.com.br\/index.php?rest_route=\/wp\/v2\/media\/170995"}],"wp:attachment":[{"href":"https:\/\/blogdofarnesio.com.br\/index.php?rest_route=%2Fwp%2Fv2%2Fmedia&parent=170988"}],"wp:term":[{"taxonomy":"category","embeddable":true,"href":"https:\/\/blogdofarnesio.com.br\/index.php?rest_route=%2Fwp%2Fv2%2Fcategories&post=170988"},{"taxonomy":"post_tag","embeddable":true,"href":"https:\/\/blogdofarnesio.com.br\/index.php?rest_route=%2Fwp%2Fv2%2Ftags&post=170988"}],"curies":[{"name":"wp","href":"https:\/\/api.w.org\/{rel}","templated":true}]}}