{"id":170984,"date":"2017-07-07T07:21:29","date_gmt":"2017-07-07T10:21:29","guid":{"rendered":"http:\/\/quersaberpolitica.com.br\/2016\/?p=170984"},"modified":"2017-07-06T17:16:20","modified_gmt":"2017-07-06T20:16:20","slug":"ftc-petrolina-abre-selecao-para-contratacao-imediata-de-profissionais-em-diversas-areas","status":"publish","type":"post","link":"https:\/\/blogdofarnesio.com.br\/?p=170984","title":{"rendered":"FTC PETROLINA ABRE SELE\u00c7\u00c3O PARA CONTRATA\u00c7\u00c3O IMEDIATA DE PROFISSIONAIS EM DIVERSAS \u00c1REAS"},"content":{"rendered":"<p style=\"text-align: justify;\">Com o objetivo de preencher o quadro de colaboradores, a FTC Unidade Petrolina abre sele\u00e7\u00e3o para contrata\u00e7\u00e3o imediata em diversas \u00e1reas. S\u00e3o tr\u00eas (03) vagas para profissionais da \u00e1rea de servi\u00e7os gerais, tr\u00eas (03) vagas para atendimento ao aluno, uma (01) vaga para recursos humanos, duas (02) vagas para apoio docente, uma (01) vaga para t\u00e9cnico de laborat\u00f3rio e uma (01) vaga para bibliotec\u00e1ria.<\/p>\n<p style=\"text-align: justify;\">Os interessados devem enviar curr\u00edculo para\u00a0<a href=\"mailto:recrutamento.pet@ftc.edu.br\">recrutamento.pet@ftc.edu.br<\/a>\u00a0at\u00e9 o dia 09 de julho, inserindo no campo assunto: Sele\u00e7\u00e3o \u2013 Setor Administrativo. A participa\u00e7\u00e3o no processo seletivo ser\u00e1 feita \u00fanica e exclusivamente por meio dos curr\u00edculos recebidos pelo email institucional.<\/p>\n<p style=\"text-align: justify;\">O setor de recrutamento da FTC entrar\u00e1 em contato com os candidatos selecionados informando sobre as pr\u00f3ximas etapas.<\/p>\n<p style=\"text-align: justify;\">Mais informa\u00e7\u00f5es pelo contato\u00a0<a href=\"tel:(87)%203864-1732\">(87) 3864.1732<\/a>.<\/p>\n<p style=\"text-align: justify;\">Texto: Iana Lima.<\/p>\n","protected":false},"excerpt":{"rendered":"<p>Com o objetivo de preencher o quadro de colaboradores, a FTC Unidade Petrolina abre sele\u00e7\u00e3o para contrata\u00e7\u00e3o imediata em diversas \u00e1reas. S\u00e3o tr\u00eas (03) vagas para profissionais da \u00e1rea de servi\u00e7os gerais, tr\u00eas (03) vagas para atendimento ao aluno, uma (01) vaga para recursos humanos, duas (02) vagas para apoio docente, uma (01) vaga para t\u00e9cnico de laborat\u00f3rio e uma (01) vaga para bibliotec\u00e1ria. Os interessados devem enviar curr\u00edculo para\u00a0recrutamento.pet@ftc.edu.br\u00a0at\u00e9 o dia 09 de julho, inserindo no campo assunto: Sele\u00e7\u00e3o \u2013 Setor Administrativo. A participa\u00e7\u00e3o no processo seletivo ser\u00e1 feita \u00fanica e exclusivamente por meio dos curr\u00edculos recebidos pelo email institucional. O setor de recrutamento da FTC entrar\u00e1 em contato com os candidatos selecionados informando sobre as pr\u00f3ximas etapas. Mais&hellip; <\/p>\n","protected":false},"author":1,"featured_media":170961,"comment_status":"open","ping_status":"open","sticky":false,"template":"","format":"standard","meta":{"_acf_changed":false,"footnotes":""},"categories":[44,6],"tags":[],"class_list":["post-170984","post","type-post","status-publish","format-standard","has-post-thumbnail","hentry","category-administracao","category-educacao"],"acf":[],"yoast_head":"<!-- This site is optimized with the Yoast SEO plugin v27.4 - https:\/\/yoast.com\/product\/yoast-seo-wordpress\/ -->\n<title>FTC PETROLINA ABRE SELE\u00c7\u00c3O PARA CONTRATA\u00c7\u00c3O IMEDIATA DE PROFISSIONAIS EM DIVERSAS \u00c1REAS - Blog do Farn\u00e9sio<\/title>\n<meta name=\"robots\" content=\"index, follow, max-snippet:-1, max-image-preview:large, max-video-preview:-1\" \/>\n<link rel=\"canonical\" href=\"https:\/\/blogdofarnesio.com.br\/?p=170984\" \/>\n<meta property=\"og:locale\" content=\"pt_BR\" \/>\n<meta property=\"og:type\" content=\"article\" \/>\n<meta property=\"og:title\" content=\"FTC PETROLINA ABRE SELE\u00c7\u00c3O PARA CONTRATA\u00c7\u00c3O IMEDIATA DE PROFISSIONAIS EM DIVERSAS \u00c1REAS - Blog do Farn\u00e9sio\" \/>\n<meta property=\"og:description\" content=\"Com o objetivo de preencher o quadro de colaboradores, a FTC Unidade Petrolina abre sele\u00e7\u00e3o para contrata\u00e7\u00e3o imediata em diversas \u00e1reas. S\u00e3o tr\u00eas (03) vagas para profissionais da \u00e1rea de servi\u00e7os gerais, tr\u00eas (03) vagas para atendimento ao aluno, uma (01) vaga para recursos humanos, duas (02) vagas para apoio docente, uma (01) vaga para t\u00e9cnico de laborat\u00f3rio e uma (01) vaga para bibliotec\u00e1ria. Os interessados devem enviar curr\u00edculo para\u00a0recrutamento.pet@ftc.edu.br\u00a0at\u00e9 o dia 09 de julho, inserindo no campo assunto: Sele\u00e7\u00e3o \u2013 Setor Administrativo. A participa\u00e7\u00e3o no processo seletivo ser\u00e1 feita \u00fanica e exclusivamente por meio dos curr\u00edculos recebidos pelo email institucional. O setor de recrutamento da FTC entrar\u00e1 em contato com os candidatos selecionados informando sobre as pr\u00f3ximas etapas. Mais&hellip;\" \/>\n<meta property=\"og:url\" content=\"https:\/\/blogdofarnesio.com.br\/?p=170984\" \/>\n<meta property=\"og:site_name\" content=\"Blog do Farn\u00e9sio\" \/>\n<meta property=\"article:publisher\" content=\"https:\/\/www.facebook.com\/BlogQuerSaberPolitica\/\" \/>\n<meta property=\"article:published_time\" content=\"2017-07-07T10:21:29+00:00\" \/>\n<meta property=\"og:image\" content=\"https:\/\/blogdofarnesio.com.br\/wp-content\/uploads\/2017\/07\/blogqspmarca_ftc.png\" \/>\n\t<meta property=\"og:image:width\" content=\"1920\" \/>\n\t<meta property=\"og:image:height\" content=\"770\" \/>\n\t<meta property=\"og:image:type\" content=\"image\/png\" \/>\n<meta name=\"author\" content=\"Farn\u00e9sio\" \/>\n<meta name=\"twitter:card\" content=\"summary_large_image\" \/>\n<meta name=\"twitter:label1\" content=\"Escrito por\" \/>\n\t<meta name=\"twitter:data1\" content=\"Farn\u00e9sio\" \/>\n\t<meta name=\"twitter:label2\" content=\"Est. tempo de leitura\" \/>\n\t<meta name=\"twitter:data2\" content=\"1 minuto\" \/>\n<script type=\"application\/ld+json\" class=\"yoast-schema-graph\">{\"@context\":\"https:\\\/\\\/schema.org\",\"@graph\":[{\"@type\":\"Article\",\"@id\":\"https:\\\/\\\/blogdofarnesio.com.br\\\/?p=170984#article\",\"isPartOf\":{\"@id\":\"https:\\\/\\\/blogdofarnesio.com.br\\\/?p=170984\"},\"author\":{\"name\":\"Farn\u00e9sio\",\"@id\":\"https:\\\/\\\/blogdofarnesio.com.br\\\/#\\\/schema\\\/person\\\/301c4acf522bccbfdb45af95b5b906a1\"},\"headline\":\"FTC PETROLINA ABRE SELE\u00c7\u00c3O PARA CONTRATA\u00c7\u00c3O IMEDIATA DE PROFISSIONAIS EM DIVERSAS \u00c1REAS\",\"datePublished\":\"2017-07-07T10:21:29+00:00\",\"mainEntityOfPage\":{\"@id\":\"https:\\\/\\\/blogdofarnesio.com.br\\\/?p=170984\"},\"wordCount\":153,\"commentCount\":0,\"publisher\":{\"@id\":\"https:\\\/\\\/blogdofarnesio.com.br\\\/#organization\"},\"image\":{\"@id\":\"https:\\\/\\\/blogdofarnesio.com.br\\\/?p=170984#primaryimage\"},\"thumbnailUrl\":\"https:\\\/\\\/blogdofarnesio.com.br\\\/wp-content\\\/uploads\\\/2017\\\/07\\\/blogqspmarca_ftc.png\",\"articleSection\":[\"Administra\u00e7\u00e3o\",\"Educa\u00e7\u00e3o\"],\"inLanguage\":\"pt-BR\",\"potentialAction\":[{\"@type\":\"CommentAction\",\"name\":\"Comment\",\"target\":[\"https:\\\/\\\/blogdofarnesio.com.br\\\/?p=170984#respond\"]}]},{\"@type\":\"WebPage\",\"@id\":\"https:\\\/\\\/blogdofarnesio.com.br\\\/?p=170984\",\"url\":\"https:\\\/\\\/blogdofarnesio.com.br\\\/?p=170984\",\"name\":\"FTC PETROLINA ABRE SELE\u00c7\u00c3O PARA CONTRATA\u00c7\u00c3O IMEDIATA DE PROFISSIONAIS EM DIVERSAS \u00c1REAS - Blog do Farn\u00e9sio\",\"isPartOf\":{\"@id\":\"https:\\\/\\\/blogdofarnesio.com.br\\\/#website\"},\"primaryImageOfPage\":{\"@id\":\"https:\\\/\\\/blogdofarnesio.com.br\\\/?p=170984#primaryimage\"},\"image\":{\"@id\":\"https:\\\/\\\/blogdofarnesio.com.br\\\/?p=170984#primaryimage\"},\"thumbnailUrl\":\"https:\\\/\\\/blogdofarnesio.com.br\\\/wp-content\\\/uploads\\\/2017\\\/07\\\/blogqspmarca_ftc.png\",\"datePublished\":\"2017-07-07T10:21:29+00:00\",\"breadcrumb\":{\"@id\":\"https:\\\/\\\/blogdofarnesio.com.br\\\/?p=170984#breadcrumb\"},\"inLanguage\":\"pt-BR\",\"potentialAction\":[{\"@type\":\"ReadAction\",\"target\":[\"https:\\\/\\\/blogdofarnesio.com.br\\\/?p=170984\"]}]},{\"@type\":\"ImageObject\",\"inLanguage\":\"pt-BR\",\"@id\":\"https:\\\/\\\/blogdofarnesio.com.br\\\/?p=170984#primaryimage\",\"url\":\"https:\\\/\\\/blogdofarnesio.com.br\\\/wp-content\\\/uploads\\\/2017\\\/07\\\/blogqspmarca_ftc.png\",\"contentUrl\":\"https:\\\/\\\/blogdofarnesio.com.br\\\/wp-content\\\/uploads\\\/2017\\\/07\\\/blogqspmarca_ftc.png\",\"width\":1920,\"height\":770},{\"@type\":\"BreadcrumbList\",\"@id\":\"https:\\\/\\\/blogdofarnesio.com.br\\\/?p=170984#breadcrumb\",\"itemListElement\":[{\"@type\":\"ListItem\",\"position\":1,\"name\":\"In\u00edcio\",\"item\":\"https:\\\/\\\/blogdofarnesio.com.br\\\/\"},{\"@type\":\"ListItem\",\"position\":2,\"name\":\"FTC PETROLINA ABRE SELE\u00c7\u00c3O PARA CONTRATA\u00c7\u00c3O IMEDIATA DE PROFISSIONAIS EM DIVERSAS \u00c1REAS\"}]},{\"@type\":\"WebSite\",\"@id\":\"https:\\\/\\\/blogdofarnesio.com.br\\\/#website\",\"url\":\"https:\\\/\\\/blogdofarnesio.com.br\\\/\",\"name\":\"Blog do Farn\u00e9sio\",\"description\":\"Quer Saber Pol\u00edtica?\",\"publisher\":{\"@id\":\"https:\\\/\\\/blogdofarnesio.com.br\\\/#organization\"},\"potentialAction\":[{\"@type\":\"SearchAction\",\"target\":{\"@type\":\"EntryPoint\",\"urlTemplate\":\"https:\\\/\\\/blogdofarnesio.com.br\\\/?s={search_term_string}\"},\"query-input\":{\"@type\":\"PropertyValueSpecification\",\"valueRequired\":true,\"valueName\":\"search_term_string\"}}],\"inLanguage\":\"pt-BR\"},{\"@type\":\"Organization\",\"@id\":\"https:\\\/\\\/blogdofarnesio.com.br\\\/#organization\",\"name\":\"Blog do Farn\u00e9sio\",\"url\":\"https:\\\/\\\/blogdofarnesio.com.br\\\/\",\"logo\":{\"@type\":\"ImageObject\",\"inLanguage\":\"pt-BR\",\"@id\":\"https:\\\/\\\/blogdofarnesio.com.br\\\/#\\\/schema\\\/logo\\\/image\\\/\",\"url\":\"https:\\\/\\\/blogdofarnesio.com.br\\\/wp-content\\\/uploads\\\/2026\\\/03\\\/cropped-logo_new-1.png\",\"contentUrl\":\"https:\\\/\\\/blogdofarnesio.com.br\\\/wp-content\\\/uploads\\\/2026\\\/03\\\/cropped-logo_new-1.png\",\"width\":881,\"height\":685,\"caption\":\"Blog do Farn\u00e9sio\"},\"image\":{\"@id\":\"https:\\\/\\\/blogdofarnesio.com.br\\\/#\\\/schema\\\/logo\\\/image\\\/\"},\"sameAs\":[\"https:\\\/\\\/www.facebook.com\\\/BlogQuerSaberPolitica\\\/\"]},{\"@type\":\"Person\",\"@id\":\"https:\\\/\\\/blogdofarnesio.com.br\\\/#\\\/schema\\\/person\\\/301c4acf522bccbfdb45af95b5b906a1\",\"name\":\"Farn\u00e9sio\",\"image\":{\"@type\":\"ImageObject\",\"inLanguage\":\"pt-BR\",\"@id\":\"https:\\\/\\\/secure.gravatar.com\\\/avatar\\\/df0c9a14567c056f8ad6876ba5bbd1e3e2c48023eb6807342fc4663adf549f38?s=96&d=mm&r=g\",\"url\":\"https:\\\/\\\/secure.gravatar.com\\\/avatar\\\/df0c9a14567c056f8ad6876ba5bbd1e3e2c48023eb6807342fc4663adf549f38?s=96&d=mm&r=g\",\"contentUrl\":\"https:\\\/\\\/secure.gravatar.com\\\/avatar\\\/df0c9a14567c056f8ad6876ba5bbd1e3e2c48023eb6807342fc4663adf549f38?s=96&d=mm&r=g\",\"caption\":\"Farn\u00e9sio\"},\"sameAs\":[\"https:\\\/\\\/quersaberpolitica.com.br\"],\"url\":\"https:\\\/\\\/blogdofarnesio.com.br\\\/?author=1\"}]}<\/script>\n<!-- \/ Yoast SEO plugin. -->","yoast_head_json":{"title":"FTC PETROLINA ABRE SELE\u00c7\u00c3O PARA CONTRATA\u00c7\u00c3O IMEDIATA DE PROFISSIONAIS EM DIVERSAS \u00c1REAS - Blog do Farn\u00e9sio","robots":{"index":"index","follow":"follow","max-snippet":"max-snippet:-1","max-image-preview":"max-image-preview:large","max-video-preview":"max-video-preview:-1"},"canonical":"https:\/\/blogdofarnesio.com.br\/?p=170984","og_locale":"pt_BR","og_type":"article","og_title":"FTC PETROLINA ABRE SELE\u00c7\u00c3O PARA CONTRATA\u00c7\u00c3O IMEDIATA DE PROFISSIONAIS EM DIVERSAS \u00c1REAS - Blog do Farn\u00e9sio","og_description":"Com o objetivo de preencher o quadro de colaboradores, a FTC Unidade Petrolina abre sele\u00e7\u00e3o para contrata\u00e7\u00e3o imediata em diversas \u00e1reas. S\u00e3o tr\u00eas (03) vagas para profissionais da \u00e1rea de servi\u00e7os gerais, tr\u00eas (03) vagas para atendimento ao aluno, uma (01) vaga para recursos humanos, duas (02) vagas para apoio docente, uma (01) vaga para t\u00e9cnico de laborat\u00f3rio e uma (01) vaga para bibliotec\u00e1ria. Os interessados devem enviar curr\u00edculo para\u00a0recrutamento.pet@ftc.edu.br\u00a0at\u00e9 o dia 09 de julho, inserindo no campo assunto: Sele\u00e7\u00e3o \u2013 Setor Administrativo. A participa\u00e7\u00e3o no processo seletivo ser\u00e1 feita \u00fanica e exclusivamente por meio dos curr\u00edculos recebidos pelo email institucional. O setor de recrutamento da FTC entrar\u00e1 em contato com os candidatos selecionados informando sobre as pr\u00f3ximas etapas. Mais&hellip;","og_url":"https:\/\/blogdofarnesio.com.br\/?p=170984","og_site_name":"Blog do Farn\u00e9sio","article_publisher":"https:\/\/www.facebook.com\/BlogQuerSaberPolitica\/","article_published_time":"2017-07-07T10:21:29+00:00","og_image":[{"width":1920,"height":770,"url":"https:\/\/blogdofarnesio.com.br\/wp-content\/uploads\/2017\/07\/blogqspmarca_ftc.png","type":"image\/png"}],"author":"Farn\u00e9sio","twitter_card":"summary_large_image","twitter_misc":{"Escrito por":"Farn\u00e9sio","Est. tempo de leitura":"1 minuto"},"schema":{"@context":"https:\/\/schema.org","@graph":[{"@type":"Article","@id":"https:\/\/blogdofarnesio.com.br\/?p=170984#article","isPartOf":{"@id":"https:\/\/blogdofarnesio.com.br\/?p=170984"},"author":{"name":"Farn\u00e9sio","@id":"https:\/\/blogdofarnesio.com.br\/#\/schema\/person\/301c4acf522bccbfdb45af95b5b906a1"},"headline":"FTC PETROLINA ABRE SELE\u00c7\u00c3O PARA CONTRATA\u00c7\u00c3O IMEDIATA DE PROFISSIONAIS EM DIVERSAS \u00c1REAS","datePublished":"2017-07-07T10:21:29+00:00","mainEntityOfPage":{"@id":"https:\/\/blogdofarnesio.com.br\/?p=170984"},"wordCount":153,"commentCount":0,"publisher":{"@id":"https:\/\/blogdofarnesio.com.br\/#organization"},"image":{"@id":"https:\/\/blogdofarnesio.com.br\/?p=170984#primaryimage"},"thumbnailUrl":"https:\/\/blogdofarnesio.com.br\/wp-content\/uploads\/2017\/07\/blogqspmarca_ftc.png","articleSection":["Administra\u00e7\u00e3o","Educa\u00e7\u00e3o"],"inLanguage":"pt-BR","potentialAction":[{"@type":"CommentAction","name":"Comment","target":["https:\/\/blogdofarnesio.com.br\/?p=170984#respond"]}]},{"@type":"WebPage","@id":"https:\/\/blogdofarnesio.com.br\/?p=170984","url":"https:\/\/blogdofarnesio.com.br\/?p=170984","name":"FTC PETROLINA ABRE SELE\u00c7\u00c3O PARA CONTRATA\u00c7\u00c3O IMEDIATA DE PROFISSIONAIS EM DIVERSAS \u00c1REAS - Blog do Farn\u00e9sio","isPartOf":{"@id":"https:\/\/blogdofarnesio.com.br\/#website"},"primaryImageOfPage":{"@id":"https:\/\/blogdofarnesio.com.br\/?p=170984#primaryimage"},"image":{"@id":"https:\/\/blogdofarnesio.com.br\/?p=170984#primaryimage"},"thumbnailUrl":"https:\/\/blogdofarnesio.com.br\/wp-content\/uploads\/2017\/07\/blogqspmarca_ftc.png","datePublished":"2017-07-07T10:21:29+00:00","breadcrumb":{"@id":"https:\/\/blogdofarnesio.com.br\/?p=170984#breadcrumb"},"inLanguage":"pt-BR","potentialAction":[{"@type":"ReadAction","target":["https:\/\/blogdofarnesio.com.br\/?p=170984"]}]},{"@type":"ImageObject","inLanguage":"pt-BR","@id":"https:\/\/blogdofarnesio.com.br\/?p=170984#primaryimage","url":"https:\/\/blogdofarnesio.com.br\/wp-content\/uploads\/2017\/07\/blogqspmarca_ftc.png","contentUrl":"https:\/\/blogdofarnesio.com.br\/wp-content\/uploads\/2017\/07\/blogqspmarca_ftc.png","width":1920,"height":770},{"@type":"BreadcrumbList","@id":"https:\/\/blogdofarnesio.com.br\/?p=170984#breadcrumb","itemListElement":[{"@type":"ListItem","position":1,"name":"In\u00edcio","item":"https:\/\/blogdofarnesio.com.br\/"},{"@type":"ListItem","position":2,"name":"FTC PETROLINA ABRE SELE\u00c7\u00c3O PARA CONTRATA\u00c7\u00c3O IMEDIATA DE PROFISSIONAIS EM DIVERSAS \u00c1REAS"}]},{"@type":"WebSite","@id":"https:\/\/blogdofarnesio.com.br\/#website","url":"https:\/\/blogdofarnesio.com.br\/","name":"Blog do Farn\u00e9sio","description":"Quer Saber Pol\u00edtica?","publisher":{"@id":"https:\/\/blogdofarnesio.com.br\/#organization"},"potentialAction":[{"@type":"SearchAction","target":{"@type":"EntryPoint","urlTemplate":"https:\/\/blogdofarnesio.com.br\/?s={search_term_string}"},"query-input":{"@type":"PropertyValueSpecification","valueRequired":true,"valueName":"search_term_string"}}],"inLanguage":"pt-BR"},{"@type":"Organization","@id":"https:\/\/blogdofarnesio.com.br\/#organization","name":"Blog do Farn\u00e9sio","url":"https:\/\/blogdofarnesio.com.br\/","logo":{"@type":"ImageObject","inLanguage":"pt-BR","@id":"https:\/\/blogdofarnesio.com.br\/#\/schema\/logo\/image\/","url":"https:\/\/blogdofarnesio.com.br\/wp-content\/uploads\/2026\/03\/cropped-logo_new-1.png","contentUrl":"https:\/\/blogdofarnesio.com.br\/wp-content\/uploads\/2026\/03\/cropped-logo_new-1.png","width":881,"height":685,"caption":"Blog do Farn\u00e9sio"},"image":{"@id":"https:\/\/blogdofarnesio.com.br\/#\/schema\/logo\/image\/"},"sameAs":["https:\/\/www.facebook.com\/BlogQuerSaberPolitica\/"]},{"@type":"Person","@id":"https:\/\/blogdofarnesio.com.br\/#\/schema\/person\/301c4acf522bccbfdb45af95b5b906a1","name":"Farn\u00e9sio","image":{"@type":"ImageObject","inLanguage":"pt-BR","@id":"https:\/\/secure.gravatar.com\/avatar\/df0c9a14567c056f8ad6876ba5bbd1e3e2c48023eb6807342fc4663adf549f38?s=96&d=mm&r=g","url":"https:\/\/secure.gravatar.com\/avatar\/df0c9a14567c056f8ad6876ba5bbd1e3e2c48023eb6807342fc4663adf549f38?s=96&d=mm&r=g","contentUrl":"https:\/\/secure.gravatar.com\/avatar\/df0c9a14567c056f8ad6876ba5bbd1e3e2c48023eb6807342fc4663adf549f38?s=96&d=mm&r=g","caption":"Farn\u00e9sio"},"sameAs":["https:\/\/quersaberpolitica.com.br"],"url":"https:\/\/blogdofarnesio.com.br\/?author=1"}]}},"_links":{"self":[{"href":"https:\/\/blogdofarnesio.com.br\/index.php?rest_route=\/wp\/v2\/posts\/170984","targetHints":{"allow":["GET"]}}],"collection":[{"href":"https:\/\/blogdofarnesio.com.br\/index.php?rest_route=\/wp\/v2\/posts"}],"about":[{"href":"https:\/\/blogdofarnesio.com.br\/index.php?rest_route=\/wp\/v2\/types\/post"}],"author":[{"embeddable":true,"href":"https:\/\/blogdofarnesio.com.br\/index.php?rest_route=\/wp\/v2\/users\/1"}],"replies":[{"embeddable":true,"href":"https:\/\/blogdofarnesio.com.br\/index.php?rest_route=%2Fwp%2Fv2%2Fcomments&post=170984"}],"version-history":[{"count":0,"href":"https:\/\/blogdofarnesio.com.br\/index.php?rest_route=\/wp\/v2\/posts\/170984\/revisions"}],"wp:featuredmedia":[{"embeddable":true,"href":"https:\/\/blogdofarnesio.com.br\/index.php?rest_route=\/wp\/v2\/media\/170961"}],"wp:attachment":[{"href":"https:\/\/blogdofarnesio.com.br\/index.php?rest_route=%2Fwp%2Fv2%2Fmedia&parent=170984"}],"wp:term":[{"taxonomy":"category","embeddable":true,"href":"https:\/\/blogdofarnesio.com.br\/index.php?rest_route=%2Fwp%2Fv2%2Fcategories&post=170984"},{"taxonomy":"post_tag","embeddable":true,"href":"https:\/\/blogdofarnesio.com.br\/index.php?rest_route=%2Fwp%2Fv2%2Ftags&post=170984"}],"curies":[{"name":"wp","href":"https:\/\/api.w.org\/{rel}","templated":true}]}}