{"id":170972,"date":"2017-07-06T17:02:39","date_gmt":"2017-07-06T20:02:39","guid":{"rendered":"http:\/\/quersaberpolitica.com.br\/2016\/?p=170972"},"modified":"2017-07-06T17:00:58","modified_gmt":"2017-07-06T20:00:58","slug":"brasil-tem-novo-presidente-interino","status":"publish","type":"post","link":"https:\/\/blogdofarnesio.com.br\/?p=170972","title":{"rendered":"BRASIL TEM NOVO PRESIDENTE INTERINO"},"content":{"rendered":"<header>\n<h1>Temer e Maia deixam pa\u00eds; Eun\u00edcio assume o Planalto<\/h1>\n<p class=\"author\"><a class=\"author url fn\" title=\"Posts de Poder360\" href=\"https:\/\/www.poder360.com.br\/author\/do-poder360\/\" rel=\"author\">PODER360 &#8211;\u00a0<\/a>O presidente Michel Temer (PMDB) embarcou \u00e0s 13h de 5\u00aa feira (6.jul.2017) para Hamburgo, na Alemanha. Participar\u00e1 (6\u00aa e s\u00e1bado) da c\u00fapula do G20, grupo que re\u00fane as 20 principais economias do mundo.<\/p>\n<\/header>\n<div class=\"content wp\" data-ga-ano=\"2017\" data-ga-categoria=\"Governo\" data-ga-autor=\"Poder360\">\n<p>A viagem ocorre\u00a0durante a crise causada pela chegada da den\u00fancia \u00e0 C\u00e2mara.\u00a0As\u00a0<a href=\"http:\/\/www.poder360.com.br\/justica\/rodrigo-janot-denuncia-michel-temer-por-corrupcao-passiva\/\" target=\"_blank\" rel=\"noopener\">acusa\u00e7\u00f5es da PGR<\/a>\u00a0(Procuradoria Geral da Rep\u00fablica) e a\u00a0<a href=\"http:\/\/www.poder360.com.br\/governo\/denuncia-fugiu-da-realidade-diz-advogado-de-temer-leia-integra-da-defesa\/\" target=\"_blank\" rel=\"noopener\">defesa do presidente<\/a>ser\u00e3o analisadas na CCJ (Comiss\u00e3o de Constitui\u00e7\u00e3o e Justi\u00e7a) e no plen\u00e1rio.\u00a0<a href=\"https:\/\/www.poder360.com.br\/wp-content\/uploads\/2017\/06\/denuncia-janot-atualizada-2.png\" target=\"_blank\" rel=\"noopener\">Eis 1 cronograma.<\/a><\/p>\n<p>Com as viagens de Temer e do presidente da C\u00e2mara, Rodrigo Maia, o Planalto ser\u00e1 comandado pelo presidente\u00a0do Senado, Eun\u00edcio Oliveira. O peemedebista \u00e9 o 2\u00ba na linha de substitui\u00e7\u00e3o, seguido pela presidente do STF (Supremo Tribunal Federal) C\u00e1rmen L\u00facia.<\/p>\n<h4><strong>JARBAS NA COMITIVA DE MAIA<\/strong><\/h4>\n<p>Rodrigo Maia\u00a0viajou pela manh\u00e3 \u00e0 Argentina. Na noite desta 4\u00aa feira (5.jul.2017), ofereceu 1 jantar em sua resid\u00eancia oficial. Foram 3 jantares com congressistas nos \u00faltimos 3 dias.<\/p>\n<p>O 1\u00ba\u00a0deputado do PMDB a se declarar publicamente favor\u00e1vel \u00e0 admissibilidade da den\u00fancia contra Temer, Jarbas Vasconcelos\u00a0viajou com Maia para a Argentina. Al\u00e9m dele, acompanharam o presidente da C\u00e2mara:<\/p>\n<ul>\n<li>Benito Gama (PTB-BA);<\/li>\n<\/ul>\n<ul>\n<li>Her\u00e1clito Fortes (PSB-PI);<\/li>\n<\/ul>\n<ul>\n<li>Rubens Bueno (PPS-PR);<\/li>\n<\/ul>\n<ul>\n<li>Rog\u00e9rio Rosso (PSD-DF).<\/li>\n<\/ul>\n<p>&nbsp;<\/p>\n<\/div>\n<footer>\n<div class=\"mod mod-authors\">\n<div class=\"hr col lg3\"><\/div>\n<h3 class=\"titulo-default\">Autores<\/h3>\n<\/div>\n<\/footer>\n","protected":false},"excerpt":{"rendered":"<p>Temer e Maia deixam pa\u00eds; Eun\u00edcio assume o Planalto PODER360 &#8211;\u00a0O presidente Michel Temer (PMDB) embarcou \u00e0s 13h de 5\u00aa feira (6.jul.2017) para Hamburgo, na Alemanha. Participar\u00e1 (6\u00aa e s\u00e1bado) da c\u00fapula do G20, grupo que re\u00fane as 20 principais economias do mundo. A viagem ocorre\u00a0durante a crise causada pela chegada da den\u00fancia \u00e0 C\u00e2mara.\u00a0As\u00a0acusa\u00e7\u00f5es da PGR\u00a0(Procuradoria Geral da Rep\u00fablica) e a\u00a0defesa do presidenteser\u00e3o analisadas na CCJ (Comiss\u00e3o de Constitui\u00e7\u00e3o e Justi\u00e7a) e no plen\u00e1rio.\u00a0Eis 1 cronograma. Com as viagens de Temer e do presidente da C\u00e2mara, Rodrigo Maia, o Planalto ser\u00e1 comandado pelo presidente\u00a0do Senado, Eun\u00edcio Oliveira. O peemedebista \u00e9 o 2\u00ba na linha de substitui\u00e7\u00e3o, seguido pela presidente do STF (Supremo Tribunal Federal) C\u00e1rmen L\u00facia. JARBAS NA COMITIVA&hellip; <\/p>\n","protected":false},"author":1,"featured_media":170975,"comment_status":"open","ping_status":"open","sticky":false,"template":"","format":"standard","meta":{"_acf_changed":false,"footnotes":""},"categories":[1],"tags":[],"class_list":["post-170972","post","type-post","status-publish","format-standard","has-post-thumbnail","hentry","category-politica"],"acf":[],"yoast_head":"<!-- This site is optimized with the Yoast SEO plugin v27.4 - https:\/\/yoast.com\/product\/yoast-seo-wordpress\/ -->\n<title>BRASIL TEM NOVO PRESIDENTE INTERINO - Blog do Farn\u00e9sio<\/title>\n<meta name=\"robots\" content=\"index, follow, max-snippet:-1, max-image-preview:large, max-video-preview:-1\" \/>\n<link rel=\"canonical\" href=\"https:\/\/blogdofarnesio.com.br\/?p=170972\" \/>\n<meta property=\"og:locale\" content=\"pt_BR\" \/>\n<meta property=\"og:type\" content=\"article\" \/>\n<meta property=\"og:title\" content=\"BRASIL TEM NOVO PRESIDENTE INTERINO - Blog do Farn\u00e9sio\" \/>\n<meta property=\"og:description\" content=\"Temer e Maia deixam pa\u00eds; Eun\u00edcio assume o Planalto PODER360 &#8211;\u00a0O presidente Michel Temer (PMDB) embarcou \u00e0s 13h de 5\u00aa feira (6.jul.2017) para Hamburgo, na Alemanha. Participar\u00e1 (6\u00aa e s\u00e1bado) da c\u00fapula do G20, grupo que re\u00fane as 20 principais economias do mundo. A viagem ocorre\u00a0durante a crise causada pela chegada da den\u00fancia \u00e0 C\u00e2mara.\u00a0As\u00a0acusa\u00e7\u00f5es da PGR\u00a0(Procuradoria Geral da Rep\u00fablica) e a\u00a0defesa do presidenteser\u00e3o analisadas na CCJ (Comiss\u00e3o de Constitui\u00e7\u00e3o e Justi\u00e7a) e no plen\u00e1rio.\u00a0Eis 1 cronograma. Com as viagens de Temer e do presidente da C\u00e2mara, Rodrigo Maia, o Planalto ser\u00e1 comandado pelo presidente\u00a0do Senado, Eun\u00edcio Oliveira. O peemedebista \u00e9 o 2\u00ba na linha de substitui\u00e7\u00e3o, seguido pela presidente do STF (Supremo Tribunal Federal) C\u00e1rmen L\u00facia. JARBAS NA COMITIVA&hellip;\" \/>\n<meta property=\"og:url\" content=\"https:\/\/blogdofarnesio.com.br\/?p=170972\" \/>\n<meta property=\"og:site_name\" content=\"Blog do Farn\u00e9sio\" \/>\n<meta property=\"article:publisher\" content=\"https:\/\/www.facebook.com\/BlogQuerSaberPolitica\/\" \/>\n<meta property=\"article:published_time\" content=\"2017-07-06T20:02:39+00:00\" \/>\n<meta property=\"og:image\" content=\"https:\/\/blogdofarnesio.com.br\/wp-content\/uploads\/2017\/07\/Blogqsptemer_eunicio_rodrigo_maia-e1499370889126.jpg\" \/>\n\t<meta property=\"og:image:width\" content=\"668\" \/>\n\t<meta property=\"og:image:height\" content=\"496\" \/>\n\t<meta property=\"og:image:type\" content=\"image\/jpeg\" \/>\n<meta name=\"author\" content=\"Farn\u00e9sio\" \/>\n<meta name=\"twitter:card\" content=\"summary_large_image\" \/>\n<meta name=\"twitter:label1\" content=\"Escrito por\" \/>\n\t<meta name=\"twitter:data1\" content=\"Farn\u00e9sio\" \/>\n\t<meta name=\"twitter:label2\" content=\"Est. tempo de leitura\" \/>\n\t<meta name=\"twitter:data2\" content=\"1 minuto\" \/>\n<script type=\"application\/ld+json\" class=\"yoast-schema-graph\">{\"@context\":\"https:\\\/\\\/schema.org\",\"@graph\":[{\"@type\":\"Article\",\"@id\":\"https:\\\/\\\/blogdofarnesio.com.br\\\/?p=170972#article\",\"isPartOf\":{\"@id\":\"https:\\\/\\\/blogdofarnesio.com.br\\\/?p=170972\"},\"author\":{\"name\":\"Farn\u00e9sio\",\"@id\":\"https:\\\/\\\/blogdofarnesio.com.br\\\/#\\\/schema\\\/person\\\/301c4acf522bccbfdb45af95b5b906a1\"},\"headline\":\"BRASIL TEM NOVO PRESIDENTE INTERINO\",\"datePublished\":\"2017-07-06T20:02:39+00:00\",\"mainEntityOfPage\":{\"@id\":\"https:\\\/\\\/blogdofarnesio.com.br\\\/?p=170972\"},\"wordCount\":221,\"commentCount\":0,\"publisher\":{\"@id\":\"https:\\\/\\\/blogdofarnesio.com.br\\\/#organization\"},\"image\":{\"@id\":\"https:\\\/\\\/blogdofarnesio.com.br\\\/?p=170972#primaryimage\"},\"thumbnailUrl\":\"https:\\\/\\\/blogdofarnesio.com.br\\\/wp-content\\\/uploads\\\/2017\\\/07\\\/Blogqsptemer_eunicio_rodrigo_maia-e1499370889126.jpg\",\"articleSection\":[\"Pol\u00edtica\"],\"inLanguage\":\"pt-BR\",\"potentialAction\":[{\"@type\":\"CommentAction\",\"name\":\"Comment\",\"target\":[\"https:\\\/\\\/blogdofarnesio.com.br\\\/?p=170972#respond\"]}]},{\"@type\":\"WebPage\",\"@id\":\"https:\\\/\\\/blogdofarnesio.com.br\\\/?p=170972\",\"url\":\"https:\\\/\\\/blogdofarnesio.com.br\\\/?p=170972\",\"name\":\"BRASIL TEM NOVO PRESIDENTE INTERINO - Blog do Farn\u00e9sio\",\"isPartOf\":{\"@id\":\"https:\\\/\\\/blogdofarnesio.com.br\\\/#website\"},\"primaryImageOfPage\":{\"@id\":\"https:\\\/\\\/blogdofarnesio.com.br\\\/?p=170972#primaryimage\"},\"image\":{\"@id\":\"https:\\\/\\\/blogdofarnesio.com.br\\\/?p=170972#primaryimage\"},\"thumbnailUrl\":\"https:\\\/\\\/blogdofarnesio.com.br\\\/wp-content\\\/uploads\\\/2017\\\/07\\\/Blogqsptemer_eunicio_rodrigo_maia-e1499370889126.jpg\",\"datePublished\":\"2017-07-06T20:02:39+00:00\",\"breadcrumb\":{\"@id\":\"https:\\\/\\\/blogdofarnesio.com.br\\\/?p=170972#breadcrumb\"},\"inLanguage\":\"pt-BR\",\"potentialAction\":[{\"@type\":\"ReadAction\",\"target\":[\"https:\\\/\\\/blogdofarnesio.com.br\\\/?p=170972\"]}]},{\"@type\":\"ImageObject\",\"inLanguage\":\"pt-BR\",\"@id\":\"https:\\\/\\\/blogdofarnesio.com.br\\\/?p=170972#primaryimage\",\"url\":\"https:\\\/\\\/blogdofarnesio.com.br\\\/wp-content\\\/uploads\\\/2017\\\/07\\\/Blogqsptemer_eunicio_rodrigo_maia-e1499370889126.jpg\",\"contentUrl\":\"https:\\\/\\\/blogdofarnesio.com.br\\\/wp-content\\\/uploads\\\/2017\\\/07\\\/Blogqsptemer_eunicio_rodrigo_maia-e1499370889126.jpg\",\"width\":668,\"height\":496,\"caption\":\"Eun\u00edcio, Presidente Michel Temer, Dep. Rodrigo Maia Foto: S\u00e9rgio Lima\\\/PODER 360\"},{\"@type\":\"BreadcrumbList\",\"@id\":\"https:\\\/\\\/blogdofarnesio.com.br\\\/?p=170972#breadcrumb\",\"itemListElement\":[{\"@type\":\"ListItem\",\"position\":1,\"name\":\"In\u00edcio\",\"item\":\"https:\\\/\\\/blogdofarnesio.com.br\\\/\"},{\"@type\":\"ListItem\",\"position\":2,\"name\":\"BRASIL TEM NOVO PRESIDENTE INTERINO\"}]},{\"@type\":\"WebSite\",\"@id\":\"https:\\\/\\\/blogdofarnesio.com.br\\\/#website\",\"url\":\"https:\\\/\\\/blogdofarnesio.com.br\\\/\",\"name\":\"Blog do Farn\u00e9sio\",\"description\":\"Quer Saber Pol\u00edtica?\",\"publisher\":{\"@id\":\"https:\\\/\\\/blogdofarnesio.com.br\\\/#organization\"},\"potentialAction\":[{\"@type\":\"SearchAction\",\"target\":{\"@type\":\"EntryPoint\",\"urlTemplate\":\"https:\\\/\\\/blogdofarnesio.com.br\\\/?s={search_term_string}\"},\"query-input\":{\"@type\":\"PropertyValueSpecification\",\"valueRequired\":true,\"valueName\":\"search_term_string\"}}],\"inLanguage\":\"pt-BR\"},{\"@type\":\"Organization\",\"@id\":\"https:\\\/\\\/blogdofarnesio.com.br\\\/#organization\",\"name\":\"Blog do Farn\u00e9sio\",\"url\":\"https:\\\/\\\/blogdofarnesio.com.br\\\/\",\"logo\":{\"@type\":\"ImageObject\",\"inLanguage\":\"pt-BR\",\"@id\":\"https:\\\/\\\/blogdofarnesio.com.br\\\/#\\\/schema\\\/logo\\\/image\\\/\",\"url\":\"https:\\\/\\\/blogdofarnesio.com.br\\\/wp-content\\\/uploads\\\/2026\\\/03\\\/cropped-logo_new-1.png\",\"contentUrl\":\"https:\\\/\\\/blogdofarnesio.com.br\\\/wp-content\\\/uploads\\\/2026\\\/03\\\/cropped-logo_new-1.png\",\"width\":881,\"height\":685,\"caption\":\"Blog do Farn\u00e9sio\"},\"image\":{\"@id\":\"https:\\\/\\\/blogdofarnesio.com.br\\\/#\\\/schema\\\/logo\\\/image\\\/\"},\"sameAs\":[\"https:\\\/\\\/www.facebook.com\\\/BlogQuerSaberPolitica\\\/\"]},{\"@type\":\"Person\",\"@id\":\"https:\\\/\\\/blogdofarnesio.com.br\\\/#\\\/schema\\\/person\\\/301c4acf522bccbfdb45af95b5b906a1\",\"name\":\"Farn\u00e9sio\",\"image\":{\"@type\":\"ImageObject\",\"inLanguage\":\"pt-BR\",\"@id\":\"https:\\\/\\\/secure.gravatar.com\\\/avatar\\\/df0c9a14567c056f8ad6876ba5bbd1e3e2c48023eb6807342fc4663adf549f38?s=96&d=mm&r=g\",\"url\":\"https:\\\/\\\/secure.gravatar.com\\\/avatar\\\/df0c9a14567c056f8ad6876ba5bbd1e3e2c48023eb6807342fc4663adf549f38?s=96&d=mm&r=g\",\"contentUrl\":\"https:\\\/\\\/secure.gravatar.com\\\/avatar\\\/df0c9a14567c056f8ad6876ba5bbd1e3e2c48023eb6807342fc4663adf549f38?s=96&d=mm&r=g\",\"caption\":\"Farn\u00e9sio\"},\"sameAs\":[\"https:\\\/\\\/quersaberpolitica.com.br\"],\"url\":\"https:\\\/\\\/blogdofarnesio.com.br\\\/?author=1\"}]}<\/script>\n<!-- \/ Yoast SEO plugin. -->","yoast_head_json":{"title":"BRASIL TEM NOVO PRESIDENTE INTERINO - Blog do Farn\u00e9sio","robots":{"index":"index","follow":"follow","max-snippet":"max-snippet:-1","max-image-preview":"max-image-preview:large","max-video-preview":"max-video-preview:-1"},"canonical":"https:\/\/blogdofarnesio.com.br\/?p=170972","og_locale":"pt_BR","og_type":"article","og_title":"BRASIL TEM NOVO PRESIDENTE INTERINO - Blog do Farn\u00e9sio","og_description":"Temer e Maia deixam pa\u00eds; Eun\u00edcio assume o Planalto PODER360 &#8211;\u00a0O presidente Michel Temer (PMDB) embarcou \u00e0s 13h de 5\u00aa feira (6.jul.2017) para Hamburgo, na Alemanha. Participar\u00e1 (6\u00aa e s\u00e1bado) da c\u00fapula do G20, grupo que re\u00fane as 20 principais economias do mundo. A viagem ocorre\u00a0durante a crise causada pela chegada da den\u00fancia \u00e0 C\u00e2mara.\u00a0As\u00a0acusa\u00e7\u00f5es da PGR\u00a0(Procuradoria Geral da Rep\u00fablica) e a\u00a0defesa do presidenteser\u00e3o analisadas na CCJ (Comiss\u00e3o de Constitui\u00e7\u00e3o e Justi\u00e7a) e no plen\u00e1rio.\u00a0Eis 1 cronograma. Com as viagens de Temer e do presidente da C\u00e2mara, Rodrigo Maia, o Planalto ser\u00e1 comandado pelo presidente\u00a0do Senado, Eun\u00edcio Oliveira. O peemedebista \u00e9 o 2\u00ba na linha de substitui\u00e7\u00e3o, seguido pela presidente do STF (Supremo Tribunal Federal) C\u00e1rmen L\u00facia. JARBAS NA COMITIVA&hellip;","og_url":"https:\/\/blogdofarnesio.com.br\/?p=170972","og_site_name":"Blog do Farn\u00e9sio","article_publisher":"https:\/\/www.facebook.com\/BlogQuerSaberPolitica\/","article_published_time":"2017-07-06T20:02:39+00:00","og_image":[{"width":668,"height":496,"url":"https:\/\/blogdofarnesio.com.br\/wp-content\/uploads\/2017\/07\/Blogqsptemer_eunicio_rodrigo_maia-e1499370889126.jpg","type":"image\/jpeg"}],"author":"Farn\u00e9sio","twitter_card":"summary_large_image","twitter_misc":{"Escrito por":"Farn\u00e9sio","Est. tempo de leitura":"1 minuto"},"schema":{"@context":"https:\/\/schema.org","@graph":[{"@type":"Article","@id":"https:\/\/blogdofarnesio.com.br\/?p=170972#article","isPartOf":{"@id":"https:\/\/blogdofarnesio.com.br\/?p=170972"},"author":{"name":"Farn\u00e9sio","@id":"https:\/\/blogdofarnesio.com.br\/#\/schema\/person\/301c4acf522bccbfdb45af95b5b906a1"},"headline":"BRASIL TEM NOVO PRESIDENTE INTERINO","datePublished":"2017-07-06T20:02:39+00:00","mainEntityOfPage":{"@id":"https:\/\/blogdofarnesio.com.br\/?p=170972"},"wordCount":221,"commentCount":0,"publisher":{"@id":"https:\/\/blogdofarnesio.com.br\/#organization"},"image":{"@id":"https:\/\/blogdofarnesio.com.br\/?p=170972#primaryimage"},"thumbnailUrl":"https:\/\/blogdofarnesio.com.br\/wp-content\/uploads\/2017\/07\/Blogqsptemer_eunicio_rodrigo_maia-e1499370889126.jpg","articleSection":["Pol\u00edtica"],"inLanguage":"pt-BR","potentialAction":[{"@type":"CommentAction","name":"Comment","target":["https:\/\/blogdofarnesio.com.br\/?p=170972#respond"]}]},{"@type":"WebPage","@id":"https:\/\/blogdofarnesio.com.br\/?p=170972","url":"https:\/\/blogdofarnesio.com.br\/?p=170972","name":"BRASIL TEM NOVO PRESIDENTE INTERINO - Blog do Farn\u00e9sio","isPartOf":{"@id":"https:\/\/blogdofarnesio.com.br\/#website"},"primaryImageOfPage":{"@id":"https:\/\/blogdofarnesio.com.br\/?p=170972#primaryimage"},"image":{"@id":"https:\/\/blogdofarnesio.com.br\/?p=170972#primaryimage"},"thumbnailUrl":"https:\/\/blogdofarnesio.com.br\/wp-content\/uploads\/2017\/07\/Blogqsptemer_eunicio_rodrigo_maia-e1499370889126.jpg","datePublished":"2017-07-06T20:02:39+00:00","breadcrumb":{"@id":"https:\/\/blogdofarnesio.com.br\/?p=170972#breadcrumb"},"inLanguage":"pt-BR","potentialAction":[{"@type":"ReadAction","target":["https:\/\/blogdofarnesio.com.br\/?p=170972"]}]},{"@type":"ImageObject","inLanguage":"pt-BR","@id":"https:\/\/blogdofarnesio.com.br\/?p=170972#primaryimage","url":"https:\/\/blogdofarnesio.com.br\/wp-content\/uploads\/2017\/07\/Blogqsptemer_eunicio_rodrigo_maia-e1499370889126.jpg","contentUrl":"https:\/\/blogdofarnesio.com.br\/wp-content\/uploads\/2017\/07\/Blogqsptemer_eunicio_rodrigo_maia-e1499370889126.jpg","width":668,"height":496,"caption":"Eun\u00edcio, Presidente Michel Temer, Dep. Rodrigo Maia Foto: S\u00e9rgio Lima\/PODER 360"},{"@type":"BreadcrumbList","@id":"https:\/\/blogdofarnesio.com.br\/?p=170972#breadcrumb","itemListElement":[{"@type":"ListItem","position":1,"name":"In\u00edcio","item":"https:\/\/blogdofarnesio.com.br\/"},{"@type":"ListItem","position":2,"name":"BRASIL TEM NOVO PRESIDENTE INTERINO"}]},{"@type":"WebSite","@id":"https:\/\/blogdofarnesio.com.br\/#website","url":"https:\/\/blogdofarnesio.com.br\/","name":"Blog do Farn\u00e9sio","description":"Quer Saber Pol\u00edtica?","publisher":{"@id":"https:\/\/blogdofarnesio.com.br\/#organization"},"potentialAction":[{"@type":"SearchAction","target":{"@type":"EntryPoint","urlTemplate":"https:\/\/blogdofarnesio.com.br\/?s={search_term_string}"},"query-input":{"@type":"PropertyValueSpecification","valueRequired":true,"valueName":"search_term_string"}}],"inLanguage":"pt-BR"},{"@type":"Organization","@id":"https:\/\/blogdofarnesio.com.br\/#organization","name":"Blog do Farn\u00e9sio","url":"https:\/\/blogdofarnesio.com.br\/","logo":{"@type":"ImageObject","inLanguage":"pt-BR","@id":"https:\/\/blogdofarnesio.com.br\/#\/schema\/logo\/image\/","url":"https:\/\/blogdofarnesio.com.br\/wp-content\/uploads\/2026\/03\/cropped-logo_new-1.png","contentUrl":"https:\/\/blogdofarnesio.com.br\/wp-content\/uploads\/2026\/03\/cropped-logo_new-1.png","width":881,"height":685,"caption":"Blog do Farn\u00e9sio"},"image":{"@id":"https:\/\/blogdofarnesio.com.br\/#\/schema\/logo\/image\/"},"sameAs":["https:\/\/www.facebook.com\/BlogQuerSaberPolitica\/"]},{"@type":"Person","@id":"https:\/\/blogdofarnesio.com.br\/#\/schema\/person\/301c4acf522bccbfdb45af95b5b906a1","name":"Farn\u00e9sio","image":{"@type":"ImageObject","inLanguage":"pt-BR","@id":"https:\/\/secure.gravatar.com\/avatar\/df0c9a14567c056f8ad6876ba5bbd1e3e2c48023eb6807342fc4663adf549f38?s=96&d=mm&r=g","url":"https:\/\/secure.gravatar.com\/avatar\/df0c9a14567c056f8ad6876ba5bbd1e3e2c48023eb6807342fc4663adf549f38?s=96&d=mm&r=g","contentUrl":"https:\/\/secure.gravatar.com\/avatar\/df0c9a14567c056f8ad6876ba5bbd1e3e2c48023eb6807342fc4663adf549f38?s=96&d=mm&r=g","caption":"Farn\u00e9sio"},"sameAs":["https:\/\/quersaberpolitica.com.br"],"url":"https:\/\/blogdofarnesio.com.br\/?author=1"}]}},"_links":{"self":[{"href":"https:\/\/blogdofarnesio.com.br\/index.php?rest_route=\/wp\/v2\/posts\/170972","targetHints":{"allow":["GET"]}}],"collection":[{"href":"https:\/\/blogdofarnesio.com.br\/index.php?rest_route=\/wp\/v2\/posts"}],"about":[{"href":"https:\/\/blogdofarnesio.com.br\/index.php?rest_route=\/wp\/v2\/types\/post"}],"author":[{"embeddable":true,"href":"https:\/\/blogdofarnesio.com.br\/index.php?rest_route=\/wp\/v2\/users\/1"}],"replies":[{"embeddable":true,"href":"https:\/\/blogdofarnesio.com.br\/index.php?rest_route=%2Fwp%2Fv2%2Fcomments&post=170972"}],"version-history":[{"count":0,"href":"https:\/\/blogdofarnesio.com.br\/index.php?rest_route=\/wp\/v2\/posts\/170972\/revisions"}],"wp:featuredmedia":[{"embeddable":true,"href":"https:\/\/blogdofarnesio.com.br\/index.php?rest_route=\/wp\/v2\/media\/170975"}],"wp:attachment":[{"href":"https:\/\/blogdofarnesio.com.br\/index.php?rest_route=%2Fwp%2Fv2%2Fmedia&parent=170972"}],"wp:term":[{"taxonomy":"category","embeddable":true,"href":"https:\/\/blogdofarnesio.com.br\/index.php?rest_route=%2Fwp%2Fv2%2Fcategories&post=170972"},{"taxonomy":"post_tag","embeddable":true,"href":"https:\/\/blogdofarnesio.com.br\/index.php?rest_route=%2Fwp%2Fv2%2Ftags&post=170972"}],"curies":[{"name":"wp","href":"https:\/\/api.w.org\/{rel}","templated":true}]}}