{"id":170938,"date":"2017-07-06T15:30:07","date_gmt":"2017-07-06T18:30:07","guid":{"rendered":"http:\/\/quersaberpolitica.com.br\/2016\/?p=170938"},"modified":"2017-07-06T14:42:30","modified_gmt":"2017-07-06T17:42:30","slug":"prefeito-bomfim-comenta-seus-primeiros-180-dias-a-frente-do-governo-municipal-e-convoca-populacao-para-a-festa-da-cidade","status":"publish","type":"post","link":"https:\/\/blogdofarnesio.com.br\/?p=170938","title":{"rendered":"PREFEITO BOMFIM COMENTA SEUS PRIMEIROS 180 DIAS A FRENTE DO GOVERNO MUNICIPAL E CONVOCA POPULA\u00c7\u00c3O PARA A FESTA DA CIDADE"},"content":{"rendered":"<p style=\"text-align: justify;\">O prefeito Paulo Bonfim (PCdoB), acompanhado dos vereadores Agnaldo Meira e Bertinho da Carna\u00edba, participou nesta manh\u00e3 (06) do <em>Programa Bastidores da Not\u00edcia. <\/em>Na oportunidade, o prefeito falou sobre os seus 180 dias de trabalho e a programa\u00e7\u00e3o do anivers\u00e1rio da cidade.<\/p>\n<p style=\"text-align: justify;\">\u201c\u00c9 uma satisfa\u00e7\u00e3o estar aqui ap\u00f3s 180 dias de gest\u00e3o, \u00e9 um desafio grande e eu estou muito satisfeito a dar continuidade aos trabalhos do ex-prefeito Isaac Carvalho. Quero dizer que Juazeiro continua no rumo certo, os trabalhos n\u00e3o param, o povo de Juazeiro acertou mais uma vez em deixar este politico fazer com que o povo de Juazeiro ganhe mais ainda\u201d, disse Paulo.<\/p>\n<p style=\"text-align: justify;\">Questionado sobre a crise financeira que o Brasil enfrenta, ele foi direto. \u201cO momento n\u00e3o \u00e9 bom em n\u00edvel de Brasil, a nossa parceria com o governador Rui Costa tem trazido muitas coisas boas para Juazeiro, sem contar, que j\u00e1 estou buscando novas obras em Bras\u00edlia e solu\u00e7\u00f5es para melhorar a vida dos juazeirenses\u201d.<\/p>\n<p style=\"text-align: justify;\"><strong><em>Empregos<\/em><\/strong><\/p>\n<p style=\"text-align: justify;\">\u201cAno passado Juazeiro conseguiu ser a primeira cidade do Brasil a ter empregos com carteiras assinadas, este ano fomos a terceira e ontem saiu um dado do Caged que coloca a cidade como a cidade que mais gera emprego\u201d.<\/p>\n<p style=\"text-align: justify;\"><strong><em>Pagamento de IPTU <\/em><\/strong><\/p>\n<p style=\"text-align: justify;\">\u201cO povo de Juazeiro vai pagar mais IPTU e a gente vai fazer mais obras, a avenida dos 3 postes, avenida principal do Monte Castelo, a Reforma da Pra\u00e7a da M\u00f4nica, a pra\u00e7a de pinh\u00f5es, foram feitas com o dinheiro do IPTU. Venho pedir a popula\u00e7\u00e3o de Juazeiro que continue pagando as taxas e quem pagar nos prazos ir\u00e3o concorrer a pr\u00eamios pela loteria federal\u201d.<\/p>\n<p style=\"text-align: justify;\"><strong><em>Programa\u00e7\u00e3o do dia 15 de Julho<\/em><\/strong><\/p>\n<p style=\"text-align: justify;\">\u201cA semana do anivers\u00e1rio da cidade vai iniciar com festa, o governador Rui Costa estar\u00e1 aqui no pr\u00f3ximo s\u00e1bado (08) \u00e0s 10h da manh\u00e3 para come\u00e7ar a participar das inaugura\u00e7\u00f5es no distrito do mandacaru 2, iremos entregar de mais uma UBS. Na ocasi\u00e3o, vamos fazer uma festa no local com apresenta\u00e7\u00e3o de quadrilhas, fanfarras, capoeira, entre outros. J\u00e1 no dia 10 de julho iremos assinar uma ordem do servi\u00e7o de 20 novas ruas para a cidade, no dia 11 de julho \u00e9 a abertura e expans\u00e3o do Ju\u00e1 Garden Shopping, 12 de julho iremos realizar a caravana da sa\u00fade no resid\u00eancia 1, dia 13 de julho teremos exposi\u00e7\u00e3o de pe\u00e7as fotogr\u00e1ficas ao lado do pa\u00e7o, no dia 14 de julho iremos realizar o encontro de cultura popular com artesanato e apresenta\u00e7\u00e3o de artistas e contador de hist\u00f3ria e por fim no dia 15 de julho vamos abrir o dia com o hasteamento da bandeira e depois iremos inaugurar pavimenta\u00e7\u00e3o de Ruas e uma UBS. Gostaria de dizer que j\u00e1 temos mais de 100 novas obras em andamento e em breve iremos entregar a comunidade\u201d.<\/p>\n<p style=\"text-align: justify;\"><strong><em>Mercado Joca<\/em><\/strong><\/p>\n<p style=\"text-align: justify;\">\u201cO minist\u00e9rio sinalizou recursos para o Mercado Joca e vamos entregar aquela obra para a comunidade em breve\u201d.<\/p>\n<p style=\"text-align: justify;\"><strong><em>Situa\u00e7\u00e3o das muri\u00e7ocas<\/em><\/strong><\/p>\n<p style=\"text-align: justify;\">\u201cSei do problema agora preciso chamar a popula\u00e7\u00e3o para me ajudar sobre as muri\u00e7ocas, \u00e0 popula\u00e7\u00e3o n\u00e3o pode deixar lixos expostos e nem \u00e1gua acumulada. J\u00e1 fizemos em 6 meses de gest\u00e3o limpezas dos canais para amenizar o problema. Al\u00e9m disso, a secret\u00e1ria de sa\u00fade est\u00e1 colocando mais um carro fumac\u00ea. J\u00e1 fui na Agrovale pedir ajuda e vamos marcar uma audi\u00eancia com o reitor da Univasf para ver como eles podem ajudar\u201d.<\/p>\n<p><em>Da Reda\u00e7\u00e3o\/BlogQSP<\/em><\/p>\n","protected":false},"excerpt":{"rendered":"<p>O prefeito Paulo Bonfim (PCdoB), acompanhado dos vereadores Agnaldo Meira e Bertinho da Carna\u00edba, participou nesta manh\u00e3 (06) do Programa Bastidores da Not\u00edcia. Na oportunidade, o prefeito falou sobre os seus 180 dias de trabalho e a programa\u00e7\u00e3o do anivers\u00e1rio da cidade. \u201c\u00c9 uma satisfa\u00e7\u00e3o estar aqui ap\u00f3s 180 dias de gest\u00e3o, \u00e9 um desafio grande e eu estou muito satisfeito a dar continuidade aos trabalhos do ex-prefeito Isaac Carvalho. Quero dizer que Juazeiro continua no rumo certo, os trabalhos n\u00e3o param, o povo de Juazeiro acertou mais uma vez em deixar este politico fazer com que o povo de Juazeiro ganhe mais ainda\u201d, disse Paulo. Questionado sobre a crise financeira que o Brasil enfrenta, ele foi direto. \u201cO momento&hellip; <\/p>\n","protected":false},"author":1,"featured_media":152597,"comment_status":"open","ping_status":"open","sticky":false,"template":"","format":"standard","meta":{"_acf_changed":false,"footnotes":""},"categories":[1],"tags":[],"class_list":["post-170938","post","type-post","status-publish","format-standard","has-post-thumbnail","hentry","category-politica"],"acf":[],"yoast_head":"<!-- This site is optimized with the Yoast SEO plugin v27.4 - https:\/\/yoast.com\/product\/yoast-seo-wordpress\/ -->\n<title>PREFEITO BOMFIM COMENTA SEUS PRIMEIROS 180 DIAS A FRENTE DO GOVERNO MUNICIPAL E CONVOCA POPULA\u00c7\u00c3O PARA A FESTA DA CIDADE - Blog do Farn\u00e9sio<\/title>\n<meta name=\"robots\" content=\"index, follow, max-snippet:-1, max-image-preview:large, max-video-preview:-1\" \/>\n<link rel=\"canonical\" href=\"https:\/\/blogdofarnesio.com.br\/?p=170938\" \/>\n<meta property=\"og:locale\" content=\"pt_BR\" \/>\n<meta property=\"og:type\" content=\"article\" \/>\n<meta property=\"og:title\" content=\"PREFEITO BOMFIM COMENTA SEUS PRIMEIROS 180 DIAS A FRENTE DO GOVERNO MUNICIPAL E CONVOCA POPULA\u00c7\u00c3O PARA A FESTA DA CIDADE - Blog do Farn\u00e9sio\" \/>\n<meta property=\"og:description\" content=\"O prefeito Paulo Bonfim (PCdoB), acompanhado dos vereadores Agnaldo Meira e Bertinho da Carna\u00edba, participou nesta manh\u00e3 (06) do Programa Bastidores da Not\u00edcia. Na oportunidade, o prefeito falou sobre os seus 180 dias de trabalho e a programa\u00e7\u00e3o do anivers\u00e1rio da cidade. \u201c\u00c9 uma satisfa\u00e7\u00e3o estar aqui ap\u00f3s 180 dias de gest\u00e3o, \u00e9 um desafio grande e eu estou muito satisfeito a dar continuidade aos trabalhos do ex-prefeito Isaac Carvalho. Quero dizer que Juazeiro continua no rumo certo, os trabalhos n\u00e3o param, o povo de Juazeiro acertou mais uma vez em deixar este politico fazer com que o povo de Juazeiro ganhe mais ainda\u201d, disse Paulo. Questionado sobre a crise financeira que o Brasil enfrenta, ele foi direto. \u201cO momento&hellip;\" \/>\n<meta property=\"og:url\" content=\"https:\/\/blogdofarnesio.com.br\/?p=170938\" \/>\n<meta property=\"og:site_name\" content=\"Blog do Farn\u00e9sio\" \/>\n<meta property=\"article:publisher\" content=\"https:\/\/www.facebook.com\/BlogQuerSaberPolitica\/\" \/>\n<meta property=\"article:published_time\" content=\"2017-07-06T18:30:07+00:00\" \/>\n<meta property=\"og:image\" content=\"https:\/\/blogdofarnesio.com.br\/wp-content\/uploads\/2016\/12\/Blogqsppaulobonfim-Foto-Farn\u00e9sio-Silva1-e1499362802710.jpg\" \/>\n\t<meta property=\"og:image:width\" content=\"600\" \/>\n\t<meta property=\"og:image:height\" content=\"280\" \/>\n\t<meta property=\"og:image:type\" content=\"image\/jpeg\" \/>\n<meta name=\"author\" content=\"Farn\u00e9sio\" \/>\n<meta name=\"twitter:card\" content=\"summary_large_image\" \/>\n<meta name=\"twitter:label1\" content=\"Escrito por\" \/>\n\t<meta name=\"twitter:data1\" content=\"Farn\u00e9sio\" \/>\n\t<meta name=\"twitter:label2\" content=\"Est. tempo de leitura\" \/>\n\t<meta name=\"twitter:data2\" content=\"3 minutos\" \/>\n<script type=\"application\/ld+json\" class=\"yoast-schema-graph\">{\"@context\":\"https:\\\/\\\/schema.org\",\"@graph\":[{\"@type\":\"Article\",\"@id\":\"https:\\\/\\\/blogdofarnesio.com.br\\\/?p=170938#article\",\"isPartOf\":{\"@id\":\"https:\\\/\\\/blogdofarnesio.com.br\\\/?p=170938\"},\"author\":{\"name\":\"Farn\u00e9sio\",\"@id\":\"https:\\\/\\\/blogdofarnesio.com.br\\\/#\\\/schema\\\/person\\\/301c4acf522bccbfdb45af95b5b906a1\"},\"headline\":\"PREFEITO BOMFIM COMENTA SEUS PRIMEIROS 180 DIAS A FRENTE DO GOVERNO MUNICIPAL E CONVOCA POPULA\u00c7\u00c3O PARA A FESTA DA CIDADE\",\"datePublished\":\"2017-07-06T18:30:07+00:00\",\"mainEntityOfPage\":{\"@id\":\"https:\\\/\\\/blogdofarnesio.com.br\\\/?p=170938\"},\"wordCount\":606,\"commentCount\":0,\"publisher\":{\"@id\":\"https:\\\/\\\/blogdofarnesio.com.br\\\/#organization\"},\"image\":{\"@id\":\"https:\\\/\\\/blogdofarnesio.com.br\\\/?p=170938#primaryimage\"},\"thumbnailUrl\":\"https:\\\/\\\/blogdofarnesio.com.br\\\/wp-content\\\/uploads\\\/2016\\\/12\\\/Blogqsppaulobonfim-Foto-Farn\u00e9sio-Silva1-e1499362802710.jpg\",\"articleSection\":[\"Pol\u00edtica\"],\"inLanguage\":\"pt-BR\",\"potentialAction\":[{\"@type\":\"CommentAction\",\"name\":\"Comment\",\"target\":[\"https:\\\/\\\/blogdofarnesio.com.br\\\/?p=170938#respond\"]}]},{\"@type\":\"WebPage\",\"@id\":\"https:\\\/\\\/blogdofarnesio.com.br\\\/?p=170938\",\"url\":\"https:\\\/\\\/blogdofarnesio.com.br\\\/?p=170938\",\"name\":\"PREFEITO BOMFIM COMENTA SEUS PRIMEIROS 180 DIAS A FRENTE DO GOVERNO MUNICIPAL E CONVOCA POPULA\u00c7\u00c3O PARA A FESTA DA CIDADE - Blog do Farn\u00e9sio\",\"isPartOf\":{\"@id\":\"https:\\\/\\\/blogdofarnesio.com.br\\\/#website\"},\"primaryImageOfPage\":{\"@id\":\"https:\\\/\\\/blogdofarnesio.com.br\\\/?p=170938#primaryimage\"},\"image\":{\"@id\":\"https:\\\/\\\/blogdofarnesio.com.br\\\/?p=170938#primaryimage\"},\"thumbnailUrl\":\"https:\\\/\\\/blogdofarnesio.com.br\\\/wp-content\\\/uploads\\\/2016\\\/12\\\/Blogqsppaulobonfim-Foto-Farn\u00e9sio-Silva1-e1499362802710.jpg\",\"datePublished\":\"2017-07-06T18:30:07+00:00\",\"breadcrumb\":{\"@id\":\"https:\\\/\\\/blogdofarnesio.com.br\\\/?p=170938#breadcrumb\"},\"inLanguage\":\"pt-BR\",\"potentialAction\":[{\"@type\":\"ReadAction\",\"target\":[\"https:\\\/\\\/blogdofarnesio.com.br\\\/?p=170938\"]}]},{\"@type\":\"ImageObject\",\"inLanguage\":\"pt-BR\",\"@id\":\"https:\\\/\\\/blogdofarnesio.com.br\\\/?p=170938#primaryimage\",\"url\":\"https:\\\/\\\/blogdofarnesio.com.br\\\/wp-content\\\/uploads\\\/2016\\\/12\\\/Blogqsppaulobonfim-Foto-Farn\u00e9sio-Silva1-e1499362802710.jpg\",\"contentUrl\":\"https:\\\/\\\/blogdofarnesio.com.br\\\/wp-content\\\/uploads\\\/2016\\\/12\\\/Blogqsppaulobonfim-Foto-Farn\u00e9sio-Silva1-e1499362802710.jpg\",\"width\":600,\"height\":280},{\"@type\":\"BreadcrumbList\",\"@id\":\"https:\\\/\\\/blogdofarnesio.com.br\\\/?p=170938#breadcrumb\",\"itemListElement\":[{\"@type\":\"ListItem\",\"position\":1,\"name\":\"In\u00edcio\",\"item\":\"https:\\\/\\\/blogdofarnesio.com.br\\\/\"},{\"@type\":\"ListItem\",\"position\":2,\"name\":\"PREFEITO BOMFIM COMENTA SEUS PRIMEIROS 180 DIAS A FRENTE DO GOVERNO MUNICIPAL E CONVOCA POPULA\u00c7\u00c3O PARA A FESTA DA CIDADE\"}]},{\"@type\":\"WebSite\",\"@id\":\"https:\\\/\\\/blogdofarnesio.com.br\\\/#website\",\"url\":\"https:\\\/\\\/blogdofarnesio.com.br\\\/\",\"name\":\"Blog do Farn\u00e9sio\",\"description\":\"Quer Saber Pol\u00edtica?\",\"publisher\":{\"@id\":\"https:\\\/\\\/blogdofarnesio.com.br\\\/#organization\"},\"potentialAction\":[{\"@type\":\"SearchAction\",\"target\":{\"@type\":\"EntryPoint\",\"urlTemplate\":\"https:\\\/\\\/blogdofarnesio.com.br\\\/?s={search_term_string}\"},\"query-input\":{\"@type\":\"PropertyValueSpecification\",\"valueRequired\":true,\"valueName\":\"search_term_string\"}}],\"inLanguage\":\"pt-BR\"},{\"@type\":\"Organization\",\"@id\":\"https:\\\/\\\/blogdofarnesio.com.br\\\/#organization\",\"name\":\"Blog do Farn\u00e9sio\",\"url\":\"https:\\\/\\\/blogdofarnesio.com.br\\\/\",\"logo\":{\"@type\":\"ImageObject\",\"inLanguage\":\"pt-BR\",\"@id\":\"https:\\\/\\\/blogdofarnesio.com.br\\\/#\\\/schema\\\/logo\\\/image\\\/\",\"url\":\"https:\\\/\\\/blogdofarnesio.com.br\\\/wp-content\\\/uploads\\\/2026\\\/03\\\/cropped-logo_new-1.png\",\"contentUrl\":\"https:\\\/\\\/blogdofarnesio.com.br\\\/wp-content\\\/uploads\\\/2026\\\/03\\\/cropped-logo_new-1.png\",\"width\":881,\"height\":685,\"caption\":\"Blog do Farn\u00e9sio\"},\"image\":{\"@id\":\"https:\\\/\\\/blogdofarnesio.com.br\\\/#\\\/schema\\\/logo\\\/image\\\/\"},\"sameAs\":[\"https:\\\/\\\/www.facebook.com\\\/BlogQuerSaberPolitica\\\/\"]},{\"@type\":\"Person\",\"@id\":\"https:\\\/\\\/blogdofarnesio.com.br\\\/#\\\/schema\\\/person\\\/301c4acf522bccbfdb45af95b5b906a1\",\"name\":\"Farn\u00e9sio\",\"image\":{\"@type\":\"ImageObject\",\"inLanguage\":\"pt-BR\",\"@id\":\"https:\\\/\\\/secure.gravatar.com\\\/avatar\\\/df0c9a14567c056f8ad6876ba5bbd1e3e2c48023eb6807342fc4663adf549f38?s=96&d=mm&r=g\",\"url\":\"https:\\\/\\\/secure.gravatar.com\\\/avatar\\\/df0c9a14567c056f8ad6876ba5bbd1e3e2c48023eb6807342fc4663adf549f38?s=96&d=mm&r=g\",\"contentUrl\":\"https:\\\/\\\/secure.gravatar.com\\\/avatar\\\/df0c9a14567c056f8ad6876ba5bbd1e3e2c48023eb6807342fc4663adf549f38?s=96&d=mm&r=g\",\"caption\":\"Farn\u00e9sio\"},\"sameAs\":[\"https:\\\/\\\/quersaberpolitica.com.br\"],\"url\":\"https:\\\/\\\/blogdofarnesio.com.br\\\/?author=1\"}]}<\/script>\n<!-- \/ Yoast SEO plugin. -->","yoast_head_json":{"title":"PREFEITO BOMFIM COMENTA SEUS PRIMEIROS 180 DIAS A FRENTE DO GOVERNO MUNICIPAL E CONVOCA POPULA\u00c7\u00c3O PARA A FESTA DA CIDADE - Blog do Farn\u00e9sio","robots":{"index":"index","follow":"follow","max-snippet":"max-snippet:-1","max-image-preview":"max-image-preview:large","max-video-preview":"max-video-preview:-1"},"canonical":"https:\/\/blogdofarnesio.com.br\/?p=170938","og_locale":"pt_BR","og_type":"article","og_title":"PREFEITO BOMFIM COMENTA SEUS PRIMEIROS 180 DIAS A FRENTE DO GOVERNO MUNICIPAL E CONVOCA POPULA\u00c7\u00c3O PARA A FESTA DA CIDADE - Blog do Farn\u00e9sio","og_description":"O prefeito Paulo Bonfim (PCdoB), acompanhado dos vereadores Agnaldo Meira e Bertinho da Carna\u00edba, participou nesta manh\u00e3 (06) do Programa Bastidores da Not\u00edcia. Na oportunidade, o prefeito falou sobre os seus 180 dias de trabalho e a programa\u00e7\u00e3o do anivers\u00e1rio da cidade. \u201c\u00c9 uma satisfa\u00e7\u00e3o estar aqui ap\u00f3s 180 dias de gest\u00e3o, \u00e9 um desafio grande e eu estou muito satisfeito a dar continuidade aos trabalhos do ex-prefeito Isaac Carvalho. Quero dizer que Juazeiro continua no rumo certo, os trabalhos n\u00e3o param, o povo de Juazeiro acertou mais uma vez em deixar este politico fazer com que o povo de Juazeiro ganhe mais ainda\u201d, disse Paulo. Questionado sobre a crise financeira que o Brasil enfrenta, ele foi direto. \u201cO momento&hellip;","og_url":"https:\/\/blogdofarnesio.com.br\/?p=170938","og_site_name":"Blog do Farn\u00e9sio","article_publisher":"https:\/\/www.facebook.com\/BlogQuerSaberPolitica\/","article_published_time":"2017-07-06T18:30:07+00:00","og_image":[{"width":600,"height":280,"url":"https:\/\/blogdofarnesio.com.br\/wp-content\/uploads\/2016\/12\/Blogqsppaulobonfim-Foto-Farn\u00e9sio-Silva1-e1499362802710.jpg","type":"image\/jpeg"}],"author":"Farn\u00e9sio","twitter_card":"summary_large_image","twitter_misc":{"Escrito por":"Farn\u00e9sio","Est. tempo de leitura":"3 minutos"},"schema":{"@context":"https:\/\/schema.org","@graph":[{"@type":"Article","@id":"https:\/\/blogdofarnesio.com.br\/?p=170938#article","isPartOf":{"@id":"https:\/\/blogdofarnesio.com.br\/?p=170938"},"author":{"name":"Farn\u00e9sio","@id":"https:\/\/blogdofarnesio.com.br\/#\/schema\/person\/301c4acf522bccbfdb45af95b5b906a1"},"headline":"PREFEITO BOMFIM COMENTA SEUS PRIMEIROS 180 DIAS A FRENTE DO GOVERNO MUNICIPAL E CONVOCA POPULA\u00c7\u00c3O PARA A FESTA DA CIDADE","datePublished":"2017-07-06T18:30:07+00:00","mainEntityOfPage":{"@id":"https:\/\/blogdofarnesio.com.br\/?p=170938"},"wordCount":606,"commentCount":0,"publisher":{"@id":"https:\/\/blogdofarnesio.com.br\/#organization"},"image":{"@id":"https:\/\/blogdofarnesio.com.br\/?p=170938#primaryimage"},"thumbnailUrl":"https:\/\/blogdofarnesio.com.br\/wp-content\/uploads\/2016\/12\/Blogqsppaulobonfim-Foto-Farn\u00e9sio-Silva1-e1499362802710.jpg","articleSection":["Pol\u00edtica"],"inLanguage":"pt-BR","potentialAction":[{"@type":"CommentAction","name":"Comment","target":["https:\/\/blogdofarnesio.com.br\/?p=170938#respond"]}]},{"@type":"WebPage","@id":"https:\/\/blogdofarnesio.com.br\/?p=170938","url":"https:\/\/blogdofarnesio.com.br\/?p=170938","name":"PREFEITO BOMFIM COMENTA SEUS PRIMEIROS 180 DIAS A FRENTE DO GOVERNO MUNICIPAL E CONVOCA POPULA\u00c7\u00c3O PARA A FESTA DA CIDADE - Blog do Farn\u00e9sio","isPartOf":{"@id":"https:\/\/blogdofarnesio.com.br\/#website"},"primaryImageOfPage":{"@id":"https:\/\/blogdofarnesio.com.br\/?p=170938#primaryimage"},"image":{"@id":"https:\/\/blogdofarnesio.com.br\/?p=170938#primaryimage"},"thumbnailUrl":"https:\/\/blogdofarnesio.com.br\/wp-content\/uploads\/2016\/12\/Blogqsppaulobonfim-Foto-Farn\u00e9sio-Silva1-e1499362802710.jpg","datePublished":"2017-07-06T18:30:07+00:00","breadcrumb":{"@id":"https:\/\/blogdofarnesio.com.br\/?p=170938#breadcrumb"},"inLanguage":"pt-BR","potentialAction":[{"@type":"ReadAction","target":["https:\/\/blogdofarnesio.com.br\/?p=170938"]}]},{"@type":"ImageObject","inLanguage":"pt-BR","@id":"https:\/\/blogdofarnesio.com.br\/?p=170938#primaryimage","url":"https:\/\/blogdofarnesio.com.br\/wp-content\/uploads\/2016\/12\/Blogqsppaulobonfim-Foto-Farn\u00e9sio-Silva1-e1499362802710.jpg","contentUrl":"https:\/\/blogdofarnesio.com.br\/wp-content\/uploads\/2016\/12\/Blogqsppaulobonfim-Foto-Farn\u00e9sio-Silva1-e1499362802710.jpg","width":600,"height":280},{"@type":"BreadcrumbList","@id":"https:\/\/blogdofarnesio.com.br\/?p=170938#breadcrumb","itemListElement":[{"@type":"ListItem","position":1,"name":"In\u00edcio","item":"https:\/\/blogdofarnesio.com.br\/"},{"@type":"ListItem","position":2,"name":"PREFEITO BOMFIM COMENTA SEUS PRIMEIROS 180 DIAS A FRENTE DO GOVERNO MUNICIPAL E CONVOCA POPULA\u00c7\u00c3O PARA A FESTA DA CIDADE"}]},{"@type":"WebSite","@id":"https:\/\/blogdofarnesio.com.br\/#website","url":"https:\/\/blogdofarnesio.com.br\/","name":"Blog do Farn\u00e9sio","description":"Quer Saber Pol\u00edtica?","publisher":{"@id":"https:\/\/blogdofarnesio.com.br\/#organization"},"potentialAction":[{"@type":"SearchAction","target":{"@type":"EntryPoint","urlTemplate":"https:\/\/blogdofarnesio.com.br\/?s={search_term_string}"},"query-input":{"@type":"PropertyValueSpecification","valueRequired":true,"valueName":"search_term_string"}}],"inLanguage":"pt-BR"},{"@type":"Organization","@id":"https:\/\/blogdofarnesio.com.br\/#organization","name":"Blog do Farn\u00e9sio","url":"https:\/\/blogdofarnesio.com.br\/","logo":{"@type":"ImageObject","inLanguage":"pt-BR","@id":"https:\/\/blogdofarnesio.com.br\/#\/schema\/logo\/image\/","url":"https:\/\/blogdofarnesio.com.br\/wp-content\/uploads\/2026\/03\/cropped-logo_new-1.png","contentUrl":"https:\/\/blogdofarnesio.com.br\/wp-content\/uploads\/2026\/03\/cropped-logo_new-1.png","width":881,"height":685,"caption":"Blog do Farn\u00e9sio"},"image":{"@id":"https:\/\/blogdofarnesio.com.br\/#\/schema\/logo\/image\/"},"sameAs":["https:\/\/www.facebook.com\/BlogQuerSaberPolitica\/"]},{"@type":"Person","@id":"https:\/\/blogdofarnesio.com.br\/#\/schema\/person\/301c4acf522bccbfdb45af95b5b906a1","name":"Farn\u00e9sio","image":{"@type":"ImageObject","inLanguage":"pt-BR","@id":"https:\/\/secure.gravatar.com\/avatar\/df0c9a14567c056f8ad6876ba5bbd1e3e2c48023eb6807342fc4663adf549f38?s=96&d=mm&r=g","url":"https:\/\/secure.gravatar.com\/avatar\/df0c9a14567c056f8ad6876ba5bbd1e3e2c48023eb6807342fc4663adf549f38?s=96&d=mm&r=g","contentUrl":"https:\/\/secure.gravatar.com\/avatar\/df0c9a14567c056f8ad6876ba5bbd1e3e2c48023eb6807342fc4663adf549f38?s=96&d=mm&r=g","caption":"Farn\u00e9sio"},"sameAs":["https:\/\/quersaberpolitica.com.br"],"url":"https:\/\/blogdofarnesio.com.br\/?author=1"}]}},"_links":{"self":[{"href":"https:\/\/blogdofarnesio.com.br\/index.php?rest_route=\/wp\/v2\/posts\/170938","targetHints":{"allow":["GET"]}}],"collection":[{"href":"https:\/\/blogdofarnesio.com.br\/index.php?rest_route=\/wp\/v2\/posts"}],"about":[{"href":"https:\/\/blogdofarnesio.com.br\/index.php?rest_route=\/wp\/v2\/types\/post"}],"author":[{"embeddable":true,"href":"https:\/\/blogdofarnesio.com.br\/index.php?rest_route=\/wp\/v2\/users\/1"}],"replies":[{"embeddable":true,"href":"https:\/\/blogdofarnesio.com.br\/index.php?rest_route=%2Fwp%2Fv2%2Fcomments&post=170938"}],"version-history":[{"count":0,"href":"https:\/\/blogdofarnesio.com.br\/index.php?rest_route=\/wp\/v2\/posts\/170938\/revisions"}],"wp:featuredmedia":[{"embeddable":true,"href":"https:\/\/blogdofarnesio.com.br\/index.php?rest_route=\/wp\/v2\/media\/152597"}],"wp:attachment":[{"href":"https:\/\/blogdofarnesio.com.br\/index.php?rest_route=%2Fwp%2Fv2%2Fmedia&parent=170938"}],"wp:term":[{"taxonomy":"category","embeddable":true,"href":"https:\/\/blogdofarnesio.com.br\/index.php?rest_route=%2Fwp%2Fv2%2Fcategories&post=170938"},{"taxonomy":"post_tag","embeddable":true,"href":"https:\/\/blogdofarnesio.com.br\/index.php?rest_route=%2Fwp%2Fv2%2Ftags&post=170938"}],"curies":[{"name":"wp","href":"https:\/\/api.w.org\/{rel}","templated":true}]}}