{"id":170821,"date":"2017-07-05T09:20:04","date_gmt":"2017-07-05T12:20:04","guid":{"rendered":"http:\/\/quersaberpolitica.com.br\/2016\/?p=170821"},"modified":"2017-07-05T07:44:15","modified_gmt":"2017-07-05T10:44:15","slug":"direto-de-casa-nova-302","status":"publish","type":"post","link":"https:\/\/blogdofarnesio.com.br\/?p=170821","title":{"rendered":"DIRETO DE CASA NOVA"},"content":{"rendered":"<p style=\"text-align: center;\">MONTAGEM DA 28\u00aa FESTA DO INTERIOR EM RITMO ACELERADO<\/p>\n<p style=\"text-align: justify;\">Palcos, toldos, stands de exposi\u00e7\u00e3o, passarelas est\u00e3o em ritmo acelerado de montagem no espa\u00e7o de eventos da cidade de Casa Nova para a realiza\u00e7\u00e3o da 28\u00aa Festa do Interior que acontece neste final de semana, entre os dias 07, 08 e 09.Palcos, toldos, stands de exposi\u00e7\u00e3o, passarelas est\u00e3o em ritmo acelerado de montagem no espa\u00e7o de eventos da cidade de Casa Nova para a realiza\u00e7\u00e3o da 28\u00aa Festa do Interior que acontece neste final de semana, entre os dias 07, 08 e 09. O amplo espa\u00e7o ter\u00e1 dois palcos, duas dezenas de toldos que abrigar\u00e3o as localidades e distritos com barracas, haver\u00e1 stands de diversos \u00f3rg\u00e3os como SEBRAE, BNB, Banco do Brasil, CEF, Secretarias de Agricultura do Estado e Municipal.O prefeito Wilker Torres, esteve no espa\u00e7o na manh\u00e3 desta ter\u00e7a-feira e foi informado que a montagem est\u00e1 dentro do prazo previsto e estar\u00e1 conclu\u00edda ainda na manh\u00e3 de sexta-feira, comentou: \u201cfaremos uma festa \u00e0 altura do Povo de Casa Nova. Respeitando as tradi\u00e7\u00f5es, resgatando o esp\u00edrito e a id\u00e9ia inicial da primeira festa, com representatividade de nossas comunidades\u201d.O prefeito destaca ainda um aspecto desta 28\u00aa Festa do Interior: \u201cTeremos representa\u00e7\u00f5es das associa\u00e7\u00f5es comunit\u00e1rias das localidades e a presen\u00e7a do Banco do Nordeste e Banco do Brasil para incentivar negocia\u00e7\u00f5es e cr\u00e9ditos no per\u00edodo da festa. O principal \u00e9 a festa, mas vamos aproveitar o tempo e aproximar nossas associa\u00e7\u00f5es de pequenos produtores e os bancos que oferecem cr\u00e9dito rural\u201d.<\/p>\n<p style=\"text-align: justify;\">A Festa do Interior, realizada sempre na primeira quinzena de julho, logo ap\u00f3s o encerramento das festas juninas, foi idealizada a mais de trinta anos, pois houve tr\u00eas anos em que n\u00e3o aconteceu, para integrar as comunidades e distritos de Casa Nova.\u00a0Munic\u00edpio com mais de 9.500 quil\u00f4metros quadrados, com comunidades e distritos distantes 200 quil\u00f4metros da sede, a id\u00e9ia de juntar em tr\u00eas dias de festa todas as localidades de Casa Nova, para que apresentassem suas atividades econ\u00f4micas, o folclore, tradi\u00e7\u00f5es e, principalmente, a culin\u00e1ria, cresceu a ponto de a cada ano entre 30 a 40 mil pessoas passarem pelo espa\u00e7o de eventos da cidade.<\/p>\n<p style=\"text-align: justify;\">\u201cNeste ano nos voltamos para nossas comunidades, desde a escolha da rainha da festa, at\u00e9 a comida e a bebida que ser\u00e1 comercializada. As atra\u00e7\u00f5es foram pensadas para agradar a todos os gostos e abrimos e ampliamos os espa\u00e7os para artistas locais e regionais. Al\u00e9m disso durante os dias da festa teremos apresenta\u00e7\u00f5es art\u00edsticas e culturais das comunidades. Ser\u00e1 uma festa de Casa Nova, integrando nossa gente\u201d \u2013 diz o prefeito.\u201cQueremos a presen\u00e7a de todos, como sempre acontece na Festa do Interior. Aqui \u00e9 um espa\u00e7o livre, aberto, seguro, \u00a0de paz e alegria. Todos: \u00a0casanovenses, juazeirenses, petrolinenses, nossos vizinhos de Remanso, Pil\u00e3o, Sobradinho e Sento S\u00e9, da Bahia inteira, como \u00e9 costume. A Festa do Interior \u00e9 integra\u00e7\u00e3o e encontro. \u00a0Pensada e realizada para aproximar, unir e divertir. Este ano vamos mostrar \u00e0 Bahia e ao Brasil as riquezas de nossa terra\u201d.\u00a0Programa\u00e7\u00e3o: Sexta Feira, 14:00 horas, visita do Governador da Bahia Ruy Costa, acompanhado dos prefeitos do Cons\u00f3rcio de Desenvolvimento Sustent\u00e1vel do Territ\u00f3rio do Sert\u00e3o do S\u00e3o Francisco (CONSTESF) ao espa\u00e7o da feira, barracas da comunidades e stands. \u00c0 noite, \u00a0abertura da festa e shows de Ana Costa, Ciel Rodrigues, Dorgival Dantas e \u00a0Fl\u00e1vio Leandro; no s\u00e1bado apresenta\u00e7\u00f5es culturais, comida t\u00edpica durante o dia nas barracas e \u00e0 noite shows de Chicana, Zefa de Zeca, Solange Almeida e Targino Gondim. No domingo o dia inteiro de apresenta\u00e7\u00f5es, mostra de produtos regionais, apresenta\u00e7\u00f5es folcl\u00f3ricas e \u00e0 noite shows com a Banda Forroz\u00e3o das Antigas, Leo Santana, Tayrone, Lenno e Ney Alves.<\/p>\n<p style=\"text-align: justify;\">Ascom<\/p>\n","protected":false},"excerpt":{"rendered":"<p>MONTAGEM DA 28\u00aa FESTA DO INTERIOR EM RITMO ACELERADO Palcos, toldos, stands de exposi\u00e7\u00e3o, passarelas est\u00e3o em ritmo acelerado de montagem no espa\u00e7o de eventos da cidade de Casa Nova para a realiza\u00e7\u00e3o da 28\u00aa Festa do Interior que acontece neste final de semana, entre os dias 07, 08 e 09.Palcos, toldos, stands de exposi\u00e7\u00e3o, passarelas est\u00e3o em ritmo acelerado de montagem no espa\u00e7o de eventos da cidade de Casa Nova para a realiza\u00e7\u00e3o da 28\u00aa Festa do Interior que acontece neste final de semana, entre os dias 07, 08 e 09. O amplo espa\u00e7o ter\u00e1 dois palcos, duas dezenas de toldos que abrigar\u00e3o as localidades e distritos com barracas, haver\u00e1 stands de diversos \u00f3rg\u00e3os como SEBRAE, BNB, Banco do&hellip; <\/p>\n","protected":false},"author":1,"featured_media":170822,"comment_status":"open","ping_status":"open","sticky":false,"template":"","format":"standard","meta":{"_acf_changed":false,"footnotes":""},"categories":[44],"tags":[],"class_list":["post-170821","post","type-post","status-publish","format-standard","has-post-thumbnail","hentry","category-administracao"],"acf":[],"yoast_head":"<!-- This site is optimized with the Yoast SEO plugin v27.4 - https:\/\/yoast.com\/product\/yoast-seo-wordpress\/ -->\n<title>DIRETO DE CASA NOVA - Blog do Farn\u00e9sio<\/title>\n<meta name=\"robots\" content=\"index, follow, max-snippet:-1, max-image-preview:large, max-video-preview:-1\" \/>\n<link rel=\"canonical\" href=\"https:\/\/blogdofarnesio.com.br\/?p=170821\" \/>\n<meta property=\"og:locale\" content=\"pt_BR\" \/>\n<meta property=\"og:type\" content=\"article\" \/>\n<meta property=\"og:title\" content=\"DIRETO DE CASA NOVA - Blog do Farn\u00e9sio\" \/>\n<meta property=\"og:description\" content=\"MONTAGEM DA 28\u00aa FESTA DO INTERIOR EM RITMO ACELERADO Palcos, toldos, stands de exposi\u00e7\u00e3o, passarelas est\u00e3o em ritmo acelerado de montagem no espa\u00e7o de eventos da cidade de Casa Nova para a realiza\u00e7\u00e3o da 28\u00aa Festa do Interior que acontece neste final de semana, entre os dias 07, 08 e 09.Palcos, toldos, stands de exposi\u00e7\u00e3o, passarelas est\u00e3o em ritmo acelerado de montagem no espa\u00e7o de eventos da cidade de Casa Nova para a realiza\u00e7\u00e3o da 28\u00aa Festa do Interior que acontece neste final de semana, entre os dias 07, 08 e 09. O amplo espa\u00e7o ter\u00e1 dois palcos, duas dezenas de toldos que abrigar\u00e3o as localidades e distritos com barracas, haver\u00e1 stands de diversos \u00f3rg\u00e3os como SEBRAE, BNB, Banco do&hellip;\" \/>\n<meta property=\"og:url\" content=\"https:\/\/blogdofarnesio.com.br\/?p=170821\" \/>\n<meta property=\"og:site_name\" content=\"Blog do Farn\u00e9sio\" \/>\n<meta property=\"article:publisher\" content=\"https:\/\/www.facebook.com\/BlogQuerSaberPolitica\/\" \/>\n<meta property=\"article:published_time\" content=\"2017-07-05T12:20:04+00:00\" \/>\n<meta property=\"og:image\" content=\"https:\/\/blogdofarnesio.com.br\/wp-content\/uploads\/2017\/07\/blogqsp-festadointerior-casanova.jpg\" \/>\n\t<meta property=\"og:image:width\" content=\"816\" \/>\n\t<meta property=\"og:image:height\" content=\"612\" \/>\n\t<meta property=\"og:image:type\" content=\"image\/jpeg\" \/>\n<meta name=\"author\" content=\"Farn\u00e9sio\" \/>\n<meta name=\"twitter:card\" content=\"summary_large_image\" \/>\n<meta name=\"twitter:label1\" content=\"Escrito por\" \/>\n\t<meta name=\"twitter:data1\" content=\"Farn\u00e9sio\" \/>\n\t<meta name=\"twitter:label2\" content=\"Est. tempo de leitura\" \/>\n\t<meta name=\"twitter:data2\" content=\"3 minutos\" \/>\n<script type=\"application\/ld+json\" class=\"yoast-schema-graph\">{\"@context\":\"https:\\\/\\\/schema.org\",\"@graph\":[{\"@type\":\"Article\",\"@id\":\"https:\\\/\\\/blogdofarnesio.com.br\\\/?p=170821#article\",\"isPartOf\":{\"@id\":\"https:\\\/\\\/blogdofarnesio.com.br\\\/?p=170821\"},\"author\":{\"name\":\"Farn\u00e9sio\",\"@id\":\"https:\\\/\\\/blogdofarnesio.com.br\\\/#\\\/schema\\\/person\\\/301c4acf522bccbfdb45af95b5b906a1\"},\"headline\":\"DIRETO DE CASA NOVA\",\"datePublished\":\"2017-07-05T12:20:04+00:00\",\"mainEntityOfPage\":{\"@id\":\"https:\\\/\\\/blogdofarnesio.com.br\\\/?p=170821\"},\"wordCount\":651,\"commentCount\":0,\"publisher\":{\"@id\":\"https:\\\/\\\/blogdofarnesio.com.br\\\/#organization\"},\"image\":{\"@id\":\"https:\\\/\\\/blogdofarnesio.com.br\\\/?p=170821#primaryimage\"},\"thumbnailUrl\":\"https:\\\/\\\/blogdofarnesio.com.br\\\/wp-content\\\/uploads\\\/2017\\\/07\\\/blogqsp-festadointerior-casanova.jpg\",\"articleSection\":[\"Administra\u00e7\u00e3o\"],\"inLanguage\":\"pt-BR\",\"potentialAction\":[{\"@type\":\"CommentAction\",\"name\":\"Comment\",\"target\":[\"https:\\\/\\\/blogdofarnesio.com.br\\\/?p=170821#respond\"]}]},{\"@type\":\"WebPage\",\"@id\":\"https:\\\/\\\/blogdofarnesio.com.br\\\/?p=170821\",\"url\":\"https:\\\/\\\/blogdofarnesio.com.br\\\/?p=170821\",\"name\":\"DIRETO DE CASA NOVA - Blog do Farn\u00e9sio\",\"isPartOf\":{\"@id\":\"https:\\\/\\\/blogdofarnesio.com.br\\\/#website\"},\"primaryImageOfPage\":{\"@id\":\"https:\\\/\\\/blogdofarnesio.com.br\\\/?p=170821#primaryimage\"},\"image\":{\"@id\":\"https:\\\/\\\/blogdofarnesio.com.br\\\/?p=170821#primaryimage\"},\"thumbnailUrl\":\"https:\\\/\\\/blogdofarnesio.com.br\\\/wp-content\\\/uploads\\\/2017\\\/07\\\/blogqsp-festadointerior-casanova.jpg\",\"datePublished\":\"2017-07-05T12:20:04+00:00\",\"breadcrumb\":{\"@id\":\"https:\\\/\\\/blogdofarnesio.com.br\\\/?p=170821#breadcrumb\"},\"inLanguage\":\"pt-BR\",\"potentialAction\":[{\"@type\":\"ReadAction\",\"target\":[\"https:\\\/\\\/blogdofarnesio.com.br\\\/?p=170821\"]}]},{\"@type\":\"ImageObject\",\"inLanguage\":\"pt-BR\",\"@id\":\"https:\\\/\\\/blogdofarnesio.com.br\\\/?p=170821#primaryimage\",\"url\":\"https:\\\/\\\/blogdofarnesio.com.br\\\/wp-content\\\/uploads\\\/2017\\\/07\\\/blogqsp-festadointerior-casanova.jpg\",\"contentUrl\":\"https:\\\/\\\/blogdofarnesio.com.br\\\/wp-content\\\/uploads\\\/2017\\\/07\\\/blogqsp-festadointerior-casanova.jpg\",\"width\":816,\"height\":612},{\"@type\":\"BreadcrumbList\",\"@id\":\"https:\\\/\\\/blogdofarnesio.com.br\\\/?p=170821#breadcrumb\",\"itemListElement\":[{\"@type\":\"ListItem\",\"position\":1,\"name\":\"In\u00edcio\",\"item\":\"https:\\\/\\\/blogdofarnesio.com.br\\\/\"},{\"@type\":\"ListItem\",\"position\":2,\"name\":\"DIRETO DE CASA NOVA\"}]},{\"@type\":\"WebSite\",\"@id\":\"https:\\\/\\\/blogdofarnesio.com.br\\\/#website\",\"url\":\"https:\\\/\\\/blogdofarnesio.com.br\\\/\",\"name\":\"Blog do Farn\u00e9sio\",\"description\":\"Quer Saber Pol\u00edtica?\",\"publisher\":{\"@id\":\"https:\\\/\\\/blogdofarnesio.com.br\\\/#organization\"},\"potentialAction\":[{\"@type\":\"SearchAction\",\"target\":{\"@type\":\"EntryPoint\",\"urlTemplate\":\"https:\\\/\\\/blogdofarnesio.com.br\\\/?s={search_term_string}\"},\"query-input\":{\"@type\":\"PropertyValueSpecification\",\"valueRequired\":true,\"valueName\":\"search_term_string\"}}],\"inLanguage\":\"pt-BR\"},{\"@type\":\"Organization\",\"@id\":\"https:\\\/\\\/blogdofarnesio.com.br\\\/#organization\",\"name\":\"Blog do Farn\u00e9sio\",\"url\":\"https:\\\/\\\/blogdofarnesio.com.br\\\/\",\"logo\":{\"@type\":\"ImageObject\",\"inLanguage\":\"pt-BR\",\"@id\":\"https:\\\/\\\/blogdofarnesio.com.br\\\/#\\\/schema\\\/logo\\\/image\\\/\",\"url\":\"https:\\\/\\\/blogdofarnesio.com.br\\\/wp-content\\\/uploads\\\/2026\\\/03\\\/cropped-logo_new-1.png\",\"contentUrl\":\"https:\\\/\\\/blogdofarnesio.com.br\\\/wp-content\\\/uploads\\\/2026\\\/03\\\/cropped-logo_new-1.png\",\"width\":881,\"height\":685,\"caption\":\"Blog do Farn\u00e9sio\"},\"image\":{\"@id\":\"https:\\\/\\\/blogdofarnesio.com.br\\\/#\\\/schema\\\/logo\\\/image\\\/\"},\"sameAs\":[\"https:\\\/\\\/www.facebook.com\\\/BlogQuerSaberPolitica\\\/\"]},{\"@type\":\"Person\",\"@id\":\"https:\\\/\\\/blogdofarnesio.com.br\\\/#\\\/schema\\\/person\\\/301c4acf522bccbfdb45af95b5b906a1\",\"name\":\"Farn\u00e9sio\",\"image\":{\"@type\":\"ImageObject\",\"inLanguage\":\"pt-BR\",\"@id\":\"https:\\\/\\\/secure.gravatar.com\\\/avatar\\\/df0c9a14567c056f8ad6876ba5bbd1e3e2c48023eb6807342fc4663adf549f38?s=96&d=mm&r=g\",\"url\":\"https:\\\/\\\/secure.gravatar.com\\\/avatar\\\/df0c9a14567c056f8ad6876ba5bbd1e3e2c48023eb6807342fc4663adf549f38?s=96&d=mm&r=g\",\"contentUrl\":\"https:\\\/\\\/secure.gravatar.com\\\/avatar\\\/df0c9a14567c056f8ad6876ba5bbd1e3e2c48023eb6807342fc4663adf549f38?s=96&d=mm&r=g\",\"caption\":\"Farn\u00e9sio\"},\"sameAs\":[\"https:\\\/\\\/quersaberpolitica.com.br\"],\"url\":\"https:\\\/\\\/blogdofarnesio.com.br\\\/?author=1\"}]}<\/script>\n<!-- \/ Yoast SEO plugin. -->","yoast_head_json":{"title":"DIRETO DE CASA NOVA - Blog do Farn\u00e9sio","robots":{"index":"index","follow":"follow","max-snippet":"max-snippet:-1","max-image-preview":"max-image-preview:large","max-video-preview":"max-video-preview:-1"},"canonical":"https:\/\/blogdofarnesio.com.br\/?p=170821","og_locale":"pt_BR","og_type":"article","og_title":"DIRETO DE CASA NOVA - Blog do Farn\u00e9sio","og_description":"MONTAGEM DA 28\u00aa FESTA DO INTERIOR EM RITMO ACELERADO Palcos, toldos, stands de exposi\u00e7\u00e3o, passarelas est\u00e3o em ritmo acelerado de montagem no espa\u00e7o de eventos da cidade de Casa Nova para a realiza\u00e7\u00e3o da 28\u00aa Festa do Interior que acontece neste final de semana, entre os dias 07, 08 e 09.Palcos, toldos, stands de exposi\u00e7\u00e3o, passarelas est\u00e3o em ritmo acelerado de montagem no espa\u00e7o de eventos da cidade de Casa Nova para a realiza\u00e7\u00e3o da 28\u00aa Festa do Interior que acontece neste final de semana, entre os dias 07, 08 e 09. O amplo espa\u00e7o ter\u00e1 dois palcos, duas dezenas de toldos que abrigar\u00e3o as localidades e distritos com barracas, haver\u00e1 stands de diversos \u00f3rg\u00e3os como SEBRAE, BNB, Banco do&hellip;","og_url":"https:\/\/blogdofarnesio.com.br\/?p=170821","og_site_name":"Blog do Farn\u00e9sio","article_publisher":"https:\/\/www.facebook.com\/BlogQuerSaberPolitica\/","article_published_time":"2017-07-05T12:20:04+00:00","og_image":[{"width":816,"height":612,"url":"https:\/\/blogdofarnesio.com.br\/wp-content\/uploads\/2017\/07\/blogqsp-festadointerior-casanova.jpg","type":"image\/jpeg"}],"author":"Farn\u00e9sio","twitter_card":"summary_large_image","twitter_misc":{"Escrito por":"Farn\u00e9sio","Est. tempo de leitura":"3 minutos"},"schema":{"@context":"https:\/\/schema.org","@graph":[{"@type":"Article","@id":"https:\/\/blogdofarnesio.com.br\/?p=170821#article","isPartOf":{"@id":"https:\/\/blogdofarnesio.com.br\/?p=170821"},"author":{"name":"Farn\u00e9sio","@id":"https:\/\/blogdofarnesio.com.br\/#\/schema\/person\/301c4acf522bccbfdb45af95b5b906a1"},"headline":"DIRETO DE CASA NOVA","datePublished":"2017-07-05T12:20:04+00:00","mainEntityOfPage":{"@id":"https:\/\/blogdofarnesio.com.br\/?p=170821"},"wordCount":651,"commentCount":0,"publisher":{"@id":"https:\/\/blogdofarnesio.com.br\/#organization"},"image":{"@id":"https:\/\/blogdofarnesio.com.br\/?p=170821#primaryimage"},"thumbnailUrl":"https:\/\/blogdofarnesio.com.br\/wp-content\/uploads\/2017\/07\/blogqsp-festadointerior-casanova.jpg","articleSection":["Administra\u00e7\u00e3o"],"inLanguage":"pt-BR","potentialAction":[{"@type":"CommentAction","name":"Comment","target":["https:\/\/blogdofarnesio.com.br\/?p=170821#respond"]}]},{"@type":"WebPage","@id":"https:\/\/blogdofarnesio.com.br\/?p=170821","url":"https:\/\/blogdofarnesio.com.br\/?p=170821","name":"DIRETO DE CASA NOVA - Blog do Farn\u00e9sio","isPartOf":{"@id":"https:\/\/blogdofarnesio.com.br\/#website"},"primaryImageOfPage":{"@id":"https:\/\/blogdofarnesio.com.br\/?p=170821#primaryimage"},"image":{"@id":"https:\/\/blogdofarnesio.com.br\/?p=170821#primaryimage"},"thumbnailUrl":"https:\/\/blogdofarnesio.com.br\/wp-content\/uploads\/2017\/07\/blogqsp-festadointerior-casanova.jpg","datePublished":"2017-07-05T12:20:04+00:00","breadcrumb":{"@id":"https:\/\/blogdofarnesio.com.br\/?p=170821#breadcrumb"},"inLanguage":"pt-BR","potentialAction":[{"@type":"ReadAction","target":["https:\/\/blogdofarnesio.com.br\/?p=170821"]}]},{"@type":"ImageObject","inLanguage":"pt-BR","@id":"https:\/\/blogdofarnesio.com.br\/?p=170821#primaryimage","url":"https:\/\/blogdofarnesio.com.br\/wp-content\/uploads\/2017\/07\/blogqsp-festadointerior-casanova.jpg","contentUrl":"https:\/\/blogdofarnesio.com.br\/wp-content\/uploads\/2017\/07\/blogqsp-festadointerior-casanova.jpg","width":816,"height":612},{"@type":"BreadcrumbList","@id":"https:\/\/blogdofarnesio.com.br\/?p=170821#breadcrumb","itemListElement":[{"@type":"ListItem","position":1,"name":"In\u00edcio","item":"https:\/\/blogdofarnesio.com.br\/"},{"@type":"ListItem","position":2,"name":"DIRETO DE CASA NOVA"}]},{"@type":"WebSite","@id":"https:\/\/blogdofarnesio.com.br\/#website","url":"https:\/\/blogdofarnesio.com.br\/","name":"Blog do Farn\u00e9sio","description":"Quer Saber Pol\u00edtica?","publisher":{"@id":"https:\/\/blogdofarnesio.com.br\/#organization"},"potentialAction":[{"@type":"SearchAction","target":{"@type":"EntryPoint","urlTemplate":"https:\/\/blogdofarnesio.com.br\/?s={search_term_string}"},"query-input":{"@type":"PropertyValueSpecification","valueRequired":true,"valueName":"search_term_string"}}],"inLanguage":"pt-BR"},{"@type":"Organization","@id":"https:\/\/blogdofarnesio.com.br\/#organization","name":"Blog do Farn\u00e9sio","url":"https:\/\/blogdofarnesio.com.br\/","logo":{"@type":"ImageObject","inLanguage":"pt-BR","@id":"https:\/\/blogdofarnesio.com.br\/#\/schema\/logo\/image\/","url":"https:\/\/blogdofarnesio.com.br\/wp-content\/uploads\/2026\/03\/cropped-logo_new-1.png","contentUrl":"https:\/\/blogdofarnesio.com.br\/wp-content\/uploads\/2026\/03\/cropped-logo_new-1.png","width":881,"height":685,"caption":"Blog do Farn\u00e9sio"},"image":{"@id":"https:\/\/blogdofarnesio.com.br\/#\/schema\/logo\/image\/"},"sameAs":["https:\/\/www.facebook.com\/BlogQuerSaberPolitica\/"]},{"@type":"Person","@id":"https:\/\/blogdofarnesio.com.br\/#\/schema\/person\/301c4acf522bccbfdb45af95b5b906a1","name":"Farn\u00e9sio","image":{"@type":"ImageObject","inLanguage":"pt-BR","@id":"https:\/\/secure.gravatar.com\/avatar\/df0c9a14567c056f8ad6876ba5bbd1e3e2c48023eb6807342fc4663adf549f38?s=96&d=mm&r=g","url":"https:\/\/secure.gravatar.com\/avatar\/df0c9a14567c056f8ad6876ba5bbd1e3e2c48023eb6807342fc4663adf549f38?s=96&d=mm&r=g","contentUrl":"https:\/\/secure.gravatar.com\/avatar\/df0c9a14567c056f8ad6876ba5bbd1e3e2c48023eb6807342fc4663adf549f38?s=96&d=mm&r=g","caption":"Farn\u00e9sio"},"sameAs":["https:\/\/quersaberpolitica.com.br"],"url":"https:\/\/blogdofarnesio.com.br\/?author=1"}]}},"_links":{"self":[{"href":"https:\/\/blogdofarnesio.com.br\/index.php?rest_route=\/wp\/v2\/posts\/170821","targetHints":{"allow":["GET"]}}],"collection":[{"href":"https:\/\/blogdofarnesio.com.br\/index.php?rest_route=\/wp\/v2\/posts"}],"about":[{"href":"https:\/\/blogdofarnesio.com.br\/index.php?rest_route=\/wp\/v2\/types\/post"}],"author":[{"embeddable":true,"href":"https:\/\/blogdofarnesio.com.br\/index.php?rest_route=\/wp\/v2\/users\/1"}],"replies":[{"embeddable":true,"href":"https:\/\/blogdofarnesio.com.br\/index.php?rest_route=%2Fwp%2Fv2%2Fcomments&post=170821"}],"version-history":[{"count":0,"href":"https:\/\/blogdofarnesio.com.br\/index.php?rest_route=\/wp\/v2\/posts\/170821\/revisions"}],"wp:featuredmedia":[{"embeddable":true,"href":"https:\/\/blogdofarnesio.com.br\/index.php?rest_route=\/wp\/v2\/media\/170822"}],"wp:attachment":[{"href":"https:\/\/blogdofarnesio.com.br\/index.php?rest_route=%2Fwp%2Fv2%2Fmedia&parent=170821"}],"wp:term":[{"taxonomy":"category","embeddable":true,"href":"https:\/\/blogdofarnesio.com.br\/index.php?rest_route=%2Fwp%2Fv2%2Fcategories&post=170821"},{"taxonomy":"post_tag","embeddable":true,"href":"https:\/\/blogdofarnesio.com.br\/index.php?rest_route=%2Fwp%2Fv2%2Ftags&post=170821"}],"curies":[{"name":"wp","href":"https:\/\/api.w.org\/{rel}","templated":true}]}}