{"id":170794,"date":"2017-07-05T07:00:01","date_gmt":"2017-07-05T10:00:01","guid":{"rendered":"http:\/\/quersaberpolitica.com.br\/2016\/?p=170794"},"modified":"2017-07-04T18:42:53","modified_gmt":"2017-07-04T21:42:53","slug":"aberto-processo-seletivo-para-cursos-a-distancia-2017-oferecidos-pela-univasf","status":"publish","type":"post","link":"https:\/\/blogdofarnesio.com.br\/?p=170794","title":{"rendered":"ABERTO PROCESSO SELETIVO 2017, PARA CURSOS A DIST\u00c2NCIA OFERECIDOS PELA UNIVASF"},"content":{"rendered":"<p>A Universidade Federal do Vale do S\u00e3o Francisco (Univasf), por meio da Secretaria de Educa\u00e7\u00e3o a Dist\u00e2ncia (SEaD e da Pr\u00f3-Reitoria de Ensino (Proen), faz saber aos interessados que est\u00e3o abertas at\u00e9 o dia 24 de julho de 2017, as inscri\u00e7\u00f5es do Processo Seletivo para preenchimento de 480 (quatrocentos e oitenta) vagas oferecidas nos cursos de Licenciatura em Educa\u00e7\u00e3o F\u00edsica e de Bacharelado em Administra\u00e7\u00e3o P\u00fablica.<\/p>\n<p>Do total dessas vagas, 50% s\u00e3o reservadas aos candidatos que tenham cursado integralmente o Ensino M\u00e9dio em escolas p\u00fablicas. Al\u00e9m das vagas destinadas ao p\u00fablico em geral, h\u00e1 previs\u00e3o de vagas para professores da rede p\u00fablica e para gestores p\u00fablicos.<\/p>\n<p>O ingresso nos cursos de gradua\u00e7\u00e3o a dist\u00e2ncia ocorrer\u00e1, de forma exclusiva, por uma das seguintes formas: utiliza\u00e7\u00e3o da pontua\u00e7\u00e3o obtida no Exame Nacional do Ensino M\u00e9dio (Enem) de uma das cinco \u00faltimas edi\u00e7\u00f5es (2012 a 2016) ou Processo Seletivo pr\u00f3prio, espec\u00edfico para vagas reservadas aos professores da rede p\u00fablica de ensino (curso de licenciatura em Educa\u00e7\u00e3o F\u00edsica) e aos gestores p\u00fablicos (Bacharelado em Administra\u00e7\u00e3o P\u00fablica).<\/p>\n<p>No ato da inscri\u00e7\u00e3o, o candidato deve indicar o curso escolhido, a forma de ingresso e o polo de apoio presencial onde frequentar\u00e1 as atividades presenciais obrigat\u00f3rias. \u00c9 a primeira vez que a SEaD adota o resultado do Enem em processos seletivos de cursos a dist\u00e2ncia.<\/p>\n<p>As inscri\u00e7\u00f5es ser\u00e3o realizadas das 8 horas do dia 03 at\u00e9 as 23 horas e 50 minutos do dia 24 de julho de 2017, exclusivamente pela internet no endere\u00e7o eletr\u00f4nico:\u00a0<a href=\"http:\/\/www.sead.univasf.edu.br\/seletivo.php\" target=\"_blank\" rel=\"noopener\">sead.univasf.edu.br<\/a>, observado o hor\u00e1rio de Bras\u00edlia-DF.<\/p>\n<p>Os polos contemplados pela Licenciatura em Educa\u00e7\u00e3o F\u00edsica s\u00e3o: Capim Grosso, Piritiba e Paulo Afonso, na Bahia, Cabrob\u00f3 e Trindade, em Pernambuco. \u00a0J\u00e1 o Bacharelado em Administra\u00e7\u00e3o P\u00fablica ser\u00e1 ofertado em: Bom Jesus da Lapa, Campo alegre de Lourdes, Pintadas e Paulo Afonso, na Bahia, e Salgueiro, em Pernambuco.<\/p>\n<p>Para ler o edital completo, clique\u00a0<a href=\"http:\/\/sead.univasf.edu.br\/administrator\/arquivos\/Edital%203.2017%20-%20cursos%20de%20graduacao%20EAD%20-%20Ed%20Fisica%20e%20Adm%20Publica%20v.%20final.pdf\" target=\"_blank\" rel=\"noopener\">aqui<\/a>.<\/p>\n","protected":false},"excerpt":{"rendered":"<p>A Universidade Federal do Vale do S\u00e3o Francisco (Univasf), por meio da Secretaria de Educa\u00e7\u00e3o a Dist\u00e2ncia (SEaD e da Pr\u00f3-Reitoria de Ensino (Proen), faz saber aos interessados que est\u00e3o abertas at\u00e9 o dia 24 de julho de 2017, as inscri\u00e7\u00f5es do Processo Seletivo para preenchimento de 480 (quatrocentos e oitenta) vagas oferecidas nos cursos de Licenciatura em Educa\u00e7\u00e3o F\u00edsica e de Bacharelado em Administra\u00e7\u00e3o P\u00fablica. Do total dessas vagas, 50% s\u00e3o reservadas aos candidatos que tenham cursado integralmente o Ensino M\u00e9dio em escolas p\u00fablicas. Al\u00e9m das vagas destinadas ao p\u00fablico em geral, h\u00e1 previs\u00e3o de vagas para professores da rede p\u00fablica e para gestores p\u00fablicos. O ingresso nos cursos de gradua\u00e7\u00e3o a dist\u00e2ncia ocorrer\u00e1, de forma exclusiva, por uma&hellip; <\/p>\n","protected":false},"author":1,"featured_media":170795,"comment_status":"open","ping_status":"open","sticky":false,"template":"","format":"standard","meta":{"_acf_changed":false,"footnotes":""},"categories":[6],"tags":[],"class_list":["post-170794","post","type-post","status-publish","format-standard","has-post-thumbnail","hentry","category-educacao"],"acf":[],"yoast_head":"<!-- This site is optimized with the Yoast SEO plugin v27.4 - https:\/\/yoast.com\/product\/yoast-seo-wordpress\/ -->\n<title>ABERTO PROCESSO SELETIVO 2017, PARA CURSOS A DIST\u00c2NCIA OFERECIDOS PELA UNIVASF - Blog do Farn\u00e9sio<\/title>\n<meta name=\"robots\" content=\"index, follow, max-snippet:-1, max-image-preview:large, max-video-preview:-1\" \/>\n<link rel=\"canonical\" href=\"https:\/\/blogdofarnesio.com.br\/?p=170794\" \/>\n<meta property=\"og:locale\" content=\"pt_BR\" \/>\n<meta property=\"og:type\" content=\"article\" \/>\n<meta property=\"og:title\" content=\"ABERTO PROCESSO SELETIVO 2017, PARA CURSOS A DIST\u00c2NCIA OFERECIDOS PELA UNIVASF - Blog do Farn\u00e9sio\" \/>\n<meta property=\"og:description\" content=\"A Universidade Federal do Vale do S\u00e3o Francisco (Univasf), por meio da Secretaria de Educa\u00e7\u00e3o a Dist\u00e2ncia (SEaD e da Pr\u00f3-Reitoria de Ensino (Proen), faz saber aos interessados que est\u00e3o abertas at\u00e9 o dia 24 de julho de 2017, as inscri\u00e7\u00f5es do Processo Seletivo para preenchimento de 480 (quatrocentos e oitenta) vagas oferecidas nos cursos de Licenciatura em Educa\u00e7\u00e3o F\u00edsica e de Bacharelado em Administra\u00e7\u00e3o P\u00fablica. Do total dessas vagas, 50% s\u00e3o reservadas aos candidatos que tenham cursado integralmente o Ensino M\u00e9dio em escolas p\u00fablicas. Al\u00e9m das vagas destinadas ao p\u00fablico em geral, h\u00e1 previs\u00e3o de vagas para professores da rede p\u00fablica e para gestores p\u00fablicos. O ingresso nos cursos de gradua\u00e7\u00e3o a dist\u00e2ncia ocorrer\u00e1, de forma exclusiva, por uma&hellip;\" \/>\n<meta property=\"og:url\" content=\"https:\/\/blogdofarnesio.com.br\/?p=170794\" \/>\n<meta property=\"og:site_name\" content=\"Blog do Farn\u00e9sio\" \/>\n<meta property=\"article:publisher\" content=\"https:\/\/www.facebook.com\/BlogQuerSaberPolitica\/\" \/>\n<meta property=\"article:published_time\" content=\"2017-07-05T10:00:01+00:00\" \/>\n<meta property=\"og:image\" content=\"https:\/\/blogdofarnesio.com.br\/wp-content\/uploads\/2017\/07\/blogqspEAD-Univasf-Cabrob\u00f3.jpg\" \/>\n\t<meta property=\"og:image:width\" content=\"640\" \/>\n\t<meta property=\"og:image:height\" content=\"480\" \/>\n\t<meta property=\"og:image:type\" content=\"image\/jpeg\" \/>\n<meta name=\"author\" content=\"Farn\u00e9sio\" \/>\n<meta name=\"twitter:card\" content=\"summary_large_image\" \/>\n<meta name=\"twitter:label1\" content=\"Escrito por\" \/>\n\t<meta name=\"twitter:data1\" content=\"Farn\u00e9sio\" \/>\n\t<meta name=\"twitter:label2\" content=\"Est. tempo de leitura\" \/>\n\t<meta name=\"twitter:data2\" content=\"2 minutos\" \/>\n<script type=\"application\/ld+json\" class=\"yoast-schema-graph\">{\"@context\":\"https:\\\/\\\/schema.org\",\"@graph\":[{\"@type\":\"Article\",\"@id\":\"https:\\\/\\\/blogdofarnesio.com.br\\\/?p=170794#article\",\"isPartOf\":{\"@id\":\"https:\\\/\\\/blogdofarnesio.com.br\\\/?p=170794\"},\"author\":{\"name\":\"Farn\u00e9sio\",\"@id\":\"https:\\\/\\\/blogdofarnesio.com.br\\\/#\\\/schema\\\/person\\\/301c4acf522bccbfdb45af95b5b906a1\"},\"headline\":\"ABERTO PROCESSO SELETIVO 2017, PARA CURSOS A DIST\u00c2NCIA OFERECIDOS PELA UNIVASF\",\"datePublished\":\"2017-07-05T10:00:01+00:00\",\"mainEntityOfPage\":{\"@id\":\"https:\\\/\\\/blogdofarnesio.com.br\\\/?p=170794\"},\"wordCount\":357,\"commentCount\":0,\"publisher\":{\"@id\":\"https:\\\/\\\/blogdofarnesio.com.br\\\/#organization\"},\"image\":{\"@id\":\"https:\\\/\\\/blogdofarnesio.com.br\\\/?p=170794#primaryimage\"},\"thumbnailUrl\":\"https:\\\/\\\/blogdofarnesio.com.br\\\/wp-content\\\/uploads\\\/2017\\\/07\\\/blogqspEAD-Univasf-Cabrob\u00f3.jpg\",\"articleSection\":[\"Educa\u00e7\u00e3o\"],\"inLanguage\":\"pt-BR\",\"potentialAction\":[{\"@type\":\"CommentAction\",\"name\":\"Comment\",\"target\":[\"https:\\\/\\\/blogdofarnesio.com.br\\\/?p=170794#respond\"]}]},{\"@type\":\"WebPage\",\"@id\":\"https:\\\/\\\/blogdofarnesio.com.br\\\/?p=170794\",\"url\":\"https:\\\/\\\/blogdofarnesio.com.br\\\/?p=170794\",\"name\":\"ABERTO PROCESSO SELETIVO 2017, PARA CURSOS A DIST\u00c2NCIA OFERECIDOS PELA UNIVASF - Blog do Farn\u00e9sio\",\"isPartOf\":{\"@id\":\"https:\\\/\\\/blogdofarnesio.com.br\\\/#website\"},\"primaryImageOfPage\":{\"@id\":\"https:\\\/\\\/blogdofarnesio.com.br\\\/?p=170794#primaryimage\"},\"image\":{\"@id\":\"https:\\\/\\\/blogdofarnesio.com.br\\\/?p=170794#primaryimage\"},\"thumbnailUrl\":\"https:\\\/\\\/blogdofarnesio.com.br\\\/wp-content\\\/uploads\\\/2017\\\/07\\\/blogqspEAD-Univasf-Cabrob\u00f3.jpg\",\"datePublished\":\"2017-07-05T10:00:01+00:00\",\"breadcrumb\":{\"@id\":\"https:\\\/\\\/blogdofarnesio.com.br\\\/?p=170794#breadcrumb\"},\"inLanguage\":\"pt-BR\",\"potentialAction\":[{\"@type\":\"ReadAction\",\"target\":[\"https:\\\/\\\/blogdofarnesio.com.br\\\/?p=170794\"]}]},{\"@type\":\"ImageObject\",\"inLanguage\":\"pt-BR\",\"@id\":\"https:\\\/\\\/blogdofarnesio.com.br\\\/?p=170794#primaryimage\",\"url\":\"https:\\\/\\\/blogdofarnesio.com.br\\\/wp-content\\\/uploads\\\/2017\\\/07\\\/blogqspEAD-Univasf-Cabrob\u00f3.jpg\",\"contentUrl\":\"https:\\\/\\\/blogdofarnesio.com.br\\\/wp-content\\\/uploads\\\/2017\\\/07\\\/blogqspEAD-Univasf-Cabrob\u00f3.jpg\",\"width\":640,\"height\":480},{\"@type\":\"BreadcrumbList\",\"@id\":\"https:\\\/\\\/blogdofarnesio.com.br\\\/?p=170794#breadcrumb\",\"itemListElement\":[{\"@type\":\"ListItem\",\"position\":1,\"name\":\"In\u00edcio\",\"item\":\"https:\\\/\\\/blogdofarnesio.com.br\\\/\"},{\"@type\":\"ListItem\",\"position\":2,\"name\":\"ABERTO PROCESSO SELETIVO 2017, PARA CURSOS A DIST\u00c2NCIA OFERECIDOS PELA UNIVASF\"}]},{\"@type\":\"WebSite\",\"@id\":\"https:\\\/\\\/blogdofarnesio.com.br\\\/#website\",\"url\":\"https:\\\/\\\/blogdofarnesio.com.br\\\/\",\"name\":\"Blog do Farn\u00e9sio\",\"description\":\"Quer Saber Pol\u00edtica?\",\"publisher\":{\"@id\":\"https:\\\/\\\/blogdofarnesio.com.br\\\/#organization\"},\"potentialAction\":[{\"@type\":\"SearchAction\",\"target\":{\"@type\":\"EntryPoint\",\"urlTemplate\":\"https:\\\/\\\/blogdofarnesio.com.br\\\/?s={search_term_string}\"},\"query-input\":{\"@type\":\"PropertyValueSpecification\",\"valueRequired\":true,\"valueName\":\"search_term_string\"}}],\"inLanguage\":\"pt-BR\"},{\"@type\":\"Organization\",\"@id\":\"https:\\\/\\\/blogdofarnesio.com.br\\\/#organization\",\"name\":\"Blog do Farn\u00e9sio\",\"url\":\"https:\\\/\\\/blogdofarnesio.com.br\\\/\",\"logo\":{\"@type\":\"ImageObject\",\"inLanguage\":\"pt-BR\",\"@id\":\"https:\\\/\\\/blogdofarnesio.com.br\\\/#\\\/schema\\\/logo\\\/image\\\/\",\"url\":\"https:\\\/\\\/blogdofarnesio.com.br\\\/wp-content\\\/uploads\\\/2026\\\/03\\\/cropped-logo_new-1.png\",\"contentUrl\":\"https:\\\/\\\/blogdofarnesio.com.br\\\/wp-content\\\/uploads\\\/2026\\\/03\\\/cropped-logo_new-1.png\",\"width\":881,\"height\":685,\"caption\":\"Blog do Farn\u00e9sio\"},\"image\":{\"@id\":\"https:\\\/\\\/blogdofarnesio.com.br\\\/#\\\/schema\\\/logo\\\/image\\\/\"},\"sameAs\":[\"https:\\\/\\\/www.facebook.com\\\/BlogQuerSaberPolitica\\\/\"]},{\"@type\":\"Person\",\"@id\":\"https:\\\/\\\/blogdofarnesio.com.br\\\/#\\\/schema\\\/person\\\/301c4acf522bccbfdb45af95b5b906a1\",\"name\":\"Farn\u00e9sio\",\"image\":{\"@type\":\"ImageObject\",\"inLanguage\":\"pt-BR\",\"@id\":\"https:\\\/\\\/secure.gravatar.com\\\/avatar\\\/df0c9a14567c056f8ad6876ba5bbd1e3e2c48023eb6807342fc4663adf549f38?s=96&d=mm&r=g\",\"url\":\"https:\\\/\\\/secure.gravatar.com\\\/avatar\\\/df0c9a14567c056f8ad6876ba5bbd1e3e2c48023eb6807342fc4663adf549f38?s=96&d=mm&r=g\",\"contentUrl\":\"https:\\\/\\\/secure.gravatar.com\\\/avatar\\\/df0c9a14567c056f8ad6876ba5bbd1e3e2c48023eb6807342fc4663adf549f38?s=96&d=mm&r=g\",\"caption\":\"Farn\u00e9sio\"},\"sameAs\":[\"https:\\\/\\\/quersaberpolitica.com.br\"],\"url\":\"https:\\\/\\\/blogdofarnesio.com.br\\\/?author=1\"}]}<\/script>\n<!-- \/ Yoast SEO plugin. -->","yoast_head_json":{"title":"ABERTO PROCESSO SELETIVO 2017, PARA CURSOS A DIST\u00c2NCIA OFERECIDOS PELA UNIVASF - Blog do Farn\u00e9sio","robots":{"index":"index","follow":"follow","max-snippet":"max-snippet:-1","max-image-preview":"max-image-preview:large","max-video-preview":"max-video-preview:-1"},"canonical":"https:\/\/blogdofarnesio.com.br\/?p=170794","og_locale":"pt_BR","og_type":"article","og_title":"ABERTO PROCESSO SELETIVO 2017, PARA CURSOS A DIST\u00c2NCIA OFERECIDOS PELA UNIVASF - Blog do Farn\u00e9sio","og_description":"A Universidade Federal do Vale do S\u00e3o Francisco (Univasf), por meio da Secretaria de Educa\u00e7\u00e3o a Dist\u00e2ncia (SEaD e da Pr\u00f3-Reitoria de Ensino (Proen), faz saber aos interessados que est\u00e3o abertas at\u00e9 o dia 24 de julho de 2017, as inscri\u00e7\u00f5es do Processo Seletivo para preenchimento de 480 (quatrocentos e oitenta) vagas oferecidas nos cursos de Licenciatura em Educa\u00e7\u00e3o F\u00edsica e de Bacharelado em Administra\u00e7\u00e3o P\u00fablica. Do total dessas vagas, 50% s\u00e3o reservadas aos candidatos que tenham cursado integralmente o Ensino M\u00e9dio em escolas p\u00fablicas. Al\u00e9m das vagas destinadas ao p\u00fablico em geral, h\u00e1 previs\u00e3o de vagas para professores da rede p\u00fablica e para gestores p\u00fablicos. O ingresso nos cursos de gradua\u00e7\u00e3o a dist\u00e2ncia ocorrer\u00e1, de forma exclusiva, por uma&hellip;","og_url":"https:\/\/blogdofarnesio.com.br\/?p=170794","og_site_name":"Blog do Farn\u00e9sio","article_publisher":"https:\/\/www.facebook.com\/BlogQuerSaberPolitica\/","article_published_time":"2017-07-05T10:00:01+00:00","og_image":[{"width":640,"height":480,"url":"https:\/\/blogdofarnesio.com.br\/wp-content\/uploads\/2017\/07\/blogqspEAD-Univasf-Cabrob\u00f3.jpg","type":"image\/jpeg"}],"author":"Farn\u00e9sio","twitter_card":"summary_large_image","twitter_misc":{"Escrito por":"Farn\u00e9sio","Est. tempo de leitura":"2 minutos"},"schema":{"@context":"https:\/\/schema.org","@graph":[{"@type":"Article","@id":"https:\/\/blogdofarnesio.com.br\/?p=170794#article","isPartOf":{"@id":"https:\/\/blogdofarnesio.com.br\/?p=170794"},"author":{"name":"Farn\u00e9sio","@id":"https:\/\/blogdofarnesio.com.br\/#\/schema\/person\/301c4acf522bccbfdb45af95b5b906a1"},"headline":"ABERTO PROCESSO SELETIVO 2017, PARA CURSOS A DIST\u00c2NCIA OFERECIDOS PELA UNIVASF","datePublished":"2017-07-05T10:00:01+00:00","mainEntityOfPage":{"@id":"https:\/\/blogdofarnesio.com.br\/?p=170794"},"wordCount":357,"commentCount":0,"publisher":{"@id":"https:\/\/blogdofarnesio.com.br\/#organization"},"image":{"@id":"https:\/\/blogdofarnesio.com.br\/?p=170794#primaryimage"},"thumbnailUrl":"https:\/\/blogdofarnesio.com.br\/wp-content\/uploads\/2017\/07\/blogqspEAD-Univasf-Cabrob\u00f3.jpg","articleSection":["Educa\u00e7\u00e3o"],"inLanguage":"pt-BR","potentialAction":[{"@type":"CommentAction","name":"Comment","target":["https:\/\/blogdofarnesio.com.br\/?p=170794#respond"]}]},{"@type":"WebPage","@id":"https:\/\/blogdofarnesio.com.br\/?p=170794","url":"https:\/\/blogdofarnesio.com.br\/?p=170794","name":"ABERTO PROCESSO SELETIVO 2017, PARA CURSOS A DIST\u00c2NCIA OFERECIDOS PELA UNIVASF - Blog do Farn\u00e9sio","isPartOf":{"@id":"https:\/\/blogdofarnesio.com.br\/#website"},"primaryImageOfPage":{"@id":"https:\/\/blogdofarnesio.com.br\/?p=170794#primaryimage"},"image":{"@id":"https:\/\/blogdofarnesio.com.br\/?p=170794#primaryimage"},"thumbnailUrl":"https:\/\/blogdofarnesio.com.br\/wp-content\/uploads\/2017\/07\/blogqspEAD-Univasf-Cabrob\u00f3.jpg","datePublished":"2017-07-05T10:00:01+00:00","breadcrumb":{"@id":"https:\/\/blogdofarnesio.com.br\/?p=170794#breadcrumb"},"inLanguage":"pt-BR","potentialAction":[{"@type":"ReadAction","target":["https:\/\/blogdofarnesio.com.br\/?p=170794"]}]},{"@type":"ImageObject","inLanguage":"pt-BR","@id":"https:\/\/blogdofarnesio.com.br\/?p=170794#primaryimage","url":"https:\/\/blogdofarnesio.com.br\/wp-content\/uploads\/2017\/07\/blogqspEAD-Univasf-Cabrob\u00f3.jpg","contentUrl":"https:\/\/blogdofarnesio.com.br\/wp-content\/uploads\/2017\/07\/blogqspEAD-Univasf-Cabrob\u00f3.jpg","width":640,"height":480},{"@type":"BreadcrumbList","@id":"https:\/\/blogdofarnesio.com.br\/?p=170794#breadcrumb","itemListElement":[{"@type":"ListItem","position":1,"name":"In\u00edcio","item":"https:\/\/blogdofarnesio.com.br\/"},{"@type":"ListItem","position":2,"name":"ABERTO PROCESSO SELETIVO 2017, PARA CURSOS A DIST\u00c2NCIA OFERECIDOS PELA UNIVASF"}]},{"@type":"WebSite","@id":"https:\/\/blogdofarnesio.com.br\/#website","url":"https:\/\/blogdofarnesio.com.br\/","name":"Blog do Farn\u00e9sio","description":"Quer Saber Pol\u00edtica?","publisher":{"@id":"https:\/\/blogdofarnesio.com.br\/#organization"},"potentialAction":[{"@type":"SearchAction","target":{"@type":"EntryPoint","urlTemplate":"https:\/\/blogdofarnesio.com.br\/?s={search_term_string}"},"query-input":{"@type":"PropertyValueSpecification","valueRequired":true,"valueName":"search_term_string"}}],"inLanguage":"pt-BR"},{"@type":"Organization","@id":"https:\/\/blogdofarnesio.com.br\/#organization","name":"Blog do Farn\u00e9sio","url":"https:\/\/blogdofarnesio.com.br\/","logo":{"@type":"ImageObject","inLanguage":"pt-BR","@id":"https:\/\/blogdofarnesio.com.br\/#\/schema\/logo\/image\/","url":"https:\/\/blogdofarnesio.com.br\/wp-content\/uploads\/2026\/03\/cropped-logo_new-1.png","contentUrl":"https:\/\/blogdofarnesio.com.br\/wp-content\/uploads\/2026\/03\/cropped-logo_new-1.png","width":881,"height":685,"caption":"Blog do Farn\u00e9sio"},"image":{"@id":"https:\/\/blogdofarnesio.com.br\/#\/schema\/logo\/image\/"},"sameAs":["https:\/\/www.facebook.com\/BlogQuerSaberPolitica\/"]},{"@type":"Person","@id":"https:\/\/blogdofarnesio.com.br\/#\/schema\/person\/301c4acf522bccbfdb45af95b5b906a1","name":"Farn\u00e9sio","image":{"@type":"ImageObject","inLanguage":"pt-BR","@id":"https:\/\/secure.gravatar.com\/avatar\/df0c9a14567c056f8ad6876ba5bbd1e3e2c48023eb6807342fc4663adf549f38?s=96&d=mm&r=g","url":"https:\/\/secure.gravatar.com\/avatar\/df0c9a14567c056f8ad6876ba5bbd1e3e2c48023eb6807342fc4663adf549f38?s=96&d=mm&r=g","contentUrl":"https:\/\/secure.gravatar.com\/avatar\/df0c9a14567c056f8ad6876ba5bbd1e3e2c48023eb6807342fc4663adf549f38?s=96&d=mm&r=g","caption":"Farn\u00e9sio"},"sameAs":["https:\/\/quersaberpolitica.com.br"],"url":"https:\/\/blogdofarnesio.com.br\/?author=1"}]}},"_links":{"self":[{"href":"https:\/\/blogdofarnesio.com.br\/index.php?rest_route=\/wp\/v2\/posts\/170794","targetHints":{"allow":["GET"]}}],"collection":[{"href":"https:\/\/blogdofarnesio.com.br\/index.php?rest_route=\/wp\/v2\/posts"}],"about":[{"href":"https:\/\/blogdofarnesio.com.br\/index.php?rest_route=\/wp\/v2\/types\/post"}],"author":[{"embeddable":true,"href":"https:\/\/blogdofarnesio.com.br\/index.php?rest_route=\/wp\/v2\/users\/1"}],"replies":[{"embeddable":true,"href":"https:\/\/blogdofarnesio.com.br\/index.php?rest_route=%2Fwp%2Fv2%2Fcomments&post=170794"}],"version-history":[{"count":0,"href":"https:\/\/blogdofarnesio.com.br\/index.php?rest_route=\/wp\/v2\/posts\/170794\/revisions"}],"wp:featuredmedia":[{"embeddable":true,"href":"https:\/\/blogdofarnesio.com.br\/index.php?rest_route=\/wp\/v2\/media\/170795"}],"wp:attachment":[{"href":"https:\/\/blogdofarnesio.com.br\/index.php?rest_route=%2Fwp%2Fv2%2Fmedia&parent=170794"}],"wp:term":[{"taxonomy":"category","embeddable":true,"href":"https:\/\/blogdofarnesio.com.br\/index.php?rest_route=%2Fwp%2Fv2%2Fcategories&post=170794"},{"taxonomy":"post_tag","embeddable":true,"href":"https:\/\/blogdofarnesio.com.br\/index.php?rest_route=%2Fwp%2Fv2%2Ftags&post=170794"}],"curies":[{"name":"wp","href":"https:\/\/api.w.org\/{rel}","templated":true}]}}