{"id":170784,"date":"2017-07-04T17:33:05","date_gmt":"2017-07-04T20:33:05","guid":{"rendered":"http:\/\/quersaberpolitica.com.br\/2016\/?p=170784"},"modified":"2017-07-04T17:07:22","modified_gmt":"2017-07-04T20:07:22","slug":"temer-comeca-a-demitir-afilhados-que-renan-mantem-no-governo","status":"publish","type":"post","link":"https:\/\/blogdofarnesio.com.br\/?p=170784","title":{"rendered":"TEMER COME\u00c7A A DEMITIR AFILHADOS QUE RENAN MANT\u00c9M NO GOVERNO"},"content":{"rendered":"<div class=\"font_a\"><strong>MICHEL TEMER FINALMENTE COMBATER\u00c1 JOGO DUPLO DO SENADOR RENAN, RETIRANDO-LHE OS ESPA\u00c7OS NO GOVERNO<\/strong><\/div>\n<div class=\"row change_font\">\n<div class=\"col-md-12 popup-gallery\"><\/div>\n<div class=\"col-md-12 font_a popup-gallery\">O presidente Michel Temer (PMDB) come\u00e7ou a exonerar os indicados do senador Renan Calheiros (PMDB-AL) em cargos de seu governo. A rea\u00e7\u00e3o demonstra que o presidente cansou de aturar o jogo duplo do senador alagoano, que acusou o governo de \u201cfazer de conta que governa\u201d, enquanto mantinha afilhados pol\u00edticos em cargos estrat\u00e9gicos. Na sexta-feira (30), o Di\u00e1rio Oficial da Uni\u00e3o trouxe a primeira exonera\u00e7\u00e3o, de Rossevelt Patriota Cota, da Superintend\u00eancia Regional do Departamento Nacional de Infraestrutura de Transportes no Estado de Alagoas (DNIT\/AL).Temer come\u00e7ou o expurgo dos afilhados de Renan justamente no \u00f3rg\u00e3o em que Renan media for\u00e7as com o seu advers\u00e1rio pol\u00edtico, Maur\u00edcio Quintella Lessa (PR-AL), ministro dos Transportes, Portos e Avia\u00e7\u00e3o Civil. A pedido de Renan, o comando do DNIT de Alagoas havia sido tirado do ministro alagoano, assim que Temer nomeou o deputado federal licenciado para a pasta dos Transportes, em 2006.<\/p>\n<div class=\"b_not_img\"><a title=\"Roosevelt Patriota foi 1\u00ba afilhado de Renan a cair (Reprodu\u00e7\u00e3o TV Gazeta)\" href=\"http:\/\/diariodopoder.com.br\/style\/images\/images\/Roosevelt%20Patriota%20ex-superintendente%20do%20DNIT%20em%20Alagoas%20-%20Reproducao%20TV%20Gazeta%20de%20Alagoas.jpg\"><img loading=\"lazy\" decoding=\"async\" class=\"b_not_img aligncenter\" src=\"http:\/\/diariodopoder.com.br\/style\/images\/images\/Roosevelt%20Patriota%20ex-superintendente%20do%20DNIT%20em%20Alagoas%20-%20Reproducao%20TV%20Gazeta%20de%20Alagoas.jpg\" width=\"625\" height=\"332\" \/><\/a><\/p>\n<div>ROOSEVELT PATRIOTA FOI 1\u00ba AFILHADO DE RENAN A CAIR (REPRODU\u00c7\u00c3O TV GAZETA)<\/div>\n<div><\/div>\n<\/div>\n<p>Com a exonera\u00e7\u00e3o do afilhado de Renan, o ex-superintendente do DNIT de Alagoas, Fabr\u00edcio de Oliveira Galv\u00e3o, retoma o \u00f3rg\u00e3o que toca obras importantes como a duplica\u00e7\u00e3o da BR-101 no Estado, restabelecendo assim a indica\u00e7\u00e3o de Maur\u00edcio Quintella. O ministro \u00e9 citado como candidato a senador em Alagoas, mas afirma que ser\u00e1 candidato \u00e0 reelei\u00e7\u00e3o, em 2018, quando Renan tentar\u00e1 se reeleger.Sob forte rejei\u00e7\u00e3o do eleitorado alagoano, que demonstra n\u00e3o estar disposto a reeleg\u00ea-lo, Renan seguia na lideran\u00e7a do PMDB no Senado, utilizando a visibilidade do cargo para fazer discurso \u00fatil \u00e0 sua tentativa de levantar-se, perante a impopularidade em seu reduto eleitoral. Por\u00e9m seria destitu\u00eddo do cargo, ap\u00f3s seu \u00faltimo discurso agressivo,\u00a0reprovando reforma trabalhista e desqualificando o governo de Michel Temer, na ter\u00e7a-feira da semana passada, dia 27.<\/p>\n<p>Um dia ap\u00f3s fingir que n\u00e3o fez parte nem apoiou o conjunto da obra do governo Temer, Renan se antecipou ao expurgo e entregou a lideran\u00e7a do PMDB no Senado. Mas n\u00e3o entregou os cargos que mantinha em \u00f3rg\u00e3os federais em Alagoas e em Bras\u00edlia.<\/p>\n<p><strong>FILA ANDANDO<\/strong><\/p>\n<p>Segundo um integrante do Pal\u00e1cio do Planalto, \u201ccom certeza, haver\u00e1 mais exonera\u00e7\u00f5es de indicados de Renan\u201d. Mas \u00e9 poss\u00edvel que Luiz Ot\u00e1vio Campos, ex-senador paraense investigado na Opera\u00e7\u00e3o Leviat\u00e3, resista no cargo de secret\u00e1rio de Portos da pasta de Quintella, porque sua indica\u00e7\u00e3o foi feita conjuntamente por Renan e pelo senador Jader Barbalho (PMDB\/PA).<\/p>\n<p>Mas, entre outras indica\u00e7\u00f5es de Renan na mira de Temer est\u00e3o Elizeu Jos\u00e9 R\u00eago, superintendente da Companhia Nacional de Abastecimento em Alagoas (Conab); Edgar Barros dos Santos, gerente executivo do INSS em Alagoas; M\u00e1rio Alo\u00edsio Barreto Melo, superintendente do Iphan em Alagoas; e C\u00edcero Vladimir de Abreu Cavalcanti, diretor-presidente da Eletrobras Alagoas, este \u00faltimo um t\u00e9cnico e funcion\u00e1rio de carreira, que obteve o aval de Renan para permanecer no cargo.<\/p>\n<p>Logo que estiver sem cargos, Renan ter\u00e1 o desafio de provar a si mesmo que se sustenta politicamente sem o fisiologismo sobre o qual ergueu sua carreira pol\u00edtica, hoje decadente. Mesmo antecipando a campanha de 2018, Renan n\u00e3o tem condi\u00e7\u00f5es de se reeleger, no atual cen\u00e1rio em que \u00e9 r\u00e9u acusado de crime de peculato e multinvestigado pela Opera\u00e7\u00e3o Lava jato, no Supremo Tribunal Federal (STF). Sem o cargo de l\u00edder do PMDB no Senado<\/p>\n<\/div>\n<\/div>\n","protected":false},"excerpt":{"rendered":"<p>MICHEL TEMER FINALMENTE COMBATER\u00c1 JOGO DUPLO DO SENADOR RENAN, RETIRANDO-LHE OS ESPA\u00c7OS NO GOVERNO O presidente Michel Temer (PMDB) come\u00e7ou a exonerar os indicados do senador Renan Calheiros (PMDB-AL) em cargos de seu governo. A rea\u00e7\u00e3o demonstra que o presidente cansou de aturar o jogo duplo do senador alagoano, que acusou o governo de \u201cfazer de conta que governa\u201d, enquanto mantinha afilhados pol\u00edticos em cargos estrat\u00e9gicos. Na sexta-feira (30), o Di\u00e1rio Oficial da Uni\u00e3o trouxe a primeira exonera\u00e7\u00e3o, de Rossevelt Patriota Cota, da Superintend\u00eancia Regional do Departamento Nacional de Infraestrutura de Transportes no Estado de Alagoas (DNIT\/AL).Temer come\u00e7ou o expurgo dos afilhados de Renan justamente no \u00f3rg\u00e3o em que Renan media for\u00e7as com o seu advers\u00e1rio pol\u00edtico, Maur\u00edcio Quintella Lessa&hellip; <\/p>\n","protected":false},"author":1,"featured_media":152068,"comment_status":"open","ping_status":"open","sticky":false,"template":"","format":"standard","meta":{"_acf_changed":false,"footnotes":""},"categories":[1],"tags":[],"class_list":["post-170784","post","type-post","status-publish","format-standard","has-post-thumbnail","hentry","category-politica"],"acf":[],"yoast_head":"<!-- This site is optimized with the Yoast SEO plugin v27.4 - https:\/\/yoast.com\/product\/yoast-seo-wordpress\/ -->\n<title>TEMER COME\u00c7A A DEMITIR AFILHADOS QUE RENAN MANT\u00c9M NO GOVERNO - Blog do Farn\u00e9sio<\/title>\n<meta name=\"robots\" content=\"index, follow, max-snippet:-1, max-image-preview:large, max-video-preview:-1\" \/>\n<link rel=\"canonical\" href=\"https:\/\/blogdofarnesio.com.br\/?p=170784\" \/>\n<meta property=\"og:locale\" content=\"pt_BR\" \/>\n<meta property=\"og:type\" content=\"article\" \/>\n<meta property=\"og:title\" content=\"TEMER COME\u00c7A A DEMITIR AFILHADOS QUE RENAN MANT\u00c9M NO GOVERNO - Blog do Farn\u00e9sio\" \/>\n<meta property=\"og:description\" content=\"MICHEL TEMER FINALMENTE COMBATER\u00c1 JOGO DUPLO DO SENADOR RENAN, RETIRANDO-LHE OS ESPA\u00c7OS NO GOVERNO O presidente Michel Temer (PMDB) come\u00e7ou a exonerar os indicados do senador Renan Calheiros (PMDB-AL) em cargos de seu governo. A rea\u00e7\u00e3o demonstra que o presidente cansou de aturar o jogo duplo do senador alagoano, que acusou o governo de \u201cfazer de conta que governa\u201d, enquanto mantinha afilhados pol\u00edticos em cargos estrat\u00e9gicos. Na sexta-feira (30), o Di\u00e1rio Oficial da Uni\u00e3o trouxe a primeira exonera\u00e7\u00e3o, de Rossevelt Patriota Cota, da Superintend\u00eancia Regional do Departamento Nacional de Infraestrutura de Transportes no Estado de Alagoas (DNIT\/AL).Temer come\u00e7ou o expurgo dos afilhados de Renan justamente no \u00f3rg\u00e3o em que Renan media for\u00e7as com o seu advers\u00e1rio pol\u00edtico, Maur\u00edcio Quintella Lessa&hellip;\" \/>\n<meta property=\"og:url\" content=\"https:\/\/blogdofarnesio.com.br\/?p=170784\" \/>\n<meta property=\"og:site_name\" content=\"Blog do Farn\u00e9sio\" \/>\n<meta property=\"article:publisher\" content=\"https:\/\/www.facebook.com\/BlogQuerSaberPolitica\/\" \/>\n<meta property=\"article:published_time\" content=\"2017-07-04T20:33:05+00:00\" \/>\n<meta property=\"og:image\" content=\"https:\/\/blogdofarnesio.com.br\/wp-content\/uploads\/2016\/12\/blogqsp-renam.jpg\" \/>\n\t<meta property=\"og:image:width\" content=\"570\" \/>\n\t<meta property=\"og:image:height\" content=\"238\" \/>\n\t<meta property=\"og:image:type\" content=\"image\/jpeg\" \/>\n<meta name=\"author\" content=\"Farn\u00e9sio\" \/>\n<meta name=\"twitter:card\" content=\"summary_large_image\" \/>\n<meta name=\"twitter:label1\" content=\"Escrito por\" \/>\n\t<meta name=\"twitter:data1\" content=\"Farn\u00e9sio\" \/>\n\t<meta name=\"twitter:label2\" content=\"Est. tempo de leitura\" \/>\n\t<meta name=\"twitter:data2\" content=\"3 minutos\" \/>\n<script type=\"application\/ld+json\" class=\"yoast-schema-graph\">{\"@context\":\"https:\\\/\\\/schema.org\",\"@graph\":[{\"@type\":\"Article\",\"@id\":\"https:\\\/\\\/blogdofarnesio.com.br\\\/?p=170784#article\",\"isPartOf\":{\"@id\":\"https:\\\/\\\/blogdofarnesio.com.br\\\/?p=170784\"},\"author\":{\"name\":\"Farn\u00e9sio\",\"@id\":\"https:\\\/\\\/blogdofarnesio.com.br\\\/#\\\/schema\\\/person\\\/301c4acf522bccbfdb45af95b5b906a1\"},\"headline\":\"TEMER COME\u00c7A A DEMITIR AFILHADOS QUE RENAN MANT\u00c9M NO GOVERNO\",\"datePublished\":\"2017-07-04T20:33:05+00:00\",\"mainEntityOfPage\":{\"@id\":\"https:\\\/\\\/blogdofarnesio.com.br\\\/?p=170784\"},\"wordCount\":613,\"commentCount\":0,\"publisher\":{\"@id\":\"https:\\\/\\\/blogdofarnesio.com.br\\\/#organization\"},\"image\":{\"@id\":\"https:\\\/\\\/blogdofarnesio.com.br\\\/?p=170784#primaryimage\"},\"thumbnailUrl\":\"https:\\\/\\\/blogdofarnesio.com.br\\\/wp-content\\\/uploads\\\/2016\\\/12\\\/blogqsp-renam.jpg\",\"articleSection\":[\"Pol\u00edtica\"],\"inLanguage\":\"pt-BR\",\"potentialAction\":[{\"@type\":\"CommentAction\",\"name\":\"Comment\",\"target\":[\"https:\\\/\\\/blogdofarnesio.com.br\\\/?p=170784#respond\"]}]},{\"@type\":\"WebPage\",\"@id\":\"https:\\\/\\\/blogdofarnesio.com.br\\\/?p=170784\",\"url\":\"https:\\\/\\\/blogdofarnesio.com.br\\\/?p=170784\",\"name\":\"TEMER COME\u00c7A A DEMITIR AFILHADOS QUE RENAN MANT\u00c9M NO GOVERNO - Blog do Farn\u00e9sio\",\"isPartOf\":{\"@id\":\"https:\\\/\\\/blogdofarnesio.com.br\\\/#website\"},\"primaryImageOfPage\":{\"@id\":\"https:\\\/\\\/blogdofarnesio.com.br\\\/?p=170784#primaryimage\"},\"image\":{\"@id\":\"https:\\\/\\\/blogdofarnesio.com.br\\\/?p=170784#primaryimage\"},\"thumbnailUrl\":\"https:\\\/\\\/blogdofarnesio.com.br\\\/wp-content\\\/uploads\\\/2016\\\/12\\\/blogqsp-renam.jpg\",\"datePublished\":\"2017-07-04T20:33:05+00:00\",\"breadcrumb\":{\"@id\":\"https:\\\/\\\/blogdofarnesio.com.br\\\/?p=170784#breadcrumb\"},\"inLanguage\":\"pt-BR\",\"potentialAction\":[{\"@type\":\"ReadAction\",\"target\":[\"https:\\\/\\\/blogdofarnesio.com.br\\\/?p=170784\"]}]},{\"@type\":\"ImageObject\",\"inLanguage\":\"pt-BR\",\"@id\":\"https:\\\/\\\/blogdofarnesio.com.br\\\/?p=170784#primaryimage\",\"url\":\"https:\\\/\\\/blogdofarnesio.com.br\\\/wp-content\\\/uploads\\\/2016\\\/12\\\/blogqsp-renam.jpg\",\"contentUrl\":\"https:\\\/\\\/blogdofarnesio.com.br\\\/wp-content\\\/uploads\\\/2016\\\/12\\\/blogqsp-renam.jpg\",\"width\":570,\"height\":238},{\"@type\":\"BreadcrumbList\",\"@id\":\"https:\\\/\\\/blogdofarnesio.com.br\\\/?p=170784#breadcrumb\",\"itemListElement\":[{\"@type\":\"ListItem\",\"position\":1,\"name\":\"In\u00edcio\",\"item\":\"https:\\\/\\\/blogdofarnesio.com.br\\\/\"},{\"@type\":\"ListItem\",\"position\":2,\"name\":\"TEMER COME\u00c7A A DEMITIR AFILHADOS QUE RENAN MANT\u00c9M NO GOVERNO\"}]},{\"@type\":\"WebSite\",\"@id\":\"https:\\\/\\\/blogdofarnesio.com.br\\\/#website\",\"url\":\"https:\\\/\\\/blogdofarnesio.com.br\\\/\",\"name\":\"Blog do Farn\u00e9sio\",\"description\":\"Quer Saber Pol\u00edtica?\",\"publisher\":{\"@id\":\"https:\\\/\\\/blogdofarnesio.com.br\\\/#organization\"},\"potentialAction\":[{\"@type\":\"SearchAction\",\"target\":{\"@type\":\"EntryPoint\",\"urlTemplate\":\"https:\\\/\\\/blogdofarnesio.com.br\\\/?s={search_term_string}\"},\"query-input\":{\"@type\":\"PropertyValueSpecification\",\"valueRequired\":true,\"valueName\":\"search_term_string\"}}],\"inLanguage\":\"pt-BR\"},{\"@type\":\"Organization\",\"@id\":\"https:\\\/\\\/blogdofarnesio.com.br\\\/#organization\",\"name\":\"Blog do Farn\u00e9sio\",\"url\":\"https:\\\/\\\/blogdofarnesio.com.br\\\/\",\"logo\":{\"@type\":\"ImageObject\",\"inLanguage\":\"pt-BR\",\"@id\":\"https:\\\/\\\/blogdofarnesio.com.br\\\/#\\\/schema\\\/logo\\\/image\\\/\",\"url\":\"https:\\\/\\\/blogdofarnesio.com.br\\\/wp-content\\\/uploads\\\/2026\\\/03\\\/cropped-logo_new-1.png\",\"contentUrl\":\"https:\\\/\\\/blogdofarnesio.com.br\\\/wp-content\\\/uploads\\\/2026\\\/03\\\/cropped-logo_new-1.png\",\"width\":881,\"height\":685,\"caption\":\"Blog do Farn\u00e9sio\"},\"image\":{\"@id\":\"https:\\\/\\\/blogdofarnesio.com.br\\\/#\\\/schema\\\/logo\\\/image\\\/\"},\"sameAs\":[\"https:\\\/\\\/www.facebook.com\\\/BlogQuerSaberPolitica\\\/\"]},{\"@type\":\"Person\",\"@id\":\"https:\\\/\\\/blogdofarnesio.com.br\\\/#\\\/schema\\\/person\\\/301c4acf522bccbfdb45af95b5b906a1\",\"name\":\"Farn\u00e9sio\",\"image\":{\"@type\":\"ImageObject\",\"inLanguage\":\"pt-BR\",\"@id\":\"https:\\\/\\\/secure.gravatar.com\\\/avatar\\\/df0c9a14567c056f8ad6876ba5bbd1e3e2c48023eb6807342fc4663adf549f38?s=96&d=mm&r=g\",\"url\":\"https:\\\/\\\/secure.gravatar.com\\\/avatar\\\/df0c9a14567c056f8ad6876ba5bbd1e3e2c48023eb6807342fc4663adf549f38?s=96&d=mm&r=g\",\"contentUrl\":\"https:\\\/\\\/secure.gravatar.com\\\/avatar\\\/df0c9a14567c056f8ad6876ba5bbd1e3e2c48023eb6807342fc4663adf549f38?s=96&d=mm&r=g\",\"caption\":\"Farn\u00e9sio\"},\"sameAs\":[\"https:\\\/\\\/quersaberpolitica.com.br\"],\"url\":\"https:\\\/\\\/blogdofarnesio.com.br\\\/?author=1\"}]}<\/script>\n<!-- \/ Yoast SEO plugin. -->","yoast_head_json":{"title":"TEMER COME\u00c7A A DEMITIR AFILHADOS QUE RENAN MANT\u00c9M NO GOVERNO - Blog do Farn\u00e9sio","robots":{"index":"index","follow":"follow","max-snippet":"max-snippet:-1","max-image-preview":"max-image-preview:large","max-video-preview":"max-video-preview:-1"},"canonical":"https:\/\/blogdofarnesio.com.br\/?p=170784","og_locale":"pt_BR","og_type":"article","og_title":"TEMER COME\u00c7A A DEMITIR AFILHADOS QUE RENAN MANT\u00c9M NO GOVERNO - Blog do Farn\u00e9sio","og_description":"MICHEL TEMER FINALMENTE COMBATER\u00c1 JOGO DUPLO DO SENADOR RENAN, RETIRANDO-LHE OS ESPA\u00c7OS NO GOVERNO O presidente Michel Temer (PMDB) come\u00e7ou a exonerar os indicados do senador Renan Calheiros (PMDB-AL) em cargos de seu governo. A rea\u00e7\u00e3o demonstra que o presidente cansou de aturar o jogo duplo do senador alagoano, que acusou o governo de \u201cfazer de conta que governa\u201d, enquanto mantinha afilhados pol\u00edticos em cargos estrat\u00e9gicos. Na sexta-feira (30), o Di\u00e1rio Oficial da Uni\u00e3o trouxe a primeira exonera\u00e7\u00e3o, de Rossevelt Patriota Cota, da Superintend\u00eancia Regional do Departamento Nacional de Infraestrutura de Transportes no Estado de Alagoas (DNIT\/AL).Temer come\u00e7ou o expurgo dos afilhados de Renan justamente no \u00f3rg\u00e3o em que Renan media for\u00e7as com o seu advers\u00e1rio pol\u00edtico, Maur\u00edcio Quintella Lessa&hellip;","og_url":"https:\/\/blogdofarnesio.com.br\/?p=170784","og_site_name":"Blog do Farn\u00e9sio","article_publisher":"https:\/\/www.facebook.com\/BlogQuerSaberPolitica\/","article_published_time":"2017-07-04T20:33:05+00:00","og_image":[{"width":570,"height":238,"url":"https:\/\/blogdofarnesio.com.br\/wp-content\/uploads\/2016\/12\/blogqsp-renam.jpg","type":"image\/jpeg"}],"author":"Farn\u00e9sio","twitter_card":"summary_large_image","twitter_misc":{"Escrito por":"Farn\u00e9sio","Est. tempo de leitura":"3 minutos"},"schema":{"@context":"https:\/\/schema.org","@graph":[{"@type":"Article","@id":"https:\/\/blogdofarnesio.com.br\/?p=170784#article","isPartOf":{"@id":"https:\/\/blogdofarnesio.com.br\/?p=170784"},"author":{"name":"Farn\u00e9sio","@id":"https:\/\/blogdofarnesio.com.br\/#\/schema\/person\/301c4acf522bccbfdb45af95b5b906a1"},"headline":"TEMER COME\u00c7A A DEMITIR AFILHADOS QUE RENAN MANT\u00c9M NO GOVERNO","datePublished":"2017-07-04T20:33:05+00:00","mainEntityOfPage":{"@id":"https:\/\/blogdofarnesio.com.br\/?p=170784"},"wordCount":613,"commentCount":0,"publisher":{"@id":"https:\/\/blogdofarnesio.com.br\/#organization"},"image":{"@id":"https:\/\/blogdofarnesio.com.br\/?p=170784#primaryimage"},"thumbnailUrl":"https:\/\/blogdofarnesio.com.br\/wp-content\/uploads\/2016\/12\/blogqsp-renam.jpg","articleSection":["Pol\u00edtica"],"inLanguage":"pt-BR","potentialAction":[{"@type":"CommentAction","name":"Comment","target":["https:\/\/blogdofarnesio.com.br\/?p=170784#respond"]}]},{"@type":"WebPage","@id":"https:\/\/blogdofarnesio.com.br\/?p=170784","url":"https:\/\/blogdofarnesio.com.br\/?p=170784","name":"TEMER COME\u00c7A A DEMITIR AFILHADOS QUE RENAN MANT\u00c9M NO GOVERNO - Blog do Farn\u00e9sio","isPartOf":{"@id":"https:\/\/blogdofarnesio.com.br\/#website"},"primaryImageOfPage":{"@id":"https:\/\/blogdofarnesio.com.br\/?p=170784#primaryimage"},"image":{"@id":"https:\/\/blogdofarnesio.com.br\/?p=170784#primaryimage"},"thumbnailUrl":"https:\/\/blogdofarnesio.com.br\/wp-content\/uploads\/2016\/12\/blogqsp-renam.jpg","datePublished":"2017-07-04T20:33:05+00:00","breadcrumb":{"@id":"https:\/\/blogdofarnesio.com.br\/?p=170784#breadcrumb"},"inLanguage":"pt-BR","potentialAction":[{"@type":"ReadAction","target":["https:\/\/blogdofarnesio.com.br\/?p=170784"]}]},{"@type":"ImageObject","inLanguage":"pt-BR","@id":"https:\/\/blogdofarnesio.com.br\/?p=170784#primaryimage","url":"https:\/\/blogdofarnesio.com.br\/wp-content\/uploads\/2016\/12\/blogqsp-renam.jpg","contentUrl":"https:\/\/blogdofarnesio.com.br\/wp-content\/uploads\/2016\/12\/blogqsp-renam.jpg","width":570,"height":238},{"@type":"BreadcrumbList","@id":"https:\/\/blogdofarnesio.com.br\/?p=170784#breadcrumb","itemListElement":[{"@type":"ListItem","position":1,"name":"In\u00edcio","item":"https:\/\/blogdofarnesio.com.br\/"},{"@type":"ListItem","position":2,"name":"TEMER COME\u00c7A A DEMITIR AFILHADOS QUE RENAN MANT\u00c9M NO GOVERNO"}]},{"@type":"WebSite","@id":"https:\/\/blogdofarnesio.com.br\/#website","url":"https:\/\/blogdofarnesio.com.br\/","name":"Blog do Farn\u00e9sio","description":"Quer Saber Pol\u00edtica?","publisher":{"@id":"https:\/\/blogdofarnesio.com.br\/#organization"},"potentialAction":[{"@type":"SearchAction","target":{"@type":"EntryPoint","urlTemplate":"https:\/\/blogdofarnesio.com.br\/?s={search_term_string}"},"query-input":{"@type":"PropertyValueSpecification","valueRequired":true,"valueName":"search_term_string"}}],"inLanguage":"pt-BR"},{"@type":"Organization","@id":"https:\/\/blogdofarnesio.com.br\/#organization","name":"Blog do Farn\u00e9sio","url":"https:\/\/blogdofarnesio.com.br\/","logo":{"@type":"ImageObject","inLanguage":"pt-BR","@id":"https:\/\/blogdofarnesio.com.br\/#\/schema\/logo\/image\/","url":"https:\/\/blogdofarnesio.com.br\/wp-content\/uploads\/2026\/03\/cropped-logo_new-1.png","contentUrl":"https:\/\/blogdofarnesio.com.br\/wp-content\/uploads\/2026\/03\/cropped-logo_new-1.png","width":881,"height":685,"caption":"Blog do Farn\u00e9sio"},"image":{"@id":"https:\/\/blogdofarnesio.com.br\/#\/schema\/logo\/image\/"},"sameAs":["https:\/\/www.facebook.com\/BlogQuerSaberPolitica\/"]},{"@type":"Person","@id":"https:\/\/blogdofarnesio.com.br\/#\/schema\/person\/301c4acf522bccbfdb45af95b5b906a1","name":"Farn\u00e9sio","image":{"@type":"ImageObject","inLanguage":"pt-BR","@id":"https:\/\/secure.gravatar.com\/avatar\/df0c9a14567c056f8ad6876ba5bbd1e3e2c48023eb6807342fc4663adf549f38?s=96&d=mm&r=g","url":"https:\/\/secure.gravatar.com\/avatar\/df0c9a14567c056f8ad6876ba5bbd1e3e2c48023eb6807342fc4663adf549f38?s=96&d=mm&r=g","contentUrl":"https:\/\/secure.gravatar.com\/avatar\/df0c9a14567c056f8ad6876ba5bbd1e3e2c48023eb6807342fc4663adf549f38?s=96&d=mm&r=g","caption":"Farn\u00e9sio"},"sameAs":["https:\/\/quersaberpolitica.com.br"],"url":"https:\/\/blogdofarnesio.com.br\/?author=1"}]}},"_links":{"self":[{"href":"https:\/\/blogdofarnesio.com.br\/index.php?rest_route=\/wp\/v2\/posts\/170784","targetHints":{"allow":["GET"]}}],"collection":[{"href":"https:\/\/blogdofarnesio.com.br\/index.php?rest_route=\/wp\/v2\/posts"}],"about":[{"href":"https:\/\/blogdofarnesio.com.br\/index.php?rest_route=\/wp\/v2\/types\/post"}],"author":[{"embeddable":true,"href":"https:\/\/blogdofarnesio.com.br\/index.php?rest_route=\/wp\/v2\/users\/1"}],"replies":[{"embeddable":true,"href":"https:\/\/blogdofarnesio.com.br\/index.php?rest_route=%2Fwp%2Fv2%2Fcomments&post=170784"}],"version-history":[{"count":0,"href":"https:\/\/blogdofarnesio.com.br\/index.php?rest_route=\/wp\/v2\/posts\/170784\/revisions"}],"wp:featuredmedia":[{"embeddable":true,"href":"https:\/\/blogdofarnesio.com.br\/index.php?rest_route=\/wp\/v2\/media\/152068"}],"wp:attachment":[{"href":"https:\/\/blogdofarnesio.com.br\/index.php?rest_route=%2Fwp%2Fv2%2Fmedia&parent=170784"}],"wp:term":[{"taxonomy":"category","embeddable":true,"href":"https:\/\/blogdofarnesio.com.br\/index.php?rest_route=%2Fwp%2Fv2%2Fcategories&post=170784"},{"taxonomy":"post_tag","embeddable":true,"href":"https:\/\/blogdofarnesio.com.br\/index.php?rest_route=%2Fwp%2Fv2%2Ftags&post=170784"}],"curies":[{"name":"wp","href":"https:\/\/api.w.org\/{rel}","templated":true}]}}